{"id":15598,"date":"2023-12-13T23:16:37","date_gmt":"2023-12-14T02:16:37","guid":{"rendered":"https:\/\/noticiasribeiraopreto.com.br\/index.php\/2023\/12\/13\/xeque-mate-da-chevrolet-onix-extinto-e-monza-triunfante-a-jogada-que-deixou-a-volkswagen-sem-resposta\/"},"modified":"2023-12-13T23:16:37","modified_gmt":"2023-12-14T02:16:37","slug":"xeque-mate-da-chevrolet-onix-extinto-e-monza-triunfante-a-jogada-que-deixou-a-volkswagen-sem-resposta","status":"publish","type":"post","link":"https:\/\/noticiasribeiraopreto.com.br\/index.php\/2023\/12\/13\/xeque-mate-da-chevrolet-onix-extinto-e-monza-triunfante-a-jogada-que-deixou-a-volkswagen-sem-resposta\/","title":{"rendered":"Xeque-mate da Chevrolet: \u00d4nix extinto e Monza triunfante, a jogada que deixou a Volkswagen sem resposta!\u00a0"},"content":{"rendered":"<div class='code-block code-block-1' style='margin: 8px 0 8px auto; text-align: right; display: block; clear: both;'>\n<p><a href=\"https:\/\/wa.link\/vpicfd\"><img data-recalc-dims=\"1\" class=\"wp-image-4922\" style=\"aspect-ratio: 2.0253164556962027; width: 561px; height: auto;\" src=\"https:\/\/i0.wp.com\/ismaelcolosi.com.br\/wp-content\/uploads\/2023\/11\/grupo-de-empregos-whatsapp-e-facebook-ismael-colosi-vagas.jpg?ssl=1\" alt=\"\" \/><\/a><\/p>\n<!-- \/wp:image -->\n<\/div>\n<p> <br \/>\n<\/p>\n<div>\n<figure><picture><source srcset=\"https:\/\/clickpetroleoegas.com.br\/wp-content\/uploads\/2023\/12\/Sem-titulo-3-9-830x450.jpg.webp\" type=\"image\/webp\"><img data-recalc-dims=\"1\" loading=\"lazy\" width=\"830\" height=\"450\" src=\"https:\/\/i0.wp.com\/clickpetroleoegas.com.br\/wp-content\/uploads\/2023\/12\/Sem-titulo-3-9-830x450.jpg?resize=830%2C450&#038;ssl=1\" class=\"fdnw-post-thumbnail fdnw-first-card-thumbnail wp-post-image\" alt=\"Chevrolet, \u00f4nix, monza, Volkswagen\" decoding=\"async\" data-eio=\"p\"\/><\/source><\/picture><figcaption class=\"fdnw-image-caption\">Logo da Chevrolet e da Volkswagem- Foto Reprodu\u00e7\u00e3o Internet<\/figcaption><\/figure>\n<h2 class=\"wp-block-heading\" id=\"h-onix-extinto-retorno-do-monza-para-aniquilar-a-volkswagen-fazem-parte-do-planejamento-da-chevrolet-para-o-ano-de-2024\">\u00d4nix extinto retorno do Monza para aniquilar a Volkswagen fazem parte do planejamento da Chevrolet para o ano de 2024<\/h2>\n<p>A Chevrolet, gigante da ind\u00fastria automotiva, est\u00e1 causando uma reviravolta \u00e9pica com a extin\u00e7\u00e3o do \u00d4nix e o triunfal retorno do Monza. Essas duas viradas<a href=\"https:\/\/clickpetroleoegas.com.br\/halliburton-fecha-parceria-inedita-com-consorcio-libra-e-revoluciona-industria-de-oleo-e-gas-com-gemeo-digital-do-campo-de-mero\/\" target=\"_blank\" rel=\"noreferrer noopener\"><strong> ousadas<\/strong><\/a> t\u00eam como alvo aniquilar a Volkswagen e redefinir o cen\u00e1rio automotivo em um pa\u00eds estrat\u00e9gico, conforme o site O TV Foco.<\/p>\n<p>A not\u00edcia bomb\u00e1stica do desaparecimento do Chevrolet Onix Plus, l\u00edder de vendas na categoria de sed\u00e3s no Brasil, nas concession\u00e1rias chinesas surpreendeu a todos. Segundo o portal \u201cmobiauto\u201d, o modelo sumiu dos cat\u00e1logos da marca na China, indicando um desfecho inesperado para um ve\u00edculo que, em seu auge, alcan\u00e7ou vendas expressivas.<\/p>\n<p> <span class=\"fdnw-card-article-related\"> <span class=\"h4 fdnw-card-article-related-title\">Artigos recomendados<\/span> <\/span> <\/p>\n<p>O motivo? O mercado chin\u00eas n\u00e3o absorveu bem o motor tr\u00eas-cilindros, nascido no pr\u00f3prio pa\u00eds, apontando quest\u00f5es de ru\u00eddo elevado, vibra\u00e7\u00f5es excessivas e desafios com as vers\u00f5es autom\u00e1ticas. Este rev\u00e9s nas vendas, que chegaram a 10.000 carros por m\u00eas e 100.000 no ano, revelou a dif\u00edcil aceita\u00e7\u00e3o do modelo na China.<\/p>\n<h2 class=\"wp-block-heading\" id=\"h-o-triunfo-do-monza-chevrolet-resgatando-a-gloria\">O triunfo do Monza: Chevrolet resgatando a gl\u00f3ria<\/h2>\n<p>Enquanto o \u00d4nix enfrenta sua extin\u00e7\u00e3o no Oriente, surge um her\u00f3i ressurgido: o Monza. Especula\u00e7\u00f5es sugerem que o retorno triunfal do Monza pode ter sido um fator <a href=\"https:\/\/clickpetroleoegas.com.br\/santander-oferece-curso-de-capacitacao-100-ead-e-gratuito-para-pequenos-empreendedores\/\" target=\"_blank\" rel=\"noreferrer noopener\"><strong>significativo<\/strong><\/a> na retirada do \u00d4nix Plus do mercado chin\u00eas. O Monza, com seu legado de gl\u00f3ria, promete reacender a paix\u00e3o dos consumidores e desafiar a Volkswagen de maneira audaciosa.<\/p>\n<h2 class=\"wp-block-heading\" id=\"h-chevrolet-x-volkswagen-a-batalha-epica\">Chevrolet x Volkswagen: a batalha \u00e9pica<\/h2>\n<p>A rivalidade entre Chevrolet e Volkswagen \u00e9 uma das mais ic\u00f4nicas e duradouras na ind\u00fastria automotiva. Essas duas gigantes automotivas competem ferozmente em diversos mercados ao redor do mundo, apresentando uma hist\u00f3ria repleta de altos e baixos, inova\u00e7\u00f5es e estrat\u00e9gias ousadas.\u00a0 Ambas as montadoras t\u00eam ra\u00edzes que remontam a meados do s\u00e9culo XX. A Chevrolet, parte da General Motors, tem origens nos Estados Unidos, enquanto a Volkswagen, uma empresa alem\u00e3, \u00e9 conhecida por seu ic\u00f4nico Fusca e sua abordagem inovadora no p\u00f3s-Segunda Guerra Mundial.<\/p>\n<p>Chevrolet e Volkswagen frequentemente disputam a lideran\u00e7a em v\u00e1rios segmentos e mercados. Ambas t\u00eam uma<a href=\"https:\/\/clickpetroleoegas.com.br\/gigante-dos-mares-maior-transportadora-de-carros-do-mundo-movida-a-gnl-recebe-sinal-verde-para-ser-construida\/\" target=\"_blank\" rel=\"noreferrer noopener\"><strong> presen\u00e7a <\/strong><\/a>global substancial e uma ampla gama de modelos, desde ve\u00edculos compactos at\u00e9 caminhonetes robustas e SUVs de luxo.<\/p>\n<p>Com isso, a batalha \u00e9pica entre a Chevrolet e a Volkswagen atinge um novo patamar. Com o \u00d4nix fora de cena e o Monza retornando com for\u00e7a total, a Chevrolet busca n\u00e3o apenas liderar as vendas, mas tamb\u00e9m aniquilar a concorr\u00eancia. Essas duas viradas ousadas est\u00e3o destinadas a redefinir o jogo no competitivo mercado automotivo.<\/p>\n<div class=\"code-block code-block-10\" style=\"margin: 8px auto; text-align: center; display: block; clear: both;\">\n<hr class=\"wp-block-separator has-alpha-channel-opacity is-style-wide\"\/>\n<p>Voc\u00ea quer receber apenas not\u00edcias e vagas de emprego do seu interesse? A solu\u00e7\u00e3o chegou atrav\u00e9s do app <a href=\"https:\/\/play.google.com\/store\/apps\/details?id=com.clickpetroleoapp&amp;hl=pt&amp;gl=US\" class=\"external\" rel=\"nofollow noopener\" target=\"_blank\"><strong>CPG VAGAS E NOT\u00cdCIAS!<\/strong><\/a> Se voc\u00ea \u00e9 pintor, vai receber no seu celular apenas oportunidades neste cargo. E ser\u00e1 assim com pedreiro, t\u00e9cnico, engenheiro e etc\u2026.. N\u00e3o perca nada do que acontece no mercado de trabalho e econ\u00f4mico do Brasil, baixe agora o app <a href=\"https:\/\/play.google.com\/store\/apps\/details?id=com.clickpetroleoapp&amp;hl=pt&amp;gl=US\" class=\"external\" rel=\"nofollow noopener\" target=\"_blank\">CPG VAGAS E NOT\u00cdCIAS, dispon\u00edvel para Android e IOS!<\/a><\/p>\n<figure class=\"wp-block-image aligncenter size-full\"><a href=\"https:\/\/play.google.com\/store\/apps\/details?id=com.clickpetroleoapp&amp;hl=pt&amp;gl=US\" target=\"_blank\" rel=\"noreferrer noopener nofollow\" class=\"external\"><img data-recalc-dims=\"1\" decoding=\"async\" width=\"1280\" height=\"387\" alt=\"APP CPG VAGAS E NOT\u00cdCIAS\" class=\"wp-image-105306 ewww_webp_lazy_load lazy\" src=\"https:\/\/i0.wp.com\/clickpetroleoegas.com.br\/wp-content\/uploads\/2023\/09\/Aplicativo-de-vagas-de-empregos-e-noticias-da-sua-regiao.jpg.webp?resize=1280%2C387&#038;ssl=1\" loading=\"lazy\"\/><noscript><img data-recalc-dims=\"1\" loading=\"lazy\" decoding=\"async\" width=\"1280\" height=\"387\" alt=\"APP CPG VAGAS E NOT\u00cdCIAS\" class=\"wp-image-105306 ewww_webp_lazy_load\" src=\"https:\/\/i0.wp.com\/clickpetroleoegas.com.br\/wp-content\/uploads\/2023\/09\/Aplicativo-de-vagas-de-empregos-e-noticias-da-sua-regiao.jpg.webp?resize=1280%2C387&#038;ssl=1\"\/><\/noscript><noscript><img data-recalc-dims=\"1\" loading=\"lazy\" decoding=\"async\" width=\"1280\" height=\"387\" src=\"https:\/\/i0.wp.com\/clickpetroleoegas.com.br\/wp-content\/uploads\/2023\/09\/Aplicativo-de-vagas-de-empregos-e-noticias-da-sua-regiao.jpg?resize=1280%2C387&#038;ssl=1\" alt=\"APP CPG VAGAS E NOT\u00cdCIAS\" class=\"wp-image-105306\"\/><\/noscript><\/a><\/figure>\n<\/p><\/div>\n<\/p><\/div>\n<p><script type=\"text\/plain\" data-service=\"facebook\" data-category=\"marketing\">\n!function(f,b,e,v,n,t,s)\n{if(f.fbq)return;n=f.fbq=function(){n.callMethod?\nn.callMethod.apply(n,arguments):n.queue.push(arguments)};\nif(!f._fbq)f._fbq=n;n.push=n;n.loaded=!0;n.version='2.0';\nn.queue=[];t=b.createElement(e);t.async=!0;\nt.src=v;s=b.getElementsByTagName(e)[0];\ns.parentNode.insertBefore(t,s)}(window, document,'script',\n'https:\/\/connect.facebook.net\/en_US\/fbevents.js');\nfbq('init', '5536651029690406');\nfbq('track', 'PageView');\n<\/script><script type=\"text\/plain\" data-service=\"facebook\" data-category=\"marketing\" async defer crossorigin=\"anonymous\" data-rocket-data-cmplz-src=\"https:\/\/connect.facebook.net\/en_US\/sdk.js#xfbml=1&#038;version=v12.0&amp;appId=1127332727839552&#038;autoLogAppEvents=1\">\n<\/script><br \/>\n<br \/><br \/>\n<br \/><a href=\"https:\/\/ismaelcolosi.com.br\/xeque-mate-da-chevrolet-onix-extinto-e-monza-triunfante-a-jogada-que-deixou-a-volkswagen-sem-resposta\/\">Source link <\/a><\/p>\n<!-- CONTENT END 1 -->\n","protected":false},"excerpt":{"rendered":"<p>Logo da Chevrolet e da Volkswagem- Foto Reprodu\u00e7\u00e3o Internet \u00d4nix extinto retorno do Monza para aniquilar a Volkswagen fazem parte do planejamento da Chevrolet para&#8230;<\/p>\n","protected":false},"author":1,"featured_media":15599,"comment_status":"open","ping_status":"open","sticky":false,"template":"","format":"standard","meta":{"advanced_seo_description":"","jetpack_seo_html_title":"","jetpack_seo_noindex":false,"jetpack_post_was_ever_published":false,"_jetpack_newsletter_access":"","_jetpack_dont_email_post_to_subs":false,"_jetpack_newsletter_tier_id":0,"_jetpack_memberships_contains_paywalled_content":false,"_jetpack_memberships_contains_paid_content":false,"footnotes":"","jetpack_publicize_message":"","jetpack_publicize_feature_enabled":true,"jetpack_social_post_already_shared":true,"jetpack_social_options":{"image_generator_settings":{"template":"highway","default_image_id":0,"font":"","enabled":false},"version":2}},"categories":[7],"tags":[],"class_list":["post-15598","post","type-post","status-publish","format-standard","has-post-thumbnail","hentry","category-vagas-de-empregos-em-ribeirao-preto-regiao-brasil"],"jetpack_publicize_connections":[],"jetpack_featured_media_url":"https:\/\/i0.wp.com\/noticiasribeiraopreto.com.br\/wp-content\/uploads\/2023\/12\/Sem-titulo-3-9-830x450.jpg?fit=830%2C450&ssl=1","jetpack-related-posts":[{"id":16952,"url":"https:\/\/noticiasribeiraopreto.com.br\/index.php\/2023\/12\/16\/seda-mais-vendido-do-brasil-continua-a-impressionar-veja-detalhes-do-chevrolet-onix-plus-2024\/","url_meta":{"origin":15598,"position":0},"title":"Sed\u00e3 mais vendido do Brasil continua a impressionar, veja detalhes do Chevrolet Onix Plus 2024","author":"noticiasribeiraopreto.com.br","date":"16 de December de 2023","format":false,"excerpt":"Foto: Divulga\u00e7\u00e3o\/ Chevrolet O Chevrolet Onix Plus 2024 mant\u00e9m sua posi\u00e7\u00e3o como o sed\u00e3 mais vendido do Brasil, apresentando uma s\u00e9rie de caracter\u00edsticas que continuam a cativar o cora\u00e7\u00e3o dos consumidores. Apesar de algumas expectativas de mudan\u00e7as e melhorias, o modelo permanece fiel \u00e0s suas ra\u00edzes, oferecendo um pacote equilibrado\u2026","rel":"","context":"In &quot;Vagas de Emprego em Ribeir\u00e3o Preto-SP&quot;","block_context":{"text":"Vagas de Emprego em Ribeir\u00e3o Preto-SP","link":"https:\/\/noticiasribeiraopreto.com.br\/index.php\/category\/empregos-classificados-vagas-trabalho\/vagas-de-empregos-em-ribeirao-preto-regiao-brasil\/"},"img":{"alt_text":"","src":"https:\/\/i0.wp.com\/noticiasribeiraopreto.com.br\/wp-content\/uploads\/2023\/12\/Seda-mais-vendido-do-Brasil-continua-a-impressionar-veja-detalhes-do-Chevrolet-Onix-Plus-2024-830x450.jpg?fit=830%2C450&ssl=1&resize=350%2C200","width":350,"height":200,"srcset":"https:\/\/i0.wp.com\/noticiasribeiraopreto.com.br\/wp-content\/uploads\/2023\/12\/Seda-mais-vendido-do-Brasil-continua-a-impressionar-veja-detalhes-do-Chevrolet-Onix-Plus-2024-830x450.jpg?fit=830%2C450&ssl=1&resize=350%2C200 1x, https:\/\/i0.wp.com\/noticiasribeiraopreto.com.br\/wp-content\/uploads\/2023\/12\/Seda-mais-vendido-do-Brasil-continua-a-impressionar-veja-detalhes-do-Chevrolet-Onix-Plus-2024-830x450.jpg?fit=830%2C450&ssl=1&resize=525%2C300 1.5x, https:\/\/i0.wp.com\/noticiasribeiraopreto.com.br\/wp-content\/uploads\/2023\/12\/Seda-mais-vendido-do-Brasil-continua-a-impressionar-veja-detalhes-do-Chevrolet-Onix-Plus-2024-830x450.jpg?fit=830%2C450&ssl=1&resize=700%2C400 2x"},"classes":[]},{"id":31023,"url":"https:\/\/noticiasribeiraopreto.com.br\/index.php\/2024\/01\/20\/10-carros-novos-mais-vendidos-do-brasil-em-dezembro-de-2023-lista-10\/","url_meta":{"origin":15598,"position":1},"title":"10 carros novos mais vendidos do Brasil em dezembro de 2023 \u2013 Lista 10","author":"noticiasribeiraopreto.com.br","date":"20 de January de 2024","format":false,"excerpt":"\r \r 19 de janeiro de 2024 \r \r Carros \r \r \r 0\r J\u00e1 vamos dar um spoiler que foi um modelo da Volkswagen que liderou essa lista como o carro mais vendido. Confira agora os 10 carros novos mais vendidos do Brasil em dezembro de 2023.10. Chevrolet Onix\u2026","rel":"","context":"In &quot;Blog&quot;","block_context":{"text":"Blog","link":"https:\/\/noticiasribeiraopreto.com.br\/index.php\/category\/blog\/"},"img":{"alt_text":"","src":"https:\/\/i0.wp.com\/noticiasribeiraopreto.com.br\/wp-content\/uploads\/2024\/01\/tcross1_23122021_70179_1280_960.jpg?fit=1200%2C900&ssl=1&resize=350%2C200","width":350,"height":200,"srcset":"https:\/\/i0.wp.com\/noticiasribeiraopreto.com.br\/wp-content\/uploads\/2024\/01\/tcross1_23122021_70179_1280_960.jpg?fit=1200%2C900&ssl=1&resize=350%2C200 1x, https:\/\/i0.wp.com\/noticiasribeiraopreto.com.br\/wp-content\/uploads\/2024\/01\/tcross1_23122021_70179_1280_960.jpg?fit=1200%2C900&ssl=1&resize=525%2C300 1.5x, https:\/\/i0.wp.com\/noticiasribeiraopreto.com.br\/wp-content\/uploads\/2024\/01\/tcross1_23122021_70179_1280_960.jpg?fit=1200%2C900&ssl=1&resize=700%2C400 2x, https:\/\/i0.wp.com\/noticiasribeiraopreto.com.br\/wp-content\/uploads\/2024\/01\/tcross1_23122021_70179_1280_960.jpg?fit=1200%2C900&ssl=1&resize=1050%2C600 3x"},"classes":[]},{"id":54020,"url":"https:\/\/noticiasribeiraopreto.com.br\/index.php\/2024\/06\/27\/identificado-motorista-morto-ao-descer-de-picape-apos-acidente-em-rodovia-de-ribeirao\/","url_meta":{"origin":15598,"position":2},"title":"Identificado motorista morto ao descer de picape ap\u00f3s acidente em rodovia de Ribeir\u00e3o","author":"noticiasribeiraopreto.com.br","date":"27 de June de 2024","format":false,"excerpt":"A Pol\u00edcia Civil identificou o motorista morto ap\u00f3s descer do ve\u00edculo em um acidente de tr\u00e2nsito e ser atropelado na noite desta quarta-feira (26), na rodovia Jos\u00e9 Fregonesi (SP-328), que liga Ribeir\u00e3o Preto a Bonfim Paulista. Segundo o boletim de ocorr\u00eancia (BO), Luiz Arnaldo de Souza, de 54 anos, morreu\u2026","rel":"","context":"In &quot;Not\u00edcias de Ribeir\u00e3o Preto-SP e Regi\u00e3o&quot;","block_context":{"text":"Not\u00edcias de Ribeir\u00e3o Preto-SP e Regi\u00e3o","link":"https:\/\/noticiasribeiraopreto.com.br\/index.php\/category\/noticias-de-ribeirao-preto-sp-e-regiao-ismael-colosi\/"},"img":{"alt_text":"","src":"https:\/\/i0.wp.com\/noticiasribeiraopreto.com.br\/wp-content\/uploads\/2024\/06\/ACIDENTE_2024-06-27_11-55-18_jpg_2024-06-27_11-55-18.webp.webp?fit=1200%2C685&ssl=1&resize=350%2C200","width":350,"height":200,"srcset":"https:\/\/i0.wp.com\/noticiasribeiraopreto.com.br\/wp-content\/uploads\/2024\/06\/ACIDENTE_2024-06-27_11-55-18_jpg_2024-06-27_11-55-18.webp.webp?fit=1200%2C685&ssl=1&resize=350%2C200 1x, https:\/\/i0.wp.com\/noticiasribeiraopreto.com.br\/wp-content\/uploads\/2024\/06\/ACIDENTE_2024-06-27_11-55-18_jpg_2024-06-27_11-55-18.webp.webp?fit=1200%2C685&ssl=1&resize=525%2C300 1.5x, https:\/\/i0.wp.com\/noticiasribeiraopreto.com.br\/wp-content\/uploads\/2024\/06\/ACIDENTE_2024-06-27_11-55-18_jpg_2024-06-27_11-55-18.webp.webp?fit=1200%2C685&ssl=1&resize=700%2C400 2x, https:\/\/i0.wp.com\/noticiasribeiraopreto.com.br\/wp-content\/uploads\/2024\/06\/ACIDENTE_2024-06-27_11-55-18_jpg_2024-06-27_11-55-18.webp.webp?fit=1200%2C685&ssl=1&resize=1050%2C600 3x"},"classes":[]},{"id":75898,"url":"https:\/\/noticiasribeiraopreto.com.br\/index.php\/2025\/08\/18\/batida-entre-dois-carros-deixa-tres-mortos-na-regiao-de-ribeirao-preto\/","url_meta":{"origin":15598,"position":3},"title":"Batida entre dois carros deixa tr\u00eas mortos na regi\u00e3o de Ribeir\u00e3o Preto","author":"noticiasribeiraopreto.com.br","date":"18 de August de 2025","format":false,"excerpt":"Tr\u00eas pessoas morreram na tarde deste domingo (17), depois da batida entre dois carros na vicinal Professor Orlando Diniz Junqueira, entre Morro Agudo e Viradouro, na regi\u00e3o de Ribeir\u00e3o Preto. Segundo o boletim de ocorr\u00eancia (BO), as v\u00edtimas foram identificadas como Maria Vit\u00f3ria Ferrari Marques Nogueira, m\u00e9dica de 35 anos,\u2026","rel":"","context":"In &quot;Not\u00edcias de Ribeir\u00e3o Preto-SP e Regi\u00e3o&quot;","block_context":{"text":"Not\u00edcias de Ribeir\u00e3o Preto-SP e Regi\u00e3o","link":"https:\/\/noticiasribeiraopreto.com.br\/index.php\/category\/noticias-de-ribeirao-preto-sp-e-regiao-ismael-colosi\/"},"img":{"alt_text":"","src":"https:\/\/i0.wp.com\/noticiasribeiraopreto.com.br\/wp-content\/uploads\/2025\/08\/WhatsApp-Image-2025-08-18-at-06.55.23_2025-08-18_10-13-43.webp.webp?fit=1200%2C675&ssl=1&resize=350%2C200","width":350,"height":200,"srcset":"https:\/\/i0.wp.com\/noticiasribeiraopreto.com.br\/wp-content\/uploads\/2025\/08\/WhatsApp-Image-2025-08-18-at-06.55.23_2025-08-18_10-13-43.webp.webp?fit=1200%2C675&ssl=1&resize=350%2C200 1x, https:\/\/i0.wp.com\/noticiasribeiraopreto.com.br\/wp-content\/uploads\/2025\/08\/WhatsApp-Image-2025-08-18-at-06.55.23_2025-08-18_10-13-43.webp.webp?fit=1200%2C675&ssl=1&resize=525%2C300 1.5x, https:\/\/i0.wp.com\/noticiasribeiraopreto.com.br\/wp-content\/uploads\/2025\/08\/WhatsApp-Image-2025-08-18-at-06.55.23_2025-08-18_10-13-43.webp.webp?fit=1200%2C675&ssl=1&resize=700%2C400 2x, https:\/\/i0.wp.com\/noticiasribeiraopreto.com.br\/wp-content\/uploads\/2025\/08\/WhatsApp-Image-2025-08-18-at-06.55.23_2025-08-18_10-13-43.webp.webp?fit=1200%2C675&ssl=1&resize=1050%2C600 3x"},"classes":[]},{"id":33543,"url":"https:\/\/noticiasribeiraopreto.com.br\/index.php\/2024\/01\/29\/mulher-tem-suspeita-de-fratura-apos-acidente\/","url_meta":{"origin":15598,"position":4},"title":"Mulher tem suspeita de fratura ap\u00f3s acidente","author":"noticiasribeiraopreto.com.br","date":"29 de January de 2024","format":false,"excerpt":"V\u00edtima teria colidido com sua moto contra ve\u00edculo em cruzamento na zona Leste da cidade 29 de janeiro de 2024 | 12:18 2Por: Adalberto LuqueUma mulher foi socorrida com suspeita de fratura, ap\u00f3s sofrer um acidente, na manh\u00e3 desta segunda-feira (29). O acidente ocorreu no cruzamento da Rua Alice Al\u00e9m\u2026","rel":"","context":"In &quot;Not\u00edcias de Ribeir\u00e3o Preto-SP e Regi\u00e3o&quot;","block_context":{"text":"Not\u00edcias de Ribeir\u00e3o Preto-SP e Regi\u00e3o","link":"https:\/\/noticiasribeiraopreto.com.br\/index.php\/category\/noticias-de-ribeirao-preto-sp-e-regiao-ismael-colosi\/"},"img":{"alt_text":"","src":"https:\/\/i0.wp.com\/noticiasribeiraopreto.com.br\/wp-content\/uploads\/2024\/01\/00-29-jan-2024-acidente-ribeirania-01-foto-max-gallao-mesquita-scaled.jpg?fit=967%2C645&ssl=1&resize=350%2C200","width":350,"height":200,"srcset":"https:\/\/i0.wp.com\/noticiasribeiraopreto.com.br\/wp-content\/uploads\/2024\/01\/00-29-jan-2024-acidente-ribeirania-01-foto-max-gallao-mesquita-scaled.jpg?fit=967%2C645&ssl=1&resize=350%2C200 1x, https:\/\/i0.wp.com\/noticiasribeiraopreto.com.br\/wp-content\/uploads\/2024\/01\/00-29-jan-2024-acidente-ribeirania-01-foto-max-gallao-mesquita-scaled.jpg?fit=967%2C645&ssl=1&resize=525%2C300 1.5x, https:\/\/i0.wp.com\/noticiasribeiraopreto.com.br\/wp-content\/uploads\/2024\/01\/00-29-jan-2024-acidente-ribeirania-01-foto-max-gallao-mesquita-scaled.jpg?fit=967%2C645&ssl=1&resize=700%2C400 2x"},"classes":[]},{"id":75030,"url":"https:\/\/noticiasribeiraopreto.com.br\/index.php\/2025\/08\/01\/ladroes-roubam-carro-e-levam-perfumes-e-hidratantes-em-ribeirao-preto\/","url_meta":{"origin":15598,"position":5},"title":"Ladr\u00f5es roubam carro e levam perfumes e hidratantes em Ribeir\u00e3o Preto","author":"noticiasribeiraopreto.com.br","date":"1 de August de 2025","format":false,"excerpt":"Uma dupla de assaltantes levou o carro de uma vendedora de cosm\u00e9ticos em Ribeir\u00e3o Preto, na noite da \u00faltima quinta-feira (31). Al\u00e9m do ve\u00edculo, os criminosos levaram produtos como perfumes e hidratantes. O crime aconteceu na avenida Doutora Nadir Aguiar, na zona Oeste, por volta das 20h. Segundo o BO\u2026","rel":"","context":"In &quot;Not\u00edcias de Ribeir\u00e3o Preto-SP e Regi\u00e3o&quot;","block_context":{"text":"Not\u00edcias de Ribeir\u00e3o Preto-SP e Regi\u00e3o","link":"https:\/\/noticiasribeiraopreto.com.br\/index.php\/category\/noticias-de-ribeirao-preto-sp-e-regiao-ismael-colosi\/"},"img":{"alt_text":"","src":"https:\/\/i0.wp.com\/noticiasribeiraopreto.com.br\/wp-content\/uploads\/2025\/08\/AnyConv.com__Copia-de-Copia-de-TAMANHO-EXATO-PARA-FOTOS-NO-SISTEMA-NOVO_2024-05-20_14-50-54.webp.webp?fit=1200%2C675&ssl=1&resize=350%2C200","width":350,"height":200,"srcset":"https:\/\/i0.wp.com\/noticiasribeiraopreto.com.br\/wp-content\/uploads\/2025\/08\/AnyConv.com__Copia-de-Copia-de-TAMANHO-EXATO-PARA-FOTOS-NO-SISTEMA-NOVO_2024-05-20_14-50-54.webp.webp?fit=1200%2C675&ssl=1&resize=350%2C200 1x, https:\/\/i0.wp.com\/noticiasribeiraopreto.com.br\/wp-content\/uploads\/2025\/08\/AnyConv.com__Copia-de-Copia-de-TAMANHO-EXATO-PARA-FOTOS-NO-SISTEMA-NOVO_2024-05-20_14-50-54.webp.webp?fit=1200%2C675&ssl=1&resize=525%2C300 1.5x, https:\/\/i0.wp.com\/noticiasribeiraopreto.com.br\/wp-content\/uploads\/2025\/08\/AnyConv.com__Copia-de-Copia-de-TAMANHO-EXATO-PARA-FOTOS-NO-SISTEMA-NOVO_2024-05-20_14-50-54.webp.webp?fit=1200%2C675&ssl=1&resize=700%2C400 2x, https:\/\/i0.wp.com\/noticiasribeiraopreto.com.br\/wp-content\/uploads\/2025\/08\/AnyConv.com__Copia-de-Copia-de-TAMANHO-EXATO-PARA-FOTOS-NO-SISTEMA-NOVO_2024-05-20_14-50-54.webp.webp?fit=1200%2C675&ssl=1&resize=1050%2C600 3x"},"classes":[]}],"jetpack_sharing_enabled":true,"jetpack_shortlink":"https:\/\/wp.me\/peQAOb-43A","_links":{"self":[{"href":"https:\/\/noticiasribeiraopreto.com.br\/index.php\/wp-json\/wp\/v2\/posts\/15598","targetHints":{"allow":["GET"]}}],"collection":[{"href":"https:\/\/noticiasribeiraopreto.com.br\/index.php\/wp-json\/wp\/v2\/posts"}],"about":[{"href":"https:\/\/noticiasribeiraopreto.com.br\/index.php\/wp-json\/wp\/v2\/types\/post"}],"author":[{"embeddable":true,"href":"https:\/\/noticiasribeiraopreto.com.br\/index.php\/wp-json\/wp\/v2\/users\/1"}],"replies":[{"embeddable":true,"href":"https:\/\/noticiasribeiraopreto.com.br\/index.php\/wp-json\/wp\/v2\/comments?post=15598"}],"version-history":[{"count":0,"href":"https:\/\/noticiasribeiraopreto.com.br\/index.php\/wp-json\/wp\/v2\/posts\/15598\/revisions"}],"wp:featuredmedia":[{"embeddable":true,"href":"https:\/\/noticiasribeiraopreto.com.br\/index.php\/wp-json\/wp\/v2\/media\/15599"}],"wp:attachment":[{"href":"https:\/\/noticiasribeiraopreto.com.br\/index.php\/wp-json\/wp\/v2\/media?parent=15598"}],"wp:term":[{"taxonomy":"category","embeddable":true,"href":"https:\/\/noticiasribeiraopreto.com.br\/index.php\/wp-json\/wp\/v2\/categories?post=15598"},{"taxonomy":"post_tag","embeddable":true,"href":"https:\/\/noticiasribeiraopreto.com.br\/index.php\/wp-json\/wp\/v2\/tags?post=15598"}],"curies":[{"name":"wp","href":"https:\/\/api.w.org\/{rel}","templated":true}]}}