{"id":15602,"date":"2023-12-13T23:33:10","date_gmt":"2023-12-14T02:33:10","guid":{"rendered":"https:\/\/noticiasribeiraopreto.com.br\/index.php\/2023\/12\/13\/law-order-svu-vai-estrear-na-netflix-em-2024-meu-valor-digital\/"},"modified":"2023-12-13T23:33:10","modified_gmt":"2023-12-14T02:33:10","slug":"law-order-svu-vai-estrear-na-netflix-em-2024-meu-valor-digital","status":"publish","type":"post","link":"https:\/\/noticiasribeiraopreto.com.br\/index.php\/2023\/12\/13\/law-order-svu-vai-estrear-na-netflix-em-2024-meu-valor-digital\/","title":{"rendered":"Law &#038; Order &#8211; SVU vai estrear na Netflix em 2024 &#8211; Meu Valor Digital"},"content":{"rendered":"<div class='code-block code-block-1' style='margin: 8px 0 8px auto; text-align: right; display: block; clear: both;'>\n<p><a href=\"https:\/\/wa.link\/vpicfd\"><img data-recalc-dims=\"1\" class=\"wp-image-4922\" style=\"aspect-ratio: 2.0253164556962027; width: 561px; height: auto;\" src=\"https:\/\/i0.wp.com\/ismaelcolosi.com.br\/wp-content\/uploads\/2023\/11\/grupo-de-empregos-whatsapp-e-facebook-ismael-colosi-vagas.jpg?ssl=1\" alt=\"\" \/><\/a><\/p>\n<!-- \/wp:image -->\n<\/div>\n<p> <br \/>\n<\/p>\n<div>\n<p>Uma das s\u00e9ries de maior sucesso vai chegar ao <a href=\"https:\/\/meuvalordigital.com.br\/lancamento-4-k-dramas-chegam-na-netflix-a-partir-do-dia-20\/\" target=\"_blank\" rel=\"noreferrer noopener\">cat\u00e1logo da Netflix <\/a>em 2024. \u201cLaw &amp; Order: SVU\u201d. Ainda n\u00e3o foi revelado quantas temporadas estar\u00e3o dispon\u00edveis na plataforma.<\/p>\n<p>Os detetives que fazem parte da Unidade de V\u00edtimas Especiais (UVS) do Departamento de Pol\u00edcia de Nova York (NYPD) investigam crimes de natureza sexual. Enquanto o foco das outras s\u00e9ries do \u201cLaw &amp; Order\u201d lidam principalmente com casos de assassinato, os detetives da UVS cuidam mais de crimes como estupros, em que as v\u00edtimas sobrevivem e ajudam as autoridades na investiga\u00e7\u00e3o.\u00a0<\/p>\n<p>O elenco conta com grandes participa\u00e7\u00f5es como Mariska Hargitay, Richard Belzer, Dann Florek e o rapper Ice-T.<\/p>\n<p>Law &amp; Order \u2013 SVU foi Criada e produzida por Dick Wolf, e transmitida pela NBC, a s\u00e9rie estreou em 20 de Setembro de 1999 como o primeiro spin-off da bem-sucedida s\u00e9rie Law &amp; Order, tamb\u00e9m de Wolf. No Brasil, a s\u00e9rie \u00e9 exibida pelo canal pago Universal TV e TNT S\u00e9ries.<\/p>\n<p>Law &amp; Order: SVU \u00e9, originalmente, centrada quase exclusivamente em dois detetives da Unidade de V\u00edtimas Especiais de uma vers\u00e3o fict\u00edcia da 16\u00aa Delegacia de Pol\u00edcia do Departamento de Pol\u00edcia da Cidade de Nova York.\u00a0<\/p>\n<h2 class=\"wp-block-heading\" id=\"h-os-casos-sao-reais\">Os casos s\u00e3o reais?<\/h2>\n<p>Os epis\u00f3dios s\u00e3o frequentemente \u201ctirados das manchetes\u201d ou vagamente baseados em hist\u00f3rias reais que receberam aten\u00e7\u00e3o da m\u00eddia. At\u00e9 a 12\u00aa temporada a s\u00e9rie foi estrelada por Christopher Meloni como Detetive Elliot Stabler, detetive s\u00eanior da Unidade de V\u00edtimas Especiais de Manhattan, e Mariska Hargitay como sua parceira, a Tenente Olivia Benson.\u00a0<\/p>\n<p>Ao fim da 12\u00aa temporada, Meloni, que n\u00e3o aceitou os novos termos do contrato, abandonou a s\u00e9rie. A produ\u00e7\u00e3o anunciou, ent\u00e3o, que Mariska Hargitay seria a estrela principal do show.<\/p>\n<p>Maloni foi substitu\u00eddo por\u00a0 Danny Pino que ficou at\u00e9 a 14\u00aa temporada. Em seguida, o ator tamb\u00e9m deixou a s\u00e9rie. O ator Peter Scanavino foi contratado na 15\u00aa temporada, substituindo o ator Danny Pino.<\/p>\n<p>Leia tamb\u00e9m | <strong><a href=\"https:\/\/meuvalordigital.com.br\/marvel-transforma-serie-do-pantera-negra-em-animacao\/\" target=\"_blank\" rel=\"noreferrer noopener\">Marvel transforma s\u00e9rie do Pantera Negra em anima\u00e7\u00e3o<\/a><\/strong><\/p>\n<h2 class=\"wp-block-heading\" id=\"h-quantas-temporadas-tem-svu\">Quantas temporadas tem SVU?<\/h2>\n<p>Law &amp; Order \u2013 SVU j\u00e1 est\u00e1 na sua 25\u00aa temporada. Os epis\u00f3dios mais recentes est\u00e3o dispon\u00edveis no Globoplay. E em breve a s\u00e9rie entra no cat\u00e1logo da Netflix.\u00a0<\/p>\n<p>A cada epis\u00f3dio de Special Victims Unit come\u00e7a com uma narra\u00e7\u00e3o: \u201cNo sistema de justi\u00e7a criminal, crimes sexuais s\u00e3o considerados especialmente hediondos. Na cidade de Nova York, os dedicados detetives que investigam esses crimes s\u00e3o membros de um esquadr\u00e3o de elite, conhecido como Unidade de V\u00edtimas Especiais. Estas s\u00e3o suas hist\u00f3rias\u201d.<\/p>\n<\/div>\n<p><br \/>\n<br \/><a href=\"https:\/\/meuvalordigital.com.br\/law-order-svu-vai-estrear-na-netflix-em-2024\/\">Source link <\/a><\/p>\n<!-- CONTENT END 1 -->\n","protected":false},"excerpt":{"rendered":"<p>Uma das s\u00e9ries de maior sucesso vai chegar ao cat\u00e1logo da Netflix em 2024. \u201cLaw &amp; Order: SVU\u201d. Ainda n\u00e3o foi revelado quantas temporadas estar\u00e3o&#8230;<\/p>\n","protected":false},"author":1,"featured_media":15603,"comment_status":"open","ping_status":"open","sticky":false,"template":"","format":"standard","meta":{"advanced_seo_description":"","jetpack_seo_html_title":"","jetpack_seo_noindex":false,"jetpack_post_was_ever_published":false,"_jetpack_newsletter_access":"","_jetpack_dont_email_post_to_subs":false,"_jetpack_newsletter_tier_id":0,"_jetpack_memberships_contains_paywalled_content":false,"_jetpack_memberships_contains_paid_content":false,"footnotes":"","jetpack_publicize_message":"","jetpack_publicize_feature_enabled":true,"jetpack_social_post_already_shared":true,"jetpack_social_options":{"image_generator_settings":{"template":"highway","default_image_id":0,"font":"","enabled":false},"version":2}},"categories":[7],"tags":[],"class_list":["post-15602","post","type-post","status-publish","format-standard","has-post-thumbnail","hentry","category-vagas-de-empregos-em-ribeirao-preto-regiao-brasil"],"jetpack_publicize_connections":[],"jetpack_featured_media_url":"https:\/\/i0.wp.com\/noticiasribeiraopreto.com.br\/wp-content\/uploads\/2023\/12\/Law-Order-SVU-1.jpg?fit=1242%2C800&ssl=1","jetpack-related-posts":[{"id":27748,"url":"https:\/\/noticiasribeiraopreto.com.br\/index.php\/2024\/01\/13\/como-o-bilionario-dick-wolf-continua-fazendo-fortuna-com-a-tv-aberta\/","url_meta":{"origin":15602,"position":0},"title":"Como o bilion\u00e1rio Dick Wolf continua fazendo fortuna com a TV aberta?","author":"noticiasribeiraopreto.com.br","date":"13 de January de 2024","format":false,"excerpt":"Poucos em Hollywood est\u00e3o t\u00e3o comprometidos com o tradicional cronograma da TV aberta quanto Dick Wolf, que em um ano comum produz epis\u00f3dios suficientes de suas franquias Law & Order, Chicago e FBI para preencher completamente tr\u00eas noites no hor\u00e1rio nobre. Siga o canal da Forbes e de Forbes Money\u2026","rel":"","context":"In &quot;Blog&quot;","block_context":{"text":"Blog","link":"https:\/\/noticiasribeiraopreto.com.br\/index.php\/category\/blog\/"},"img":{"alt_text":"","src":"https:\/\/i0.wp.com\/noticiasribeiraopreto.com.br\/wp-content\/uploads\/2024\/01\/Dick-Wolf-Bilionario-da-TV-aberta-Fotos-Yuri-Hasegawa-para-Forbes-1024x683.png?fit=1024%2C683&ssl=1&resize=350%2C200","width":350,"height":200,"srcset":"https:\/\/i0.wp.com\/noticiasribeiraopreto.com.br\/wp-content\/uploads\/2024\/01\/Dick-Wolf-Bilionario-da-TV-aberta-Fotos-Yuri-Hasegawa-para-Forbes-1024x683.png?fit=1024%2C683&ssl=1&resize=350%2C200 1x, https:\/\/i0.wp.com\/noticiasribeiraopreto.com.br\/wp-content\/uploads\/2024\/01\/Dick-Wolf-Bilionario-da-TV-aberta-Fotos-Yuri-Hasegawa-para-Forbes-1024x683.png?fit=1024%2C683&ssl=1&resize=525%2C300 1.5x, https:\/\/i0.wp.com\/noticiasribeiraopreto.com.br\/wp-content\/uploads\/2024\/01\/Dick-Wolf-Bilionario-da-TV-aberta-Fotos-Yuri-Hasegawa-para-Forbes-1024x683.png?fit=1024%2C683&ssl=1&resize=700%2C400 2x"},"classes":[]},{"id":15016,"url":"https:\/\/noticiasribeiraopreto.com.br\/index.php\/2023\/12\/12\/8-series-que-foram-canceladas-e-nao-tiveram-um-final-meu-valor-digital\/","url_meta":{"origin":15602,"position":1},"title":"8 s\u00e9ries que foram canceladas e n\u00e3o tiveram um final &#8211; Meu Valor Digital","author":"noticiasribeiraopreto.com.br","date":"12 de December de 2023","format":false,"excerpt":"As emissoras de TV e os servi\u00e7os de streaming parecem esquecer que os assinantes quando come\u00e7am a ver uma s\u00e9rie querem saber como vai terminar a hist\u00f3ria. Mas muitas vezes, eles cancelam s\u00e9ries que o p\u00fablico ama sem a menor cerim\u00f4nia e com detalhe sem dar um final para a\u2026","rel":"","context":"In &quot;Vagas de Emprego em Ribeir\u00e3o Preto-SP&quot;","block_context":{"text":"Vagas de Emprego em Ribeir\u00e3o Preto-SP","link":"https:\/\/noticiasribeiraopreto.com.br\/index.php\/category\/empregos-classificados-vagas-trabalho\/vagas-de-empregos-em-ribeirao-preto-regiao-brasil\/"},"img":{"alt_text":"","src":"https:\/\/i0.wp.com\/noticiasribeiraopreto.com.br\/wp-content\/uploads\/2023\/12\/Agente-Carter-1.jpg?fit=1200%2C774&ssl=1&resize=350%2C200","width":350,"height":200,"srcset":"https:\/\/i0.wp.com\/noticiasribeiraopreto.com.br\/wp-content\/uploads\/2023\/12\/Agente-Carter-1.jpg?fit=1200%2C774&ssl=1&resize=350%2C200 1x, https:\/\/i0.wp.com\/noticiasribeiraopreto.com.br\/wp-content\/uploads\/2023\/12\/Agente-Carter-1.jpg?fit=1200%2C774&ssl=1&resize=525%2C300 1.5x, https:\/\/i0.wp.com\/noticiasribeiraopreto.com.br\/wp-content\/uploads\/2023\/12\/Agente-Carter-1.jpg?fit=1200%2C774&ssl=1&resize=700%2C400 2x, https:\/\/i0.wp.com\/noticiasribeiraopreto.com.br\/wp-content\/uploads\/2023\/12\/Agente-Carter-1.jpg?fit=1200%2C774&ssl=1&resize=1050%2C600 3x"},"classes":[]},{"id":17091,"url":"https:\/\/noticiasribeiraopreto.com.br\/index.php\/2023\/12\/17\/dna-do-crime-vai-ter-2a-temporada-netflix-define-futuro-da-serie\/","url_meta":{"origin":15602,"position":2},"title":"&#8216;DNA do Crime&#8217; vai ter 2\u00aa temporada? Netflix define futuro da s\u00e9rie","author":"noticiasribeiraopreto.com.br","date":"17 de December de 2023","format":false,"excerpt":"Cr\u00e9ditos: Divulga\u00e7\u00e3o\/Netflix\/Guilherme Leporace e Alisson LoubackA s\u00e9rie \u201cDNA do Crime\u201d \u00e9 inspirada em uma investiga\u00e7\u00e3o real da Pol\u00edcia Federal A s\u00e9rie brasileira \u201cDNA do Crime\u201d est\u00e1 dando o que falar desde seu lan\u00e7amento na Netflix, em 14 de novembro. H\u00e1 um m\u00eas, a produ\u00e7\u00e3o continua no ranking das mais assistidas\u2026","rel":"","context":"In &quot;Variedades&quot;","block_context":{"text":"Variedades","link":"https:\/\/noticiasribeiraopreto.com.br\/index.php\/category\/variedades\/"},"img":{"alt_text":"","src":"https:\/\/i0.wp.com\/noticiasribeiraopreto.com.br\/wp-content\/uploads\/2023\/12\/dna-102-benicio-suellen-00000955-r-scaled-e1686882751706.jpg?fit=1200%2C638&ssl=1&resize=350%2C200","width":350,"height":200,"srcset":"https:\/\/i0.wp.com\/noticiasribeiraopreto.com.br\/wp-content\/uploads\/2023\/12\/dna-102-benicio-suellen-00000955-r-scaled-e1686882751706.jpg?fit=1200%2C638&ssl=1&resize=350%2C200 1x, https:\/\/i0.wp.com\/noticiasribeiraopreto.com.br\/wp-content\/uploads\/2023\/12\/dna-102-benicio-suellen-00000955-r-scaled-e1686882751706.jpg?fit=1200%2C638&ssl=1&resize=525%2C300 1.5x, https:\/\/i0.wp.com\/noticiasribeiraopreto.com.br\/wp-content\/uploads\/2023\/12\/dna-102-benicio-suellen-00000955-r-scaled-e1686882751706.jpg?fit=1200%2C638&ssl=1&resize=700%2C400 2x, https:\/\/i0.wp.com\/noticiasribeiraopreto.com.br\/wp-content\/uploads\/2023\/12\/dna-102-benicio-suellen-00000955-r-scaled-e1686882751706.jpg?fit=1200%2C638&ssl=1&resize=1050%2C600 3x"},"classes":[]},{"id":23772,"url":"https:\/\/noticiasribeiraopreto.com.br\/index.php\/2024\/01\/03\/magnum-p-i-quinta-temporada-da-serie-sera-a-ultima-meu-valor-digital\/","url_meta":{"origin":15602,"position":3},"title":"Magnum P.I.: quinta temporada da s\u00e9rie ser\u00e1 a \u00faltima &#8211; Meu Valor Digital","author":"noticiasribeiraopreto.com.br","date":"3 de January de 2024","format":false,"excerpt":"Os f\u00e3s que est\u00e3o ansiosos para assistir a continua\u00e7\u00e3o da quinta temporada de \u201cMagnum PI\u201d, j\u00e1 podem comemorar. O canal pago Universal TV informou que os \u00faltimos epis\u00f3dios da \u00faltima temporada da s\u00e9rie v\u00e3o estrear no dia 8 de fevereiro de 2024. Ap\u00f3s ser cancelada pela CBS a s\u00e9rie \u201cMagnum\u2026","rel":"","context":"In &quot;Vagas de Emprego em Ribeir\u00e3o Preto-SP&quot;","block_context":{"text":"Vagas de Emprego em Ribeir\u00e3o Preto-SP","link":"https:\/\/noticiasribeiraopreto.com.br\/index.php\/category\/empregos-classificados-vagas-trabalho\/vagas-de-empregos-em-ribeirao-preto-regiao-brasil\/"},"img":{"alt_text":"","src":"https:\/\/i0.wp.com\/noticiasribeiraopreto.com.br\/wp-content\/uploads\/2024\/01\/Magnum-PI.jpg?fit=1200%2C800&ssl=1&resize=350%2C200","width":350,"height":200,"srcset":"https:\/\/i0.wp.com\/noticiasribeiraopreto.com.br\/wp-content\/uploads\/2024\/01\/Magnum-PI.jpg?fit=1200%2C800&ssl=1&resize=350%2C200 1x, https:\/\/i0.wp.com\/noticiasribeiraopreto.com.br\/wp-content\/uploads\/2024\/01\/Magnum-PI.jpg?fit=1200%2C800&ssl=1&resize=525%2C300 1.5x, https:\/\/i0.wp.com\/noticiasribeiraopreto.com.br\/wp-content\/uploads\/2024\/01\/Magnum-PI.jpg?fit=1200%2C800&ssl=1&resize=700%2C400 2x, https:\/\/i0.wp.com\/noticiasribeiraopreto.com.br\/wp-content\/uploads\/2024\/01\/Magnum-PI.jpg?fit=1200%2C800&ssl=1&resize=1050%2C600 3x"},"classes":[]},{"id":4024,"url":"https:\/\/noticiasribeiraopreto.com.br\/index.php\/2023\/11\/20\/7-series-imperdiveis-estreiam-na-netflix-ainda-em-2023\/","url_meta":{"origin":15602,"position":4},"title":"7 s\u00e9ries imperd\u00edveis estreiam na Netflix ainda em 2023","author":"noticiasribeiraopreto.com.br","date":"20 de November de 2023","format":false,"excerpt":"Cr\u00e9ditos: Unsplash\/David BalevS\u00e9ries que estreiam na Netflix ainda em 2023 2023 est\u00e1 longe do fim na Netflix! O servi\u00e7o de streaming ainda tem s\u00e9ries in\u00e9ditas para lan\u00e7ar at\u00e9 as \u00faltimas semanas do ano. Entre os destaques, os assinantes ter\u00e3o o reality show \u201cRound 6: O Desafio\u201c, novos epis\u00f3dios da 5\u00aa\u2026","rel":"","context":"In &quot;Variedades&quot;","block_context":{"text":"Variedades","link":"https:\/\/noticiasribeiraopreto.com.br\/index.php\/category\/variedades\/"},"img":{"alt_text":"","src":"https:\/\/i0.wp.com\/noticiasribeiraopreto.com.br\/wp-content\/uploads\/2023\/11\/david-balev-ilwdw2lsozk-unsplash-scaled-e1687794401621.jpg?fit=1200%2C638&ssl=1&resize=350%2C200","width":350,"height":200,"srcset":"https:\/\/i0.wp.com\/noticiasribeiraopreto.com.br\/wp-content\/uploads\/2023\/11\/david-balev-ilwdw2lsozk-unsplash-scaled-e1687794401621.jpg?fit=1200%2C638&ssl=1&resize=350%2C200 1x, https:\/\/i0.wp.com\/noticiasribeiraopreto.com.br\/wp-content\/uploads\/2023\/11\/david-balev-ilwdw2lsozk-unsplash-scaled-e1687794401621.jpg?fit=1200%2C638&ssl=1&resize=525%2C300 1.5x, https:\/\/i0.wp.com\/noticiasribeiraopreto.com.br\/wp-content\/uploads\/2023\/11\/david-balev-ilwdw2lsozk-unsplash-scaled-e1687794401621.jpg?fit=1200%2C638&ssl=1&resize=700%2C400 2x, https:\/\/i0.wp.com\/noticiasribeiraopreto.com.br\/wp-content\/uploads\/2023\/11\/david-balev-ilwdw2lsozk-unsplash-scaled-e1687794401621.jpg?fit=1200%2C638&ssl=1&resize=1050%2C600 3x"},"classes":[]},{"id":60943,"url":"https:\/\/noticiasribeiraopreto.com.br\/index.php\/2024\/11\/29\/conheca-o-ator-de-ribeirao-preto-que-participa-da-serie-senna-da-netflix\/","url_meta":{"origin":15602,"position":5},"title":"Conhe\u00e7a o ator de Ribeir\u00e3o Preto que participa da s\u00e9rie &#8216;Senna&#8217;, da Netflix","author":"noticiasribeiraopreto.com.br","date":"29 de November de 2024","format":false,"excerpt":"A s\u00e9rie \u201cSenna\u201d, lan\u00e7ada nesta sexta-feira (29), conta a hist\u00f3ria de Ayrton Senna, um dos maiores pilotos de F\u00f3rmula 1 de todos os tempos. A s\u00e9rie est\u00e1 dispon\u00edvel na plataforma de streaming Netflix e conta com o ator Felipe Prioli, de Ribeir\u00e3o Preto. Ele interpretou o ex-piloto italiano Riccardo Patrese.\u2026","rel":"","context":"In &quot;Not\u00edcias de Ribeir\u00e3o Preto-SP e Regi\u00e3o&quot;","block_context":{"text":"Not\u00edcias de Ribeir\u00e3o Preto-SP e Regi\u00e3o","link":"https:\/\/noticiasribeiraopreto.com.br\/index.php\/category\/noticias-de-ribeirao-preto-sp-e-regiao-ismael-colosi\/"},"img":{"alt_text":"","src":"https:\/\/i0.wp.com\/noticiasribeiraopreto.com.br\/wp-content\/uploads\/2024\/11\/IMG_5947_2024-11-29_16-26-53_jpg_2024-11-29_16-26-53.webp.webp?fit=1200%2C800&ssl=1&resize=350%2C200","width":350,"height":200,"srcset":"https:\/\/i0.wp.com\/noticiasribeiraopreto.com.br\/wp-content\/uploads\/2024\/11\/IMG_5947_2024-11-29_16-26-53_jpg_2024-11-29_16-26-53.webp.webp?fit=1200%2C800&ssl=1&resize=350%2C200 1x, https:\/\/i0.wp.com\/noticiasribeiraopreto.com.br\/wp-content\/uploads\/2024\/11\/IMG_5947_2024-11-29_16-26-53_jpg_2024-11-29_16-26-53.webp.webp?fit=1200%2C800&ssl=1&resize=525%2C300 1.5x, https:\/\/i0.wp.com\/noticiasribeiraopreto.com.br\/wp-content\/uploads\/2024\/11\/IMG_5947_2024-11-29_16-26-53_jpg_2024-11-29_16-26-53.webp.webp?fit=1200%2C800&ssl=1&resize=700%2C400 2x, https:\/\/i0.wp.com\/noticiasribeiraopreto.com.br\/wp-content\/uploads\/2024\/11\/IMG_5947_2024-11-29_16-26-53_jpg_2024-11-29_16-26-53.webp.webp?fit=1200%2C800&ssl=1&resize=1050%2C600 3x"},"classes":[]}],"jetpack_sharing_enabled":true,"jetpack_shortlink":"https:\/\/wp.me\/peQAOb-43E","_links":{"self":[{"href":"https:\/\/noticiasribeiraopreto.com.br\/index.php\/wp-json\/wp\/v2\/posts\/15602","targetHints":{"allow":["GET"]}}],"collection":[{"href":"https:\/\/noticiasribeiraopreto.com.br\/index.php\/wp-json\/wp\/v2\/posts"}],"about":[{"href":"https:\/\/noticiasribeiraopreto.com.br\/index.php\/wp-json\/wp\/v2\/types\/post"}],"author":[{"embeddable":true,"href":"https:\/\/noticiasribeiraopreto.com.br\/index.php\/wp-json\/wp\/v2\/users\/1"}],"replies":[{"embeddable":true,"href":"https:\/\/noticiasribeiraopreto.com.br\/index.php\/wp-json\/wp\/v2\/comments?post=15602"}],"version-history":[{"count":0,"href":"https:\/\/noticiasribeiraopreto.com.br\/index.php\/wp-json\/wp\/v2\/posts\/15602\/revisions"}],"wp:featuredmedia":[{"embeddable":true,"href":"https:\/\/noticiasribeiraopreto.com.br\/index.php\/wp-json\/wp\/v2\/media\/15603"}],"wp:attachment":[{"href":"https:\/\/noticiasribeiraopreto.com.br\/index.php\/wp-json\/wp\/v2\/media?parent=15602"}],"wp:term":[{"taxonomy":"category","embeddable":true,"href":"https:\/\/noticiasribeiraopreto.com.br\/index.php\/wp-json\/wp\/v2\/categories?post=15602"},{"taxonomy":"post_tag","embeddable":true,"href":"https:\/\/noticiasribeiraopreto.com.br\/index.php\/wp-json\/wp\/v2\/tags?post=15602"}],"curies":[{"name":"wp","href":"https:\/\/api.w.org\/{rel}","templated":true}]}}