{"id":15608,"date":"2023-12-13T23:44:56","date_gmt":"2023-12-14T02:44:56","guid":{"rendered":"https:\/\/noticiasribeiraopreto.com.br\/index.php\/2023\/12\/13\/o-vegetal-que-pode-prevenir-tumores-e-proteger-o-coracao\/"},"modified":"2023-12-13T23:44:56","modified_gmt":"2023-12-14T02:44:56","slug":"o-vegetal-que-pode-prevenir-tumores-e-proteger-o-coracao","status":"publish","type":"post","link":"https:\/\/noticiasribeiraopreto.com.br\/index.php\/2023\/12\/13\/o-vegetal-que-pode-prevenir-tumores-e-proteger-o-coracao\/","title":{"rendered":"O vegetal que pode prevenir tumores e proteger o cora\u00e7\u00e3o"},"content":{"rendered":"<div class='code-block code-block-1' style='margin: 8px 0 8px auto; text-align: right; display: block; clear: both;'>\n<p><a href=\"https:\/\/wa.link\/vpicfd\"><img data-recalc-dims=\"1\" class=\"wp-image-4922\" style=\"aspect-ratio: 2.0253164556962027; width: 561px; height: auto;\" src=\"https:\/\/i0.wp.com\/ismaelcolosi.com.br\/wp-content\/uploads\/2023\/11\/grupo-de-empregos-whatsapp-e-facebook-ismael-colosi-vagas.jpg?ssl=1\" alt=\"\" \/><\/a><\/p>\n<!-- \/wp:image -->\n<\/div>\n<p> <br \/>\n<\/p>\n<div>\n<p>Entre os <a href=\"https:\/\/catracalivre.com.br\/saude-bem-estar\/vegetais-e-frutas-que-atuam-na-prevencao-e-tratamento-do-cancer\/\">vegetais<\/a> que est\u00e3o abundantemente dispon\u00edveis nas feiras e mercados est\u00e1 a couve-flor. Ela pertence \u00e0 fam\u00edlia dos cruc\u00edferos, que inclui tamb\u00e9m outros vegetais, como br\u00f3colis,\u00a0 couve-de-bruxelas, mostarda e rabanete. O vegetal \u00e9 famoso por ser rico em nutrientes, e v\u00e1rios estudos j\u00e1 demonstraram que seu consumo ajudaria a prevenir tumores e inflama\u00e7\u00f5es, al\u00e9m de reduzir os n\u00edveis de <a href=\"https:\/\/catracalivre.com.br\/saude-bem-estar\/como-baixar-o-colesterol-alto-veja-as-dicas\/\">colesterol<\/a> e <a href=\"https:\/\/catracalivre.com.br\/saude-bem-estar\/o-que-ajuda-a-baixar-a-pressao-arterial-veja-as-dicas\/\">press\u00e3o arterial<\/a>.<\/p>\n<p>A couve-flor possui poder purificante, mineralizante e promove a regenera\u00e7\u00e3o dos tecidos. Gra\u00e7as ao seu baixo teor cal\u00f3rico (25 kcal\/100 g) e ao seu elevado poder saciante, \u00e9 tamb\u00e9m um prato ideal para incluir em dietas de <a href=\"https:\/\/catracalivre.com.br\/saude-bem-estar\/5-erros-comuns-que-sabotam-seu-emagrecimento\/\">emagrecimento<\/a>.<\/p>\n<div id=\"attachment_2327745\" class=\"wp-caption alignnone\">\n<div class=\"d-flex justify-content-center\" data-attachment-id=\"2327745\">\n<div class=\"position-relative d-inline-block\"><img data-recalc-dims=\"1\" data-portal-copyright=\"zoranm\/istock\" fetchpriority=\"high\" decoding=\"async\" class=\"size-large wp-image-2327745\" src=\"https:\/\/i0.wp.com\/catracalivre.com.br\/wp-content\/uploads\/2023\/12\/istock-1647976306-910x607.jpg?resize=910%2C607&#038;ssl=1\" alt=\"Entre os in\u00fameros benef\u00edcios da couve-flor, est\u00e1 seu poder de prevenir forma\u00e7\u00e3o de tumores\" width=\"910\" height=\"607\" srcset=\"https:\/\/catracalivre.com.br\/wp-content\/uploads\/2023\/12\/istock-1647976306-910x607.jpg 910w, https:\/\/catracalivre.com.br\/wp-content\/uploads\/2023\/12\/istock-1647976306-450x300.jpg 450w, https:\/\/catracalivre.com.br\/wp-content\/uploads\/2023\/12\/istock-1647976306-768x512.jpg 768w\" sizes=\"(max-width: 910px) 100vw, 910px\"\/><\/p>\n<p>Cr\u00e9ditos: zoranm\/istock<\/p>\n<\/div>\n<\/div>\n<p><span class=\"post-imagem__legenda\">Entre os in\u00fameros benef\u00edcios da couve-flor, est\u00e1 seu poder de prevenir forma\u00e7\u00e3o de tumores<\/span><\/p>\n<\/div>\n<h2>Os benef\u00edcios da couve-flor<\/h2>\n<h3>Protege o cora\u00e7\u00e3o<\/h3>\n<p>Gra\u00e7as ao bom teor de glucorafanina, desempenha um papel importante na promo\u00e7\u00e3o da sa\u00fade cardiovascular. Ela tamb\u00e9m cont\u00e9m a forma ativa do sulforafano, que demonstrou melhorar a press\u00e3o arterial e a fun\u00e7\u00e3o renal. Por fim, a presen\u00e7a da alicina ajuda a manter o cora\u00e7\u00e3o saud\u00e1vel, mantendo os n\u00edveis de colesterol baixos e reduzindo o risco de ataque card\u00edaco e acidente vascular cerebral.<\/p>\n<h3>Combate tumores<\/h3>\n<p>Como todos os vegetais pertencentes \u00e0 fam\u00edlia das cruc\u00edferas, a couve-flor \u00e9 um importante aliado contra o c\u00e2ncer gra\u00e7as \u00e0 presen\u00e7a de sulforafano e flavon\u00f3ides.<\/p>\n<p>De acordo com o <a href=\"https:\/\/news.cancerresearchuk.org\/\" target=\"_blank\" rel=\"noopener\">Cancer Research UK<\/a>, ela\u00a0 \u00e9 capaz de prevenir a forma\u00e7\u00e3o de c\u00e9lulas malignas e, se estiverem presentes, inibe a sua reprodu\u00e7\u00e3o. Isto \u00e9 confirmado por numerosos estudos que identificaram ind\u00f3is e isotiocianatos na couve-flor, compostos muito \u00fateis no tratamento de tumores de mama, bexiga, f\u00edgado, pulm\u00e3o ou pr\u00f3stata em particular.<\/p>\n<h3>Melhora o sistema imunol\u00f3gico<\/h3>\n<p>De acordo com estudos, consumir couve-flor branca pelo menos duas vezes por semana fornece ao corpo uma boa quantidade de vitaminas que estimulam o sistema imunol\u00f3gico.<\/p>\n<h3>Neutraliza a anemia<\/h3>\n<p>O bom teor de ferro e a importante presen\u00e7a de vitamina C ajudam a facilitar a absor\u00e7\u00e3o do ferro pelo organismo e, portanto, a combater a <a href=\"https:\/\/catracalivre.com.br\/saude-bem-estar\/a-fruta-com-o-maior-poder-de-combater-a-anemia\/\">anemia<\/a>.<\/p>\n<h3>Combate a pris\u00e3o de ventre<\/h3>\n<p>Gra\u00e7as \u00e0s <a href=\"https:\/\/catracalivre.com.br\/saude-bem-estar\/4-sinais-que-indicam-que-voce-tem-deficiencia-de-fibra\/\">fibras<\/a>, o vegetal promove o correto funcionamento do aparelho digestivo e facilita a regularidade intestinal.<\/p>\n<h3>\u00c9 adequada para diab\u00e9ticos e cel\u00edacos<\/h3>\n<p>A aus\u00eancia de gl\u00faten torna a couve-flor adequada tamb\u00e9m para os cel\u00edacos. Al\u00e9m disso, suas propriedades ajudam a controlar os n\u00edveis de a\u00e7\u00facar no sangue.<\/p>\n<h2>Contra-indica\u00e7\u00f5es<\/h2>\n<p>Por conter muitas purinas, que podem se transformar em \u00e1cido \u00farico, a couve-flor n\u00e3o deve ser consumida por quem sofre de gota ou pedras.<\/p>\n<p>J\u00e1 quem sofre de s\u00edndrome do intestino irrit\u00e1vel deve consumir o vegetal com modera\u00e7\u00e3o, pois, em excesso, pode causar incha\u00e7o.<\/p>\n<\/div>\n<p><script>\n\t\t! function(f, b, e, v, n, t, s) {\n\t\t\tif (f.fbq) return;\n\t\t\tn = f.fbq = function() {\n\t\t\t\tn.callMethod ?\n\t\t\t\t\tn.callMethod.apply(n, arguments) : n.queue.push(arguments)\n\t\t\t};\n\t\t\tif (!f._fbq) f._fbq = n;\n\t\t\tn.push = n;\n\t\t\tn.loaded = !0;\n\t\t\tn.version = '2.0';\n\t\t\tn.queue = [];\n\t\t\tt = b.createElement(e);\n\t\t\tt.async = !0;\n\t\t\tt.src = v;\n\t\t\ts = b.getElementsByTagName(e)[0];\n\t\t\ts.parentNode.insertBefore(t, s)\n\t\t}(window, document, 'script',\n\t\t\t'https:\/\/connect.facebook.net\/en_US\/fbevents.js');\n\t\tfbq('init', '338315473262380');\n\t\tfbq('track', 'PageView');\n\t<\/script><br \/>\n<br \/><br \/>\n<br \/><a href=\"https:\/\/catracalivre.com.br\/saude-bem-estar\/o-vegetal-que-pode-prevenir-tumores-e-proteger-o-coracao\/\">Source link <\/a><\/p>\n<!-- CONTENT END 1 -->\n","protected":false},"excerpt":{"rendered":"<p>Entre os vegetais que est\u00e3o abundantemente dispon\u00edveis nas feiras e mercados est\u00e1 a couve-flor. Ela pertence \u00e0 fam\u00edlia dos cruc\u00edferos, que inclui tamb\u00e9m outros vegetais,&#8230;<\/p>\n","protected":false},"author":1,"featured_media":15609,"comment_status":"open","ping_status":"open","sticky":false,"template":"","format":"standard","meta":{"advanced_seo_description":"","jetpack_seo_html_title":"","jetpack_seo_noindex":false,"jetpack_post_was_ever_published":false,"_jetpack_newsletter_access":"","_jetpack_dont_email_post_to_subs":false,"_jetpack_newsletter_tier_id":0,"_jetpack_memberships_contains_paywalled_content":false,"_jetpack_memberships_contains_paid_content":false,"footnotes":"","jetpack_publicize_message":"","jetpack_publicize_feature_enabled":true,"jetpack_social_post_already_shared":true,"jetpack_social_options":{"image_generator_settings":{"template":"highway","default_image_id":0,"font":"","enabled":false},"version":2}},"categories":[19],"tags":[],"class_list":["post-15608","post","type-post","status-publish","format-standard","has-post-thumbnail","hentry","category-variedades"],"jetpack_publicize_connections":[],"jetpack_featured_media_url":"https:\/\/i0.wp.com\/noticiasribeiraopreto.com.br\/wp-content\/uploads\/2023\/12\/istock-1647976306.jpg?fit=1200%2C638&ssl=1","jetpack-related-posts":[{"id":23023,"url":"https:\/\/noticiasribeiraopreto.com.br\/index.php\/2023\/12\/31\/o-vegetal-que-protege-os-rins-previne-o-cancer-e-e-ideal-para-diabetes\/","url_meta":{"origin":15608,"position":0},"title":"O vegetal que protege os rins, previne o c\u00e2ncer e \u00e9 ideal para diabetes","author":"noticiasribeiraopreto.com.br","date":"31 de December de 2023","format":false,"excerpt":"Existe um vegetal que est\u00e1 sempre presente no mercado e na feira e que ainda assim pode passar despercebido nas suas compras. Trata-se de um superalimento essencial para a sa\u00fade dos rins. Mais que isso: ele n\u00e3o s\u00f3 ajuda a regular a fun\u00e7\u00e3o renal, como tamb\u00e9m \u00e9 perfeito para diabetes\u2026","rel":"","context":"In &quot;Variedades&quot;","block_context":{"text":"Variedades","link":"https:\/\/noticiasribeiraopreto.com.br\/index.php\/category\/variedades\/"},"img":{"alt_text":"","src":"https:\/\/i0.wp.com\/noticiasribeiraopreto.com.br\/wp-content\/uploads\/2023\/12\/depositphotos-4628805-l-1.jpg?fit=1200%2C638&ssl=1&resize=350%2C200","width":350,"height":200,"srcset":"https:\/\/i0.wp.com\/noticiasribeiraopreto.com.br\/wp-content\/uploads\/2023\/12\/depositphotos-4628805-l-1.jpg?fit=1200%2C638&ssl=1&resize=350%2C200 1x, https:\/\/i0.wp.com\/noticiasribeiraopreto.com.br\/wp-content\/uploads\/2023\/12\/depositphotos-4628805-l-1.jpg?fit=1200%2C638&ssl=1&resize=525%2C300 1.5x, https:\/\/i0.wp.com\/noticiasribeiraopreto.com.br\/wp-content\/uploads\/2023\/12\/depositphotos-4628805-l-1.jpg?fit=1200%2C638&ssl=1&resize=700%2C400 2x, https:\/\/i0.wp.com\/noticiasribeiraopreto.com.br\/wp-content\/uploads\/2023\/12\/depositphotos-4628805-l-1.jpg?fit=1200%2C638&ssl=1&resize=1050%2C600 3x"},"classes":[]},{"id":16649,"url":"https:\/\/noticiasribeiraopreto.com.br\/index.php\/2023\/12\/16\/conheca-os-8-beneficios-da-couve-flor-meu-valor-digital\/","url_meta":{"origin":15608,"position":1},"title":"Conhe\u00e7a os 8 benef\u00edcios da couve-flor &#8211; Meu Valor Digital","author":"noticiasribeiraopreto.com.br","date":"16 de December de 2023","format":false,"excerpt":"A couve-flor \u00e9 uma hortali\u00e7a do tipo infloresc\u00eancia (conjunto de flores) que pertence \u00e0 esp\u00e9cie Brassica oleracea (couves), assim como o repolho, os br\u00f3colos, o romanesco, etc., cuja textura delicada e tenra exige cuidado e aten\u00e7\u00e3o na sua prepara\u00e7\u00e3o. Pertence ao grupo Botrytis. Pode ser consumida crua, cozida (recomenda-se a\u2026","rel":"","context":"In &quot;Vagas de Emprego em Ribeir\u00e3o Preto-SP&quot;","block_context":{"text":"Vagas de Emprego em Ribeir\u00e3o Preto-SP","link":"https:\/\/noticiasribeiraopreto.com.br\/index.php\/category\/empregos-classificados-vagas-trabalho\/vagas-de-empregos-em-ribeirao-preto-regiao-brasil\/"},"img":{"alt_text":"","src":"https:\/\/i0.wp.com\/noticiasribeiraopreto.com.br\/wp-content\/uploads\/2023\/12\/Couve-flor-1.jpg?fit=1200%2C773&ssl=1&resize=350%2C200","width":350,"height":200,"srcset":"https:\/\/i0.wp.com\/noticiasribeiraopreto.com.br\/wp-content\/uploads\/2023\/12\/Couve-flor-1.jpg?fit=1200%2C773&ssl=1&resize=350%2C200 1x, https:\/\/i0.wp.com\/noticiasribeiraopreto.com.br\/wp-content\/uploads\/2023\/12\/Couve-flor-1.jpg?fit=1200%2C773&ssl=1&resize=525%2C300 1.5x, https:\/\/i0.wp.com\/noticiasribeiraopreto.com.br\/wp-content\/uploads\/2023\/12\/Couve-flor-1.jpg?fit=1200%2C773&ssl=1&resize=700%2C400 2x, https:\/\/i0.wp.com\/noticiasribeiraopreto.com.br\/wp-content\/uploads\/2023\/12\/Couve-flor-1.jpg?fit=1200%2C773&ssl=1&resize=1050%2C600 3x"},"classes":[]},{"id":10222,"url":"https:\/\/noticiasribeiraopreto.com.br\/index.php\/2023\/12\/04\/couve-flor-ajuda-a-inibir-o-desenvolvimento-de-celulas-cancerigenas\/","url_meta":{"origin":15608,"position":2},"title":"Couve-flor ajuda a inibir o desenvolvimento de c\u00e9lulas cancer\u00edgenas","author":"noticiasribeiraopreto.com.br","date":"4 de December de 2023","format":false,"excerpt":"Cr\u00e9ditos: Daniel Cancini Couve-flor em prato vegano do Carrito Organic \u2013 iStock\/Getty Images Respons\u00e1vel por refor\u00e7ar o sistema imunol\u00f3gico e contribuir para uma vida mais saud\u00e1vel, a couve-flor \u00e9 composta por nutrientes como c\u00e1lcio, pot\u00e1ssio, s\u00f3dio, vitaminas e fibras. Al\u00e9m disso, a hortali\u00e7a possui sulforafanos, que cont\u00eam enxofre e inibe\u2026","rel":"","context":"In &quot;Variedades&quot;","block_context":{"text":"Variedades","link":"https:\/\/noticiasribeiraopreto.com.br\/index.php\/category\/variedades\/"},"img":{"alt_text":"","src":"https:\/\/i0.wp.com\/noticiasribeiraopreto.com.br\/wp-content\/uploads\/2023\/12\/couve-flor-frigieira.jpg?fit=1200%2C638&ssl=1&resize=350%2C200","width":350,"height":200,"srcset":"https:\/\/i0.wp.com\/noticiasribeiraopreto.com.br\/wp-content\/uploads\/2023\/12\/couve-flor-frigieira.jpg?fit=1200%2C638&ssl=1&resize=350%2C200 1x, https:\/\/i0.wp.com\/noticiasribeiraopreto.com.br\/wp-content\/uploads\/2023\/12\/couve-flor-frigieira.jpg?fit=1200%2C638&ssl=1&resize=525%2C300 1.5x, https:\/\/i0.wp.com\/noticiasribeiraopreto.com.br\/wp-content\/uploads\/2023\/12\/couve-flor-frigieira.jpg?fit=1200%2C638&ssl=1&resize=700%2C400 2x, https:\/\/i0.wp.com\/noticiasribeiraopreto.com.br\/wp-content\/uploads\/2023\/12\/couve-flor-frigieira.jpg?fit=1200%2C638&ssl=1&resize=1050%2C600 3x"},"classes":[]},{"id":68779,"url":"https:\/\/noticiasribeiraopreto.com.br\/index.php\/2025\/04\/29\/jornal-da-franca-conheca-alguns-vegetais-que-ajudam-a-reduzir-a-pressao-alta-de-forma-natural\/","url_meta":{"origin":15608,"position":3},"title":"Jornal da Franca &#8211; Conhe\u00e7a alguns vegetais que ajudam a reduzir a press\u00e3o alta de forma natural","author":"noticiasribeiraopreto.com.br","date":"29 de April de 2025","format":false,"excerpt":"compartilhar no whatsapp compartilhar no telegram compartilhar no facebook compartilhar no linkedin Br\u00f3colis, couve, repolho e couve-flor podem ajudar no controle da press\u00e3o alta. Veja o que diz a pesquisa publicada na BMC Medicine Um estudo da Universidade Edith Cowan, na Austr\u00e1lia, trouxe novas evid\u00eancias sobre os benef\u00edcios dos vegetais\u2026","rel":"","context":"In &quot;Not\u00edcias de Franca-SP&quot;","block_context":{"text":"Not\u00edcias de Franca-SP","link":"https:\/\/noticiasribeiraopreto.com.br\/index.php\/category\/noticias-de-ribeirao-preto-sp-e-regiao-ismael-colosi\/noticias-franca-sp\/"},"img":{"alt_text":"","src":"https:\/\/i0.wp.com\/noticiasribeiraopreto.com.br\/wp-content\/uploads\/2025\/04\/2148352049.jpg?fit=1000%2C667&ssl=1&resize=350%2C200","width":350,"height":200,"srcset":"https:\/\/i0.wp.com\/noticiasribeiraopreto.com.br\/wp-content\/uploads\/2025\/04\/2148352049.jpg?fit=1000%2C667&ssl=1&resize=350%2C200 1x, https:\/\/i0.wp.com\/noticiasribeiraopreto.com.br\/wp-content\/uploads\/2025\/04\/2148352049.jpg?fit=1000%2C667&ssl=1&resize=525%2C300 1.5x, https:\/\/i0.wp.com\/noticiasribeiraopreto.com.br\/wp-content\/uploads\/2025\/04\/2148352049.jpg?fit=1000%2C667&ssl=1&resize=700%2C400 2x"},"classes":[]},{"id":18863,"url":"https:\/\/noticiasribeiraopreto.com.br\/index.php\/2023\/12\/21\/descubra-como-preparar-um-suco-de-vegetal-que-previne-diabetes\/","url_meta":{"origin":15608,"position":4},"title":"Descubra como preparar um suco de vegetal que previne diabetes","author":"noticiasribeiraopreto.com.br","date":"21 de December de 2023","format":false,"excerpt":"Cr\u00e9ditos: Depositphotos\/MaridavSuco de vegetal que previne a diabetes Ao contr\u00e1rio do que muitos podem pensar, o suco verde n\u00e3o \u00e9 apenas uma moda passageira no mundo da sa\u00fade e do bem-estar. Em vez disso, seus benef\u00edcios para a sa\u00fade acabam apoiados por uma crescente quantidade de pesquisas, especialmente quando se\u2026","rel":"","context":"In &quot;Variedades&quot;","block_context":{"text":"Variedades","link":"https:\/\/noticiasribeiraopreto.com.br\/index.php\/category\/variedades\/"},"img":{"alt_text":"","src":"https:\/\/i0.wp.com\/noticiasribeiraopreto.com.br\/wp-content\/uploads\/2023\/12\/depositphotos-29024247-xl-scaled-e1703094667783.jpg?fit=1200%2C638&ssl=1&resize=350%2C200","width":350,"height":200,"srcset":"https:\/\/i0.wp.com\/noticiasribeiraopreto.com.br\/wp-content\/uploads\/2023\/12\/depositphotos-29024247-xl-scaled-e1703094667783.jpg?fit=1200%2C638&ssl=1&resize=350%2C200 1x, https:\/\/i0.wp.com\/noticiasribeiraopreto.com.br\/wp-content\/uploads\/2023\/12\/depositphotos-29024247-xl-scaled-e1703094667783.jpg?fit=1200%2C638&ssl=1&resize=525%2C300 1.5x, https:\/\/i0.wp.com\/noticiasribeiraopreto.com.br\/wp-content\/uploads\/2023\/12\/depositphotos-29024247-xl-scaled-e1703094667783.jpg?fit=1200%2C638&ssl=1&resize=700%2C400 2x, https:\/\/i0.wp.com\/noticiasribeiraopreto.com.br\/wp-content\/uploads\/2023\/12\/depositphotos-29024247-xl-scaled-e1703094667783.jpg?fit=1200%2C638&ssl=1&resize=1050%2C600 3x"},"classes":[]},{"id":13403,"url":"https:\/\/noticiasribeiraopreto.com.br\/index.php\/2023\/12\/10\/conheca-a-ilha-das-couves-paraiso-imperdivel-em-ubatuba-neste-verao\/","url_meta":{"origin":15608,"position":5},"title":"Conhe\u00e7a a Ilha das Couves, para\u00edso imperd\u00edvel em Ubatuba neste ver\u00e3o","author":"noticiasribeiraopreto.com.br","date":"10 de December de 2023","format":false,"excerpt":"Com mais de 100 praias, ilhas escondidas e cachoeiras de \u00e1guas cristalinas, a cidade de Ubatuba, no litoral norte paulista, \u00e9 a uma \u00f3tima pedida para quem busca ref\u00fagio em meio \u00e0 natureza. Um desses destinos, sem d\u00favida, \u00e9 Ilha das Couves. A aventura j\u00e1 come\u00e7a no caminho, pois este\u2026","rel":"","context":"In &quot;Variedades&quot;","block_context":{"text":"Variedades","link":"https:\/\/noticiasribeiraopreto.com.br\/index.php\/category\/variedades\/"},"img":{"alt_text":"","src":"https:\/\/i0.wp.com\/noticiasribeiraopreto.com.br\/wp-content\/uploads\/2023\/12\/ilha-das-couves-ubatuba.jpg?fit=1200%2C638&ssl=1&resize=350%2C200","width":350,"height":200,"srcset":"https:\/\/i0.wp.com\/noticiasribeiraopreto.com.br\/wp-content\/uploads\/2023\/12\/ilha-das-couves-ubatuba.jpg?fit=1200%2C638&ssl=1&resize=350%2C200 1x, https:\/\/i0.wp.com\/noticiasribeiraopreto.com.br\/wp-content\/uploads\/2023\/12\/ilha-das-couves-ubatuba.jpg?fit=1200%2C638&ssl=1&resize=525%2C300 1.5x, https:\/\/i0.wp.com\/noticiasribeiraopreto.com.br\/wp-content\/uploads\/2023\/12\/ilha-das-couves-ubatuba.jpg?fit=1200%2C638&ssl=1&resize=700%2C400 2x, https:\/\/i0.wp.com\/noticiasribeiraopreto.com.br\/wp-content\/uploads\/2023\/12\/ilha-das-couves-ubatuba.jpg?fit=1200%2C638&ssl=1&resize=1050%2C600 3x"},"classes":[]}],"jetpack_sharing_enabled":true,"jetpack_shortlink":"https:\/\/wp.me\/peQAOb-43K","_links":{"self":[{"href":"https:\/\/noticiasribeiraopreto.com.br\/index.php\/wp-json\/wp\/v2\/posts\/15608","targetHints":{"allow":["GET"]}}],"collection":[{"href":"https:\/\/noticiasribeiraopreto.com.br\/index.php\/wp-json\/wp\/v2\/posts"}],"about":[{"href":"https:\/\/noticiasribeiraopreto.com.br\/index.php\/wp-json\/wp\/v2\/types\/post"}],"author":[{"embeddable":true,"href":"https:\/\/noticiasribeiraopreto.com.br\/index.php\/wp-json\/wp\/v2\/users\/1"}],"replies":[{"embeddable":true,"href":"https:\/\/noticiasribeiraopreto.com.br\/index.php\/wp-json\/wp\/v2\/comments?post=15608"}],"version-history":[{"count":0,"href":"https:\/\/noticiasribeiraopreto.com.br\/index.php\/wp-json\/wp\/v2\/posts\/15608\/revisions"}],"wp:featuredmedia":[{"embeddable":true,"href":"https:\/\/noticiasribeiraopreto.com.br\/index.php\/wp-json\/wp\/v2\/media\/15609"}],"wp:attachment":[{"href":"https:\/\/noticiasribeiraopreto.com.br\/index.php\/wp-json\/wp\/v2\/media?parent=15608"}],"wp:term":[{"taxonomy":"category","embeddable":true,"href":"https:\/\/noticiasribeiraopreto.com.br\/index.php\/wp-json\/wp\/v2\/categories?post=15608"},{"taxonomy":"post_tag","embeddable":true,"href":"https:\/\/noticiasribeiraopreto.com.br\/index.php\/wp-json\/wp\/v2\/tags?post=15608"}],"curies":[{"name":"wp","href":"https:\/\/api.w.org\/{rel}","templated":true}]}}