{"id":15635,"date":"2023-12-14T01:09:31","date_gmt":"2023-12-14T04:09:31","guid":{"rendered":"https:\/\/noticiasribeiraopreto.com.br\/index.php\/2023\/12\/14\/energia-solar-gera-1-mil-vagas-de-emprego-no-nordeste-2\/"},"modified":"2023-12-14T01:09:31","modified_gmt":"2023-12-14T04:09:31","slug":"energia-solar-gera-1-mil-vagas-de-emprego-no-nordeste-2","status":"publish","type":"post","link":"https:\/\/noticiasribeiraopreto.com.br\/index.php\/2023\/12\/14\/energia-solar-gera-1-mil-vagas-de-emprego-no-nordeste-2\/","title":{"rendered":"Energia solar gera 1 mil vagas de emprego no Nordeste"},"content":{"rendered":"<div class='code-block code-block-1' style='margin: 8px 0 8px auto; text-align: right; display: block; clear: both;'>\n<p><a href=\"https:\/\/wa.link\/vpicfd\"><img data-recalc-dims=\"1\" class=\"wp-image-4922\" style=\"aspect-ratio: 2.0253164556962027; width: 561px; height: auto;\" src=\"https:\/\/i0.wp.com\/ismaelcolosi.com.br\/wp-content\/uploads\/2023\/11\/grupo-de-empregos-whatsapp-e-facebook-ismael-colosi-vagas.jpg?ssl=1\" alt=\"\" \/><\/a><\/p>\n<!-- \/wp:image -->\n<\/div>\n<p> <br \/>\n<\/p>\n<div>\n<p>Nos \u00faltimos anos, o Brasil tem sido cen\u00e1rio do franco crescimento no setor de <strong>energia solar<\/strong>. Movido pela busca de fontes renov\u00e1veis e pela diminui\u00e7\u00e3o de custos, a energia solar, tamb\u00e9m conhecida como fotovoltaica, j\u00e1 corresponde a 15,4% de toda matriz el\u00e9trica do pa\u00eds, em 33,7 GW operacionais. Com isso, a gera\u00e7\u00e3o de emprego no setor tamb\u00e9m acompanha este avan\u00e7o.<\/p>\n<p>De acordo com a Ag\u00eancia Internacional de Energia Renov\u00e1vel (Irena), a produ\u00e7\u00e3o fotovoltaica no Brasil acumula cerca de 214 mil profissionais, tendo o posto de quarto pa\u00eds no mundo que mais emprega neste setor, ficando atr\u00e1s apenas de China, \u00cdndia e Estados Unidos.<\/p>\n<p>Neste movimento, a Trinity Energias Renov\u00e1veis, geradora, gestora e comercializadora de energia independente, com a expans\u00e3o de suas usinas para os estados de Pernambuco, Cear\u00e1, Bahia e Rio Grande do Norte, ir\u00e1 gerar ao menos 1.000 novas vagas de emprego na regi\u00e3o, em fun\u00e7\u00e3o da constru\u00e7\u00e3o de usinas fotovoltaicas no Nordeste. Segundo o CEO da Trinity, Jo\u00e3o Sanches, s\u00e3o necess\u00e1rias, em m\u00e9dia, 22 pessoas por MW a ser instalado.<\/p>\n<p>\u201c<em>No nosso caso, temos um time especializado de engenheiros que avalia a contrata\u00e7\u00e3o do corpo t\u00e9cnico de cada obra<\/em>\u201d, ressalta.<\/p>\n<h2>Como se candidatar \u00e0s vagas de emprego no setor de energia solar<\/h2>\n<p>As vagas s\u00e3o tempor\u00e1rias e devem durar at\u00e9 a finaliza\u00e7\u00e3o de cada constru\u00e7\u00e3o, em m\u00e9dia, 6 meses. Todos os profissionais s\u00e3o terceirizados e s\u00e3o selecionados por empreiteiras locais contratadas pela Trinity. Ou seja, as 1.000 vagas tendem a ser preenchidas por trabalhadores das regi\u00f5es. A m\u00e9dia salarial \u00e9 de R$1.700,00 e os cargos v\u00e3o de auxiliar \u00e0 t\u00e9cnico.<\/p>\n<p>Os interessados em trabalhar como motoristas MEI na SVD Transportes podem enviar os curr\u00edculos pelo e-mail: <a href=\"https:\/\/jcconcursos.com.br\/cdn-cgi\/l\/email-protection\" class=\"__cf_email__\" data-cfemail=\"a4d0d6c5c6c5c8ccc1c7cbcacbd7c7cbe4d0d6cdcacdd0ddc1cac1d6c3cdc58ac7cbc98ac6d6\">[email\u00a0protected]<\/a> \u2013 com o nome da vaga no assunto. As vagas s\u00e3o limitadas e os candidatos ser\u00e3o avaliados de acordo com os crit\u00e9rios da empresa. Por isso, \u00e9 importante enviar o curr\u00edculo o quanto antes e destacar as qualifica\u00e7\u00f5es e experi\u00eancias relevantes para a fun\u00e7\u00e3o.<\/p>\n<p>+++Acompanhe as principais <a href=\"https:\/\/jcconcursos.com.br\/noticia\/empregos\">vagas de emprego do Brasil no JC Concursos<\/a><\/p>\n<p><a id=\"gnews_btn\" href=\"https:\/\/news.google.com\/publications\/CAAqBwgKMOixlQswuZWrAw\" target=\"_blank\" class=\"border_jc_blue link_hover_bg_jc_blue font_85 d-block d-md-inline-block px-2 py-1 mr-0 mr-md-2 mb-3 w-100 text-center\" rel=\"noopener\"><span class=\"text_jc_blue\">Siga o <strong>JC Concursos no Google News<\/strong><\/span><\/a><a href=\"https:\/\/jcconcursos.com.br\/empregos\/\" class=\"badge badge-light\">empregos<\/a><a href=\"https:\/\/jcconcursos.com.br\/noticia\/empregos\" class=\"badge badge-light\">vagas de emprego<\/a><\/p>\n<\/div>\n<p><br \/>\n<br \/><a href=\"https:\/\/ismaelcolosi.com.br\/energia-solar-gera-1-mil-vagas-de-emprego-no-nordeste\/\">Source link <\/a><\/p>\n<!-- CONTENT END 1 -->\n","protected":false},"excerpt":{"rendered":"<p>Nos \u00faltimos anos, o Brasil tem sido cen\u00e1rio do franco crescimento no setor de energia solar. Movido pela busca de fontes renov\u00e1veis e pela diminui\u00e7\u00e3o&#8230;<\/p>\n","protected":false},"author":1,"featured_media":15636,"comment_status":"open","ping_status":"open","sticky":false,"template":"","format":"standard","meta":{"advanced_seo_description":"","jetpack_seo_html_title":"","jetpack_seo_noindex":false,"jetpack_post_was_ever_published":false,"_jetpack_newsletter_access":"","_jetpack_dont_email_post_to_subs":false,"_jetpack_newsletter_tier_id":0,"_jetpack_memberships_contains_paywalled_content":false,"_jetpack_memberships_contains_paid_content":false,"footnotes":"","jetpack_publicize_message":"","jetpack_publicize_feature_enabled":true,"jetpack_social_post_already_shared":true,"jetpack_social_options":{"image_generator_settings":{"template":"highway","default_image_id":0,"font":"","enabled":false},"version":2}},"categories":[7],"tags":[],"class_list":["post-15635","post","type-post","status-publish","format-standard","has-post-thumbnail","hentry","category-vagas-de-empregos-em-ribeirao-preto-regiao-brasil"],"jetpack_publicize_connections":[],"jetpack_featured_media_url":"https:\/\/i0.wp.com\/noticiasribeiraopreto.com.br\/wp-content\/uploads\/2023\/12\/energia-solar.jpg?fit=1920%2C1080&ssl=1","jetpack-related-posts":[{"id":18093,"url":"https:\/\/noticiasribeiraopreto.com.br\/index.php\/2023\/12\/19\/grupopolo-oito-anos-de-inovacao-em-energia-renovavel\/","url_meta":{"origin":15635,"position":0},"title":"GrupoPolo: oito anos de inova\u00e7\u00e3o em energia renov\u00e1vel","author":"noticiasribeiraopreto.com.br","date":"19 de December de 2023","format":false,"excerpt":"Foto: DAIANA FELIX \u2013 Communication and Marketing do GrupoPolo. Uma jornada de crescimento e sustentabilidade Celebrando oito anos de opera\u00e7\u00f5es, o GrupoPolo, com sede em Ara\u00e7atuba (SP), se destaca no cen\u00e1rio brasileiro como uma holding inovadora em energia el\u00e9trica e fotovoltaica. Fundada pelo engenheiro Francis Polo, a organiza\u00e7\u00e3o abriga seis\u2026","rel":"","context":"In &quot;Vagas de Emprego em Ribeir\u00e3o Preto-SP&quot;","block_context":{"text":"Vagas de Emprego em Ribeir\u00e3o Preto-SP","link":"https:\/\/noticiasribeiraopreto.com.br\/index.php\/category\/empregos-classificados-vagas-trabalho\/vagas-de-empregos-em-ribeirao-preto-regiao-brasil\/"},"img":{"alt_text":"","src":"https:\/\/i0.wp.com\/noticiasribeiraopreto.com.br\/wp-content\/uploads\/2023\/12\/Francis-540x450.jpg?fit=540%2C450&ssl=1&resize=350%2C200","width":350,"height":200,"srcset":"https:\/\/i0.wp.com\/noticiasribeiraopreto.com.br\/wp-content\/uploads\/2023\/12\/Francis-540x450.jpg?fit=540%2C450&ssl=1&resize=350%2C200 1x, https:\/\/i0.wp.com\/noticiasribeiraopreto.com.br\/wp-content\/uploads\/2023\/12\/Francis-540x450.jpg?fit=540%2C450&ssl=1&resize=525%2C300 1.5x"},"classes":[]},{"id":13074,"url":"https:\/\/noticiasribeiraopreto.com.br\/index.php\/2023\/12\/09\/o-boom-da-energia-solar-r-10-bi-em-investimentos-previstos-ate-2025-para-assinaturas-no-brasil\/","url_meta":{"origin":15635,"position":1},"title":"O boom da energia solar: R$ 10 bi em investimentos previstos at\u00e9 2025 para assinaturas no Brasil","author":"noticiasribeiraopreto.com.br","date":"9 de December de 2023","format":false,"excerpt":"Fazenda solar da LUZ em Bras\u00edlia, DF (Foto: Divulga\u00e7\u00e3o) \u2013 Todos os direitos: EPBR Energia solar | Greener mostra 4,2GW de usinas fotovoltaicas em opera\u00e7\u00e3o e constru\u00e7\u00e3o p\/ gera\u00e7\u00e3o distrib. remota, renov\u00e1vel e compartilhada. A gera\u00e7\u00e3o distribu\u00edda remota de Energia solar est\u00e1 em ascens\u00e3o no Brasil, conforme apontou um levantamento\u2026","rel":"","context":"In &quot;Vagas de Emprego em Ribeir\u00e3o Preto-SP&quot;","block_context":{"text":"Vagas de Emprego em Ribeir\u00e3o Preto-SP","link":"https:\/\/noticiasribeiraopreto.com.br\/index.php\/category\/empregos-classificados-vagas-trabalho\/vagas-de-empregos-em-ribeirao-preto-regiao-brasil\/"},"img":{"alt_text":"","src":"https:\/\/i0.wp.com\/noticiasribeiraopreto.com.br\/wp-content\/uploads\/2023\/12\/o-boom-da-energia-solar-r-10-bi-em-investimentos-previstos-ate-2025-para-assinaturas-no-brasil-830x450.jpg?fit=830%2C450&ssl=1&resize=350%2C200","width":350,"height":200,"srcset":"https:\/\/i0.wp.com\/noticiasribeiraopreto.com.br\/wp-content\/uploads\/2023\/12\/o-boom-da-energia-solar-r-10-bi-em-investimentos-previstos-ate-2025-para-assinaturas-no-brasil-830x450.jpg?fit=830%2C450&ssl=1&resize=350%2C200 1x, https:\/\/i0.wp.com\/noticiasribeiraopreto.com.br\/wp-content\/uploads\/2023\/12\/o-boom-da-energia-solar-r-10-bi-em-investimentos-previstos-ate-2025-para-assinaturas-no-brasil-830x450.jpg?fit=830%2C450&ssl=1&resize=525%2C300 1.5x, https:\/\/i0.wp.com\/noticiasribeiraopreto.com.br\/wp-content\/uploads\/2023\/12\/o-boom-da-energia-solar-r-10-bi-em-investimentos-previstos-ate-2025-para-assinaturas-no-brasil-830x450.jpg?fit=830%2C450&ssl=1&resize=700%2C400 2x"},"classes":[]},{"id":11793,"url":"https:\/\/noticiasribeiraopreto.com.br\/index.php\/2023\/12\/06\/novas-normas-tecnicas-e-regras-obrigatorias-essas-mudancas-sao-um-reflexo-do-amadurecimento-do-mercado-no-brasil\/","url_meta":{"origin":15635,"position":2},"title":"novas normas t\u00e9cnicas e regras obrigat\u00f3rias; essas mudan\u00e7as s\u00e3o um reflexo do amadurecimento do mercado no Brasil","author":"noticiasribeiraopreto.com.br","date":"6 de December de 2023","format":false,"excerpt":"Confira as novas normas e regras no setor de energia solar (Imagem \/ Divulga\u00e7\u00e3o) A energia solar est\u00e1 passando por importantes mudan\u00e7as regulat\u00f3rias no Brasil. Novas normas t\u00e9cnicas est\u00e3o sendo implementadas, trazendo regras obrigat\u00f3rias para instala\u00e7\u00f5es fotovoltaicas. Em um v\u00eddeo informativo do canal E4 Energias Renov\u00e1veis, Jo\u00e3o Souza, da Ecore,\u2026","rel":"","context":"In &quot;Vagas de Emprego em Ribeir\u00e3o Preto-SP&quot;","block_context":{"text":"Vagas de Emprego em Ribeir\u00e3o Preto-SP","link":"https:\/\/noticiasribeiraopreto.com.br\/index.php\/category\/empregos-classificados-vagas-trabalho\/vagas-de-empregos-em-ribeirao-preto-regiao-brasil\/"},"img":{"alt_text":"","src":"https:\/\/i0.wp.com\/noticiasribeiraopreto.com.br\/wp-content\/uploads\/2023\/12\/Energia-Solar-novas-normas-tecnicas-e-regras-obrigatorias-essas-mudancas-sao-um-reflexo-do-amadurecimento-do-mercado-no-Brasil-830x450.jpg?fit=830%2C450&ssl=1&resize=350%2C200","width":350,"height":200,"srcset":"https:\/\/i0.wp.com\/noticiasribeiraopreto.com.br\/wp-content\/uploads\/2023\/12\/Energia-Solar-novas-normas-tecnicas-e-regras-obrigatorias-essas-mudancas-sao-um-reflexo-do-amadurecimento-do-mercado-no-Brasil-830x450.jpg?fit=830%2C450&ssl=1&resize=350%2C200 1x, https:\/\/i0.wp.com\/noticiasribeiraopreto.com.br\/wp-content\/uploads\/2023\/12\/Energia-Solar-novas-normas-tecnicas-e-regras-obrigatorias-essas-mudancas-sao-um-reflexo-do-amadurecimento-do-mercado-no-Brasil-830x450.jpg?fit=830%2C450&ssl=1&resize=525%2C300 1.5x, https:\/\/i0.wp.com\/noticiasribeiraopreto.com.br\/wp-content\/uploads\/2023\/12\/Energia-Solar-novas-normas-tecnicas-e-regras-obrigatorias-essas-mudancas-sao-um-reflexo-do-amadurecimento-do-mercado-no-Brasil-830x450.jpg?fit=830%2C450&ssl=1&resize=700%2C400 2x"},"classes":[]},{"id":1368,"url":"https:\/\/noticiasribeiraopreto.com.br\/index.php\/2023\/11\/12\/pequenas-empresas-poderao-escolher-fornecedor-de-energia\/","url_meta":{"origin":15635,"position":3},"title":"Pequenas empresas poder\u00e3o escolher fornecedor de energia","author":"noticiasribeiraopreto.com.br","date":"12 de November de 2023","format":false,"excerpt":"A partir de janeiro de 2024, empresas de pequeno e m\u00e9dio porte poder\u00e3o escolher seu fornecedor de energia. O chamado grupo A \u00e9 composto por cerca de 165 mil empresas e ter\u00e1 a op\u00e7\u00e3o de escolher seus pr\u00f3prios fornecedores al\u00e9m das concession\u00e1rias tradicionais. Atualmente, o mercado livre de energia \u00e9\u2026","rel":"","context":"In &quot;Not\u00edcias de Ribeir\u00e3o Preto-SP e Regi\u00e3o&quot;","block_context":{"text":"Not\u00edcias de Ribeir\u00e3o Preto-SP e Regi\u00e3o","link":"https:\/\/noticiasribeiraopreto.com.br\/index.php\/category\/noticias-de-ribeirao-preto-sp-e-regiao-ismael-colosi\/"},"img":{"alt_text":"","src":"https:\/\/i0.wp.com\/noticiasribeiraopreto.com.br\/wp-content\/uploads\/2023\/11\/2-fotoenergiaescolamunicipal-creditoCCS-scaled.jpg?fit=967%2C645&ssl=1&resize=350%2C200","width":350,"height":200,"srcset":"https:\/\/i0.wp.com\/noticiasribeiraopreto.com.br\/wp-content\/uploads\/2023\/11\/2-fotoenergiaescolamunicipal-creditoCCS-scaled.jpg?fit=967%2C645&ssl=1&resize=350%2C200 1x, https:\/\/i0.wp.com\/noticiasribeiraopreto.com.br\/wp-content\/uploads\/2023\/11\/2-fotoenergiaescolamunicipal-creditoCCS-scaled.jpg?fit=967%2C645&ssl=1&resize=525%2C300 1.5x, https:\/\/i0.wp.com\/noticiasribeiraopreto.com.br\/wp-content\/uploads\/2023\/11\/2-fotoenergiaescolamunicipal-creditoCCS-scaled.jpg?fit=967%2C645&ssl=1&resize=700%2C400 2x"},"classes":[]},{"id":11973,"url":"https:\/\/noticiasribeiraopreto.com.br\/index.php\/2023\/12\/07\/geracao-propria-de-energia-atinge-25-gw-no-brasil\/","url_meta":{"origin":15635,"position":4},"title":"Gera\u00e7\u00e3o pr\u00f3pria de energia atinge 25 GW no Brasil.","author":"noticiasribeiraopreto.com.br","date":"7 de December de 2023","format":false,"excerpt":"Minas Gerais e S\u00e3o Paulo est\u00e3o na vanguarda da capacidade instalada de gera\u00e7\u00e3o distribu\u00edda, com impressionantes 3,3 GW cada, demonstrando alto potencial de produ\u00e7\u00e3o de energia limpa em ambas as regi\u00f5es. O empreendimento, resultado de uma parceria entre a Comerc Energia e a Vibra, recebeu investimentos no valor de R$\u2026","rel":"","context":"In &quot;Vagas de Emprego em Ribeir\u00e3o Preto-SP&quot;","block_context":{"text":"Vagas de Emprego em Ribeir\u00e3o Preto-SP","link":"https:\/\/noticiasribeiraopreto.com.br\/index.php\/category\/empregos-classificados-vagas-trabalho\/vagas-de-empregos-em-ribeirao-preto-regiao-brasil\/"},"img":{"alt_text":"","src":"https:\/\/i0.wp.com\/noticiasribeiraopreto.com.br\/wp-content\/uploads\/2023\/12\/Sistemas-de-geracao-solar-fotovoltaica-em-mais-de-50-condominios-na-regiao-do-Jardim-Botanico-no-Distrito-Federal-Foto-Divulgacao-EcoEnerg-830x450.jpg?fit=830%2C450&ssl=1&resize=350%2C200","width":350,"height":200,"srcset":"https:\/\/i0.wp.com\/noticiasribeiraopreto.com.br\/wp-content\/uploads\/2023\/12\/Sistemas-de-geracao-solar-fotovoltaica-em-mais-de-50-condominios-na-regiao-do-Jardim-Botanico-no-Distrito-Federal-Foto-Divulgacao-EcoEnerg-830x450.jpg?fit=830%2C450&ssl=1&resize=350%2C200 1x, https:\/\/i0.wp.com\/noticiasribeiraopreto.com.br\/wp-content\/uploads\/2023\/12\/Sistemas-de-geracao-solar-fotovoltaica-em-mais-de-50-condominios-na-regiao-do-Jardim-Botanico-no-Distrito-Federal-Foto-Divulgacao-EcoEnerg-830x450.jpg?fit=830%2C450&ssl=1&resize=525%2C300 1.5x, https:\/\/i0.wp.com\/noticiasribeiraopreto.com.br\/wp-content\/uploads\/2023\/12\/Sistemas-de-geracao-solar-fotovoltaica-em-mais-de-50-condominios-na-regiao-do-Jardim-Botanico-no-Distrito-Federal-Foto-Divulgacao-EcoEnerg-830x450.jpg?fit=830%2C450&ssl=1&resize=700%2C400 2x"},"classes":[]},{"id":14272,"url":"https:\/\/noticiasribeiraopreto.com.br\/index.php\/2023\/12\/11\/armazenamento-de-energia-solar-e-eolica-baterias-megapack-da-tesla-podem-ser-a-solucao-tao-aguardada\/","url_meta":{"origin":15635,"position":5},"title":"Armazenamento de energia solar e e\u00f3lica! Baterias Megapack da Tesla podem ser a solu\u00e7\u00e3o t\u00e3o aguardada","author":"noticiasribeiraopreto.com.br","date":"11 de December de 2023","format":false,"excerpt":"Armazenamento de energia solar e e\u00f3lica pela Tesla (Foto: Divulga\u00e7\u00e3o) A busca por alternativas mais sustent\u00e1veis e menos poluentes tem levado \u00e0 expans\u00e3o do uso de energias renov\u00e1veis, como a solar e a e\u00f3lica. No entanto, um desafio persiste: a intermit\u00eancia dessas fontes de energia. A solu\u00e7\u00e3o para esse problema\u2026","rel":"","context":"In &quot;Vagas de Emprego em Ribeir\u00e3o Preto-SP&quot;","block_context":{"text":"Vagas de Emprego em Ribeir\u00e3o Preto-SP","link":"https:\/\/noticiasribeiraopreto.com.br\/index.php\/category\/empregos-classificados-vagas-trabalho\/vagas-de-empregos-em-ribeirao-preto-regiao-brasil\/"},"img":{"alt_text":"","src":"https:\/\/i0.wp.com\/noticiasribeiraopreto.com.br\/wp-content\/uploads\/2023\/12\/Armazenamento-de-energia-solar-e-eolica-Baterias-Megapack-da-Tesla-podem-ser-a-solucao-tao-aguardada-830x450.jpg?fit=830%2C450&ssl=1&resize=350%2C200","width":350,"height":200,"srcset":"https:\/\/i0.wp.com\/noticiasribeiraopreto.com.br\/wp-content\/uploads\/2023\/12\/Armazenamento-de-energia-solar-e-eolica-Baterias-Megapack-da-Tesla-podem-ser-a-solucao-tao-aguardada-830x450.jpg?fit=830%2C450&ssl=1&resize=350%2C200 1x, https:\/\/i0.wp.com\/noticiasribeiraopreto.com.br\/wp-content\/uploads\/2023\/12\/Armazenamento-de-energia-solar-e-eolica-Baterias-Megapack-da-Tesla-podem-ser-a-solucao-tao-aguardada-830x450.jpg?fit=830%2C450&ssl=1&resize=525%2C300 1.5x, https:\/\/i0.wp.com\/noticiasribeiraopreto.com.br\/wp-content\/uploads\/2023\/12\/Armazenamento-de-energia-solar-e-eolica-Baterias-Megapack-da-Tesla-podem-ser-a-solucao-tao-aguardada-830x450.jpg?fit=830%2C450&ssl=1&resize=700%2C400 2x"},"classes":[]}],"jetpack_sharing_enabled":true,"jetpack_shortlink":"https:\/\/wp.me\/peQAOb-44b","_links":{"self":[{"href":"https:\/\/noticiasribeiraopreto.com.br\/index.php\/wp-json\/wp\/v2\/posts\/15635","targetHints":{"allow":["GET"]}}],"collection":[{"href":"https:\/\/noticiasribeiraopreto.com.br\/index.php\/wp-json\/wp\/v2\/posts"}],"about":[{"href":"https:\/\/noticiasribeiraopreto.com.br\/index.php\/wp-json\/wp\/v2\/types\/post"}],"author":[{"embeddable":true,"href":"https:\/\/noticiasribeiraopreto.com.br\/index.php\/wp-json\/wp\/v2\/users\/1"}],"replies":[{"embeddable":true,"href":"https:\/\/noticiasribeiraopreto.com.br\/index.php\/wp-json\/wp\/v2\/comments?post=15635"}],"version-history":[{"count":0,"href":"https:\/\/noticiasribeiraopreto.com.br\/index.php\/wp-json\/wp\/v2\/posts\/15635\/revisions"}],"wp:featuredmedia":[{"embeddable":true,"href":"https:\/\/noticiasribeiraopreto.com.br\/index.php\/wp-json\/wp\/v2\/media\/15636"}],"wp:attachment":[{"href":"https:\/\/noticiasribeiraopreto.com.br\/index.php\/wp-json\/wp\/v2\/media?parent=15635"}],"wp:term":[{"taxonomy":"category","embeddable":true,"href":"https:\/\/noticiasribeiraopreto.com.br\/index.php\/wp-json\/wp\/v2\/categories?post=15635"},{"taxonomy":"post_tag","embeddable":true,"href":"https:\/\/noticiasribeiraopreto.com.br\/index.php\/wp-json\/wp\/v2\/tags?post=15635"}],"curies":[{"name":"wp","href":"https:\/\/api.w.org\/{rel}","templated":true}]}}