{"id":15671,"date":"2023-12-14T06:20:07","date_gmt":"2023-12-14T09:20:07","guid":{"rendered":"https:\/\/noticiasribeiraopreto.com.br\/index.php\/2023\/12\/14\/pagamentos-comecam-em-fevereiro-veja-datas\/"},"modified":"2023-12-14T06:20:07","modified_gmt":"2023-12-14T09:20:07","slug":"pagamentos-comecam-em-fevereiro-veja-datas","status":"publish","type":"post","link":"https:\/\/noticiasribeiraopreto.com.br\/index.php\/2023\/12\/14\/pagamentos-comecam-em-fevereiro-veja-datas\/","title":{"rendered":"Pagamentos come\u00e7am em fevereiro; Veja datas"},"content":{"rendered":"<div class='code-block code-block-1' style='margin: 8px 0 8px auto; text-align: right; display: block; clear: both;'>\n<p><a href=\"https:\/\/wa.link\/vpicfd\"><img data-recalc-dims=\"1\" class=\"wp-image-4922\" style=\"aspect-ratio: 2.0253164556962027; width: 561px; height: auto;\" src=\"https:\/\/i0.wp.com\/ismaelcolosi.com.br\/wp-content\/uploads\/2023\/11\/grupo-de-empregos-whatsapp-e-facebook-ismael-colosi-vagas.jpg?ssl=1\" alt=\"\" \/><\/a><\/p>\n<!-- \/wp:image -->\n<\/div>\n<p> <br \/>\n<\/p>\n<div>\n<p>O governo federal informou nesta quarta-feira (13) a data de in\u00edcio dos pagamentos do <strong><a href=\"https:\/\/noticiasconcursos.com.br\/direitos-trabalhador\/pis-pasep\/\">PIS\/Pasep<\/a><\/strong> em 2024. Ap\u00f3s aprova\u00e7\u00e3o do calend\u00e1rio pelo Conselho Deliberativo do Fundo de Amparo ao Trabalhador (Codefat), o come\u00e7o dos repasses acontecer\u00e1 no dia <strong>15 de fevereiro<\/strong>.<\/p>\n<p>O <strong>PIS\/Pasep<\/strong> \u00e9 considerado o 14\u00ba sal\u00e1rio dos trabalhadores. O abono salarial ser\u00e1 pago a 24,67 milh\u00f5es de trabalhadores do Brasil. Em resumo, 21,95 milh\u00f5es s\u00e3o profissionais da iniciativa privada e ir\u00e3o receber R$ 19,8 bilh\u00f5es. Por sua vez, 2,72 milh\u00f5es de servidores p\u00fablicos, empregados de estatais e militares receber\u00e3o R$ 2,7 bilh\u00f5es.<\/p>\n<p>A saber, a <a href=\"https:\/\/noticiasconcursos.com.br\/tag\/caixa\/\">Caixa Econ\u00f4mica Federal<\/a> (CEF) \u00e9 respons\u00e1vel pelo pagamento do Programa de Integra\u00e7\u00e3o Social (PIS), enquanto o Banco do Brasil (BB) repassa os valores referentes ao Programa de Forma\u00e7\u00e3o do Patrim\u00f4nio do Servidor P\u00fablico (Pasep).<\/p>\n<figure id=\"attachment_779687\" aria-describedby=\"caption-attachment-779687\" style=\"width: 750px\" class=\"wp-caption alignnone\"><img data-recalc-dims=\"1\" fetchpriority=\"high\" decoding=\"async\" class=\"wp-image-779687 size-publisher-lg lazy\" alt=\"Pagamento do PIS\/Pasep 2024 ter\u00e3o in\u00edcio no dia 15 de fevereiro\" width=\"750\" height=\"430\" src=\"https:\/\/i0.wp.com\/noticiasconcursos.com.br\/wp-content\/uploads\/2023\/12\/noticiasconcursos.com.br-pispasep-2024-pagamentos-comecam-em-fevereiro-confira-o-calendario-real-agencia-brasil-1-750x430.jpg?resize=750%2C430&#038;ssl=1\" loading=\"lazy\"\/><noscript><img data-recalc-dims=\"1\" fetchpriority=\"high\" decoding=\"async\" class=\"wp-image-779687 size-publisher-lg\" alt=\"Pagamento do PIS\/Pasep 2024 ter\u00e3o in\u00edcio no dia 15 de fevereiro\" width=\"750\" height=\"430\" src=\"https:\/\/i0.wp.com\/noticiasconcursos.com.br\/wp-content\/uploads\/2023\/12\/noticiasconcursos.com.br-pispasep-2024-pagamentos-comecam-em-fevereiro-confira-o-calendario-real-agencia-brasil-1-750x430.jpg?resize=750%2C430&#038;ssl=1\"\/><\/noscript><noscript><img data-recalc-dims=\"1\" fetchpriority=\"high\" decoding=\"async\" class=\"wp-image-779687 size-publisher-lg\" src=\"https:\/\/i0.wp.com\/noticiasconcursos.com.br\/wp-content\/uploads\/2023\/12\/noticiasconcursos.com.br-pispasep-2024-pagamentos-comecam-em-fevereiro-confira-o-calendario-real-agencia-brasil-1-750x430.jpg?resize=750%2C430&#038;ssl=1\" alt=\"Pagamento do PIS\/Pasep 2024 ter\u00e3o in\u00edcio no dia 15 de fevereiro\" width=\"750\" height=\"430\"\/><\/noscript><figcaption id=\"caption-attachment-779687\" class=\"wp-caption-text\"><em>Pagamento do PIS\/Pasep 2024 ter\u00e3o in\u00edcio no dia 15 de fevereiro. Imagem: Ag\u00eancia Brasil.<\/em><\/figcaption><\/figure>\n<h2><strong>Entenda o pagamento do PIS\/Pasep<\/strong><\/h2>\n<p>Em resumo, o Governo Federal paga todos os anos o <a href=\"https:\/\/noticiasconcursos.com.br\/pis-2024-tem-novo-valor-definido-veja-como-sacar-o-abono\/\">abono salarial<\/a> aos trabalhadores do pa\u00eds. Ali\u00e1s, esse pagamento acontecia sempre no ano seguinte ao trabalhado. Por exemplo, quem trabalhou em 2018 recebeu o abono no ano seguinte, em 2019. Contudo, esse modelo de pagamento passou por uma grande mudan\u00e7a nos \u00faltimos anos.<\/p>\n<p>Com a chegada da pandemia da covid-19, o <a href=\"https:\/\/noticiasconcursos.com.br\/bolsa-familia-governo-inclui-190-mil-familias-em-dezembro\/\">governo federal<\/a> modificou o cronograma de pagamento do abono salarial. Em s\u00edntese, o valor que seria destinado ao pagamento do <strong>PIS\/Pasep<\/strong> em 2021 seguiu para a cria\u00e7\u00e3o do Programa Emergencial de Manuten\u00e7\u00e3o do Emprego e da Renda (BEm).<\/p>\n<p>Isso quer dizer que o pagamento do <a href=\"https:\/\/noticiasconcursos.com.br\/pis-pasep-2024-calendario-ja-liberado\/\"><strong>PIS\/Pasep<\/strong><\/a> referente a 2020, que deveria ter acontecido em 2021, s\u00f3 ocorreu no ano seguinte, em 2022. Como a pandemia provocou a perda de milh\u00f5es de empregos no pa\u00eds, o governo federal criou aux\u00edlios para ajudar a popula\u00e7\u00e3o desamparada do pa\u00eds. Assim, milh\u00f5es de trabalhadores sofreram com o atraso do pagamento do PIS\/Pasep, j\u00e1 que estes valores seguiram para \u00e1reas mais afetadas.<\/p>\n<p>Esse novo calend\u00e1rio continua em vigor no pa\u00eds. Assim, o pagamento do abono que o governo federal vai promover em 2024 se refere ao PIS\/Pasep de ano-base 2022. Ent\u00e3o, as pessoas que trabalharam com carteira assinada ou atuaram no servi\u00e7o p\u00fablico em 2022 poder\u00e3o sacar o valor do abono a partir de fevereiro de 2024.<\/p>\n<div class=\"bs-irp left bs-irp-thumbnail-1\">\n<p>&#13;<br \/><span class=\"h-text heading-typo\">Voc\u00ea tamb\u00e9m pode gostar:<\/span>&#13; <\/p>\n<\/p><\/div>\n<h2><strong>Calend\u00e1rio dos dep\u00f3sitos do PIS\/Pasep<\/strong><\/h2>\n<p>Para quem n\u00e3o sabe, o pagamento do <a href=\"https:\/\/brasil123.com.br\/grande-mudanca-no-calendario-do-pis-pasep-vai-afetar-pagamentos-entenda\/\"><strong>PIS\/Pasep<\/strong><\/a> acontece em duas fases. A primeira delas se refere aos trabalhadores formais de empresas privadas do pa\u00eds, que estejam inscritos no Programa de Integra\u00e7\u00e3o Social (PIS). A prop\u00f3sito, a <a href=\"https:\/\/noticiasconcursos.com.br\/caixa-tem-pode-ter-restricoes-que-impedirao-muitos-brasileiros-de-receber-hoje-13\/\">Caixa Econ\u00f4mica<\/a> realiza a libera\u00e7\u00e3o desses repasses, conforme o m\u00eas de nascimento do trabalhador.<\/p>\n<p>J\u00e1 a segunda fase de pagamentos do abono atende servidores p\u00fablicos inscritos no Programa de Forma\u00e7\u00e3o do Patrim\u00f4nio do Servidor P\u00fablico (PASEP). Nesse caso, o Banco do Brasil realiza os repasses de acordo com o n\u00famero final da inscri\u00e7\u00e3o do trabalhador.<\/p>\n<p>Confira abaixo o calend\u00e1rio de pagamentos do <strong>PIS 2024<\/strong>, conforme o m\u00eas de nascimento do trabalhador:<\/p>\n<ul>\n<li><strong>Janeiro:<\/strong>\u00a015 de fevereiro;<\/li>\n<li><strong>Fevereiro:<\/strong> 15 de mar\u00e7o;<\/li>\n<li><strong>Mar\u00e7o e Abril:<\/strong> 15 de abril;<\/li>\n<li><strong>Maio e Junho:<\/strong> 15 de maio;<\/li>\n<li><strong>Julho e Agosto:<\/strong> 17 de junho;<\/li>\n<li><strong>Setembro e Outubro:<\/strong> 15 de julho;<\/li>\n<li><strong>Novembro e Dezembro:<\/strong> 17 de agosto.<\/li>\n<\/ul>\n<p>Por sua vez, os servidores p\u00fablicos que t\u00eam direito ao <strong>PASEP 2024<\/strong> poder\u00e3o sacar o abono nas seguintes datas:<\/p>\n<ul>\n<li><strong>Final da inscri\u00e7\u00e3o 0:<\/strong> 15 de fevereiro;<\/li>\n<li><strong>Final da inscri\u00e7\u00e3o 1:<\/strong> 15 de mar\u00e7o;<\/li>\n<li><strong>Final da inscri\u00e7\u00e3o 2 e 3:<\/strong> 15 de abril;<\/li>\n<li><strong>Final da inscri\u00e7\u00e3o 4 e 5:<\/strong> 15 de maio;<\/li>\n<li><strong>Final da inscri\u00e7\u00e3o 6 e 7:<\/strong> 17 de junho;<\/li>\n<li><strong>Final da inscri\u00e7\u00e3o 8:<\/strong> 15 de julho;<\/li>\n<li><strong>Final da inscri\u00e7\u00e3o 9:<\/strong> 17 de agosto.<\/li>\n<\/ul>\n<h2><strong>Valores do abono salarial<\/strong><\/h2>\n<p>Ainda n\u00e3o h\u00e1 informa\u00e7\u00f5es oficiais sobre o valor do PIS\/Pasep 2024, pois isso depende do valor vigente do sal\u00e1rio m\u00ednimo. Como ainda n\u00e3o houve aprova\u00e7\u00e3o do novo piso nacional para o ano que vem, n\u00e3o h\u00e1 como indicar os valores do abono salarial.<\/p>\n<p>Ainda assim, o sal\u00e1rio m\u00ednimo previsto para 2024 \u00e9 de R$ 1.413. Caso o valor se confirme, os <a href=\"https:\/\/noticiasconcursos.com.br\/trabalhadores-de-app-terao-remuneracao-minima-veja-valores\/\"><strong>trabalhadores<\/strong><\/a> poder\u00e3o receber um valor entre R$ 108,50 e R$ 1.413, a depender da quantidade de meses trabalhados em 2022.<\/p>\n<p>De acordo com a <a href=\"https:\/\/www.planalto.gov.br\/ccivil_03\/_ato2015-2018\/2015\/lei\/l13134.htm\">Lei 13.134\/15<\/a>, \u201c<em>o PIS\/Pasep passou a ter valor proporcional ao tempo de servi\u00e7o do trabalhador no ano-base em quest\u00e3o. O c\u00e1lculo do valor do benef\u00edcio corresponde ao n\u00famero de meses trabalhados no ano-base multiplicado por 1\/12 do valor do sal\u00e1rio m\u00ednimo vigente na data do pagamento<\/em>\u201c, informa a <a href=\"https:\/\/noticiasconcursos.com.br\/caixa-anuncia-liberacao-de-r-1-05000-do-bolsa-familia-saiba-como-sacar\/\">Caixa Econ\u00f4mica<\/a>.<\/p>\n<h2><strong>Quem tem direito ao PIS\/Pasep?<\/strong><\/h2>\n<p>Em suma, o trabalhador s\u00f3 ter\u00e1 direito ao saque do <a href=\"https:\/\/noticiasconcursos.com.br\/pis-pasep-abono-salarial-nao-foi-sacado-por-mais-de-500-mil-brasileiros\/\">PIS\/PASEP de 2024<\/a> se atender os seguintes requisitos:<\/p>\n<ul>\n<li>Ter trabalhado com carteira assinada por pelo menos 30 dias no ano de 2022;<\/li>\n<li>Ter recebido, em m\u00e9dia, at\u00e9 2 sal\u00e1rios m\u00ednimos por m\u00eas com carteira assinada naquele ano;<\/li>\n<li>Possuir inscri\u00e7\u00e3o no PIS ou Pasep h\u00e1 pelo menos 5 anos, contados at\u00e9 2022;<\/li>\n<li>Estar com os seus dados atualizados pelo empregador na Rela\u00e7\u00e3o Anual de Informa\u00e7\u00f5es Sociais (Rais) ou eSocial.<\/li>\n<\/ul>\n<p>Os trabalhadores que se enquadrarem nesses requisitos ter\u00e3o direito ao pagamento do <a href=\"https:\/\/noticiasconcursos.com.br\/direitos-trabalhador\/pis-pasep\/\"><strong>PIS\/Pasep<\/strong><\/a> de 2023. Cabe salientar que os dep\u00f3sitos chegar\u00e3o ao fim no dia 17 de agosto, contudo, <strong>os saques poder\u00e3o ser feitos at\u00e9 o dia 27 de dezembro de 2024<\/strong>.<\/p>\n<\/p><\/div>\n<p><br \/>\n<br \/><a href=\"https:\/\/ismaelcolosi.com.br\/pagamentos-comecam-em-fevereiro-veja-datas\/\">Source link <\/a><\/p>\n<!-- CONTENT END 1 -->\n","protected":false},"excerpt":{"rendered":"<p>O governo federal informou nesta quarta-feira (13) a data de in\u00edcio dos pagamentos do PIS\/Pasep em 2024. Ap\u00f3s aprova\u00e7\u00e3o do calend\u00e1rio pelo Conselho Deliberativo do&#8230;<\/p>\n","protected":false},"author":1,"featured_media":15672,"comment_status":"open","ping_status":"open","sticky":false,"template":"","format":"standard","meta":{"advanced_seo_description":"","jetpack_seo_html_title":"","jetpack_seo_noindex":false,"jetpack_post_was_ever_published":false,"_jetpack_newsletter_access":"","_jetpack_dont_email_post_to_subs":false,"_jetpack_newsletter_tier_id":0,"_jetpack_memberships_contains_paywalled_content":false,"_jetpack_memberships_contains_paid_content":false,"footnotes":"","jetpack_publicize_message":"","jetpack_publicize_feature_enabled":true,"jetpack_social_post_already_shared":true,"jetpack_social_options":{"image_generator_settings":{"template":"highway","default_image_id":0,"font":"","enabled":false},"version":2}},"categories":[7],"tags":[],"class_list":["post-15671","post","type-post","status-publish","format-standard","has-post-thumbnail","hentry","category-vagas-de-empregos-em-ribeirao-preto-regiao-brasil"],"jetpack_publicize_connections":[],"jetpack_featured_media_url":"https:\/\/i0.wp.com\/noticiasribeiraopreto.com.br\/wp-content\/uploads\/2023\/12\/noticiasconcursos.com_.br-pispasep-2024-pagamentos-comecam-em-fevereiro-confira-o-calendario-real-agencia-brasil-1-750x430.jpg?fit=750%2C430&ssl=1","jetpack-related-posts":[{"id":11747,"url":"https:\/\/noticiasribeiraopreto.com.br\/index.php\/2023\/12\/06\/pis-pasep-2023-esquecido-soma-r-755-milhoes\/","url_meta":{"origin":15671,"position":0},"title":"PIS\/Pasep 2023 esquecido soma R$ 75,5 MILH\u00d5ES","author":"noticiasribeiraopreto.com.br","date":"6 de December de 2023","format":false,"excerpt":"Os trabalhadores do pa\u00eds ainda podem sacar uma grana extra em dezembro. A saber, o Governo Federal continua realizando o pagamento do PIS\/Pasep de 2023, atrav\u00e9s da parceria que mant\u00e9m com a Caixa Econ\u00f4mica Federal (CEF) e o Banco do Brasil (BB). Na verdade, a libera\u00e7\u00e3o do PIS\/Pasep em 2023\u2026","rel":"","context":"In &quot;Vagas de Emprego em Ribeir\u00e3o Preto-SP&quot;","block_context":{"text":"Vagas de Emprego em Ribeir\u00e3o Preto-SP","link":"https:\/\/noticiasribeiraopreto.com.br\/index.php\/category\/empregos-classificados-vagas-trabalho\/vagas-de-empregos-em-ribeirao-preto-regiao-brasil\/"},"img":{"alt_text":"","src":"https:\/\/i0.wp.com\/noticiasribeiraopreto.com.br\/wp-content\/uploads\/2023\/12\/noticiasconcursos.com_.br-pispasep-2023-esquecido-soma-r-755-milhoes-prazo-chega-ao-fim-em-poucos-dias-real-agencia-brasil-750x430.jpg?fit=750%2C430&ssl=1&resize=350%2C200","width":350,"height":200,"srcset":"https:\/\/i0.wp.com\/noticiasribeiraopreto.com.br\/wp-content\/uploads\/2023\/12\/noticiasconcursos.com_.br-pispasep-2023-esquecido-soma-r-755-milhoes-prazo-chega-ao-fim-em-poucos-dias-real-agencia-brasil-750x430.jpg?fit=750%2C430&ssl=1&resize=350%2C200 1x, https:\/\/i0.wp.com\/noticiasribeiraopreto.com.br\/wp-content\/uploads\/2023\/12\/noticiasconcursos.com_.br-pispasep-2023-esquecido-soma-r-755-milhoes-prazo-chega-ao-fim-em-poucos-dias-real-agencia-brasil-750x430.jpg?fit=750%2C430&ssl=1&resize=525%2C300 1.5x, https:\/\/i0.wp.com\/noticiasribeiraopreto.com.br\/wp-content\/uploads\/2023\/12\/noticiasconcursos.com_.br-pispasep-2023-esquecido-soma-r-755-milhoes-prazo-chega-ao-fim-em-poucos-dias-real-agencia-brasil-750x430.jpg?fit=750%2C430&ssl=1&resize=700%2C400 2x"},"classes":[]},{"id":18980,"url":"https:\/\/noticiasribeiraopreto.com.br\/index.php\/2023\/12\/21\/datas-de-pagamento-do-pis-pasep-em-2024-sao-liberadas\/","url_meta":{"origin":15671,"position":1},"title":"Datas de pagamento do PIS\/Pasep em 2024 s\u00e3o LIBERADAS!","author":"noticiasribeiraopreto.com.br","date":"21 de December de 2023","format":false,"excerpt":"O Conselho Deliberativo do Fundo de Amparo do Trabalhador (Codefat), aprovou o calend\u00e1rio de pagamento do Abono Salarial PIS\/Pasep de 2024, relativo ao ano-base 2022. Cr\u00e9ditos: Jos\u00e9 Cruz\/Ag\u00eancia BrasilDatas de pagamento do PIS\/Pasep em 2024 s\u00e3o LIBERADAS! A estimativa \u00e9 que cerca de 24,5 milh\u00f5es de trabalhadores recebam o abono\u2026","rel":"","context":"In &quot;Variedades&quot;","block_context":{"text":"Variedades","link":"https:\/\/noticiasribeiraopreto.com.br\/index.php\/category\/variedades\/"},"img":{"alt_text":"","src":"https:\/\/i0.wp.com\/noticiasribeiraopreto.com.br\/wp-content\/uploads\/2023\/12\/1703176547_pis-pasep-beneficio-2.jpg?fit=1200%2C638&ssl=1&resize=350%2C200","width":350,"height":200,"srcset":"https:\/\/i0.wp.com\/noticiasribeiraopreto.com.br\/wp-content\/uploads\/2023\/12\/1703176547_pis-pasep-beneficio-2.jpg?fit=1200%2C638&ssl=1&resize=350%2C200 1x, https:\/\/i0.wp.com\/noticiasribeiraopreto.com.br\/wp-content\/uploads\/2023\/12\/1703176547_pis-pasep-beneficio-2.jpg?fit=1200%2C638&ssl=1&resize=525%2C300 1.5x, https:\/\/i0.wp.com\/noticiasribeiraopreto.com.br\/wp-content\/uploads\/2023\/12\/1703176547_pis-pasep-beneficio-2.jpg?fit=1200%2C638&ssl=1&resize=700%2C400 2x, https:\/\/i0.wp.com\/noticiasribeiraopreto.com.br\/wp-content\/uploads\/2023\/12\/1703176547_pis-pasep-beneficio-2.jpg?fit=1200%2C638&ssl=1&resize=1050%2C600 3x"},"classes":[]},{"id":22471,"url":"https:\/\/noticiasribeiraopreto.com.br\/index.php\/2023\/12\/29\/pis-pasep-ano-base-2022-sera-pago-com-valor-maior-e-alegra-trabalhador\/","url_meta":{"origin":15671,"position":2},"title":"PIS\/Pasep ano-base 2022 ser\u00e1 pago com valor maior e alegra trabalhador","author":"noticiasribeiraopreto.com.br","date":"29 de December de 2023","format":false,"excerpt":"O Conselho Deliberativo do Fundo de Amparo do Trabalhador (Codefat), aprovou o calend\u00e1rio de pagamento do Abono Salarial PIS\/Pasep de 2024, relativo ao ano-base 2022. Cr\u00e9ditos: Ag\u00eancia Brasil\/Marcello Casal JrPIS\/Pasep ano-base 2022 ser\u00e1 pago com valor maior e alegra trabalhador A estimativa \u00e9 que cerca de 24,5 milh\u00f5es de trabalhadores\u2026","rel":"","context":"In &quot;Variedades&quot;","block_context":{"text":"Variedades","link":"https:\/\/noticiasribeiraopreto.com.br\/index.php\/category\/variedades\/"},"img":{"alt_text":"","src":"https:\/\/i0.wp.com\/noticiasribeiraopreto.com.br\/wp-content\/uploads\/2023\/12\/1703901344_pis-pasep-confira-a-lista-completa-de-quem-pode-receber-este-mes-1.jpg?fit=1200%2C638&ssl=1&resize=350%2C200","width":350,"height":200,"srcset":"https:\/\/i0.wp.com\/noticiasribeiraopreto.com.br\/wp-content\/uploads\/2023\/12\/1703901344_pis-pasep-confira-a-lista-completa-de-quem-pode-receber-este-mes-1.jpg?fit=1200%2C638&ssl=1&resize=350%2C200 1x, https:\/\/i0.wp.com\/noticiasribeiraopreto.com.br\/wp-content\/uploads\/2023\/12\/1703901344_pis-pasep-confira-a-lista-completa-de-quem-pode-receber-este-mes-1.jpg?fit=1200%2C638&ssl=1&resize=525%2C300 1.5x, https:\/\/i0.wp.com\/noticiasribeiraopreto.com.br\/wp-content\/uploads\/2023\/12\/1703901344_pis-pasep-confira-a-lista-completa-de-quem-pode-receber-este-mes-1.jpg?fit=1200%2C638&ssl=1&resize=700%2C400 2x, https:\/\/i0.wp.com\/noticiasribeiraopreto.com.br\/wp-content\/uploads\/2023\/12\/1703901344_pis-pasep-confira-a-lista-completa-de-quem-pode-receber-este-mes-1.jpg?fit=1200%2C638&ssl=1&resize=1050%2C600 3x"},"classes":[]},{"id":18819,"url":"https:\/\/noticiasribeiraopreto.com.br\/index.php\/2023\/12\/21\/datas-do-proximo-ciclo-de-pagamentos-empolga-trabalhadores\/","url_meta":{"origin":15671,"position":3},"title":"Datas do pr\u00f3ximo ciclo de pagamentos empolga trabalhadores","author":"noticiasribeiraopreto.com.br","date":"21 de December de 2023","format":false,"excerpt":"O Conselho Deliberativo do Fundo de Amparo do Trabalhador (Codefat), aprovou o calend\u00e1rio de pagamento do Abono Salarial PIS\/Pasep de 2024, relativo ao ano-base 2022. Cr\u00e9ditos: Jos\u00e9 Cruz\/Ag\u00eancia BrasilPIS\/Pasep: Datas do pr\u00f3ximo ciclo de pagamentos empolga trabalhadores A estimativa \u00e9 que cerca de 24,5 milh\u00f5es de trabalhadores recebam o abono\u2026","rel":"","context":"In &quot;Variedades&quot;","block_context":{"text":"Variedades","link":"https:\/\/noticiasribeiraopreto.com.br\/index.php\/category\/variedades\/"},"img":{"alt_text":"","src":"https:\/\/i0.wp.com\/noticiasribeiraopreto.com.br\/wp-content\/uploads\/2023\/12\/1703146963_pis-pasep-beneficio-2.jpg?fit=1200%2C638&ssl=1&resize=350%2C200","width":350,"height":200,"srcset":"https:\/\/i0.wp.com\/noticiasribeiraopreto.com.br\/wp-content\/uploads\/2023\/12\/1703146963_pis-pasep-beneficio-2.jpg?fit=1200%2C638&ssl=1&resize=350%2C200 1x, https:\/\/i0.wp.com\/noticiasribeiraopreto.com.br\/wp-content\/uploads\/2023\/12\/1703146963_pis-pasep-beneficio-2.jpg?fit=1200%2C638&ssl=1&resize=525%2C300 1.5x, https:\/\/i0.wp.com\/noticiasribeiraopreto.com.br\/wp-content\/uploads\/2023\/12\/1703146963_pis-pasep-beneficio-2.jpg?fit=1200%2C638&ssl=1&resize=700%2C400 2x, https:\/\/i0.wp.com\/noticiasribeiraopreto.com.br\/wp-content\/uploads\/2023\/12\/1703146963_pis-pasep-beneficio-2.jpg?fit=1200%2C638&ssl=1&resize=1050%2C600 3x"},"classes":[]},{"id":19294,"url":"https:\/\/noticiasribeiraopreto.com.br\/index.php\/2023\/12\/22\/descubra-quem-vai-receber-pis-pasep-em-2024-e-quando-sera-o-pagamento\/","url_meta":{"origin":15671,"position":4},"title":"Descubra quem vai receber PIS\/Pasep em 2024 e quando ser\u00e1 o pagamento","author":"noticiasribeiraopreto.com.br","date":"22 de December de 2023","format":false,"excerpt":"O Conselho Deliberativo do Fundo de Amparo do Trabalhador (Codefat), aprovou o calend\u00e1rio de pagamento do Abono Salarial PIS\/Pasep de 2024, relativo ao ano-base 2022. Cr\u00e9ditos: Istock\/Joa_SouzaDescubra quem vai receber PIS\/Pasep em 2024 e quando sera o pagamento A estimativa \u00e9 que cerca de 24,5 milh\u00f5es de trabalhadores recebam o\u2026","rel":"","context":"In &quot;Variedades&quot;","block_context":{"text":"Variedades","link":"https:\/\/noticiasribeiraopreto.com.br\/index.php\/category\/variedades\/"},"img":{"alt_text":"","src":"https:\/\/i0.wp.com\/noticiasribeiraopreto.com.br\/wp-content\/uploads\/2023\/12\/istock-1264766692.jpg?fit=1200%2C638&ssl=1&resize=350%2C200","width":350,"height":200,"srcset":"https:\/\/i0.wp.com\/noticiasribeiraopreto.com.br\/wp-content\/uploads\/2023\/12\/istock-1264766692.jpg?fit=1200%2C638&ssl=1&resize=350%2C200 1x, https:\/\/i0.wp.com\/noticiasribeiraopreto.com.br\/wp-content\/uploads\/2023\/12\/istock-1264766692.jpg?fit=1200%2C638&ssl=1&resize=525%2C300 1.5x, https:\/\/i0.wp.com\/noticiasribeiraopreto.com.br\/wp-content\/uploads\/2023\/12\/istock-1264766692.jpg?fit=1200%2C638&ssl=1&resize=700%2C400 2x, https:\/\/i0.wp.com\/noticiasribeiraopreto.com.br\/wp-content\/uploads\/2023\/12\/istock-1264766692.jpg?fit=1200%2C638&ssl=1&resize=1050%2C600 3x"},"classes":[]},{"id":18084,"url":"https:\/\/noticiasribeiraopreto.com.br\/index.php\/2023\/12\/19\/saiba-quais-sao-as-datas-de-pagamento-do-pis-pasep-2024\/","url_meta":{"origin":15671,"position":5},"title":"Saiba quais s\u00e3o as datas de pagamento do PIS\/Pasep 2024","author":"noticiasribeiraopreto.com.br","date":"19 de December de 2023","format":false,"excerpt":"O Conselho Deliberativo do Fundo de Amparo do Trabalhador (Codefat), aprovou o calend\u00e1rio de pagamento do Abono Salarial PIS\/Pasep de 2024, relativo ao ano-base 2022. Cr\u00e9ditos: Istock\/IltonRogerioSaiba AGORA e SEM RODEIOS, as datas de pagamento do PIS\/Pasep 2024 A estimativa \u00e9 que cerca de 24,5 milh\u00f5es de trabalhadores recebam o\u2026","rel":"","context":"In &quot;Variedades&quot;","block_context":{"text":"Variedades","link":"https:\/\/noticiasribeiraopreto.com.br\/index.php\/category\/variedades\/"},"img":{"alt_text":"","src":"https:\/\/i0.wp.com\/noticiasribeiraopreto.com.br\/wp-content\/uploads\/2023\/12\/1703019748_istock-992913920.jpg?fit=1200%2C638&ssl=1&resize=350%2C200","width":350,"height":200,"srcset":"https:\/\/i0.wp.com\/noticiasribeiraopreto.com.br\/wp-content\/uploads\/2023\/12\/1703019748_istock-992913920.jpg?fit=1200%2C638&ssl=1&resize=350%2C200 1x, https:\/\/i0.wp.com\/noticiasribeiraopreto.com.br\/wp-content\/uploads\/2023\/12\/1703019748_istock-992913920.jpg?fit=1200%2C638&ssl=1&resize=525%2C300 1.5x, https:\/\/i0.wp.com\/noticiasribeiraopreto.com.br\/wp-content\/uploads\/2023\/12\/1703019748_istock-992913920.jpg?fit=1200%2C638&ssl=1&resize=700%2C400 2x, https:\/\/i0.wp.com\/noticiasribeiraopreto.com.br\/wp-content\/uploads\/2023\/12\/1703019748_istock-992913920.jpg?fit=1200%2C638&ssl=1&resize=1050%2C600 3x"},"classes":[]}],"jetpack_sharing_enabled":true,"jetpack_shortlink":"https:\/\/wp.me\/peQAOb-44L","_links":{"self":[{"href":"https:\/\/noticiasribeiraopreto.com.br\/index.php\/wp-json\/wp\/v2\/posts\/15671","targetHints":{"allow":["GET"]}}],"collection":[{"href":"https:\/\/noticiasribeiraopreto.com.br\/index.php\/wp-json\/wp\/v2\/posts"}],"about":[{"href":"https:\/\/noticiasribeiraopreto.com.br\/index.php\/wp-json\/wp\/v2\/types\/post"}],"author":[{"embeddable":true,"href":"https:\/\/noticiasribeiraopreto.com.br\/index.php\/wp-json\/wp\/v2\/users\/1"}],"replies":[{"embeddable":true,"href":"https:\/\/noticiasribeiraopreto.com.br\/index.php\/wp-json\/wp\/v2\/comments?post=15671"}],"version-history":[{"count":0,"href":"https:\/\/noticiasribeiraopreto.com.br\/index.php\/wp-json\/wp\/v2\/posts\/15671\/revisions"}],"wp:featuredmedia":[{"embeddable":true,"href":"https:\/\/noticiasribeiraopreto.com.br\/index.php\/wp-json\/wp\/v2\/media\/15672"}],"wp:attachment":[{"href":"https:\/\/noticiasribeiraopreto.com.br\/index.php\/wp-json\/wp\/v2\/media?parent=15671"}],"wp:term":[{"taxonomy":"category","embeddable":true,"href":"https:\/\/noticiasribeiraopreto.com.br\/index.php\/wp-json\/wp\/v2\/categories?post=15671"},{"taxonomy":"post_tag","embeddable":true,"href":"https:\/\/noticiasribeiraopreto.com.br\/index.php\/wp-json\/wp\/v2\/tags?post=15671"}],"curies":[{"name":"wp","href":"https:\/\/api.w.org\/{rel}","templated":true}]}}