{"id":15693,"date":"2023-12-14T07:20:12","date_gmt":"2023-12-14T10:20:12","guid":{"rendered":"https:\/\/noticiasribeiraopreto.com.br\/index.php\/2023\/12\/14\/weg-wege3-queridinha-da-bolsa-vai-continuar-crescendo\/"},"modified":"2023-12-14T07:20:12","modified_gmt":"2023-12-14T10:20:12","slug":"weg-wege3-queridinha-da-bolsa-vai-continuar-crescendo","status":"publish","type":"post","link":"https:\/\/noticiasribeiraopreto.com.br\/index.php\/2023\/12\/14\/weg-wege3-queridinha-da-bolsa-vai-continuar-crescendo\/","title":{"rendered":"WEG (WEGE3): \u2018queridinha da bolsa\u2019 vai continuar crescendo?"},"content":{"rendered":"<div class='code-block code-block-1' style='margin: 8px 0 8px auto; text-align: right; display: block; clear: both;'>\n<p><a href=\"https:\/\/wa.link\/vpicfd\"><img data-recalc-dims=\"1\" class=\"wp-image-4922\" style=\"aspect-ratio: 2.0253164556962027; width: 561px; height: auto;\" src=\"https:\/\/i0.wp.com\/ismaelcolosi.com.br\/wp-content\/uploads\/2023\/11\/grupo-de-empregos-whatsapp-e-facebook-ismael-colosi-vagas.jpg?ssl=1\" alt=\"\" \/><\/a><\/p>\n<!-- \/wp:image -->\n<\/div>\n<p> <br \/>\n<\/p>\n<div id=\"js-first-letter\">\n<p>Nos \u00faltimos anos, os pap\u00e9is da WEG apresentaram um crescimento impressionante na bolsa de valores brasileira por conta do igualmente expressivo desempenho da companhia no mercado. Mas, nesses \u00faltimos 12 meses, <strong>a multinacional de origem sulista parece ter deixado um pouco a desejar em termos de valoriza\u00e7\u00e3o.<\/strong> Enquanto o principal \u00edndice utilizado para comparar a\u00e7\u00f5es (Ibovespa) subiu 15%, ela caiu cerca de 9%.\u00a0<\/p>\n<p>A princ\u00edpio, isso pode parecer um bom motivo para afugentar os investidores em 2024, por\u00e9m, n\u00e3o \u00e9 isso o que deve acontecer. <strong>A WEG continua sendo a \u2018queridinha\u2019 da Faria Lima e outros p\u00f3los financeiros espalhados mundo afora<\/strong>, segundo o analista da Empiricus Research, Enzo Pacheco. No programa Giro do Mercado, ele disse que trata-se de uma empresa resiliente e com alto potencial de lucro.\u00a0<\/p>\n<p>\u201cA WEG cresce mais de dois d\u00edgitos ao ano h\u00e1 quase duas d\u00e9cadas. \u00c9 um crescimento acelerado que ganhou ainda mais corpo na pandemia porque os competidores n\u00e3o estavam conseguindo atender a demanda. Em 2023, essa hist\u00f3ria come\u00e7ou a mudar porque as coisas se normalizaram. <strong>O que estamos vendo agora \u00e9 apenas uma desacelera\u00e7\u00e3o de um desempenho anormal\u201d<\/strong>.<\/p>\n<h2 class=\"wp-block-heading\" id=\"h-danca-das-cadeiras\"><strong>Dan\u00e7a das cadeiras<\/strong><\/h2>\n<p>De acordo com Harry Schmelzer Jr, CEO da fabricante de equipamentos para o setor el\u00e9trico, <strong>esse per\u00edodo de normaliza\u00e7\u00e3o deve continuar em 2024, mas logo se encerrar no ano seguinte<\/strong>. \u201cPara 2025, o cen\u00e1rio \u00e9 mais positivo, com bons padr\u00f5es de PIB globais, que devem impulsionar a demanda\u201d, afirmou em um evento destinado a investidores.<\/p>\n<p>Quando isso acontecer, entretanto, j\u00e1 n\u00e3o ser\u00e1 ele o respons\u00e1vel por conduzir a companhia:<strong> em abril, o atual superintendente da divis\u00e3o de motores el\u00e9tricos industriais, Alberto Kuba, assume seu posto<\/strong>.<\/p>\n<p>&#8220;Nesse momento do an\u00fancio da minha sucess\u00e3o, me vem uma lembran\u00e7a. Quando assumi a presid\u00eancia, o D\u00e9cio [\u00e0 \u00e9poca CEO e agora membro do conselho] me deu um quadro com uma corrida de revezamento. Foi muito simb\u00f3lica essa forma de &#8216;passar o bast\u00e3o&#8217;. Hoje, chegou o meu momento de \u2018entreg\u00e1-lo\u2019 para o pr\u00f3ximo presidente e fico muito contente que a WEG teve v\u00e1rios &#8216;atletas&#8217; considerados para essa corrida&#8221;, disse Schmelzer Jr.<\/p>\n<p>Dentre os desafios a serem enfrentados por Kuba, destacam-se a <strong>incorpora\u00e7\u00e3o da Regal Rexnord (maior aquisi\u00e7\u00e3o da empresa at\u00e9 o momento) e os investimentos nas frentes de mobilidade el\u00e9trica e transmiss\u00e3o\/distribui\u00e7\u00e3o de energia<\/strong>.<\/p>\n<h2 class=\"wp-block-heading\" id=\"h-weg-em-2024\"><strong>WEG em 2024<\/strong><\/h2>\n<p>Na vis\u00e3o dos analistas da Empiricus Research, \u201cos executivos apresentaram um portf\u00f3lio de produtos que podem ganhar corpo\u201d e a mudan\u00e7a de lideran\u00e7a n\u00e3o representa um empecilho para a continuidade do bom desempenho da empresa.\u00a0<\/p>\n<p>Por isso, defendem categoricamente que<strong> vale a pena incluir ou manter WEGE3 na carteira em 2024<\/strong>.\u00a0<\/p>\n<p><em>\u201cH\u00e1 oportunidades para frente que justificam o posicionamento do investidor\u201d &#8211; Enzo Pacheco, especialista em finan\u00e7as.<\/em><\/p>\n<p>A confian\u00e7a \u00e9 tanta que, por enquanto, a<strong> WEG continua na lista de 10 a\u00e7\u00f5es recomendadas <\/strong>pela maior casa de an\u00e1lise independente do Brasil. Essas indica\u00e7\u00f5es s\u00e3o revisadas mensalmente e, apenas em novembro, trouxeram um <strong>retorno de 11,8% <\/strong>para quem as seguiu.\u00a0<\/p>\n<p>Isso significa que, <strong>com um investimento de R$ 5 mil, seria poss\u00edvel acumular mais de R$ 500 em meros trinta dias<\/strong>. Apesar de n\u00e3o parecer muito para alguns, trata-se de um dinheiro que o investidor pode ganhar apenas por deixar uma quantia de seu patrim\u00f4nio alocado nas empresas certas.\u00a0<\/p>\n<p>Clicando no link abaixo, voc\u00ea confere os tickers recomendados pela Empiricus Research para buscar lucros.<\/p>\n<\/div>\n<p><br \/>\n<br \/><a href=\"https:\/\/www.seudinheiro.com\/2023\/patrocinado\/empiricus\/weg-wege3-queridinha-da-bolsa-vai-continuar-crescendo-lbrdlh059\/\">Source link <\/a><\/p>\n<!-- CONTENT END 1 -->\n","protected":false},"excerpt":{"rendered":"<p>Nos \u00faltimos anos, os pap\u00e9is da WEG apresentaram um crescimento impressionante na bolsa de valores brasileira por conta do igualmente expressivo desempenho da companhia no&#8230;<\/p>\n","protected":false},"author":1,"featured_media":15694,"comment_status":"open","ping_status":"open","sticky":false,"template":"","format":"standard","meta":{"advanced_seo_description":"","jetpack_seo_html_title":"","jetpack_seo_noindex":false,"jetpack_post_was_ever_published":false,"_jetpack_newsletter_access":"","_jetpack_dont_email_post_to_subs":false,"_jetpack_newsletter_tier_id":0,"_jetpack_memberships_contains_paywalled_content":false,"_jetpack_memberships_contains_paid_content":false,"footnotes":"","jetpack_publicize_message":"","jetpack_publicize_feature_enabled":true,"jetpack_social_post_already_shared":true,"jetpack_social_options":{"image_generator_settings":{"template":"highway","default_image_id":0,"font":"","enabled":false},"version":2}},"categories":[1235],"tags":[],"class_list":["post-15693","post","type-post","status-publish","format-standard","has-post-thumbnail","hentry","category-dinheiro-e-investimento-como-fazer-como-ganhar"],"jetpack_publicize_connections":[],"jetpack_featured_media_url":"https:\/\/i0.wp.com\/noticiasribeiraopreto.com.br\/wp-content\/uploads\/2023\/12\/jpeg-optimizer_Tomadas-e-Interruptores_-WAU-9-715x402.jpg?fit=715%2C402&ssl=1","jetpack-related-posts":[{"id":11611,"url":"https:\/\/noticiasribeiraopreto.com.br\/index.php\/2023\/12\/06\/o-pior-ja-passou-investimento-bilionario-pode-ser-a-luz-verde-para-essa-queridinha-da-bolsa-brasileira\/","url_meta":{"origin":15693,"position":0},"title":"O pior j\u00e1 passou? Investimento bilion\u00e1rio pode ser a luz verde para essa queridinha da bolsa brasileira","author":"noticiasribeiraopreto.com.br","date":"6 de December de 2023","format":false,"excerpt":"Os resultados da Weg (WEGE3) no terceiro trimestre acenderam a luz amarela para uma das queridinhas da bolsa: a desacelera\u00e7\u00e3o das vendas \u00e9 o primeiro sinal de mudan\u00e7a \u2014 para pior \u2014 na din\u00e2mica da empresa e do setor? Na ocasi\u00e3o, o Ita\u00fa BBA disse que a tend\u00eancia de uma\u2026","rel":"","context":"In &quot;Dinheiro e Investimento&quot;","block_context":{"text":"Dinheiro e Investimento","link":"https:\/\/noticiasribeiraopreto.com.br\/index.php\/category\/dinheiro-e-investimento-como-fazer-como-ganhar\/"},"img":{"alt_text":"","src":"https:\/\/i0.wp.com\/noticiasribeiraopreto.com.br\/wp-content\/uploads\/2023\/12\/shutterstock_1242766117-6.jpg?fit=600%2C338&ssl=1&resize=350%2C200","width":350,"height":200,"srcset":"https:\/\/i0.wp.com\/noticiasribeiraopreto.com.br\/wp-content\/uploads\/2023\/12\/shutterstock_1242766117-6.jpg?fit=600%2C338&ssl=1&resize=350%2C200 1x, https:\/\/i0.wp.com\/noticiasribeiraopreto.com.br\/wp-content\/uploads\/2023\/12\/shutterstock_1242766117-6.jpg?fit=600%2C338&ssl=1&resize=525%2C300 1.5x"},"classes":[]},{"id":12758,"url":"https:\/\/noticiasribeiraopreto.com.br\/index.php\/2023\/12\/08\/nem-magazine-luiza-mglu3-nem-weg-wege3-conheca-a-acao-brasileira-fora-do-radar-que-pode-valorizar-10-vezes-mais-que-o-ibovespa\/","url_meta":{"origin":15693,"position":1},"title":"Nem Magazine Luiza (MGLU3), nem Weg (WEGE3): conhe\u00e7a a a\u00e7\u00e3o brasileira fora do radar que pode valorizar 10 vezes mais que o Ibovespa","author":"noticiasribeiraopreto.com.br","date":"8 de December de 2023","format":false,"excerpt":"O Magazine Luiza (MGLU3) e a Weg (WEGE3) fizeram hist\u00f3ria na bolsa brasileira. As empresas se tornaram \u201cqueridinhas\u201d dos investidores por j\u00e1 terem tido valoriza\u00e7\u00f5es capazes de mudar a vida financeira de muita gente. A a\u00e7\u00e3o do Magalu, por exemplo, foi de meros R$ 0,03, em 2015, para R$ 27,42\u2026","rel":"","context":"In &quot;Dinheiro e Investimento&quot;","block_context":{"text":"Dinheiro e Investimento","link":"https:\/\/noticiasribeiraopreto.com.br\/index.php\/category\/dinheiro-e-investimento-como-fazer-como-ganhar\/"},"img":{"alt_text":"","src":"https:\/\/i0.wp.com\/noticiasribeiraopreto.com.br\/wp-content\/uploads\/2023\/12\/magazine-luiza-e-weg-small-caps-acoes-715x402.jpg?fit=715%2C402&ssl=1&resize=350%2C200","width":350,"height":200,"srcset":"https:\/\/i0.wp.com\/noticiasribeiraopreto.com.br\/wp-content\/uploads\/2023\/12\/magazine-luiza-e-weg-small-caps-acoes-715x402.jpg?fit=715%2C402&ssl=1&resize=350%2C200 1x, https:\/\/i0.wp.com\/noticiasribeiraopreto.com.br\/wp-content\/uploads\/2023\/12\/magazine-luiza-e-weg-small-caps-acoes-715x402.jpg?fit=715%2C402&ssl=1&resize=525%2C300 1.5x, https:\/\/i0.wp.com\/noticiasribeiraopreto.com.br\/wp-content\/uploads\/2023\/12\/magazine-luiza-e-weg-small-caps-acoes-715x402.jpg?fit=715%2C402&ssl=1&resize=700%2C400 2x"},"classes":[]},{"id":33605,"url":"https:\/\/noticiasribeiraopreto.com.br\/index.php\/2024\/01\/30\/curto-prazo-sera-dificil-para-a-weg-wege3-acao-queridinha-esta-cara-e-analista-recomenda-troca-por-varejista-que-pode-dobrar-de-valor\/","url_meta":{"origin":15693,"position":2},"title":"Curto prazo ser\u00e1 dif\u00edcil para a Weg (WEGE3)? A\u00e7\u00e3o \u2018queridinha\u2019 est\u00e1 cara e analista recomenda troca por varejista que pode dobrar de valor","author":"noticiasribeiraopreto.com.br","date":"30 de January de 2024","format":false,"excerpt":"Quem acompanha minimamente o mercado de a\u00e7\u00f5es j\u00e1 deve ter ouvido falar no caso de supervaloriza\u00e7\u00e3o da Weg. As a\u00e7\u00f5es de ticker WEGE3 acumulam uma alta de 22.450% desde seu IPO, em 2000. Essa disparada foi suficiente para transformar meros R$ 4.500 em um patrim\u00f4nio milion\u00e1rio. N\u00e3o \u00e9 \u00e0 toa\u2026","rel":"","context":"In &quot;Dinheiro e Investimento&quot;","block_context":{"text":"Dinheiro e Investimento","link":"https:\/\/noticiasribeiraopreto.com.br\/index.php\/category\/dinheiro-e-investimento-como-fazer-como-ganhar\/"},"img":{"alt_text":"","src":"https:\/\/i0.wp.com\/noticiasribeiraopreto.com.br\/wp-content\/uploads\/2024\/01\/weg-trocada-por-varejista-acoes-CAPA-SD-715x402.jpg?fit=715%2C402&ssl=1&resize=350%2C200","width":350,"height":200,"srcset":"https:\/\/i0.wp.com\/noticiasribeiraopreto.com.br\/wp-content\/uploads\/2024\/01\/weg-trocada-por-varejista-acoes-CAPA-SD-715x402.jpg?fit=715%2C402&ssl=1&resize=350%2C200 1x, https:\/\/i0.wp.com\/noticiasribeiraopreto.com.br\/wp-content\/uploads\/2024\/01\/weg-trocada-por-varejista-acoes-CAPA-SD-715x402.jpg?fit=715%2C402&ssl=1&resize=525%2C300 1.5x, https:\/\/i0.wp.com\/noticiasribeiraopreto.com.br\/wp-content\/uploads\/2024\/01\/weg-trocada-por-varejista-acoes-CAPA-SD-715x402.jpg?fit=715%2C402&ssl=1&resize=700%2C400 2x"},"classes":[]},{"id":13599,"url":"https:\/\/noticiasribeiraopreto.com.br\/index.php\/2023\/12\/10\/com-investimento-de-r-12-bilhao-a-weg-oferece-71-vagas-de-emprego-por-todo-brasil\/","url_meta":{"origin":15693,"position":3},"title":"Com investimento de R$ 1,2 Bilh\u00e3o, a WEG oferece 71 vagas de emprego por todo Brasil\u00a0","author":"noticiasribeiraopreto.com.br","date":"10 de December de 2023","format":false,"excerpt":"Foto: Reprodu\u00e7\u00e3o WEG Expans\u00e3o estrat\u00e9gica: WEG anuncia Aporte Milion\u00e1rio em suas f\u00e1bricas para aumentar produ\u00e7\u00e3o de energia e abre vagas de emprego em diversas \u00e1reas Segundo o site O Empreiteiro, a WEG, renomada fabricante de equipamentos, surpreende o mercado ao anunciar um investimento expressivo de R$ 1,2 bilh\u00e3o nos pr\u00f3ximos\u2026","rel":"","context":"In &quot;Vagas de Emprego em Ribeir\u00e3o Preto-SP&quot;","block_context":{"text":"Vagas de Emprego em Ribeir\u00e3o Preto-SP","link":"https:\/\/noticiasribeiraopreto.com.br\/index.php\/category\/empregos-classificados-vagas-trabalho\/vagas-de-empregos-em-ribeirao-preto-regiao-brasil\/"},"img":{"alt_text":"","src":"https:\/\/i0.wp.com\/noticiasribeiraopreto.com.br\/wp-content\/uploads\/2023\/12\/esadawds-830x450.jpg?fit=830%2C450&ssl=1&resize=350%2C200","width":350,"height":200,"srcset":"https:\/\/i0.wp.com\/noticiasribeiraopreto.com.br\/wp-content\/uploads\/2023\/12\/esadawds-830x450.jpg?fit=830%2C450&ssl=1&resize=350%2C200 1x, https:\/\/i0.wp.com\/noticiasribeiraopreto.com.br\/wp-content\/uploads\/2023\/12\/esadawds-830x450.jpg?fit=830%2C450&ssl=1&resize=525%2C300 1.5x, https:\/\/i0.wp.com\/noticiasribeiraopreto.com.br\/wp-content\/uploads\/2023\/12\/esadawds-830x450.jpg?fit=830%2C450&ssl=1&resize=700%2C400 2x"},"classes":[]},{"id":33044,"url":"https:\/\/noticiasribeiraopreto.com.br\/index.php\/2024\/01\/27\/elon-musk-diz-que-chinesas-vao-demolir-concorrentes-a-pessoa-que-errou-todos-os-numeros-da-loteria-e-vai-levar-uma-bolada-e-mais-confira-o-que-foi-destaque-no-seu-dinheiro\/","url_meta":{"origin":15693,"position":4},"title":"Elon Musk diz que chinesas v\u00e3o demolir concorrentes, a pessoa que errou todos os n\u00fameros da loteria e vai levar uma bolada e mais \u2014 confira o que foi destaque no Seu Dinheiro","author":"noticiasribeiraopreto.com.br","date":"27 de January de 2024","format":false,"excerpt":"Elon Musk voltou a ser not\u00edcia na \u00faltima semana, mas n\u00e3o pelos seus bilh\u00f5es e sim por uma declara\u00e7\u00e3o pol\u00eamica dada pelo bilion\u00e1rio sobre concorrentes da Tesla, sua fabricante de carros el\u00e9tricos.\u00a0 Musk reconheceu que a disputa no mercado de ve\u00edculos el\u00e9tricos est\u00e1 aquecida e disse que as fabricantes chinesas\u2026","rel":"","context":"In &quot;Dinheiro e Investimento&quot;","block_context":{"text":"Dinheiro e Investimento","link":"https:\/\/noticiasribeiraopreto.com.br\/index.php\/category\/dinheiro-e-investimento-como-fazer-como-ganhar\/"},"img":{"alt_text":"","src":"https:\/\/i0.wp.com\/noticiasribeiraopreto.com.br\/wp-content\/uploads\/2024\/01\/elon-musk-china-bitcoin-CAPA-SD-1-715x402.jpg?fit=715%2C402&ssl=1&resize=350%2C200","width":350,"height":200,"srcset":"https:\/\/i0.wp.com\/noticiasribeiraopreto.com.br\/wp-content\/uploads\/2024\/01\/elon-musk-china-bitcoin-CAPA-SD-1-715x402.jpg?fit=715%2C402&ssl=1&resize=350%2C200 1x, https:\/\/i0.wp.com\/noticiasribeiraopreto.com.br\/wp-content\/uploads\/2024\/01\/elon-musk-china-bitcoin-CAPA-SD-1-715x402.jpg?fit=715%2C402&ssl=1&resize=525%2C300 1.5x, https:\/\/i0.wp.com\/noticiasribeiraopreto.com.br\/wp-content\/uploads\/2024\/01\/elon-musk-china-bitcoin-CAPA-SD-1-715x402.jpg?fit=715%2C402&ssl=1&resize=700%2C400 2x"},"classes":[]},{"id":12579,"url":"https:\/\/noticiasribeiraopreto.com.br\/index.php\/2023\/12\/08\/a-fabrica-de-bilionarios-da-b3-vai-trocar-de-ceo-depois-de-16-anos\/","url_meta":{"origin":15693,"position":5},"title":"A &#8220;f\u00e1brica de bilion\u00e1rios&#8221; da B3 vai trocar de CEO depois de 16 anos","author":"noticiasribeiraopreto.com.br","date":"8 de December de 2023","format":false,"excerpt":"O ciclo de Harry Schmelzer J\u00fanior como presidente da Weg (WEGE3) est\u00e1 chegando ao fim. A empresa que ganhou o apelido de \"f\u00e1brica de bilion\u00e1rios\" da B3 anunciou na manh\u00e3 desta sexta-feira o plano de sucess\u00e3o do executivo, que est\u00e1 no cargo de CEO h\u00e1 16 anos. Nesse per\u00edodo, as\u2026","rel":"","context":"In &quot;Dinheiro e Investimento&quot;","block_context":{"text":"Dinheiro e Investimento","link":"https:\/\/noticiasribeiraopreto.com.br\/index.php\/category\/dinheiro-e-investimento-como-fazer-como-ganhar\/"},"img":{"alt_text":"","src":"https:\/\/i0.wp.com\/noticiasribeiraopreto.com.br\/wp-content\/uploads\/2023\/12\/Weg-divulgacao-2-3-628x353.jpg?fit=628%2C353&ssl=1&resize=350%2C200","width":350,"height":200,"srcset":"https:\/\/i0.wp.com\/noticiasribeiraopreto.com.br\/wp-content\/uploads\/2023\/12\/Weg-divulgacao-2-3-628x353.jpg?fit=628%2C353&ssl=1&resize=350%2C200 1x, https:\/\/i0.wp.com\/noticiasribeiraopreto.com.br\/wp-content\/uploads\/2023\/12\/Weg-divulgacao-2-3-628x353.jpg?fit=628%2C353&ssl=1&resize=525%2C300 1.5x"},"classes":[]}],"jetpack_sharing_enabled":true,"jetpack_shortlink":"https:\/\/wp.me\/peQAOb-457","_links":{"self":[{"href":"https:\/\/noticiasribeiraopreto.com.br\/index.php\/wp-json\/wp\/v2\/posts\/15693","targetHints":{"allow":["GET"]}}],"collection":[{"href":"https:\/\/noticiasribeiraopreto.com.br\/index.php\/wp-json\/wp\/v2\/posts"}],"about":[{"href":"https:\/\/noticiasribeiraopreto.com.br\/index.php\/wp-json\/wp\/v2\/types\/post"}],"author":[{"embeddable":true,"href":"https:\/\/noticiasribeiraopreto.com.br\/index.php\/wp-json\/wp\/v2\/users\/1"}],"replies":[{"embeddable":true,"href":"https:\/\/noticiasribeiraopreto.com.br\/index.php\/wp-json\/wp\/v2\/comments?post=15693"}],"version-history":[{"count":0,"href":"https:\/\/noticiasribeiraopreto.com.br\/index.php\/wp-json\/wp\/v2\/posts\/15693\/revisions"}],"wp:featuredmedia":[{"embeddable":true,"href":"https:\/\/noticiasribeiraopreto.com.br\/index.php\/wp-json\/wp\/v2\/media\/15694"}],"wp:attachment":[{"href":"https:\/\/noticiasribeiraopreto.com.br\/index.php\/wp-json\/wp\/v2\/media?parent=15693"}],"wp:term":[{"taxonomy":"category","embeddable":true,"href":"https:\/\/noticiasribeiraopreto.com.br\/index.php\/wp-json\/wp\/v2\/categories?post=15693"},{"taxonomy":"post_tag","embeddable":true,"href":"https:\/\/noticiasribeiraopreto.com.br\/index.php\/wp-json\/wp\/v2\/tags?post=15693"}],"curies":[{"name":"wp","href":"https:\/\/api.w.org\/{rel}","templated":true}]}}