{"id":15695,"date":"2023-12-14T07:22:38","date_gmt":"2023-12-14T10:22:38","guid":{"rendered":"https:\/\/noticiasribeiraopreto.com.br\/index.php\/2023\/12\/14\/novo-concurso-publico-em-colinas-to-oportunidades-e-inscricoes\/"},"modified":"2023-12-14T07:22:38","modified_gmt":"2023-12-14T10:22:38","slug":"novo-concurso-publico-em-colinas-to-oportunidades-e-inscricoes","status":"publish","type":"post","link":"https:\/\/noticiasribeiraopreto.com.br\/index.php\/2023\/12\/14\/novo-concurso-publico-em-colinas-to-oportunidades-e-inscricoes\/","title":{"rendered":"Novo concurso p\u00fablico em Colinas (TO): Oportunidades e inscri\u00e7\u00f5es"},"content":{"rendered":"<div class='code-block code-block-1' style='margin: 8px 0 8px auto; text-align: right; display: block; clear: both;'>\n<p><a href=\"https:\/\/wa.link\/vpicfd\"><img data-recalc-dims=\"1\" class=\"wp-image-4922\" style=\"aspect-ratio: 2.0253164556962027; width: 561px; height: auto;\" src=\"https:\/\/i0.wp.com\/ismaelcolosi.com.br\/wp-content\/uploads\/2023\/11\/grupo-de-empregos-whatsapp-e-facebook-ismael-colosi-vagas.jpg?ssl=1\" alt=\"\" \/><\/a><\/p>\n<!-- \/wp:image -->\n<\/div>\n<p> <br \/>\n<\/p>\n<div>\n<div id=\"attachment_2327335\" class=\"wp-caption alignnone\">\n<div class=\"d-flex justify-content-center\" data-attachment-id=\"2327335\">\n<div class=\"position-relative d-inline-block\"><img data-recalc-dims=\"1\" data-portal-copyright=\"IStock\" fetchpriority=\"high\" decoding=\"async\" class=\"size-medium wp-image-2327335\" src=\"https:\/\/i0.wp.com\/catracalivre.com.br\/wp-content\/uploads\/2023\/12\/istock-470803841-450x300.jpg?resize=450%2C300&#038;ssl=1\" alt=\"Novo Concurso P\u00fablico em Colinas\" width=\"450\" height=\"300\" srcset=\"https:\/\/catracalivre.com.br\/wp-content\/uploads\/2023\/12\/istock-470803841-450x300.jpg 450w, https:\/\/catracalivre.com.br\/wp-content\/uploads\/2023\/12\/istock-470803841-910x607.jpg 910w, https:\/\/catracalivre.com.br\/wp-content\/uploads\/2023\/12\/istock-470803841-768x513.jpg 768w, https:\/\/catracalivre.com.br\/wp-content\/uploads\/2023\/12\/istock-470803841.jpg 1254w\" sizes=\"(max-width: 450px) 100vw, 450px\"\/><\/p>\n<p>Cr\u00e9ditos: IStock<\/p>\n<\/div>\n<\/div>\n<p><span class=\"post-imagem__legenda\">Novo Concurso P\u00fablico em Colinas<\/span><\/p>\n<\/div>\n<p>A C\u00e2mara Municipal de Colinas, localizada no estado do Tocantins, acaba de divulgar o edital 001\/2023 para seu pr\u00f3ximo <a href=\"https:\/\/catracalivre.com.br\/carreira\/31-oportunidades-de-concursos-publicos-nas-regioes-sul-e-sudeste\/\">concurso<\/a> p\u00fablico, oferecendo um total de 39 vagas entre oportunidades imediatas e para cadastro reserva. As vagas s\u00e3o direcionadas a profissionais com diferentes n\u00edveis de escolaridade, abrangendo desde o ensino fundamental at\u00e9 o superior.<\/p>\n<p>Oportunidades e Remunera\u00e7\u00e3o<\/p>\n<p>Os cargos dispon\u00edveis abrangem uma ampla gama de \u00e1reas, com remunera\u00e7\u00e3o variando de R$ 1.320,00 a R$ 4.500,00, contemplando jornadas de trabalho que podem oscilar entre 20 e 40 horas semanais.<\/p>\n<p>Entre as oportunidades, destacam-se:<br \/>Auxiliar de Servi\u00e7os Gerais<br \/>Motorista<br \/>Recepcionista<br \/>Vigia Noturno\/Diurno<br \/>Assistente Administrativo<br \/>Analista Legislativo<br \/>T\u00e9cnico Legislativo<br \/>T\u00e9cnico Judici\u00e1rio<br \/>Inscri\u00e7\u00f5es e Taxas<\/p>\n<p>Os interessados devem realizar suas inscri\u00e7\u00f5es exclusivamente atrav\u00e9s do site oficial do <a href=\"https:\/\/catracalivre.com.br\/educacao\/5-aplicativos-para-voce-se-preparar-para-um-concurso-publico\/\">concurso<\/a>, tendo como prazo limite o dia 27 de dezembro de 2023. As taxas de inscri\u00e7\u00e3o variam de acordo com o n\u00edvel de escolaridade exigido para cada vaga: R$ 80,00 para ensino fundamental, R$ 130,00 para ensino m\u00e9dio e R$ 160,00 para oportunidades de n\u00edvel superior.<\/p>\n<p>Para esclarecimentos adicionais e informa\u00e7\u00f5es complementares, os interessados podem contatar a equipe respons\u00e1vel atrav\u00e9s do e-mail contato@icap-to.com.br.<\/p>\n<div class=\"partner d-flex rounded shadow-sm p-2 mb-3 align-items-center\" id=\"partner\" data-print=\"ignore\">\n<div class=\"image mr-2\">\n<img data-recalc-dims=\"1\" src=\"https:\/\/i0.wp.com\/robohash.org\/b730afd4cf5c5d237c7f93163ed023b6.png?resize=110%2C110&#038;ssl=1\" width=\"110\" height=\"110\" title=\"Thatyana Costa\" loading=\"lazy\" decoding=\"async\" class=\"rounded-circle\"\/>\n<\/div>\n<\/div>\n<\/div>\n<p><script>\n\t\t! function(f, b, e, v, n, t, s) {\n\t\t\tif (f.fbq) return;\n\t\t\tn = f.fbq = function() {\n\t\t\t\tn.callMethod ?\n\t\t\t\t\tn.callMethod.apply(n, arguments) : n.queue.push(arguments)\n\t\t\t};\n\t\t\tif (!f._fbq) f._fbq = n;\n\t\t\tn.push = n;\n\t\t\tn.loaded = !0;\n\t\t\tn.version = '2.0';\n\t\t\tn.queue = [];\n\t\t\tt = b.createElement(e);\n\t\t\tt.async = !0;\n\t\t\tt.src = v;\n\t\t\ts = b.getElementsByTagName(e)[0];\n\t\t\ts.parentNode.insertBefore(t, s)\n\t\t}(window, document, 'script',\n\t\t\t'https:\/\/connect.facebook.net\/en_US\/fbevents.js');\n\t\tfbq('init', '338315473262380');\n\t\tfbq('track', 'PageView');\n\t<\/script><br \/>\n<br \/><br \/>\n<br \/><a href=\"https:\/\/catracalivre.com.br\/educacao\/novo-concurso-publico-em-colinas-to-oportunidades-e-inscricoes\/\">Source link <\/a><\/p>\n<!-- CONTENT END 1 -->\n","protected":false},"excerpt":{"rendered":"<p>Cr\u00e9ditos: IStock Novo Concurso P\u00fablico em Colinas A C\u00e2mara Municipal de Colinas, localizada no estado do Tocantins, acaba de divulgar o edital 001\/2023 para seu&#8230;<\/p>\n","protected":false},"author":1,"featured_media":15696,"comment_status":"open","ping_status":"open","sticky":false,"template":"","format":"standard","meta":{"advanced_seo_description":"","jetpack_seo_html_title":"","jetpack_seo_noindex":false,"jetpack_post_was_ever_published":false,"_jetpack_newsletter_access":"","_jetpack_dont_email_post_to_subs":false,"_jetpack_newsletter_tier_id":0,"_jetpack_memberships_contains_paywalled_content":false,"_jetpack_memberships_contains_paid_content":false,"footnotes":"","jetpack_publicize_message":"","jetpack_publicize_feature_enabled":true,"jetpack_social_post_already_shared":true,"jetpack_social_options":{"image_generator_settings":{"template":"highway","default_image_id":0,"font":"","enabled":false},"version":2}},"categories":[19],"tags":[],"class_list":["post-15695","post","type-post","status-publish","format-standard","has-post-thumbnail","hentry","category-variedades"],"jetpack_publicize_connections":[],"jetpack_featured_media_url":"https:\/\/i0.wp.com\/noticiasribeiraopreto.com.br\/wp-content\/uploads\/2023\/12\/istock-470803841.jpg?fit=1200%2C638&ssl=1","jetpack-related-posts":[{"id":15540,"url":"https:\/\/noticiasribeiraopreto.com.br\/index.php\/2023\/12\/13\/concurso-publico-da-camara-de-colinas-oferece-remuneracao-de-ate-r-45-mil\/","url_meta":{"origin":15695,"position":0},"title":"Concurso p\u00fablico da C\u00e2mara de Colinas oferece remunera\u00e7\u00e3o de at\u00e9 R$ 4,5 mil","author":"noticiasribeiraopreto.com.br","date":"13 de December de 2023","format":false,"excerpt":"Cr\u00e9ditos: IStockConcurso P\u00fablico da C\u00e2mara de A C\u00e2mara de Colinas, no estado do\u00a0Tocantins, anuncia edital de 001\/2023 para concurso p\u00fablico, com a finalidade de abrir 39 vagas, dentre imediatas e cadastro reserva destinadas a profissionais com grau de escolaridade superior, fundamental e m\u00e9dio. A remunera\u00e7\u00e3o oferecida em concurso p\u00fablico aos\u2026","rel":"","context":"In &quot;Variedades&quot;","block_context":{"text":"Variedades","link":"https:\/\/noticiasribeiraopreto.com.br\/index.php\/category\/variedades\/"},"img":{"alt_text":"","src":"https:\/\/i0.wp.com\/noticiasribeiraopreto.com.br\/wp-content\/uploads\/2023\/12\/istock-466007306.jpg?fit=1200%2C638&ssl=1&resize=350%2C200","width":350,"height":200,"srcset":"https:\/\/i0.wp.com\/noticiasribeiraopreto.com.br\/wp-content\/uploads\/2023\/12\/istock-466007306.jpg?fit=1200%2C638&ssl=1&resize=350%2C200 1x, https:\/\/i0.wp.com\/noticiasribeiraopreto.com.br\/wp-content\/uploads\/2023\/12\/istock-466007306.jpg?fit=1200%2C638&ssl=1&resize=525%2C300 1.5x, https:\/\/i0.wp.com\/noticiasribeiraopreto.com.br\/wp-content\/uploads\/2023\/12\/istock-466007306.jpg?fit=1200%2C638&ssl=1&resize=700%2C400 2x, https:\/\/i0.wp.com\/noticiasribeiraopreto.com.br\/wp-content\/uploads\/2023\/12\/istock-466007306.jpg?fit=1200%2C638&ssl=1&resize=1050%2C600 3x"},"classes":[]},{"id":52538,"url":"https:\/\/noticiasribeiraopreto.com.br\/index.php\/2024\/06\/09\/prefeitura-no-interior-de-sp-tem-20-vagas-em-concurso-publico-veja-como-se-inscrever\/","url_meta":{"origin":15695,"position":1},"title":"Prefeitura no interior de SP tem 20 vagas em concurso p\u00fablico; Veja como se inscrever","author":"noticiasribeiraopreto.com.br","date":"9 de June de 2024","format":false,"excerpt":"A Prefeitura de Colina, cidade no interior de S\u00e3o Paulo, est\u00e1 com as inscri\u00e7\u00f5es abertas para concurso com 20 vagas, al\u00e9m de oportunidades para cadastro de reserva. As vagas s\u00e3o de n\u00edvel fundamental, m\u00e9dio e superior. Os sal\u00e1rios variam entre R$ 1,5 mil e R$ 2,8 mil. Para os cargos\u2026","rel":"","context":"In &quot;Not\u00edcias de Ribeir\u00e3o Preto-SP e Regi\u00e3o&quot;","block_context":{"text":"Not\u00edcias de Ribeir\u00e3o Preto-SP e Regi\u00e3o","link":"https:\/\/noticiasribeiraopreto.com.br\/index.php\/category\/noticias-de-ribeirao-preto-sp-e-regiao-ismael-colosi\/"},"img":{"alt_text":"","src":"https:\/\/i0.wp.com\/noticiasribeiraopreto.com.br\/wp-content\/uploads\/2024\/06\/concuso-publico.jpg?fit=1200%2C801&ssl=1&resize=350%2C200","width":350,"height":200,"srcset":"https:\/\/i0.wp.com\/noticiasribeiraopreto.com.br\/wp-content\/uploads\/2024\/06\/concuso-publico.jpg?fit=1200%2C801&ssl=1&resize=350%2C200 1x, https:\/\/i0.wp.com\/noticiasribeiraopreto.com.br\/wp-content\/uploads\/2024\/06\/concuso-publico.jpg?fit=1200%2C801&ssl=1&resize=525%2C300 1.5x, https:\/\/i0.wp.com\/noticiasribeiraopreto.com.br\/wp-content\/uploads\/2024\/06\/concuso-publico.jpg?fit=1200%2C801&ssl=1&resize=700%2C400 2x, https:\/\/i0.wp.com\/noticiasribeiraopreto.com.br\/wp-content\/uploads\/2024\/06\/concuso-publico.jpg?fit=1200%2C801&ssl=1&resize=1050%2C600 3x"},"classes":[]},{"id":83146,"url":"https:\/\/noticiasribeiraopreto.com.br\/index.php\/2026\/03\/10\/colina-vice-de-colina-diz-que-agiu-em-legitima-defesa\/","url_meta":{"origin":15695,"position":2},"title":"Colina &#8211; Vice de Colina diz que agiu em leg\u00edtima defesa","author":"noticiasribeiraopreto.com.br","date":"10 de March de 2026","format":false,"excerpt":"\r \r \r 10 de mar\u00e7o de 2026 18:19 \r Compartilhar0 Rafael Corr\u00eaa Rodrigues (PP), vice-prefeito da cidade de Colina, na macrorregi\u00e3o de Ribeir\u00e3o Preto, suspeito de atirar no advogado Marcos Aur\u00e9lio Abe na noite de domingo (8), no Jardim Universal, se apresentou na Delegacia de Pol\u00edcia Civil de Barretos\u2026","rel":"","context":"In &quot;Not\u00edcias de Ribeir\u00e3o Preto-SP e Regi\u00e3o&quot;","block_context":{"text":"Not\u00edcias de Ribeir\u00e3o Preto-SP e Regi\u00e3o","link":"https:\/\/noticiasribeiraopreto.com.br\/index.php\/category\/noticias-de-ribeirao-preto-sp-e-regiao-ismael-colosi\/"},"img":{"alt_text":"","src":"https:\/\/i0.wp.com\/noticiasribeiraopreto.com.br\/wp-content\/uploads\/2026\/03\/colina.jpeg?fit=600%2C376&ssl=1&resize=350%2C200","width":350,"height":200,"srcset":"https:\/\/i0.wp.com\/noticiasribeiraopreto.com.br\/wp-content\/uploads\/2026\/03\/colina.jpeg?fit=600%2C376&ssl=1&resize=350%2C200 1x, https:\/\/i0.wp.com\/noticiasribeiraopreto.com.br\/wp-content\/uploads\/2026\/03\/colina.jpeg?fit=600%2C376&ssl=1&resize=525%2C300 1.5x"},"classes":[]},{"id":1105,"url":"https:\/\/noticiasribeiraopreto.com.br\/index.php\/2023\/11\/10\/veja-cinco-concursos-publicos-no-interior-de-sp-com-salarios-de-ate-r-21-mil\/","url_meta":{"origin":15695,"position":3},"title":"Veja cinco concursos p\u00fablicos no interior de SP com sal\u00e1rios de at\u00e9 R$ 21 mil","author":"noticiasribeiraopreto.com.br","date":"10 de November de 2023","format":false,"excerpt":"Nesta semana, diversos concursos p\u00fablicos foram abertos no interior de S\u00e3o Paulo. O acidade on Ribeir\u00e3o separou cinco concursos com vagas de n\u00edvel fundamental, m\u00e9dio, t\u00e9cnico e superior e sal\u00e1rios de at\u00e9 R$ 21 mil. Veja os concursos p\u00fablicos: Prefeitura de Ribeir\u00e3o Preto A Prefeitura de Ribeir\u00e3o Preto publicou edital\u2026","rel":"","context":"In &quot;Not\u00edcias de Ribeir\u00e3o Preto-SP e Regi\u00e3o&quot;","block_context":{"text":"Not\u00edcias de Ribeir\u00e3o Preto-SP e Regi\u00e3o","link":"https:\/\/noticiasribeiraopreto.com.br\/index.php\/category\/noticias-de-ribeirao-preto-sp-e-regiao-ismael-colosi\/"},"img":{"alt_text":"","src":"https:\/\/i0.wp.com\/noticiasribeiraopreto.com.br\/wp-content\/uploads\/2023\/11\/concurso-publico-9.jpg?fit=1200%2C800&ssl=1&resize=350%2C200","width":350,"height":200,"srcset":"https:\/\/i0.wp.com\/noticiasribeiraopreto.com.br\/wp-content\/uploads\/2023\/11\/concurso-publico-9.jpg?fit=1200%2C800&ssl=1&resize=350%2C200 1x, https:\/\/i0.wp.com\/noticiasribeiraopreto.com.br\/wp-content\/uploads\/2023\/11\/concurso-publico-9.jpg?fit=1200%2C800&ssl=1&resize=525%2C300 1.5x, https:\/\/i0.wp.com\/noticiasribeiraopreto.com.br\/wp-content\/uploads\/2023\/11\/concurso-publico-9.jpg?fit=1200%2C800&ssl=1&resize=700%2C400 2x, https:\/\/i0.wp.com\/noticiasribeiraopreto.com.br\/wp-content\/uploads\/2023\/11\/concurso-publico-9.jpg?fit=1200%2C800&ssl=1&resize=1050%2C600 3x"},"classes":[]},{"id":72336,"url":"https:\/\/noticiasribeiraopreto.com.br\/index.php\/2025\/06\/16\/motorista-de-carro-morre-apos-batida-com-onibus-de-trabalhadores-rurais\/","url_meta":{"origin":15695,"position":4},"title":"Motorista de carro morre ap\u00f3s batida com \u00f4nibus de trabalhadores rurais","author":"noticiasribeiraopreto.com.br","date":"16 de June de 2025","format":false,"excerpt":"O motorista de um carro morreu na manh\u00e3 desta segunda-feira (16), depois de se envolver em uma batida com um com \u00f4nibus de transporte de trabalhadores rurais, na estrada vicinal Ren\u00ea Vaz de Almeida, em Colina, a 100 quil\u00f4metros de Ribeir\u00e3o Preto. Segundo informa\u00e7\u00f5es, com o impacto da colis\u00e3o frontal,\u2026","rel":"","context":"In &quot;Not\u00edcias de Ribeir\u00e3o Preto-SP e Regi\u00e3o&quot;","block_context":{"text":"Not\u00edcias de Ribeir\u00e3o Preto-SP e Regi\u00e3o","link":"https:\/\/noticiasribeiraopreto.com.br\/index.php\/category\/noticias-de-ribeirao-preto-sp-e-regiao-ismael-colosi\/"},"img":{"alt_text":"","src":"https:\/\/i0.wp.com\/noticiasribeiraopreto.com.br\/wp-content\/uploads\/2025\/06\/ACIDENTE_2025-06-16_13-19-47.webp.webp?fit=1200%2C686&ssl=1&resize=350%2C200","width":350,"height":200,"srcset":"https:\/\/i0.wp.com\/noticiasribeiraopreto.com.br\/wp-content\/uploads\/2025\/06\/ACIDENTE_2025-06-16_13-19-47.webp.webp?fit=1200%2C686&ssl=1&resize=350%2C200 1x, https:\/\/i0.wp.com\/noticiasribeiraopreto.com.br\/wp-content\/uploads\/2025\/06\/ACIDENTE_2025-06-16_13-19-47.webp.webp?fit=1200%2C686&ssl=1&resize=525%2C300 1.5x, https:\/\/i0.wp.com\/noticiasribeiraopreto.com.br\/wp-content\/uploads\/2025\/06\/ACIDENTE_2025-06-16_13-19-47.webp.webp?fit=1200%2C686&ssl=1&resize=700%2C400 2x, https:\/\/i0.wp.com\/noticiasribeiraopreto.com.br\/wp-content\/uploads\/2025\/06\/ACIDENTE_2025-06-16_13-19-47.webp.webp?fit=1200%2C686&ssl=1&resize=1050%2C600 3x"},"classes":[]},{"id":60586,"url":"https:\/\/noticiasribeiraopreto.com.br\/index.php\/2024\/11\/19\/policia-civil-prende-em-ribeirao-suspeito-de-roubo-de-fios-que-deixou-cidade-sem-agua-na-regiao\/","url_meta":{"origin":15695,"position":5},"title":"Pol\u00edcia Civil prende em Ribeir\u00e3o suspeito de roubo de fios que deixou cidade sem \u00e1gua na regi\u00e3o","author":"noticiasribeiraopreto.com.br","date":"19 de November de 2024","format":false,"excerpt":"A Pol\u00edcia Civil prendeu nesta ter\u00e7a-feira (19), em Ribeir\u00e3o Preto, um homem de 23 anos suspeito de roubo de fios do principal reservat\u00f3rio de \u00e1gua no munic\u00edpio de Colina, na regi\u00e3o. O crime ocorreu na madrugada de 4 de setembro deste ano, na Vila Ol\u00edmpica, e prejudicou por dois dias\u2026","rel":"","context":"In &quot;Not\u00edcias de Ribeir\u00e3o Preto-SP e Regi\u00e3o&quot;","block_context":{"text":"Not\u00edcias de Ribeir\u00e3o Preto-SP e Regi\u00e3o","link":"https:\/\/noticiasribeiraopreto.com.br\/index.php\/category\/noticias-de-ribeirao-preto-sp-e-regiao-ismael-colosi\/"},"img":{"alt_text":"","src":"https:\/\/i0.wp.com\/noticiasribeiraopreto.com.br\/wp-content\/uploads\/2024\/11\/1732015651_cpj_policia_1200x675_30012022162443.jpg?fit=1200%2C675&ssl=1&resize=350%2C200","width":350,"height":200,"srcset":"https:\/\/i0.wp.com\/noticiasribeiraopreto.com.br\/wp-content\/uploads\/2024\/11\/1732015651_cpj_policia_1200x675_30012022162443.jpg?fit=1200%2C675&ssl=1&resize=350%2C200 1x, https:\/\/i0.wp.com\/noticiasribeiraopreto.com.br\/wp-content\/uploads\/2024\/11\/1732015651_cpj_policia_1200x675_30012022162443.jpg?fit=1200%2C675&ssl=1&resize=525%2C300 1.5x, https:\/\/i0.wp.com\/noticiasribeiraopreto.com.br\/wp-content\/uploads\/2024\/11\/1732015651_cpj_policia_1200x675_30012022162443.jpg?fit=1200%2C675&ssl=1&resize=700%2C400 2x, https:\/\/i0.wp.com\/noticiasribeiraopreto.com.br\/wp-content\/uploads\/2024\/11\/1732015651_cpj_policia_1200x675_30012022162443.jpg?fit=1200%2C675&ssl=1&resize=1050%2C600 3x"},"classes":[]}],"jetpack_sharing_enabled":true,"jetpack_shortlink":"https:\/\/wp.me\/peQAOb-459","_links":{"self":[{"href":"https:\/\/noticiasribeiraopreto.com.br\/index.php\/wp-json\/wp\/v2\/posts\/15695","targetHints":{"allow":["GET"]}}],"collection":[{"href":"https:\/\/noticiasribeiraopreto.com.br\/index.php\/wp-json\/wp\/v2\/posts"}],"about":[{"href":"https:\/\/noticiasribeiraopreto.com.br\/index.php\/wp-json\/wp\/v2\/types\/post"}],"author":[{"embeddable":true,"href":"https:\/\/noticiasribeiraopreto.com.br\/index.php\/wp-json\/wp\/v2\/users\/1"}],"replies":[{"embeddable":true,"href":"https:\/\/noticiasribeiraopreto.com.br\/index.php\/wp-json\/wp\/v2\/comments?post=15695"}],"version-history":[{"count":0,"href":"https:\/\/noticiasribeiraopreto.com.br\/index.php\/wp-json\/wp\/v2\/posts\/15695\/revisions"}],"wp:featuredmedia":[{"embeddable":true,"href":"https:\/\/noticiasribeiraopreto.com.br\/index.php\/wp-json\/wp\/v2\/media\/15696"}],"wp:attachment":[{"href":"https:\/\/noticiasribeiraopreto.com.br\/index.php\/wp-json\/wp\/v2\/media?parent=15695"}],"wp:term":[{"taxonomy":"category","embeddable":true,"href":"https:\/\/noticiasribeiraopreto.com.br\/index.php\/wp-json\/wp\/v2\/categories?post=15695"},{"taxonomy":"post_tag","embeddable":true,"href":"https:\/\/noticiasribeiraopreto.com.br\/index.php\/wp-json\/wp\/v2\/tags?post=15695"}],"curies":[{"name":"wp","href":"https:\/\/api.w.org\/{rel}","templated":true}]}}