{"id":15745,"date":"2023-12-14T09:44:06","date_gmt":"2023-12-14T12:44:06","guid":{"rendered":"https:\/\/noticiasribeiraopreto.com.br\/index.php\/2023\/12\/14\/oracle-abre-20-mil-vagas-em-cursos-gratuitos-online-em-inteligencia-artificial-ia-com-modulo-especial-em-chatgpt-para-profissionais-da-area-de-ti-curiosos-tambem-podem-se-matricular\/"},"modified":"2023-12-14T09:44:06","modified_gmt":"2023-12-14T12:44:06","slug":"oracle-abre-20-mil-vagas-em-cursos-gratuitos-online-em-inteligencia-artificial-ia-com-modulo-especial-em-chatgpt-para-profissionais-da-area-de-ti-curiosos-tambem-podem-se-matricular","status":"publish","type":"post","link":"https:\/\/noticiasribeiraopreto.com.br\/index.php\/2023\/12\/14\/oracle-abre-20-mil-vagas-em-cursos-gratuitos-online-em-inteligencia-artificial-ia-com-modulo-especial-em-chatgpt-para-profissionais-da-area-de-ti-curiosos-tambem-podem-se-matricular\/","title":{"rendered":"Oracle abre 20 mil vagas em cursos gratuitos online em Intelig\u00eancia Artificial (IA) com m\u00f3dulo especial em ChatGPT para profissionais da \u00e1rea de TI; curiosos tamb\u00e9m podem se matricular!"},"content":{"rendered":"<div class='code-block code-block-1' style='margin: 8px 0 8px auto; text-align: right; display: block; clear: both;'>\n<p><a href=\"https:\/\/wa.link\/vpicfd\"><img data-recalc-dims=\"1\" class=\"wp-image-4922\" style=\"aspect-ratio: 2.0253164556962027; width: 561px; height: auto;\" src=\"https:\/\/i0.wp.com\/ismaelcolosi.com.br\/wp-content\/uploads\/2023\/11\/grupo-de-empregos-whatsapp-e-facebook-ismael-colosi-vagas.jpg?ssl=1\" alt=\"\" \/><\/a><\/p>\n<!-- \/wp:image -->\n<\/div>\n<p> <br \/>\n<\/p>\n<div>\n<figure><picture><source srcset=\"https:\/\/clickpetroleoegas.com.br\/wp-content\/uploads\/2023\/12\/ORACLEe-830x450.jpg.webp\" type=\"image\/webp\"><img data-recalc-dims=\"1\" loading=\"lazy\" width=\"830\" height=\"450\" src=\"https:\/\/i0.wp.com\/clickpetroleoegas.com.br\/wp-content\/uploads\/2023\/12\/ORACLEe-830x450.jpg?resize=830%2C450&#038;ssl=1\" class=\"fdnw-post-thumbnail fdnw-first-card-thumbnail wp-post-image\" alt=\"Oracle abre 20 mil vagas em cursos gratuitos em Intelig\u00eancia Artificial (IA) com m\u00f3dulo especial em ChatGPT para profissionais da \u00e1rea de TI; pessoas que tem curiosidade tamb\u00e9m podem se matricular!\" decoding=\"async\" data-eio=\"p\"\/><\/source><\/picture><figcaption class=\"fdnw-image-caption\">20 mil vagas em cursos gratuitos em IA e ChatGPT ofertado pela Oracle<\/figcaption><\/figure>\n<h2 class=\"wp-block-heading\" id=\"h-desenvolvedores-profissionais-da-area-de-ti-e-pessoas-que-tem-curiosidade-ou-buscam-se-aprimorar-em-ia-podem-se-matricular-nos-programas-oracle-next-education-one-e-get-started-with-oracle-ai\">Desenvolvedores, profissionais da \u00e1rea de TI e pessoas que tem curiosidade ou buscam se aprimorar em IA podem se matricular nos programas Oracle Next Education (ONE) e Get Started with Oracle AI<\/h2>\n<p>A Oracle acaba de anunciar uma iniciativa extraordin\u00e1ria que promete transformar o cen\u00e1rio da educa\u00e7\u00e3o em tecnologia na Am\u00e9rica Latina. Com a abertura de <strong>20 mil vagas para cursos gratuitos focados em Intelig\u00eancia Artificial (IA)<\/strong>, a empresa se posiciona na vanguarda do ensino tecnol\u00f3gico. Essa \u00e9 uma chance de ouro para desenvolvedores, profissionais de TIC e todos aqueles que nutrem uma curiosidade insaci\u00e1vel por IA. <a href=\"https:\/\/clickpetroleoegas.com.br\/eurofarma-oferece-cursos-tecnicos-e-de-qualificacao-profissional-online-ead-com-certificados-do-senai-e-senac-nas-areas-de-enfermagem-programacao-marketing-e-mais-totalmente-gratis\/\" target=\"_blank\" rel=\"noreferrer noopener\">Garanta agora a sua vaga!<\/a><\/p>\n<p>Gabriel Vallejo, <a href=\"https:\/\/clickpetroleoegas.com.br\/eurofarma-oferece-cursos-tecnicos-e-de-qualificacao-profissional-online-ead-com-certificados-do-senai-e-senac-nas-areas-de-enfermagem-programacao-marketing-e-mais-totalmente-gratis\/\" target=\"_blank\" rel=\"noreferrer noopener\">Vice-Presidente<\/a> S\u00eanior de Opera\u00e7\u00f5es e Marketing para a Am\u00e9rica Latina, ressalta que a educa\u00e7\u00e3o \u00e9 o catalisador para desbloquear o potencial humano rumo a um futuro tecnol\u00f3gico brilhante. Leandro Vieira, VP de Empresas de Alta Tecnologia da Am\u00e9rica Latina, acrescenta que esses cursos gratuitos fornecer\u00e3o as ferramentas essenciais para os profissionais aprenderem sobre os fundamentos da <strong>tecnologia IA<\/strong>, abrindo caminhos valiosos para a sociedade do futuro.<\/p>\n<p> <span class=\"fdnw-card-article-related\"> <span class=\"h4 fdnw-card-article-related-title\">Artigos recomendados<\/span> <\/span> <\/p>\n<h2 class=\"wp-block-heading\" id=\"h-oracle-next-education-one-e-get-started-with-oracle-ia-portas-abertas-para-o-futuro\">Oracle Next Education (ONE) e Get Started with Oracle IA: Portas Abertas para o Futuro<\/h2>\n<p>O programa <a href=\"https:\/\/clickpetroleoegas.com.br\/eurofarma-oferece-cursos-tecnicos-e-de-qualificacao-profissional-online-ead-com-certificados-do-senai-e-senac-nas-areas-de-enfermagem-programacao-marketing-e-mais-totalmente-gratis\/\" target=\"_blank\" rel=\"noreferrer noopener\">Oracle Next Education<\/a> (ONE) \u00e9 uma verdadeira ponte para o futuro. Destinado a pessoas sem forma\u00e7\u00e3o em TI e que n\u00e3o tiveram acesso ao ensino superior, o ONE \u00e9 um farol de esperan\u00e7a e oportunidade. Por outro lado, o Get Started with Oracle IA \u00e9 um convite irrecus\u00e1vel para profissionais j\u00e1 familiarizados com a tecnologia, que desejam aprofundar seus conhecimentos em IA. Ambos os programas s\u00e3o mais do que <strong>cursos gratuitos<\/strong>; s\u00e3o passaportes para um futuro repleto de inova\u00e7\u00f5es e descobertas.<\/p>\n<h2 class=\"wp-block-heading\" id=\"h-flexibilidade-e-inovacao-a-marca-dos-programas-da-oracle\">Flexibilidade e Inova\u00e7\u00e3o: A Marca dos Programas da Oracle<\/h2>\n<p>O programa ONE se destaca pela sua flexibilidade. Com mais de 560 horas de conte\u00fado online, os alunos podem aprender no seu pr\u00f3prio ritmo, equilibrando vida pessoal e profissional. A inclus\u00e3o de um m\u00f3dulo sobre IA, que aborda a interse\u00e7\u00e3o entre <strong>ChatGPT<\/strong> e JavaScript, \u00e9 um exemplo brilhante da inova\u00e7\u00e3o que a Oracle traz para a educa\u00e7\u00e3o em tecnologia. Al\u00e9m disso, o treinamento em OCI \u2013 Oracle Cloud Infrastructure e MySQL na OCI s\u00e3o verdadeiros trampolins para uma carreira promissora.<\/p>\n<h2 class=\"wp-block-heading\" id=\"h-empregaone-e-get-started-with-oracle-ia-alem-da-educacao\">EmpregaONE e Get Started with Oracle IA: Al\u00e9m da Educa\u00e7\u00e3o<\/h2>\n<p>Ap\u00f3s a conclus\u00e3o do ONE, os graduados ganham acesso ao EmpregaONE, uma plataforma de empregos que os conecta diretamente com oportunidades no mercado de trabalho. J\u00e1 o Get Started with Oracle AI, com seu foco em fundamentos de IA, prepara os alunos para uma certifica\u00e7\u00e3o valiosa na Oracle Cloud Infrastructure Foundations Associate. Este programa n\u00e3o \u00e9 apenas um curso, mas um caminho para a excel\u00eancia profissional.<\/p>\n<p>Por sua vez, o programa Get Started with Oracle AI oferece treinamento sobre fundamentos de IA e uma oportunidade de certifica\u00e7\u00e3o sobre a tecnologia que busca treinar aliados, profissionais de TI e o p\u00fablico em geral que tem afinidade com inova\u00e7\u00e3o. Os\u00a0<a href=\"https:\/\/www.oracle.com\/cloud\/free\/?source=:ow:o:p:gts:021122AIGetStarted&amp;intcmp=:ow:o:p:gts:021122AIGetStarted\" target=\"_blank\" rel=\"noreferrer noopener nofollow\" class=\"external\">interessados podem se inscrever no site do programa<\/a>.<\/p>\n<div class=\"code-block code-block-10\" style=\"margin: 8px auto; text-align: center; display: block; clear: both;\">\n<hr class=\"wp-block-separator has-alpha-channel-opacity is-style-wide\"\/>\n<p>Voc\u00ea quer receber apenas not\u00edcias e vagas de emprego do seu interesse? A solu\u00e7\u00e3o chegou atrav\u00e9s do app <a href=\"https:\/\/play.google.com\/store\/apps\/details?id=com.clickpetroleoapp&amp;hl=pt&amp;gl=US\" class=\"external\" rel=\"nofollow noopener\" target=\"_blank\"><strong>CPG VAGAS E NOT\u00cdCIAS!<\/strong><\/a> Se voc\u00ea \u00e9 pintor, vai receber no seu celular apenas oportunidades neste cargo. E ser\u00e1 assim com pedreiro, t\u00e9cnico, engenheiro e etc\u2026.. N\u00e3o perca nada do que acontece no mercado de trabalho e econ\u00f4mico do Brasil, baixe agora o app <a href=\"https:\/\/play.google.com\/store\/apps\/details?id=com.clickpetroleoapp&amp;hl=pt&amp;gl=US\" class=\"external\" rel=\"nofollow noopener\" target=\"_blank\">CPG VAGAS E NOT\u00cdCIAS, dispon\u00edvel para Android e IOS!<\/a><\/p>\n<figure class=\"wp-block-image aligncenter size-full\"><a href=\"https:\/\/play.google.com\/store\/apps\/details?id=com.clickpetroleoapp&amp;hl=pt&amp;gl=US\" target=\"_blank\" rel=\"noreferrer noopener nofollow\" class=\"external\"><img data-recalc-dims=\"1\" decoding=\"async\" width=\"1280\" height=\"387\" alt=\"APP CPG VAGAS E NOT\u00cdCIAS\" class=\"wp-image-105306 ewww_webp_lazy_load lazy\" src=\"https:\/\/i0.wp.com\/clickpetroleoegas.com.br\/wp-content\/uploads\/2023\/09\/Aplicativo-de-vagas-de-empregos-e-noticias-da-sua-regiao.jpg.webp?resize=1280%2C387&#038;ssl=1\" loading=\"lazy\"\/><noscript><img data-recalc-dims=\"1\" loading=\"lazy\" decoding=\"async\" width=\"1280\" height=\"387\" alt=\"APP CPG VAGAS E NOT\u00cdCIAS\" class=\"wp-image-105306 ewww_webp_lazy_load\" src=\"https:\/\/i0.wp.com\/clickpetroleoegas.com.br\/wp-content\/uploads\/2023\/09\/Aplicativo-de-vagas-de-empregos-e-noticias-da-sua-regiao.jpg.webp?resize=1280%2C387&#038;ssl=1\"\/><\/noscript><noscript><img data-recalc-dims=\"1\" loading=\"lazy\" decoding=\"async\" width=\"1280\" height=\"387\" src=\"https:\/\/i0.wp.com\/clickpetroleoegas.com.br\/wp-content\/uploads\/2023\/09\/Aplicativo-de-vagas-de-empregos-e-noticias-da-sua-regiao.jpg?resize=1280%2C387&#038;ssl=1\" alt=\"APP CPG VAGAS E NOT\u00cdCIAS\" class=\"wp-image-105306\"\/><\/noscript><\/a><\/figure>\n<\/p><\/div>\n<\/p><\/div>\n<p><script type=\"text\/plain\" data-service=\"facebook\" data-category=\"marketing\">\n!function(f,b,e,v,n,t,s)\n{if(f.fbq)return;n=f.fbq=function(){n.callMethod?\nn.callMethod.apply(n,arguments):n.queue.push(arguments)};\nif(!f._fbq)f._fbq=n;n.push=n;n.loaded=!0;n.version='2.0';\nn.queue=[];t=b.createElement(e);t.async=!0;\nt.src=v;s=b.getElementsByTagName(e)[0];\ns.parentNode.insertBefore(t,s)}(window, document,'script',\n'https:\/\/connect.facebook.net\/en_US\/fbevents.js');\nfbq('init', '5536651029690406');\nfbq('track', 'PageView');\n<\/script><script type=\"text\/plain\" data-service=\"facebook\" data-category=\"marketing\" async defer crossorigin=\"anonymous\" data-rocket-data-cmplz-src=\"https:\/\/connect.facebook.net\/en_US\/sdk.js#xfbml=1&#038;version=v12.0&amp;appId=1127332727839552&#038;autoLogAppEvents=1\">\n<\/script><br \/>\n<br \/><br \/>\n<br \/><a href=\"https:\/\/ismaelcolosi.com.br\/oracle-abre-20-mil-vagas-em-cursos-gratuitos-online-em-inteligencia-artificial-ia-com-modulo-especial-em-chatgpt-para-profissionais-da-area-de-ti-curiosos-tambem-podem-se-matricular\/\">Source link <\/a><\/p>\n<!-- CONTENT END 1 -->\n","protected":false},"excerpt":{"rendered":"<p>20 mil vagas em cursos gratuitos em IA e ChatGPT ofertado pela Oracle Desenvolvedores, profissionais da \u00e1rea de TI e pessoas que tem curiosidade ou&#8230;<\/p>\n","protected":false},"author":1,"featured_media":15746,"comment_status":"open","ping_status":"open","sticky":false,"template":"","format":"standard","meta":{"advanced_seo_description":"","jetpack_seo_html_title":"","jetpack_seo_noindex":false,"jetpack_post_was_ever_published":false,"_jetpack_newsletter_access":"","_jetpack_dont_email_post_to_subs":false,"_jetpack_newsletter_tier_id":0,"_jetpack_memberships_contains_paywalled_content":false,"_jetpack_memberships_contains_paid_content":false,"footnotes":"","jetpack_publicize_message":"","jetpack_publicize_feature_enabled":true,"jetpack_social_post_already_shared":true,"jetpack_social_options":{"image_generator_settings":{"template":"highway","default_image_id":0,"font":"","enabled":false},"version":2}},"categories":[7],"tags":[],"class_list":["post-15745","post","type-post","status-publish","format-standard","has-post-thumbnail","hentry","category-vagas-de-empregos-em-ribeirao-preto-regiao-brasil"],"jetpack_publicize_connections":[],"jetpack_featured_media_url":"https:\/\/i0.wp.com\/noticiasribeiraopreto.com.br\/wp-content\/uploads\/2023\/12\/ORACLEe-830x450.jpg?fit=830%2C450&ssl=1","jetpack-related-posts":[{"id":54842,"url":"https:\/\/noticiasribeiraopreto.com.br\/index.php\/2024\/07\/25\/especialista-em-ia-quer-mais-mulheres-na-area\/","url_meta":{"origin":15745,"position":0},"title":"Especialista em IA quer mais mulheres na \u00e1rea","author":"noticiasribeiraopreto.com.br","date":"25 de July de 2024","format":false,"excerpt":"Heloisy Rodrigues tamb\u00e9m est\u00e1 \u00e0 frente da Macau, startup de solu\u00e7\u00f5es de intelig\u00eancia artificial para o mercado de call center Acessibilidade L L A- A+ \u25d0 Depois de ler manchetes e relat\u00f3rios que descreviam os profissionais e empregos do futuro, Heloisy Rodrigues, 24 anos, decidiu se matricular na primeira turma\u2026","rel":"","context":"In &quot;Blog&quot;","block_context":{"text":"Blog","link":"https:\/\/noticiasribeiraopreto.com.br\/index.php\/category\/blog\/"},"img":{"alt_text":"","src":"https:\/\/i0.wp.com\/noticiasribeiraopreto.com.br\/wp-content\/uploads\/2024\/07\/mulher-heloisy-rodrigues-1024x683.jpg?fit=1024%2C683&ssl=1&resize=350%2C200","width":350,"height":200,"srcset":"https:\/\/i0.wp.com\/noticiasribeiraopreto.com.br\/wp-content\/uploads\/2024\/07\/mulher-heloisy-rodrigues-1024x683.jpg?fit=1024%2C683&ssl=1&resize=350%2C200 1x, https:\/\/i0.wp.com\/noticiasribeiraopreto.com.br\/wp-content\/uploads\/2024\/07\/mulher-heloisy-rodrigues-1024x683.jpg?fit=1024%2C683&ssl=1&resize=525%2C300 1.5x, https:\/\/i0.wp.com\/noticiasribeiraopreto.com.br\/wp-content\/uploads\/2024\/07\/mulher-heloisy-rodrigues-1024x683.jpg?fit=1024%2C683&ssl=1&resize=700%2C400 2x"},"classes":[]},{"id":79894,"url":"https:\/\/noticiasribeiraopreto.com.br\/index.php\/2025\/11\/10\/ultimos-dias-para-se-inscrever-em-cursos-gratuitos-de-inteligencia-artificial\/","url_meta":{"origin":15745,"position":1},"title":"\u00daltimos dias para se inscrever em cursos gratuitos de Intelig\u00eancia Artificial","author":"noticiasribeiraopreto.com.br","date":"10 de November de 2025","format":false,"excerpt":"As inscri\u00e7\u00f5es para mais de 1,2 milh\u00e3o de vagas para cursos gratuitos de IA (Intelig\u00eancia Artificial) terminam na pr\u00f3xima quinta-feira (13). As oportunidades fazem parte da Jornada da TecnologIA, da Secretaria de Desenvolvimento Econ\u00f4mico de S\u00e3o Paulo. A Jornada da TecnologIA foi desenhada para permitir uma evolu\u00e7\u00e3o progressiva de conhecimentos\u2026","rel":"","context":"In &quot;Not\u00edcias de Ribeir\u00e3o Preto-SP e Regi\u00e3o&quot;","block_context":{"text":"Not\u00edcias de Ribeir\u00e3o Preto-SP e Regi\u00e3o","link":"https:\/\/noticiasribeiraopreto.com.br\/index.php\/category\/noticias-de-ribeirao-preto-sp-e-regiao-ismael-colosi\/"},"img":{"alt_text":"","src":"https:\/\/i0.wp.com\/noticiasribeiraopreto.com.br\/wp-content\/uploads\/2025\/11\/curso-ia_2025-11-10_16-41-05.webp.webp?fit=1200%2C798&ssl=1&resize=350%2C200","width":350,"height":200,"srcset":"https:\/\/i0.wp.com\/noticiasribeiraopreto.com.br\/wp-content\/uploads\/2025\/11\/curso-ia_2025-11-10_16-41-05.webp.webp?fit=1200%2C798&ssl=1&resize=350%2C200 1x, https:\/\/i0.wp.com\/noticiasribeiraopreto.com.br\/wp-content\/uploads\/2025\/11\/curso-ia_2025-11-10_16-41-05.webp.webp?fit=1200%2C798&ssl=1&resize=525%2C300 1.5x, https:\/\/i0.wp.com\/noticiasribeiraopreto.com.br\/wp-content\/uploads\/2025\/11\/curso-ia_2025-11-10_16-41-05.webp.webp?fit=1200%2C798&ssl=1&resize=700%2C400 2x, https:\/\/i0.wp.com\/noticiasribeiraopreto.com.br\/wp-content\/uploads\/2025\/11\/curso-ia_2025-11-10_16-41-05.webp.webp?fit=1200%2C798&ssl=1&resize=1050%2C600 3x"},"classes":[]},{"id":12532,"url":"https:\/\/noticiasribeiraopreto.com.br\/index.php\/2023\/12\/08\/senai-tem-2-mil-vagas-em-curso-gratuito-do-google-cloud\/","url_meta":{"origin":15745,"position":2},"title":"Senai tem 2 mil vagas em curso gratuito do Google Cloud","author":"noticiasribeiraopreto.com.br","date":"8 de December de 2023","format":false,"excerpt":"A plataforma Futuro.Digital, marketplace de educa\u00e7\u00e3o profissional do Servi\u00e7o Nacional de Aprendizagem Industrial (Senai) e de institui\u00e7\u00f5es parceiras, est\u00e1 com 2 mil vagas abertas em curso gratuito do Google Cloud Computing Foundations. A forma\u00e7\u00e3o \u00e9 100% online, com dura\u00e7\u00e3o de 40 horas e autoinstrucional, o que significa que o conte\u00fado\u2026","rel":"","context":"In &quot;Variedades&quot;","block_context":{"text":"Variedades","link":"https:\/\/noticiasribeiraopreto.com.br\/index.php\/category\/variedades\/"},"img":{"alt_text":"","src":"https:\/\/i0.wp.com\/noticiasribeiraopreto.com.br\/wp-content\/uploads\/2023\/12\/curso-gratuito-google-cloud.jpg?fit=1200%2C638&ssl=1&resize=350%2C200","width":350,"height":200,"srcset":"https:\/\/i0.wp.com\/noticiasribeiraopreto.com.br\/wp-content\/uploads\/2023\/12\/curso-gratuito-google-cloud.jpg?fit=1200%2C638&ssl=1&resize=350%2C200 1x, https:\/\/i0.wp.com\/noticiasribeiraopreto.com.br\/wp-content\/uploads\/2023\/12\/curso-gratuito-google-cloud.jpg?fit=1200%2C638&ssl=1&resize=525%2C300 1.5x, https:\/\/i0.wp.com\/noticiasribeiraopreto.com.br\/wp-content\/uploads\/2023\/12\/curso-gratuito-google-cloud.jpg?fit=1200%2C638&ssl=1&resize=700%2C400 2x, https:\/\/i0.wp.com\/noticiasribeiraopreto.com.br\/wp-content\/uploads\/2023\/12\/curso-gratuito-google-cloud.jpg?fit=1200%2C638&ssl=1&resize=1050%2C600 3x"},"classes":[]},{"id":67896,"url":"https:\/\/noticiasribeiraopreto.com.br\/index.php\/2025\/04\/20\/jornal-da-franca-provao-paulista-divulga-lista-de-aprovados-nas-fatecs-e-univesp-como-se-matricular\/","url_meta":{"origin":15745,"position":3},"title":"Jornal da Franca &#8211; Prov\u00e3o Paulista divulga lista de aprovados nas Fatecs e Univesp. Como se matricular","author":"noticiasribeiraopreto.com.br","date":"20 de April de 2025","format":false,"excerpt":"compartilhar no whatsapp compartilhar no telegram compartilhar no facebook compartilhar no linkedin Convocados devem fazer a matr\u00edcula entre ter\u00e7a (22) e quarta (23); informa\u00e7\u00f5es sobre documenta\u00e7\u00e3o podem ser consultadas na internet Prov\u00e3o Paulista Seriado divulgou a primeira lista dos aprovados (Foto: Roberto Sungi) J\u00e1 est\u00e1 dispon\u00edvel a\u00a0primeira lista de convoca\u00e7\u00e3o\u00a0do\u2026","rel":"","context":"In &quot;Not\u00edcias de Franca-SP&quot;","block_context":{"text":"Not\u00edcias de Franca-SP","link":"https:\/\/noticiasribeiraopreto.com.br\/index.php\/category\/noticias-de-ribeirao-preto-sp-e-regiao-ismael-colosi\/noticias-franca-sp\/"},"img":{"alt_text":"","src":"https:\/\/i0.wp.com\/noticiasribeiraopreto.com.br\/wp-content\/uploads\/2025\/04\/Roberto-Sungi.jpg?fit=1200%2C800&ssl=1&resize=350%2C200","width":350,"height":200,"srcset":"https:\/\/i0.wp.com\/noticiasribeiraopreto.com.br\/wp-content\/uploads\/2025\/04\/Roberto-Sungi.jpg?fit=1200%2C800&ssl=1&resize=350%2C200 1x, https:\/\/i0.wp.com\/noticiasribeiraopreto.com.br\/wp-content\/uploads\/2025\/04\/Roberto-Sungi.jpg?fit=1200%2C800&ssl=1&resize=525%2C300 1.5x, https:\/\/i0.wp.com\/noticiasribeiraopreto.com.br\/wp-content\/uploads\/2025\/04\/Roberto-Sungi.jpg?fit=1200%2C800&ssl=1&resize=700%2C400 2x, https:\/\/i0.wp.com\/noticiasribeiraopreto.com.br\/wp-content\/uploads\/2025\/04\/Roberto-Sungi.jpg?fit=1200%2C800&ssl=1&resize=1050%2C600 3x"},"classes":[]},{"id":45843,"url":"https:\/\/noticiasribeiraopreto.com.br\/index.php\/2024\/04\/08\/senai-abre-inscricoes-com-mais-de-10-mil-vagas-em-cursos-tecnicos-profissionalizantes-a-distancia-e-gratuitos-com-certificado-nas-areas-de-tecnologia-da-informacao-logisticas-automotiva-e-mais\/","url_meta":{"origin":15745,"position":4},"title":"Senai abre inscri\u00e7\u00f5es com mais de 10 mil vagas em cursos t\u00e9cnicos profissionalizantes \u00e0 dist\u00e2ncia e GRATUITOS; com certificado nas \u00e1reas de Tecnologia da Informa\u00e7\u00e3o, log\u00edsticas, automotiva e mais.","author":"noticiasribeiraopreto.com.br","date":"8 de April de 2024","format":false,"excerpt":"A oportunidade que voc\u00ea tanto esperava: o Senai oferece cursos t\u00e9cnicos e profissionalizantes gratuitos com credenciamento. Garanta sua qualifica\u00e7\u00e3o profissional! O Servi\u00e7o Nacional de Aprendizagem Industrial (SENAI) tem o prazer de anunciar que iniciou o cadastramento de 10 mil vagas em cursos t\u00e9cnicos profissionalizantes gratuitos nas modalidades EAD (EAD) e\u2026","rel":"","context":"In &quot;Empregos - Classificados&quot;","block_context":{"text":"Empregos - Classificados","link":"https:\/\/noticiasribeiraopreto.com.br\/index.php\/category\/empregos-classificados-vagas-trabalho\/"},"img":{"alt_text":"","src":"https:\/\/i0.wp.com\/noticiasribeiraopreto.com.br\/wp-content\/uploads\/2024\/04\/Grupo-especifico-de-mulheres-ganham-PRIORIDADE-no-pagamento-do-Bolsa-Familia-Saiba-mais-2.webp.webp?fit=1200%2C630&ssl=1&resize=350%2C200","width":350,"height":200,"srcset":"https:\/\/i0.wp.com\/noticiasribeiraopreto.com.br\/wp-content\/uploads\/2024\/04\/Grupo-especifico-de-mulheres-ganham-PRIORIDADE-no-pagamento-do-Bolsa-Familia-Saiba-mais-2.webp.webp?fit=1200%2C630&ssl=1&resize=350%2C200 1x, https:\/\/i0.wp.com\/noticiasribeiraopreto.com.br\/wp-content\/uploads\/2024\/04\/Grupo-especifico-de-mulheres-ganham-PRIORIDADE-no-pagamento-do-Bolsa-Familia-Saiba-mais-2.webp.webp?fit=1200%2C630&ssl=1&resize=525%2C300 1.5x, https:\/\/i0.wp.com\/noticiasribeiraopreto.com.br\/wp-content\/uploads\/2024\/04\/Grupo-especifico-de-mulheres-ganham-PRIORIDADE-no-pagamento-do-Bolsa-Familia-Saiba-mais-2.webp.webp?fit=1200%2C630&ssl=1&resize=700%2C400 2x, https:\/\/i0.wp.com\/noticiasribeiraopreto.com.br\/wp-content\/uploads\/2024\/04\/Grupo-especifico-de-mulheres-ganham-PRIORIDADE-no-pagamento-do-Bolsa-Familia-Saiba-mais-2.webp.webp?fit=1200%2C630&ssl=1&resize=1050%2C600 3x"},"classes":[]},{"id":55862,"url":"https:\/\/noticiasribeiraopreto.com.br\/index.php\/2024\/08\/07\/senac-abre-54-mil-vagas-para-cursos-gratuitos-com-certificado-em-diversas-areas-veja-como-se-inscrever\/","url_meta":{"origin":15745,"position":5},"title":"Senac Abre 5,4 Mil Vagas para Cursos Gratuitos com Certificado em Diversas \u00c1reas; Veja Como se Inscrever","author":"noticiasribeiraopreto.com.br","date":"7 de August de 2024","format":false,"excerpt":"S\u00e3o mais de 5.400 vagas para os cursos livres com certificados dispon\u00edveis nas unidades de Americana (SP), Campinas (SP), Itapira (SP) e Mogiguaz\u00fa (SP). Se voc\u00ea mora em uma dessas cidades ou arredores, esta pode ser a oportunidade que voc\u00ea estava esperando para atualizar seu curr\u00edculo! De acordo com o\u2026","rel":"","context":"In &quot;Empregos - Classificados&quot;","block_context":{"text":"Empregos - Classificados","link":"https:\/\/noticiasribeiraopreto.com.br\/index.php\/category\/empregos-classificados-vagas-trabalho\/"},"img":{"alt_text":"","src":"https:\/\/i0.wp.com\/noticiasribeiraopreto.com.br\/wp-content\/uploads\/2024\/08\/www.Redebrasilnews.com_.br_.webp.webp?fit=1200%2C630&ssl=1&resize=350%2C200","width":350,"height":200,"srcset":"https:\/\/i0.wp.com\/noticiasribeiraopreto.com.br\/wp-content\/uploads\/2024\/08\/www.Redebrasilnews.com_.br_.webp.webp?fit=1200%2C630&ssl=1&resize=350%2C200 1x, https:\/\/i0.wp.com\/noticiasribeiraopreto.com.br\/wp-content\/uploads\/2024\/08\/www.Redebrasilnews.com_.br_.webp.webp?fit=1200%2C630&ssl=1&resize=525%2C300 1.5x, https:\/\/i0.wp.com\/noticiasribeiraopreto.com.br\/wp-content\/uploads\/2024\/08\/www.Redebrasilnews.com_.br_.webp.webp?fit=1200%2C630&ssl=1&resize=700%2C400 2x, https:\/\/i0.wp.com\/noticiasribeiraopreto.com.br\/wp-content\/uploads\/2024\/08\/www.Redebrasilnews.com_.br_.webp.webp?fit=1200%2C630&ssl=1&resize=1050%2C600 3x"},"classes":[]}],"jetpack_sharing_enabled":true,"jetpack_shortlink":"https:\/\/wp.me\/peQAOb-45X","_links":{"self":[{"href":"https:\/\/noticiasribeiraopreto.com.br\/index.php\/wp-json\/wp\/v2\/posts\/15745","targetHints":{"allow":["GET"]}}],"collection":[{"href":"https:\/\/noticiasribeiraopreto.com.br\/index.php\/wp-json\/wp\/v2\/posts"}],"about":[{"href":"https:\/\/noticiasribeiraopreto.com.br\/index.php\/wp-json\/wp\/v2\/types\/post"}],"author":[{"embeddable":true,"href":"https:\/\/noticiasribeiraopreto.com.br\/index.php\/wp-json\/wp\/v2\/users\/1"}],"replies":[{"embeddable":true,"href":"https:\/\/noticiasribeiraopreto.com.br\/index.php\/wp-json\/wp\/v2\/comments?post=15745"}],"version-history":[{"count":0,"href":"https:\/\/noticiasribeiraopreto.com.br\/index.php\/wp-json\/wp\/v2\/posts\/15745\/revisions"}],"wp:featuredmedia":[{"embeddable":true,"href":"https:\/\/noticiasribeiraopreto.com.br\/index.php\/wp-json\/wp\/v2\/media\/15746"}],"wp:attachment":[{"href":"https:\/\/noticiasribeiraopreto.com.br\/index.php\/wp-json\/wp\/v2\/media?parent=15745"}],"wp:term":[{"taxonomy":"category","embeddable":true,"href":"https:\/\/noticiasribeiraopreto.com.br\/index.php\/wp-json\/wp\/v2\/categories?post=15745"},{"taxonomy":"post_tag","embeddable":true,"href":"https:\/\/noticiasribeiraopreto.com.br\/index.php\/wp-json\/wp\/v2\/tags?post=15745"}],"curies":[{"name":"wp","href":"https:\/\/api.w.org\/{rel}","templated":true}]}}