{"id":15772,"date":"2023-12-14T10:47:04","date_gmt":"2023-12-14T13:47:04","guid":{"rendered":"https:\/\/noticiasribeiraopreto.com.br\/index.php\/2023\/12\/14\/projeto-de-rp-vence-premio\/"},"modified":"2023-12-14T10:47:04","modified_gmt":"2023-12-14T13:47:04","slug":"projeto-de-rp-vence-premio","status":"publish","type":"post","link":"https:\/\/noticiasribeiraopreto.com.br\/index.php\/2023\/12\/14\/projeto-de-rp-vence-premio\/","title":{"rendered":"Projeto de RP vence pr\u00eamio"},"content":{"rendered":"<div class='code-block code-block-1' style='margin: 8px 0 8px auto; text-align: right; display: block; clear: both;'>\n<p><a href=\"https:\/\/wa.link\/vpicfd\"><img data-recalc-dims=\"1\" class=\"wp-image-4922\" style=\"aspect-ratio: 2.0253164556962027; width: 561px; height: auto;\" src=\"https:\/\/i0.wp.com\/ismaelcolosi.com.br\/wp-content\/uploads\/2023\/11\/grupo-de-empregos-whatsapp-e-facebook-ismael-colosi-vagas.jpg?ssl=1\" alt=\"\" \/><\/a><\/p>\n<!-- \/wp:image -->\n<\/div>\n<p> <br \/>\n<\/p>\n<div id=\"\">\n<p> <span class=\"entry-meta-item penci-posted-on\"><i class=\"fa fa-clock-o\"\/><time class=\"entry-date published updated\" datetime=\"2023-12-14T10:21:26-03:00\">14 de dezembro de 2023 | 10:21<\/time><\/span><\/p>\n<p> <span class=\"penci-social-buttons penci-social-share-footer\"><a href=\"#\" class=\"penci-post-like penci_post-meta_item  single-like-button penci-social-item like\" data-post_id=\"367259\" title=\"Like\" data-like=\"Like\" data-unlike=\"Unlike\"><i class=\"fa fa-thumbs-o-up\"\/><span class=\"penci-share-number\">0<\/span><\/a><i class=\"fa fa-facebook\"\/><a class=\"penci-social-item twitter\" target=\"_blank\" rel=\"noopener\" title=\"\" href=\"https:\/\/twitter.com\/intent\/tweet?text=Projeto%20de%20RP%20vence%20pr\u00eamio%20-%20https:\/\/www.tribunaribeirao.com.br\/site\/projeto-de-rp-vence-premio\/\"><i class=\"fa fa-twitter\"\/><\/a><i class=\"fa fa-whatsapp\"\/><\/span><\/div>\n<div>\n<p><span class=\"TextRun SCXW102361845 BCX0\" lang=\"PT-BR\" xml:lang=\"PT-BR\" data-contrast=\"auto\"><span class=\"NormalTextRun SCXW102361845 BCX0\">Criado em 1950 pela Secretaria de Cultura e Economia Criativa do Estado de S\u00e3o Paulo para premiar os melhores projetos em diversas \u00e1reas culturais <\/span><span class=\"NormalTextRun SCXW102361845 BCX0\">\u2013<\/span><span class=\"NormalTextRun SCXW102361845 BCX0\">como cinema, teatro, m\u00fasica e literatura<\/span> <span class=\"NormalTextRun SCXW102361845 BCX0\">\u2013<\/span><span class=\"NormalTextRun SCXW102361845 BCX0\">, <\/span><span class=\"NormalTextRun SCXW102361845 BCX0\">a entrega d<\/span><span class=\"NormalTextRun SCXW102361845 BCX0\">o Pr\u00eamio Governador do Estado de S\u00e3o Paulo 2023 aconteceu <\/span><span class=\"NormalTextRun SCXW102361845 BCX0\">na <\/span><span class=\"NormalTextRun SCXW102361845 BCX0\">ter\u00e7a-feira<\/span><span class=\"NormalTextRun SCXW102361845 BCX0\">, 12 de dezembro, <\/span><span class=\"NormalTextRun SCXW102361845 BCX0\">no Pal\u00e1cio dos Bandeirantes, <\/span><span class=\"NormalTextRun SCXW102361845 BCX0\">a capital paulista<\/span><span class=\"NormalTextRun SCXW102361845 BCX0\">. <\/span><\/span><span class=\"LineBreakBlob BlobObject DragDrop SCXW102361845 BCX0\"><span class=\"SCXW102361845 BCX0\">\u00a0<\/span><br class=\"SCXW102361845 BCX0\"\/><\/span><span class=\"LineBreakBlob BlobObject DragDrop SCXW102361845 BCX0\"><span class=\"SCXW102361845 BCX0\">\u00a0<\/span><br class=\"SCXW102361845 BCX0\"\/><\/span><span class=\"TextRun SCXW102361845 BCX0\" lang=\"PT-BR\" xml:lang=\"PT-BR\" data-contrast=\"auto\"><span class=\"NormalTextRun SCXW102361845 BCX0\">N<\/span><span class=\"NormalTextRun SCXW102361845 BCX0\">a premia\u00e7\u00e3o de 2023, <\/span><span class=\"NormalTextRun SCXW102361845 BCX0\">o vencedor <\/span><span class=\"NormalTextRun SCXW102361845 BCX0\">na categoria \u201cIncentivo \u00e0 Leitura\u201d<\/span><span class=\"NormalTextRun SCXW102361845 BCX0\"> foi o <\/span><span class=\"NormalTextRun SCXW102361845 BCX0\">projeto de Ribeir\u00e3o Preto, \u201cRevitaliza\u00e7\u00e3o de Bibliotecas\u201d, fruto da parceria entre a Funda\u00e7\u00e3o do Livro e Leitura de Ribeir\u00e3o Preto e Usina Alta <\/span><span class=\"NormalTextRun SCXW102361845 BCX0\">Mogiana<\/span><span class=\"NormalTextRun SCXW102361845 BCX0\">, atrav\u00e9s das leis de incentivo fiscal (<\/span><span class=\"NormalTextRun SpellingErrorV2Themed SCXW102361845 BCX0\">Proac<\/span><span class=\"NormalTextRun SCXW102361845 BCX0\"> ICMS e <\/span><span class=\"NormalTextRun SpellingErrorV2Themed SCXW102361845 BCX0\">Proac<\/span><span class=\"NormalTextRun SCXW102361845 BCX0\"> Editais). No ano passado, a entidade tamb\u00e9m foi indicada \u00e0 premia\u00e7\u00e3o na categoria \u201cMostras, Festivais, Mercados e Eventos Culturais\u201d.<\/span><\/span><span class=\"LineBreakBlob BlobObject DragDrop SCXW102361845 BCX0\"><span class=\"SCXW102361845 BCX0\">\u00a0<\/span><br class=\"SCXW102361845 BCX0\"\/><\/span><span class=\"LineBreakBlob BlobObject DragDrop SCXW102361845 BCX0\"><span class=\"SCXW102361845 BCX0\">\u00a0<\/span><br class=\"SCXW102361845 BCX0\"\/><\/span><span class=\"TextRun SCXW102361845 BCX0\" lang=\"PT-BR\" xml:lang=\"PT-BR\" data-contrast=\"auto\"><span class=\"NormalTextRun SCXW102361845 BCX0\">O projeto de revitaliza\u00e7\u00e3o de bibliotecas foi conclu\u00eddo <\/span><span class=\"NormalTextRun SCXW102361845 BCX0\">no ano passado <\/span><span class=\"NormalTextRun SCXW102361845 BCX0\">nas bibliotecas <\/span><span class=\"NormalTextRun SpellingErrorV2Themed SCXW102361845 BCX0\">E<\/span><span class=\"NormalTextRun SpellingErrorV2Themed SCXW102361845 BCX0\">meb<\/span> <span class=\"NormalTextRun SCXW102361845 BCX0\">Jos\u00e9 Renato Nogueira Ambr\u00f3sio (S\u00e3o Jos\u00e9 da Bela Vista), EE Prof<\/span><span class=\"NormalTextRun SCXW102361845 BCX0\">essora <\/span><span class=\"NormalTextRun SCXW102361845 BCX0\">Elza Miguel Francisco e Biblioteca Municipal <\/span><span class=\"NormalTextRun SCXW102361845 BCX0\">Doutor<\/span><span class=\"NormalTextRun SCXW102361845 BCX0\">. Carlos de Rezende <\/span><span class=\"NormalTextRun SpellingErrorV2Themed SCXW102361845 BCX0\">Enout<\/span><span class=\"NormalTextRun SCXW102361845 BCX0\"> (em S\u00e3o Joaquim da Barra). As institui\u00e7\u00f5es receberam novos mobili\u00e1rios, comunica\u00e7\u00e3o visual, brinquedos educativos, equipamentos e livros novos. <\/span><\/span><span class=\"LineBreakBlob BlobObject DragDrop SCXW102361845 BCX0\"><span class=\"SCXW102361845 BCX0\">\u00a0<\/span><br class=\"SCXW102361845 BCX0\"\/><\/span><span class=\"LineBreakBlob BlobObject DragDrop SCXW102361845 BCX0\"><span class=\"SCXW102361845 BCX0\">\u00a0<\/span><br class=\"SCXW102361845 BCX0\"\/><\/span><span class=\"TextRun SCXW102361845 BCX0\" lang=\"PT-BR\" xml:lang=\"PT-BR\" data-contrast=\"auto\"><span class=\"NormalTextRun SCXW102361845 BCX0\">O acervo foi renovado de acordo com o perfil de leitores de cada local. No caso da Biblioteca Municipal o sistema de cataloga\u00e7\u00e3o e atendimento foi modernizado.<\/span> <span class=\"NormalTextRun SCXW102361845 BCX0\">Para a gerente de gest\u00e3o de pessoas da Usina Alta <\/span><span class=\"NormalTextRun SCXW102361845 BCX0\">Mogiana<\/span><span class=\"NormalTextRun SCXW102361845 BCX0\">, Vera L\u00facia Martins Guedes, a premia\u00e7\u00e3o consolida uma <\/span><span class=\"NormalTextRun SCXW102361845 BCX0\">ideia<\/span><span class=\"NormalTextRun SCXW102361845 BCX0\"> j\u00e1 pensada h\u00e1 muito tempo atrav\u00e9s da parceria com a Funda\u00e7\u00e3o do Livro e Leitura, que j\u00e1 tem <\/span><span class=\"NormalTextRun SCXW102361845 BCX0\">dez <\/span><span class=\"NormalTextRun SCXW102361845 BCX0\">anos de dura\u00e7\u00e3o. <\/span><\/span><span class=\"LineBreakBlob BlobObject DragDrop SCXW102361845 BCX0\"><span class=\"SCXW102361845 BCX0\">\u00a0<\/span><br class=\"SCXW102361845 BCX0\"\/><\/span><span class=\"LineBreakBlob BlobObject DragDrop SCXW102361845 BCX0\"><span class=\"SCXW102361845 BCX0\">\u00a0<\/span><br class=\"SCXW102361845 BCX0\"\/><\/span><span class=\"TextRun SCXW102361845 BCX0\" lang=\"PT-BR\" xml:lang=\"PT-BR\" data-contrast=\"auto\"><span class=\"NormalTextRun SCXW102361845 BCX0\">\u201cUma parceria de sucesso, que a cada dia se torna mais importante, pelo alcance que tem entre os jovens, beneficiados pelos projetos. Para n\u00f3s, <\/span><span class=\"NormalTextRun SCXW102361845 BCX0\">um exemplo e um case<\/span><span class=\"NormalTextRun SCXW102361845 BCX0\"> de sucesso da parceria entre a iniciativa privada e o poder p\u00fablico\u201d, comenta.<\/span> <\/span><span class=\"LineBreakBlob BlobObject DragDrop SCXW102361845 BCX0\"><span class=\"SCXW102361845 BCX0\">\u00a0<\/span><br class=\"SCXW102361845 BCX0\"\/><\/span><span class=\"LineBreakBlob BlobObject DragDrop SCXW102361845 BCX0\"><span class=\"SCXW102361845 BCX0\">\u00a0<\/span><br class=\"SCXW102361845 BCX0\"\/><\/span><span class=\"TextRun SCXW102361845 BCX0\" lang=\"PT-BR\" xml:lang=\"PT-BR\" data-contrast=\"auto\"><span class=\"NormalTextRun SCXW102361845 BCX0\">A presidente da Funda\u00e7\u00e3o do Livro e Leitura, Dulce Neves, complementa que parcerias com a iniciativa privada criam um ambiente prop\u00edcio para o enriquecimento cultural da sociedade, proporcionando benef\u00edcios que <\/span><span class=\"NormalTextRun SCXW102361845 BCX0\">ultrapassam o \u00e2mbito art\u00edstico. \u201cVencermos esse pr\u00eamio \u00e9 uma prova de que estamos contribuindo significativamente para essa transforma\u00e7\u00e3o social atrav\u00e9s do livro e da leitura\u201d.<\/span><\/span><span class=\"LineBreakBlob BlobObject DragDrop SCXW102361845 BCX0\"><span class=\"SCXW102361845 BCX0\">\u00a0<\/span><br class=\"SCXW102361845 BCX0\"\/><\/span><span class=\"LineBreakBlob BlobObject DragDrop SCXW102361845 BCX0\"><span class=\"SCXW102361845 BCX0\">\u00a0<\/span><br class=\"SCXW102361845 BCX0\"\/><\/span><span class=\"TextRun SCXW102361845 BCX0\" lang=\"PT-BR\" xml:lang=\"PT-BR\" data-contrast=\"auto\"><span class=\"NormalTextRun SCXW102361845 BCX0\">S<\/span><span class=\"NormalTextRun SCXW102361845 BCX0\">er a vencedora da premia\u00e7\u00e3o nesta categoria \u00e9 para Dulce Neves \u201cum reconhecimento tang\u00edvel do compromisso dedicado e apaixonado pela promo\u00e7\u00e3o da leitura\u201d. Para ela, o sentimento de dever cumprido se entrela\u00e7a com a alegria de ver um esfor\u00e7o coletivo materializado em uma indica\u00e7\u00e3o t\u00e3o prestigiosa pela cultura nacional. <\/span><\/span><span class=\"LineBreakBlob BlobObject DragDrop SCXW102361845 BCX0\"><span class=\"SCXW102361845 BCX0\">\u00a0<\/span><br class=\"SCXW102361845 BCX0\"\/><\/span><span class=\"LineBreakBlob BlobObject DragDrop SCXW102361845 BCX0\"><span class=\"SCXW102361845 BCX0\">\u00a0<\/span><br class=\"SCXW102361845 BCX0\"\/><\/span><span class=\"TextRun SCXW102361845 BCX0\" lang=\"PT-BR\" xml:lang=\"PT-BR\" data-contrast=\"auto\"><span class=\"NormalTextRun SCXW102361845 BCX0\">\u201cEsse pr\u00eamio \u00e9 uma celebra\u00e7\u00e3o da dedica\u00e7\u00e3o incans\u00e1vel \u00e0 causa da leitura e um est\u00edmulo para continuar avan\u00e7ando. S\u00e3o parcerias como essa com a Usina <\/span><span class=\"NormalTextRun SCXW102361845 BCX0\">Mogiana<\/span><span class=\"NormalTextRun SCXW102361845 BCX0\"> que v\u00e3o fazer do mundo um lugar melhor para todos\u201d, complementa<\/span><span class=\"NormalTextRun SCXW102361845 BCX0\"> Dulce Neves<\/span><span class=\"NormalTextRun SCXW102361845 BCX0\">.<\/span><\/span><span class=\"LineBreakBlob BlobObject DragDrop SCXW102361845 BCX0\"><span class=\"SCXW102361845 BCX0\">\u00a0<\/span><br class=\"SCXW102361845 BCX0\"\/><\/span><span class=\"LineBreakBlob BlobObject DragDrop SCXW102361845 BCX0\"><span class=\"SCXW102361845 BCX0\">\u00a0<\/span><br class=\"SCXW102361845 BCX0\"\/><\/span><span class=\"TextRun SCXW102361845 BCX0\" lang=\"PT-BR\" xml:lang=\"PT-BR\" data-contrast=\"auto\"><strong><span class=\"NormalTextRun SCXW102361845 BCX0\">Funda\u00e7\u00e3o do Livro e Leitura<\/span><\/strong><span class=\"NormalTextRun SCXW102361845 BCX0\"> \u2013 <\/span><\/span><span class=\"TextRun SCXW102361845 BCX0\" lang=\"PT-BR\" xml:lang=\"PT-BR\" data-contrast=\"auto\"><span class=\"NormalTextRun SCXW102361845 BCX0\">A Funda\u00e7\u00e3o do Livro e Leitura de Ribeir\u00e3o Preto \u00e9 uma entidade de direito privado, sem fins lucrativos, respons\u00e1vel pela realiza\u00e7\u00e3o da Feira Internacional do Livro da cidade, hoje considerada a segunda maior feira a c\u00e9u <\/span><span class=\"NormalTextRun SCXW102361845 BCX0\">aberto do pa\u00eds e, mais recentemente, propagadora de feiras no interior de S\u00e3o Paulo<\/span><span class=\"NormalTextRun SCXW102361845 BCX0\">. <\/span><\/span><span class=\"LineBreakBlob BlobObject DragDrop SCXW102361845 BCX0\"><span class=\"SCXW102361845 BCX0\">\u00a0<\/span><br class=\"SCXW102361845 BCX0\"\/><\/span><span class=\"LineBreakBlob BlobObject DragDrop SCXW102361845 BCX0\"><span class=\"SCXW102361845 BCX0\">\u00a0<\/span><br class=\"SCXW102361845 BCX0\"\/><\/span><span class=\"TextRun SCXW102361845 BCX0\" lang=\"PT-BR\" xml:lang=\"PT-BR\" data-contrast=\"auto\"><span class=\"NormalTextRun SCXW102361845 BCX0\">Com uma trajet\u00f3ria s\u00f3lida, proje\u00e7\u00e3o nacional e agora internacional, a entidade ganhou experi\u00eancia e, atualmente, al\u00e9m das feiras, realiza outros projetos ligados ao universo do livro e da leitura na regi\u00e3o, com calend\u00e1rio de atividades durante todo o ano. A Funda\u00e7\u00e3o do Livro e Leitura se mant\u00e9m com o apoio de mantenedores e patrocinadores, com recursos diretos e advindos das leis de incentivo, em especial do Pronac e do <\/span><span class=\"NormalTextRun SpellingErrorV2Themed SCXW102361845 BCX0\">ProAc<\/span><span class=\"NormalTextRun SCXW102361845 BCX0\">.<\/span><\/span><span class=\"LineBreakBlob BlobObject DragDrop SCXW102361845 BCX0\"><span class=\"SCXW102361845 BCX0\">\u00a0<\/span><br class=\"SCXW102361845 BCX0\"\/><\/span><span class=\"LineBreakBlob BlobObject DragDrop SCXW102361845 BCX0\"><span class=\"SCXW102361845 BCX0\">\u00a0<\/span><br class=\"SCXW102361845 BCX0\"\/><\/span><span class=\"LineBreakBlob BlobObject DragDrop SCXW102361845 BCX0\"><br class=\"SCXW102361845 BCX0\"\/><\/span><span class=\"EOP SCXW102361845 BCX0\" data-ccp-props=\"{&quot;201341983&quot;:0,&quot;335559739&quot;:200,&quot;335559740&quot;:276}\">\u00a0<\/span><\/p>\n<\/div>\n<p><script async src=\"\/\/platform.twitter.com\/widgets.js\" charset=\"utf-8\"><\/script><br \/>\n<br \/><br \/>\n<br \/><a href=\"https:\/\/www.tribunaribeirao.com.br\/site\/projeto-de-rp-vence-premio\/\">Source link <\/a><\/p>\n<!-- CONTENT END 1 -->\n","protected":false},"excerpt":{"rendered":"<p>14 de dezembro de 2023 | 10:21 0 Criado em 1950 pela Secretaria de Cultura e Economia Criativa do Estado de S\u00e3o Paulo para premiar&#8230;<\/p>\n","protected":false},"author":1,"featured_media":15774,"comment_status":"open","ping_status":"open","sticky":false,"template":"","format":"standard","meta":{"advanced_seo_description":"","jetpack_seo_html_title":"","jetpack_seo_noindex":false,"jetpack_post_was_ever_published":false,"_jetpack_newsletter_access":"","_jetpack_dont_email_post_to_subs":false,"_jetpack_newsletter_tier_id":0,"_jetpack_memberships_contains_paywalled_content":false,"_jetpack_memberships_contains_paid_content":false,"footnotes":"","jetpack_publicize_message":"","jetpack_publicize_feature_enabled":true,"jetpack_social_post_already_shared":true,"jetpack_social_options":{"image_generator_settings":{"template":"highway","default_image_id":0,"font":"","enabled":false},"version":2}},"categories":[11],"tags":[507,685,1612],"class_list":["post-15772","post","type-post","status-publish","format-standard","has-post-thumbnail","hentry","category-noticias-de-ribeirao-preto-sp-e-regiao-ismael-colosi","tag-premio","tag-projeto","tag-vence"],"jetpack_publicize_connections":[],"jetpack_featured_media_url":"https:\/\/i0.wp.com\/noticiasribeiraopreto.com.br\/wp-content\/uploads\/2023\/12\/Dulce-Neves-scaled.jpeg?fit=860%2C645&ssl=1","jetpack-related-posts":[{"id":81889,"url":"https:\/\/noticiasribeiraopreto.com.br\/index.php\/2026\/01\/29\/sesc-no-interior-de-sp-vence-premio-de-arquitetura-da-apca\/","url_meta":{"origin":15772,"position":0},"title":"Sesc no interior de SP vence pr\u00eamio de arquitetura da APCA","author":"noticiasribeiraopreto.com.br","date":"29 de January de 2026","format":false,"excerpt":"O Sesc Franca, no interior de S\u00e3o Paulo, foi premiado pela APCA (Associa\u00e7\u00e3o Paulista de Cr\u00edticos de Arte) na categoria \u201cObra de Arquitetura em S\u00e3o Paulo\u201d. A APCA \u00e9 a mais tradicional premia\u00e7\u00e3o cultural do pa\u00eds, com quase 70 anos de hist\u00f3ria. Os vencedores s\u00e3o escolhidos anualmente por cr\u00edticos de\u2026","rel":"","context":"In &quot;Not\u00edcias de Ribeir\u00e3o Preto-SP e Regi\u00e3o&quot;","block_context":{"text":"Not\u00edcias de Ribeir\u00e3o Preto-SP e Regi\u00e3o","link":"https:\/\/noticiasribeiraopreto.com.br\/index.php\/category\/noticias-de-ribeirao-preto-sp-e-regiao-ismael-colosi\/"},"img":{"alt_text":"","src":"https:\/\/i0.wp.com\/noticiasribeiraopreto.com.br\/wp-content\/uploads\/2026\/01\/sesc-franca_2026-01-28_19-14-15.webp.webp?fit=1200%2C634&ssl=1&resize=350%2C200","width":350,"height":200,"srcset":"https:\/\/i0.wp.com\/noticiasribeiraopreto.com.br\/wp-content\/uploads\/2026\/01\/sesc-franca_2026-01-28_19-14-15.webp.webp?fit=1200%2C634&ssl=1&resize=350%2C200 1x, https:\/\/i0.wp.com\/noticiasribeiraopreto.com.br\/wp-content\/uploads\/2026\/01\/sesc-franca_2026-01-28_19-14-15.webp.webp?fit=1200%2C634&ssl=1&resize=525%2C300 1.5x, https:\/\/i0.wp.com\/noticiasribeiraopreto.com.br\/wp-content\/uploads\/2026\/01\/sesc-franca_2026-01-28_19-14-15.webp.webp?fit=1200%2C634&ssl=1&resize=700%2C400 2x, https:\/\/i0.wp.com\/noticiasribeiraopreto.com.br\/wp-content\/uploads\/2026\/01\/sesc-franca_2026-01-28_19-14-15.webp.webp?fit=1200%2C634&ssl=1&resize=1050%2C600 3x"},"classes":[]},{"id":28514,"url":"https:\/\/noticiasribeiraopreto.com.br\/index.php\/2024\/01\/16\/guilherme-madruga-ex-botafogo-vence-premio-puskas-por-golaco-de-bicicleta\/","url_meta":{"origin":15772,"position":1},"title":"Guilherme Madruga, ex-Botafogo, vence Pr\u00eamio Pusk\u00e1s por gola\u00e7o de bicicleta","author":"noticiasribeiraopreto.com.br","date":"16 de January de 2024","format":false,"excerpt":"15 de janeiro de 2024 | 17:4715 de janeiro de 2024 | 17:49 3Guilherme Madruga, ex-Botafogo-SP e hoje do Cuiab\u00e1, ganhou o Pr\u00eamio Pusk\u00e1s, que elege o gol mais bonito do ano no planeta.O meio-campista de 23 anos superou Julio Enciso e Nuno Santos. Os atletas de Brighton e Sporting,\u2026","rel":"","context":"In &quot;Not\u00edcias de Ribeir\u00e3o Preto-SP e Regi\u00e3o&quot;","block_context":{"text":"Not\u00edcias de Ribeir\u00e3o Preto-SP e Regi\u00e3o","link":"https:\/\/noticiasribeiraopreto.com.br\/index.php\/category\/noticias-de-ribeirao-preto-sp-e-regiao-ismael-colosi\/"},"img":{"alt_text":"","src":"https:\/\/i0.wp.com\/noticiasribeiraopreto.com.br\/wp-content\/uploads\/2024\/01\/a2e12573-2659-4e3c-8127-8a8c7c0893a5.jpg?fit=450%2C450&ssl=1&resize=350%2C200","width":350,"height":200},"classes":[]},{"id":11577,"url":"https:\/\/noticiasribeiraopreto.com.br\/index.php\/2023\/12\/06\/ruy-castro-vence-melhor-romance-literario-no-premio-jabuti\/","url_meta":{"origin":15772,"position":2},"title":"Ruy Castro vence Melhor Romance Liter\u00e1rio no Pr\u00eamio Jabuti","author":"noticiasribeiraopreto.com.br","date":"6 de December de 2023","format":false,"excerpt":"6 de dezembro de 2023 | 13:006 de dezembro de 2023 | 9:05 0Os vencedores da 65\u00aa edi\u00e7\u00e3o do Pr\u00eamio Jabuti foram anunciados na ter\u00e7a-feira, 5. A cerim\u00f4nia aconteceu no Theatro Municipal de S\u00e3o Paulo e foi transmitida no canal da C\u00e2mara Brasileira do Livro (CBL) no YouTube.O ganhador do\u2026","rel":"","context":"In &quot;Not\u00edcias de Ribeir\u00e3o Preto-SP e Regi\u00e3o&quot;","block_context":{"text":"Not\u00edcias de Ribeir\u00e3o Preto-SP e Regi\u00e3o","link":"https:\/\/noticiasribeiraopreto.com.br\/index.php\/category\/noticias-de-ribeirao-preto-sp-e-regiao-ismael-colosi\/"},"img":{"alt_text":"","src":"https:\/\/i0.wp.com\/noticiasribeiraopreto.com.br\/wp-content\/uploads\/2023\/12\/rui-castro.jpg?fit=840%2C560&ssl=1&resize=350%2C200","width":350,"height":200,"srcset":"https:\/\/i0.wp.com\/noticiasribeiraopreto.com.br\/wp-content\/uploads\/2023\/12\/rui-castro.jpg?fit=840%2C560&ssl=1&resize=350%2C200 1x, https:\/\/i0.wp.com\/noticiasribeiraopreto.com.br\/wp-content\/uploads\/2023\/12\/rui-castro.jpg?fit=840%2C560&ssl=1&resize=525%2C300 1.5x, https:\/\/i0.wp.com\/noticiasribeiraopreto.com.br\/wp-content\/uploads\/2023\/12\/rui-castro.jpg?fit=840%2C560&ssl=1&resize=700%2C400 2x"},"classes":[]},{"id":28416,"url":"https:\/\/noticiasribeiraopreto.com.br\/index.php\/2024\/01\/15\/guilherme-madruga-vence-o-premio-puskas-veja-o-video-do-gol-mais-bonito-do-mundo\/","url_meta":{"origin":15772,"position":3},"title":"Guilherme Madruga vence o Pr\u00eamio Puskas com gol de bicicleta; Assista","author":"noticiasribeiraopreto.com.br","date":"15 de January de 2024","format":false,"excerpt":"O gola\u00e7o de bicicleta do volante Guilherme Madruga, ex-jogador do Botafogo, foi o grande vencedor do Pr\u00eamio Puskas. A cerim\u00f4nia que anunciou a vit\u00f3ria do jogador aconteceu em Londres, nesta segunda-feira (15). Veja o v\u00eddeo do gol da partida logo abaixo. Contratado recentemente pelo Cuiab\u00e1, o gol de Madruga aconteceu\u2026","rel":"","context":"In &quot;Not\u00edcias de Ribeir\u00e3o Preto-SP e Regi\u00e3o&quot;","block_context":{"text":"Not\u00edcias de Ribeir\u00e3o Preto-SP e Regi\u00e3o","link":"https:\/\/noticiasribeiraopreto.com.br\/index.php\/category\/noticias-de-ribeirao-preto-sp-e-regiao-ismael-colosi\/"},"img":{"alt_text":"","src":"https:\/\/i0.wp.com\/noticiasribeiraopreto.com.br\/wp-content\/uploads\/2024\/01\/gol-premio-Puskas.jpg?fit=1061%2C769&ssl=1&resize=350%2C200","width":350,"height":200,"srcset":"https:\/\/i0.wp.com\/noticiasribeiraopreto.com.br\/wp-content\/uploads\/2024\/01\/gol-premio-Puskas.jpg?fit=1061%2C769&ssl=1&resize=350%2C200 1x, https:\/\/i0.wp.com\/noticiasribeiraopreto.com.br\/wp-content\/uploads\/2024\/01\/gol-premio-Puskas.jpg?fit=1061%2C769&ssl=1&resize=525%2C300 1.5x, https:\/\/i0.wp.com\/noticiasribeiraopreto.com.br\/wp-content\/uploads\/2024\/01\/gol-premio-Puskas.jpg?fit=1061%2C769&ssl=1&resize=700%2C400 2x, https:\/\/i0.wp.com\/noticiasribeiraopreto.com.br\/wp-content\/uploads\/2024\/01\/gol-premio-Puskas.jpg?fit=1061%2C769&ssl=1&resize=1050%2C600 3x"},"classes":[]},{"id":62157,"url":"https:\/\/noticiasribeiraopreto.com.br\/index.php\/2025\/01\/06\/fernanda-torres-vence-globo-de-ouro-como-melhor-atriz-e-dedica-premio-a-mae\/","url_meta":{"origin":15772,"position":4},"title":"Fernanda Torres vence Globo de Ouro como melhor atriz e dedica pr\u00eamio \u00e0 m\u00e3e","author":"noticiasribeiraopreto.com.br","date":"6 de January de 2025","format":false,"excerpt":"Fernanda Torres venceu neste domingo (5) o pr\u00eamio de melhor atriz de drama no Globo de Ouro 2025 por sua atua\u00e7\u00e3o em \u201cAinda estou aqui\u201d. Ela se tornou a primeira brasileira a levar a estatueta para casa. A atriz concorria com Nicole Kidman (\u201cBabygirl\u201d), Angelina Jolie (\u201cMaria Callas\u201d), Kate Winslet\u2026","rel":"","context":"In &quot;Not\u00edcias de Ribeir\u00e3o Preto-SP e Regi\u00e3o&quot;","block_context":{"text":"Not\u00edcias de Ribeir\u00e3o Preto-SP e Regi\u00e3o","link":"https:\/\/noticiasribeiraopreto.com.br\/index.php\/category\/noticias-de-ribeirao-preto-sp-e-regiao-ismael-colosi\/"},"img":{"alt_text":"","src":"https:\/\/i0.wp.com\/noticiasribeiraopreto.com.br\/wp-content\/uploads\/2025\/01\/FERNANDA-TORRES_2025-01-06_09-46-55_jpg_2025-01-06_09-46-56.webp.webp?fit=1200%2C694&ssl=1&resize=350%2C200","width":350,"height":200,"srcset":"https:\/\/i0.wp.com\/noticiasribeiraopreto.com.br\/wp-content\/uploads\/2025\/01\/FERNANDA-TORRES_2025-01-06_09-46-55_jpg_2025-01-06_09-46-56.webp.webp?fit=1200%2C694&ssl=1&resize=350%2C200 1x, https:\/\/i0.wp.com\/noticiasribeiraopreto.com.br\/wp-content\/uploads\/2025\/01\/FERNANDA-TORRES_2025-01-06_09-46-55_jpg_2025-01-06_09-46-56.webp.webp?fit=1200%2C694&ssl=1&resize=525%2C300 1.5x, https:\/\/i0.wp.com\/noticiasribeiraopreto.com.br\/wp-content\/uploads\/2025\/01\/FERNANDA-TORRES_2025-01-06_09-46-55_jpg_2025-01-06_09-46-56.webp.webp?fit=1200%2C694&ssl=1&resize=700%2C400 2x, https:\/\/i0.wp.com\/noticiasribeiraopreto.com.br\/wp-content\/uploads\/2025\/01\/FERNANDA-TORRES_2025-01-06_09-46-55_jpg_2025-01-06_09-46-56.webp.webp?fit=1200%2C694&ssl=1&resize=1050%2C600 3x"},"classes":[]},{"id":77626,"url":"https:\/\/noticiasribeiraopreto.com.br\/index.php\/2025\/09\/22\/fundacao-em-homenagem-a-filha-de-campeao-da-champions-vence-premio-socrates\/","url_meta":{"origin":15772,"position":5},"title":"Funda\u00e7\u00e3o em homenagem \u00e0 filha de campe\u00e3o da Champions vence Pr\u00eamio S\u00f3crates","author":"noticiasribeiraopreto.com.br","date":"22 de September de 2025","format":false,"excerpt":"O Pr\u00eamio S\u00f3crates, criado em refer\u00eancia ao \u00eddolo do Botafogo de Ribeir\u00e3o Preto e do Corinthians, foi vencido em 2025 pela Xana Fundac\u00edon, organiza\u00e7\u00e3o criada em homenagem \u00e0 filha do t\u00e9cnico espanhol Luis Enrique, treinador campe\u00e3o da Champions League pelo PSG-FRA. O pr\u00eamio foi entregue nesta segunda-feira (22), em Paris,\u2026","rel":"","context":"In &quot;Not\u00edcias de Ribeir\u00e3o Preto-SP e Regi\u00e3o&quot;","block_context":{"text":"Not\u00edcias de Ribeir\u00e3o Preto-SP e Regi\u00e3o","link":"https:\/\/noticiasribeiraopreto.com.br\/index.php\/category\/noticias-de-ribeirao-preto-sp-e-regiao-ismael-colosi\/"},"img":{"alt_text":"","src":"https:\/\/i0.wp.com\/noticiasribeiraopreto.com.br\/wp-content\/uploads\/2025\/09\/socrates-2.jpg?fit=1200%2C675&ssl=1&resize=350%2C200","width":350,"height":200,"srcset":"https:\/\/i0.wp.com\/noticiasribeiraopreto.com.br\/wp-content\/uploads\/2025\/09\/socrates-2.jpg?fit=1200%2C675&ssl=1&resize=350%2C200 1x, https:\/\/i0.wp.com\/noticiasribeiraopreto.com.br\/wp-content\/uploads\/2025\/09\/socrates-2.jpg?fit=1200%2C675&ssl=1&resize=525%2C300 1.5x, https:\/\/i0.wp.com\/noticiasribeiraopreto.com.br\/wp-content\/uploads\/2025\/09\/socrates-2.jpg?fit=1200%2C675&ssl=1&resize=700%2C400 2x, https:\/\/i0.wp.com\/noticiasribeiraopreto.com.br\/wp-content\/uploads\/2025\/09\/socrates-2.jpg?fit=1200%2C675&ssl=1&resize=1050%2C600 3x"},"classes":[]}],"jetpack_sharing_enabled":true,"jetpack_shortlink":"https:\/\/wp.me\/peQAOb-46o","_links":{"self":[{"href":"https:\/\/noticiasribeiraopreto.com.br\/index.php\/wp-json\/wp\/v2\/posts\/15772","targetHints":{"allow":["GET"]}}],"collection":[{"href":"https:\/\/noticiasribeiraopreto.com.br\/index.php\/wp-json\/wp\/v2\/posts"}],"about":[{"href":"https:\/\/noticiasribeiraopreto.com.br\/index.php\/wp-json\/wp\/v2\/types\/post"}],"author":[{"embeddable":true,"href":"https:\/\/noticiasribeiraopreto.com.br\/index.php\/wp-json\/wp\/v2\/users\/1"}],"replies":[{"embeddable":true,"href":"https:\/\/noticiasribeiraopreto.com.br\/index.php\/wp-json\/wp\/v2\/comments?post=15772"}],"version-history":[{"count":0,"href":"https:\/\/noticiasribeiraopreto.com.br\/index.php\/wp-json\/wp\/v2\/posts\/15772\/revisions"}],"wp:featuredmedia":[{"embeddable":true,"href":"https:\/\/noticiasribeiraopreto.com.br\/index.php\/wp-json\/wp\/v2\/media\/15774"}],"wp:attachment":[{"href":"https:\/\/noticiasribeiraopreto.com.br\/index.php\/wp-json\/wp\/v2\/media?parent=15772"}],"wp:term":[{"taxonomy":"category","embeddable":true,"href":"https:\/\/noticiasribeiraopreto.com.br\/index.php\/wp-json\/wp\/v2\/categories?post=15772"},{"taxonomy":"post_tag","embeddable":true,"href":"https:\/\/noticiasribeiraopreto.com.br\/index.php\/wp-json\/wp\/v2\/tags?post=15772"}],"curies":[{"name":"wp","href":"https:\/\/api.w.org\/{rel}","templated":true}]}}