{"id":15841,"date":"2023-12-14T13:11:25","date_gmt":"2023-12-14T16:11:25","guid":{"rendered":"https:\/\/noticiasribeiraopreto.com.br\/index.php\/2023\/12\/14\/golaco-de-jogador-do-botafogo-e-finalista-do-premio-puskas-da-fifa\/"},"modified":"2023-12-14T13:11:25","modified_gmt":"2023-12-14T16:11:25","slug":"golaco-de-jogador-do-botafogo-e-finalista-do-premio-puskas-da-fifa","status":"publish","type":"post","link":"https:\/\/noticiasribeiraopreto.com.br\/index.php\/2023\/12\/14\/golaco-de-jogador-do-botafogo-e-finalista-do-premio-puskas-da-fifa\/","title":{"rendered":"Gola\u00e7o de jogador do Botafogo \u00e9 finalista do Pr\u00eamio Pusk\u00e1s da Fifa"},"content":{"rendered":"<div class='code-block code-block-1' style='margin: 8px 0 8px auto; text-align: right; display: block; clear: both;'>\n<p><a href=\"https:\/\/wa.link\/vpicfd\"><img data-recalc-dims=\"1\" class=\"wp-image-4922\" style=\"aspect-ratio: 2.0253164556962027; width: 561px; height: auto;\" src=\"https:\/\/i0.wp.com\/ismaelcolosi.com.br\/wp-content\/uploads\/2023\/11\/grupo-de-empregos-whatsapp-e-facebook-ismael-colosi-vagas.jpg?ssl=1\" alt=\"\" \/><\/a><\/p>\n<!-- \/wp:image -->\n<\/div>\n<p> <br \/>\n<\/p>\n<div>\n<p>A <strong><a href=\"https:\/\/www.fifa.com\/\" target=\"_blank\" rel=\"noreferrer noopener nofollow\">Fifa<\/a><\/strong> divulgou nesta quinta-feira (14) os finalistas do<strong> Pr\u00eamio Pusk\u00e1s<\/strong> de gol mais bonito de 2023 e, entre os indicados, est\u00e1 o gola\u00e7o de bicicleta de <strong>Guilherme Madruga<\/strong>, meio-campo do <strong>Botafogo<\/strong>, na partida contra o<strong> Novorizontino<\/strong> no <strong>Campeonato Brasileiro da S\u00e9rie B<\/strong>.<\/p>\n<p><mark style=\"background-color:#fcb900\" class=\"has-inline-color has-black-color\">O jogador da equipe de<strong> Ribeir\u00e3o Preto <\/strong>concorre com gols de Julio Enciso, do Brighton, da Inglaterra, e de Nuno Santos, do Sporting, de Portugal.<\/mark><\/p>\n<p>O gol de bicicleta de Guilherme Madruga aconteceu no dia 27 de junho, e foi gol da vit\u00f3ria do Pantera. O atleta estava de costas para o gol, quando a bola quicou na frente dele e Madruga aproveitou para emendar a bicicleta.<\/p>\n<p>\u201cDepois do jogo assisti novamente ao v\u00eddeo do gol e s\u00f3 ent\u00e3o percebi o que tinha feito. Meu irm\u00e3o e eu nos entreolhamos e, eu disse: \u2018Mano, eu fiz isso?\u201d, disse o jogador ao site da Fifa.<\/p>\n<h4 class=\"wp-block-heading\"><strong>VEJA O GOL<\/strong><\/h4>\n<blockquote class=\"instagram-media\" data-instgrm-permalink=\"https:\/\/www.instagram.com\/reel\/CuBAjMwu5Rj\/?utm_source=ig_embed&amp;utm_campaign=loading\" data-instgrm-version=\"14\" style=\" background:#FFF; border:0; border-radius:3px; box-shadow:0 0 1px 0 rgba(0,0,0,0.5),0 1px 10px 0 rgba(0,0,0,0.15); margin: 1px; max-width:540px; min-width:326px; padding:0; width:99.375%; width:-webkit-calc(100% - 2px); width:calc(100% - 2px);\"\/>\n<h4 class=\"wp-block-heading\"><strong>Concorrentes<\/strong><\/h4>\n<p>J\u00e1 o gol do paraguaio Julio Enciso foi anotado contra o Manchester City, no dia 24 de maio. Ele acertou um chute de mais de 25 metros no empate em 1 a 1. E o gol Nuno Santos foi anotado contra o Boavista, no dia 12 de mar\u00e7o. O portugu\u00eas recebeu a bola dentro da \u00e1rea e deu de chaleira no \u00e2ngulo.<\/p>\n<h4 class=\"wp-block-heading\"><strong>Premia\u00e7\u00e3o<\/strong><\/h4>\n<p>O vencedor do Pr\u00eamio Pusk\u00e1s de gol mais bonito de 2023 ser\u00e1 conhecido em cerim\u00f4nia realizada pela Fifa no dia 15 de janeiro de 2024.<\/p>\n<p>VEJA TAMB\u00c9M<br \/>Ap\u00f3s 4 anos, Prefeitura de Ribeir\u00e3o anuncia inaugura\u00e7\u00e3o do viaduto da avenida Brasil<\/p>\n<h4 class=\"wp-block-heading\"><strong>FIQUE ON<\/strong><\/h4>\n<p>Fique ligado em tudo que acontece em Ribeir\u00e3o Preto e regi\u00e3o. Siga os perfis do <strong>acidade on<\/strong> no <a href=\"https:\/\/www.instagram.com\/acidadeonribeirao\/\" target=\"_blank\" rel=\"noreferrer noopener nofollow\">Instagram <\/a>e no <a href=\"https:\/\/www.facebook.com\/acidadeonribeirao\" target=\"_blank\" rel=\"noreferrer noopener nofollow\">Facebook<\/a>.<\/p>\n<p>Receba not\u00edcias do<strong> acidade on<\/strong> no WhatsApp.<a href=\"https:\/\/chat.whatsapp.com\/Bnv2w66ZT4VDyZW3oiZ69n\" target=\"_blank\" rel=\"noreferrer noopener nofollow\"> Para entrar no grupo, basta clicar aqui.<\/a><\/p>\n<p>Fa\u00e7a uma den\u00fancia ou sugira uma reportagem sobre a Ribeir\u00e3o Preto e regi\u00e3o pelo WhatsApp: (16) 99117 7802.<\/p>\n<p>LEIA MAIS<br \/><a href=\"https:\/\/www.tudoep.com\/tudo-esporte\/NOT,0,0,1868726,rony-revela-inspiracao-em-luis-suarez-para-ser-o-centroavante-no-palmeiras-o-estudei-muito.aspx\" target=\"_blank\" rel=\"noreferrer noopener nofollow\">Rony revela inspira\u00e7\u00e3o em Luis Su\u00e1rez para ser o centroavante no Palmeiras: \u201cO estudei muito\u201d<\/a><\/p>\n<p><!-- AI CONTENT END 1 -->\n<\/div>\n<p><script async src=\"\/\/www.instagram.com\/embed.js\"><\/script><br \/>\n<br \/><br \/>\n<br \/><a href=\"https:\/\/www.acidadeon.com\/ribeiraopreto\/esportes\/golaco-de-jogador-do-botafogo-e-finalista-do-premio-puskas-da-fifa\/\">Source link <\/a><\/p>\n<!-- CONTENT END 1 -->\n","protected":false},"excerpt":{"rendered":"<p>A Fifa divulgou nesta quinta-feira (14) os finalistas do Pr\u00eamio Pusk\u00e1s de gol mais bonito de 2023 e, entre os indicados, est\u00e1 o gola\u00e7o de&#8230;<\/p>\n","protected":false},"author":1,"featured_media":15842,"comment_status":"open","ping_status":"open","sticky":false,"template":"","format":"standard","meta":{"advanced_seo_description":"","jetpack_seo_html_title":"","jetpack_seo_noindex":false,"jetpack_post_was_ever_published":false,"_jetpack_newsletter_access":"","_jetpack_dont_email_post_to_subs":false,"_jetpack_newsletter_tier_id":0,"_jetpack_memberships_contains_paywalled_content":false,"_jetpack_memberships_contains_paid_content":false,"footnotes":"","jetpack_publicize_message":"","jetpack_publicize_feature_enabled":true,"jetpack_social_post_already_shared":true,"jetpack_social_options":{"image_generator_settings":{"template":"highway","default_image_id":0,"font":"","enabled":false},"version":2}},"categories":[11],"tags":[52,2154,2152,2151,457,507,2153],"class_list":["post-15841","post","type-post","status-publish","format-standard","has-post-thumbnail","hentry","category-noticias-de-ribeirao-preto-sp-e-regiao-ismael-colosi","tag-botafogo","tag-fifa","tag-finalista","tag-golaco","tag-jogador","tag-premio","tag-puskas"],"jetpack_publicize_connections":[],"jetpack_featured_media_url":"https:\/\/i0.wp.com\/noticiasribeiraopreto.com.br\/wp-content\/uploads\/2023\/12\/gol-premio-Puskas.jpg?fit=1061%2C769&ssl=1","jetpack-related-posts":[{"id":28514,"url":"https:\/\/noticiasribeiraopreto.com.br\/index.php\/2024\/01\/16\/guilherme-madruga-ex-botafogo-vence-premio-puskas-por-golaco-de-bicicleta\/","url_meta":{"origin":15841,"position":0},"title":"Guilherme Madruga, ex-Botafogo, vence Pr\u00eamio Pusk\u00e1s por gola\u00e7o de bicicleta","author":"noticiasribeiraopreto.com.br","date":"16 de January de 2024","format":false,"excerpt":"15 de janeiro de 2024 | 17:4715 de janeiro de 2024 | 17:49 3Guilherme Madruga, ex-Botafogo-SP e hoje do Cuiab\u00e1, ganhou o Pr\u00eamio Pusk\u00e1s, que elege o gol mais bonito do ano no planeta.O meio-campista de 23 anos superou Julio Enciso e Nuno Santos. Os atletas de Brighton e Sporting,\u2026","rel":"","context":"In &quot;Not\u00edcias de Ribeir\u00e3o Preto-SP e Regi\u00e3o&quot;","block_context":{"text":"Not\u00edcias de Ribeir\u00e3o Preto-SP e Regi\u00e3o","link":"https:\/\/noticiasribeiraopreto.com.br\/index.php\/category\/noticias-de-ribeirao-preto-sp-e-regiao-ismael-colosi\/"},"img":{"alt_text":"","src":"https:\/\/i0.wp.com\/noticiasribeiraopreto.com.br\/wp-content\/uploads\/2024\/01\/a2e12573-2659-4e3c-8127-8a8c7c0893a5.jpg?fit=450%2C450&ssl=1&resize=350%2C200","width":350,"height":200},"classes":[]},{"id":28926,"url":"https:\/\/noticiasribeiraopreto.com.br\/index.php\/2024\/01\/17\/saiba-quem-e-guilherme-madruga-vencedor-premio-puskas-com-gol-pelo-botafogo\/","url_meta":{"origin":15841,"position":1},"title":"Saiba quem \u00e9 Guilherme Madruga, vencedor do Pr\u00eamio Pusk\u00e1s com gol pelo Botafogo","author":"noticiasribeiraopreto.com.br","date":"17 de January de 2024","format":false,"excerpt":"O meio-campista Guilherme Madruga, de 23 anos, vencedor do Pr\u00eamio Pusk\u00e1s da Fifa pelo gola\u00e7o de bicicleta marcado pelo Botafogo de Ribeir\u00e3o Preto em partida contra o Novorizontino, no Campeonato Brasileiro da S\u00e9rie B de 2023, foi vendido para o Cuiab\u00e1 por R$ 3,6 milh\u00f5es. A negocia\u00e7\u00e3o foi anunciada pela\u2026","rel":"","context":"In &quot;Not\u00edcias de Ribeir\u00e3o Preto-SP e Regi\u00e3o&quot;","block_context":{"text":"Not\u00edcias de Ribeir\u00e3o Preto-SP e Regi\u00e3o","link":"https:\/\/noticiasribeiraopreto.com.br\/index.php\/category\/noticias-de-ribeirao-preto-sp-e-regiao-ismael-colosi\/"},"img":{"alt_text":"","src":"https:\/\/i0.wp.com\/noticiasribeiraopreto.com.br\/wp-content\/uploads\/2024\/01\/guilherme-madruga-1.jpg?fit=1197%2C859&ssl=1&resize=350%2C200","width":350,"height":200,"srcset":"https:\/\/i0.wp.com\/noticiasribeiraopreto.com.br\/wp-content\/uploads\/2024\/01\/guilherme-madruga-1.jpg?fit=1197%2C859&ssl=1&resize=350%2C200 1x, https:\/\/i0.wp.com\/noticiasribeiraopreto.com.br\/wp-content\/uploads\/2024\/01\/guilherme-madruga-1.jpg?fit=1197%2C859&ssl=1&resize=525%2C300 1.5x, https:\/\/i0.wp.com\/noticiasribeiraopreto.com.br\/wp-content\/uploads\/2024\/01\/guilherme-madruga-1.jpg?fit=1197%2C859&ssl=1&resize=700%2C400 2x, https:\/\/i0.wp.com\/noticiasribeiraopreto.com.br\/wp-content\/uploads\/2024\/01\/guilherme-madruga-1.jpg?fit=1197%2C859&ssl=1&resize=1050%2C600 3x"},"classes":[]},{"id":28416,"url":"https:\/\/noticiasribeiraopreto.com.br\/index.php\/2024\/01\/15\/guilherme-madruga-vence-o-premio-puskas-veja-o-video-do-gol-mais-bonito-do-mundo\/","url_meta":{"origin":15841,"position":2},"title":"Guilherme Madruga vence o Pr\u00eamio Puskas com gol de bicicleta; Assista","author":"noticiasribeiraopreto.com.br","date":"15 de January de 2024","format":false,"excerpt":"O gola\u00e7o de bicicleta do volante Guilherme Madruga, ex-jogador do Botafogo, foi o grande vencedor do Pr\u00eamio Puskas. A cerim\u00f4nia que anunciou a vit\u00f3ria do jogador aconteceu em Londres, nesta segunda-feira (15). Veja o v\u00eddeo do gol da partida logo abaixo. Contratado recentemente pelo Cuiab\u00e1, o gol de Madruga aconteceu\u2026","rel":"","context":"In &quot;Not\u00edcias de Ribeir\u00e3o Preto-SP e Regi\u00e3o&quot;","block_context":{"text":"Not\u00edcias de Ribeir\u00e3o Preto-SP e Regi\u00e3o","link":"https:\/\/noticiasribeiraopreto.com.br\/index.php\/category\/noticias-de-ribeirao-preto-sp-e-regiao-ismael-colosi\/"},"img":{"alt_text":"","src":"https:\/\/i0.wp.com\/noticiasribeiraopreto.com.br\/wp-content\/uploads\/2024\/01\/gol-premio-Puskas.jpg?fit=1061%2C769&ssl=1&resize=350%2C200","width":350,"height":200,"srcset":"https:\/\/i0.wp.com\/noticiasribeiraopreto.com.br\/wp-content\/uploads\/2024\/01\/gol-premio-Puskas.jpg?fit=1061%2C769&ssl=1&resize=350%2C200 1x, https:\/\/i0.wp.com\/noticiasribeiraopreto.com.br\/wp-content\/uploads\/2024\/01\/gol-premio-Puskas.jpg?fit=1061%2C769&ssl=1&resize=525%2C300 1.5x, https:\/\/i0.wp.com\/noticiasribeiraopreto.com.br\/wp-content\/uploads\/2024\/01\/gol-premio-Puskas.jpg?fit=1061%2C769&ssl=1&resize=700%2C400 2x, https:\/\/i0.wp.com\/noticiasribeiraopreto.com.br\/wp-content\/uploads\/2024\/01\/gol-premio-Puskas.jpg?fit=1061%2C769&ssl=1&resize=1050%2C600 3x"},"classes":[]},{"id":22668,"url":"https:\/\/noticiasribeiraopreto.com.br\/index.php\/2023\/12\/30\/o-ano-da-dupla-come-fogo-manutencoes-campanha-historica-e-fim-de-uma-era\/","url_meta":{"origin":15841,"position":3},"title":"O ano da dupla Come-Fogo: Manuten\u00e7\u00f5es, campanha hist\u00f3rica e fim de uma era\u00a0\u00a0","author":"noticiasribeiraopreto.com.br","date":"30 de December de 2023","format":false,"excerpt":"O ano chegou ao fim e a dupla Come-Fogo encerra mais uma temporada. Esta, com bons n\u00fameros para ambos os times. Em 2023, diferente de 2022, n\u00e3o teve acesso, por\u00e9m, as equipes deram orgulho para seus torcedores.\u00a0\u00a0Por isso, o Tribuna preparou uma retrospectiva para relembrar os pontos altos e baixos\u2026","rel":"","context":"In &quot;Not\u00edcias de Ribeir\u00e3o Preto-SP e Regi\u00e3o&quot;","block_context":{"text":"Not\u00edcias de Ribeir\u00e3o Preto-SP e Regi\u00e3o","link":"https:\/\/noticiasribeiraopreto.com.br\/index.php\/category\/noticias-de-ribeirao-preto-sp-e-regiao-ismael-colosi\/"},"img":{"alt_text":"","src":"https:\/\/i0.wp.com\/noticiasribeiraopreto.com.br\/wp-content\/uploads\/2023\/12\/9926bd76-bc87-4b44-b325-cbc7092645c6.jpg?fit=590%2C332&ssl=1&resize=350%2C200","width":350,"height":200,"srcset":"https:\/\/i0.wp.com\/noticiasribeiraopreto.com.br\/wp-content\/uploads\/2023\/12\/9926bd76-bc87-4b44-b325-cbc7092645c6.jpg?fit=590%2C332&ssl=1&resize=350%2C200 1x, https:\/\/i0.wp.com\/noticiasribeiraopreto.com.br\/wp-content\/uploads\/2023\/12\/9926bd76-bc87-4b44-b325-cbc7092645c6.jpg?fit=590%2C332&ssl=1&resize=525%2C300 1.5x"},"classes":[]},{"id":20459,"url":"https:\/\/noticiasribeiraopreto.com.br\/index.php\/2023\/12\/25\/cartolas-de-botafogo-e-comercial-avaliam-2023-como-positivo\/","url_meta":{"origin":15841,"position":4},"title":"Cartolas de Botafogo e Comercial avaliam 2023 como positivo\u00a0","author":"noticiasribeiraopreto.com.br","date":"25 de December de 2023","format":false,"excerpt":"Pantera \u2013 Se n\u00e3o foi um ano de vit\u00f3rias, como o anterior, quando garantiram acessos ao Brasileiro da S\u00e9rie B e a A2 Paulista, respectivamente, Botafogo e Comercial tamb\u00e9m n\u00e3o podem reclamar de 2023. Mesmo sem apresentar um futebol brilhante e conquistar os torcedores, a dupla Come-Fogo conseguiu se manter\u2026","rel":"","context":"In &quot;Not\u00edcias de Ribeir\u00e3o Preto-SP e Regi\u00e3o&quot;","block_context":{"text":"Not\u00edcias de Ribeir\u00e3o Preto-SP e Regi\u00e3o","link":"https:\/\/noticiasribeiraopreto.com.br\/index.php\/category\/noticias-de-ribeirao-preto-sp-e-regiao-ismael-colosi\/"},"img":{"alt_text":"","src":"https:\/\/i0.wp.com\/noticiasribeiraopreto.com.br\/wp-content\/uploads\/2023\/12\/melhor-bola-futebol-campo.jpg?fit=967%2C645&ssl=1&resize=350%2C200","width":350,"height":200,"srcset":"https:\/\/i0.wp.com\/noticiasribeiraopreto.com.br\/wp-content\/uploads\/2023\/12\/melhor-bola-futebol-campo.jpg?fit=967%2C645&ssl=1&resize=350%2C200 1x, https:\/\/i0.wp.com\/noticiasribeiraopreto.com.br\/wp-content\/uploads\/2023\/12\/melhor-bola-futebol-campo.jpg?fit=967%2C645&ssl=1&resize=525%2C300 1.5x, https:\/\/i0.wp.com\/noticiasribeiraopreto.com.br\/wp-content\/uploads\/2023\/12\/melhor-bola-futebol-campo.jpg?fit=967%2C645&ssl=1&resize=700%2C400 2x"},"classes":[]},{"id":28745,"url":"https:\/\/noticiasribeiraopreto.com.br\/index.php\/2024\/01\/16\/ribeirao-preto-vai-ganhar-unidade-do-bar-do-zeca-pagodinho-veja-o-local\/","url_meta":{"origin":15841,"position":5},"title":"Ribeir\u00e3o Preto vai ganhar unidade do Bar do Zeca Pagodinho; Veja o local","author":"noticiasribeiraopreto.com.br","date":"16 de January de 2024","format":false,"excerpt":"Ribeir\u00e3o Preto vai ganhar uma unidade do Bar do Zeca Pagodinho, que dever\u00e1 ser instalado na Arena Nicnet Eurobike, o est\u00e1dio do Botafogo, onde ficava o Seo Tib\u00e9rio, que encerrou as atividades no final de 2023. A informa\u00e7\u00e3o foi confirmada pela assessoria do cantor Zeca Pagodinho ao acidade on Ribeir\u00e3o,\u2026","rel":"","context":"In &quot;Not\u00edcias de Ribeir\u00e3o Preto-SP e Regi\u00e3o&quot;","block_context":{"text":"Not\u00edcias de Ribeir\u00e3o Preto-SP e Regi\u00e3o","link":"https:\/\/noticiasribeiraopreto.com.br\/index.php\/category\/noticias-de-ribeirao-preto-sp-e-regiao-ismael-colosi\/"},"img":{"alt_text":"","src":"https:\/\/i0.wp.com\/noticiasribeiraopreto.com.br\/wp-content\/uploads\/2024\/01\/bar-do-zeca-pagodinho.jpg?fit=940%2C798&ssl=1&resize=350%2C200","width":350,"height":200,"srcset":"https:\/\/i0.wp.com\/noticiasribeiraopreto.com.br\/wp-content\/uploads\/2024\/01\/bar-do-zeca-pagodinho.jpg?fit=940%2C798&ssl=1&resize=350%2C200 1x, https:\/\/i0.wp.com\/noticiasribeiraopreto.com.br\/wp-content\/uploads\/2024\/01\/bar-do-zeca-pagodinho.jpg?fit=940%2C798&ssl=1&resize=525%2C300 1.5x, https:\/\/i0.wp.com\/noticiasribeiraopreto.com.br\/wp-content\/uploads\/2024\/01\/bar-do-zeca-pagodinho.jpg?fit=940%2C798&ssl=1&resize=700%2C400 2x"},"classes":[]}],"jetpack_sharing_enabled":true,"jetpack_shortlink":"https:\/\/wp.me\/peQAOb-47v","_links":{"self":[{"href":"https:\/\/noticiasribeiraopreto.com.br\/index.php\/wp-json\/wp\/v2\/posts\/15841","targetHints":{"allow":["GET"]}}],"collection":[{"href":"https:\/\/noticiasribeiraopreto.com.br\/index.php\/wp-json\/wp\/v2\/posts"}],"about":[{"href":"https:\/\/noticiasribeiraopreto.com.br\/index.php\/wp-json\/wp\/v2\/types\/post"}],"author":[{"embeddable":true,"href":"https:\/\/noticiasribeiraopreto.com.br\/index.php\/wp-json\/wp\/v2\/users\/1"}],"replies":[{"embeddable":true,"href":"https:\/\/noticiasribeiraopreto.com.br\/index.php\/wp-json\/wp\/v2\/comments?post=15841"}],"version-history":[{"count":0,"href":"https:\/\/noticiasribeiraopreto.com.br\/index.php\/wp-json\/wp\/v2\/posts\/15841\/revisions"}],"wp:featuredmedia":[{"embeddable":true,"href":"https:\/\/noticiasribeiraopreto.com.br\/index.php\/wp-json\/wp\/v2\/media\/15842"}],"wp:attachment":[{"href":"https:\/\/noticiasribeiraopreto.com.br\/index.php\/wp-json\/wp\/v2\/media?parent=15841"}],"wp:term":[{"taxonomy":"category","embeddable":true,"href":"https:\/\/noticiasribeiraopreto.com.br\/index.php\/wp-json\/wp\/v2\/categories?post=15841"},{"taxonomy":"post_tag","embeddable":true,"href":"https:\/\/noticiasribeiraopreto.com.br\/index.php\/wp-json\/wp\/v2\/tags?post=15841"}],"curies":[{"name":"wp","href":"https:\/\/api.w.org\/{rel}","templated":true}]}}