{"id":15871,"date":"2023-12-14T14:10:16","date_gmt":"2023-12-14T17:10:16","guid":{"rendered":"https:\/\/noticiasribeiraopreto.com.br\/index.php\/2023\/12\/14\/passagens-de-trem-e-metro-de-sp-terao-aumento-em-janeiro\/"},"modified":"2023-12-14T14:10:16","modified_gmt":"2023-12-14T17:10:16","slug":"passagens-de-trem-e-metro-de-sp-terao-aumento-em-janeiro","status":"publish","type":"post","link":"https:\/\/noticiasribeiraopreto.com.br\/index.php\/2023\/12\/14\/passagens-de-trem-e-metro-de-sp-terao-aumento-em-janeiro\/","title":{"rendered":"Passagens de trem e metr\u00f4 de SP ter\u00e3o aumento em janeiro"},"content":{"rendered":"<div class='code-block code-block-1' style='margin: 8px 0 8px auto; text-align: right; display: block; clear: both;'>\n<p><a href=\"https:\/\/wa.link\/vpicfd\"><img data-recalc-dims=\"1\" class=\"wp-image-4922\" style=\"aspect-ratio: 2.0253164556962027; width: 561px; height: auto;\" src=\"https:\/\/i0.wp.com\/ismaelcolosi.com.br\/wp-content\/uploads\/2023\/11\/grupo-de-empregos-whatsapp-e-facebook-ismael-colosi-vagas.jpg?ssl=1\" alt=\"\" \/><\/a><\/p>\n<!-- \/wp:image -->\n<\/div>\n<p> <br \/>\n<\/p>\n<div>\n<div id=\"attachment_2328163\" class=\"wp-caption alignnone\">\n<div class=\"d-flex justify-content-center\" data-attachment-id=\"2328163\">\n<div class=\"position-relative d-inline-block\"><img data-recalc-dims=\"1\" data-portal-copyright=\"Reprodu\u00e7\u00e3o\/ CPTM\" fetchpriority=\"high\" decoding=\"async\" class=\"size-full wp-image-2328163\" src=\"https:\/\/i0.wp.com\/catracalivre.com.br\/wp-content\/uploads\/2023\/12\/fotos-catraca-2023-12-14t100706460.png?resize=1200%2C660&#038;ssl=1\" alt=\"Passagens de trem e metr\u00f4 aumentam para R$ 5 em SP\" width=\"1200\" height=\"660\" srcset=\"https:\/\/catracalivre.com.br\/wp-content\/uploads\/2023\/12\/fotos-catraca-2023-12-14t100706460.png 1200w, https:\/\/catracalivre.com.br\/wp-content\/uploads\/2023\/12\/fotos-catraca-2023-12-14t100706460-450x248.png 450w, https:\/\/catracalivre.com.br\/wp-content\/uploads\/2023\/12\/fotos-catraca-2023-12-14t100706460-768x422.png 768w\" sizes=\"(max-width: 1200px) 100vw, 1200px\"\/><\/p>\n<p>Cr\u00e9ditos: Reprodu\u00e7\u00e3o\/ CPTM<\/p>\n<\/div>\n<\/div>\n<p><span class=\"post-imagem__legenda\">Passagens de trem e metr\u00f4 aumentam para R$ 5 em SP<\/span><\/p>\n<\/div>\n<p>Uma mudan\u00e7a consider\u00e1vel est\u00e1 a caminho para os usu\u00e1rios dos transportes p\u00fablicos de <a href=\"https:\/\/www.saopaulo.sp.gov.br\/\" target=\"_blank\" rel=\"noopener\">S\u00e3o Paulo<\/a>. A partir de 1\u00b0 de janeiro de 2024, o valor das passagens sofrer\u00e1 um reajuste, confirmado nesta quinta-feira, 14, pela assessoria da gest\u00e3o Tarc\u00edsio de Freitas (Republicanos).<\/p>\n<p>O aumento registrado ser\u00e1 de R$ 0,60, <strong>levando a tarifa atual de R$ 4,40 para R$ 5<\/strong>. A mudan\u00e7a vale para todas as linhas de metr\u00f4 e trem.<\/p>\n<p>A Prefeitura de S\u00e3o Paulo negou aumento da tarifa dos \u00f4nibus municipais da cidade. Ou seja, os \u00f4nibus permanecem com passagens a R$ 4,40, o aumento ser\u00e1 apenas nos trens e metr\u00f4s.<\/p>\n<p>\u201cA Prefeitura ressalta que n\u00e3o h\u00e1 qualquer impedimento t\u00e9cnico na gest\u00e3o de tarifas distintas entre os servi\u00e7os de \u00f4nibus, metr\u00f4 e trens, como j\u00e1 ocorrera em anos anteriores. A atual gest\u00e3o mant\u00e9m o empenho em incentivar o transporte coletivo, respons\u00e1vel pela locomo\u00e7\u00e3o de 7 milh\u00f5es de passageiros por dia, e que n\u00e3o sofreu reajuste nos \u00faltimos tr\u00eas anos\u201d, diz o comunicado da gest\u00e3o Ricardo Nunes.<\/p>\n<p>O aumento trar\u00e1 um impacto consider\u00e1vel para quem utiliza o <a href=\"https:\/\/catracalivre.com.br\/cidadania\/transporte-publico-no-brasil-tem-avaliacao-negativa\/\" target=\"_blank\" rel=\"noopener\">transporte<\/a> principalmente nos dias \u00fateis, onde o acr\u00e9scimo poder\u00e1 somar um total de, em m\u00e9dia, R$ 26,40 a mais por m\u00eas.<\/p>\n<h2>Por que o pre\u00e7o da tarifa ter\u00e1 reajuste?<\/h2>\n<p>A tarifa do trem e metr\u00f4 est\u00e1 congelada h\u00e1 3 anos, sendo que custa R$ 4,40 desde janeiro de 2020.<\/p>\n<p>Segundo Tarc\u00edsio, que falou sobre o assunto no final do m\u00eas passado, o reajuste permitir\u00e1 um melhor equil\u00edbrio das contas p\u00fablicas, j\u00e1 que a infla\u00e7\u00e3o no per\u00edodo de congelamento da tarifa foi de 26%.<\/p>\n<p>\u201cA tarifa est\u00e1 congelada h\u00e1 muito tempo e a gente tem que come\u00e7ar a fazer conta. Ou eu repasso alguma coisa pra tarifa ou a gente permanece com ela congelada e eu aumento o subs\u00eddio. Quanto mais tempo a tarifa ficar congelada, mais subs\u00eddio a gente vai ter\u201d, defendeu na ocasi\u00e3o.<\/p>\n<h2>Gratuidade nos \u00f4nibus aos domingos em SP<\/h2>\n<p>Vale lembrar tamb\u00e9m que, nesta semana, a gest\u00e3o Nunes decidiu pela gratuidade nos \u00f4nibus aos domingos, uma decis\u00e3o que prev\u00ea uma ren\u00fancia de receita aproximada de R$ 240 milh\u00f5es ao ano.<\/p>\n<p>A tarifa zero come\u00e7a neste domingo, 17, para todos os passageiros nos 4.830 \u00f4nibus da cidade, em suas 1175 linhas, da 0h \u00e0s 23h59.<\/p>\n<p>Tamb\u00e9m vai haver gratuidade no Natal, Ano Novo e Anivers\u00e1rio de S\u00e3o Paulo, no dia 25 de janeiro.<\/p>\n<\/div>\n<p><script>\n\t\t! function(f, b, e, v, n, t, s) {\n\t\t\tif (f.fbq) return;\n\t\t\tn = f.fbq = function() {\n\t\t\t\tn.callMethod ?\n\t\t\t\t\tn.callMethod.apply(n, arguments) : n.queue.push(arguments)\n\t\t\t};\n\t\t\tif (!f._fbq) f._fbq = n;\n\t\t\tn.push = n;\n\t\t\tn.loaded = !0;\n\t\t\tn.version = '2.0';\n\t\t\tn.queue = [];\n\t\t\tt = b.createElement(e);\n\t\t\tt.async = !0;\n\t\t\tt.src = v;\n\t\t\ts = b.getElementsByTagName(e)[0];\n\t\t\ts.parentNode.insertBefore(t, s)\n\t\t}(window, document, 'script',\n\t\t\t'https:\/\/connect.facebook.net\/en_US\/fbevents.js');\n\t\tfbq('init', '338315473262380');\n\t\tfbq('track', 'PageView');\n\t<\/script><br \/>\n<br \/><br \/>\n<br \/><a href=\"https:\/\/catracalivre.com.br\/cidadania\/passagens-de-trem-e-metro-de-sp-terao-aumento-em-janeiro\/\">Source link <\/a><\/p>\n<!-- CONTENT END 1 -->\n","protected":false},"excerpt":{"rendered":"<p>Cr\u00e9ditos: Reprodu\u00e7\u00e3o\/ CPTM Passagens de trem e metr\u00f4 aumentam para R$ 5 em SP Uma mudan\u00e7a consider\u00e1vel est\u00e1 a caminho para os usu\u00e1rios dos transportes&#8230;<\/p>\n","protected":false},"author":1,"featured_media":15872,"comment_status":"open","ping_status":"open","sticky":false,"template":"","format":"standard","meta":{"advanced_seo_description":"","jetpack_seo_html_title":"","jetpack_seo_noindex":false,"jetpack_post_was_ever_published":false,"_jetpack_newsletter_access":"","_jetpack_dont_email_post_to_subs":false,"_jetpack_newsletter_tier_id":0,"_jetpack_memberships_contains_paywalled_content":false,"_jetpack_memberships_contains_paid_content":false,"footnotes":"","jetpack_publicize_message":"","jetpack_publicize_feature_enabled":true,"jetpack_social_post_already_shared":true,"jetpack_social_options":{"image_generator_settings":{"template":"highway","default_image_id":0,"font":"","enabled":false},"version":2}},"categories":[19],"tags":[],"class_list":["post-15871","post","type-post","status-publish","format-standard","has-post-thumbnail","hentry","category-variedades"],"jetpack_publicize_connections":[],"jetpack_featured_media_url":"https:\/\/i0.wp.com\/noticiasribeiraopreto.com.br\/wp-content\/uploads\/2023\/12\/1702573819_fotos-catraca-2023-12-14t100706460.png?fit=1200%2C638&ssl=1","jetpack-related-posts":[{"id":15752,"url":"https:\/\/noticiasribeiraopreto.com.br\/index.php\/2023\/12\/14\/passagens-de-trem-metro-e-onibus-de-sp-vao-aumentar-em-janeiro\/","url_meta":{"origin":15871,"position":0},"title":"Passagens de trem, metr\u00f4 e \u00f4nibus de SP v\u00e3o aumentar em janeiro","author":"noticiasribeiraopreto.com.br","date":"14 de December de 2023","format":false,"excerpt":"Cr\u00e9ditos: Rovena Rosa\/Ag\u00eancia BrasilPassagens de \u00f4nibus, trem e metr\u00f4 aumentam para R$ 5 em SP Uma mudan\u00e7a consider\u00e1vel est\u00e1 a caminho para os usu\u00e1rios dos transportes p\u00fablicos de S\u00e3o Paulo. A partir de 1\u00b0 de janeiro de 2024, o valor das passagens sofrer\u00e1 um reajuste, confirmado nesta quinta-feira, 14. O\u2026","rel":"","context":"In &quot;Variedades&quot;","block_context":{"text":"Variedades","link":"https:\/\/noticiasribeiraopreto.com.br\/index.php\/category\/variedades\/"},"img":{"alt_text":"","src":"https:\/\/i0.wp.com\/noticiasribeiraopreto.com.br\/wp-content\/uploads\/2023\/12\/onibus.jpg?fit=1200%2C638&ssl=1&resize=350%2C200","width":350,"height":200,"srcset":"https:\/\/i0.wp.com\/noticiasribeiraopreto.com.br\/wp-content\/uploads\/2023\/12\/onibus.jpg?fit=1200%2C638&ssl=1&resize=350%2C200 1x, https:\/\/i0.wp.com\/noticiasribeiraopreto.com.br\/wp-content\/uploads\/2023\/12\/onibus.jpg?fit=1200%2C638&ssl=1&resize=525%2C300 1.5x, https:\/\/i0.wp.com\/noticiasribeiraopreto.com.br\/wp-content\/uploads\/2023\/12\/onibus.jpg?fit=1200%2C638&ssl=1&resize=700%2C400 2x, https:\/\/i0.wp.com\/noticiasribeiraopreto.com.br\/wp-content\/uploads\/2023\/12\/onibus.jpg?fit=1200%2C638&ssl=1&resize=1050%2C600 3x"},"classes":[]},{"id":60821,"url":"https:\/\/noticiasribeiraopreto.com.br\/index.php\/2024\/11\/26\/trem-iluminado-de-natal-vai-passar-pela-regiao-de-ribeirao-preto-veja-quando\/","url_meta":{"origin":15871,"position":1},"title":"Trem iluminado de Natal vai passar pela regi\u00e3o de Ribeir\u00e3o Preto; Veja quando","author":"noticiasribeiraopreto.com.br","date":"26 de November de 2024","format":false,"excerpt":"O trem iluminado de Natal vai passar por Guatapar\u00e1, na regi\u00e3o de Ribeir\u00e3o Preto, no pr\u00f3ximo m\u00eas de dezembro. Com a presen\u00e7a do Papai Noel, o trem iluminado, uma locomotivas C30-7, General Electric Transportation, vai percorrer mais de 1,9 mil quil\u00f4metros no Estado de S\u00e3o Paulo. No total, foram utilizados\u2026","rel":"","context":"In &quot;Not\u00edcias de Ribeir\u00e3o Preto-SP e Regi\u00e3o&quot;","block_context":{"text":"Not\u00edcias de Ribeir\u00e3o Preto-SP e Regi\u00e3o","link":"https:\/\/noticiasribeiraopreto.com.br\/index.php\/category\/noticias-de-ribeirao-preto-sp-e-regiao-ismael-colosi\/"},"img":{"alt_text":"","src":"https:\/\/i0.wp.com\/noticiasribeiraopreto.com.br\/wp-content\/uploads\/2024\/11\/rumo-natal_2024-11-26_17-43-21_jpg_2024-11-26_17-43-21.webp.webp?fit=1200%2C745&ssl=1&resize=350%2C200","width":350,"height":200,"srcset":"https:\/\/i0.wp.com\/noticiasribeiraopreto.com.br\/wp-content\/uploads\/2024\/11\/rumo-natal_2024-11-26_17-43-21_jpg_2024-11-26_17-43-21.webp.webp?fit=1200%2C745&ssl=1&resize=350%2C200 1x, https:\/\/i0.wp.com\/noticiasribeiraopreto.com.br\/wp-content\/uploads\/2024\/11\/rumo-natal_2024-11-26_17-43-21_jpg_2024-11-26_17-43-21.webp.webp?fit=1200%2C745&ssl=1&resize=525%2C300 1.5x, https:\/\/i0.wp.com\/noticiasribeiraopreto.com.br\/wp-content\/uploads\/2024\/11\/rumo-natal_2024-11-26_17-43-21_jpg_2024-11-26_17-43-21.webp.webp?fit=1200%2C745&ssl=1&resize=700%2C400 2x, https:\/\/i0.wp.com\/noticiasribeiraopreto.com.br\/wp-content\/uploads\/2024\/11\/rumo-natal_2024-11-26_17-43-21_jpg_2024-11-26_17-43-21.webp.webp?fit=1200%2C745&ssl=1&resize=1050%2C600 3x"},"classes":[]},{"id":15760,"url":"https:\/\/noticiasribeiraopreto.com.br\/index.php\/2023\/12\/14\/passagens-de-trem-metro-e-onibus-de-sp-terao-aumento-em-janeiro\/","url_meta":{"origin":15871,"position":2},"title":"Passagens de trem, metr\u00f4 e \u00f4nibus de SP ter\u00e3o aumento em janeiro","author":"noticiasribeiraopreto.com.br","date":"14 de December de 2023","format":false,"excerpt":"Cr\u00e9ditos: Reprodu\u00e7\u00e3o\/ CPTMPassagens de trem, metr\u00f4 e \u00f4nibus aumentam para R$ 5 em SP Uma mudan\u00e7a consider\u00e1vel est\u00e1 a caminho para os usu\u00e1rios dos transportes p\u00fablicos de S\u00e3o Paulo. A partir de 1\u00b0 de janeiro de 2024, o valor das passagens sofrer\u00e1 um reajuste, confirmado nesta quinta-feira, 14, pela assessoria\u2026","rel":"","context":"In &quot;Variedades&quot;","block_context":{"text":"Variedades","link":"https:\/\/noticiasribeiraopreto.com.br\/index.php\/category\/variedades\/"},"img":{"alt_text":"","src":"https:\/\/i0.wp.com\/noticiasribeiraopreto.com.br\/wp-content\/uploads\/2023\/12\/fotos-catraca-2023-12-14t100706460.png?fit=1200%2C638&ssl=1&resize=350%2C200","width":350,"height":200,"srcset":"https:\/\/i0.wp.com\/noticiasribeiraopreto.com.br\/wp-content\/uploads\/2023\/12\/fotos-catraca-2023-12-14t100706460.png?fit=1200%2C638&ssl=1&resize=350%2C200 1x, https:\/\/i0.wp.com\/noticiasribeiraopreto.com.br\/wp-content\/uploads\/2023\/12\/fotos-catraca-2023-12-14t100706460.png?fit=1200%2C638&ssl=1&resize=525%2C300 1.5x, https:\/\/i0.wp.com\/noticiasribeiraopreto.com.br\/wp-content\/uploads\/2023\/12\/fotos-catraca-2023-12-14t100706460.png?fit=1200%2C638&ssl=1&resize=700%2C400 2x, https:\/\/i0.wp.com\/noticiasribeiraopreto.com.br\/wp-content\/uploads\/2023\/12\/fotos-catraca-2023-12-14t100706460.png?fit=1200%2C638&ssl=1&resize=1050%2C600 3x"},"classes":[]},{"id":16564,"url":"https:\/\/noticiasribeiraopreto.com.br\/index.php\/2023\/12\/15\/sp-aumenta-tarifa-do-metro-e-do-trem-2\/","url_meta":{"origin":15871,"position":3},"title":"SP aumenta tarifa do Metr\u00f4 e do Trem","author":"noticiasribeiraopreto.com.br","date":"15 de December de 2023","format":false,"excerpt":"O governo de S\u00e3o Paulo anunciou o aumento da tarifa de Metr\u00f4 e trens da CPTM (Companhia Paulista de Trens Metropolitanos). Os \u00f4nibus municipais, por\u00e9m, n\u00e3o ter\u00e3o reajuste, segundo a Prefeitura de S\u00e3o Paulo. A diverg\u00eancia na cobran\u00e7a pelo transporte p\u00fablico coletivo ocorre ap\u00f3s mais de uma d\u00e9cada de alinhamento\u2026","rel":"","context":"In &quot;Vagas de Emprego em Ribeir\u00e3o Preto-SP&quot;","block_context":{"text":"Vagas de Emprego em Ribeir\u00e3o Preto-SP","link":"https:\/\/noticiasribeiraopreto.com.br\/index.php\/category\/empregos-classificados-vagas-trabalho\/vagas-de-empregos-em-ribeirao-preto-regiao-brasil\/"},"img":{"alt_text":"","src":"https:\/\/i0.wp.com\/noticiasribeiraopreto.com.br\/wp-content\/uploads\/2023\/12\/metro_-_divulgacao.jpg?fit=1200%2C675&ssl=1&resize=350%2C200","width":350,"height":200,"srcset":"https:\/\/i0.wp.com\/noticiasribeiraopreto.com.br\/wp-content\/uploads\/2023\/12\/metro_-_divulgacao.jpg?fit=1200%2C675&ssl=1&resize=350%2C200 1x, https:\/\/i0.wp.com\/noticiasribeiraopreto.com.br\/wp-content\/uploads\/2023\/12\/metro_-_divulgacao.jpg?fit=1200%2C675&ssl=1&resize=525%2C300 1.5x, https:\/\/i0.wp.com\/noticiasribeiraopreto.com.br\/wp-content\/uploads\/2023\/12\/metro_-_divulgacao.jpg?fit=1200%2C675&ssl=1&resize=700%2C400 2x, https:\/\/i0.wp.com\/noticiasribeiraopreto.com.br\/wp-content\/uploads\/2023\/12\/metro_-_divulgacao.jpg?fit=1200%2C675&ssl=1&resize=1050%2C600 3x"},"classes":[]},{"id":11003,"url":"https:\/\/noticiasribeiraopreto.com.br\/index.php\/2023\/12\/05\/sp-vai-ouvir-a-populacao-sobre-trem-turistico-em-ribeirao-preto\/","url_meta":{"origin":15871,"position":4},"title":"SP vai ouvir a popula\u00e7\u00e3o sobre trem tur\u00edstico em Ribeir\u00e3o Preto","author":"noticiasribeiraopreto.com.br","date":"5 de December de 2023","format":false,"excerpt":"A Secretaria de Turismo e Viagens de S\u00e3o Paulo abriu uma audi\u00eancia p\u00fablica virtual para ouvir a popula\u00e7\u00e3o sobre o projeto do trem tur\u00edstico entre Ribeir\u00e3o Preto e Tamba\u00fa. Os interessados podem participar da consulta pela internet (clique aqui). De acordo com a pasta, a consulta tem o objetivo de\u2026","rel":"","context":"In &quot;Not\u00edcias de Ribeir\u00e3o Preto-SP e Regi\u00e3o&quot;","block_context":{"text":"Not\u00edcias de Ribeir\u00e3o Preto-SP e Regi\u00e3o","link":"https:\/\/noticiasribeiraopreto.com.br\/index.php\/category\/noticias-de-ribeirao-preto-sp-e-regiao-ismael-colosi\/"},"img":{"alt_text":"","src":"https:\/\/i0.wp.com\/noticiasribeiraopreto.com.br\/wp-content\/uploads\/2023\/12\/locomotiva-amalia.jpg?fit=1200%2C800&ssl=1&resize=350%2C200","width":350,"height":200,"srcset":"https:\/\/i0.wp.com\/noticiasribeiraopreto.com.br\/wp-content\/uploads\/2023\/12\/locomotiva-amalia.jpg?fit=1200%2C800&ssl=1&resize=350%2C200 1x, https:\/\/i0.wp.com\/noticiasribeiraopreto.com.br\/wp-content\/uploads\/2023\/12\/locomotiva-amalia.jpg?fit=1200%2C800&ssl=1&resize=525%2C300 1.5x, https:\/\/i0.wp.com\/noticiasribeiraopreto.com.br\/wp-content\/uploads\/2023\/12\/locomotiva-amalia.jpg?fit=1200%2C800&ssl=1&resize=700%2C400 2x, https:\/\/i0.wp.com\/noticiasribeiraopreto.com.br\/wp-content\/uploads\/2023\/12\/locomotiva-amalia.jpg?fit=1200%2C800&ssl=1&resize=1050%2C600 3x"},"classes":[]},{"id":7120,"url":"https:\/\/noticiasribeiraopreto.com.br\/index.php\/2023\/11\/27\/trem-iluminado-de-natal-vai-passar-por-cidades-do-interior-de-sp-veja-os-locais\/","url_meta":{"origin":15871,"position":5},"title":"Trem iluminado de Natal vai passar por cidades do interior de SP; Veja os locais","author":"noticiasribeiraopreto.com.br","date":"27 de November de 2023","format":false,"excerpt":"O Trem iluminado de Natal da concession\u00e1ria Rumo vai passar por cidades do interior de S\u00e3o Paulo entre 2 e 21 de dezembro. Al\u00e9m da passagem do trem, a popula\u00e7\u00e3o poder\u00e1 participar de apresenta\u00e7\u00f5es culturais e poder\u00e3o ver o Papai Noel. O trem iluminado de Natal vai passar por 18\u2026","rel":"","context":"In &quot;Not\u00edcias de Ribeir\u00e3o Preto-SP e Regi\u00e3o&quot;","block_context":{"text":"Not\u00edcias de Ribeir\u00e3o Preto-SP e Regi\u00e3o","link":"https:\/\/noticiasribeiraopreto.com.br\/index.php\/category\/noticias-de-ribeirao-preto-sp-e-regiao-ismael-colosi\/"},"img":{"alt_text":"","src":"https:\/\/i0.wp.com\/noticiasribeiraopreto.com.br\/wp-content\/uploads\/2023\/11\/trem-iluminado-de-natal.jpg?fit=1200%2C745&ssl=1&resize=350%2C200","width":350,"height":200,"srcset":"https:\/\/i0.wp.com\/noticiasribeiraopreto.com.br\/wp-content\/uploads\/2023\/11\/trem-iluminado-de-natal.jpg?fit=1200%2C745&ssl=1&resize=350%2C200 1x, https:\/\/i0.wp.com\/noticiasribeiraopreto.com.br\/wp-content\/uploads\/2023\/11\/trem-iluminado-de-natal.jpg?fit=1200%2C745&ssl=1&resize=525%2C300 1.5x, https:\/\/i0.wp.com\/noticiasribeiraopreto.com.br\/wp-content\/uploads\/2023\/11\/trem-iluminado-de-natal.jpg?fit=1200%2C745&ssl=1&resize=700%2C400 2x, https:\/\/i0.wp.com\/noticiasribeiraopreto.com.br\/wp-content\/uploads\/2023\/11\/trem-iluminado-de-natal.jpg?fit=1200%2C745&ssl=1&resize=1050%2C600 3x"},"classes":[]}],"jetpack_sharing_enabled":true,"jetpack_shortlink":"https:\/\/wp.me\/peQAOb-47Z","_links":{"self":[{"href":"https:\/\/noticiasribeiraopreto.com.br\/index.php\/wp-json\/wp\/v2\/posts\/15871","targetHints":{"allow":["GET"]}}],"collection":[{"href":"https:\/\/noticiasribeiraopreto.com.br\/index.php\/wp-json\/wp\/v2\/posts"}],"about":[{"href":"https:\/\/noticiasribeiraopreto.com.br\/index.php\/wp-json\/wp\/v2\/types\/post"}],"author":[{"embeddable":true,"href":"https:\/\/noticiasribeiraopreto.com.br\/index.php\/wp-json\/wp\/v2\/users\/1"}],"replies":[{"embeddable":true,"href":"https:\/\/noticiasribeiraopreto.com.br\/index.php\/wp-json\/wp\/v2\/comments?post=15871"}],"version-history":[{"count":0,"href":"https:\/\/noticiasribeiraopreto.com.br\/index.php\/wp-json\/wp\/v2\/posts\/15871\/revisions"}],"wp:featuredmedia":[{"embeddable":true,"href":"https:\/\/noticiasribeiraopreto.com.br\/index.php\/wp-json\/wp\/v2\/media\/15872"}],"wp:attachment":[{"href":"https:\/\/noticiasribeiraopreto.com.br\/index.php\/wp-json\/wp\/v2\/media?parent=15871"}],"wp:term":[{"taxonomy":"category","embeddable":true,"href":"https:\/\/noticiasribeiraopreto.com.br\/index.php\/wp-json\/wp\/v2\/categories?post=15871"},{"taxonomy":"post_tag","embeddable":true,"href":"https:\/\/noticiasribeiraopreto.com.br\/index.php\/wp-json\/wp\/v2\/tags?post=15871"}],"curies":[{"name":"wp","href":"https:\/\/api.w.org\/{rel}","templated":true}]}}