{"id":15926,"date":"2023-12-14T16:11:06","date_gmt":"2023-12-14T19:11:06","guid":{"rendered":"https:\/\/noticiasribeiraopreto.com.br\/index.php\/2023\/12\/14\/bebe-de-apenas-4-meses-cai-do-3o-andar-de-predio-e-explicacao-causa-espanto\/"},"modified":"2023-12-14T16:11:06","modified_gmt":"2023-12-14T19:11:06","slug":"bebe-de-apenas-4-meses-cai-do-3o-andar-de-predio-e-explicacao-causa-espanto","status":"publish","type":"post","link":"https:\/\/noticiasribeiraopreto.com.br\/index.php\/2023\/12\/14\/bebe-de-apenas-4-meses-cai-do-3o-andar-de-predio-e-explicacao-causa-espanto\/","title":{"rendered":"Beb\u00ea de apenas 4 meses cai do 3\u00ba andar de pr\u00e9dio e explica\u00e7\u00e3o causa espanto"},"content":{"rendered":"<div class='code-block code-block-1' style='margin: 8px 0 8px auto; text-align: right; display: block; clear: both;'>\n<p><a href=\"https:\/\/wa.link\/vpicfd\"><img data-recalc-dims=\"1\" class=\"wp-image-4922\" style=\"aspect-ratio: 2.0253164556962027; width: 561px; height: auto;\" src=\"https:\/\/i0.wp.com\/ismaelcolosi.com.br\/wp-content\/uploads\/2023\/11\/grupo-de-empregos-whatsapp-e-facebook-ismael-colosi-vagas.jpg?ssl=1\" alt=\"\" \/><\/a><\/p>\n<!-- \/wp:image -->\n<\/div>\n<p> <br \/>\n<\/p>\n<div itemprop=\"text\">\n<p>Uma situa\u00e7\u00e3o dram\u00e1tica abalou o bairro Aero Rancho, em Campo Grande, na noite desta ter\u00e7a, dia 12 de dezembro, quando uma beb\u00ea de apenas 4 meses caiu do terceiro andar do condom\u00ednio residencial CH8.<\/p>\n<p>O incidente, que deixou a pequena em estado grave com hemorragia intracraniana, levantou preocupa\u00e7\u00f5es sobre as condi\u00e7\u00f5es em que a crian\u00e7a e seus irm\u00e3os, de 7 e 3 anos, estavam vivendo.<\/p>\n<p>De acordo com o delegado Gabriel Desterro, da Delegacia de Pronto Atendimento Comunit\u00e1rio Cepol (Depac Cepol), a beb\u00ea estava desacompanhada dos respons\u00e1veis e na companhia dos irm\u00e3os quando caiu da janela do apartamento.<\/p>\n<p>O relato indica que a irm\u00e3 mais velha, de 7 anos, teria tentado mostrar a vista da janela para a beb\u00ea, mas um desequil\u00edbrio ocorreu quando a crian\u00e7a mais nova foi empurrada, resultando na tr\u00e1gica queda.<\/p>\n<p>Al\u00e9m da aus\u00eancia dos respons\u00e1veis no momento do acidente, a resid\u00eancia encontrava-se em condi\u00e7\u00f5es preocupantes, com falta de m\u00f3veis, ambiente insalubre e ac\u00famulo de lou\u00e7as sujas, conforme afirmou o delegado.<\/p>\n<p>A m\u00e3e das crian\u00e7as foi localizada pelas autoridades e conduzida para prestar depoimento. Inicialmente, ela enfrentar\u00e1 acusa\u00e7\u00f5es por abandono de incapaz, podendo a situa\u00e7\u00e3o evoluir de acordo com o desdobramento da sa\u00fade da beb\u00ea.<\/p>\n<p>Os moradores do condom\u00ednio, ao perceberem a queda da crian\u00e7a, prestaram os primeiros socorros e a levaram ao Hospital Regional de Mato Grosso do Sul, sendo posteriormente transferida para a Santa Casa, devido \u00e0 gravidade do quadro.<\/p>\n<p>O caso destaca a urgente necessidade de um ambiente seguro e a supervis\u00e3o adequada para a prote\u00e7\u00e3o das crian\u00e7as, suscitando debates sobre cuidados parentais e condi\u00e7\u00f5es habitacionais para o bem-estar dos pequenos.<\/p>\n<\/div>\n<p><br \/>\n<br \/><a href=\"https:\/\/fnmais.com\/tragedia-bebe-apenas-4-meses-cai-3o-andar-predio-explicacao-causa-espanto\/\">Source link <\/a><\/p>\n<!-- CONTENT END 1 -->\n","protected":false},"excerpt":{"rendered":"<p>Uma situa\u00e7\u00e3o dram\u00e1tica abalou o bairro Aero Rancho, em Campo Grande, na noite desta ter\u00e7a, dia 12 de dezembro, quando uma beb\u00ea de apenas 4&#8230;<\/p>\n","protected":false},"author":1,"featured_media":15927,"comment_status":"open","ping_status":"open","sticky":false,"template":"","format":"standard","meta":{"advanced_seo_description":"","jetpack_seo_html_title":"","jetpack_seo_noindex":false,"jetpack_post_was_ever_published":false,"_jetpack_newsletter_access":"","_jetpack_dont_email_post_to_subs":false,"_jetpack_newsletter_tier_id":0,"_jetpack_memberships_contains_paywalled_content":false,"_jetpack_memberships_contains_paid_content":false,"footnotes":"","jetpack_publicize_message":"","jetpack_publicize_feature_enabled":true,"jetpack_social_post_already_shared":true,"jetpack_social_options":{"image_generator_settings":{"template":"highway","default_image_id":0,"font":"","enabled":false},"version":2}},"categories":[1],"tags":[],"class_list":["post-15926","post","type-post","status-publish","format-standard","has-post-thumbnail","hentry","category-blog"],"jetpack_publicize_connections":[],"jetpack_featured_media_url":"https:\/\/i0.wp.com\/noticiasribeiraopreto.com.br\/wp-content\/uploads\/2023\/12\/postimg-657b52d17a0c53298.jpg?fit=1200%2C628&ssl=1","jetpack-related-posts":[{"id":58534,"url":"https:\/\/noticiasribeiraopreto.com.br\/index.php\/2024\/09\/30\/bebe-morre-apos-se-afogar-na-piscina-de-casa-em-ribeirao-preto\/","url_meta":{"origin":15926,"position":0},"title":"Beb\u00ea morre ap\u00f3s se afogar na piscina de casa em Ribeir\u00e3o Preto","author":"noticiasribeiraopreto.com.br","date":"30 de September de 2024","format":false,"excerpt":"Um beb\u00ea de apenas 1 ano morreu no \u00faltimo domingo (29) depois de se afogar na piscina de casa, na zona Norte de Ribeir\u00e3o Preto. A crian\u00e7a estava internada no HC-UE (Hospital das Cl\u00ednicas \u2013 Unidade de Emerg\u00eancia) desde quarta-feira (25). Segundo o B.O. (boletim de ocorr\u00eancia), o beb\u00ea estava\u2026","rel":"","context":"In &quot;Not\u00edcias de Ribeir\u00e3o Preto-SP e Regi\u00e3o&quot;","block_context":{"text":"Not\u00edcias de Ribeir\u00e3o Preto-SP e Regi\u00e3o","link":"https:\/\/noticiasribeiraopreto.com.br\/index.php\/category\/noticias-de-ribeirao-preto-sp-e-regiao-ismael-colosi\/"},"img":{"alt_text":"","src":"https:\/\/i0.wp.com\/noticiasribeiraopreto.com.br\/wp-content\/uploads\/2024\/09\/1727701917_cpj_1024x576_04082020121137.jpg?fit=1024%2C575&ssl=1&resize=350%2C200","width":350,"height":200,"srcset":"https:\/\/i0.wp.com\/noticiasribeiraopreto.com.br\/wp-content\/uploads\/2024\/09\/1727701917_cpj_1024x576_04082020121137.jpg?fit=1024%2C575&ssl=1&resize=350%2C200 1x, https:\/\/i0.wp.com\/noticiasribeiraopreto.com.br\/wp-content\/uploads\/2024\/09\/1727701917_cpj_1024x576_04082020121137.jpg?fit=1024%2C575&ssl=1&resize=525%2C300 1.5x, https:\/\/i0.wp.com\/noticiasribeiraopreto.com.br\/wp-content\/uploads\/2024\/09\/1727701917_cpj_1024x576_04082020121137.jpg?fit=1024%2C575&ssl=1&resize=700%2C400 2x"},"classes":[]},{"id":21840,"url":"https:\/\/noticiasribeiraopreto.com.br\/index.php\/2023\/12\/28\/bebe-de-apenas-11-meses-e-encontrado-morto-no-berco-suspeita-da-morte-gera-temor-em-pais\/","url_meta":{"origin":15926,"position":1},"title":"Beb\u00ea de apenas 11 meses \u00e9 encontrado morto no ber\u00e7o; suspeita da morte gera temor em pais","author":"noticiasribeiraopreto.com.br","date":"28 de December de 2023","format":false,"excerpt":"Um tr\u00e1gico incidente chocou os moradores de Senador Cortes, na regi\u00e3o da Zona da Mata mineira, ap\u00f3s um beb\u00ea de apenas 11 meses ter sido encontrado sem vida em seu ber\u00e7o.Segundo informa\u00e7\u00f5es da pol\u00edcia local, a suspeita \u00e9 de que a crian\u00e7a tenha sufocado enquanto dormia com um objeto de\u2026","rel":"","context":"In &quot;Blog&quot;","block_context":{"text":"Blog","link":"https:\/\/noticiasribeiraopreto.com.br\/index.php\/category\/blog\/"},"img":{"alt_text":"","src":"https:\/\/i0.wp.com\/noticiasribeiraopreto.com.br\/wp-content\/uploads\/2023\/12\/postimg-658dc7057dd7d7424.jpg?fit=1200%2C628&ssl=1&resize=350%2C200","width":350,"height":200,"srcset":"https:\/\/i0.wp.com\/noticiasribeiraopreto.com.br\/wp-content\/uploads\/2023\/12\/postimg-658dc7057dd7d7424.jpg?fit=1200%2C628&ssl=1&resize=350%2C200 1x, https:\/\/i0.wp.com\/noticiasribeiraopreto.com.br\/wp-content\/uploads\/2023\/12\/postimg-658dc7057dd7d7424.jpg?fit=1200%2C628&ssl=1&resize=525%2C300 1.5x, https:\/\/i0.wp.com\/noticiasribeiraopreto.com.br\/wp-content\/uploads\/2023\/12\/postimg-658dc7057dd7d7424.jpg?fit=1200%2C628&ssl=1&resize=700%2C400 2x, https:\/\/i0.wp.com\/noticiasribeiraopreto.com.br\/wp-content\/uploads\/2023\/12\/postimg-658dc7057dd7d7424.jpg?fit=1200%2C628&ssl=1&resize=1050%2C600 3x"},"classes":[]},{"id":13895,"url":"https:\/\/noticiasribeiraopreto.com.br\/index.php\/2023\/12\/11\/bebe-nao-resiste-apos-ser-ejetado-de-veiculo-na-br-369-mae-esta-em-estado-grave\/","url_meta":{"origin":15926,"position":2},"title":"Beb\u00ea n\u00e3o resiste ap\u00f3s ser ejetado de ve\u00edculo na BR-369; m\u00e3e est\u00e1 em estado grave","author":"noticiasribeiraopreto.com.br","date":"11 de December de 2023","format":false,"excerpt":"Neste \u00faltimo domingo, dia 10 de dezembro, um beb\u00ea morreu ap\u00f3s ter sido ejetado de um ve\u00edculo na BR-369, entre as regi\u00f5es de Londrina e Ibipor\u00e3, no norte do Paran\u00e1. O caso aconteceu durante o per\u00edodo noturno e est\u00e1 sendo bastante lamentado.De acordo com informa\u00e7\u00f5es fornecidas pela PRF (Pol\u00edcia Rodovi\u00e1ria\u2026","rel":"","context":"In &quot;Blog&quot;","block_context":{"text":"Blog","link":"https:\/\/noticiasribeiraopreto.com.br\/index.php\/category\/blog\/"},"img":{"alt_text":"","src":"https:\/\/i0.wp.com\/noticiasribeiraopreto.com.br\/wp-content\/uploads\/2023\/12\/postimg-65772acf01e4e8965.jpg?fit=1200%2C628&ssl=1&resize=350%2C200","width":350,"height":200,"srcset":"https:\/\/i0.wp.com\/noticiasribeiraopreto.com.br\/wp-content\/uploads\/2023\/12\/postimg-65772acf01e4e8965.jpg?fit=1200%2C628&ssl=1&resize=350%2C200 1x, https:\/\/i0.wp.com\/noticiasribeiraopreto.com.br\/wp-content\/uploads\/2023\/12\/postimg-65772acf01e4e8965.jpg?fit=1200%2C628&ssl=1&resize=525%2C300 1.5x, https:\/\/i0.wp.com\/noticiasribeiraopreto.com.br\/wp-content\/uploads\/2023\/12\/postimg-65772acf01e4e8965.jpg?fit=1200%2C628&ssl=1&resize=700%2C400 2x, https:\/\/i0.wp.com\/noticiasribeiraopreto.com.br\/wp-content\/uploads\/2023\/12\/postimg-65772acf01e4e8965.jpg?fit=1200%2C628&ssl=1&resize=1050%2C600 3x"},"classes":[]},{"id":82750,"url":"https:\/\/noticiasribeiraopreto.com.br\/index.php\/2026\/02\/25\/adolescente-que-abandonou-bebe-em-lixeira-e-identificada\/","url_meta":{"origin":15926,"position":3},"title":"Adolescente que abandonou beb\u00ea em lixeira \u00e9 identificada","author":"noticiasribeiraopreto.com.br","date":"25 de February de 2026","format":false,"excerpt":"\r Segundo delegado, jovem escondeu gravidez da m\u00e3e e do padrasto e, ap\u00f3s nascimento, deixou em lixeira para que fam\u00edlia n\u00e3o soubesse\r \r 25 de fevereiro de 2026 12:53 \r Compartilhar1 Por: Adalberto Luque \u2013 Reginaldo Felix, delegado de Guariba, cidade da regi\u00e3o metropolitana, identificou a m\u00e3e da rec\u00e9m-nascida que\u2026","rel":"","context":"In &quot;Not\u00edcias de Ribeir\u00e3o Preto-SP e Regi\u00e3o&quot;","block_context":{"text":"Not\u00edcias de Ribeir\u00e3o Preto-SP e Regi\u00e3o","link":"https:\/\/noticiasribeiraopreto.com.br\/index.php\/category\/noticias-de-ribeirao-preto-sp-e-regiao-ismael-colosi\/"},"img":{"alt_text":"","src":"https:\/\/i0.wp.com\/noticiasribeiraopreto.com.br\/wp-content\/uploads\/2026\/02\/1772034878_25-fev-2026-bebeabandonado.jpg?fit=815%2C471&ssl=1&resize=350%2C200","width":350,"height":200,"srcset":"https:\/\/i0.wp.com\/noticiasribeiraopreto.com.br\/wp-content\/uploads\/2026\/02\/1772034878_25-fev-2026-bebeabandonado.jpg?fit=815%2C471&ssl=1&resize=350%2C200 1x, https:\/\/i0.wp.com\/noticiasribeiraopreto.com.br\/wp-content\/uploads\/2026\/02\/1772034878_25-fev-2026-bebeabandonado.jpg?fit=815%2C471&ssl=1&resize=525%2C300 1.5x, https:\/\/i0.wp.com\/noticiasribeiraopreto.com.br\/wp-content\/uploads\/2026\/02\/1772034878_25-fev-2026-bebeabandonado.jpg?fit=815%2C471&ssl=1&resize=700%2C400 2x"},"classes":[]},{"id":81234,"url":"https:\/\/noticiasribeiraopreto.com.br\/index.php\/2025\/12\/29\/estado-de-saude-de-crianca-que-caiu-do-10o-andar-em-ribeirao-preto-e-estavel\/","url_meta":{"origin":15926,"position":4},"title":"Estado de sa\u00fade de crian\u00e7a que caiu do 10\u00ba andar em Ribeir\u00e3o Preto \u00e9 est\u00e1vel","author":"noticiasribeiraopreto.com.br","date":"29 de December de 2025","format":false,"excerpt":"O menino Brenno Jorge Betiati Fernandes Girdziauckas, de apenas 4 anos, que caiu do 10\u00ba andar de um pr\u00e9dio no Centro de Ribeir\u00e3o Preto segue internado no CTI (Centro de Terapia Intensiva) ap\u00f3s passar por uma cirurgia na noite de s\u00e1bado (27) no HC-UE (Hospital das Cl\u00ednicas \u2013 Unidade de\u2026","rel":"","context":"In &quot;Not\u00edcias de Ribeir\u00e3o Preto-SP e Regi\u00e3o&quot;","block_context":{"text":"Not\u00edcias de Ribeir\u00e3o Preto-SP e Regi\u00e3o","link":"https:\/\/noticiasribeiraopreto.com.br\/index.php\/category\/noticias-de-ribeirao-preto-sp-e-regiao-ismael-colosi\/"},"img":{"alt_text":"","src":"https:\/\/i0.wp.com\/noticiasribeiraopreto.com.br\/wp-content\/uploads\/2025\/12\/domingo-53_2025-12-27_21-48-16.webp.webp?fit=1200%2C675&ssl=1&resize=350%2C200","width":350,"height":200,"srcset":"https:\/\/i0.wp.com\/noticiasribeiraopreto.com.br\/wp-content\/uploads\/2025\/12\/domingo-53_2025-12-27_21-48-16.webp.webp?fit=1200%2C675&ssl=1&resize=350%2C200 1x, https:\/\/i0.wp.com\/noticiasribeiraopreto.com.br\/wp-content\/uploads\/2025\/12\/domingo-53_2025-12-27_21-48-16.webp.webp?fit=1200%2C675&ssl=1&resize=525%2C300 1.5x, https:\/\/i0.wp.com\/noticiasribeiraopreto.com.br\/wp-content\/uploads\/2025\/12\/domingo-53_2025-12-27_21-48-16.webp.webp?fit=1200%2C675&ssl=1&resize=700%2C400 2x, https:\/\/i0.wp.com\/noticiasribeiraopreto.com.br\/wp-content\/uploads\/2025\/12\/domingo-53_2025-12-27_21-48-16.webp.webp?fit=1200%2C675&ssl=1&resize=1050%2C600 3x"},"classes":[]},{"id":61784,"url":"https:\/\/noticiasribeiraopreto.com.br\/index.php\/2024\/12\/21\/policia-investiga-morte-de-bebe-durante-confraternizacao-na-regiao-de-ribeirao\/","url_meta":{"origin":15926,"position":5},"title":"Pol\u00edcia investiga morte de beb\u00ea durante confraterniza\u00e7\u00e3o na regi\u00e3o de Ribeir\u00e3o","author":"noticiasribeiraopreto.com.br","date":"21 de December de 2024","format":false,"excerpt":"A Pol\u00edcia Civil investiga a morte de uma beb\u00ea de seis meses durante uma confraterniza\u00e7\u00e3o em Sert\u00e3ozinho, cidade na regi\u00e3o de Ribeir\u00e3o Preto, na manh\u00e3 deste s\u00e1bado (21). Os pais foram detidos e o caso foi registrado como homic\u00eddio culposo, quando n\u00e3o h\u00e1 inten\u00e7\u00e3o de matar. De acordo com o\u2026","rel":"","context":"In &quot;Not\u00edcias de Ribeir\u00e3o Preto-SP e Regi\u00e3o&quot;","block_context":{"text":"Not\u00edcias de Ribeir\u00e3o Preto-SP e Regi\u00e3o","link":"https:\/\/noticiasribeiraopreto.com.br\/index.php\/category\/noticias-de-ribeirao-preto-sp-e-regiao-ismael-colosi\/"},"img":{"alt_text":"","src":"https:\/\/i0.wp.com\/noticiasribeiraopreto.com.br\/wp-content\/uploads\/2024\/12\/giroflex_policia_1024x576_23032020103807.jpg?fit=1024%2C576&ssl=1&resize=350%2C200","width":350,"height":200,"srcset":"https:\/\/i0.wp.com\/noticiasribeiraopreto.com.br\/wp-content\/uploads\/2024\/12\/giroflex_policia_1024x576_23032020103807.jpg?fit=1024%2C576&ssl=1&resize=350%2C200 1x, https:\/\/i0.wp.com\/noticiasribeiraopreto.com.br\/wp-content\/uploads\/2024\/12\/giroflex_policia_1024x576_23032020103807.jpg?fit=1024%2C576&ssl=1&resize=525%2C300 1.5x, https:\/\/i0.wp.com\/noticiasribeiraopreto.com.br\/wp-content\/uploads\/2024\/12\/giroflex_policia_1024x576_23032020103807.jpg?fit=1024%2C576&ssl=1&resize=700%2C400 2x"},"classes":[]}],"jetpack_sharing_enabled":true,"jetpack_shortlink":"https:\/\/wp.me\/peQAOb-48S","_links":{"self":[{"href":"https:\/\/noticiasribeiraopreto.com.br\/index.php\/wp-json\/wp\/v2\/posts\/15926","targetHints":{"allow":["GET"]}}],"collection":[{"href":"https:\/\/noticiasribeiraopreto.com.br\/index.php\/wp-json\/wp\/v2\/posts"}],"about":[{"href":"https:\/\/noticiasribeiraopreto.com.br\/index.php\/wp-json\/wp\/v2\/types\/post"}],"author":[{"embeddable":true,"href":"https:\/\/noticiasribeiraopreto.com.br\/index.php\/wp-json\/wp\/v2\/users\/1"}],"replies":[{"embeddable":true,"href":"https:\/\/noticiasribeiraopreto.com.br\/index.php\/wp-json\/wp\/v2\/comments?post=15926"}],"version-history":[{"count":0,"href":"https:\/\/noticiasribeiraopreto.com.br\/index.php\/wp-json\/wp\/v2\/posts\/15926\/revisions"}],"wp:featuredmedia":[{"embeddable":true,"href":"https:\/\/noticiasribeiraopreto.com.br\/index.php\/wp-json\/wp\/v2\/media\/15927"}],"wp:attachment":[{"href":"https:\/\/noticiasribeiraopreto.com.br\/index.php\/wp-json\/wp\/v2\/media?parent=15926"}],"wp:term":[{"taxonomy":"category","embeddable":true,"href":"https:\/\/noticiasribeiraopreto.com.br\/index.php\/wp-json\/wp\/v2\/categories?post=15926"},{"taxonomy":"post_tag","embeddable":true,"href":"https:\/\/noticiasribeiraopreto.com.br\/index.php\/wp-json\/wp\/v2\/tags?post=15926"}],"curies":[{"name":"wp","href":"https:\/\/api.w.org\/{rel}","templated":true}]}}