{"id":15928,"date":"2023-12-14T16:12:18","date_gmt":"2023-12-14T19:12:18","guid":{"rendered":"https:\/\/noticiasribeiraopreto.com.br\/index.php\/2023\/12\/14\/modernizacao-do-pat-promete-ampliar-beneficios-alimentares-para-milhoes-de-trabalhadores\/"},"modified":"2023-12-14T16:12:18","modified_gmt":"2023-12-14T19:12:18","slug":"modernizacao-do-pat-promete-ampliar-beneficios-alimentares-para-milhoes-de-trabalhadores","status":"publish","type":"post","link":"https:\/\/noticiasribeiraopreto.com.br\/index.php\/2023\/12\/14\/modernizacao-do-pat-promete-ampliar-beneficios-alimentares-para-milhoes-de-trabalhadores\/","title":{"rendered":"Moderniza\u00e7\u00e3o do PAT promete ampliar benef\u00edcios alimentares para milh\u00f5es de trabalhadores"},"content":{"rendered":"<div class='code-block code-block-1' style='margin: 8px 0 8px auto; text-align: right; display: block; clear: both;'>\n<p><a href=\"https:\/\/wa.link\/vpicfd\"><img data-recalc-dims=\"1\" class=\"wp-image-4922\" style=\"aspect-ratio: 2.0253164556962027; width: 561px; height: auto;\" src=\"https:\/\/i0.wp.com\/ismaelcolosi.com.br\/wp-content\/uploads\/2023\/11\/grupo-de-empregos-whatsapp-e-facebook-ismael-colosi-vagas.jpg?ssl=1\" alt=\"\" \/><\/a><\/p>\n<!-- \/wp:image -->\n<\/div>\n<p> <br \/>\n<\/p>\n<div>\n<p>A recente moderniza\u00e7\u00e3o do <a href=\"https:\/\/www.gov.br\/trabalho-e-emprego\/pt-br\/servicos\/empregador\/programa-de-alimentacao-do-trabalhador-pat\">Programa de Alimenta\u00e7\u00e3o do Trabalhador (PAT)<\/a>, conforme destacado em um estudo da LCA encomendado pelo iFood, est\u00e1 programada para trazer benef\u00edcios significativos a aproximadamente 1,7 milh\u00e3o de novos trabalhadores. A altera\u00e7\u00e3o legislativa, aprovada pelo <a href=\"https:\/\/www.congressonacional.leg.br\/\">Congresso Nacional<\/a>, visa revitalizar um programa que j\u00e1 atende cerca de 23,4 milh\u00f5es de trabalhadores h\u00e1 quase meio s\u00e9culo.<\/p>\n<p>Com a implementa\u00e7\u00e3o dessas mudan\u00e7as, espera-se expandir a rede de estabelecimentos que aceitam vale-benef\u00edcios, atualmente estimada em 600 mil, para mais de 3 milh\u00f5es, impulsionando assim o setor de alimenta\u00e7\u00e3o.<\/p>\n<p>A Lei de Moderniza\u00e7\u00e3o tamb\u00e9m introduz a interoperabilidade e portabilidade nos cart\u00f5es de benef\u00edcio, proporcionando aos trabalhadores a liberdade de escolher entre diferentes prestadores de servi\u00e7os. Essa inova\u00e7\u00e3o, conforme especialistas, poder\u00e1 resultar em uma redu\u00e7\u00e3o significativa nas taxas cobradas dos estabelecimentos, estimulando a economia e a flexibilidade no setor.<\/p>\n<h2>Insatisfa\u00e7\u00e3o dos trabalhadores com as empresas atuais se deve a aceita\u00e7\u00e3o dos vales em mercados<\/h2>\n<p>Al\u00e9m disso, a moderniza\u00e7\u00e3o do PAT pode gerar uma economia potencial de R\uff045,21 bilh\u00f5es para bares e restaurantes, aliviando a carga tribut\u00e1ria e incentivando a competitividade e inova\u00e7\u00e3o no mercado de benef\u00edcios. Este cen\u00e1rio tamb\u00e9m contribui para a satisfa\u00e7\u00e3o dos usu\u00e1rios, com 81% dos trabalhadores favorecendo a portabilidade do servi\u00e7o.<\/p>\n<p>A entrada de novos players no mercado, impulsionada pela nova legisla\u00e7\u00e3o, j\u00e1 demonstrou um crescimento de 26% de 2021 para 2022, desafiando o dom\u00ednio das tradicionais empresas de benef\u00edcios. A\u00e7\u00e3o impulsionar\u00e1 a inova\u00e7\u00e3o e proporcionar\u00e1 uma experi\u00eancia ainda melhor para os usu\u00e1rios.<\/p>\n<p>A pesquisa da LCA revela tamb\u00e9m que a insatisfa\u00e7\u00e3o dos trabalhadores com as empresas atuais se deve \u00e0 limitada aceita\u00e7\u00e3o dos vales em estabelecimentos, \u00e0 falta de inova\u00e7\u00e3o e \u00e0 qualidade nos servi\u00e7os prestados. Com a moderniza\u00e7\u00e3o do PAT, espera-se um mercado de benef\u00edcios mais din\u00e2mico e adaptado \u00e0s necessidades dos trabalhadores brasileiros.<\/p>\n<p>+ Acompanhe as principais informa\u00e7\u00f5es sobre\u00a0<a href=\"https:\/\/jcconcursos.com.br\/noticia\/brasil\/\" rel=\"noopener\" target=\"_blank\">Sociedade e Brasil no JC Concurso<\/a><\/p>\n<p><a id=\"gnews_btn\" href=\"https:\/\/news.google.com\/publications\/CAAqBwgKMOixlQswuZWrAw\" target=\"_blank\" class=\"border_jc_blue link_hover_bg_jc_blue font_85 d-block d-md-inline-block px-2 py-1 mr-0 mr-md-2 mb-3 w-100 text-center\" rel=\"noopener\"><span class=\"text_jc_blue\">Siga o <strong>JC Concursos no Google News<\/strong><\/span><\/a><a href=\"https:\/\/jcconcursos.com.br\/noticia\/brasil\/\" class=\"badge badge-light\">Sociedade<\/a><a href=\"https:\/\/jcconcursos.com.br\/noticia\/brasil\/\" class=\"badge badge-light\">Brasil<\/a><\/p>\n<\/div>\n<p><br \/>\n<br \/><a href=\"https:\/\/ismaelcolosi.com.br\/modernizacao-do-pat-promete-ampliar-beneficios-alimentares-para-milhoes-de-trabalhadores\/\">Source link <\/a><\/p>\n<!-- CONTENT END 1 -->\n","protected":false},"excerpt":{"rendered":"<p>A recente moderniza\u00e7\u00e3o do Programa de Alimenta\u00e7\u00e3o do Trabalhador (PAT), conforme destacado em um estudo da LCA encomendado pelo iFood, est\u00e1 programada para trazer benef\u00edcios&#8230;<\/p>\n","protected":false},"author":1,"featured_media":15929,"comment_status":"open","ping_status":"open","sticky":false,"template":"","format":"standard","meta":{"advanced_seo_description":"","jetpack_seo_html_title":"","jetpack_seo_noindex":false,"jetpack_post_was_ever_published":false,"_jetpack_newsletter_access":"","_jetpack_dont_email_post_to_subs":false,"_jetpack_newsletter_tier_id":0,"_jetpack_memberships_contains_paywalled_content":false,"_jetpack_memberships_contains_paid_content":false,"footnotes":"","jetpack_publicize_message":"","jetpack_publicize_feature_enabled":true,"jetpack_social_post_already_shared":true,"jetpack_social_options":{"image_generator_settings":{"template":"highway","default_image_id":0,"font":"","enabled":false},"version":2}},"categories":[7],"tags":[],"class_list":["post-15928","post","type-post","status-publish","format-standard","has-post-thumbnail","hentry","category-vagas-de-empregos-em-ribeirao-preto-regiao-brasil"],"jetpack_publicize_connections":[],"jetpack_featured_media_url":"https:\/\/i0.wp.com\/noticiasribeiraopreto.com.br\/wp-content\/uploads\/2023\/12\/vale-alimentacao.jpg?fit=1920%2C1080&ssl=1","jetpack-related-posts":[{"id":17121,"url":"https:\/\/noticiasribeiraopreto.com.br\/index.php\/2023\/12\/17\/otima-noticia-para-trabalhadores-que-recebem-ate-dois-salarios-minimos-2\/","url_meta":{"origin":15928,"position":0},"title":"\u00d3tima not\u00edcia para trabalhadores que recebem at\u00e9 dois sal\u00e1rios m\u00ednimos","author":"noticiasribeiraopreto.com.br","date":"17 de December de 2023","format":false,"excerpt":"Os trabalhadores com carteira assinada que recebem at\u00e9 dois sal\u00e1rios m\u00ednimos (R$ 2.640) ainda podem resgatar o abono salarial do Pis\/Pasep de at\u00e9 R$ 1.320 at\u00e9 o dia 28 de dezembro.\u00a0 O Programa de Integra\u00e7\u00e3o Social (PIS) \u00e9 pago aos profissionais da iniciativa privada, j\u00e1 os servidores p\u00fablicos t\u00eam direito\u2026","rel":"","context":"In &quot;Vagas de Emprego em Ribeir\u00e3o Preto-SP&quot;","block_context":{"text":"Vagas de Emprego em Ribeir\u00e3o Preto-SP","link":"https:\/\/noticiasribeiraopreto.com.br\/index.php\/category\/empregos-classificados-vagas-trabalho\/vagas-de-empregos-em-ribeirao-preto-regiao-brasil\/"},"img":{"alt_text":"","src":"https:\/\/i0.wp.com\/noticiasribeiraopreto.com.br\/wp-content\/uploads\/2023\/12\/1702837107_dinheiro-50-agenciabr.jpg?fit=1200%2C675&ssl=1&resize=350%2C200","width":350,"height":200,"srcset":"https:\/\/i0.wp.com\/noticiasribeiraopreto.com.br\/wp-content\/uploads\/2023\/12\/1702837107_dinheiro-50-agenciabr.jpg?fit=1200%2C675&ssl=1&resize=350%2C200 1x, https:\/\/i0.wp.com\/noticiasribeiraopreto.com.br\/wp-content\/uploads\/2023\/12\/1702837107_dinheiro-50-agenciabr.jpg?fit=1200%2C675&ssl=1&resize=525%2C300 1.5x, https:\/\/i0.wp.com\/noticiasribeiraopreto.com.br\/wp-content\/uploads\/2023\/12\/1702837107_dinheiro-50-agenciabr.jpg?fit=1200%2C675&ssl=1&resize=700%2C400 2x, https:\/\/i0.wp.com\/noticiasribeiraopreto.com.br\/wp-content\/uploads\/2023\/12\/1702837107_dinheiro-50-agenciabr.jpg?fit=1200%2C675&ssl=1&resize=1050%2C600 3x"},"classes":[]},{"id":23313,"url":"https:\/\/noticiasribeiraopreto.com.br\/index.php\/2024\/01\/01\/saldo-do-fgts-passar-por-alteracoes-a-partir-deste-mes\/","url_meta":{"origin":15928,"position":1},"title":"Saldo do FGTS passar por altera\u00e7\u00f5es a partir deste m\u00eas","author":"noticiasribeiraopreto.com.br","date":"1 de January de 2024","format":false,"excerpt":"A partir de 2024, grandes mudan\u00e7as devem ocorrer no saldo do FGTS devido ao an\u00fancio feito pelo governo federal, impactando os trabalhadores formais sob regime CLT. Assim, abaixo est\u00e3o mais detalhes sobre essas mudan\u00e7as. Aumento no sal\u00e1rio m\u00ednimo As altera\u00e7\u00f5es no sal\u00e1rio m\u00ednimo, elevando-o de R$ 1.320 para R$ 1.412,\u2026","rel":"","context":"In &quot;Vagas de Emprego em Ribeir\u00e3o Preto-SP&quot;","block_context":{"text":"Vagas de Emprego em Ribeir\u00e3o Preto-SP","link":"https:\/\/noticiasribeiraopreto.com.br\/index.php\/category\/empregos-classificados-vagas-trabalho\/vagas-de-empregos-em-ribeirao-preto-regiao-brasil\/"},"img":{"alt_text":"","src":"","width":0,"height":0},"classes":[]},{"id":81237,"url":"https:\/\/noticiasribeiraopreto.com.br\/index.php\/2025\/12\/29\/prazo-para-sacar-abono-salarial-acaba-nesta-segunda\/","url_meta":{"origin":15928,"position":2},"title":"Prazo para sacar abono salarial acaba nesta segunda","author":"noticiasribeiraopreto.com.br","date":"29 de December de 2025","format":false,"excerpt":"\r \r \r 29 de dezembro de 2025 07:5129 de dezembro de 2025 07:53 \r Compartilhar0 Quem trabalhou com carteira assinada em 2023 ganhando at\u00e9 dois sal\u00e1rios m\u00ednimos deve ficar atento. Acaba nesta segunda-feira (29) o prazo para sacar o abono salarial de 2025. Quem perder o prazo ter\u00e1 de\u2026","rel":"","context":"In &quot;Not\u00edcias de Ribeir\u00e3o Preto-SP e Regi\u00e3o&quot;","block_context":{"text":"Not\u00edcias de Ribeir\u00e3o Preto-SP e Regi\u00e3o","link":"https:\/\/noticiasribeiraopreto.com.br\/index.php\/category\/noticias-de-ribeirao-preto-sp-e-regiao-ismael-colosi\/"},"img":{"alt_text":"","src":"https:\/\/i0.wp.com\/noticiasribeiraopreto.com.br\/wp-content\/uploads\/2025\/12\/dinheiro_caixa_mcajr_abr_2907221128.jpg?fit=1170%2C700&ssl=1&resize=350%2C200","width":350,"height":200,"srcset":"https:\/\/i0.wp.com\/noticiasribeiraopreto.com.br\/wp-content\/uploads\/2025\/12\/dinheiro_caixa_mcajr_abr_2907221128.jpg?fit=1170%2C700&ssl=1&resize=350%2C200 1x, https:\/\/i0.wp.com\/noticiasribeiraopreto.com.br\/wp-content\/uploads\/2025\/12\/dinheiro_caixa_mcajr_abr_2907221128.jpg?fit=1170%2C700&ssl=1&resize=525%2C300 1.5x, https:\/\/i0.wp.com\/noticiasribeiraopreto.com.br\/wp-content\/uploads\/2025\/12\/dinheiro_caixa_mcajr_abr_2907221128.jpg?fit=1170%2C700&ssl=1&resize=700%2C400 2x, https:\/\/i0.wp.com\/noticiasribeiraopreto.com.br\/wp-content\/uploads\/2025\/12\/dinheiro_caixa_mcajr_abr_2907221128.jpg?fit=1170%2C700&ssl=1&resize=1050%2C600 3x"},"classes":[]},{"id":67447,"url":"https:\/\/noticiasribeiraopreto.com.br\/index.php\/2025\/04\/14\/jornal-da-franca-pis-pasep-abono-salarial-vai-ser-pago-a-43-milhoes-de-trabalhadores-na-terca-15\/","url_meta":{"origin":15928,"position":3},"title":"Jornal da Franca &#8211; PIS\/Pasep: abono salarial vai ser pago a 4,3 milh\u00f5es de trabalhadores na ter\u00e7a (15)","author":"noticiasribeiraopreto.com.br","date":"14 de April de 2025","format":false,"excerpt":"compartilhar no whatsapp compartilhar no telegram compartilhar no facebook compartilhar no linkedin Nascidos em mar\u00e7o e abril recebem o abono salarial ap\u00f3s a mudan\u00e7a nas regras; entenda o que mudou e quem tem direito a receber o benef\u00edcio neste ano Nascidos em mar\u00e7o e abril recebem abono do PIS\/Pasep nesta\u2026","rel":"","context":"In &quot;Not\u00edcias de Franca-SP&quot;","block_context":{"text":"Not\u00edcias de Franca-SP","link":"https:\/\/noticiasribeiraopreto.com.br\/index.php\/category\/noticias-de-ribeirao-preto-sp-e-regiao-ismael-colosi\/noticias-franca-sp\/"},"img":{"alt_text":"","src":"https:\/\/i0.wp.com\/noticiasribeiraopreto.com.br\/wp-content\/uploads\/2025\/04\/seucreditodigital.com_.br-mais-de-r-2-bilhoes-em-abono-salarial-e-liberado-pela-caixa-pis-pasep-4.jpg?fit=1200%2C800&ssl=1&resize=350%2C200","width":350,"height":200,"srcset":"https:\/\/i0.wp.com\/noticiasribeiraopreto.com.br\/wp-content\/uploads\/2025\/04\/seucreditodigital.com_.br-mais-de-r-2-bilhoes-em-abono-salarial-e-liberado-pela-caixa-pis-pasep-4.jpg?fit=1200%2C800&ssl=1&resize=350%2C200 1x, https:\/\/i0.wp.com\/noticiasribeiraopreto.com.br\/wp-content\/uploads\/2025\/04\/seucreditodigital.com_.br-mais-de-r-2-bilhoes-em-abono-salarial-e-liberado-pela-caixa-pis-pasep-4.jpg?fit=1200%2C800&ssl=1&resize=525%2C300 1.5x, https:\/\/i0.wp.com\/noticiasribeiraopreto.com.br\/wp-content\/uploads\/2025\/04\/seucreditodigital.com_.br-mais-de-r-2-bilhoes-em-abono-salarial-e-liberado-pela-caixa-pis-pasep-4.jpg?fit=1200%2C800&ssl=1&resize=700%2C400 2x, https:\/\/i0.wp.com\/noticiasribeiraopreto.com.br\/wp-content\/uploads\/2025\/04\/seucreditodigital.com_.br-mais-de-r-2-bilhoes-em-abono-salarial-e-liberado-pela-caixa-pis-pasep-4.jpg?fit=1200%2C800&ssl=1&resize=1050%2C600 3x"},"classes":[]},{"id":43094,"url":"https:\/\/noticiasribeiraopreto.com.br\/index.php\/2024\/03\/19\/pis-pasep-2024-governo-federal-anuncia-datas-de-pagamento-por-mes-de-nascimento-confira-calendario\/","url_meta":{"origin":15928,"position":4},"title":"PIS\/PASEP 2024: Governo Federal anuncia datas de pagamento por m\u00eas de nascimento; Confira calend\u00e1rio","author":"noticiasribeiraopreto.com.br","date":"19 de March de 2024","format":false,"excerpt":"Os pagamentos do PIS\/Pasep 2024 j\u00e1 foram feitos pelo Governo Federal, trazendo boas not\u00edcias para milh\u00f5es de trabalhadores em todo o Brasil. Agora, a novidade \u00e9 que a remunera\u00e7\u00e3o dos funcion\u00e1rios e empregados da iniciativa privada ser\u00e1 uniforme. Veja abaixo o cronograma de pagamentos. Antes, os servidores recebiam benef\u00edcios de\u2026","rel":"","context":"In &quot;Dinheiro e Investimento&quot;","block_context":{"text":"Dinheiro e Investimento","link":"https:\/\/noticiasribeiraopreto.com.br\/index.php\/category\/dinheiro-e-investimento-como-fazer-como-ganhar\/"},"img":{"alt_text":"","src":"https:\/\/i0.wp.com\/noticiasribeiraopreto.com.br\/wp-content\/uploads\/2024\/03\/Design-sem-nome-1-1.webp.webp?fit=1200%2C630&ssl=1&resize=350%2C200","width":350,"height":200,"srcset":"https:\/\/i0.wp.com\/noticiasribeiraopreto.com.br\/wp-content\/uploads\/2024\/03\/Design-sem-nome-1-1.webp.webp?fit=1200%2C630&ssl=1&resize=350%2C200 1x, https:\/\/i0.wp.com\/noticiasribeiraopreto.com.br\/wp-content\/uploads\/2024\/03\/Design-sem-nome-1-1.webp.webp?fit=1200%2C630&ssl=1&resize=525%2C300 1.5x, https:\/\/i0.wp.com\/noticiasribeiraopreto.com.br\/wp-content\/uploads\/2024\/03\/Design-sem-nome-1-1.webp.webp?fit=1200%2C630&ssl=1&resize=700%2C400 2x, https:\/\/i0.wp.com\/noticiasribeiraopreto.com.br\/wp-content\/uploads\/2024\/03\/Design-sem-nome-1-1.webp.webp?fit=1200%2C630&ssl=1&resize=1050%2C600 3x"},"classes":[]},{"id":42931,"url":"https:\/\/noticiasribeiraopreto.com.br\/index.php\/2024\/03\/18\/pis-pasep-2024-governo-ferderal-auncia-datas-de-pagamento-por-mes-de-nascimento-confira-calendario\/","url_meta":{"origin":15928,"position":5},"title":"PIS\/PASEP 2024: Governo Ferderal auncia datas de pagamento por m\u00eas de nascimento; Confira calend\u00e1rio","author":"noticiasribeiraopreto.com.br","date":"18 de March de 2024","format":false,"excerpt":"Os pagamentos do PIS\/Pasep 2024 j\u00e1 foram feitos pelo Governo Federal, trazendo boas not\u00edcias para milh\u00f5es de trabalhadores em todo o Brasil. Agora, a novidade \u00e9 que a remunera\u00e7\u00e3o dos funcion\u00e1rios e empregados da iniciativa privada ser\u00e1 uniforme. Veja abaixo o cronograma de pagamentos. Antes, os servidores recebiam benef\u00edcios de\u2026","rel":"","context":"In &quot;Dinheiro e Investimento&quot;","block_context":{"text":"Dinheiro e Investimento","link":"https:\/\/noticiasribeiraopreto.com.br\/index.php\/category\/dinheiro-e-investimento-como-fazer-como-ganhar\/"},"img":{"alt_text":"","src":"https:\/\/i0.wp.com\/noticiasribeiraopreto.com.br\/wp-content\/uploads\/2024\/03\/Design-sem-nome-10.webp.webp?fit=1200%2C630&ssl=1&resize=350%2C200","width":350,"height":200,"srcset":"https:\/\/i0.wp.com\/noticiasribeiraopreto.com.br\/wp-content\/uploads\/2024\/03\/Design-sem-nome-10.webp.webp?fit=1200%2C630&ssl=1&resize=350%2C200 1x, https:\/\/i0.wp.com\/noticiasribeiraopreto.com.br\/wp-content\/uploads\/2024\/03\/Design-sem-nome-10.webp.webp?fit=1200%2C630&ssl=1&resize=525%2C300 1.5x, https:\/\/i0.wp.com\/noticiasribeiraopreto.com.br\/wp-content\/uploads\/2024\/03\/Design-sem-nome-10.webp.webp?fit=1200%2C630&ssl=1&resize=700%2C400 2x, https:\/\/i0.wp.com\/noticiasribeiraopreto.com.br\/wp-content\/uploads\/2024\/03\/Design-sem-nome-10.webp.webp?fit=1200%2C630&ssl=1&resize=1050%2C600 3x"},"classes":[]}],"jetpack_sharing_enabled":true,"jetpack_shortlink":"https:\/\/wp.me\/peQAOb-48U","_links":{"self":[{"href":"https:\/\/noticiasribeiraopreto.com.br\/index.php\/wp-json\/wp\/v2\/posts\/15928","targetHints":{"allow":["GET"]}}],"collection":[{"href":"https:\/\/noticiasribeiraopreto.com.br\/index.php\/wp-json\/wp\/v2\/posts"}],"about":[{"href":"https:\/\/noticiasribeiraopreto.com.br\/index.php\/wp-json\/wp\/v2\/types\/post"}],"author":[{"embeddable":true,"href":"https:\/\/noticiasribeiraopreto.com.br\/index.php\/wp-json\/wp\/v2\/users\/1"}],"replies":[{"embeddable":true,"href":"https:\/\/noticiasribeiraopreto.com.br\/index.php\/wp-json\/wp\/v2\/comments?post=15928"}],"version-history":[{"count":0,"href":"https:\/\/noticiasribeiraopreto.com.br\/index.php\/wp-json\/wp\/v2\/posts\/15928\/revisions"}],"wp:featuredmedia":[{"embeddable":true,"href":"https:\/\/noticiasribeiraopreto.com.br\/index.php\/wp-json\/wp\/v2\/media\/15929"}],"wp:attachment":[{"href":"https:\/\/noticiasribeiraopreto.com.br\/index.php\/wp-json\/wp\/v2\/media?parent=15928"}],"wp:term":[{"taxonomy":"category","embeddable":true,"href":"https:\/\/noticiasribeiraopreto.com.br\/index.php\/wp-json\/wp\/v2\/categories?post=15928"},{"taxonomy":"post_tag","embeddable":true,"href":"https:\/\/noticiasribeiraopreto.com.br\/index.php\/wp-json\/wp\/v2\/tags?post=15928"}],"curies":[{"name":"wp","href":"https:\/\/api.w.org\/{rel}","templated":true}]}}