{"id":15936,"date":"2023-12-14T16:34:55","date_gmt":"2023-12-14T19:34:55","guid":{"rendered":"https:\/\/noticiasribeiraopreto.com.br\/index.php\/2023\/12\/14\/confira-agora-todas-as-novidades-para-mei-em-2024\/"},"modified":"2023-12-14T16:34:55","modified_gmt":"2023-12-14T19:34:55","slug":"confira-agora-todas-as-novidades-para-mei-em-2024","status":"publish","type":"post","link":"https:\/\/noticiasribeiraopreto.com.br\/index.php\/2023\/12\/14\/confira-agora-todas-as-novidades-para-mei-em-2024\/","title":{"rendered":"Confira agora todas as novidades para MEI em 2024"},"content":{"rendered":"<div class='code-block code-block-1' style='margin: 8px 0 8px auto; text-align: right; display: block; clear: both;'>\n<p><a href=\"https:\/\/wa.link\/vpicfd\"><img data-recalc-dims=\"1\" class=\"wp-image-4922\" style=\"aspect-ratio: 2.0253164556962027; width: 561px; height: auto;\" src=\"https:\/\/i0.wp.com\/ismaelcolosi.com.br\/wp-content\/uploads\/2023\/11\/grupo-de-empregos-whatsapp-e-facebook-ismael-colosi-vagas.jpg?ssl=1\" alt=\"\" \/><\/a><\/p>\n<!-- \/wp:image -->\n<\/div>\n<p> <br \/>\n<\/p>\n<div>\n<p>O Ministro do Empreendedorismo, <a href=\"https:\/\/catracalivre.com.br\/cidadania\/eleicoes-2020-o-que-voce-precisa-saber-sobre-marcio-franca\/\">M\u00e1rcio Fran\u00e7a<\/a> (PSB), revelou planos para reformular as regras de faturamento do <a href=\"https:\/\/catracalivre.com.br\/cidadania\/abrir-mei-fica-ainda-mais-simples-apos-esta-decisao-do-governo-confira\/\">Microempreendedor Individual<\/a> (MEI). Segundo Fran\u00e7a, a proposta visa incentivar os <a href=\"https:\/\/catracalivre.com.br\/empreendedorismo-real\/\">empreendedores<\/a> a contribuir mais para a <a href=\"https:\/\/catracalivre.com.br\/cidadania\/previdencia-emprestimo\/\">Previd\u00eancia<\/a>, o que resultaria em benef\u00edcios de <a href=\"https:\/\/catracalivre.com.br\/cidadania\/senado-aprova-novo-criterio-especial-para-aposentadoria-saiba-qual\/\">aposentadoria<\/a> mais substanciais.<\/p>\n<div id=\"attachment_2284525\" class=\"wp-caption aligncenter\">\n<div class=\"d-flex justify-content-center\" data-attachment-id=\"2284525\">\n<div class=\"position-relative d-inline-block\"><img data-recalc-dims=\"1\" data-portal-copyright=\"Ag\u00eancia Brasil\/Arquivo\" fetchpriority=\"high\" decoding=\"async\" class=\"size-large wp-image-2284525\" src=\"https:\/\/i0.wp.com\/catracalivre.com.br\/wp-content\/uploads\/2023\/07\/atencao-o-governo-nao-enquadra-mais-essas-atividades-como-mei-910x512.jpg?resize=910%2C512&#038;ssl=1\" alt=\"Confira AGORA todas as novidades para MEI em 2024\" width=\"910\" height=\"512\" srcset=\"https:\/\/catracalivre.com.br\/wp-content\/uploads\/2023\/07\/atencao-o-governo-nao-enquadra-mais-essas-atividades-como-mei-910x512.jpg 910w, https:\/\/catracalivre.com.br\/wp-content\/uploads\/2023\/07\/atencao-o-governo-nao-enquadra-mais-essas-atividades-como-mei-450x253.jpg 450w, https:\/\/catracalivre.com.br\/wp-content\/uploads\/2023\/07\/atencao-o-governo-nao-enquadra-mais-essas-atividades-como-mei-768x432.jpg 768w\" sizes=\"(max-width: 910px) 100vw, 910px\"\/><\/p>\n<p>Cr\u00e9ditos: Ag\u00eancia Brasil\/Arquivo<\/p>\n<\/div>\n<\/div>\n<p><span class=\"post-imagem__legenda\">Confira AGORA todas as novidades para MEI em 2024<\/span><\/p>\n<\/div>\n<p>O ministro est\u00e1 considerando a cria\u00e7\u00e3o de um sistema de impostos baseado em uma tabela de faturamento mensal.<\/p>\n<p>Essa declara\u00e7\u00e3o foi feita durante a segunda reuni\u00e3o ordin\u00e1ria do F\u00f3rum Permanente das Microempresas e Empresas de Pequeno Porte (<a href=\"https:\/\/www.gov.br\/empresas-e-negocios\/pt-br\/forum-permanente\">FPMPE<\/a>), que ocorreu no edif\u00edcio-sede da CNC em Bras\u00edlia. O evento contou com a presen\u00e7a do presidente interino,<a href=\"https:\/\/catracalivre.com.br\/cidadania\/alckmin-choca-brasileiros-e-explica-por-que-acredita-que-dolar-a-r-5-e-bom\/\"> Geraldo Alckmin<\/a> (PSB).<\/p>\n<p>O limite atual de faturamento para o MEI \u00e9 de R$ 81.000 por ano, com o valor do Documento de Arrecada\u00e7\u00e3o do Simples Nacional (DAS) variando entre R$ 67 e R$ 72, dependendo da atividade do microempreendedor. Esse montante inclui tributos como o INSS, correspondente a um sal\u00e1rio m\u00ednimo.<\/p>\n<p>Com a poss\u00edvel mudan\u00e7a, a ideia \u00e9 que, ao contribuir mais, o MEI possa aspirar a uma aposentadoria que ultrapasse o valor de um sal\u00e1rio m\u00ednimo. M\u00e1rcio Fran\u00e7a acredita que essa altera\u00e7\u00e3o pode contribuir para aliviar os desafios financeiros da Previd\u00eancia.<\/p>\n<p>\u201cN\u00e3o vai resolver todos os problemas, mas se mais pessoas contribu\u00edrem com quantias maiores, isso certamente reduzir\u00e1 o d\u00e9ficit\u201d, afirmou o ministro.<\/p>\n<h2>Cr\u00e9dito para MEI<\/h2>\n<p>Al\u00e9m disso, Fran\u00e7a defendeu a cria\u00e7\u00e3o de um fundo garantidor de cr\u00e9dito para facilitar empr\u00e9stimos destinados aos pequenos empreendedores, com o objetivo de incentivar a formaliza\u00e7\u00e3o dos trabalhadores informais.<\/p>\n<p>Ele destacou a necessidade de estabelecer linhas de financiamento que envolvam todos os bancos do pa\u00eds, tanto privados quanto p\u00fablicos.<\/p>\n<p>A proposta de criar um fundo garantidor para microempreendedores tamb\u00e9m recebeu apoio de Geraldo Alckmin. \u201cO cr\u00e9dito, dependendo dos juros, pode n\u00e3o ser a solu\u00e7\u00e3o e se tornar um problema. Precisamos nos concentrar em um fundo garantidor\u201d, ressaltou o presidente interino.<\/p>\n<h2>Transi\u00e7\u00e3o de MEI para microempresa<\/h2>\n<p>Em rela\u00e7\u00e3o \u00e0 transi\u00e7\u00e3o do MEI, Fran\u00e7a indicou que as novas regras, planejadas para entrar em vigor a partir de 2024, buscam tributar apenas a parcela que excede o limite de faturamento do MEI.<\/p>\n<p>Atualmente, se o faturamento ultrapassar R$ 81.000 por ano, o empreendedor \u00e9 obrigado a migrar para o regime tribut\u00e1rio de microempresa. A ideia \u00e9 tributar apenas o valor excedente ao limite, evitando uma mudan\u00e7a autom\u00e1tica de regime tribut\u00e1rio para o MEI.<\/p>\n<p>Atualmente se o faturamento foi de at\u00e9 20% acima do limite (ou seja, at\u00e9 R$ 97.200,00): o MEI pode permanecer no Simples Nacional, mas no ano seguinte ser\u00e1 desenquadrado da condi\u00e7\u00e3o de MEI.<\/p>\n<p>Agora, se o faturamento foi mais de 20% acima do limite: o MEI ser\u00e1 desenquadrado, passar\u00e1 \u00e0 condi\u00e7\u00e3o de microempresa e ser\u00e1 tributado com base no Simples Nacional retroativamente ao in\u00edcio do ano \u2013isto \u00e9, ser\u00e1 cobrado imposto em todas as notas emitidas no ano\u00a0em que ocorreu o excesso.<\/p>\n<\/div>\n<p><script>\n\t\t! function(f, b, e, v, n, t, s) {\n\t\t\tif (f.fbq) return;\n\t\t\tn = f.fbq = function() {\n\t\t\t\tn.callMethod ?\n\t\t\t\t\tn.callMethod.apply(n, arguments) : n.queue.push(arguments)\n\t\t\t};\n\t\t\tif (!f._fbq) f._fbq = n;\n\t\t\tn.push = n;\n\t\t\tn.loaded = !0;\n\t\t\tn.version = '2.0';\n\t\t\tn.queue = [];\n\t\t\tt = b.createElement(e);\n\t\t\tt.async = !0;\n\t\t\tt.src = v;\n\t\t\ts = b.getElementsByTagName(e)[0];\n\t\t\ts.parentNode.insertBefore(t, s)\n\t\t}(window, document, 'script',\n\t\t\t'https:\/\/connect.facebook.net\/en_US\/fbevents.js');\n\t\tfbq('init', '338315473262380');\n\t\tfbq('track', 'PageView');\n\t<\/script><br \/>\n<br \/><br \/>\n<br \/><a href=\"https:\/\/catracalivre.com.br\/cidadania\/confira-agora-todas-as-novidades-para-mei-em-2024\/\">Source link <\/a><\/p>\n<!-- CONTENT END 1 -->\n","protected":false},"excerpt":{"rendered":"<p>O Ministro do Empreendedorismo, M\u00e1rcio Fran\u00e7a (PSB), revelou planos para reformular as regras de faturamento do Microempreendedor Individual (MEI). Segundo Fran\u00e7a, a proposta visa incentivar&#8230;<\/p>\n","protected":false},"author":1,"featured_media":15937,"comment_status":"open","ping_status":"open","sticky":false,"template":"","format":"standard","meta":{"advanced_seo_description":"","jetpack_seo_html_title":"","jetpack_seo_noindex":false,"jetpack_post_was_ever_published":false,"_jetpack_newsletter_access":"","_jetpack_dont_email_post_to_subs":false,"_jetpack_newsletter_tier_id":0,"_jetpack_memberships_contains_paywalled_content":false,"_jetpack_memberships_contains_paid_content":false,"footnotes":"","jetpack_publicize_message":"","jetpack_publicize_feature_enabled":true,"jetpack_social_post_already_shared":true,"jetpack_social_options":{"image_generator_settings":{"template":"highway","default_image_id":0,"font":"","enabled":false},"version":2}},"categories":[19],"tags":[],"class_list":["post-15936","post","type-post","status-publish","format-standard","has-post-thumbnail","hentry","category-variedades"],"jetpack_publicize_connections":[],"jetpack_featured_media_url":"https:\/\/i0.wp.com\/noticiasribeiraopreto.com.br\/wp-content\/uploads\/2023\/12\/1702582499_atencao-o-governo-nao-enquadra-mais-essas-atividades-como-mei.jpg?fit=1200%2C638&ssl=1","jetpack-related-posts":[{"id":67772,"url":"https:\/\/noticiasribeiraopreto.com.br\/index.php\/2025\/04\/18\/jornal-da-franca-franca-tem-quase-mil-meis-que-trabalham-com-produtos-para-a-pascoa-diz-sebrae\/","url_meta":{"origin":15936,"position":0},"title":"Jornal da Franca &#8211; Franca tem quase mil MEIs que trabalham com produtos para a P\u00e1scoa, diz Sebrae","author":"noticiasribeiraopreto.com.br","date":"18 de April de 2025","format":false,"excerpt":"compartilhar no whatsapp compartilhar no telegram compartilhar no facebook compartilhar no linkedin Segundo levantamento feito pelo Sebrae-SP, a regi\u00e3o de Franca tem 2.098 MEIs em atividades relacionadas ao chocolate O n\u00famero de Microempreendedores Individuais (MEIs) envolvidos com atividades relacionadas com a P\u00e1scoa cresceu 57,8% no per\u00edodo de cinco anos, entre\u2026","rel":"","context":"In &quot;Not\u00edcias de Franca-SP&quot;","block_context":{"text":"Not\u00edcias de Franca-SP","link":"https:\/\/noticiasribeiraopreto.com.br\/index.php\/category\/noticias-de-ribeirao-preto-sp-e-regiao-ismael-colosi\/noticias-franca-sp\/"},"img":{"alt_text":"","src":"https:\/\/i0.wp.com\/noticiasribeiraopreto.com.br\/wp-content\/uploads\/2025\/04\/42194.jpg?fit=1000%2C667&ssl=1&resize=350%2C200","width":350,"height":200,"srcset":"https:\/\/i0.wp.com\/noticiasribeiraopreto.com.br\/wp-content\/uploads\/2025\/04\/42194.jpg?fit=1000%2C667&ssl=1&resize=350%2C200 1x, https:\/\/i0.wp.com\/noticiasribeiraopreto.com.br\/wp-content\/uploads\/2025\/04\/42194.jpg?fit=1000%2C667&ssl=1&resize=525%2C300 1.5x, https:\/\/i0.wp.com\/noticiasribeiraopreto.com.br\/wp-content\/uploads\/2025\/04\/42194.jpg?fit=1000%2C667&ssl=1&resize=700%2C400 2x"},"classes":[]},{"id":67714,"url":"https:\/\/noticiasribeiraopreto.com.br\/index.php\/2025\/04\/17\/concorrencia-para-meis-que-vendem-produtos-para-a-pascoa-cresce-mais-de-50-na-regiao-de-franca\/","url_meta":{"origin":15936,"position":1},"title":"Concorr\u00eancia para MEIs que vendem produtos para a P\u00e1scoa cresce mais de 50% na regi\u00e3o de Franca","author":"noticiasribeiraopreto.com.br","date":"17 de April de 2025","format":false,"excerpt":"O n\u00famero de Microempreendedores Individuais (MEIs) envolvidos com atividades relacionadas com a P\u00e1scoa cresceu 57,8% no per\u00edodo de cinco anos, entre 2019 e 2024, na regi\u00e3o de Franca. Levantamento feito pelo Sebrae-SP envolve as \u00e1reas de fabrica\u00e7\u00e3o de produtos derivados do cacau e do chocolate, al\u00e9m de confeitarias e com\u00e9rcio\u2026","rel":"","context":"In &quot;Not\u00edcias de Franca-SP&quot;","block_context":{"text":"Not\u00edcias de Franca-SP","link":"https:\/\/noticiasribeiraopreto.com.br\/index.php\/category\/noticias-de-ribeirao-preto-sp-e-regiao-ismael-colosi\/noticias-franca-sp\/"},"img":{"alt_text":"","src":"https:\/\/i0.wp.com\/noticiasribeiraopreto.com.br\/wp-content\/uploads\/2025\/04\/chocolate.png?fit=700%2C410&ssl=1&resize=350%2C200","width":350,"height":200,"srcset":"https:\/\/i0.wp.com\/noticiasribeiraopreto.com.br\/wp-content\/uploads\/2025\/04\/chocolate.png?fit=700%2C410&ssl=1&resize=350%2C200 1x, https:\/\/i0.wp.com\/noticiasribeiraopreto.com.br\/wp-content\/uploads\/2025\/04\/chocolate.png?fit=700%2C410&ssl=1&resize=525%2C300 1.5x, https:\/\/i0.wp.com\/noticiasribeiraopreto.com.br\/wp-content\/uploads\/2025\/04\/chocolate.png?fit=700%2C410&ssl=1&resize=700%2C400 2x"},"classes":[]},{"id":18851,"url":"https:\/\/noticiasribeiraopreto.com.br\/index.php\/2023\/12\/21\/governo-prepara-condicoes-surpreendentes-para-quem-e-mei-em-2024\/","url_meta":{"origin":15936,"position":2},"title":"Governo prepara condi\u00e7\u00f5es SURPREENDENTES para quem \u00e9 MEI em 2024","author":"noticiasribeiraopreto.com.br","date":"21 de December de 2023","format":false,"excerpt":"O Ministro do Empreendedorismo, M\u00e1rcio Fran\u00e7a (PSB), revelou planos para reformular as regras de faturamento do Microempreendedor Individual (MEI). Segundo Fran\u00e7a, a proposta visa incentivar os empreendedores a contribuir mais para a Previd\u00eancia, o que resultaria em benef\u00edcios de aposentadoria mais substanciais. Cr\u00e9ditos: Istock\/FG TradeGoverno prepara condi\u00e7\u00f5es SURPREENDENTES para quem\u2026","rel":"","context":"In &quot;Variedades&quot;","block_context":{"text":"Variedades","link":"https:\/\/noticiasribeiraopreto.com.br\/index.php\/category\/variedades\/"},"img":{"alt_text":"","src":"https:\/\/i0.wp.com\/noticiasribeiraopreto.com.br\/wp-content\/uploads\/2023\/12\/1703153895_istock-1416831637.jpg?fit=1200%2C638&ssl=1&resize=350%2C200","width":350,"height":200,"srcset":"https:\/\/i0.wp.com\/noticiasribeiraopreto.com.br\/wp-content\/uploads\/2023\/12\/1703153895_istock-1416831637.jpg?fit=1200%2C638&ssl=1&resize=350%2C200 1x, https:\/\/i0.wp.com\/noticiasribeiraopreto.com.br\/wp-content\/uploads\/2023\/12\/1703153895_istock-1416831637.jpg?fit=1200%2C638&ssl=1&resize=525%2C300 1.5x, https:\/\/i0.wp.com\/noticiasribeiraopreto.com.br\/wp-content\/uploads\/2023\/12\/1703153895_istock-1416831637.jpg?fit=1200%2C638&ssl=1&resize=700%2C400 2x, https:\/\/i0.wp.com\/noticiasribeiraopreto.com.br\/wp-content\/uploads\/2023\/12\/1703153895_istock-1416831637.jpg?fit=1200%2C638&ssl=1&resize=1050%2C600 3x"},"classes":[]},{"id":12325,"url":"https:\/\/noticiasribeiraopreto.com.br\/index.php\/2023\/12\/07\/mudancas-na-transicao-de-mei-para-microempresa-chegam-em-breve\/","url_meta":{"origin":15936,"position":3},"title":"Mudan\u00e7as na transi\u00e7\u00e3o de MEI para microempresa chegam em breve","author":"noticiasribeiraopreto.com.br","date":"7 de December de 2023","format":false,"excerpt":"O Ministro do Empreendedorismo, M\u00e1rcio Fran\u00e7a (PSB), revelou planos para reformular as regras de faturamento do Microempreendedor Individual (MEI). Segundo Fran\u00e7a, a proposta visa incentivar os empreendedores a contribuir mais para a Previd\u00eancia, o que resultaria em benef\u00edcios de aposentadoria mais substanciais. Cr\u00e9ditos: Istock\/FG TradeMudan\u00e7as na transi\u00e7\u00e3o de MEI para\u2026","rel":"","context":"In &quot;Variedades&quot;","block_context":{"text":"Variedades","link":"https:\/\/noticiasribeiraopreto.com.br\/index.php\/category\/variedades\/"},"img":{"alt_text":"","src":"https:\/\/i0.wp.com\/noticiasribeiraopreto.com.br\/wp-content\/uploads\/2023\/12\/1701990248_istock-1416831637.jpg?fit=1200%2C638&ssl=1&resize=350%2C200","width":350,"height":200,"srcset":"https:\/\/i0.wp.com\/noticiasribeiraopreto.com.br\/wp-content\/uploads\/2023\/12\/1701990248_istock-1416831637.jpg?fit=1200%2C638&ssl=1&resize=350%2C200 1x, https:\/\/i0.wp.com\/noticiasribeiraopreto.com.br\/wp-content\/uploads\/2023\/12\/1701990248_istock-1416831637.jpg?fit=1200%2C638&ssl=1&resize=525%2C300 1.5x, https:\/\/i0.wp.com\/noticiasribeiraopreto.com.br\/wp-content\/uploads\/2023\/12\/1701990248_istock-1416831637.jpg?fit=1200%2C638&ssl=1&resize=700%2C400 2x, https:\/\/i0.wp.com\/noticiasribeiraopreto.com.br\/wp-content\/uploads\/2023\/12\/1701990248_istock-1416831637.jpg?fit=1200%2C638&ssl=1&resize=1050%2C600 3x"},"classes":[]},{"id":13722,"url":"https:\/\/noticiasribeiraopreto.com.br\/index.php\/2023\/12\/11\/microempreendedor-tera-beneficios-na-transicao-de-mei-para-microempresa\/","url_meta":{"origin":15936,"position":4},"title":"Microempreendedor ter\u00e1 benef\u00edcios na transi\u00e7\u00e3o de MEI para microempresa","author":"noticiasribeiraopreto.com.br","date":"11 de December de 2023","format":false,"excerpt":"O Ministro do Empreendedorismo, M\u00e1rcio Fran\u00e7a (PSB), revelou planos para reformular as regras de faturamento do Microempreendedor Individual (MEI). Segundo Fran\u00e7a, a proposta visa incentivar os empreendedores a contribuir mais para a Previd\u00eancia, o que resultaria em benef\u00edcios de aposentadoria mais substanciais. Cr\u00e9ditos: Istock\/Vergani_FotografiaMicroempreendedor ter\u00e1 benef\u00edcios na transi\u00e7\u00e3o de MEI\u2026","rel":"","context":"In &quot;Variedades&quot;","block_context":{"text":"Variedades","link":"https:\/\/noticiasribeiraopreto.com.br\/index.php\/category\/variedades\/"},"img":{"alt_text":"","src":"https:\/\/i0.wp.com\/noticiasribeiraopreto.com.br\/wp-content\/uploads\/2023\/12\/1702284793_istock-1482168655.jpg?fit=1200%2C638&ssl=1&resize=350%2C200","width":350,"height":200,"srcset":"https:\/\/i0.wp.com\/noticiasribeiraopreto.com.br\/wp-content\/uploads\/2023\/12\/1702284793_istock-1482168655.jpg?fit=1200%2C638&ssl=1&resize=350%2C200 1x, https:\/\/i0.wp.com\/noticiasribeiraopreto.com.br\/wp-content\/uploads\/2023\/12\/1702284793_istock-1482168655.jpg?fit=1200%2C638&ssl=1&resize=525%2C300 1.5x, https:\/\/i0.wp.com\/noticiasribeiraopreto.com.br\/wp-content\/uploads\/2023\/12\/1702284793_istock-1482168655.jpg?fit=1200%2C638&ssl=1&resize=700%2C400 2x, https:\/\/i0.wp.com\/noticiasribeiraopreto.com.br\/wp-content\/uploads\/2023\/12\/1702284793_istock-1482168655.jpg?fit=1200%2C638&ssl=1&resize=1050%2C600 3x"},"classes":[]},{"id":9082,"url":"https:\/\/noticiasribeiraopreto.com.br\/index.php\/2023\/12\/01\/a-melhor-noticia-para-quem-e-mei-e-deseja-se-aposentar-acaba-de-chegar\/","url_meta":{"origin":15936,"position":5},"title":"A melhor not\u00edcia para quem \u00e9 MEI e deseja se aposentar acaba de chegar","author":"noticiasribeiraopreto.com.br","date":"1 de December de 2023","format":false,"excerpt":"O Ministro do Empreendedorismo, M\u00e1rcio Fran\u00e7a (PSB), revelou planos para reformular as regras de faturamento do Microempreendedor Individual (MEI). Segundo Fran\u00e7a, a proposta visa incentivar os empreendedores a contribuir mais para a Previd\u00eancia, o que resultaria em benef\u00edcios de aposentadoria mais substanciais. Cr\u00e9ditos: Istock\/JLco - Julia AmaralA melhor not\u00edcia para\u2026","rel":"","context":"In &quot;Variedades&quot;","block_context":{"text":"Variedades","link":"https:\/\/noticiasribeiraopreto.com.br\/index.php\/category\/variedades\/"},"img":{"alt_text":"","src":"https:\/\/i0.wp.com\/noticiasribeiraopreto.com.br\/wp-content\/uploads\/2023\/12\/istock-1415189284.jpg?fit=1200%2C638&ssl=1&resize=350%2C200","width":350,"height":200,"srcset":"https:\/\/i0.wp.com\/noticiasribeiraopreto.com.br\/wp-content\/uploads\/2023\/12\/istock-1415189284.jpg?fit=1200%2C638&ssl=1&resize=350%2C200 1x, https:\/\/i0.wp.com\/noticiasribeiraopreto.com.br\/wp-content\/uploads\/2023\/12\/istock-1415189284.jpg?fit=1200%2C638&ssl=1&resize=525%2C300 1.5x, https:\/\/i0.wp.com\/noticiasribeiraopreto.com.br\/wp-content\/uploads\/2023\/12\/istock-1415189284.jpg?fit=1200%2C638&ssl=1&resize=700%2C400 2x, https:\/\/i0.wp.com\/noticiasribeiraopreto.com.br\/wp-content\/uploads\/2023\/12\/istock-1415189284.jpg?fit=1200%2C638&ssl=1&resize=1050%2C600 3x"},"classes":[]}],"jetpack_sharing_enabled":true,"jetpack_shortlink":"https:\/\/wp.me\/peQAOb-492","_links":{"self":[{"href":"https:\/\/noticiasribeiraopreto.com.br\/index.php\/wp-json\/wp\/v2\/posts\/15936","targetHints":{"allow":["GET"]}}],"collection":[{"href":"https:\/\/noticiasribeiraopreto.com.br\/index.php\/wp-json\/wp\/v2\/posts"}],"about":[{"href":"https:\/\/noticiasribeiraopreto.com.br\/index.php\/wp-json\/wp\/v2\/types\/post"}],"author":[{"embeddable":true,"href":"https:\/\/noticiasribeiraopreto.com.br\/index.php\/wp-json\/wp\/v2\/users\/1"}],"replies":[{"embeddable":true,"href":"https:\/\/noticiasribeiraopreto.com.br\/index.php\/wp-json\/wp\/v2\/comments?post=15936"}],"version-history":[{"count":0,"href":"https:\/\/noticiasribeiraopreto.com.br\/index.php\/wp-json\/wp\/v2\/posts\/15936\/revisions"}],"wp:featuredmedia":[{"embeddable":true,"href":"https:\/\/noticiasribeiraopreto.com.br\/index.php\/wp-json\/wp\/v2\/media\/15937"}],"wp:attachment":[{"href":"https:\/\/noticiasribeiraopreto.com.br\/index.php\/wp-json\/wp\/v2\/media?parent=15936"}],"wp:term":[{"taxonomy":"category","embeddable":true,"href":"https:\/\/noticiasribeiraopreto.com.br\/index.php\/wp-json\/wp\/v2\/categories?post=15936"},{"taxonomy":"post_tag","embeddable":true,"href":"https:\/\/noticiasribeiraopreto.com.br\/index.php\/wp-json\/wp\/v2\/tags?post=15936"}],"curies":[{"name":"wp","href":"https:\/\/api.w.org\/{rel}","templated":true}]}}