{"id":15938,"date":"2023-12-14T16:37:10","date_gmt":"2023-12-14T19:37:10","guid":{"rendered":"https:\/\/noticiasribeiraopreto.com.br\/index.php\/2023\/12\/14\/astrologa-detalha-previsao-desafiadora-de-larissa-manoela-e-andre-luiz-frambach-para-2024\/"},"modified":"2023-12-14T16:37:10","modified_gmt":"2023-12-14T19:37:10","slug":"astrologa-detalha-previsao-desafiadora-de-larissa-manoela-e-andre-luiz-frambach-para-2024","status":"publish","type":"post","link":"https:\/\/noticiasribeiraopreto.com.br\/index.php\/2023\/12\/14\/astrologa-detalha-previsao-desafiadora-de-larissa-manoela-e-andre-luiz-frambach-para-2024\/","title":{"rendered":"Astr\u00f3loga detalha previs\u00e3o desafiadora de Larissa Manoela e Andr\u00e9 Luiz Frambach para 2024"},"content":{"rendered":"<div class='code-block code-block-1' style='margin: 8px 0 8px auto; text-align: right; display: block; clear: both;'>\n<p><a href=\"https:\/\/wa.link\/vpicfd\"><img data-recalc-dims=\"1\" class=\"wp-image-4922\" style=\"aspect-ratio: 2.0253164556962027; width: 561px; height: auto;\" src=\"https:\/\/i0.wp.com\/ismaelcolosi.com.br\/wp-content\/uploads\/2023\/11\/grupo-de-empregos-whatsapp-e-facebook-ismael-colosi-vagas.jpg?ssl=1\" alt=\"\" \/><\/a><\/p>\n<!-- \/wp:image -->\n<\/div>\n<p> <br \/>\n<\/p>\n<div itemprop=\"text\">\n<p>Com o fim de ano cada vez mais pr\u00f3ximo, algumas expectativas e previs\u00f5es para o pr\u00f3ximo ano tamb\u00e9m come\u00e7am a surgir. A astr\u00f3loga Bela Medeiros deixou sua previs\u00e3o para o casal Larissa Manoela e Andr\u00e9 Frambach.<\/p>\n<p>Segundo ela, em entrevista para o jornal Extra, mesmo tendo passado por desafios no ano de 2023, parece que v\u00eam mais coisas por a\u00ed no pr\u00f3ximo ano para o casal.<\/p>\n<p>\u201dLarissa deve olhar mais pra dentro e trabalhar essa necessidade de depender do outro, j\u00e1 que Andr\u00e9 nem sempre estar\u00e1 dispon\u00edvel. E tudo isso pode gerar atrito ou ci\u00fame. Ainda n\u00e3o d\u00e1 para saber se vai ter uma grande briga ou separa\u00e7\u00e3o, mas deve ter estresse entre eles\u201d.<\/p>\n<p>A astr\u00f3loga chamou aten\u00e7\u00e3o para o comportamento diferenciado de ambos. Segundo ela, com V\u00eanus em Capric\u00f3rnio, o comportamento de Andr\u00e9 ser\u00e1 de menos intera\u00e7\u00e3o, ao contr\u00e1rio dela.<\/p>\n<p>Ela tamb\u00e9m falou sobre o futuro financeiro do casal. Para ela, a estabilidade financeira deve alcan\u00e7ar Andr\u00e9. J\u00e1 a atriz estar\u00e1 em um momento de crescimento pessoal.<\/p>\n<p>Para finalizar, Bela aconselha o casal a dar mais aten\u00e7\u00e3o e prioridade aos momentos \u00e0 dois, mesmo em meio aos grandes acontecimentos, inclusive em trabalho juntos.<\/p>\n<p>Os dois est\u00e3o juntos no filme \u2018T\u00e1 Escrito\u2019. O filme de com\u00e9dia brasileira \u00e9 dirigido por Matheus Souza. Larissa Manoela dar\u00e1 vida a Alice, jovem estudante de publicidade que quer se tornar uma Influenciadora digital de sucesso e luta para isso.<\/p>\n<\/div>\n<p><br \/>\n<br \/><a href=\"https:\/\/fnmais.com\/astrologa-detalha-previsao-desafiadora-larissa-manoela-andre-luiz-frambach-para-2024\/\">Source link <\/a><\/p>\n<!-- CONTENT END 1 -->\n","protected":false},"excerpt":{"rendered":"<p>Com o fim de ano cada vez mais pr\u00f3ximo, algumas expectativas e previs\u00f5es para o pr\u00f3ximo ano tamb\u00e9m come\u00e7am a surgir. A astr\u00f3loga Bela Medeiros&#8230;<\/p>\n","protected":false},"author":1,"featured_media":15939,"comment_status":"open","ping_status":"open","sticky":false,"template":"","format":"standard","meta":{"advanced_seo_description":"","jetpack_seo_html_title":"","jetpack_seo_noindex":false,"jetpack_post_was_ever_published":false,"_jetpack_newsletter_access":"","_jetpack_dont_email_post_to_subs":false,"_jetpack_newsletter_tier_id":0,"_jetpack_memberships_contains_paywalled_content":false,"_jetpack_memberships_contains_paid_content":false,"footnotes":"","jetpack_publicize_message":"","jetpack_publicize_feature_enabled":true,"jetpack_social_post_already_shared":true,"jetpack_social_options":{"image_generator_settings":{"template":"highway","default_image_id":0,"font":"","enabled":false},"version":2}},"categories":[1],"tags":[],"class_list":["post-15938","post","type-post","status-publish","format-standard","has-post-thumbnail","hentry","category-blog"],"jetpack_publicize_connections":[],"jetpack_featured_media_url":"https:\/\/i0.wp.com\/noticiasribeiraopreto.com.br\/wp-content\/uploads\/2023\/12\/postimg-657b3c1f9d81b1509.jpg?fit=1200%2C628&ssl=1","jetpack-related-posts":[{"id":16616,"url":"https:\/\/noticiasribeiraopreto.com.br\/index.php\/2023\/12\/15\/pais-de-larissa-manoela-pagaram-mae-de-santo-para-separar-a-filha-de-andre-luiz-afirma-jornalista-que-expoe-prints-das-conversas\/","url_meta":{"origin":15938,"position":0},"title":"Pais de Larissa Manoela pagaram M\u00e3e de Santo para separar a filha de Andr\u00e9 Luiz, afirma jornalista que exp\u00f5e prints das conversas","author":"noticiasribeiraopreto.com.br","date":"15 de December de 2023","format":false,"excerpt":"A separa\u00e7\u00e3o entre Larissa Manoela e seus pais, Silvana Taques e Gilberto Elias, continua gerando muita pol\u00eamica e uma enorme repercuss\u00f5es nos bastidores da fama.Al\u00e9m das quest\u00f5es financeiras envolvendo a atriz, outro fator que contribuiu para o distanciamento familiar foi o relacionamento da artista com Luiz Andr\u00e9 Frambach.A coluna F\u00e1bia\u2026","rel":"","context":"In &quot;Blog&quot;","block_context":{"text":"Blog","link":"https:\/\/noticiasribeiraopreto.com.br\/index.php\/category\/blog\/"},"img":{"alt_text":"","src":"https:\/\/i0.wp.com\/noticiasribeiraopreto.com.br\/wp-content\/uploads\/2023\/12\/postimg-657d07312791d6438.jpg?fit=1200%2C628&ssl=1&resize=350%2C200","width":350,"height":200,"srcset":"https:\/\/i0.wp.com\/noticiasribeiraopreto.com.br\/wp-content\/uploads\/2023\/12\/postimg-657d07312791d6438.jpg?fit=1200%2C628&ssl=1&resize=350%2C200 1x, https:\/\/i0.wp.com\/noticiasribeiraopreto.com.br\/wp-content\/uploads\/2023\/12\/postimg-657d07312791d6438.jpg?fit=1200%2C628&ssl=1&resize=525%2C300 1.5x, https:\/\/i0.wp.com\/noticiasribeiraopreto.com.br\/wp-content\/uploads\/2023\/12\/postimg-657d07312791d6438.jpg?fit=1200%2C628&ssl=1&resize=700%2C400 2x, https:\/\/i0.wp.com\/noticiasribeiraopreto.com.br\/wp-content\/uploads\/2023\/12\/postimg-657d07312791d6438.jpg?fit=1200%2C628&ssl=1&resize=1050%2C600 3x"},"classes":[]},{"id":7096,"url":"https:\/\/noticiasribeiraopreto.com.br\/index.php\/2023\/11\/27\/larissa-manoela-conta-momento-em-que-consulta-os-astros-para-entender-relacionamento\/","url_meta":{"origin":15938,"position":1},"title":"Larissa Manoela conta momento em que consulta os astros para entender relacionamento","author":"noticiasribeiraopreto.com.br","date":"27 de November de 2023","format":false,"excerpt":"Existem v\u00e1rias maneiras de se manter no controle da situa\u00e7\u00e3o. Uma delas, \u00e9 atrav\u00e9s dos astros. Muitas pessoas recorrem a astrologia para conseguir informa\u00e7\u00f5es valiosas sobre sua vida.Larissa Manoela foi uma das que recorreu a astrologia para manter o controle. Mas isso apenas na fic\u00e7\u00e3o. A atriz contou como foi\u2026","rel":"","context":"In &quot;Blog&quot;","block_context":{"text":"Blog","link":"https:\/\/noticiasribeiraopreto.com.br\/index.php\/category\/blog\/"},"img":{"alt_text":"","src":"https:\/\/i0.wp.com\/noticiasribeiraopreto.com.br\/wp-content\/uploads\/2023\/11\/postimg-6564d5b5ed2d43347.jpg?fit=1200%2C628&ssl=1&resize=350%2C200","width":350,"height":200,"srcset":"https:\/\/i0.wp.com\/noticiasribeiraopreto.com.br\/wp-content\/uploads\/2023\/11\/postimg-6564d5b5ed2d43347.jpg?fit=1200%2C628&ssl=1&resize=350%2C200 1x, https:\/\/i0.wp.com\/noticiasribeiraopreto.com.br\/wp-content\/uploads\/2023\/11\/postimg-6564d5b5ed2d43347.jpg?fit=1200%2C628&ssl=1&resize=525%2C300 1.5x, https:\/\/i0.wp.com\/noticiasribeiraopreto.com.br\/wp-content\/uploads\/2023\/11\/postimg-6564d5b5ed2d43347.jpg?fit=1200%2C628&ssl=1&resize=700%2C400 2x, https:\/\/i0.wp.com\/noticiasribeiraopreto.com.br\/wp-content\/uploads\/2023\/11\/postimg-6564d5b5ed2d43347.jpg?fit=1200%2C628&ssl=1&resize=1050%2C600 3x"},"classes":[]},{"id":26795,"url":"https:\/\/noticiasribeiraopreto.com.br\/index.php\/2024\/01\/10\/recem-casada-larissa-manoela-faz-cliques-ousados-em-dia-de-praia-com-o-marido\/","url_meta":{"origin":15938,"position":2},"title":"Rec\u00e9m casada, Larissa Manoela faz cliques ousados em dia de praia com o marido","author":"noticiasribeiraopreto.com.br","date":"10 de January de 2024","format":false,"excerpt":"O ver\u00e3o t\u00e1 mais do que on no Rio de Janeiro. Conhecida pela cidade dos 40 \u00baC, a cidade maravilhosa n\u00e3o decepciona quando o quesito \u00e9 fornecer aquele belo dia de sol \u00e0 beira mar.V\u00e1rios artistas tem aproveitado os dias quentes na capital para renovar as marquinhas e aproveitar momentos\u2026","rel":"","context":"In &quot;Blog&quot;","block_context":{"text":"Blog","link":"https:\/\/noticiasribeiraopreto.com.br\/index.php\/category\/blog\/"},"img":{"alt_text":"","src":"https:\/\/i0.wp.com\/noticiasribeiraopreto.com.br\/wp-content\/uploads\/2024\/01\/postimg-659ed4436707a3304.jpg?fit=1200%2C628&ssl=1&resize=350%2C200","width":350,"height":200,"srcset":"https:\/\/i0.wp.com\/noticiasribeiraopreto.com.br\/wp-content\/uploads\/2024\/01\/postimg-659ed4436707a3304.jpg?fit=1200%2C628&ssl=1&resize=350%2C200 1x, https:\/\/i0.wp.com\/noticiasribeiraopreto.com.br\/wp-content\/uploads\/2024\/01\/postimg-659ed4436707a3304.jpg?fit=1200%2C628&ssl=1&resize=525%2C300 1.5x, https:\/\/i0.wp.com\/noticiasribeiraopreto.com.br\/wp-content\/uploads\/2024\/01\/postimg-659ed4436707a3304.jpg?fit=1200%2C628&ssl=1&resize=700%2C400 2x, https:\/\/i0.wp.com\/noticiasribeiraopreto.com.br\/wp-content\/uploads\/2024\/01\/postimg-659ed4436707a3304.jpg?fit=1200%2C628&ssl=1&resize=1050%2C600 3x"},"classes":[]},{"id":17594,"url":"https:\/\/noticiasribeiraopreto.com.br\/index.php\/2023\/12\/18\/larissa-manoela-se-casou-escondido-sem-avisar-ninguem-fotos\/","url_meta":{"origin":15938,"position":3},"title":"Larissa Manoela se casou escondido, sem avisar ningu\u00e9m; fotos","author":"noticiasribeiraopreto.com.br","date":"18 de December de 2023","format":false,"excerpt":"Nesta segunda-feira, dia 18 de dezembro, a famosa atriz Larissa Manoela chamou aten\u00e7\u00e3o de seus f\u00e3s ao compartilhar a not\u00edcia de seu casamento com o ator Andr\u00e9 Luiz Frambach. A cerim\u00f4nia foi exposta ap\u00f3s a artista ter compartilhado alguma fotos.O casamento secreto teria acontecido neste domingo, dia 17 de dezembro,\u2026","rel":"","context":"In &quot;Blog&quot;","block_context":{"text":"Blog","link":"https:\/\/noticiasribeiraopreto.com.br\/index.php\/category\/blog\/"},"img":{"alt_text":"","src":"https:\/\/i0.wp.com\/noticiasribeiraopreto.com.br\/wp-content\/uploads\/2023\/12\/postimg-6580a2eb636541890.jpg?fit=1200%2C628&ssl=1&resize=350%2C200","width":350,"height":200,"srcset":"https:\/\/i0.wp.com\/noticiasribeiraopreto.com.br\/wp-content\/uploads\/2023\/12\/postimg-6580a2eb636541890.jpg?fit=1200%2C628&ssl=1&resize=350%2C200 1x, https:\/\/i0.wp.com\/noticiasribeiraopreto.com.br\/wp-content\/uploads\/2023\/12\/postimg-6580a2eb636541890.jpg?fit=1200%2C628&ssl=1&resize=525%2C300 1.5x, https:\/\/i0.wp.com\/noticiasribeiraopreto.com.br\/wp-content\/uploads\/2023\/12\/postimg-6580a2eb636541890.jpg?fit=1200%2C628&ssl=1&resize=700%2C400 2x, https:\/\/i0.wp.com\/noticiasribeiraopreto.com.br\/wp-content\/uploads\/2023\/12\/postimg-6580a2eb636541890.jpg?fit=1200%2C628&ssl=1&resize=1050%2C600 3x"},"classes":[]},{"id":17930,"url":"https:\/\/noticiasribeiraopreto.com.br\/index.php\/2023\/12\/19\/cunhada-de-larissa-manoela-faz-declaracao-apos-casamento-me-acabo-de-chorar\/","url_meta":{"origin":15938,"position":4},"title":"Cunhada de Larissa Manoela faz declara\u00e7\u00e3o ap\u00f3s casamento: \u201cMe acabo de chorar\u201d","author":"noticiasribeiraopreto.com.br","date":"19 de December de 2023","format":false,"excerpt":"Al\u00e9m de reafirmarem mais ainda o noivado ap\u00f3s o epis\u00f3dio envolvendo a fam\u00edlia de Larissa Manoela, o casal resolveu trocar as alian\u00e7as em uma cerim\u00f4nia \u2018secreta\u2019.Ningu\u00e9m ficou sabendo quando e como seria o casamento dos dois. Eles surpreenderam o p\u00fablico com fotos registradas do momento, ao aparecerem oficialmente casados.As fotos\u2026","rel":"","context":"In &quot;Blog&quot;","block_context":{"text":"Blog","link":"https:\/\/noticiasribeiraopreto.com.br\/index.php\/category\/blog\/"},"img":{"alt_text":"","src":"https:\/\/i0.wp.com\/noticiasribeiraopreto.com.br\/wp-content\/uploads\/2023\/12\/postimg-6581b37cf2b533632.jpg?fit=1200%2C628&ssl=1&resize=350%2C200","width":350,"height":200,"srcset":"https:\/\/i0.wp.com\/noticiasribeiraopreto.com.br\/wp-content\/uploads\/2023\/12\/postimg-6581b37cf2b533632.jpg?fit=1200%2C628&ssl=1&resize=350%2C200 1x, https:\/\/i0.wp.com\/noticiasribeiraopreto.com.br\/wp-content\/uploads\/2023\/12\/postimg-6581b37cf2b533632.jpg?fit=1200%2C628&ssl=1&resize=525%2C300 1.5x, https:\/\/i0.wp.com\/noticiasribeiraopreto.com.br\/wp-content\/uploads\/2023\/12\/postimg-6581b37cf2b533632.jpg?fit=1200%2C628&ssl=1&resize=700%2C400 2x, https:\/\/i0.wp.com\/noticiasribeiraopreto.com.br\/wp-content\/uploads\/2023\/12\/postimg-6581b37cf2b533632.jpg?fit=1200%2C628&ssl=1&resize=1050%2C600 3x"},"classes":[]},{"id":23652,"url":"https:\/\/noticiasribeiraopreto.com.br\/index.php\/2024\/01\/02\/apos-foto-suspeita-larissa-manoela-abre-o-jogo-e-fala-sobre-noticia-da-chegada-de-primeiro-filho\/","url_meta":{"origin":15938,"position":5},"title":"Ap\u00f3s foto suspeita, Larissa Manoela abre o jogo e fala sobre not\u00edcia da chegada de primeiro filho","author":"noticiasribeiraopreto.com.br","date":"2 de January de 2024","format":false,"excerpt":"Larissa Manoela, renomada atriz brasileira, que recentemente oficializou sua uni\u00e3o com o ator Andr\u00e9 Luiz Frambach em uma cerim\u00f4nia discreta, quebrou o sil\u00eancio sobre os crescentes rumores que circulavam nas redes sociais sobre uma suposta gravidez.Os boatos ganharam for\u00e7a quando imagens de uma celebra\u00e7\u00e3o de Ano Novo foram compartilhadas pela\u2026","rel":"","context":"In &quot;Blog&quot;","block_context":{"text":"Blog","link":"https:\/\/noticiasribeiraopreto.com.br\/index.php\/category\/blog\/"},"img":{"alt_text":"","src":"https:\/\/i0.wp.com\/noticiasribeiraopreto.com.br\/wp-content\/uploads\/2024\/01\/postimg-65948d8a8c9207081.jpg?fit=1200%2C628&ssl=1&resize=350%2C200","width":350,"height":200,"srcset":"https:\/\/i0.wp.com\/noticiasribeiraopreto.com.br\/wp-content\/uploads\/2024\/01\/postimg-65948d8a8c9207081.jpg?fit=1200%2C628&ssl=1&resize=350%2C200 1x, https:\/\/i0.wp.com\/noticiasribeiraopreto.com.br\/wp-content\/uploads\/2024\/01\/postimg-65948d8a8c9207081.jpg?fit=1200%2C628&ssl=1&resize=525%2C300 1.5x, https:\/\/i0.wp.com\/noticiasribeiraopreto.com.br\/wp-content\/uploads\/2024\/01\/postimg-65948d8a8c9207081.jpg?fit=1200%2C628&ssl=1&resize=700%2C400 2x, https:\/\/i0.wp.com\/noticiasribeiraopreto.com.br\/wp-content\/uploads\/2024\/01\/postimg-65948d8a8c9207081.jpg?fit=1200%2C628&ssl=1&resize=1050%2C600 3x"},"classes":[]}],"jetpack_sharing_enabled":true,"jetpack_shortlink":"https:\/\/wp.me\/peQAOb-494","_links":{"self":[{"href":"https:\/\/noticiasribeiraopreto.com.br\/index.php\/wp-json\/wp\/v2\/posts\/15938","targetHints":{"allow":["GET"]}}],"collection":[{"href":"https:\/\/noticiasribeiraopreto.com.br\/index.php\/wp-json\/wp\/v2\/posts"}],"about":[{"href":"https:\/\/noticiasribeiraopreto.com.br\/index.php\/wp-json\/wp\/v2\/types\/post"}],"author":[{"embeddable":true,"href":"https:\/\/noticiasribeiraopreto.com.br\/index.php\/wp-json\/wp\/v2\/users\/1"}],"replies":[{"embeddable":true,"href":"https:\/\/noticiasribeiraopreto.com.br\/index.php\/wp-json\/wp\/v2\/comments?post=15938"}],"version-history":[{"count":0,"href":"https:\/\/noticiasribeiraopreto.com.br\/index.php\/wp-json\/wp\/v2\/posts\/15938\/revisions"}],"wp:featuredmedia":[{"embeddable":true,"href":"https:\/\/noticiasribeiraopreto.com.br\/index.php\/wp-json\/wp\/v2\/media\/15939"}],"wp:attachment":[{"href":"https:\/\/noticiasribeiraopreto.com.br\/index.php\/wp-json\/wp\/v2\/media?parent=15938"}],"wp:term":[{"taxonomy":"category","embeddable":true,"href":"https:\/\/noticiasribeiraopreto.com.br\/index.php\/wp-json\/wp\/v2\/categories?post=15938"},{"taxonomy":"post_tag","embeddable":true,"href":"https:\/\/noticiasribeiraopreto.com.br\/index.php\/wp-json\/wp\/v2\/tags?post=15938"}],"curies":[{"name":"wp","href":"https:\/\/api.w.org\/{rel}","templated":true}]}}