{"id":15965,"date":"2023-12-14T17:23:37","date_gmt":"2023-12-14T20:23:37","guid":{"rendered":"https:\/\/noticiasribeiraopreto.com.br\/index.php\/2023\/12\/14\/ribeirao-preto-tem-feirao-para-adocao-de-caes-e-gatos-neste-sabado-veja-como-adotar\/"},"modified":"2023-12-14T17:23:37","modified_gmt":"2023-12-14T20:23:37","slug":"ribeirao-preto-tem-feirao-para-adocao-de-caes-e-gatos-neste-sabado-veja-como-adotar","status":"publish","type":"post","link":"https:\/\/noticiasribeiraopreto.com.br\/index.php\/2023\/12\/14\/ribeirao-preto-tem-feirao-para-adocao-de-caes-e-gatos-neste-sabado-veja-como-adotar\/","title":{"rendered":"Ribeir\u00e3o Preto tem feira para ado\u00e7\u00e3o de c\u00e3es e gatos neste s\u00e1bado; Veja como adotar"},"content":{"rendered":"<div class='code-block code-block-1' style='margin: 8px 0 8px auto; text-align: right; display: block; clear: both;'>\n<p><a href=\"https:\/\/wa.link\/vpicfd\"><img data-recalc-dims=\"1\" class=\"wp-image-4922\" style=\"aspect-ratio: 2.0253164556962027; width: 561px; height: auto;\" src=\"https:\/\/i0.wp.com\/ismaelcolosi.com.br\/wp-content\/uploads\/2023\/11\/grupo-de-empregos-whatsapp-e-facebook-ismael-colosi-vagas.jpg?ssl=1\" alt=\"\" \/><\/a><\/p>\n<!-- \/wp:image -->\n<\/div>\n<p> <br \/>\n<\/p>\n<div>\n<p>A <strong>Divis\u00e3o de Bem-Estar Animal (DBEA)<\/strong> de <strong>Ribeir\u00e3o Preto<\/strong> realiza, neste s\u00e1bado (16), das 9h \u00e0s 14h, na sede da divis\u00e3o, <strong>um feir\u00e3o para ado\u00e7\u00e3o de c\u00e3es e gatos de todas as idades.<\/strong><\/p>\n<p>A conviv\u00eancia com animais de estima\u00e7\u00e3o proporciona momentos de alegria no dia a dia, al\u00e9m de in\u00fameros <strong>benef\u00edcios \u00e0 sa\u00fade f\u00edsica e mental<\/strong>, contudo, \u00e9 importante ter em mente que <strong>adotar um pet exige algumas responsabilidades.<\/strong><\/p>\n<blockquote class=\"wp-block-quote\">\n<p class=\"has-text-align-left\">\u201cUm animal vive em m\u00e9dia 15 anos e \u00e9 preciso entender que nesse per\u00edodo ele estar\u00e1 sob os cuidados do seu tutor, que deve prestar todo o apoio necess\u00e1rio, garantindo o bem-estar desse pet\u201d, disse Guilherme Canicero, chefe da DBEA.<\/p>\n<\/blockquote>\n<p>De acordo com o \u00f3rg\u00e3o, <strong>mais de 100 animais est\u00e3o dispon\u00edveis para ado\u00e7\u00e3o<\/strong>. <mark style=\"background-color:#fcb900\" class=\"has-inline-color\">S\u00e3o c\u00e3es e gatos de todas as idades e tamanhos, que j\u00e1 est\u00e3o vacinados e vermifugados, aguardando apenas uma nova fam\u00edlia.<\/mark><\/p>\n<h4 class=\"wp-block-heading\"><strong>Como realizar a ado\u00e7\u00e3o?<\/strong><\/h4>\n<p>Para realizar a ado\u00e7\u00e3o de alguns destes animais, os interessados devem comparecer at\u00e9 a <strong>DBEA<\/strong>, na avenida Eduardo Andrea Matarazzo (Via Norte), n\u00ba4255, e apresentar um <strong>documento com foto e comprovante de resid\u00eancia<\/strong>.<\/p>\n<p>Vale ressaltar que, no momento da ado\u00e7\u00e3o, os interessados <strong>passam por uma entrevista para avaliar as condi\u00e7\u00f5es de guarda do cachorro ou gato<\/strong> e assinam um <strong>termo de responsabilidade sobre o animal<\/strong>. De acordo com o chefe da divis\u00e3o, alguns dos pontos analisados s\u00e3o:<\/p>\n<ul>\n<li>Consentimento de toda a fam\u00edlia para a ado\u00e7\u00e3o;<\/li>\n<\/ul>\n<ul>\n<li>Condi\u00e7\u00f5es financeiras e tempo dispon\u00edvel para cuidado do animal;<\/li>\n<\/ul>\n<ul>\n<li>Seguran\u00e7a e espa\u00e7o onde o animal viver\u00e1.<\/li>\n<\/ul>\n<p>Tamb\u00e9m \u00e9 orientado aos adotantes <strong>levarem guias<\/strong>, para quem tem interesse por um <strong>c\u00e3ozinho<\/strong>, e <strong>caixa de transporte<\/strong>, para quem quer aumentar a fam\u00edlia com um <strong>gatinho<\/strong>.<strong> <\/strong>Mais informa\u00e7\u00f5es podem ser obtidas pelo telefone (16) 3628-2778.<\/p>\n<h4 class=\"wp-block-heading\"><strong>Servi\u00e7o<\/strong><\/h4>\n<p><em>Feira de Ado\u00e7\u00e3o<\/em><\/p>\n<p>Data: S\u00e1bado, 16 de dezembro<\/p>\n<p>Hora: 9 \u00e0s 14h<\/p>\n<p>Local: Divis\u00e3o de Bem-Estar Animal<\/p>\n<p>Endere\u00e7o: avenida Eduardo Andrea Matarazzo (Via Norte), n\u00ba4255<\/p>\n<p>VEJA TAMB\u00c9M<\/p>\n<p>Veja quando come\u00e7am as inscri\u00e7\u00f5es do \u2018Enem dos concursos\u2019; Ribeir\u00e3o vai receber provas<\/p>\n<h4 class=\"wp-block-heading\"><strong><mark style=\"background-color:#fcb900\" class=\"has-inline-color\">FIQUE ON<\/mark><\/strong><\/h4>\n<p>Fique ligado em tudo que acontece em Ribeir\u00e3o Preto e regi\u00e3o. Siga os perfis do<strong>\u00a0acidade on<\/strong>\u00a0no\u00a0<a href=\"https:\/\/www.instagram.com\/acidadeonribeirao\" target=\"_blank\" rel=\"noreferrer noopener\">Instagram\u00a0<\/a>e no\u00a0<a href=\"https:\/\/www.facebook.com\/acidadeonribeirao\" target=\"_blank\" rel=\"noreferrer noopener\">Facebook.<\/a><\/p>\n<p>Receba not\u00edcias do<strong>\u00a0acidade on\u00a0<\/strong>no WhatsApp.\u00a0<a href=\"https:\/\/chat.whatsapp.com\/Bnv2w66ZT4VDyZW3oiZ69n\" target=\"_blank\" rel=\"noreferrer noopener\">Para entrar no grupo, basta clicar aqui.<\/a><\/p>\n<p>Fa\u00e7a uma den\u00fancia ou sugira uma reportagem sobre a Ribeir\u00e3o Preto e regi\u00e3o pelo WhatsApp: (16) 99117 7802.<\/p>\n<p>LEIA MAIS<\/p>\n<p><a href=\"https:\/\/www.tudoep.com\/tudo-pets\/tudo-pets\/dezembro-verde\/NOT,0,0,1868768,alesp-adia-para-2024-votacao-de-emenda-sobre-bem-estar-animal.aspx\" target=\"_blank\" rel=\"noreferrer noopener\">Alesp adia para 2024 vota\u00e7\u00e3o de emenda sobre bem-estar animal<\/a><\/p>\n<p><!-- AI CONTENT END 1 -->\n<\/div>\n<p><script async src=\"\/\/www.instagram.com\/embed.js\"><\/script><br \/>\n<br \/><br \/>\n<br \/><a href=\"https:\/\/www.acidadeon.com\/ribeiraopreto\/cotidiano\/ribeirao-preto-tem-feirao-para-adocao-de-caes-e-gatos-neste-sabado-veja-como-adotar\/\">Source link <\/a><\/p>\n<!-- CONTENT END 1 -->\n","protected":false},"excerpt":{"rendered":"<p>A Divis\u00e3o de Bem-Estar Animal (DBEA) de Ribeir\u00e3o Preto realiza, neste s\u00e1bado (16), das 9h \u00e0s 14h, na sede da divis\u00e3o, um feir\u00e3o para ado\u00e7\u00e3o&#8230;<\/p>\n","protected":false},"author":1,"featured_media":15966,"comment_status":"open","ping_status":"open","sticky":false,"template":"","format":"standard","meta":{"advanced_seo_description":"","jetpack_seo_html_title":"","jetpack_seo_noindex":false,"jetpack_post_was_ever_published":false,"_jetpack_newsletter_access":"","_jetpack_dont_email_post_to_subs":false,"_jetpack_newsletter_tier_id":0,"_jetpack_memberships_contains_paywalled_content":false,"_jetpack_memberships_contains_paid_content":false,"footnotes":"","jetpack_publicize_message":"","jetpack_publicize_feature_enabled":true,"jetpack_social_post_already_shared":true,"jetpack_social_options":{"image_generator_settings":{"template":"highway","default_image_id":0,"font":"","enabled":false},"version":2}},"categories":[11],"tags":[1247,2171,1248,265,202,1249,263,71,27,26,264,162,48],"class_list":["post-15965","post","type-post","status-publish","format-standard","has-post-thumbnail","hentry","category-noticias-de-ribeirao-preto-sp-e-regiao-ismael-colosi","tag-adocao","tag-adotar","tag-caes","tag-como","tag-feira","tag-gatos","tag-neste","tag-para","tag-preto","tag-ribeirao","tag-sabado","tag-tem","tag-veja"],"jetpack_publicize_connections":[],"jetpack_featured_media_url":"https:\/\/i0.wp.com\/noticiasribeiraopreto.com.br\/wp-content\/uploads\/2023\/12\/Copia-de-Copia-de-TAMANHO-EXATO-PARA-FOTOS-NO-SISTEMA-NOVO-24.png?fit=1200%2C675&ssl=1","jetpack-related-posts":[{"id":29614,"url":"https:\/\/noticiasribeiraopreto.com.br\/index.php\/2024\/01\/18\/ribeirao-tem-a-1o-feira-de-adocao-de-animais-do-ano-neste-sabado-veja-como-adotar\/","url_meta":{"origin":15965,"position":0},"title":"Ribeir\u00e3o tem a 1\u00ba Feira de Ado\u00e7\u00e3o de Animais do ano neste s\u00e1bado; Veja como adotar","author":"noticiasribeiraopreto.com.br","date":"18 de January de 2024","format":false,"excerpt":"A Divis\u00e3o de Bem-Estar Animal (DBEA) de Ribeir\u00e3o Preto realiza neste s\u00e1bado (20), a primeira feira de ado\u00e7\u00e3o de c\u00e3es e gatos do ano. O evento acontece das 9h \u00e0s 14h, na sede da divis\u00e3o, avenida Eduardo Andrea Matarazzo (Via Norte), n\u00ba4255. De acordo com a divis\u00e3o, ligada a Secretaria\u2026","rel":"","context":"In &quot;Not\u00edcias de Ribeir\u00e3o Preto-SP e Regi\u00e3o&quot;","block_context":{"text":"Not\u00edcias de Ribeir\u00e3o Preto-SP e Regi\u00e3o","link":"https:\/\/noticiasribeiraopreto.com.br\/index.php\/category\/noticias-de-ribeirao-preto-sp-e-regiao-ismael-colosi\/"},"img":{"alt_text":"","src":"https:\/\/i0.wp.com\/noticiasribeiraopreto.com.br\/wp-content\/uploads\/2024\/01\/adocao_dbea_-_foto_fernando_gonzaga_11.jpg?fit=1200%2C800&ssl=1&resize=350%2C200","width":350,"height":200,"srcset":"https:\/\/i0.wp.com\/noticiasribeiraopreto.com.br\/wp-content\/uploads\/2024\/01\/adocao_dbea_-_foto_fernando_gonzaga_11.jpg?fit=1200%2C800&ssl=1&resize=350%2C200 1x, https:\/\/i0.wp.com\/noticiasribeiraopreto.com.br\/wp-content\/uploads\/2024\/01\/adocao_dbea_-_foto_fernando_gonzaga_11.jpg?fit=1200%2C800&ssl=1&resize=525%2C300 1.5x, https:\/\/i0.wp.com\/noticiasribeiraopreto.com.br\/wp-content\/uploads\/2024\/01\/adocao_dbea_-_foto_fernando_gonzaga_11.jpg?fit=1200%2C800&ssl=1&resize=700%2C400 2x, https:\/\/i0.wp.com\/noticiasribeiraopreto.com.br\/wp-content\/uploads\/2024\/01\/adocao_dbea_-_foto_fernando_gonzaga_11.jpg?fit=1200%2C800&ssl=1&resize=1050%2C600 3x"},"classes":[]},{"id":42318,"url":"https:\/\/noticiasribeiraopreto.com.br\/index.php\/2024\/03\/13\/ribeirao-preto-tem-novo-evento-para-adocao-de-caes-e-gatos-veja-onde\/","url_meta":{"origin":15965,"position":1},"title":"Ribeir\u00e3o Preto tem novo evento para ado\u00e7\u00e3o de c\u00e3es e gatos; Veja onde","author":"noticiasribeiraopreto.com.br","date":"13 de March de 2024","format":false,"excerpt":"Ribeir\u00e3o Preto ter\u00e1 um novo evento de ado\u00e7\u00e3o de c\u00e3es e gatos, neste s\u00e1bado (16), das 09h \u00e0s 14h, na sede da Divis\u00e3o de Bem-Estar Animal (DBEA), localizada na avenida Eduardo Andrea Matarazzo (Via Norte), n\u00ba4255. De acordo com o comunicado da Prefeitura, entre filhotes e adultos, existem mais de\u2026","rel":"","context":"In &quot;Not\u00edcias de Ribeir\u00e3o Preto-SP e Regi\u00e3o&quot;","block_context":{"text":"Not\u00edcias de Ribeir\u00e3o Preto-SP e Regi\u00e3o","link":"https:\/\/noticiasribeiraopreto.com.br\/index.php\/category\/noticias-de-ribeirao-preto-sp-e-regiao-ismael-colosi\/"},"img":{"alt_text":"","src":"https:\/\/i0.wp.com\/noticiasribeiraopreto.com.br\/wp-content\/uploads\/2024\/03\/AnyConv.com__Copia-de-Copia-de-TAMANHO-EXATO-PARA-FOTOS-NO-SISTEMA-NOVO-73.webp.webp?fit=1200%2C675&ssl=1&resize=350%2C200","width":350,"height":200,"srcset":"https:\/\/i0.wp.com\/noticiasribeiraopreto.com.br\/wp-content\/uploads\/2024\/03\/AnyConv.com__Copia-de-Copia-de-TAMANHO-EXATO-PARA-FOTOS-NO-SISTEMA-NOVO-73.webp.webp?fit=1200%2C675&ssl=1&resize=350%2C200 1x, https:\/\/i0.wp.com\/noticiasribeiraopreto.com.br\/wp-content\/uploads\/2024\/03\/AnyConv.com__Copia-de-Copia-de-TAMANHO-EXATO-PARA-FOTOS-NO-SISTEMA-NOVO-73.webp.webp?fit=1200%2C675&ssl=1&resize=525%2C300 1.5x, https:\/\/i0.wp.com\/noticiasribeiraopreto.com.br\/wp-content\/uploads\/2024\/03\/AnyConv.com__Copia-de-Copia-de-TAMANHO-EXATO-PARA-FOTOS-NO-SISTEMA-NOVO-73.webp.webp?fit=1200%2C675&ssl=1&resize=700%2C400 2x, https:\/\/i0.wp.com\/noticiasribeiraopreto.com.br\/wp-content\/uploads\/2024\/03\/AnyConv.com__Copia-de-Copia-de-TAMANHO-EXATO-PARA-FOTOS-NO-SISTEMA-NOVO-73.webp.webp?fit=1200%2C675&ssl=1&resize=1050%2C600 3x"},"classes":[]},{"id":37272,"url":"https:\/\/noticiasribeiraopreto.com.br\/index.php\/2024\/02\/15\/feira-tem-mais-de-50-filhotes-de-caes-e-gatos-para-adocao-em-ribeirao\/","url_meta":{"origin":15965,"position":2},"title":"Feira tem mais de 50 filhotes de c\u00e3es e gatos para ado\u00e7\u00e3o em Ribeir\u00e3o","author":"noticiasribeiraopreto.com.br","date":"15 de February de 2024","format":false,"excerpt":"Neste s\u00e1bado (17) e domingo (18), Ribeir\u00e3o Preto recebe uma feira de ado\u00e7\u00e3o com mais de 50 filhotes de c\u00e3es e gatos. O evento acontece das 9h \u00e0s 14h, na Divis\u00e3o de Bem-Estar Animal (DBEA), na avenida Eduardo Andrea Matarazzo (Via Norte), 4.255. Os animais dispon\u00edveis para ado\u00e7\u00e3o s\u00e3o vacinados\u2026","rel":"","context":"In &quot;Not\u00edcias de Ribeir\u00e3o Preto-SP e Regi\u00e3o&quot;","block_context":{"text":"Not\u00edcias de Ribeir\u00e3o Preto-SP e Regi\u00e3o","link":"https:\/\/noticiasribeiraopreto.com.br\/index.php\/category\/noticias-de-ribeirao-preto-sp-e-regiao-ismael-colosi\/"},"img":{"alt_text":"","src":"https:\/\/i0.wp.com\/noticiasribeiraopreto.com.br\/wp-content\/uploads\/2024\/02\/animais_dbea_-_foto_guilherme_sircili_117.jpg?fit=1200%2C800&ssl=1&resize=350%2C200","width":350,"height":200,"srcset":"https:\/\/i0.wp.com\/noticiasribeiraopreto.com.br\/wp-content\/uploads\/2024\/02\/animais_dbea_-_foto_guilherme_sircili_117.jpg?fit=1200%2C800&ssl=1&resize=350%2C200 1x, https:\/\/i0.wp.com\/noticiasribeiraopreto.com.br\/wp-content\/uploads\/2024\/02\/animais_dbea_-_foto_guilherme_sircili_117.jpg?fit=1200%2C800&ssl=1&resize=525%2C300 1.5x, https:\/\/i0.wp.com\/noticiasribeiraopreto.com.br\/wp-content\/uploads\/2024\/02\/animais_dbea_-_foto_guilherme_sircili_117.jpg?fit=1200%2C800&ssl=1&resize=700%2C400 2x, https:\/\/i0.wp.com\/noticiasribeiraopreto.com.br\/wp-content\/uploads\/2024\/02\/animais_dbea_-_foto_guilherme_sircili_117.jpg?fit=1200%2C800&ssl=1&resize=1050%2C600 3x"},"classes":[]},{"id":80057,"url":"https:\/\/noticiasribeiraopreto.com.br\/index.php\/2025\/11\/13\/ribeirao-tem-feira-de-adocao-com-190-caes-e-gatos-veja-quando\/","url_meta":{"origin":15965,"position":3},"title":"Ribeir\u00e3o tem feira de ado\u00e7\u00e3o com 190 c\u00e3es e gatos; Veja quando","author":"noticiasribeiraopreto.com.br","date":"13 de November de 2025","format":false,"excerpt":"Ribeir\u00e3o Preto recebe neste s\u00e1bado (15) mais uma feira de ado\u00e7\u00e3o de c\u00e3es e gatos na Unidade de Bem-Estar Animal (antiga DBEA), localizada na avenida Eduardo Andrea Matarazzo, n\u00ba 4.255, das 9h \u00e0s 14h. Ao todo, 190 animais estar\u00e3o dispon\u00edveis para ado\u00e7\u00e3o, entre c\u00e3es e gatos, todos vacinados, vermifugados, microchipados\u2026","rel":"","context":"In &quot;Not\u00edcias de Ribeir\u00e3o Preto-SP e Regi\u00e3o&quot;","block_context":{"text":"Not\u00edcias de Ribeir\u00e3o Preto-SP e Regi\u00e3o","link":"https:\/\/noticiasribeiraopreto.com.br\/index.php\/category\/noticias-de-ribeirao-preto-sp-e-regiao-ismael-colosi\/"},"img":{"alt_text":"","src":"https:\/\/i0.wp.com\/noticiasribeiraopreto.com.br\/wp-content\/uploads\/2025\/11\/dbea_doguinhos_adocao_-_foto_guilherme_sircili_313.jpg?fit=1200%2C800&ssl=1&resize=350%2C200","width":350,"height":200,"srcset":"https:\/\/i0.wp.com\/noticiasribeiraopreto.com.br\/wp-content\/uploads\/2025\/11\/dbea_doguinhos_adocao_-_foto_guilherme_sircili_313.jpg?fit=1200%2C800&ssl=1&resize=350%2C200 1x, https:\/\/i0.wp.com\/noticiasribeiraopreto.com.br\/wp-content\/uploads\/2025\/11\/dbea_doguinhos_adocao_-_foto_guilherme_sircili_313.jpg?fit=1200%2C800&ssl=1&resize=525%2C300 1.5x, https:\/\/i0.wp.com\/noticiasribeiraopreto.com.br\/wp-content\/uploads\/2025\/11\/dbea_doguinhos_adocao_-_foto_guilherme_sircili_313.jpg?fit=1200%2C800&ssl=1&resize=700%2C400 2x, https:\/\/i0.wp.com\/noticiasribeiraopreto.com.br\/wp-content\/uploads\/2025\/11\/dbea_doguinhos_adocao_-_foto_guilherme_sircili_313.jpg?fit=1200%2C800&ssl=1&resize=1050%2C600 3x"},"classes":[]},{"id":9157,"url":"https:\/\/noticiasribeiraopreto.com.br\/index.php\/2023\/12\/01\/feira-de-adocao-de-caes-e-gatos-acontece-neste-sabado-2\/","url_meta":{"origin":15965,"position":4},"title":"Feira de ado\u00e7\u00e3o de c\u00e3es e gatos acontece neste s\u00e1bado (2)","author":"noticiasribeiraopreto.com.br","date":"1 de December de 2023","format":false,"excerpt":"1 de dezembro de 2023 | 16:0030 de novembro de 2023 | 8:25 0A Divis\u00e3o de Bem-Estar Animal, ligada a Secretaria de Meio Ambiente realiza neste s\u00e1bado, 2 de dezembro, das 9h \u00e0s 14h, um evento de ado\u00e7\u00e3o. S\u00e3o mais de 100 c\u00e3es de todas as idades e portes aguardando\u2026","rel":"","context":"In &quot;Not\u00edcias de Ribeir\u00e3o Preto-SP e Regi\u00e3o&quot;","block_context":{"text":"Not\u00edcias de Ribeir\u00e3o Preto-SP e Regi\u00e3o","link":"https:\/\/noticiasribeiraopreto.com.br\/index.php\/category\/noticias-de-ribeirao-preto-sp-e-regiao-ismael-colosi\/"},"img":{"alt_text":"","src":"https:\/\/i0.wp.com\/noticiasribeiraopreto.com.br\/wp-content\/uploads\/2023\/12\/cachorro-scaled.jpg?fit=1000%2C563&ssl=1&resize=350%2C200","width":350,"height":200,"srcset":"https:\/\/i0.wp.com\/noticiasribeiraopreto.com.br\/wp-content\/uploads\/2023\/12\/cachorro-scaled.jpg?fit=1000%2C563&ssl=1&resize=350%2C200 1x, https:\/\/i0.wp.com\/noticiasribeiraopreto.com.br\/wp-content\/uploads\/2023\/12\/cachorro-scaled.jpg?fit=1000%2C563&ssl=1&resize=525%2C300 1.5x, https:\/\/i0.wp.com\/noticiasribeiraopreto.com.br\/wp-content\/uploads\/2023\/12\/cachorro-scaled.jpg?fit=1000%2C563&ssl=1&resize=700%2C400 2x"},"classes":[]},{"id":37557,"url":"https:\/\/noticiasribeiraopreto.com.br\/index.php\/2024\/02\/16\/feira-de-adocao-de-animais-acontece-neste-sabado-e-domingo\/","url_meta":{"origin":15965,"position":5},"title":"Feira de ado\u00e7\u00e3o de animais acontece neste s\u00e1bado e domingo","author":"noticiasribeiraopreto.com.br","date":"16 de February de 2024","format":false,"excerpt":"16 de fevereiro de 2024 | 18:0016 de fevereiro de 2024 | 18:30 0Neste s\u00e1bado e domingo,\u00a017 e 18 de\u00a0fevereiro, a Divis\u00e3o de Bem-Estar Animal, ligada a Secretaria do Meio Ambiente realiza mais um Evento de Ado\u00e7\u00e3o. S\u00e3o mais de 50 filhotes de c\u00e3es e gatos, vacinados e vermifugados \u00e0\u2026","rel":"","context":"In &quot;Not\u00edcias de Ribeir\u00e3o Preto-SP e Regi\u00e3o&quot;","block_context":{"text":"Not\u00edcias de Ribeir\u00e3o Preto-SP e Regi\u00e3o","link":"https:\/\/noticiasribeiraopreto.com.br\/index.php\/category\/noticias-de-ribeirao-preto-sp-e-regiao-ismael-colosi\/"},"img":{"alt_text":"","src":"https:\/\/i0.wp.com\/noticiasribeiraopreto.com.br\/wp-content\/uploads\/2024\/02\/animais_dbea_-_foto_guilherme_sircili_24-scaled.jpg?fit=967%2C645&ssl=1&resize=350%2C200","width":350,"height":200,"srcset":"https:\/\/i0.wp.com\/noticiasribeiraopreto.com.br\/wp-content\/uploads\/2024\/02\/animais_dbea_-_foto_guilherme_sircili_24-scaled.jpg?fit=967%2C645&ssl=1&resize=350%2C200 1x, https:\/\/i0.wp.com\/noticiasribeiraopreto.com.br\/wp-content\/uploads\/2024\/02\/animais_dbea_-_foto_guilherme_sircili_24-scaled.jpg?fit=967%2C645&ssl=1&resize=525%2C300 1.5x, https:\/\/i0.wp.com\/noticiasribeiraopreto.com.br\/wp-content\/uploads\/2024\/02\/animais_dbea_-_foto_guilherme_sircili_24-scaled.jpg?fit=967%2C645&ssl=1&resize=700%2C400 2x"},"classes":[]}],"jetpack_sharing_enabled":true,"jetpack_shortlink":"https:\/\/wp.me\/peQAOb-49v","_links":{"self":[{"href":"https:\/\/noticiasribeiraopreto.com.br\/index.php\/wp-json\/wp\/v2\/posts\/15965","targetHints":{"allow":["GET"]}}],"collection":[{"href":"https:\/\/noticiasribeiraopreto.com.br\/index.php\/wp-json\/wp\/v2\/posts"}],"about":[{"href":"https:\/\/noticiasribeiraopreto.com.br\/index.php\/wp-json\/wp\/v2\/types\/post"}],"author":[{"embeddable":true,"href":"https:\/\/noticiasribeiraopreto.com.br\/index.php\/wp-json\/wp\/v2\/users\/1"}],"replies":[{"embeddable":true,"href":"https:\/\/noticiasribeiraopreto.com.br\/index.php\/wp-json\/wp\/v2\/comments?post=15965"}],"version-history":[{"count":0,"href":"https:\/\/noticiasribeiraopreto.com.br\/index.php\/wp-json\/wp\/v2\/posts\/15965\/revisions"}],"wp:featuredmedia":[{"embeddable":true,"href":"https:\/\/noticiasribeiraopreto.com.br\/index.php\/wp-json\/wp\/v2\/media\/15966"}],"wp:attachment":[{"href":"https:\/\/noticiasribeiraopreto.com.br\/index.php\/wp-json\/wp\/v2\/media?parent=15965"}],"wp:term":[{"taxonomy":"category","embeddable":true,"href":"https:\/\/noticiasribeiraopreto.com.br\/index.php\/wp-json\/wp\/v2\/categories?post=15965"},{"taxonomy":"post_tag","embeddable":true,"href":"https:\/\/noticiasribeiraopreto.com.br\/index.php\/wp-json\/wp\/v2\/tags?post=15965"}],"curies":[{"name":"wp","href":"https:\/\/api.w.org\/{rel}","templated":true}]}}