{"id":15970,"date":"2023-12-14T17:31:11","date_gmt":"2023-12-14T20:31:11","guid":{"rendered":"https:\/\/noticiasribeiraopreto.com.br\/index.php\/2023\/12\/14\/maximiliano-cardoso-e-o-novo-ceo-da-mondelez-no-brasil\/"},"modified":"2023-12-14T17:31:11","modified_gmt":"2023-12-14T20:31:11","slug":"maximiliano-cardoso-e-o-novo-ceo-da-mondelez-no-brasil","status":"publish","type":"post","link":"https:\/\/noticiasribeiraopreto.com.br\/index.php\/2023\/12\/14\/maximiliano-cardoso-e-o-novo-ceo-da-mondelez-no-brasil\/","title":{"rendered":"Maximiliano Cardoso \u00e9 o novo CEO da Mondel\u0113z no Brasil"},"content":{"rendered":"<div class='code-block code-block-1' style='margin: 8px 0 8px auto; text-align: right; display: block; clear: both;'>\n<p><a href=\"https:\/\/wa.link\/vpicfd\"><img data-recalc-dims=\"1\" class=\"wp-image-4922\" style=\"aspect-ratio: 2.0253164556962027; width: 561px; height: auto;\" src=\"https:\/\/i0.wp.com\/ismaelcolosi.com.br\/wp-content\/uploads\/2023\/11\/grupo-de-empregos-whatsapp-e-facebook-ismael-colosi-vagas.jpg?ssl=1\" alt=\"\" \/><\/a><\/p>\n<!-- \/wp:image -->\n<\/div>\n<p> <br \/>\n<\/p>\n<div>\n<div id=\"attachment_585483\" class=\"wp-caption alignnone style=\" max-width:=\"\"><img data-recalc-dims=\"1\" fetchpriority=\"high\" decoding=\"async\" class=\"alignnone wp-image-585483 size-full\" src=\"https:\/\/i0.wp.com\/forbes.com.br\/wp-content\/uploads\/2023\/12\/carreira-mondelez-768x512.jpg?resize=678%2C452&#038;ssl=1\" http:=\"\" alt=\"Logotipo da Mondel\u0113z\" width=\"678\" height=\"452\" data-lazy-src=\"https:\/\/forbes.com.br\/wp-content\/uploads\/2023\/12\/carreira-mondelez-768x512.jpg\"\/><noscript><img data-recalc-dims=\"1\" fetchpriority=\"high\" decoding=\"async\" class=\"alignnone wp-image-585483 size-full\" src=\"https:\/\/i0.wp.com\/forbes.com.br\/wp-content\/uploads\/2023\/12\/carreira-mondelez-768x512.jpg?resize=678%2C452&#038;ssl=1\" alt=\"Logotipo da Mondel\u0113z\" width=\"678\" height=\"452\"\/><\/noscript><\/p>\n<p class=\"wp-caption-text\">A Mondel\u0113z \u00e9 dona de marcas como Lacta, Bis, Oreo e Club Social<\/p>\n<\/div>\n<p>A Mondel\u0113z, dona de marcas como Lacta, Oreo e Club Social, anunciou nesta quinta-feira (14) que Maximiliano Cardoso ser\u00e1 o presidente da sua unidade brasileira a partir de fevereiro do pr\u00f3ximo ano, ocupando o cargo deixado por Liel Miranda, que assume em 2024 a presid\u00eancia-executiva da Alpargatas.<\/p>\n<p>Cardoso \u00e9 o atual presidente da unidade de neg\u00f3cios WACAM, que engloba Col\u00f4mbia, Peru, Equador, Chile, Caribe e Am\u00e9rica Central.<\/p>\n<ul>\n<li>\n<h3>Siga a <a href=\"https:\/\/whatsapp.com\/channel\/0029Va9gQKwBFLgM96cJnu0u\" target=\"_blank\" rel=\"noopener\">Forbes<\/a> no WhatsApp e receba as principais not\u00edcias sobre neg\u00f3cios, carreira, tecnologia e estilo de vida<\/h3>\n<\/li>\n<\/ul>\n<p>Ele come\u00e7ou na Mondel\u0113z h\u00e1 23 anos na Argentina e j\u00e1 morou e trabalhou duas vezes no Brasil pela companhia entre 2007 e 2009, quando foi respons\u00e1vel por Club Social\/Savory Biscuits, e de 2015 a 2017, quando liderou o neg\u00f3cio de Chocolate. Mais recentemente, liderou a WACAM por cinco anos da Col\u00f4mbia.<\/p>\n<p>Em maio deste ano, a Mondel\u0113z anunciou investimentos de cerca de R$ 1 bilh\u00e3o no Brasil, para ampliar a capacidade produtiva de suas f\u00e1bricas em Curitiba (PR) e em Vit\u00f3ria de Santo Ant\u00e3o (PE) e financiar a entrada da companhia em novos segmentos no pa\u00eds.<\/p>\n<\/div>\n<p><script type=\"rocketlazyloadscript\">\n\t\t\t\t(function(d, s, id){\n\t\t\t\t\tvar js, fjs = d.getElementsByTagName(s)[0];\n\t\t\t\t\tif (d.getElementById(id)) return;\n\t\t\t\t\tjs = d.createElement(s); js.id = id;\n\t\t\t\t\tjs.src = \"\/\/connect.facebook.net\/pt_BR\/sdk.js#xfbml=1&version=v2.9\";\n\t\t\t\t\tfjs.parentNode.insertBefore(js, fjs);\n\t\t\t\t}(document, 'script', 'facebook-jssdk'));\n\t\t\t<\/script><br \/>\n<br \/><br \/>\n<br \/><a href=\"https:\/\/forbes.com.br\/carreira\/2023\/12\/mondelez-anuncia-maximiliano-cardoso-como-novo-ceo-no-brasil\/\">Source link <\/a><\/p>\n<!-- CONTENT END 1 -->\n","protected":false},"excerpt":{"rendered":"<p>A Mondel\u0113z \u00e9 dona de marcas como Lacta, Bis, Oreo e Club Social A Mondel\u0113z, dona de marcas como Lacta, Oreo e Club Social, anunciou&#8230;<\/p>\n","protected":false},"author":1,"featured_media":15971,"comment_status":"open","ping_status":"open","sticky":false,"template":"","format":"standard","meta":{"advanced_seo_description":"","jetpack_seo_html_title":"","jetpack_seo_noindex":false,"jetpack_post_was_ever_published":false,"_jetpack_newsletter_access":"","_jetpack_dont_email_post_to_subs":false,"_jetpack_newsletter_tier_id":0,"_jetpack_memberships_contains_paywalled_content":false,"_jetpack_memberships_contains_paid_content":false,"footnotes":"","jetpack_publicize_message":"","jetpack_publicize_feature_enabled":true,"jetpack_social_post_already_shared":true,"jetpack_social_options":{"image_generator_settings":{"template":"highway","default_image_id":0,"font":"","enabled":false},"version":2}},"categories":[1],"tags":[],"class_list":["post-15970","post","type-post","status-publish","format-standard","has-post-thumbnail","hentry","category-blog"],"jetpack_publicize_connections":[],"jetpack_featured_media_url":"https:\/\/i0.wp.com\/noticiasribeiraopreto.com.br\/wp-content\/uploads\/2023\/12\/carreira-mondelez-1024x683.jpg?fit=1024%2C683&ssl=1","jetpack-related-posts":[{"id":20700,"url":"https:\/\/noticiasribeiraopreto.com.br\/index.php\/2023\/12\/26\/ultimas-semanas-para-participar-do-processo-seletivo-da-mondelez-2\/","url_meta":{"origin":15970,"position":0},"title":"\u00daltimas semanas para participar do processo seletivo da Mondelez","author":"noticiasribeiraopreto.com.br","date":"26 de December de 2023","format":false,"excerpt":"Est\u00e3o abertas as inscri\u00e7\u00f5es para o processo seletivo da Mondelez Brasil, que oferece mais de 30 oportunidades nas regi\u00f5es de S\u00e3o Paulo, Pernambuco e Paran\u00e1. Interessados podem se candidatar at\u00e9 o dia 7 de janeiro. O programa de est\u00e1gio da Mondelez Brasil est\u00e1 dispon\u00edvel para estudantes do ensino superior em\u2026","rel":"","context":"In &quot;Vagas de Emprego em Ribeir\u00e3o Preto-SP&quot;","block_context":{"text":"Vagas de Emprego em Ribeir\u00e3o Preto-SP","link":"https:\/\/noticiasribeiraopreto.com.br\/index.php\/category\/empregos-classificados-vagas-trabalho\/vagas-de-empregos-em-ribeirao-preto-regiao-brasil\/"},"img":{"alt_text":"","src":"https:\/\/i0.wp.com\/noticiasribeiraopreto.com.br\/wp-content\/uploads\/2023\/12\/mondelez-divulgacao.jpg?fit=1200%2C675&ssl=1&resize=350%2C200","width":350,"height":200,"srcset":"https:\/\/i0.wp.com\/noticiasribeiraopreto.com.br\/wp-content\/uploads\/2023\/12\/mondelez-divulgacao.jpg?fit=1200%2C675&ssl=1&resize=350%2C200 1x, https:\/\/i0.wp.com\/noticiasribeiraopreto.com.br\/wp-content\/uploads\/2023\/12\/mondelez-divulgacao.jpg?fit=1200%2C675&ssl=1&resize=525%2C300 1.5x, https:\/\/i0.wp.com\/noticiasribeiraopreto.com.br\/wp-content\/uploads\/2023\/12\/mondelez-divulgacao.jpg?fit=1200%2C675&ssl=1&resize=700%2C400 2x, https:\/\/i0.wp.com\/noticiasribeiraopreto.com.br\/wp-content\/uploads\/2023\/12\/mondelez-divulgacao.jpg?fit=1200%2C675&ssl=1&resize=1050%2C600 3x"},"classes":[]},{"id":15819,"url":"https:\/\/noticiasribeiraopreto.com.br\/index.php\/2023\/12\/14\/alpargatas-nomeia-liel-miranda-da-mondelez-como-ceo\/","url_meta":{"origin":15970,"position":1},"title":"Alpargatas nomeia Liel Miranda, da Mondel\u0113z, como CEO","author":"noticiasribeiraopreto.com.br","date":"14 de December de 2023","format":false,"excerpt":"Liel Miranda substituir\u00e1 Luiz Fernando Edmond, que ocupava a presid\u00eancia da\u00a0Alpargatas\u00a0interinamente desde que Roberto Funari anunciou sua sa\u00edda em abril A empresa de cal\u00e7ados\u00a0Alpargatas, dona da marca Havaianas, anunciou na quarta-feira (13) Liel Miranda como seu novo presidente-executivo, a partir de 1\u00b0 de fevereiro de 2024. \u201cLiel ter\u00e1 um importante\u2026","rel":"","context":"In &quot;Blog&quot;","block_context":{"text":"Blog","link":"https:\/\/noticiasribeiraopreto.com.br\/index.php\/category\/blog\/"},"img":{"alt_text":"","src":"https:\/\/i0.wp.com\/noticiasribeiraopreto.com.br\/wp-content\/uploads\/2023\/12\/carreira-liel-miranda-mondelez-ceo-1024x683.jpg?fit=1024%2C683&ssl=1&resize=350%2C200","width":350,"height":200,"srcset":"https:\/\/i0.wp.com\/noticiasribeiraopreto.com.br\/wp-content\/uploads\/2023\/12\/carreira-liel-miranda-mondelez-ceo-1024x683.jpg?fit=1024%2C683&ssl=1&resize=350%2C200 1x, https:\/\/i0.wp.com\/noticiasribeiraopreto.com.br\/wp-content\/uploads\/2023\/12\/carreira-liel-miranda-mondelez-ceo-1024x683.jpg?fit=1024%2C683&ssl=1&resize=525%2C300 1.5x, https:\/\/i0.wp.com\/noticiasribeiraopreto.com.br\/wp-content\/uploads\/2023\/12\/carreira-liel-miranda-mondelez-ceo-1024x683.jpg?fit=1024%2C683&ssl=1&resize=700%2C400 2x"},"classes":[]},{"id":55887,"url":"https:\/\/noticiasribeiraopreto.com.br\/index.php\/2024\/08\/07\/novo-presidente-da-marca-e-ex-ceo-da-kraft-heinz\/","url_meta":{"origin":15970,"position":2},"title":"novo presidente da marca \u00e9 ex-CEO da Kraft Heinz","author":"noticiasribeiraopreto.com.br","date":"7 de August de 2024","format":false,"excerpt":"Reprodu\u00e7\u00e3o\/LinkedInAntes da Havaianas, Fernando Rosa foi presidente da Kraft Heinz no Brasil por quase quatro anos Acessibilidade L L A- A+ \u25d0 A Alpargatas, propriet\u00e1ria da Havaianas, acaba de anunciar o novo l\u00edder da marca de cal\u00e7ados no Brasil. A partir de 16 de setembro, Fernando Rosa assume a presid\u00eancia\u2026","rel":"","context":"In &quot;Blog&quot;","block_context":{"text":"Blog","link":"https:\/\/noticiasribeiraopreto.com.br\/index.php\/category\/blog\/"},"img":{"alt_text":"","src":"https:\/\/i0.wp.com\/noticiasribeiraopreto.com.br\/wp-content\/uploads\/2024\/08\/fernando-rosa-1024x683.jpg?fit=1024%2C683&ssl=1&resize=350%2C200","width":350,"height":200,"srcset":"https:\/\/i0.wp.com\/noticiasribeiraopreto.com.br\/wp-content\/uploads\/2024\/08\/fernando-rosa-1024x683.jpg?fit=1024%2C683&ssl=1&resize=350%2C200 1x, https:\/\/i0.wp.com\/noticiasribeiraopreto.com.br\/wp-content\/uploads\/2024\/08\/fernando-rosa-1024x683.jpg?fit=1024%2C683&ssl=1&resize=525%2C300 1.5x, https:\/\/i0.wp.com\/noticiasribeiraopreto.com.br\/wp-content\/uploads\/2024\/08\/fernando-rosa-1024x683.jpg?fit=1024%2C683&ssl=1&resize=700%2C400 2x"},"classes":[]},{"id":18313,"url":"https:\/\/noticiasribeiraopreto.com.br\/index.php\/2023\/12\/20\/mondelez-honda-minerva-foods-e-outras-empresas-oferecem-mais-de-6-mil-vagas-de-emprego-2\/","url_meta":{"origin":15970,"position":3},"title":"Mondelez, Honda, Minerva Foods e outras empresas oferecem mais de 6 mil vagas de emprego","author":"noticiasribeiraopreto.com.br","date":"20 de December de 2023","format":false,"excerpt":"Na \u00faltima ter\u00e7a-feira (19), diversas empresas renomadas divulgaram a abertura de processos seletivos, com vagas em todo o Brasil. O JC Concursos fez um compilado das principais sele\u00e7\u00f5es publicadas, com destaque para Mondelez, PPG, Honda, Akad Seguros, Minerva Foods, Portal de Empregos e Youse.\u00a0 Confira as oportunidades abaixo e n\u00e3o\u2026","rel":"","context":"In &quot;Vagas de Emprego em Ribeir\u00e3o Preto-SP&quot;","block_context":{"text":"Vagas de Emprego em Ribeir\u00e3o Preto-SP","link":"https:\/\/noticiasribeiraopreto.com.br\/index.php\/category\/empregos-classificados-vagas-trabalho\/vagas-de-empregos-em-ribeirao-preto-regiao-brasil\/"},"img":{"alt_text":"","src":"https:\/\/i0.wp.com\/noticiasribeiraopreto.com.br\/wp-content\/uploads\/2023\/12\/movile_vagas_de_emprego_divulgacao.jpg?fit=1200%2C675&ssl=1&resize=350%2C200","width":350,"height":200,"srcset":"https:\/\/i0.wp.com\/noticiasribeiraopreto.com.br\/wp-content\/uploads\/2023\/12\/movile_vagas_de_emprego_divulgacao.jpg?fit=1200%2C675&ssl=1&resize=350%2C200 1x, https:\/\/i0.wp.com\/noticiasribeiraopreto.com.br\/wp-content\/uploads\/2023\/12\/movile_vagas_de_emprego_divulgacao.jpg?fit=1200%2C675&ssl=1&resize=525%2C300 1.5x, https:\/\/i0.wp.com\/noticiasribeiraopreto.com.br\/wp-content\/uploads\/2023\/12\/movile_vagas_de_emprego_divulgacao.jpg?fit=1200%2C675&ssl=1&resize=700%2C400 2x, https:\/\/i0.wp.com\/noticiasribeiraopreto.com.br\/wp-content\/uploads\/2023\/12\/movile_vagas_de_emprego_divulgacao.jpg?fit=1200%2C675&ssl=1&resize=1050%2C600 3x"},"classes":[]},{"id":8583,"url":"https:\/\/noticiasribeiraopreto.com.br\/index.php\/2023\/11\/30\/quem-e-o-pedreiro-que-tirou-a-vida-da-mae-e-de-suas-3-filhas-no-mt\/","url_meta":{"origin":15970,"position":4},"title":"quem \u00e9 o pedreiro que tirou a vida da m\u00e3e e de suas 3 filhas no MT","author":"noticiasribeiraopreto.com.br","date":"30 de November de 2023","format":false,"excerpt":"Na regi\u00e3o de Sorriso, no norte do Mato Grosso, o suspeito Gilberto Rodrigues dos Anjos, de 32 anos, confessou que tirou a vida de uma m\u00e3e e de suas tr\u00eas filhas. O crime chocou a popula\u00e7\u00e3o e o homem j\u00e1 tinha dois madados de pris\u00e3o em aberto por outros crimes.Gilberto\u2026","rel":"","context":"In &quot;Blog&quot;","block_context":{"text":"Blog","link":"https:\/\/noticiasribeiraopreto.com.br\/index.php\/category\/blog\/"},"img":{"alt_text":"","src":"https:\/\/i0.wp.com\/noticiasribeiraopreto.com.br\/wp-content\/uploads\/2023\/11\/postimg-6568a2a2e76331194.jpg?fit=1200%2C628&ssl=1&resize=350%2C200","width":350,"height":200,"srcset":"https:\/\/i0.wp.com\/noticiasribeiraopreto.com.br\/wp-content\/uploads\/2023\/11\/postimg-6568a2a2e76331194.jpg?fit=1200%2C628&ssl=1&resize=350%2C200 1x, https:\/\/i0.wp.com\/noticiasribeiraopreto.com.br\/wp-content\/uploads\/2023\/11\/postimg-6568a2a2e76331194.jpg?fit=1200%2C628&ssl=1&resize=525%2C300 1.5x, https:\/\/i0.wp.com\/noticiasribeiraopreto.com.br\/wp-content\/uploads\/2023\/11\/postimg-6568a2a2e76331194.jpg?fit=1200%2C628&ssl=1&resize=700%2C400 2x, https:\/\/i0.wp.com\/noticiasribeiraopreto.com.br\/wp-content\/uploads\/2023\/11\/postimg-6568a2a2e76331194.jpg?fit=1200%2C628&ssl=1&resize=1050%2C600 3x"},"classes":[]},{"id":66388,"url":"https:\/\/noticiasribeiraopreto.com.br\/index.php\/2025\/03\/31\/camara-de-franca-aponta-que-servidores-municipais-cometeram-ato-de-violencia-contra-vereadora\/","url_meta":{"origin":15970,"position":5},"title":"C\u00e2mara de Franca aponta que servidores municipais cometeram ato de viol\u00eancia contra vereadora","author":"noticiasribeiraopreto.com.br","date":"31 de March de 2025","format":false,"excerpt":"A C\u00e2mara de Franca emitiu nota de rep\u00fadio e divulgou na manh\u00e3 desta segunda-feira (31\/3) que repudia a abordagem de servidores municipais duranta manifesta\u00e7\u00e3o feita no dia 29\/3 que teve a vereadora Lindsay Cardoso como alvo. A parlamentar reclamou que se sentiu acuada e ficou com medo de linchamento, por\u2026","rel":"","context":"In &quot;Not\u00edcias de Franca-SP&quot;","block_context":{"text":"Not\u00edcias de Franca-SP","link":"https:\/\/noticiasribeiraopreto.com.br\/index.php\/category\/noticias-de-ribeirao-preto-sp-e-regiao-ismael-colosi\/noticias-franca-sp\/"},"img":{"alt_text":"","src":"https:\/\/i0.wp.com\/noticiasribeiraopreto.com.br\/wp-content\/uploads\/2025\/03\/Screenshot_20250331_154725_Gallery.jpg?fit=1079%2C598&ssl=1&resize=350%2C200","width":350,"height":200,"srcset":"https:\/\/i0.wp.com\/noticiasribeiraopreto.com.br\/wp-content\/uploads\/2025\/03\/Screenshot_20250331_154725_Gallery.jpg?fit=1079%2C598&ssl=1&resize=350%2C200 1x, https:\/\/i0.wp.com\/noticiasribeiraopreto.com.br\/wp-content\/uploads\/2025\/03\/Screenshot_20250331_154725_Gallery.jpg?fit=1079%2C598&ssl=1&resize=525%2C300 1.5x, https:\/\/i0.wp.com\/noticiasribeiraopreto.com.br\/wp-content\/uploads\/2025\/03\/Screenshot_20250331_154725_Gallery.jpg?fit=1079%2C598&ssl=1&resize=700%2C400 2x, https:\/\/i0.wp.com\/noticiasribeiraopreto.com.br\/wp-content\/uploads\/2025\/03\/Screenshot_20250331_154725_Gallery.jpg?fit=1079%2C598&ssl=1&resize=1050%2C600 3x"},"classes":[]}],"jetpack_sharing_enabled":true,"jetpack_shortlink":"https:\/\/wp.me\/peQAOb-49A","_links":{"self":[{"href":"https:\/\/noticiasribeiraopreto.com.br\/index.php\/wp-json\/wp\/v2\/posts\/15970","targetHints":{"allow":["GET"]}}],"collection":[{"href":"https:\/\/noticiasribeiraopreto.com.br\/index.php\/wp-json\/wp\/v2\/posts"}],"about":[{"href":"https:\/\/noticiasribeiraopreto.com.br\/index.php\/wp-json\/wp\/v2\/types\/post"}],"author":[{"embeddable":true,"href":"https:\/\/noticiasribeiraopreto.com.br\/index.php\/wp-json\/wp\/v2\/users\/1"}],"replies":[{"embeddable":true,"href":"https:\/\/noticiasribeiraopreto.com.br\/index.php\/wp-json\/wp\/v2\/comments?post=15970"}],"version-history":[{"count":0,"href":"https:\/\/noticiasribeiraopreto.com.br\/index.php\/wp-json\/wp\/v2\/posts\/15970\/revisions"}],"wp:featuredmedia":[{"embeddable":true,"href":"https:\/\/noticiasribeiraopreto.com.br\/index.php\/wp-json\/wp\/v2\/media\/15971"}],"wp:attachment":[{"href":"https:\/\/noticiasribeiraopreto.com.br\/index.php\/wp-json\/wp\/v2\/media?parent=15970"}],"wp:term":[{"taxonomy":"category","embeddable":true,"href":"https:\/\/noticiasribeiraopreto.com.br\/index.php\/wp-json\/wp\/v2\/categories?post=15970"},{"taxonomy":"post_tag","embeddable":true,"href":"https:\/\/noticiasribeiraopreto.com.br\/index.php\/wp-json\/wp\/v2\/tags?post=15970"}],"curies":[{"name":"wp","href":"https:\/\/api.w.org\/{rel}","templated":true}]}}