{"id":15976,"date":"2023-12-14T17:46:46","date_gmt":"2023-12-14T20:46:46","guid":{"rendered":"https:\/\/noticiasribeiraopreto.com.br\/index.php\/2023\/12\/14\/x-elio-assegura-financiamento-solar-de-e-35-milhoes-para-projetos-na-espanha-renews-renewable-energy-news-projetos-solares-inovadores-garantem-investimento-significativo\/"},"modified":"2023-12-14T17:46:46","modified_gmt":"2023-12-14T20:46:46","slug":"x-elio-assegura-financiamento-solar-de-e-35-milhoes-para-projetos-na-espanha-renews-renewable-energy-news-projetos-solares-inovadores-garantem-investimento-significativo","status":"publish","type":"post","link":"https:\/\/noticiasribeiraopreto.com.br\/index.php\/2023\/12\/14\/x-elio-assegura-financiamento-solar-de-e-35-milhoes-para-projetos-na-espanha-renews-renewable-energy-news-projetos-solares-inovadores-garantem-investimento-significativo\/","title":{"rendered":"X-Elio assegura financiamento solar de \u20ac 35 milh\u00f5es para projetos na Espanha &#8211; reNews &#8211; Renewable Energy News &#8211; Projetos solares inovadores garantem investimento significativo."},"content":{"rendered":"<div class='code-block code-block-1' style='margin: 8px 0 8px auto; text-align: right; display: block; clear: both;'>\n<p><a href=\"https:\/\/wa.link\/vpicfd\"><img data-recalc-dims=\"1\" class=\"wp-image-4922\" style=\"aspect-ratio: 2.0253164556962027; width: 561px; height: auto;\" src=\"https:\/\/i0.wp.com\/ismaelcolosi.com.br\/wp-content\/uploads\/2023\/11\/grupo-de-empregos-whatsapp-e-facebook-ismael-colosi-vagas.jpg?ssl=1\" alt=\"\" \/><\/a><\/p>\n<!-- \/wp:image -->\n<\/div>\n<p> <br \/>\n<\/p>\n<div>\n<figure><picture><source srcset=\"https:\/\/clickpetroleoegas.com.br\/wp-content\/uploads\/2023\/12\/xelio-assegura-financiamento-solar-de-35-milhoes-para-projetos-na-espanha-renews-renewable-energy-news-projetos-solares-inovadores-garantem-investimento-significativo.jpg.webp 770w, https:\/\/clickpetroleoegas.com.br\/wp-content\/uploads\/2023\/12\/xelio-assegura-financiamento-solar-de-35-milhoes-para-projetos-na-espanha-renews-renewable-energy-news-projetos-solares-inovadores-garantem-investimento-significativo-768x439.jpg.webp 768w, https:\/\/clickpetroleoegas.com.br\/wp-content\/uploads\/2023\/12\/xelio-assegura-financiamento-solar-de-35-milhoes-para-projetos-na-espanha-renews-renewable-energy-news-projetos-solares-inovadores-garantem-investimento-significativo-360x205.jpg.webp 360w, https:\/\/clickpetroleoegas.com.br\/wp-content\/uploads\/2023\/12\/xelio-assegura-financiamento-solar-de-35-milhoes-para-projetos-na-espanha-renews-renewable-energy-news-projetos-solares-inovadores-garantem-investimento-significativo-150x86.jpg.webp 150w\" sizes=\"(max-width: 770px) 100vw, 770px\" type=\"image\/webp\"><img data-recalc-dims=\"1\" loading=\"lazy\" width=\"770\" height=\"440\" src=\"https:\/\/i0.wp.com\/clickpetroleoegas.com.br\/wp-content\/uploads\/2023\/12\/xelio-assegura-financiamento-solar-de-35-milhoes-para-projetos-na-espanha-renews-renewable-energy-news-projetos-solares-inovadores-garantem-investimento-significativo.jpg?resize=770%2C440&#038;ssl=1\" class=\"fdnw-post-thumbnail fdnw-first-card-thumbnail wp-post-image\" alt=\"financiamento de energia solar, investimento em energia solar, financiamento para projetos solares\" decoding=\"async\" srcset=\"https:\/\/clickpetroleoegas.com.br\/wp-content\/uploads\/2023\/12\/xelio-assegura-financiamento-solar-de-35-milhoes-para-projetos-na-espanha-renews-renewable-energy-news-projetos-solares-inovadores-garantem-investimento-significativo.jpg 770w, https:\/\/clickpetroleoegas.com.br\/wp-content\/uploads\/2023\/12\/xelio-assegura-financiamento-solar-de-35-milhoes-para-projetos-na-espanha-renews-renewable-energy-news-projetos-solares-inovadores-garantem-investimento-significativo-768x439.jpg 768w, https:\/\/clickpetroleoegas.com.br\/wp-content\/uploads\/2023\/12\/xelio-assegura-financiamento-solar-de-35-milhoes-para-projetos-na-espanha-renews-renewable-energy-news-projetos-solares-inovadores-garantem-investimento-significativo-360x205.jpg 360w, https:\/\/clickpetroleoegas.com.br\/wp-content\/uploads\/2023\/12\/xelio-assegura-financiamento-solar-de-35-milhoes-para-projetos-na-espanha-renews-renewable-energy-news-projetos-solares-inovadores-garantem-investimento-significativo-150x86.jpg 150w\" sizes=\"auto, (max-width: 770px) 100vw, 770px\" data-eio=\"p\"\/><\/source><\/picture><figcaption class=\"fdnw-image-caption\">X-Elio conclui financiamento de \u20ac 35 milh\u00f5es para projetos solares na Espanha \u2013 FOTO: \u00a92023 Re News.Biz<\/figcaption><\/figure>\n<h2 class=\"wp-block-heading\" id=\"h-recursos-serao-investidos-em-desenvolvimento-operacao-manutencao-de-3-sites-totalizando-67mw-atividades-solares-capacidade-total-operacao-desde-2021-energias-limpas\">Recursos ser\u00e3o investidos em desenvolvimento, opera\u00e7\u00e3o, manuten\u00e7\u00e3o de 3 sites, totalizando 67MW, atividades solares, capacidade total, opera\u00e7\u00e3o desde 2021, energias limpas.<\/h2>\n<p>A X-Elio assegurou um financiamento solar de 35 milh\u00f5es de euros com o Bankinter para impulsionar suas atividades solares na Espanha. Este investimento ser\u00e1 direcionado para o desenvolvimento, opera\u00e7\u00e3o e manuten\u00e7\u00e3o de tr\u00eas projetos solares no pa\u00eds, totalizando uma capacidade de 67MW. Os recursos ser\u00e3o destinados a dois projetos localizados em Xixona, na Comunidade Valenciana, com uma capacidade total de 50MW, sendo um deles previsto para ser conclu\u00eddo at\u00e9 o final do ano e o outro j\u00e1 em opera\u00e7\u00e3o desde 2021. Al\u00e9m disso, o terceiro ativo de 17MW est\u00e1 em opera\u00e7\u00e3o em Fuente \u00c1lamo, na regi\u00e3o de M\u00farcia. Nicholas Pentreath, Diretor Financeiro da X-Elio, destacou: \u2018Na X-Elio, estamos comprometidos em entregar projetos de alta qualidade em um mercado estrat\u00e9gico para o desenvolvimento de energias limpas, como \u00e9 o <a href=\"https:\/\/clickpetroleoegas.com.br\/brasil-e-argentina-irao-assinar-acordo-para-o-financiamento-de-exportacoes-e-reacender-seus-comercios-conta-reuters-esse-acordo-preve-uma-abertura-de-credito-de-bancos-brasileiros-para-importadores\/\">caso da Espanha.\u2019<\/a><\/p>\n<p>O financiamento de energia solar \u00e9 essencial para impulsionar o investimento em energia limpa e sustent\u00e1vel. A parceria com o Bankinter para a obten\u00e7\u00e3o de recursos para projetos solares na Espanha demonstra o compromisso da X-Elio em contribuir para a transi\u00e7\u00e3o energ\u00e9tica do pa\u00eds. Al\u00e9m disso, o financiamento para projetos solares permite que a empresa continue a expandir suas opera\u00e7\u00f5es e a responder \u00e0s necessidades clim\u00e1ticas, alinhando-se com os objetivos de sustentabilidade e inova\u00e7\u00e3o no setor de energia renov\u00e1vel.<\/p>\n<p> <span class=\"fdnw-card-article-related\"> <span class=\"h4 fdnw-card-article-related-title\">Artigos recomendados<\/span> <\/span> <\/p>\n<h2 class=\"wp-block-heading\" id=\"h-financiamento-solar-impulsiona-investimento-em-energia-limpa\">Financiamento solar impulsiona investimento em energia limpa<\/h2>\n<p>O <a href=\"https:\/\/clickpetroleoegas.com.br\/brasil-e-argentina-irao-assinar-acordo-para-o-financiamento-de-exportacoes-e-reacender-seus-comercios-conta-reuters-esse-acordo-preve-uma-abertura-de-credito-de-bancos-brasileiros-para-importadores\/\" target=\"_blank\" rel=\"noopener\">acordo de financiamento<\/a> para projetos solares na <a href=\"https:\/\/pt.wikipedia.org\/wiki\/Hist%C3%B3ria_gen%C3%A9tica_dos_asi%C3%A1ticos_orientais\" target=\"_blank\" rel=\"noopener nofollow\" class=\"external\">regi\u00e3o de M\u00farcia<\/a> est\u00e1 gerando entusiasmo entre os investidores. O munic\u00edpio de Xixona, na Comunidade Valenciana, est\u00e1 prestes a concluir a <a href=\"https:\/\/clickpetroleoegas.com.br\/novo-caminhao-de-mineracao-100-eletrico-e-com-bateria-de-primeira-linha-e-lancado-por-multinacional-de-ferramentas-caterpillar\/\" target=\"_blank\" rel=\"noopener\">primeira linha<\/a> de atividades solares com <a href=\"https:\/\/clickpetroleoegas.com.br\/usina-hidreletrica-de-baihetan-a-segunda-maior-do-mundo-foi-inaugurada-na-china-e-possui-capacidade-total-de-624-bilhoes-de-quilowatts\/\" target=\"_blank\" rel=\"noopener\">capacidade total<\/a> para atender \u00e0s necessidades clim\u00e1ticas da regi\u00e3o. O Diretor Financeiro da empresa respons\u00e1vel pelo financiamento de energia solar destaca a import\u00e2ncia desse investimento em energias limpas.<\/p>\n<p>Com a opera\u00e7\u00e3o desde 2021, o financiamento solar tem impulsionado o setor de energia renov\u00e1vel na regi\u00e3o. O investimento em energia solar tem atra\u00eddo a aten\u00e7\u00e3o de grandes investidores, que veem nesse mercado uma oportunidade de crescimento e lucratividade a longo prazo.<\/p>\n<p>O financiamento para projetos solares tem sido um marco importante para a regi\u00e3o, que busca aumentar sua capacidade total de gera\u00e7\u00e3o de energia limpa. Com o acordo de financiamento em vigor, a regi\u00e3o de M\u00farcia se destaca como um polo de investimento em energias renov\u00e1veis, contribuindo para a redu\u00e7\u00e3o da emiss\u00e3o de carbono e para a preserva\u00e7\u00e3o do meio ambiente.<\/p>\n<p>O financiamento solar tem sido fundamental para impulsionar o setor de energia renov\u00e1vel, colocando a regi\u00e3o de M\u00farcia em destaque no cen\u00e1rio nacional e internacional. O sucesso desse acordo de financiamento refor\u00e7a a import\u00e2ncia do investimento em energias limpas para o desenvolvimento sustent\u00e1vel da regi\u00e3o. Com o financiamento de energia solar em franco crescimento, a regi\u00e3o de M\u00farcia se consolida como um modelo a ser seguido no \u00e2mbito das energias renov\u00e1veis.<\/p>\n<p>Fonte: <b>\u00a9 Re News.Biz<\/b><\/p>\n<div class=\"code-block code-block-10\" style=\"margin: 8px auto; text-align: center; display: block; clear: both;\">\n<hr class=\"wp-block-separator has-alpha-channel-opacity is-style-wide\"\/>\n<p>Voc\u00ea quer receber apenas not\u00edcias e vagas de emprego do seu interesse? A solu\u00e7\u00e3o chegou atrav\u00e9s do app <a href=\"https:\/\/play.google.com\/store\/apps\/details?id=com.clickpetroleoapp&amp;hl=pt&amp;gl=US\" class=\"external\" rel=\"nofollow noopener\" target=\"_blank\"><strong>CPG VAGAS E NOT\u00cdCIAS!<\/strong><\/a> Se voc\u00ea \u00e9 pintor, vai receber no seu celular apenas oportunidades neste cargo. E ser\u00e1 assim com pedreiro, t\u00e9cnico, engenheiro e etc\u2026.. N\u00e3o perca nada do que acontece no mercado de trabalho e econ\u00f4mico do Brasil, baixe agora o app <a href=\"https:\/\/play.google.com\/store\/apps\/details?id=com.clickpetroleoapp&amp;hl=pt&amp;gl=US\" class=\"external\" rel=\"nofollow noopener\" target=\"_blank\">CPG VAGAS E NOT\u00cdCIAS, dispon\u00edvel para Android e IOS!<\/a><\/p>\n<figure class=\"wp-block-image aligncenter size-full\"><a href=\"https:\/\/play.google.com\/store\/apps\/details?id=com.clickpetroleoapp&amp;hl=pt&amp;gl=US\" target=\"_blank\" rel=\"noreferrer noopener nofollow\" class=\"external\"><img data-recalc-dims=\"1\" decoding=\"async\" width=\"1280\" height=\"387\" alt=\"APP CPG VAGAS E NOT\u00cdCIAS\" class=\"wp-image-105306 ewww_webp_lazy_load lazy\" src=\"https:\/\/i0.wp.com\/clickpetroleoegas.com.br\/wp-content\/uploads\/2023\/09\/Aplicativo-de-vagas-de-empregos-e-noticias-da-sua-regiao.jpg.webp?resize=1280%2C387&#038;ssl=1\" loading=\"lazy\"\/><noscript><img data-recalc-dims=\"1\" loading=\"lazy\" decoding=\"async\" width=\"1280\" height=\"387\" alt=\"APP CPG VAGAS E NOT\u00cdCIAS\" class=\"wp-image-105306 ewww_webp_lazy_load\" src=\"https:\/\/i0.wp.com\/clickpetroleoegas.com.br\/wp-content\/uploads\/2023\/09\/Aplicativo-de-vagas-de-empregos-e-noticias-da-sua-regiao.jpg.webp?resize=1280%2C387&#038;ssl=1\"\/><\/noscript><noscript><img data-recalc-dims=\"1\" loading=\"lazy\" decoding=\"async\" width=\"1280\" height=\"387\" src=\"https:\/\/i0.wp.com\/clickpetroleoegas.com.br\/wp-content\/uploads\/2023\/09\/Aplicativo-de-vagas-de-empregos-e-noticias-da-sua-regiao.jpg?resize=1280%2C387&#038;ssl=1\" alt=\"APP CPG VAGAS E NOT\u00cdCIAS\" class=\"wp-image-105306\"\/><\/noscript><\/a><\/figure>\n<\/p><\/div>\n<\/p><\/div>\n<p><script type=\"text\/plain\" data-service=\"facebook\" data-category=\"marketing\">\n!function(f,b,e,v,n,t,s)\n{if(f.fbq)return;n=f.fbq=function(){n.callMethod?\nn.callMethod.apply(n,arguments):n.queue.push(arguments)};\nif(!f._fbq)f._fbq=n;n.push=n;n.loaded=!0;n.version='2.0';\nn.queue=[];t=b.createElement(e);t.async=!0;\nt.src=v;s=b.getElementsByTagName(e)[0];\ns.parentNode.insertBefore(t,s)}(window, document,'script',\n'https:\/\/connect.facebook.net\/en_US\/fbevents.js');\nfbq('init', '5536651029690406');\nfbq('track', 'PageView');\n<\/script><script type=\"text\/plain\" data-service=\"facebook\" data-category=\"marketing\" async defer crossorigin=\"anonymous\" data-rocket-data-cmplz-src=\"https:\/\/connect.facebook.net\/en_US\/sdk.js#xfbml=1&#038;version=v12.0&amp;appId=1127332727839552&#038;autoLogAppEvents=1\">\n<\/script><br \/>\n<br \/><br \/>\n<br \/><a href=\"https:\/\/ismaelcolosi.com.br\/x-elio-assegura-financiamento-solar-de-e-35-milhoes-para-projetos-na-espanha-renews-renewable-energy-news-projetos-solares-inovadores-garantem-investimento-significativo\/\">Source link <\/a><\/p>\n<!-- CONTENT END 1 -->\n","protected":false},"excerpt":{"rendered":"<p>X-Elio conclui financiamento de \u20ac 35 milh\u00f5es para projetos solares na Espanha \u2013 FOTO: \u00a92023 Re News.Biz Recursos ser\u00e3o investidos em desenvolvimento, opera\u00e7\u00e3o, manuten\u00e7\u00e3o de&#8230;<\/p>\n","protected":false},"author":1,"featured_media":15977,"comment_status":"open","ping_status":"open","sticky":false,"template":"","format":"standard","meta":{"advanced_seo_description":"","jetpack_seo_html_title":"","jetpack_seo_noindex":false,"jetpack_post_was_ever_published":false,"_jetpack_newsletter_access":"","_jetpack_dont_email_post_to_subs":false,"_jetpack_newsletter_tier_id":0,"_jetpack_memberships_contains_paywalled_content":false,"_jetpack_memberships_contains_paid_content":false,"footnotes":"","jetpack_publicize_message":"","jetpack_publicize_feature_enabled":true,"jetpack_social_post_already_shared":true,"jetpack_social_options":{"image_generator_settings":{"template":"highway","default_image_id":0,"font":"","enabled":false},"version":2}},"categories":[7],"tags":[],"class_list":["post-15976","post","type-post","status-publish","format-standard","has-post-thumbnail","hentry","category-vagas-de-empregos-em-ribeirao-preto-regiao-brasil"],"jetpack_publicize_connections":[],"jetpack_featured_media_url":"https:\/\/i0.wp.com\/noticiasribeiraopreto.com.br\/wp-content\/uploads\/2023\/12\/xelio-assegura-financiamento-solar-de-35-milhoes-para-projetos-na-espanha-renews-renewable-energy-news-projetos-solares-inovadores-garantem-investimento-significativo.jpg?fit=770%2C440&ssl=1","jetpack-related-posts":[{"id":23356,"url":"https:\/\/noticiasribeiraopreto.com.br\/index.php\/2024\/01\/02\/a-neoen-amplia-sua-presenca-na-italia-com-a-conquista-do-trio-solar-renews-renewable-energy-news\/","url_meta":{"origin":15976,"position":0},"title":"A Neoen amplia sua presen\u00e7a na It\u00e1lia com a conquista do trio solar &#8211; reNews &#8211; Renewable Energy News","author":"noticiasribeiraopreto.com.br","date":"2 de January de 2024","format":false,"excerpt":"A expans\u00e3o da Neoen na It\u00e1lia \u2013 FOTO: \u00a92024 Re News.Biz A empresa de energia renov\u00e1vel francesa, Neoen, deu in\u00edcio \u00e0 constru\u00e7\u00e3o dos seus primeiros tr\u00eas projetos de energia renov\u00e1vel na It\u00e1lia. Esses parques solares, que somam uma capacidade de 24,7 MW, est\u00e3o sendo constru\u00eddos na Lombardia (8 MW e\u2026","rel":"","context":"In &quot;Vagas de Emprego em Ribeir\u00e3o Preto-SP&quot;","block_context":{"text":"Vagas de Emprego em Ribeir\u00e3o Preto-SP","link":"https:\/\/noticiasribeiraopreto.com.br\/index.php\/category\/empregos-classificados-vagas-trabalho\/vagas-de-empregos-em-ribeirao-preto-regiao-brasil\/"},"img":{"alt_text":"","src":"https:\/\/i0.wp.com\/noticiasribeiraopreto.com.br\/wp-content\/uploads\/2024\/01\/a-neoen-amplia-sua-presenca-na-italia-com-a-conquista-do-trio-solar-renews-renewable-energy-news.jpg?fit=770%2C440&ssl=1&resize=350%2C200","width":350,"height":200,"srcset":"https:\/\/i0.wp.com\/noticiasribeiraopreto.com.br\/wp-content\/uploads\/2024\/01\/a-neoen-amplia-sua-presenca-na-italia-com-a-conquista-do-trio-solar-renews-renewable-energy-news.jpg?fit=770%2C440&ssl=1&resize=350%2C200 1x, https:\/\/i0.wp.com\/noticiasribeiraopreto.com.br\/wp-content\/uploads\/2024\/01\/a-neoen-amplia-sua-presenca-na-italia-com-a-conquista-do-trio-solar-renews-renewable-energy-news.jpg?fit=770%2C440&ssl=1&resize=525%2C300 1.5x, https:\/\/i0.wp.com\/noticiasribeiraopreto.com.br\/wp-content\/uploads\/2024\/01\/a-neoen-amplia-sua-presenca-na-italia-com-a-conquista-do-trio-solar-renews-renewable-energy-news.jpg?fit=770%2C440&ssl=1&resize=700%2C400 2x"},"classes":[]},{"id":21108,"url":"https:\/\/noticiasribeiraopreto.com.br\/index.php\/2023\/12\/27\/total-de-bloqueios-na-alianca-adani-atinge-us-300-milhoes-renews-renewable-energy-news-investimento\/","url_meta":{"origin":15976,"position":1},"title":"Total de bloqueios na alian\u00e7a Adani atinge US$ 300 milh\u00f5es &#8211; reNews &#8211; Renewable Energy News &#8211; Investimento","author":"noticiasribeiraopreto.com.br","date":"27 de December de 2023","format":false,"excerpt":"Total de bloqueio de US$ 300 milh\u00f5es na alian\u00e7a Adani \u2013 reNews \u2013 Renewable Energy News \u2013 FOTO: \u00a92023 Re News.Biz Alian\u00e7a Adani em joint venture para desenvolver gasoduto e\u00f3lico e solar de 1 GW na \u00cdndia, ampliando portf\u00f3lio de energia. A TotalEnergies e a empresa indiana Adani Green Energy\u2026","rel":"","context":"In &quot;Vagas de Emprego em Ribeir\u00e3o Preto-SP&quot;","block_context":{"text":"Vagas de Emprego em Ribeir\u00e3o Preto-SP","link":"https:\/\/noticiasribeiraopreto.com.br\/index.php\/category\/empregos-classificados-vagas-trabalho\/vagas-de-empregos-em-ribeirao-preto-regiao-brasil\/"},"img":{"alt_text":"","src":"https:\/\/i0.wp.com\/noticiasribeiraopreto.com.br\/wp-content\/uploads\/2023\/12\/total-de-bloqueios-na-alianca-adani-atinge-us-300-milhoes-renews-renewable-energy-news-investimento-830x450.jpg?fit=830%2C450&ssl=1&resize=350%2C200","width":350,"height":200,"srcset":"https:\/\/i0.wp.com\/noticiasribeiraopreto.com.br\/wp-content\/uploads\/2023\/12\/total-de-bloqueios-na-alianca-adani-atinge-us-300-milhoes-renews-renewable-energy-news-investimento-830x450.jpg?fit=830%2C450&ssl=1&resize=350%2C200 1x, https:\/\/i0.wp.com\/noticiasribeiraopreto.com.br\/wp-content\/uploads\/2023\/12\/total-de-bloqueios-na-alianca-adani-atinge-us-300-milhoes-renews-renewable-energy-news-investimento-830x450.jpg?fit=830%2C450&ssl=1&resize=525%2C300 1.5x, https:\/\/i0.wp.com\/noticiasribeiraopreto.com.br\/wp-content\/uploads\/2023\/12\/total-de-bloqueios-na-alianca-adani-atinge-us-300-milhoes-renews-renewable-energy-news-investimento-830x450.jpg?fit=830%2C450&ssl=1&resize=700%2C400 2x"},"classes":[]},{"id":71962,"url":"https:\/\/noticiasribeiraopreto.com.br\/index.php\/2025\/06\/11\/cinema-ao-ar-livre-e-pipoca-de-graca-ribeirao-preto-recebe-projeto-movido-a-energia-solar\/","url_meta":{"origin":15976,"position":2},"title":"Cinema ao ar livre e pipoca de gra\u00e7a? Ribeir\u00e3o Preto recebe projeto movido a energia solar","author":"noticiasribeiraopreto.com.br","date":"11 de June de 2025","format":false,"excerpt":"O projeto Cine C\u00e9u, cinema itinerante movido a energia solar, chega a Ribeir\u00e3o Preto com 10 sess\u00f5es gratuitas ao ar livre entre 13 de junho e 9 de agosto, em pra\u00e7as, escolas e centros comunit\u00e1rios. A programa\u00e7\u00e3o conta com a exibi\u00e7\u00e3o do filme \u201cMoana \u2013 Um Mar de Aventuras\u201d, al\u00e9m\u2026","rel":"","context":"In &quot;Not\u00edcias de Ribeir\u00e3o Preto-SP e Regi\u00e3o&quot;","block_context":{"text":"Not\u00edcias de Ribeir\u00e3o Preto-SP e Regi\u00e3o","link":"https:\/\/noticiasribeiraopreto.com.br\/index.php\/category\/noticias-de-ribeirao-preto-sp-e-regiao-ismael-colosi\/"},"img":{"alt_text":"","src":"https:\/\/i0.wp.com\/noticiasribeiraopreto.com.br\/wp-content\/uploads\/2025\/06\/a.ok_.cinema.capa_1_2025-06-11_20-57-38.webp.webp?fit=1000%2C666&ssl=1&resize=350%2C200","width":350,"height":200,"srcset":"https:\/\/i0.wp.com\/noticiasribeiraopreto.com.br\/wp-content\/uploads\/2025\/06\/a.ok_.cinema.capa_1_2025-06-11_20-57-38.webp.webp?fit=1000%2C666&ssl=1&resize=350%2C200 1x, https:\/\/i0.wp.com\/noticiasribeiraopreto.com.br\/wp-content\/uploads\/2025\/06\/a.ok_.cinema.capa_1_2025-06-11_20-57-38.webp.webp?fit=1000%2C666&ssl=1&resize=525%2C300 1.5x, https:\/\/i0.wp.com\/noticiasribeiraopreto.com.br\/wp-content\/uploads\/2025\/06\/a.ok_.cinema.capa_1_2025-06-11_20-57-38.webp.webp?fit=1000%2C666&ssl=1&resize=700%2C400 2x"},"classes":[]},{"id":21094,"url":"https:\/\/noticiasribeiraopreto.com.br\/index.php\/2023\/12\/27\/vestas-conquista-contrato-de-254-mw-para-projeto-eolico-na-australia-renews-renewable-energy-news-vestas\/","url_meta":{"origin":15976,"position":3},"title":"Vestas conquista contrato de 254 MW para projeto e\u00f3lico na Austr\u00e1lia &#8211; reNews &#8211; Renewable Energy News &#8211; Vestas","author":"noticiasribeiraopreto.com.br","date":"27 de December de 2023","format":false,"excerpt":"Vestas ganha contrato de 254 MW para projeto e\u00f3lico na Austr\u00e1lia \u2013 FOTO: \u00a92023 Re News.Biz Fabricante dinamarqu\u00eas fornecer\u00e1 turbinas V162-6,2 MW EnVentus para projeto e\u00f3lico de 254 MW na Austr\u00e1lia no 4\u00ba trimestre de 2024, incluindo EPC e contrato de servi\u00e7o de 30 anos. A Vestas foi escolhida para\u2026","rel":"","context":"In &quot;Vagas de Emprego em Ribeir\u00e3o Preto-SP&quot;","block_context":{"text":"Vagas de Emprego em Ribeir\u00e3o Preto-SP","link":"https:\/\/noticiasribeiraopreto.com.br\/index.php\/category\/empregos-classificados-vagas-trabalho\/vagas-de-empregos-em-ribeirao-preto-regiao-brasil\/"},"img":{"alt_text":"","src":"https:\/\/i0.wp.com\/noticiasribeiraopreto.com.br\/wp-content\/uploads\/2023\/12\/vestas-conquista-contrato-de-254-mw-para-projeto-eolico-na-australia-renews-renewable-energy-news-vestas.jpg?fit=770%2C440&ssl=1&resize=350%2C200","width":350,"height":200,"srcset":"https:\/\/i0.wp.com\/noticiasribeiraopreto.com.br\/wp-content\/uploads\/2023\/12\/vestas-conquista-contrato-de-254-mw-para-projeto-eolico-na-australia-renews-renewable-energy-news-vestas.jpg?fit=770%2C440&ssl=1&resize=350%2C200 1x, https:\/\/i0.wp.com\/noticiasribeiraopreto.com.br\/wp-content\/uploads\/2023\/12\/vestas-conquista-contrato-de-254-mw-para-projeto-eolico-na-australia-renews-renewable-energy-news-vestas.jpg?fit=770%2C440&ssl=1&resize=525%2C300 1.5x, https:\/\/i0.wp.com\/noticiasribeiraopreto.com.br\/wp-content\/uploads\/2023\/12\/vestas-conquista-contrato-de-254-mw-para-projeto-eolico-na-australia-renews-renewable-energy-news-vestas.jpg?fit=770%2C440&ssl=1&resize=700%2C400 2x"},"classes":[]},{"id":18859,"url":"https:\/\/noticiasribeiraopreto.com.br\/index.php\/2023\/12\/21\/suomen-hyotytuuli-recebe-licencas-para-piloto-de-extensao-de-tahkoluoto-renews-renewable-energy-news-projeto-de-extensao-de-tahkoluoto-e-autorizado\/","url_meta":{"origin":15976,"position":4},"title":"Suomen Hyotytuuli recebe licen\u00e7as para piloto de extens\u00e3o de Tahkoluoto &#8211; reNews &#8211; Renewable Energy News: Projeto de extens\u00e3o de Tahkoluoto \u00e9 autorizado.","author":"noticiasribeiraopreto.com.br","date":"21 de December de 2023","format":false,"excerpt":"Suomen Hyotytuuli recebeu autoriza\u00e7\u00f5es para projeto de extens\u00e3o de Tahkoluoto \u2013 FOTO: \u00a92023 Re News.Biz Suomen Hyotytuuli planeja construir duas turbinas e\u00f3licas em \u00e1guas profundas da Finl\u00e2ndia para ampliar o parque e\u00f3lico, ap\u00f3s avalia\u00e7\u00e3o do impacto ambiental e licenciamento. Monitoramento cont\u00ednuo dos impactos. Suomen Hyotytuuli obteve licen\u00e7as de \u00e1gua e\u2026","rel":"","context":"In &quot;Vagas de Emprego em Ribeir\u00e3o Preto-SP&quot;","block_context":{"text":"Vagas de Emprego em Ribeir\u00e3o Preto-SP","link":"https:\/\/noticiasribeiraopreto.com.br\/index.php\/category\/empregos-classificados-vagas-trabalho\/vagas-de-empregos-em-ribeirao-preto-regiao-brasil\/"},"img":{"alt_text":"","src":"https:\/\/i0.wp.com\/noticiasribeiraopreto.com.br\/wp-content\/uploads\/2023\/12\/suomen-hyotytuuli-recebe-licencas-para-piloto-de-extensao-de-tahkoluoto-renews-renewable-energy-news-projeto-de-extensao-de-tahkoluoto-e-autorizado-638x450.jpg?fit=638%2C450&ssl=1&resize=350%2C200","width":350,"height":200,"srcset":"https:\/\/i0.wp.com\/noticiasribeiraopreto.com.br\/wp-content\/uploads\/2023\/12\/suomen-hyotytuuli-recebe-licencas-para-piloto-de-extensao-de-tahkoluoto-renews-renewable-energy-news-projeto-de-extensao-de-tahkoluoto-e-autorizado-638x450.jpg?fit=638%2C450&ssl=1&resize=350%2C200 1x, https:\/\/i0.wp.com\/noticiasribeiraopreto.com.br\/wp-content\/uploads\/2023\/12\/suomen-hyotytuuli-recebe-licencas-para-piloto-de-extensao-de-tahkoluoto-renews-renewable-energy-news-projeto-de-extensao-de-tahkoluoto-e-autorizado-638x450.jpg?fit=638%2C450&ssl=1&resize=525%2C300 1.5x"},"classes":[]},{"id":78771,"url":"https:\/\/noticiasribeiraopreto.com.br\/index.php\/2025\/10\/17\/escolas-publicas-de-ribeirao-preto-e-regiao-recebem-usinas-solares\/","url_meta":{"origin":15976,"position":5},"title":"Escolas p\u00fablicas de Ribeir\u00e3o Preto e regi\u00e3o recebem usinas solares","author":"noticiasribeiraopreto.com.br","date":"17 de October de 2025","format":false,"excerpt":"Dez escolas da rede p\u00fablica da \u00e1rea de concess\u00e3o da CPFL Paulista, sendo sete na regi\u00e3o de Ribeir\u00e3o Preto, passam a gerar sua pr\u00f3pria energia limpa e sustent\u00e1vel por meio de usinas solares. A iniciativa integra o projeto CPFL nas Escolas, que leva efici\u00eancia energ\u00e9tica para institui\u00e7\u00f5es de ensino. Com\u2026","rel":"","context":"In &quot;Not\u00edcias de Ribeir\u00e3o Preto-SP e Regi\u00e3o&quot;","block_context":{"text":"Not\u00edcias de Ribeir\u00e3o Preto-SP e Regi\u00e3o","link":"https:\/\/noticiasribeiraopreto.com.br\/index.php\/category\/noticias-de-ribeirao-preto-sp-e-regiao-ismael-colosi\/"},"img":{"alt_text":"","src":"https:\/\/i0.wp.com\/noticiasribeiraopreto.com.br\/wp-content\/uploads\/2025\/10\/usinas-solares_2025-10-17_18-44-35.webp.webp?fit=1200%2C677&ssl=1&resize=350%2C200","width":350,"height":200,"srcset":"https:\/\/i0.wp.com\/noticiasribeiraopreto.com.br\/wp-content\/uploads\/2025\/10\/usinas-solares_2025-10-17_18-44-35.webp.webp?fit=1200%2C677&ssl=1&resize=350%2C200 1x, https:\/\/i0.wp.com\/noticiasribeiraopreto.com.br\/wp-content\/uploads\/2025\/10\/usinas-solares_2025-10-17_18-44-35.webp.webp?fit=1200%2C677&ssl=1&resize=525%2C300 1.5x, https:\/\/i0.wp.com\/noticiasribeiraopreto.com.br\/wp-content\/uploads\/2025\/10\/usinas-solares_2025-10-17_18-44-35.webp.webp?fit=1200%2C677&ssl=1&resize=700%2C400 2x, https:\/\/i0.wp.com\/noticiasribeiraopreto.com.br\/wp-content\/uploads\/2025\/10\/usinas-solares_2025-10-17_18-44-35.webp.webp?fit=1200%2C677&ssl=1&resize=1050%2C600 3x"},"classes":[]}],"jetpack_sharing_enabled":true,"jetpack_shortlink":"https:\/\/wp.me\/peQAOb-49G","_links":{"self":[{"href":"https:\/\/noticiasribeiraopreto.com.br\/index.php\/wp-json\/wp\/v2\/posts\/15976","targetHints":{"allow":["GET"]}}],"collection":[{"href":"https:\/\/noticiasribeiraopreto.com.br\/index.php\/wp-json\/wp\/v2\/posts"}],"about":[{"href":"https:\/\/noticiasribeiraopreto.com.br\/index.php\/wp-json\/wp\/v2\/types\/post"}],"author":[{"embeddable":true,"href":"https:\/\/noticiasribeiraopreto.com.br\/index.php\/wp-json\/wp\/v2\/users\/1"}],"replies":[{"embeddable":true,"href":"https:\/\/noticiasribeiraopreto.com.br\/index.php\/wp-json\/wp\/v2\/comments?post=15976"}],"version-history":[{"count":0,"href":"https:\/\/noticiasribeiraopreto.com.br\/index.php\/wp-json\/wp\/v2\/posts\/15976\/revisions"}],"wp:featuredmedia":[{"embeddable":true,"href":"https:\/\/noticiasribeiraopreto.com.br\/index.php\/wp-json\/wp\/v2\/media\/15977"}],"wp:attachment":[{"href":"https:\/\/noticiasribeiraopreto.com.br\/index.php\/wp-json\/wp\/v2\/media?parent=15976"}],"wp:term":[{"taxonomy":"category","embeddable":true,"href":"https:\/\/noticiasribeiraopreto.com.br\/index.php\/wp-json\/wp\/v2\/categories?post=15976"},{"taxonomy":"post_tag","embeddable":true,"href":"https:\/\/noticiasribeiraopreto.com.br\/index.php\/wp-json\/wp\/v2\/tags?post=15976"}],"curies":[{"name":"wp","href":"https:\/\/api.w.org\/{rel}","templated":true}]}}