{"id":16062,"date":"2023-12-14T21:09:40","date_gmt":"2023-12-15T00:09:40","guid":{"rendered":"https:\/\/noticiasribeiraopreto.com.br\/index.php\/2023\/12\/14\/edital-para-auditor-previsto-para-sair-em-janeiro\/"},"modified":"2023-12-14T21:09:40","modified_gmt":"2023-12-15T00:09:40","slug":"edital-para-auditor-previsto-para-sair-em-janeiro","status":"publish","type":"post","link":"https:\/\/noticiasribeiraopreto.com.br\/index.php\/2023\/12\/14\/edital-para-auditor-previsto-para-sair-em-janeiro\/","title":{"rendered":"edital para auditor previsto para sair em janeiro"},"content":{"rendered":"<div class='code-block code-block-1' style='margin: 8px 0 8px auto; text-align: right; display: block; clear: both;'>\n<p><a href=\"https:\/\/wa.link\/vpicfd\"><img data-recalc-dims=\"1\" class=\"wp-image-4922\" style=\"aspect-ratio: 2.0253164556962027; width: 561px; height: auto;\" src=\"https:\/\/i0.wp.com\/ismaelcolosi.com.br\/wp-content\/uploads\/2023\/11\/grupo-de-empregos-whatsapp-e-facebook-ismael-colosi-vagas.jpg?ssl=1\" alt=\"\" \/><\/a><\/p>\n<!-- \/wp:image -->\n<\/div>\n<p> <br \/>\n<\/p>\n<div>\n<p>O <a href=\"https:\/\/jcconcursos.com.br\/concurso\/concurso-ministerio-da-fazenda-78505\" rel=\"noopener\" target=\"_blank\">concurso Minist\u00e9rio da Fazenda<\/a>, autorizado em 19 de julho, pela ministra da Gest\u00e3o e da Inova\u00e7\u00e3o dos Servi\u00e7os P\u00fablicos Esther Dweck, est\u00e1 em fase de defini\u00e7\u00e3o da banca organizadora, que deve ser anunciada no decorrer dos pr\u00f3ximos dias. Acontece que, de acordo com o aval, a publica\u00e7\u00e3o do edital deve ocorrer, no mais tardar, at\u00e9 a segunda quinzena de janeiro. <a href=\"https:\/\/jcconcursos.com.br\/noticia\/concursos\/concurso-ministerio-da-fazenda-nao-deve-fazer-parte-da-selecao-nacional-116226\" rel=\"noopener\" target=\"_blank\">A sele\u00e7\u00e3o n\u00e3o deve fazer parte do Concurso Nacional Unificado<\/a>.<\/p>\n<p>Ao todo, o novo concurso do <a href=\"https:\/\/www.gov.br\/fazenda\/pt-br\" rel=\"noopener\" target=\"_blank\">Minist\u00e9rio da Fazenda<\/a> deve contar com uma oferta de 40 vagas para o cargo de auditor federal de finan\u00e7as e controle. Para concorrer \u00e9 necess\u00e1rio possuir <a href=\"https:\/\/jcconcursos.com.br\/concursos\/nivel-escolar\/superior\" rel=\"noopener\" target=\"_blank\">forma\u00e7\u00e3o de n\u00edvel superior<\/a>, com remunera\u00e7\u00e3o inicial de R$ 19.655,06.<\/p>\n<p>De acordo com a portaria do concurso divulgada no di\u00e1rio oficial, uma vez publicado o edital, a aplica\u00e7\u00e3o das provas deve ocorrer dentro de um prazo de dois meses.<\/p>\n<h2>Concurso Minist\u00e9rio da Fazenda: veja atribui\u00e7\u00f5es do cargo<\/h2>\n<ul>\n<li>Atividade de n\u00edvel superior, de complexidade e responsabilidade elevadas, compreendendo supervis\u00e3o, coordena\u00e7\u00e3o, dire\u00e7\u00e3o e execu\u00e7\u00e3o de trabalhos especializados sobre gest\u00e3o or\u00e7ament\u00e1ria, financeira e patrimonial, an\u00e1lise cont\u00e1bil e de programas;<\/li>\n<li>assessoramento especializado em todos os n\u00edveis funcionais dos Sistemas de Administra\u00e7\u00e3o Financeira Federal e de Contabilidade Federal;<\/li>\n<li>orienta\u00e7\u00e3o e supervis\u00e3o de auxiliares;<\/li>\n<li>an\u00e1lise, pesquisa e per\u00edcia dos atos e fatos de administra\u00e7\u00e3o or\u00e7ament\u00e1ria, financeira e patrimonial;<\/li>\n<li>interpreta\u00e7\u00e3o da legisla\u00e7\u00e3o econ\u00f4mico-fiscal e financeira;<\/li>\n<li>supervis\u00e3o, coordena\u00e7\u00e3o e execu\u00e7\u00e3o dos trabalhos referentes \u00e0 programa\u00e7\u00e3o financeira anual e plurianual da Uni\u00e3o;<\/li>\n<li>moderniza\u00e7\u00e3o e informatiza\u00e7\u00e3o da administra\u00e7\u00e3o financeira do Governo Federal<\/li>\n<\/ul>\n<h2>Saiba como foi a \u00faltima sele\u00e7\u00e3o<\/h2>\n<p>O \u00faltimo <strong>concurso Minist\u00e9rio da Fazenda<\/strong> para o cargo ocorreu em 2012, quando foram oferecidas 255 vagas. Na ocasi\u00e3o, a carreira era chamada de analista de finan\u00e7as e controle. A banca organizadora foi a Esaf.<\/p>\n<p>As oportunidades foram para as seguintes \u00e1reas:<\/p>\n<ul>\n<li>Cont\u00e1bil<\/li>\n<li>Desenvolvimento Institucional<\/li>\n<li>Econ\u00f4mico-financeira<\/li>\n<li>Tecnologia da Informa\u00e7\u00e3o: Governan\u00e7a e Gest\u00e3o em Tecnologia da Informa\u00e7\u00e3o<\/li>\n<li>Tecnologia da Informa\u00e7\u00e3o: Gest\u00e3o em Infraestrutura de Tecnologia da Informa\u00e7\u00e3o<\/li>\n<\/ul>\n<p><a id=\"gnews_btn\" href=\"https:\/\/news.google.com\/publications\/CAAqBwgKMOixlQswuZWrAw\" target=\"_blank\" class=\"border_jc_blue link_hover_bg_jc_blue font_85 d-block d-md-inline-block px-2 py-1 mr-0 mr-md-2 mb-3 w-100 text-center\" rel=\"noopener\"><span class=\"text_jc_blue\">Siga o <strong>JC Concursos no Google News<\/strong><\/span><\/a><span id=\"resumo\" class=\"anchor_link\"\/><\/p>\n<div class=\"concurso_box_v2 px-4 py-4 mb-3 mt-1\"><a href=\"https:\/\/jcconcursos.com.br\/concurso\/concurso-ministerio-da-fazenda-78505\"> <\/p>\n<h3 class=\"mb-3\"><span class=\"text_jc_blue\">+ <\/span>Resumo do Concurso Minist\u00e9rio da Fazenda 2023<br \/><\/h3>\n<p> <\/a> <\/p>\n<p class=\"mb-4 small\"><a href=\"https:\/\/jcconcursos.com.br\/concursos\/por-orgao\/ministerio-da-fazenda\"><br \/>Minist\u00e9rio da Fazenda<br \/><\/a><br \/><strong>Vagas:<\/strong> 40 <br \/><strong>Taxa de inscri\u00e7\u00e3o: <\/strong><br \/>N\u00e3o definido <br \/><strong>Cargos: <\/strong><a href=\"https:\/\/jcconcursos.com.br\/concursos\/por-cargo\/auditor-federal-de-controle-externo\">Auditor federal de controle externo<\/a><br \/><strong>\u00c1reas de Atua\u00e7\u00e3o: <\/strong><a href=\"https:\/\/jcconcursos.com.br\/concursos\/por-area\/fiscal\">Fiscal<\/a><br \/><strong>Escolaridade: <\/strong><a href=\"https:\/\/jcconcursos.com.br\/concursos\/nivel-escolar\/superior\">Ensino Superior<\/a><br \/><strong>Faixa de sal\u00e1rio: <\/strong><br \/>At\u00e9 R$ 19655,00<\/p>\n<p><strong>Organizadora: <\/strong><a href=\"https:\/\/jcconcursos.com.br\/concursos\/por-organizadora\/wwwtrf1govbr\">www.trf1.gov.br<\/a><br \/><strong>Estados com Vagas: <\/strong><a href=\"https:\/\/jcconcursos.com.br\/concursos\/ac\">AC<\/a>,<br \/><a href=\"https:\/\/jcconcursos.com.br\/concursos\/al\">AL<\/a>,<br \/><a href=\"https:\/\/jcconcursos.com.br\/concursos\/ap\">AP<\/a>,<br \/><a href=\"https:\/\/jcconcursos.com.br\/concursos\/am\">AM<\/a>,<br \/><a href=\"https:\/\/jcconcursos.com.br\/concursos\/ba\">BA<\/a>,<br \/><a href=\"https:\/\/jcconcursos.com.br\/concursos\/ce\">CE<\/a>,<br \/><a href=\"https:\/\/jcconcursos.com.br\/concursos\/df\">DF<\/a>,<br \/><a href=\"https:\/\/jcconcursos.com.br\/concursos\/es\">ES<\/a>,<br \/><a href=\"https:\/\/jcconcursos.com.br\/concursos\/go\">GO\u200d<\/a>,<br \/><a href=\"https:\/\/jcconcursos.com.br\/concursos\/ma\">MA<\/a>,<br \/><a href=\"https:\/\/jcconcursos.com.br\/concursos\/mt\">MT<\/a>,<br \/><a href=\"https:\/\/jcconcursos.com.br\/concursos\/ms\">MS<\/a>,<br \/><a href=\"https:\/\/jcconcursos.com.br\/concursos\/mg\">MG<\/a>,<br \/><a href=\"https:\/\/jcconcursos.com.br\/concursos\/pa\">PA<\/a>,<br \/><a href=\"https:\/\/jcconcursos.com.br\/concursos\/pb\">PB<\/a>,<br \/><a href=\"https:\/\/jcconcursos.com.br\/concursos\/pr\">PR<\/a>,<br \/><a href=\"https:\/\/jcconcursos.com.br\/concursos\/pe\">PE<\/a>,<br \/><a href=\"https:\/\/jcconcursos.com.br\/concursos\/pi\">PI<\/a>,<br \/><a href=\"https:\/\/jcconcursos.com.br\/concursos\/rj\">RJ<\/a>,<br \/><a href=\"https:\/\/jcconcursos.com.br\/concursos\/rn\">RN<\/a>,<br \/><a href=\"https:\/\/jcconcursos.com.br\/concursos\/rs\">RS<\/a>,<br \/><a href=\"https:\/\/jcconcursos.com.br\/concursos\/ro\">RO<\/a>,<br \/><a href=\"https:\/\/jcconcursos.com.br\/concursos\/rr\">RR<\/a>,<br \/><a href=\"https:\/\/jcconcursos.com.br\/concursos\/sc\">SC<\/a>,<br \/><a href=\"https:\/\/jcconcursos.com.br\/concursos\/sp\">SP<\/a>,<br \/><a href=\"https:\/\/jcconcursos.com.br\/concursos\/se\">SE<\/a>,<br \/><a href=\"https:\/\/jcconcursos.com.br\/concursos\/to\">TO<\/a><\/p>\n<\/p><\/div>\n<p><a href=\"https:\/\/jcconcursos.com.br\/\" class=\"badge badge-light\">concursos<\/a><a href=\"https:\/\/jcconcursos.com.br\/concursos\/nacional\" class=\"badge badge-light\">concursos federais<\/a><a href=\"https:\/\/jcconcursos.com.br\/concursos\/previstos\" class=\"badge badge-light\">concursos 2023<\/a><a href=\"https:\/\/jcconcursos.com.br\/provas\/por-orgao\" class=\"badge badge-light\">provas anteriores<\/a><\/p>\n<\/div>\n<p><br \/>\n<br \/><a href=\"https:\/\/ismaelcolosi.com.br\/edital-para-auditor-previsto-para-sair-em-janeiro\/\">Source link <\/a><\/p>\n<!-- CONTENT END 1 -->\n","protected":false},"excerpt":{"rendered":"<p>O concurso Minist\u00e9rio da Fazenda, autorizado em 19 de julho, pela ministra da Gest\u00e3o e da Inova\u00e7\u00e3o dos Servi\u00e7os P\u00fablicos Esther Dweck, est\u00e1 em fase&#8230;<\/p>\n","protected":false},"author":1,"featured_media":16063,"comment_status":"open","ping_status":"open","sticky":false,"template":"","format":"standard","meta":{"advanced_seo_description":"","jetpack_seo_html_title":"","jetpack_seo_noindex":false,"jetpack_post_was_ever_published":false,"_jetpack_newsletter_access":"","_jetpack_dont_email_post_to_subs":false,"_jetpack_newsletter_tier_id":0,"_jetpack_memberships_contains_paywalled_content":false,"_jetpack_memberships_contains_paid_content":false,"footnotes":"","jetpack_publicize_message":"","jetpack_publicize_feature_enabled":true,"jetpack_social_post_already_shared":true,"jetpack_social_options":{"image_generator_settings":{"template":"highway","default_image_id":0,"font":"","enabled":false},"version":2}},"categories":[7],"tags":[],"class_list":["post-16062","post","type-post","status-publish","format-standard","has-post-thumbnail","hentry","category-vagas-de-empregos-em-ribeirao-preto-regiao-brasil"],"jetpack_publicize_connections":[],"jetpack_featured_media_url":"https:\/\/i0.wp.com\/noticiasribeiraopreto.com.br\/wp-content\/uploads\/2023\/12\/ministerio_da_fazenda_novoo.jpg?fit=1920%2C1080&ssl=1","jetpack-related-posts":[{"id":20032,"url":"https:\/\/noticiasribeiraopreto.com.br\/index.php\/2023\/12\/23\/concursos-2024-veja-os-editais-previstos-para-area-fiscal\/","url_meta":{"origin":16062,"position":0},"title":"Concursos 2024: veja os editais previstos para \u00e1rea fiscal","author":"noticiasribeiraopreto.com.br","date":"23 de December de 2023","format":false,"excerpt":"Confira os sal\u00e1rios e cargos destes concursos 2024 Se voc\u00ea est\u00e1 se preparando para os concursos 2024, veja a lista que separamos a seguir. Os certames contam com v\u00e1rios cargos e n\u00edveis de escolaridade. Veja. Concursos 2024 e vagas No Concurso Nacional Unificado, o certame AFT destaca-se ao oferecer 900\u2026","rel":"","context":"In &quot;Vagas de Emprego em Ribeir\u00e3o Preto-SP&quot;","block_context":{"text":"Vagas de Emprego em Ribeir\u00e3o Preto-SP","link":"https:\/\/noticiasribeiraopreto.com.br\/index.php\/category\/empregos-classificados-vagas-trabalho\/vagas-de-empregos-em-ribeirao-preto-regiao-brasil\/"},"img":{"alt_text":"","src":"","width":0,"height":0},"classes":[]},{"id":16618,"url":"https:\/\/noticiasribeiraopreto.com.br\/index.php\/2023\/12\/15\/concurso-anatel-banca-e-definida-e-edital-confirmado-50-vagas-com-salarios-ate-r-17-mil\/","url_meta":{"origin":16062,"position":1},"title":"Concurso ANATEL: banca \u00e9 definida e edital confirmado; 50 vagas com sal\u00e1rios at\u00e9 R$ 17 mil","author":"noticiasribeiraopreto.com.br","date":"15 de December de 2023","format":false,"excerpt":"Mesmo com o prazo apertado, a ANATEL conseguir realizar a defini\u00e7\u00e3o da banca. Edital est\u00e1 previsto para janeiro. O concurso ANATEL j\u00e1 tem banca organizadora. A estatal revelou que a empresa contratada para dar seguimento ao edital \u00e9 o Cebraspe. Agora, com a defini\u00e7\u00e3o da banca, a expectativa \u00e9 pela\u2026","rel":"","context":"In &quot;Vagas de Emprego em Ribeir\u00e3o Preto-SP&quot;","block_context":{"text":"Vagas de Emprego em Ribeir\u00e3o Preto-SP","link":"https:\/\/noticiasribeiraopreto.com.br\/index.php\/category\/empregos-classificados-vagas-trabalho\/vagas-de-empregos-em-ribeirao-preto-regiao-brasil\/"},"img":{"alt_text":"","src":"https:\/\/i0.wp.com\/noticiasribeiraopreto.com.br\/wp-content\/uploads\/2023\/12\/noticiasconcursos.com_.br-anatel-capa.jpg?fit=1200%2C877&ssl=1&resize=350%2C200","width":350,"height":200,"srcset":"https:\/\/i0.wp.com\/noticiasribeiraopreto.com.br\/wp-content\/uploads\/2023\/12\/noticiasconcursos.com_.br-anatel-capa.jpg?fit=1200%2C877&ssl=1&resize=350%2C200 1x, https:\/\/i0.wp.com\/noticiasribeiraopreto.com.br\/wp-content\/uploads\/2023\/12\/noticiasconcursos.com_.br-anatel-capa.jpg?fit=1200%2C877&ssl=1&resize=525%2C300 1.5x, https:\/\/i0.wp.com\/noticiasribeiraopreto.com.br\/wp-content\/uploads\/2023\/12\/noticiasconcursos.com_.br-anatel-capa.jpg?fit=1200%2C877&ssl=1&resize=700%2C400 2x, https:\/\/i0.wp.com\/noticiasribeiraopreto.com.br\/wp-content\/uploads\/2023\/12\/noticiasconcursos.com_.br-anatel-capa.jpg?fit=1200%2C877&ssl=1&resize=1050%2C600 3x"},"classes":[]},{"id":11741,"url":"https:\/\/noticiasribeiraopreto.com.br\/index.php\/2023\/12\/06\/edital-previsto-para-ser-publicado-em-janeiro-2\/","url_meta":{"origin":16062,"position":2},"title":"edital previsto para ser publicado em janeiro","author":"noticiasribeiraopreto.com.br","date":"6 de December de 2023","format":false,"excerpt":"O edital do novo concurso Anatel (Ag\u00eancia Nacional de Telecomunica\u00e7\u00f5es) est\u00e1 previsto para ser publicado at\u00e9 meados de janeiro. Para isso, o principal entrave \u00e9 a defini\u00e7\u00e3o da banca organizadora, que deve ser anunciada no decorrer dos pr\u00f3ximos dias, ainda em dezembro. No entanto, somente ap\u00f3s a assinatura do respectivo\u2026","rel":"","context":"In &quot;Vagas de Emprego em Ribeir\u00e3o Preto-SP&quot;","block_context":{"text":"Vagas de Emprego em Ribeir\u00e3o Preto-SP","link":"https:\/\/noticiasribeiraopreto.com.br\/index.php\/category\/empregos-classificados-vagas-trabalho\/vagas-de-empregos-em-ribeirao-preto-regiao-brasil\/"},"img":{"alt_text":"","src":"https:\/\/i0.wp.com\/noticiasribeiraopreto.com.br\/wp-content\/uploads\/2023\/12\/anatel_novooo.jpg?fit=1200%2C675&ssl=1&resize=350%2C200","width":350,"height":200,"srcset":"https:\/\/i0.wp.com\/noticiasribeiraopreto.com.br\/wp-content\/uploads\/2023\/12\/anatel_novooo.jpg?fit=1200%2C675&ssl=1&resize=350%2C200 1x, https:\/\/i0.wp.com\/noticiasribeiraopreto.com.br\/wp-content\/uploads\/2023\/12\/anatel_novooo.jpg?fit=1200%2C675&ssl=1&resize=525%2C300 1.5x, https:\/\/i0.wp.com\/noticiasribeiraopreto.com.br\/wp-content\/uploads\/2023\/12\/anatel_novooo.jpg?fit=1200%2C675&ssl=1&resize=700%2C400 2x, https:\/\/i0.wp.com\/noticiasribeiraopreto.com.br\/wp-content\/uploads\/2023\/12\/anatel_novooo.jpg?fit=1200%2C675&ssl=1&resize=1050%2C600 3x"},"classes":[]},{"id":32327,"url":"https:\/\/noticiasribeiraopreto.com.br\/index.php\/2024\/01\/24\/ministerio-do-planejamento-publica-edital-de-concurso-com-100-vagas\/","url_meta":{"origin":16062,"position":3},"title":"Minist\u00e9rio do Planejamento publica edital de concurso com 100 vagas","author":"noticiasribeiraopreto.com.br","date":"24 de January de 2024","format":false,"excerpt":"24 de janeiro de 2024 | 17:53 0O Minist\u00e9rio do Planejamento e Or\u00e7amento publicou nesta quarta-feira (24), no\u00a0Di\u00e1rio Oficial da Uni\u00e3o\u00a0(DOU), o\u00a0edital do concurso\u00a0para o preenchimento de 100 vagas imediatas de n\u00edvel superior.Todas as vagas s\u00e3o para a carreira de analista de planejamento e or\u00e7amento, em oito especialidades, toda abertas\u2026","rel":"","context":"In &quot;Not\u00edcias de Ribeir\u00e3o Preto-SP e Regi\u00e3o&quot;","block_context":{"text":"Not\u00edcias de Ribeir\u00e3o Preto-SP e Regi\u00e3o","link":"https:\/\/noticiasribeiraopreto.com.br\/index.php\/category\/noticias-de-ribeirao-preto-sp-e-regiao-ismael-colosi\/"},"img":{"alt_text":"","src":"https:\/\/i0.wp.com\/noticiasribeiraopreto.com.br\/wp-content\/uploads\/2024\/01\/concurso-scaled.jpeg?fit=968%2C645&ssl=1&resize=350%2C200","width":350,"height":200,"srcset":"https:\/\/i0.wp.com\/noticiasribeiraopreto.com.br\/wp-content\/uploads\/2024\/01\/concurso-scaled.jpeg?fit=968%2C645&ssl=1&resize=350%2C200 1x, https:\/\/i0.wp.com\/noticiasribeiraopreto.com.br\/wp-content\/uploads\/2024\/01\/concurso-scaled.jpeg?fit=968%2C645&ssl=1&resize=525%2C300 1.5x, https:\/\/i0.wp.com\/noticiasribeiraopreto.com.br\/wp-content\/uploads\/2024\/01\/concurso-scaled.jpeg?fit=968%2C645&ssl=1&resize=700%2C400 2x"},"classes":[]},{"id":19734,"url":"https:\/\/noticiasribeiraopreto.com.br\/index.php\/2023\/12\/23\/1-800-vagas-veja-o-que-o-ministro-afirma-sobre-o-concurso-aft\/","url_meta":{"origin":16062,"position":4},"title":"1.800 vagas? Veja o que o ministro afirma sobre o CONCURSO AFT!","author":"noticiasribeiraopreto.com.br","date":"23 de December de 2023","format":false,"excerpt":"Concurso AFT pode dobrar oportunidades! O Ministro Luiz Marinho falou sobre dobrar a quantidade de vagas do concurso AFT- Auditor Fiscal do Trabalho. Inicialmente, est\u00e3o autorizadas 900 vagas. O que aconteceu? Veja as explica\u00e7\u00f5es a seguir. Amplia\u00e7\u00e3o de Vagas no Concurso AFT O concurso para Auditor-Fiscal do Trabalho (AFT) pode\u2026","rel":"","context":"In &quot;Vagas de Emprego em Ribeir\u00e3o Preto-SP&quot;","block_context":{"text":"Vagas de Emprego em Ribeir\u00e3o Preto-SP","link":"https:\/\/noticiasribeiraopreto.com.br\/index.php\/category\/empregos-classificados-vagas-trabalho\/vagas-de-empregos-em-ribeirao-preto-regiao-brasil\/"},"img":{"alt_text":"","src":"https:\/\/i0.wp.com\/noticiasribeiraopreto.com.br\/wp-content\/uploads\/2023\/12\/noticiasconcursos.com_.br-1-800-vagas-veja-o-que-o-ministro-afirma-sobre-o-concurso-aft-pexels-tima-miroshnichenko-6694958.jpg?fit=1200%2C800&ssl=1&resize=350%2C200","width":350,"height":200,"srcset":"https:\/\/i0.wp.com\/noticiasribeiraopreto.com.br\/wp-content\/uploads\/2023\/12\/noticiasconcursos.com_.br-1-800-vagas-veja-o-que-o-ministro-afirma-sobre-o-concurso-aft-pexels-tima-miroshnichenko-6694958.jpg?fit=1200%2C800&ssl=1&resize=350%2C200 1x, https:\/\/i0.wp.com\/noticiasribeiraopreto.com.br\/wp-content\/uploads\/2023\/12\/noticiasconcursos.com_.br-1-800-vagas-veja-o-que-o-ministro-afirma-sobre-o-concurso-aft-pexels-tima-miroshnichenko-6694958.jpg?fit=1200%2C800&ssl=1&resize=525%2C300 1.5x, https:\/\/i0.wp.com\/noticiasribeiraopreto.com.br\/wp-content\/uploads\/2023\/12\/noticiasconcursos.com_.br-1-800-vagas-veja-o-que-o-ministro-afirma-sobre-o-concurso-aft-pexels-tima-miroshnichenko-6694958.jpg?fit=1200%2C800&ssl=1&resize=700%2C400 2x, https:\/\/i0.wp.com\/noticiasribeiraopreto.com.br\/wp-content\/uploads\/2023\/12\/noticiasconcursos.com_.br-1-800-vagas-veja-o-que-o-ministro-afirma-sobre-o-concurso-aft-pexels-tima-miroshnichenko-6694958.jpg?fit=1200%2C800&ssl=1&resize=1050%2C600 3x"},"classes":[]},{"id":12783,"url":"https:\/\/noticiasribeiraopreto.com.br\/index.php\/2023\/12\/08\/concurso-bacen-em-ajustes-finais-edital-deve-ser-publicado-ate-janeiro\/","url_meta":{"origin":16062,"position":5},"title":"Concurso Bacen; em ajustes finais, edital deve ser publicado at\u00e9 janeiro","author":"noticiasribeiraopreto.com.br","date":"8 de December de 2023","format":false,"excerpt":"A publica\u00e7\u00e3o do edital do novo concurso Bacen (Banco Central do Brasil) depende apenas de \u00faltimos ajutes que est\u00e3o sendo feito em conjunto com a banca organizadora, que ser\u00e1 o Cebraspe. O contrato j\u00e1 est\u00e1 assinado, mas ainda n\u00e3o foi oficialmente publicado no di\u00e1rio oficial, o que deve ocorrer nos\u2026","rel":"","context":"In &quot;Vagas de Emprego em Ribeir\u00e3o Preto-SP&quot;","block_context":{"text":"Vagas de Emprego em Ribeir\u00e3o Preto-SP","link":"https:\/\/noticiasribeiraopreto.com.br\/index.php\/category\/empregos-classificados-vagas-trabalho\/vagas-de-empregos-em-ribeirao-preto-regiao-brasil\/"},"img":{"alt_text":"","src":"https:\/\/i0.wp.com\/noticiasribeiraopreto.com.br\/wp-content\/uploads\/2023\/12\/1702060405_bacen_novoo.jpg?fit=1200%2C675&ssl=1&resize=350%2C200","width":350,"height":200,"srcset":"https:\/\/i0.wp.com\/noticiasribeiraopreto.com.br\/wp-content\/uploads\/2023\/12\/1702060405_bacen_novoo.jpg?fit=1200%2C675&ssl=1&resize=350%2C200 1x, https:\/\/i0.wp.com\/noticiasribeiraopreto.com.br\/wp-content\/uploads\/2023\/12\/1702060405_bacen_novoo.jpg?fit=1200%2C675&ssl=1&resize=525%2C300 1.5x, https:\/\/i0.wp.com\/noticiasribeiraopreto.com.br\/wp-content\/uploads\/2023\/12\/1702060405_bacen_novoo.jpg?fit=1200%2C675&ssl=1&resize=700%2C400 2x, https:\/\/i0.wp.com\/noticiasribeiraopreto.com.br\/wp-content\/uploads\/2023\/12\/1702060405_bacen_novoo.jpg?fit=1200%2C675&ssl=1&resize=1050%2C600 3x"},"classes":[]}],"jetpack_sharing_enabled":true,"jetpack_shortlink":"https:\/\/wp.me\/peQAOb-4b4","_links":{"self":[{"href":"https:\/\/noticiasribeiraopreto.com.br\/index.php\/wp-json\/wp\/v2\/posts\/16062","targetHints":{"allow":["GET"]}}],"collection":[{"href":"https:\/\/noticiasribeiraopreto.com.br\/index.php\/wp-json\/wp\/v2\/posts"}],"about":[{"href":"https:\/\/noticiasribeiraopreto.com.br\/index.php\/wp-json\/wp\/v2\/types\/post"}],"author":[{"embeddable":true,"href":"https:\/\/noticiasribeiraopreto.com.br\/index.php\/wp-json\/wp\/v2\/users\/1"}],"replies":[{"embeddable":true,"href":"https:\/\/noticiasribeiraopreto.com.br\/index.php\/wp-json\/wp\/v2\/comments?post=16062"}],"version-history":[{"count":0,"href":"https:\/\/noticiasribeiraopreto.com.br\/index.php\/wp-json\/wp\/v2\/posts\/16062\/revisions"}],"wp:featuredmedia":[{"embeddable":true,"href":"https:\/\/noticiasribeiraopreto.com.br\/index.php\/wp-json\/wp\/v2\/media\/16063"}],"wp:attachment":[{"href":"https:\/\/noticiasribeiraopreto.com.br\/index.php\/wp-json\/wp\/v2\/media?parent=16062"}],"wp:term":[{"taxonomy":"category","embeddable":true,"href":"https:\/\/noticiasribeiraopreto.com.br\/index.php\/wp-json\/wp\/v2\/categories?post=16062"},{"taxonomy":"post_tag","embeddable":true,"href":"https:\/\/noticiasribeiraopreto.com.br\/index.php\/wp-json\/wp\/v2\/tags?post=16062"}],"curies":[{"name":"wp","href":"https:\/\/api.w.org\/{rel}","templated":true}]}}