{"id":16130,"date":"2023-12-15T00:44:59","date_gmt":"2023-12-15T03:44:59","guid":{"rendered":"https:\/\/noticiasribeiraopreto.com.br\/index.php\/2023\/12\/15\/hemocentro-de-ribeirao-preto-tem-processo-seletivo-com-salarios-de-r-6-mil\/"},"modified":"2023-12-15T00:44:59","modified_gmt":"2023-12-15T03:44:59","slug":"hemocentro-de-ribeirao-preto-tem-processo-seletivo-com-salarios-de-r-6-mil","status":"publish","type":"post","link":"https:\/\/noticiasribeiraopreto.com.br\/index.php\/2023\/12\/15\/hemocentro-de-ribeirao-preto-tem-processo-seletivo-com-salarios-de-r-6-mil\/","title":{"rendered":"Hemocentro de Ribeir\u00e3o Preto tem processo seletivo com sal\u00e1rios de R$ 6 mil"},"content":{"rendered":"<div class='code-block code-block-1' style='margin: 8px 0 8px auto; text-align: right; display: block; clear: both;'>\n<p><a href=\"https:\/\/wa.link\/vpicfd\"><img data-recalc-dims=\"1\" class=\"wp-image-4922\" style=\"aspect-ratio: 2.0253164556962027; width: 561px; height: auto;\" src=\"https:\/\/i0.wp.com\/ismaelcolosi.com.br\/wp-content\/uploads\/2023\/11\/grupo-de-empregos-whatsapp-e-facebook-ismael-colosi-vagas.jpg?ssl=1\" alt=\"\" \/><\/a><\/p>\n<!-- \/wp:image -->\n<\/div>\n<p> <br \/>\n<\/p>\n<p>A <strong><a href=\"https:\/\/www.hemocentro.fmrp.usp.br\/\" target=\"_blank\" rel=\"noreferrer noopener nofollow\">Funda\u00e7\u00e3o Hemocentro de Ribeir\u00e3o Preto<\/a><\/strong> publicou 5 editais de<strong> processo seletivo<\/strong> com 15 vagas dispon\u00edveis. As oportunidades s\u00e3o de n\u00edvel t\u00e9cnico e superior e <mark style=\"background-color:#fcb900\" class=\"has-inline-color has-black-color\">os sal\u00e1rios variam entre R$ 4.560 e R$ 6.500.<\/mark><\/p>\n<p>As inscri\u00e7\u00f5es devem ser realizadas pela internet, no<strong><a href=\"https:\/\/www.hemocentro.fmrp.usp.br\/\" target=\"_blank\" rel=\"noreferrer noopener nofollow\"> site do Hemocentro de Ribeir\u00e3o Preto<\/a><\/strong>, at\u00e9 as 23h59 de sexta-feira (15). O valor da taxa de inscri\u00e7\u00e3o varia entre R$ 40 e R$ 65 conforme a vaga escolhida.<\/p>\n<h4 class=\"wp-block-heading\"><strong>Veja as vagas dispon\u00edveis:<\/strong><\/h4>\n<p><strong>Edital 12\/2023<\/strong><\/p>\n<p>T\u00e9cnico de produ\u00e7\u00e3o \u2013 8 vagas<\/p>\n<p><strong>Edital 13\/2023<\/strong><\/p>\n<p>T\u00e9cnico mecatr\u00f4nico \u2013 4 vagas<\/p>\n<p><strong>Edital 14\/2023<\/strong><\/p>\n<p>Analista de controle de qualidade \u2013 1 vaga<\/p>\n<p><strong>Edital 15\/2023<\/strong><\/p>\n<p>Assistente de controle de qualidade de produ\u00e7\u00e3o \u2013 1 vaga<\/p>\n<p><strong>Edital 16\/2023<\/strong><\/p>\n<p>Assistente de garantia de qualidade de produ\u00e7\u00e3o \u2013 1 vaga<\/p>\n<p>As provas ser\u00e3o realizadas nos dias 19 e 20 de dezembro, conforme o cargo concorrido pelo candidato. Os editais do processo seletivo podem ser conferidos no <strong><a href=\"https:\/\/www.hemocentro.fmrp.usp.br\/\" target=\"_blank\" rel=\"noreferrer noopener nofollow\">site da Funda\u00e7\u00e3o Hemocentro de Ribeir\u00e3o Preto.<\/a><\/strong><\/p>\n<p>VEJA TAMB\u00c9M<br \/>Defesa Civil emite alerta para altas temperaturas no estado de SP; Veja as m\u00e1ximas por regi\u00e3o<\/p>\n<h4 class=\"wp-block-heading\"><strong>FIQUE ON<\/strong><\/h4>\n<p>Fique ligado em tudo que acontece em Ribeir\u00e3o Preto e regi\u00e3o. Siga os perfis do <strong>acidade on <\/strong>no <a href=\"https:\/\/www.instagram.com\/acidadeonribeirao\" target=\"_blank\" rel=\"noreferrer noopener nofollow\">Instagram <\/a>e no<a href=\"https:\/\/www.facebook.com\/acidadeonribeirao\" target=\"_blank\" rel=\"noreferrer noopener nofollow\"> Facebook.<\/a><\/p>\n<p>Receba not\u00edcias do<strong> acidade on<\/strong> no WhatsApp.<a href=\"https:\/\/chat.whatsapp.com\/Bnv2w66ZT4VDyZW3oiZ69n\" target=\"_blank\" rel=\"noreferrer noopener nofollow\"> Para entrar no grupo, basta clicar aqui.<\/a><\/p>\n<p>Fa\u00e7a uma den\u00fancia ou sugira uma reportagem sobre a Ribeir\u00e3o Preto e regi\u00e3o pelo WhatsApp: (16) 99117 7802.<\/p>\n<p>LEIA MAIS<br \/><a href=\"https:\/\/www.tudoep.com\/tudo-receitas\/NOT,0,0,1868759,biscoito-de-frigideira-com-tres-ingredientes-veja-como-fazer.aspx\" target=\"_blank\" rel=\"noreferrer noopener nofollow\">Biscoito de frigideira com tr\u00eas ingredientes: veja como fazer<\/a><\/p>\n<p>O post Hemocentro de Ribeir\u00e3o Preto tem processo seletivo com sal\u00e1rios de R$ 6 mil apareceu primeiro em ACidade ON Ribeir\u00e3o Preto.<\/p>\n<p><script async src=\"\/\/www.instagram.com\/embed.js\"><\/script><br \/>\n<br \/><br \/>\n<br \/><a href=\"https:\/\/www.acidadeon.com\/ribeiraopreto\/economia\/hemocentro-de-ribeirao-preto-tem-processo-seletivo-com-salarios-de-r-6-mil\/\">Source link <\/a><\/p>\n<!-- CONTENT END 1 -->\n","protected":false},"excerpt":{"rendered":"<p>A Funda\u00e7\u00e3o Hemocentro de Ribeir\u00e3o Preto publicou 5 editais de processo seletivo com 15 vagas dispon\u00edveis. As oportunidades s\u00e3o de n\u00edvel t\u00e9cnico e superior e&#8230;<\/p>\n","protected":false},"author":1,"featured_media":16131,"comment_status":"open","ping_status":"open","sticky":false,"template":"","format":"standard","meta":{"advanced_seo_description":"","jetpack_seo_html_title":"","jetpack_seo_noindex":false,"jetpack_post_was_ever_published":false,"_jetpack_newsletter_access":"","_jetpack_dont_email_post_to_subs":false,"_jetpack_newsletter_tier_id":0,"_jetpack_memberships_contains_paywalled_content":false,"_jetpack_memberships_contains_paid_content":false,"footnotes":"","jetpack_publicize_message":"","jetpack_publicize_feature_enabled":true,"jetpack_social_post_already_shared":true,"jetpack_social_options":{"image_generator_settings":{"template":"highway","default_image_id":0,"font":"","enabled":false},"version":2}},"categories":[11],"tags":[2200,402,27,245,26,768,246,162],"class_list":["post-16130","post","type-post","status-publish","format-standard","has-post-thumbnail","hentry","category-noticias-de-ribeirao-preto-sp-e-regiao-ismael-colosi","tag-hemocentro","tag-mil","tag-preto","tag-processo","tag-ribeirao","tag-salarios","tag-seletivo","tag-tem"],"jetpack_publicize_connections":[],"jetpack_featured_media_url":"https:\/\/i0.wp.com\/noticiasribeiraopreto.com.br\/wp-content\/uploads\/2023\/12\/hemocentro.png?fit=800%2C420&ssl=1","jetpack-related-posts":[{"id":31817,"url":"https:\/\/noticiasribeiraopreto.com.br\/index.php\/2024\/01\/23\/hemocentro-de-ribeirao-tem-processo-seletivo-com-salarios-de-r-29-mil\/","url_meta":{"origin":16130,"position":0},"title":"Hemocentro de Ribeir\u00e3o tem processo seletivo com sal\u00e1rios de R$ 2,9 mil","author":"noticiasribeiraopreto.com.br","date":"23 de January de 2024","format":false,"excerpt":"A Funda\u00e7\u00e3o Hemocentro de Ribeir\u00e3o Preto est\u00e1 com tr\u00eas processos seletivos abertos com sal\u00e1rios entre R$ 1,7 mil e R$ 2,9 mil. As vagas s\u00e3o para profissionais de n\u00edvel m\u00e9dio, t\u00e9cnico e superior. As inscri\u00e7\u00f5es devem ser realizadas pela internet, no site do Hemocentro, at\u00e9 as 23h59 do dia 25\u2026","rel":"","context":"In &quot;Not\u00edcias de Ribeir\u00e3o Preto-SP e Regi\u00e3o&quot;","block_context":{"text":"Not\u00edcias de Ribeir\u00e3o Preto-SP e Regi\u00e3o","link":"https:\/\/noticiasribeiraopreto.com.br\/index.php\/category\/noticias-de-ribeirao-preto-sp-e-regiao-ismael-colosi\/"},"img":{"alt_text":"","src":"https:\/\/i0.wp.com\/noticiasribeiraopreto.com.br\/wp-content\/uploads\/2024\/01\/hemocentro.png?fit=800%2C420&ssl=1&resize=350%2C200","width":350,"height":200,"srcset":"https:\/\/i0.wp.com\/noticiasribeiraopreto.com.br\/wp-content\/uploads\/2024\/01\/hemocentro.png?fit=800%2C420&ssl=1&resize=350%2C200 1x, https:\/\/i0.wp.com\/noticiasribeiraopreto.com.br\/wp-content\/uploads\/2024\/01\/hemocentro.png?fit=800%2C420&ssl=1&resize=525%2C300 1.5x, https:\/\/i0.wp.com\/noticiasribeiraopreto.com.br\/wp-content\/uploads\/2024\/01\/hemocentro.png?fit=800%2C420&ssl=1&resize=700%2C400 2x"},"classes":[]},{"id":50715,"url":"https:\/\/noticiasribeiraopreto.com.br\/index.php\/2024\/05\/18\/hemocentro-de-ribeirao-abre-processo-seletivo-com-salarios-de-ate-r-37-mil\/","url_meta":{"origin":16130,"position":1},"title":"Hemocentro de Ribeir\u00e3o abre processo seletivo com sal\u00e1rios de at\u00e9 R$ 3,7 mil","author":"noticiasribeiraopreto.com.br","date":"18 de May de 2024","format":false,"excerpt":"O Hemocentro de Ribeir\u00e3o Preto abriu novo processo seletivo com quatro vagas de n\u00edvel m\u00e9dio, t\u00e9cnico e superior. Os sal\u00e1rios para os cargos dispon\u00edveis variam entre R$ 1,7 mil e R$ 3,7 mil. Veja as vagas \u00a0 Edital 13\/2024 1 vaga para assistente social Jr-IA. Requisitos: ensino superior completo em\u2026","rel":"","context":"In &quot;Not\u00edcias de Ribeir\u00e3o Preto-SP e Regi\u00e3o&quot;","block_context":{"text":"Not\u00edcias de Ribeir\u00e3o Preto-SP e Regi\u00e3o","link":"https:\/\/noticiasribeiraopreto.com.br\/index.php\/category\/noticias-de-ribeirao-preto-sp-e-regiao-ismael-colosi\/"},"img":{"alt_text":"","src":"https:\/\/i0.wp.com\/noticiasribeiraopreto.com.br\/wp-content\/uploads\/2024\/05\/1716047315_Capturar-1.jpg?fit=950%2C628&ssl=1&resize=350%2C200","width":350,"height":200,"srcset":"https:\/\/i0.wp.com\/noticiasribeiraopreto.com.br\/wp-content\/uploads\/2024\/05\/1716047315_Capturar-1.jpg?fit=950%2C628&ssl=1&resize=350%2C200 1x, https:\/\/i0.wp.com\/noticiasribeiraopreto.com.br\/wp-content\/uploads\/2024\/05\/1716047315_Capturar-1.jpg?fit=950%2C628&ssl=1&resize=525%2C300 1.5x, https:\/\/i0.wp.com\/noticiasribeiraopreto.com.br\/wp-content\/uploads\/2024\/05\/1716047315_Capturar-1.jpg?fit=950%2C628&ssl=1&resize=700%2C400 2x"},"classes":[]},{"id":37935,"url":"https:\/\/noticiasribeiraopreto.com.br\/index.php\/2024\/02\/19\/hemocentro-e-faepa-tem-vagas-de-emprego-em-ribeirao-preto-confira\/","url_meta":{"origin":16130,"position":2},"title":"Hemocentro e Faepa t\u00eam vagas de emprego em Ribeir\u00e3o Preto; Confira","author":"noticiasribeiraopreto.com.br","date":"19 de February de 2024","format":false,"excerpt":"O Hemocentro de Ribeir\u00e3o Preto e a Faepa (Funda\u00e7\u00e3o DE Apoio ao Ensino, Pesquisa e Assist\u00eancia do Hospital das Cl\u00ednicas de Ribeir\u00e3o Preto) contam com tr\u00eas vagas de emprego dispon\u00edveis nesta segunda-feira (19). Os interessados devem fazer as inscri\u00e7\u00f5es nos processos seletivos pela internet. Veja como participar: Hemocentro O Hemocentro\u2026","rel":"","context":"In &quot;Not\u00edcias de Ribeir\u00e3o Preto-SP e Regi\u00e3o&quot;","block_context":{"text":"Not\u00edcias de Ribeir\u00e3o Preto-SP e Regi\u00e3o","link":"https:\/\/noticiasribeiraopreto.com.br\/index.php\/category\/noticias-de-ribeirao-preto-sp-e-regiao-ismael-colosi\/"},"img":{"alt_text":"","src":"https:\/\/i0.wp.com\/noticiasribeiraopreto.com.br\/wp-content\/uploads\/2024\/02\/hemocentro.png?fit=800%2C420&ssl=1&resize=350%2C200","width":350,"height":200,"srcset":"https:\/\/i0.wp.com\/noticiasribeiraopreto.com.br\/wp-content\/uploads\/2024\/02\/hemocentro.png?fit=800%2C420&ssl=1&resize=350%2C200 1x, https:\/\/i0.wp.com\/noticiasribeiraopreto.com.br\/wp-content\/uploads\/2024\/02\/hemocentro.png?fit=800%2C420&ssl=1&resize=525%2C300 1.5x, https:\/\/i0.wp.com\/noticiasribeiraopreto.com.br\/wp-content\/uploads\/2024\/02\/hemocentro.png?fit=800%2C420&ssl=1&resize=700%2C400 2x"},"classes":[]},{"id":54285,"url":"https:\/\/noticiasribeiraopreto.com.br\/index.php\/2024\/07\/07\/hemocentro-de-ribeirao-preto-abre-novo-processo-seletivo-veja-vagas-disponiveis\/","url_meta":{"origin":16130,"position":3},"title":"Hemocentro de Ribeir\u00e3o Preto abre novo processo seletivo; Veja vagas dispon\u00edveis","author":"noticiasribeiraopreto.com.br","date":"7 de July de 2024","format":false,"excerpt":"O Hemocentro de Ribeir\u00e3o Preto abriu processo seletivo para zelador e cadastro reserva para motorista. Os sal\u00e1rios para os cargos variam entre R$ 1,6 mil e R$ 2,2 mil, al\u00e9m de benef\u00edcios, como o vale-alimenta\u00e7\u00e3o de R$ 1 mil mensais. As inscri\u00e7\u00f5es ser\u00e3o abertas na segunda-feira (8) a partir das\u2026","rel":"","context":"In &quot;Not\u00edcias de Ribeir\u00e3o Preto-SP e Regi\u00e3o&quot;","block_context":{"text":"Not\u00edcias de Ribeir\u00e3o Preto-SP e Regi\u00e3o","link":"https:\/\/noticiasribeiraopreto.com.br\/index.php\/category\/noticias-de-ribeirao-preto-sp-e-regiao-ismael-colosi\/"},"img":{"alt_text":"","src":"https:\/\/i0.wp.com\/noticiasribeiraopreto.com.br\/wp-content\/uploads\/2024\/07\/hemocentro.png?fit=800%2C420&ssl=1&resize=350%2C200","width":350,"height":200,"srcset":"https:\/\/i0.wp.com\/noticiasribeiraopreto.com.br\/wp-content\/uploads\/2024\/07\/hemocentro.png?fit=800%2C420&ssl=1&resize=350%2C200 1x, https:\/\/i0.wp.com\/noticiasribeiraopreto.com.br\/wp-content\/uploads\/2024\/07\/hemocentro.png?fit=800%2C420&ssl=1&resize=525%2C300 1.5x, https:\/\/i0.wp.com\/noticiasribeiraopreto.com.br\/wp-content\/uploads\/2024\/07\/hemocentro.png?fit=800%2C420&ssl=1&resize=700%2C400 2x"},"classes":[]},{"id":49497,"url":"https:\/\/noticiasribeiraopreto.com.br\/index.php\/2024\/05\/10\/hemocentro-de-ribeirao-preto-abre-processo-seletivo-com-salario-de-r-45-mil\/","url_meta":{"origin":16130,"position":4},"title":"Hemocentro de Ribeir\u00e3o Preto abre processo seletivo com sal\u00e1rio de R$ 4,5 mil","author":"noticiasribeiraopreto.com.br","date":"10 de May de 2024","format":false,"excerpt":"O Hemocentro de Ribeir\u00e3o Preto abriu processo seletivo para o cargo de T\u00e9cnico de Produ\u00e7\u00e3o. O sal\u00e1rio para fun\u00e7\u00e3o \u00e9 de R$ 4.560, al\u00e9m dos benef\u00edcios, como o vale-alimenta\u00e7\u00e3o de R$ 1 mil mensais. As inscri\u00e7\u00f5es ser\u00e3o abertas na segunda-feira (13) a partir das 10h e seguem at\u00e9 \u00e0s 23h\u2026","rel":"","context":"In &quot;Not\u00edcias de Ribeir\u00e3o Preto-SP e Regi\u00e3o&quot;","block_context":{"text":"Not\u00edcias de Ribeir\u00e3o Preto-SP e Regi\u00e3o","link":"https:\/\/noticiasribeiraopreto.com.br\/index.php\/category\/noticias-de-ribeirao-preto-sp-e-regiao-ismael-colosi\/"},"img":{"alt_text":"","src":"https:\/\/i0.wp.com\/noticiasribeiraopreto.com.br\/wp-content\/uploads\/2024\/05\/hemocentro.png?fit=800%2C420&ssl=1&resize=350%2C200","width":350,"height":200,"srcset":"https:\/\/i0.wp.com\/noticiasribeiraopreto.com.br\/wp-content\/uploads\/2024\/05\/hemocentro.png?fit=800%2C420&ssl=1&resize=350%2C200 1x, https:\/\/i0.wp.com\/noticiasribeiraopreto.com.br\/wp-content\/uploads\/2024\/05\/hemocentro.png?fit=800%2C420&ssl=1&resize=525%2C300 1.5x, https:\/\/i0.wp.com\/noticiasribeiraopreto.com.br\/wp-content\/uploads\/2024\/05\/hemocentro.png?fit=800%2C420&ssl=1&resize=700%2C400 2x"},"classes":[]},{"id":65072,"url":"https:\/\/noticiasribeiraopreto.com.br\/index.php\/2025\/03\/15\/hemocentro-e-faepa-contam-com-vagas-de-emprego-em-ribeirao-preto\/","url_meta":{"origin":16130,"position":5},"title":"Hemocentro e Faepa contam com vagas de emprego em Ribeir\u00e3o Preto","author":"noticiasribeiraopreto.com.br","date":"15 de March de 2025","format":false,"excerpt":"A Funda\u00e7\u00e3o Hemocentro de Ribeir\u00e3o Preto e a Faepa (Funda\u00e7\u00e3o de Apoio ao Ensino, Pesquisa e Assist\u00eancia do Hospital das Cl\u00ednicas de Ribeir\u00e3o Preto) contam com tr\u00eas vagas de emprego. Os sal\u00e1rios variam entre R$ 4 mil e R$ 5,1 mil. Confira: Hemocentro Ribeir\u00e3o Preto O Hemocentro conta com uma\u2026","rel":"","context":"In &quot;Not\u00edcias de Ribeir\u00e3o Preto-SP e Regi\u00e3o&quot;","block_context":{"text":"Not\u00edcias de Ribeir\u00e3o Preto-SP e Regi\u00e3o","link":"https:\/\/noticiasribeiraopreto.com.br\/index.php\/category\/noticias-de-ribeirao-preto-sp-e-regiao-ismael-colosi\/"},"img":{"alt_text":"","src":"https:\/\/i0.wp.com\/noticiasribeiraopreto.com.br\/wp-content\/uploads\/2025\/03\/Capturar-1.jpg?fit=950%2C628&ssl=1&resize=350%2C200","width":350,"height":200,"srcset":"https:\/\/i0.wp.com\/noticiasribeiraopreto.com.br\/wp-content\/uploads\/2025\/03\/Capturar-1.jpg?fit=950%2C628&ssl=1&resize=350%2C200 1x, https:\/\/i0.wp.com\/noticiasribeiraopreto.com.br\/wp-content\/uploads\/2025\/03\/Capturar-1.jpg?fit=950%2C628&ssl=1&resize=525%2C300 1.5x, https:\/\/i0.wp.com\/noticiasribeiraopreto.com.br\/wp-content\/uploads\/2025\/03\/Capturar-1.jpg?fit=950%2C628&ssl=1&resize=700%2C400 2x"},"classes":[]}],"jetpack_sharing_enabled":true,"jetpack_shortlink":"https:\/\/wp.me\/peQAOb-4ca","_links":{"self":[{"href":"https:\/\/noticiasribeiraopreto.com.br\/index.php\/wp-json\/wp\/v2\/posts\/16130","targetHints":{"allow":["GET"]}}],"collection":[{"href":"https:\/\/noticiasribeiraopreto.com.br\/index.php\/wp-json\/wp\/v2\/posts"}],"about":[{"href":"https:\/\/noticiasribeiraopreto.com.br\/index.php\/wp-json\/wp\/v2\/types\/post"}],"author":[{"embeddable":true,"href":"https:\/\/noticiasribeiraopreto.com.br\/index.php\/wp-json\/wp\/v2\/users\/1"}],"replies":[{"embeddable":true,"href":"https:\/\/noticiasribeiraopreto.com.br\/index.php\/wp-json\/wp\/v2\/comments?post=16130"}],"version-history":[{"count":0,"href":"https:\/\/noticiasribeiraopreto.com.br\/index.php\/wp-json\/wp\/v2\/posts\/16130\/revisions"}],"wp:featuredmedia":[{"embeddable":true,"href":"https:\/\/noticiasribeiraopreto.com.br\/index.php\/wp-json\/wp\/v2\/media\/16131"}],"wp:attachment":[{"href":"https:\/\/noticiasribeiraopreto.com.br\/index.php\/wp-json\/wp\/v2\/media?parent=16130"}],"wp:term":[{"taxonomy":"category","embeddable":true,"href":"https:\/\/noticiasribeiraopreto.com.br\/index.php\/wp-json\/wp\/v2\/categories?post=16130"},{"taxonomy":"post_tag","embeddable":true,"href":"https:\/\/noticiasribeiraopreto.com.br\/index.php\/wp-json\/wp\/v2\/tags?post=16130"}],"curies":[{"name":"wp","href":"https:\/\/api.w.org\/{rel}","templated":true}]}}