{"id":16158,"date":"2023-12-15T01:57:47","date_gmt":"2023-12-15T04:57:47","guid":{"rendered":"https:\/\/noticiasribeiraopreto.com.br\/index.php\/2023\/12\/15\/nova-acao-do-pt-questiona-validade-da-lei-de-privatizacao-da-sabesp-na-justica-2\/"},"modified":"2023-12-15T01:57:47","modified_gmt":"2023-12-15T04:57:47","slug":"nova-acao-do-pt-questiona-validade-da-lei-de-privatizacao-da-sabesp-na-justica-2","status":"publish","type":"post","link":"https:\/\/noticiasribeiraopreto.com.br\/index.php\/2023\/12\/15\/nova-acao-do-pt-questiona-validade-da-lei-de-privatizacao-da-sabesp-na-justica-2\/","title":{"rendered":"Nova a\u00e7\u00e3o do PT questiona validade da lei de privatiza\u00e7\u00e3o da Sabesp na Justi\u00e7a"},"content":{"rendered":"<div class='code-block code-block-1' style='margin: 8px 0 8px auto; text-align: right; display: block; clear: both;'>\n<p><a href=\"https:\/\/wa.link\/vpicfd\"><img data-recalc-dims=\"1\" class=\"wp-image-4922\" style=\"aspect-ratio: 2.0253164556962027; width: 561px; height: auto;\" src=\"https:\/\/i0.wp.com\/ismaelcolosi.com.br\/wp-content\/uploads\/2023\/11\/grupo-de-empregos-whatsapp-e-facebook-ismael-colosi-vagas.jpg?ssl=1\" alt=\"\" \/><\/a><\/p>\n<!-- \/wp:image -->\n<\/div>\n<p> <br \/>\n<\/p>\n<div>\n<p>O Partido dos Trabalhadores (PT) de S\u00e3o Paulo protocolou uma nova a\u00e7\u00e3o na Justi\u00e7a paulista, contestando a validade da lei que autoriza a <strong>privatiza\u00e7\u00e3o da Sabesp<\/strong> (Companhia de Saneamento B\u00e1sico do Estado de S\u00e3o Paulo). Desta vez, por meio de uma A\u00e7\u00e3o Direta de Inconstitucionalidade (ADI).<\/p>\n<p>Na ADI, o partido alega que a Lei 17.853 viola artigos da Constitui\u00e7\u00e3o Estadual de 1989, al\u00e9m de irregularidades no processo legislativo. O pedido inclui a solicita\u00e7\u00e3o de uma liminar para suspender a efic\u00e1cia da lei at\u00e9 que o julgamento final da a\u00e7\u00e3o seja conclu\u00eddo.<\/p>\n<p><a href=\"https:\/\/jcconcursos.com.br\/noticia\/brasil\/sp-cria-1035-vagas-de-professor-de-educacao-infantil-via-concurso-publico-119970\" rel=\"noopener\" target=\"_blank\">+SP cria 1.035 vagas de Professor de Educa\u00e7\u00e3o Infantil via concurso p\u00fablico<\/a><\/p>\n<h2>Privatiza\u00e7\u00e3o da Sabesp foi ilegal?\u00a0<\/h2>\n<p>Um dos principais pontos questionados est\u00e1 contido no artigo 216, que estipula que \u201co Estado assegurar\u00e1 condi\u00e7\u00f5es para a correta opera\u00e7\u00e3o, necess\u00e1ria amplia\u00e7\u00e3o e eficiente administra\u00e7\u00e3o dos servi\u00e7os de saneamento b\u00e1sico prestados por concession\u00e1ria sob seu controle acion\u00e1rio\u201d.<\/p>\n<p>O deputado paulista Maurici (<a href=\"https:\/\/pt.org.br\/area-pt\/\" rel=\"noopener\" target=\"_blank\">PT<\/a>), apoiado por sua assessoria na formula\u00e7\u00e3o da a\u00e7\u00e3o, destaca que o referido artigo estabelece que o servi\u00e7o deve ser prestado por uma empresa p\u00fablica. Segundo o deputado, o governo estadual deveria ter encaminhado uma Proposta de Emenda \u00e0 Constitui\u00e7\u00e3o (PEC) sobre o tema.<\/p>\n<p>De acordo com a Constitui\u00e7\u00e3o Estadual, a ADI pode ser proposta por diversas entidades, incluindo o governador, a Mesa da Assembleia Legislativa, prefeito, Mesa da C\u00e2mara Municipal, Procurador-Geral de Justi\u00e7a, Ordem dos Advogados do Brasil (OAB) se\u00e7\u00e3o estadual, entidades de classe e partidos pol\u00edticos com representa\u00e7\u00e3o na Assembleia.<\/p>\n<p>A a\u00e7\u00e3o tamb\u00e9m levanta questionamentos relacionados ao processo legislativo. Maurici destaca que o texto n\u00e3o passou por inst\u00e2ncias cruciais, como a Comiss\u00e3o de Meio Ambiente e a Comiss\u00e3o de Assuntos Metropolitanos e Municipais, passando apenas pela Comiss\u00e3o de Constitui\u00e7\u00e3o e Justi\u00e7a e Finan\u00e7as e Or\u00e7amento.<\/p>\n<p>O deputado ressalta ainda que a lei foi aprovada em uma sess\u00e3o interrompida por a\u00e7\u00e3o policial contra manifestantes, onde o uso de g\u00e1s lacrimog\u00eaneo prejudicou a participa\u00e7\u00e3o de deputados idosos e gestantes na vota\u00e7\u00e3o.<\/p>\n<p>A Ag\u00eancia Brasil procurou a Mesa Diretora da Assembleia Legislativa de S\u00e3o Paulo (Alesp) para comentar sobre a a\u00e7\u00e3o, mas, at\u00e9 o momento da publica\u00e7\u00e3o, n\u00e3o houve retorno. A Sabesp informou que o processo de desestatiza\u00e7\u00e3o est\u00e1 sendo conduzido pelo governo estadual. O governo de S\u00e3o Paulo tamb\u00e9m foi solicitado a se posicionar, por\u00e9m, n\u00e3o houve resposta at\u00e9 o momento.<\/p>\n<p><a href=\"https:\/\/jcconcursos.com.br\/noticia\/brasil\/governo-de-sp-comprou-parecer-favoravel-a-privatizacao-da-sabesp-afirma-pt-119734\" rel=\"noopener\" target=\"_blank\">+Governo de SP \u201ccomprou\u201d parecer favor\u00e1vel \u00e0 privatiza\u00e7\u00e3o da Sabesp, afirma PT<\/a><\/p>\n<h2>Manifestantes presos s\u00e3o libertados\u00a0<\/h2>\n<p>Dois manifestantes que estavam detidos desde 6 de dezembro por protestarem contra a privatiza\u00e7\u00e3o da Sabesp em frente \u00e0 Assembleia Legislativa de S\u00e3o Paulo (<a href=\"https:\/\/www.al.sp.gov.br\/\" rel=\"noopener\" target=\"_blank\">Alesp<\/a>) foram soltos nesta ter\u00e7a-feira (12), ap\u00f3s a concess\u00e3o de um alvar\u00e1 de soltura expedido pelo Tribunal de Justi\u00e7a de S\u00e3o Paulo. A decis\u00e3o foi proferida pelo desembargador Ot\u00e1vio de Almeida Toledo.<\/p>\n<p>Hendryll Luiz Rodrigues de Brito Silva, estudante da Universidade Federal de S\u00e3o Paulo (Unifesp) e integrante do Movimento Correnteza, e o professor Lucas Borges Carvente, do Movimento Luta de Classes, foram presos ap\u00f3s protestarem na vota\u00e7\u00e3o sobre a privatiza\u00e7\u00e3o da Sabesp na Alesp. Na audi\u00eancia de cust\u00f3dia, as pris\u00f5es em flagrante foram convertidas em preventivas, e eles permaneceram detidos desde ent\u00e3o, apesar da defesa argumentar que a pris\u00e3o era ilegal.<\/p>\n<p>A decis\u00e3o do desembargador destacou a aus\u00eancia de antecedentes criminais dos manifestantes e a falta de ind\u00edcios que sugerissem risco \u00e0 ordem p\u00fablica. No mesmo protesto, Vivian Mendes da Silva, presidente estadual da organiza\u00e7\u00e3o Unidade Popular, e o metrovi\u00e1rio Ricardo Senese, do Movimento Luta de Classes, tamb\u00e9m foram presos, mas j\u00e1 haviam obtido liberdade provis\u00f3ria anteriormente.<\/p>\n<p>+++Acompanhe as principais not\u00edcias sobre Sociedade no JC Concursos.<\/p>\n<p><a id=\"gnews_btn\" href=\"https:\/\/news.google.com\/publications\/CAAqBwgKMOixlQswuZWrAw\" target=\"_blank\" class=\"border_jc_blue link_hover_bg_jc_blue font_85 d-block d-md-inline-block px-2 py-1 mr-0 mr-md-2 mb-3 w-100 text-center\" rel=\"noopener\"><span class=\"text_jc_blue\">Siga o <strong>JC Concursos no Google News<\/strong><\/span><\/a><span id=\"resumo\" class=\"anchor_link\"\/><a href=\"https:\/\/jcconcursos.com.br\/noticia\/brasil\/\" class=\"badge badge-light\">Sociedade<\/a><a href=\"https:\/\/jcconcursos.com.br\/noticia\/brasil\/\" class=\"badge badge-light\">Brasil<\/a><\/p>\n<\/div>\n<p><br \/>\n<br \/><a href=\"https:\/\/ismaelcolosi.com.br\/nova-acao-do-pt-questiona-validade-da-lei-de-privatizacao-da-sabesp-na-justica-2\/\">Source link <\/a><\/p>\n<!-- CONTENT END 1 -->\n","protected":false},"excerpt":{"rendered":"<p>O Partido dos Trabalhadores (PT) de S\u00e3o Paulo protocolou uma nova a\u00e7\u00e3o na Justi\u00e7a paulista, contestando a validade da lei que autoriza a privatiza\u00e7\u00e3o da&#8230;<\/p>\n","protected":false},"author":1,"featured_media":16159,"comment_status":"open","ping_status":"open","sticky":false,"template":"","format":"standard","meta":{"advanced_seo_description":"","jetpack_seo_html_title":"","jetpack_seo_noindex":false,"jetpack_post_was_ever_published":false,"_jetpack_newsletter_access":"","_jetpack_dont_email_post_to_subs":false,"_jetpack_newsletter_tier_id":0,"_jetpack_memberships_contains_paywalled_content":false,"_jetpack_memberships_contains_paid_content":false,"footnotes":"","jetpack_publicize_message":"","jetpack_publicize_feature_enabled":true,"jetpack_social_post_already_shared":true,"jetpack_social_options":{"image_generator_settings":{"template":"highway","default_image_id":0,"font":"","enabled":false},"version":2}},"categories":[7],"tags":[],"class_list":["post-16158","post","type-post","status-publish","format-standard","has-post-thumbnail","hentry","category-vagas-de-empregos-em-ribeirao-preto-regiao-brasil"],"jetpack_publicize_connections":[],"jetpack_featured_media_url":"https:\/\/i0.wp.com\/noticiasribeiraopreto.com.br\/wp-content\/uploads\/2023\/12\/bandeira-pt-partido-trabalhadores-ricardo-stuckert.png?fit=1920%2C1080&ssl=1","jetpack-related-posts":[{"id":19435,"url":"https:\/\/noticiasribeiraopreto.com.br\/index.php\/2023\/12\/22\/sabesp-mais-proxima-da-privatizacao-acao-sbsp3-sobe-na-b3-apos-empresa-contratar-bancos-para-potencial-follow-on\/","url_meta":{"origin":16158,"position":0},"title":"Sabesp mais pr\u00f3xima da privatiza\u00e7\u00e3o? A\u00e7\u00e3o SBSP3 sobe na B3 ap\u00f3s empresa contratar bancos para potencial follow-on","author":"noticiasribeiraopreto.com.br","date":"22 de December de 2023","format":false,"excerpt":"J\u00e1 em ritmo de Natal, os investidores se preparam para um preg\u00e3o morno em termos de liquidez, mas animado no notici\u00e1rio financeiro. Apesar do volume de neg\u00f3cios abaixo da m\u00e9dia, uma a\u00e7\u00e3o se destaca em alta no Ibovespa nesta sexta-feira (22): a Sabesp (SBSP3). No in\u00edcio do preg\u00e3o, a a\u00e7\u00e3o\u2026","rel":"","context":"In &quot;Dinheiro e Investimento&quot;","block_context":{"text":"Dinheiro e Investimento","link":"https:\/\/noticiasribeiraopreto.com.br\/index.php\/category\/dinheiro-e-investimento-como-fazer-como-ganhar\/"},"img":{"alt_text":"","src":"https:\/\/i0.wp.com\/noticiasribeiraopreto.com.br\/wp-content\/uploads\/2023\/12\/shutterstock_1336037486-628x353.jpg?fit=628%2C353&ssl=1&resize=350%2C200","width":350,"height":200,"srcset":"https:\/\/i0.wp.com\/noticiasribeiraopreto.com.br\/wp-content\/uploads\/2023\/12\/shutterstock_1336037486-628x353.jpg?fit=628%2C353&ssl=1&resize=350%2C200 1x, https:\/\/i0.wp.com\/noticiasribeiraopreto.com.br\/wp-content\/uploads\/2023\/12\/shutterstock_1336037486-628x353.jpg?fit=628%2C353&ssl=1&resize=525%2C300 1.5x"},"classes":[]},{"id":12368,"url":"https:\/\/noticiasribeiraopreto.com.br\/index.php\/2023\/12\/07\/governo-de-sp-comprou-parecer-favoravel-a-privatizacao-da-sabesp-afirma-pt-2\/","url_meta":{"origin":16158,"position":1},"title":"Governo de SP &#8220;comprou&#8221; parecer favor\u00e1vel \u00e0 privatiza\u00e7\u00e3o da Sabesp, afirma PT","author":"noticiasribeiraopreto.com.br","date":"7 de December de 2023","format":false,"excerpt":"A privatiza\u00e7\u00e3o da Sabesp foi aprovada pela Alesp (Assembleia Legislativa do Estado de S\u00e3o Paulo) na \u00faltima quarta-feira, 6 de dezembro, por\u00e9m \u00e9 poss\u00edvel que a medida seja revertida na Justi\u00e7a porque o PT ingressou com uma A\u00e7\u00e3o Popular, apontando ilegalidades e irregularidades no contrato com a consultora IFC (International\u2026","rel":"","context":"In &quot;Vagas de Emprego em Ribeir\u00e3o Preto-SP&quot;","block_context":{"text":"Vagas de Emprego em Ribeir\u00e3o Preto-SP","link":"https:\/\/noticiasribeiraopreto.com.br\/index.php\/category\/empregos-classificados-vagas-trabalho\/vagas-de-empregos-em-ribeirao-preto-regiao-brasil\/"},"img":{"alt_text":"","src":"https:\/\/i0.wp.com\/noticiasribeiraopreto.com.br\/wp-content\/uploads\/2023\/12\/governador-tarcisio-feitas-divulgacao-estado-de-sp.png?fit=1200%2C675&ssl=1&resize=350%2C200","width":350,"height":200,"srcset":"https:\/\/i0.wp.com\/noticiasribeiraopreto.com.br\/wp-content\/uploads\/2023\/12\/governador-tarcisio-feitas-divulgacao-estado-de-sp.png?fit=1200%2C675&ssl=1&resize=350%2C200 1x, https:\/\/i0.wp.com\/noticiasribeiraopreto.com.br\/wp-content\/uploads\/2023\/12\/governador-tarcisio-feitas-divulgacao-estado-de-sp.png?fit=1200%2C675&ssl=1&resize=525%2C300 1.5x, https:\/\/i0.wp.com\/noticiasribeiraopreto.com.br\/wp-content\/uploads\/2023\/12\/governador-tarcisio-feitas-divulgacao-estado-de-sp.png?fit=1200%2C675&ssl=1&resize=700%2C400 2x, https:\/\/i0.wp.com\/noticiasribeiraopreto.com.br\/wp-content\/uploads\/2023\/12\/governador-tarcisio-feitas-divulgacao-estado-de-sp.png?fit=1200%2C675&ssl=1&resize=1050%2C600 3x"},"classes":[]},{"id":11799,"url":"https:\/\/noticiasribeiraopreto.com.br\/index.php\/2023\/12\/06\/alesp-aprova-pl-da-privatizacao-da-sabesp-sbsp3\/","url_meta":{"origin":16158,"position":2},"title":"Alesp aprova PL da privatiza\u00e7\u00e3o da Sabesp (SBSP3)","author":"noticiasribeiraopreto.com.br","date":"6 de December de 2023","format":false,"excerpt":"A Assembleia Legislativa do Estado de S\u00e3o Paulo (Alesp) acaba de aprovar por 62 votos a favor e um contra o projeto de lei (PL) n\u00ba 1.501\/2023 que autoriza o Executivo estadual a privatizar a companhia de \u00e1guas do estado, a Sabesp (SBSP3). Assim, o governador de S\u00e3o Paulo, Tarcisio\u2026","rel":"","context":"In &quot;Dinheiro e Investimento&quot;","block_context":{"text":"Dinheiro e Investimento","link":"https:\/\/noticiasribeiraopreto.com.br\/index.php\/category\/dinheiro-e-investimento-como-fazer-como-ganhar\/"},"img":{"alt_text":"","src":"https:\/\/i0.wp.com\/noticiasribeiraopreto.com.br\/wp-content\/uploads\/2023\/12\/Tarcisio-de-Freitas-governador-de-Sao-Paulo-quer-aprovar-privatizacao-da-Sabesp-mas-caso-Enel-pesa1-715x402.jpg?fit=715%2C402&ssl=1&resize=350%2C200","width":350,"height":200,"srcset":"https:\/\/i0.wp.com\/noticiasribeiraopreto.com.br\/wp-content\/uploads\/2023\/12\/Tarcisio-de-Freitas-governador-de-Sao-Paulo-quer-aprovar-privatizacao-da-Sabesp-mas-caso-Enel-pesa1-715x402.jpg?fit=715%2C402&ssl=1&resize=350%2C200 1x, https:\/\/i0.wp.com\/noticiasribeiraopreto.com.br\/wp-content\/uploads\/2023\/12\/Tarcisio-de-Freitas-governador-de-Sao-Paulo-quer-aprovar-privatizacao-da-Sabesp-mas-caso-Enel-pesa1-715x402.jpg?fit=715%2C402&ssl=1&resize=525%2C300 1.5x, https:\/\/i0.wp.com\/noticiasribeiraopreto.com.br\/wp-content\/uploads\/2023\/12\/Tarcisio-de-Freitas-governador-de-Sao-Paulo-quer-aprovar-privatizacao-da-Sabesp-mas-caso-Enel-pesa1-715x402.jpg?fit=715%2C402&ssl=1&resize=700%2C400 2x"},"classes":[]},{"id":11985,"url":"https:\/\/noticiasribeiraopreto.com.br\/index.php\/2023\/12\/07\/veja-lista-dos-deputados-que-aprovaram-a-privatizacao-da-sabesp-oposicao-nao-votou\/","url_meta":{"origin":16158,"position":3},"title":"Veja lista dos deputados que aprovaram a privatiza\u00e7\u00e3o da Sabesp; Oposi\u00e7\u00e3o n\u00e3o votou","author":"noticiasribeiraopreto.com.br","date":"7 de December de 2023","format":false,"excerpt":"Na noite da \u00faltima quarta-feira, 6 de dezembro de 2023, a Assembleia Legislativa de S\u00e3o Paulo (Alesp) aprovou o Projeto de Lei 1.501\/2023, que autoriza a privatiza\u00e7\u00e3o da Sabesp (Companhia de Saneamento B\u00e1sico do Estado de S\u00e3o Paulo) pelo governo do estado. A vota\u00e7\u00e3o contou com 62 votos favor\u00e1veis e\u2026","rel":"","context":"In &quot;Vagas de Emprego em Ribeir\u00e3o Preto-SP&quot;","block_context":{"text":"Vagas de Emprego em Ribeir\u00e3o Preto-SP","link":"https:\/\/noticiasribeiraopreto.com.br\/index.php\/category\/empregos-classificados-vagas-trabalho\/vagas-de-empregos-em-ribeirao-preto-regiao-brasil\/"},"img":{"alt_text":"","src":"https:\/\/i0.wp.com\/noticiasribeiraopreto.com.br\/wp-content\/uploads\/2023\/12\/governador-tarcisio-freitas-foto-thales_stadler-governo_do_estado_de_sp.png?fit=1200%2C675&ssl=1&resize=350%2C200","width":350,"height":200,"srcset":"https:\/\/i0.wp.com\/noticiasribeiraopreto.com.br\/wp-content\/uploads\/2023\/12\/governador-tarcisio-freitas-foto-thales_stadler-governo_do_estado_de_sp.png?fit=1200%2C675&ssl=1&resize=350%2C200 1x, https:\/\/i0.wp.com\/noticiasribeiraopreto.com.br\/wp-content\/uploads\/2023\/12\/governador-tarcisio-freitas-foto-thales_stadler-governo_do_estado_de_sp.png?fit=1200%2C675&ssl=1&resize=525%2C300 1.5x, https:\/\/i0.wp.com\/noticiasribeiraopreto.com.br\/wp-content\/uploads\/2023\/12\/governador-tarcisio-freitas-foto-thales_stadler-governo_do_estado_de_sp.png?fit=1200%2C675&ssl=1&resize=700%2C400 2x, https:\/\/i0.wp.com\/noticiasribeiraopreto.com.br\/wp-content\/uploads\/2023\/12\/governador-tarcisio-freitas-foto-thales_stadler-governo_do_estado_de_sp.png?fit=1200%2C675&ssl=1&resize=1050%2C600 3x"},"classes":[]},{"id":11882,"url":"https:\/\/noticiasribeiraopreto.com.br\/index.php\/2023\/12\/07\/dia-historico-para-sao-paulo-comemora-o-governador-tarcisio-freitas-2\/","url_meta":{"origin":16158,"position":4},"title":"&#8220;Dia hist\u00f3rico para S\u00e3o Paulo&#8221;, comemora o governador Tarc\u00edsio Freitas","author":"noticiasribeiraopreto.com.br","date":"7 de December de 2023","format":false,"excerpt":"Aconteceu: a Sabesp foi privatizada. Nesta quarta-feira, dia 6 de dezembro, com uma vota\u00e7\u00e3o expressiva de 62 votos a favor e apenas um contr\u00e1rio, da delegada Graciela (PL), a Assembleia Legislativa aprovou a privatiza\u00e7\u00e3o da Companhia de Saneamento B\u00e1sico do Estado de S\u00e3o Paulo (Sabesp). Era necess\u00e1rios apenas 48 votos\u2026","rel":"","context":"In &quot;Vagas de Emprego em Ribeir\u00e3o Preto-SP&quot;","block_context":{"text":"Vagas de Emprego em Ribeir\u00e3o Preto-SP","link":"https:\/\/noticiasribeiraopreto.com.br\/index.php\/category\/empregos-classificados-vagas-trabalho\/vagas-de-empregos-em-ribeirao-preto-regiao-brasil\/"},"img":{"alt_text":"","src":"https:\/\/i0.wp.com\/noticiasribeiraopreto.com.br\/wp-content\/uploads\/2023\/12\/tarcisio_de_freitas_sao_paulo__-_canvajc_concursos.jpg?fit=1200%2C675&ssl=1&resize=350%2C200","width":350,"height":200,"srcset":"https:\/\/i0.wp.com\/noticiasribeiraopreto.com.br\/wp-content\/uploads\/2023\/12\/tarcisio_de_freitas_sao_paulo__-_canvajc_concursos.jpg?fit=1200%2C675&ssl=1&resize=350%2C200 1x, https:\/\/i0.wp.com\/noticiasribeiraopreto.com.br\/wp-content\/uploads\/2023\/12\/tarcisio_de_freitas_sao_paulo__-_canvajc_concursos.jpg?fit=1200%2C675&ssl=1&resize=525%2C300 1.5x, https:\/\/i0.wp.com\/noticiasribeiraopreto.com.br\/wp-content\/uploads\/2023\/12\/tarcisio_de_freitas_sao_paulo__-_canvajc_concursos.jpg?fit=1200%2C675&ssl=1&resize=700%2C400 2x, https:\/\/i0.wp.com\/noticiasribeiraopreto.com.br\/wp-content\/uploads\/2023\/12\/tarcisio_de_freitas_sao_paulo__-_canvajc_concursos.jpg?fit=1200%2C675&ssl=1&resize=1050%2C600 3x"},"classes":[]},{"id":12112,"url":"https:\/\/noticiasribeiraopreto.com.br\/index.php\/2023\/12\/07\/tarcisio-leva-batalha-por-sabesp-sbsp3-mas-guerra-da-privatizacao-ainda-e-longa-apos-votacao-sem-oposicao-parlamentares-querem-cancelar-sessao-veja-proximos-passos\/","url_meta":{"origin":16158,"position":5},"title":"Tarc\u00edsio leva batalha por Sabesp (SBSP3), mas guerra da privatiza\u00e7\u00e3o ainda \u00e9 longa: ap\u00f3s vota\u00e7\u00e3o sem oposi\u00e7\u00e3o, parlamentares querem cancelar sess\u00e3o; veja pr\u00f3ximos passos","author":"noticiasribeiraopreto.com.br","date":"7 de December de 2023","format":false,"excerpt":"G\u00e1s de pimenta, pancadaria e vota\u00e7\u00e3o esmagadora. Foi assim que terminou a sess\u00e3o na Assembleia Legislativa do Estado de S\u00e3o Paulo (Alesp) que permitiu a privatiza\u00e7\u00e3o da Sabesp (SBSP3). Foram por 62 votos a favor e apenas um contra o projeto de lei (PL) n\u00ba 1.501\/2023 que autoriza o Executivo\u2026","rel":"","context":"In &quot;Dinheiro e Investimento&quot;","block_context":{"text":"Dinheiro e Investimento","link":"https:\/\/noticiasribeiraopreto.com.br\/index.php\/category\/dinheiro-e-investimento-como-fazer-como-ganhar\/"},"img":{"alt_text":"","src":"https:\/\/i0.wp.com\/noticiasribeiraopreto.com.br\/wp-content\/uploads\/2023\/12\/Os-touros-voltaram-ao-mercado-de-criptomoedas-e-ao-bitcoin-BTC2-715x402.jpg?fit=715%2C402&ssl=1&resize=350%2C200","width":350,"height":200,"srcset":"https:\/\/i0.wp.com\/noticiasribeiraopreto.com.br\/wp-content\/uploads\/2023\/12\/Os-touros-voltaram-ao-mercado-de-criptomoedas-e-ao-bitcoin-BTC2-715x402.jpg?fit=715%2C402&ssl=1&resize=350%2C200 1x, https:\/\/i0.wp.com\/noticiasribeiraopreto.com.br\/wp-content\/uploads\/2023\/12\/Os-touros-voltaram-ao-mercado-de-criptomoedas-e-ao-bitcoin-BTC2-715x402.jpg?fit=715%2C402&ssl=1&resize=525%2C300 1.5x, https:\/\/i0.wp.com\/noticiasribeiraopreto.com.br\/wp-content\/uploads\/2023\/12\/Os-touros-voltaram-ao-mercado-de-criptomoedas-e-ao-bitcoin-BTC2-715x402.jpg?fit=715%2C402&ssl=1&resize=700%2C400 2x"},"classes":[]}],"jetpack_sharing_enabled":true,"jetpack_shortlink":"https:\/\/wp.me\/peQAOb-4cC","_links":{"self":[{"href":"https:\/\/noticiasribeiraopreto.com.br\/index.php\/wp-json\/wp\/v2\/posts\/16158","targetHints":{"allow":["GET"]}}],"collection":[{"href":"https:\/\/noticiasribeiraopreto.com.br\/index.php\/wp-json\/wp\/v2\/posts"}],"about":[{"href":"https:\/\/noticiasribeiraopreto.com.br\/index.php\/wp-json\/wp\/v2\/types\/post"}],"author":[{"embeddable":true,"href":"https:\/\/noticiasribeiraopreto.com.br\/index.php\/wp-json\/wp\/v2\/users\/1"}],"replies":[{"embeddable":true,"href":"https:\/\/noticiasribeiraopreto.com.br\/index.php\/wp-json\/wp\/v2\/comments?post=16158"}],"version-history":[{"count":0,"href":"https:\/\/noticiasribeiraopreto.com.br\/index.php\/wp-json\/wp\/v2\/posts\/16158\/revisions"}],"wp:featuredmedia":[{"embeddable":true,"href":"https:\/\/noticiasribeiraopreto.com.br\/index.php\/wp-json\/wp\/v2\/media\/16159"}],"wp:attachment":[{"href":"https:\/\/noticiasribeiraopreto.com.br\/index.php\/wp-json\/wp\/v2\/media?parent=16158"}],"wp:term":[{"taxonomy":"category","embeddable":true,"href":"https:\/\/noticiasribeiraopreto.com.br\/index.php\/wp-json\/wp\/v2\/categories?post=16158"},{"taxonomy":"post_tag","embeddable":true,"href":"https:\/\/noticiasribeiraopreto.com.br\/index.php\/wp-json\/wp\/v2\/tags?post=16158"}],"curies":[{"name":"wp","href":"https:\/\/api.w.org\/{rel}","templated":true}]}}