{"id":16162,"date":"2023-12-15T02:14:00","date_gmt":"2023-12-15T05:14:00","guid":{"rendered":"https:\/\/noticiasribeiraopreto.com.br\/index.php\/2023\/12\/15\/bill-gates-comenta-sobre-bolsa-familia-e-sus-o-que-ele-disse-que-surpreendeu-brasileiros\/"},"modified":"2023-12-15T02:14:00","modified_gmt":"2023-12-15T05:14:00","slug":"bill-gates-comenta-sobre-bolsa-familia-e-sus-o-que-ele-disse-que-surpreendeu-brasileiros","status":"publish","type":"post","link":"https:\/\/noticiasribeiraopreto.com.br\/index.php\/2023\/12\/15\/bill-gates-comenta-sobre-bolsa-familia-e-sus-o-que-ele-disse-que-surpreendeu-brasileiros\/","title":{"rendered":"Bill Gates comenta sobre BOLSA FAM\u00cdLIA e SUS. O que ele disse que SURPREENDEU Brasileiros?"},"content":{"rendered":"<div class='code-block code-block-1' style='margin: 8px 0 8px auto; text-align: right; display: block; clear: both;'>\n<p><a href=\"https:\/\/wa.link\/vpicfd\"><img data-recalc-dims=\"1\" class=\"wp-image-4922\" style=\"aspect-ratio: 2.0253164556962027; width: 561px; height: auto;\" src=\"https:\/\/i0.wp.com\/ismaelcolosi.com.br\/wp-content\/uploads\/2023\/11\/grupo-de-empregos-whatsapp-e-facebook-ismael-colosi-vagas.jpg?ssl=1\" alt=\"\" \/><\/a><\/p>\n<!-- \/wp:image -->\n<\/div>\n<p> <br \/>\n<\/p>\n<div>\n<p>Bill Gates, um empreendedor renomado e filantropo dedicado, uma das personalidades mais conhecidas do Mundo, recentemente compartilhou suas perspectivas sobre dois importantes programas brasileiros \u2013 o <a href=\"https:\/\/noticiasconcursos.com.br\/beneficios-sociais\/bolsa-familia\/\"><strong>Bolsa Fam\u00edlia<\/strong><\/a> e o Sistema \u00danico de Sa\u00fade (<strong>SUS<\/strong>). Em uma postagem em seu blog, <a href=\"https:\/\/www.gatesnotes.com\/Lessons-from-Brazil\" target=\"_blank\" rel=\"noopener\">GatesNotes<\/a>, Gates expressou sua admira\u00e7\u00e3o pelas pol\u00edticas p\u00fablicas brasileiras, destacando como o resto do mundo poderia aprender com elas. Ainda informou que \u00e9 um f\u00e3 do Brasil.<\/p>\n<h2>Aprecia\u00e7\u00e3o de Gates pelo Brasil<\/h2>\n<p>Gates sempre foi um grande admirador do Brasil, mas s\u00f3 come\u00e7ou a apreciar verdadeiramente as conquistas do pa\u00eds na \u00e1rea de sa\u00fade p\u00fablica quando come\u00e7ou a trabalhar nesse setor. Ele ficou impressionado com a forma como o <strong>Brasil conseguiu reduzir drasticamente as taxas de mortalidade infantil e materna, e aumentar a expectativa de vida nas \u00faltimas d\u00e9cadas<\/strong>.<\/p>\n<h2>Sistema \u00danico de Sa\u00fade (SUS)<\/h2>\n<p>O SUS, segundo Gates, \u00e9 um exemplo brilhante de um sistema de sa\u00fade p\u00fablico universal. O <a href=\"https:\/\/brasil123.com.br\" target=\"_blank\" rel=\"noopener\">Brasil<\/a> fez investimentos significativos e de longo prazo no SUS, o que resultou em melhorias substanciais na sa\u00fade da popula\u00e7\u00e3o. Hoje, o SUS \u00e9 o maior sistema de sa\u00fade p\u00fablica gratuito e universal do mundo, atendendo quase dois ter\u00e7os da popula\u00e7\u00e3o brasileira.<\/p>\n<h2>Agentes comunit\u00e1rios de sa\u00fade<\/h2>\n<p>Gates destacou o papel dos agentes comunit\u00e1rios de sa\u00fade no sucesso do SUS. Esses profissionais da sa\u00fade p\u00fablica atuam principalmente em comunidades remotas ou mal atendidas, servindo como a porta de entrada para o SUS. Hoje, mais de 286 mil agentes comunit\u00e1rios de sa\u00fade atendem a 160 milh\u00f5es de pessoas no Brasil.<\/p>\n<h2>Impacto dos agentes de sa\u00fade<\/h2>\n<p>O impacto desses agentes tem sido transformacional. Eles s\u00e3o creditados por terem reduzido ainda mais a mortalidade infantil e por terem levado a cobertura vacinal a n\u00edveis quase universais. Gates descreveu esses agentes como verdadeiros her\u00f3is da sa\u00fade p\u00fablica.<\/p>\n<div class=\"bs-irp left bs-irp-thumbnail-1\">\n<p>&#13;<br \/><span class=\"h-text heading-typo\">Voc\u00ea tamb\u00e9m pode gostar:<\/span>&#13; <\/p>\n<\/p><\/div>\n<h2>Programa Bolsa Fam\u00edlia<\/h2>\n<p>O <a href=\"https:\/\/noticiasconcursos.com.br\/bolsa-familia-como-consultar-o-beneficio-pelo-whatsapp-aprenda-agora\/\" target=\"_blank\" rel=\"noopener\">Bolsa Fam\u00edlia<\/a>, um programa de transfer\u00eancia de renda condicional, tamb\u00e9m recebeu elogios de Gates. Ele destacou que esse programa tem desempenhado um papel significativo na redu\u00e7\u00e3o da pobreza no Brasil. O <a href=\"https:\/\/assistencialismo.com.br\/bolsa-familia\" target=\"_blank\" rel=\"noopener\">Bolsa Fam\u00edlia<\/a> fornece um incentivo para as fam\u00edlias se envolverem no sistema de sa\u00fade, contribuindo assim para a redu\u00e7\u00e3o da mortalidade infantil.<\/p>\n<h2>Parceria com o Minist\u00e9rio da Sa\u00fade brasileiro<\/h2>\n<p>Gates mencionou a parceria entre a Funda\u00e7\u00e3o Gates e o Minist\u00e9rio da Sa\u00fade brasileiro. Esta parceria permitiu-lhe conhecer de perto as pol\u00edticas p\u00fablicas do Brasil, deixando-o impressionado.<\/p>\n<h2>Desafios do sistema de sa\u00fade brasileiro<\/h2>\n<p>Apesar do progresso significativo, Gates reconheceu que o sistema de sa\u00fade brasileiro ainda enfrenta desafios. Ele citou crises financeiras e \u00e1reas sem acesso a agentes de sa\u00fade como alguns dos obst\u00e1culos.<\/p>\n<p>Gates concluiu que, embora o sistema de sa\u00fade brasileiro n\u00e3o seja perfeito, ele serve como um exemplo do que pode ser alcan\u00e7ado quando um pa\u00eds investe estrategicamente no cuidado dos mais vulner\u00e1veis. Ele encorajou outros pa\u00edses a aprenderem com o exemplo do Brasil.<\/p>\n<h2>Repercuss\u00e3o<\/h2>\n<p>A an\u00e1lise de Gates sobre o <a href=\"https:\/\/www.pensarcursos.com.br\/blog\/beneficios-sociais\/bolsa-familia\/\" target=\"_blank\" rel=\"noopener\">Bolsa Fam\u00edlia<\/a> e o SUS gerou muita discuss\u00e3o. A bancada do Partido dos Trabalhadores (PT) no Senado destacou a postagem de Gates em seu perfil no X (ex-Twitter), enfatizando os progressos significativos do Brasil na erradica\u00e7\u00e3o da pobreza e melhoria da sa\u00fade da popula\u00e7\u00e3o.<\/p>\n<h2>O legado do Bolsa Fam\u00edlia e do SUS<\/h2>\n<p>O <strong>Bolsa Fam\u00edlia<\/strong> e o <strong>SUS<\/strong> s\u00e3o exemplos not\u00e1veis de pol\u00edticas p\u00fablicas bem sucedidas que tiveram um impacto positivo na vida de milh\u00f5es de brasileiros. A an\u00e1lise de Gates refor\u00e7a a import\u00e2ncia desses <a href=\"https:\/\/noticiasconcursos.com.br\/beneficios-sociais\/\" target=\"_blank\" rel=\"noopener\">programas<\/a> e destaca o potencial do Brasil para liderar o caminho em pol\u00edticas p\u00fablicas eficazes.<\/p>\n<blockquote>\n<p>\u201c<em>O sistema de sa\u00fade do Brasil n\u00e3o precisa ser perfeito para servir como prova do que acontece quando um pa\u00eds investe estrategicamente no cuidado dos mais vulner\u00e1veis: os retornos s\u00e3o muitas vezes de longo alcance e mudam vidas<\/em>\u201c, concluiu Gates.<\/p>\n<\/blockquote>\n<p> <noscript><iframe loading=\"lazy\" title=\"Brazil\u2019s lessons for human development\" width=\"500\" height=\"281\" src=\"https:\/\/www.youtube.com\/embed\/iXCEgPM-bSQ?feature=oembed\" frameborder=\"0\" allow=\"accelerometer; autoplay; clipboard-write; encrypted-media; gyroscope; picture-in-picture; web-share\" referrerpolicy=\"strict-origin-when-cross-origin\" allowfullscreen><\/iframe><\/noscript> <\/p>\n<\/div>\n<p><br \/>\n<br \/><a href=\"https:\/\/ismaelcolosi.com.br\/bill-gates-comenta-sobre-bolsa-familia-e-sus-o-que-ele-disse-que-surpreendeu-brasileiros\/\">Source link <\/a><\/p>\n<!-- CONTENT END 1 -->\n","protected":false},"excerpt":{"rendered":"<p>Bill Gates, um empreendedor renomado e filantropo dedicado, uma das personalidades mais conhecidas do Mundo, recentemente compartilhou suas perspectivas sobre dois importantes programas brasileiros \u2013&#8230;<\/p>\n","protected":false},"author":1,"featured_media":0,"comment_status":"open","ping_status":"open","sticky":false,"template":"","format":"standard","meta":{"advanced_seo_description":"","jetpack_seo_html_title":"","jetpack_seo_noindex":false,"jetpack_post_was_ever_published":false,"_jetpack_newsletter_access":"","_jetpack_dont_email_post_to_subs":false,"_jetpack_newsletter_tier_id":0,"_jetpack_memberships_contains_paywalled_content":false,"_jetpack_memberships_contains_paid_content":false,"footnotes":"","jetpack_publicize_message":"","jetpack_publicize_feature_enabled":true,"jetpack_social_post_already_shared":true,"jetpack_social_options":{"image_generator_settings":{"template":"highway","default_image_id":0,"font":"","enabled":false},"version":2}},"categories":[7],"tags":[],"class_list":["post-16162","post","type-post","status-publish","format-standard","hentry","category-vagas-de-empregos-em-ribeirao-preto-regiao-brasil"],"jetpack_publicize_connections":[],"jetpack_featured_media_url":"","jetpack-related-posts":[{"id":59510,"url":"https:\/\/noticiasribeiraopreto.com.br\/index.php\/2024\/10\/25\/morre-o-ex-pugilista-maguila-icone-do-boxe-brasileiro-aos-66-anos\/","url_meta":{"origin":16162,"position":0},"title":"Morre o Ex-Pugilista Maguila, \u00cdcone do Boxe Brasileiro, aos 66 Anos","author":"noticiasribeiraopreto.com.br","date":"25 de October de 2024","format":false,"excerpt":"O Brasil se despede de um dos maiores \u00edcones do boxe nacional: Ad\u00edlson Rodrigues, conhecido como Maguila, faleceu aos 66 anos. O ex-pugilista, que cativou o p\u00fablico brasileiro com seu carisma e determina\u00e7\u00e3o, lutava h\u00e1 anos contra complica\u00e7\u00f5es de sa\u00fade, incluindo o diagn\u00f3stico de dem\u00eancia pugil\u00edstica, uma condi\u00e7\u00e3o relacionada ao\u2026","rel":"","context":"In &quot;Not\u00edcias de Ribeir\u00e3o Preto-SP e Regi\u00e3o&quot;","block_context":{"text":"Not\u00edcias de Ribeir\u00e3o Preto-SP e Regi\u00e3o","link":"https:\/\/noticiasribeiraopreto.com.br\/index.php\/category\/noticias-de-ribeirao-preto-sp-e-regiao-ismael-colosi\/"},"img":{"alt_text":"","src":"https:\/\/i0.wp.com\/noticiasribeiraopreto.com.br\/wp-content\/uploads\/2024\/10\/snapinsta.app_180693816_463544268089229_5380552696734499788_n_1080.webp.webp?fit=1170%2C700&ssl=1&resize=350%2C200","width":350,"height":200,"srcset":"https:\/\/i0.wp.com\/noticiasribeiraopreto.com.br\/wp-content\/uploads\/2024\/10\/snapinsta.app_180693816_463544268089229_5380552696734499788_n_1080.webp.webp?fit=1170%2C700&ssl=1&resize=350%2C200 1x, https:\/\/i0.wp.com\/noticiasribeiraopreto.com.br\/wp-content\/uploads\/2024\/10\/snapinsta.app_180693816_463544268089229_5380552696734499788_n_1080.webp.webp?fit=1170%2C700&ssl=1&resize=525%2C300 1.5x, https:\/\/i0.wp.com\/noticiasribeiraopreto.com.br\/wp-content\/uploads\/2024\/10\/snapinsta.app_180693816_463544268089229_5380552696734499788_n_1080.webp.webp?fit=1170%2C700&ssl=1&resize=700%2C400 2x, https:\/\/i0.wp.com\/noticiasribeiraopreto.com.br\/wp-content\/uploads\/2024\/10\/snapinsta.app_180693816_463544268089229_5380552696734499788_n_1080.webp.webp?fit=1170%2C700&ssl=1&resize=1050%2C600 3x"},"classes":[]},{"id":31548,"url":"https:\/\/noticiasribeiraopreto.com.br\/index.php\/2024\/01\/22\/top-10-homens-mais-ricos-do-brasil-em-2023\/","url_meta":{"origin":16162,"position":1},"title":"Top 10 homens mais ricos do Brasil em 2023","author":"noticiasribeiraopreto.com.br","date":"22 de January de 2024","format":false,"excerpt":"A vasta riqueza do Brasil n\u00e3o \u00e9 medida apenas pela sua vibrante cultura, praias paradis\u00edacas e paix\u00e3o pelo futebol, mas tamb\u00e9m pelos impressionantes imp\u00e9rios financeiros constru\u00eddos pelos homens mais ricos do Brasil. Apesar dos frequentes desafios econ\u00f4micos do pa\u00eds, estes tit\u00e3s da ind\u00fastria conseguiram amassar fortunas significativas atrav\u00e9s de uma\u2026","rel":"","context":"In &quot;Blog&quot;","block_context":{"text":"Blog","link":"https:\/\/noticiasribeiraopreto.com.br\/index.php\/category\/blog\/"},"img":{"alt_text":"","src":"https:\/\/i0.wp.com\/noticiasribeiraopreto.com.br\/wp-content\/uploads\/2024\/01\/Homens-mais-ricos-do-Brasil.jpg?fit=1200%2C676&ssl=1&resize=350%2C200","width":350,"height":200,"srcset":"https:\/\/i0.wp.com\/noticiasribeiraopreto.com.br\/wp-content\/uploads\/2024\/01\/Homens-mais-ricos-do-Brasil.jpg?fit=1200%2C676&ssl=1&resize=350%2C200 1x, https:\/\/i0.wp.com\/noticiasribeiraopreto.com.br\/wp-content\/uploads\/2024\/01\/Homens-mais-ricos-do-Brasil.jpg?fit=1200%2C676&ssl=1&resize=525%2C300 1.5x, https:\/\/i0.wp.com\/noticiasribeiraopreto.com.br\/wp-content\/uploads\/2024\/01\/Homens-mais-ricos-do-Brasil.jpg?fit=1200%2C676&ssl=1&resize=700%2C400 2x, https:\/\/i0.wp.com\/noticiasribeiraopreto.com.br\/wp-content\/uploads\/2024\/01\/Homens-mais-ricos-do-Brasil.jpg?fit=1200%2C676&ssl=1&resize=1050%2C600 3x"},"classes":[]},{"id":21146,"url":"https:\/\/noticiasribeiraopreto.com.br\/index.php\/2023\/12\/27\/bolsa-familia-2024-aprenda-a-consultar-o-beneficio-com-o-cpf-ou-nis\/","url_meta":{"origin":16162,"position":2},"title":"Bolsa Fam\u00edlia 2024: Aprenda a CONSULTAR o benef\u00edcio com o CPF ou NIS","author":"noticiasribeiraopreto.com.br","date":"27 de December de 2023","format":false,"excerpt":"O programa social Bolsa Fam\u00edlia, agora conhecido como Aux\u00edlio Brasil, \u00e9 uma ajuda financeira essencial para as fam\u00edlias brasileiras em situa\u00e7\u00e3o de pobreza. Neste artigo, vamos explicar como voc\u00ea pode acessar informa\u00e7\u00f5es importantes sobre o benef\u00edcio, incluindo como consultar o Bolsa Fam\u00edlia usando o CPF ou NIS. O que \u00e9\u2026","rel":"","context":"In &quot;Vagas de Emprego em Ribeir\u00e3o Preto-SP&quot;","block_context":{"text":"Vagas de Emprego em Ribeir\u00e3o Preto-SP","link":"https:\/\/noticiasribeiraopreto.com.br\/index.php\/category\/empregos-classificados-vagas-trabalho\/vagas-de-empregos-em-ribeirao-preto-regiao-brasil\/"},"img":{"alt_text":"","src":"https:\/\/i0.wp.com\/noticiasribeiraopreto.com.br\/wp-content\/uploads\/2023\/12\/noticiasconcursos.com_.br-calendario-712x800.webp.webp?fit=712%2C800&ssl=1&resize=350%2C200","width":350,"height":200,"srcset":"https:\/\/i0.wp.com\/noticiasribeiraopreto.com.br\/wp-content\/uploads\/2023\/12\/noticiasconcursos.com_.br-calendario-712x800.webp.webp?fit=712%2C800&ssl=1&resize=350%2C200 1x, https:\/\/i0.wp.com\/noticiasribeiraopreto.com.br\/wp-content\/uploads\/2023\/12\/noticiasconcursos.com_.br-calendario-712x800.webp.webp?fit=712%2C800&ssl=1&resize=525%2C300 1.5x, https:\/\/i0.wp.com\/noticiasribeiraopreto.com.br\/wp-content\/uploads\/2023\/12\/noticiasconcursos.com_.br-calendario-712x800.webp.webp?fit=712%2C800&ssl=1&resize=700%2C400 2x"},"classes":[]},{"id":12343,"url":"https:\/\/noticiasribeiraopreto.com.br\/index.php\/2023\/12\/07\/portal-do-governo-traz-transparencia-aos-programas-sociais-2\/","url_meta":{"origin":16162,"position":3},"title":"Portal do governo traz transpar\u00eancia aos programas sociais","author":"noticiasribeiraopreto.com.br","date":"7 de December de 2023","format":false,"excerpt":"O governo federal lan\u00e7a a partir desta sexta-feira (8) o ComunicaBR, uma plataforma de transpar\u00eancia ativa que disponibiliza dados sobre programas e a\u00e7\u00f5es de governo.\u00a0 A ferramenta \u00e9 acess\u00edvel ao p\u00fablico e permite a consulta de informa\u00e7\u00f5es sobre \u201centregas\u201d nas mais diferentes \u00e1reas, como conclus\u00e3o de obras, n\u00famero de benefici\u00e1rios\u2026","rel":"","context":"In &quot;Vagas de Emprego em Ribeir\u00e3o Preto-SP&quot;","block_context":{"text":"Vagas de Emprego em Ribeir\u00e3o Preto-SP","link":"https:\/\/noticiasribeiraopreto.com.br\/index.php\/category\/empregos-classificados-vagas-trabalho\/vagas-de-empregos-em-ribeirao-preto-regiao-brasil\/"},"img":{"alt_text":"","src":"https:\/\/i0.wp.com\/noticiasribeiraopreto.com.br\/wp-content\/uploads\/2023\/12\/bolsa-familia-divulgacao-mds.png?fit=1200%2C675&ssl=1&resize=350%2C200","width":350,"height":200,"srcset":"https:\/\/i0.wp.com\/noticiasribeiraopreto.com.br\/wp-content\/uploads\/2023\/12\/bolsa-familia-divulgacao-mds.png?fit=1200%2C675&ssl=1&resize=350%2C200 1x, https:\/\/i0.wp.com\/noticiasribeiraopreto.com.br\/wp-content\/uploads\/2023\/12\/bolsa-familia-divulgacao-mds.png?fit=1200%2C675&ssl=1&resize=525%2C300 1.5x, https:\/\/i0.wp.com\/noticiasribeiraopreto.com.br\/wp-content\/uploads\/2023\/12\/bolsa-familia-divulgacao-mds.png?fit=1200%2C675&ssl=1&resize=700%2C400 2x, https:\/\/i0.wp.com\/noticiasribeiraopreto.com.br\/wp-content\/uploads\/2023\/12\/bolsa-familia-divulgacao-mds.png?fit=1200%2C675&ssl=1&resize=1050%2C600 3x"},"classes":[]},{"id":6687,"url":"https:\/\/noticiasribeiraopreto.com.br\/index.php\/2023\/11\/26\/carlinhos-vidente-faz-previsao-de-tragedia-para-todos-os-brasileiros-e-emite-alerta-sobre-lula-bem-pesado\/","url_meta":{"origin":16162,"position":4},"title":"Carlinhos Vidente faz previs\u00e3o de trag\u00e9dia para todos os Brasileiros e emite alerta sobre Lula: &#8216;Bem pesado&#8217;","author":"noticiasribeiraopreto.com.br","date":"26 de November de 2023","format":false,"excerpt":"Carlinhos Vidente \u00e9 bastante conhecido nas m\u00eddias por conta de suas previs\u00f5es sobre o mundo dos famosos e o Brasil,\u00a0e recentemente, chamou aten\u00e7\u00e3o\u00a0por\u00a0mais\u00a0um v\u00eddeo\u00a0publicado.E recentemente, ele realizou uma previs\u00e3o que envolve o atual presidente de nosso pa\u00eds, Luiz In\u00e1cio Lula da Silva, mais conhecido apenas como \u2018Lula\u2019.Logo no come\u00e7o de\u2026","rel":"","context":"In &quot;Blog&quot;","block_context":{"text":"Blog","link":"https:\/\/noticiasribeiraopreto.com.br\/index.php\/category\/blog\/"},"img":{"alt_text":"","src":"https:\/\/i0.wp.com\/noticiasribeiraopreto.com.br\/wp-content\/uploads\/2023\/11\/postimg-65638594d85fa9088.jpg?fit=1200%2C628&ssl=1&resize=350%2C200","width":350,"height":200,"srcset":"https:\/\/i0.wp.com\/noticiasribeiraopreto.com.br\/wp-content\/uploads\/2023\/11\/postimg-65638594d85fa9088.jpg?fit=1200%2C628&ssl=1&resize=350%2C200 1x, https:\/\/i0.wp.com\/noticiasribeiraopreto.com.br\/wp-content\/uploads\/2023\/11\/postimg-65638594d85fa9088.jpg?fit=1200%2C628&ssl=1&resize=525%2C300 1.5x, https:\/\/i0.wp.com\/noticiasribeiraopreto.com.br\/wp-content\/uploads\/2023\/11\/postimg-65638594d85fa9088.jpg?fit=1200%2C628&ssl=1&resize=700%2C400 2x, https:\/\/i0.wp.com\/noticiasribeiraopreto.com.br\/wp-content\/uploads\/2023\/11\/postimg-65638594d85fa9088.jpg?fit=1200%2C628&ssl=1&resize=1050%2C600 3x"},"classes":[]},{"id":38779,"url":"https:\/\/noticiasribeiraopreto.com.br\/index.php\/2024\/02\/21\/meu-filho-estuda-em-escola-particular-posso-receber-o-bolsa-familia-saiba-detalhes\/","url_meta":{"origin":16162,"position":5},"title":"Meu filho estuda em Escola particular, posso receber o Bolsa Fam\u00edlia? Saiba detalhes","author":"noticiasribeiraopreto.com.br","date":"21 de February de 2024","format":false,"excerpt":"O Bolsa Fam\u00edlia \u00e9 um programa brasileiro de transfer\u00eancia de renda para fam\u00edlias em situa\u00e7\u00e3o de pobreza ou extrema pobreza. Uma das regras desse benef\u00edcio social \u00e9 a exig\u00eancia de frequentar a escola. No entanto, surge a d\u00favida se uma pessoa que recebeu o Bolsa Fam\u00edlia pode estudar em uma\u2026","rel":"","context":"In &quot;Dinheiro e Investimento&quot;","block_context":{"text":"Dinheiro e Investimento","link":"https:\/\/noticiasribeiraopreto.com.br\/index.php\/category\/dinheiro-e-investimento-como-fazer-como-ganhar\/"},"img":{"alt_text":"","src":"https:\/\/i0.wp.com\/noticiasribeiraopreto.com.br\/wp-content\/uploads\/2024\/02\/acao-8.webp.jpeg?fit=1200%2C630&ssl=1&resize=350%2C200","width":350,"height":200,"srcset":"https:\/\/i0.wp.com\/noticiasribeiraopreto.com.br\/wp-content\/uploads\/2024\/02\/acao-8.webp.jpeg?fit=1200%2C630&ssl=1&resize=350%2C200 1x, https:\/\/i0.wp.com\/noticiasribeiraopreto.com.br\/wp-content\/uploads\/2024\/02\/acao-8.webp.jpeg?fit=1200%2C630&ssl=1&resize=525%2C300 1.5x, https:\/\/i0.wp.com\/noticiasribeiraopreto.com.br\/wp-content\/uploads\/2024\/02\/acao-8.webp.jpeg?fit=1200%2C630&ssl=1&resize=700%2C400 2x, https:\/\/i0.wp.com\/noticiasribeiraopreto.com.br\/wp-content\/uploads\/2024\/02\/acao-8.webp.jpeg?fit=1200%2C630&ssl=1&resize=1050%2C600 3x"},"classes":[]}],"jetpack_sharing_enabled":true,"jetpack_shortlink":"https:\/\/wp.me\/peQAOb-4cG","_links":{"self":[{"href":"https:\/\/noticiasribeiraopreto.com.br\/index.php\/wp-json\/wp\/v2\/posts\/16162","targetHints":{"allow":["GET"]}}],"collection":[{"href":"https:\/\/noticiasribeiraopreto.com.br\/index.php\/wp-json\/wp\/v2\/posts"}],"about":[{"href":"https:\/\/noticiasribeiraopreto.com.br\/index.php\/wp-json\/wp\/v2\/types\/post"}],"author":[{"embeddable":true,"href":"https:\/\/noticiasribeiraopreto.com.br\/index.php\/wp-json\/wp\/v2\/users\/1"}],"replies":[{"embeddable":true,"href":"https:\/\/noticiasribeiraopreto.com.br\/index.php\/wp-json\/wp\/v2\/comments?post=16162"}],"version-history":[{"count":0,"href":"https:\/\/noticiasribeiraopreto.com.br\/index.php\/wp-json\/wp\/v2\/posts\/16162\/revisions"}],"wp:attachment":[{"href":"https:\/\/noticiasribeiraopreto.com.br\/index.php\/wp-json\/wp\/v2\/media?parent=16162"}],"wp:term":[{"taxonomy":"category","embeddable":true,"href":"https:\/\/noticiasribeiraopreto.com.br\/index.php\/wp-json\/wp\/v2\/categories?post=16162"},{"taxonomy":"post_tag","embeddable":true,"href":"https:\/\/noticiasribeiraopreto.com.br\/index.php\/wp-json\/wp\/v2\/tags?post=16162"}],"curies":[{"name":"wp","href":"https:\/\/api.w.org\/{rel}","templated":true}]}}