{"id":16163,"date":"2023-12-15T02:15:13","date_gmt":"2023-12-15T05:15:13","guid":{"rendered":"https:\/\/noticiasribeiraopreto.com.br\/index.php\/2023\/12\/15\/indice-de-precos-sobe-159-em-novembro\/"},"modified":"2023-12-15T02:15:13","modified_gmt":"2023-12-15T05:15:13","slug":"indice-de-precos-sobe-159-em-novembro","status":"publish","type":"post","link":"https:\/\/noticiasribeiraopreto.com.br\/index.php\/2023\/12\/15\/indice-de-precos-sobe-159-em-novembro\/","title":{"rendered":"\u00cdndice de pre\u00e7os sobe 1,59% em novembro \u00a0"},"content":{"rendered":"<div class='code-block code-block-1' style='margin: 8px 0 8px auto; text-align: right; display: block; clear: both;'>\n<p><a href=\"https:\/\/wa.link\/vpicfd\"><img data-recalc-dims=\"1\" class=\"wp-image-4922\" style=\"aspect-ratio: 2.0253164556962027; width: 561px; height: auto;\" src=\"https:\/\/i0.wp.com\/ismaelcolosi.com.br\/wp-content\/uploads\/2023\/11\/grupo-de-empregos-whatsapp-e-facebook-ismael-colosi-vagas.jpg?ssl=1\" alt=\"\" \/><\/a><\/p>\n<!-- \/wp:image -->\n<\/div>\n<p> <br \/>\n<\/p>\n<div>\n<p><span data-contrast=\"auto\">O \u00edndice de pre\u00e7os Ceagesp encerrou novembro com alta de 1,59% em rela\u00e7\u00e3o a outubro. O recuo de 1,05% nos pre\u00e7os do setor de legumes segurou o desempenho do indicador no m\u00eas. Os pre\u00e7os no setor de frutas subiram 0,27% em novembro. <\/span><\/p>\n<p><span data-contrast=\"auto\">As principais altas ocorreram nos pre\u00e7os de maracuj\u00e1 azedo (+47,69%), pera williams importada (+32,16%), banana nanica (+20,03%), laranja lima (+15,67%) e anjou importada (+15,03%). Em contrapartida, as principais redu\u00e7\u00f5es foram registradas nos pre\u00e7os de mam\u00e3o formosa (-26,65%), mam\u00e3o hava\u00ed (-26,54%), figo (-25,10%), manga tommy atkins (-24,61%) e manga palmer (-20,43%)<\/span><\/p>\n<p><span data-contrast=\"auto\">Em legumes (-1,05%), os principais recuos ocorreram nos pre\u00e7os de vagem macarr\u00e3o (-40,24%), berinjela comum (-31,54%), jil\u00f3 (-27,47%), maxixe (-24,40%) e quiabo (-13,43%). Em contrapartida, os principais avan\u00e7os foram apurados nos pre\u00e7os de car\u00e1 (+52,14%), chuchu (+39,73%), beterraba (+22,08%), abobrinha italiana (+19,75%) e tomate cereja (+17,97%).<\/span><\/p>\n<p><span data-contrast=\"auto\">Em verduras (+12,97%), os pre\u00e7os de salsa (+105,87%), acelga (+69,75%), escarola comum (+55,72%), espinafre (+49,76%) e alface mimosa hidrop\u00f4nica (+40,85%) registraram as principais altas em novembro, enquanto as principais redu\u00e7\u00f5es foram apuradas por coentro (-49,25%), cenoura com folhas (-13,53%), cebolinha (-3,07%), verde (-2,29%) e cogumelo paris (-1,46%).<\/span><\/p>\n<p><span data-contrast=\"auto\">O setor de diversos apresentou crescimento de 9,85% nos pre\u00e7os, com avan\u00e7o de cebola nacional (+31,55%), batata asterix (+24,26%), batata lavada (+12,39%) e ovos de codorna (+0,86%), contra recuo de coco seco (-5,89%), alho nacional (-4,67%), ovos vermelhos (-1,84%), amendoim sem casca (-1,50%) e ovos brancos (-0,49%).<\/span><\/p>\n<p><span data-contrast=\"auto\">Em pescados (+1,11%), as principais altas foram de pero\u00e1 branco (+31,63%), anchovas (+19,79%), atum (+17,65%), curimba (+9,66%) e ca\u00e7\u00e3o azul (+6,43%). As principais redu\u00e7\u00f5es, por outro lado, foram de pescada branca (-15,19%), betara (-13,25%), cavalinha (-7,60%), abr\u00f3tea (-6,49%) e mole (-4,98%).<\/span><\/p>\n<p><span data-ccp-props=\"{&quot;201341983&quot;:0,&quot;335559739&quot;:200,&quot;335559740&quot;:276}\">\u00a0<\/span><\/p>\n<p><span data-ccp-props=\"{&quot;201341983&quot;:0,&quot;335559739&quot;:200,&quot;335559740&quot;:276}\">\u00a0<\/span><\/p>\n<p><span data-ccp-props=\"{&quot;201341983&quot;:0,&quot;335559739&quot;:200,&quot;335559740&quot;:276}\">\u00a0<\/span><\/p>\n<\/div>\n<p><br \/>\n<br \/><a href=\"https:\/\/www.tribunaribeirao.com.br\/site\/indice-de-precos-sobe-159-em-novembro\/\">Source link <\/a><\/p>\n<!-- CONTENT END 1 -->\n","protected":false},"excerpt":{"rendered":"<p>O \u00edndice de pre\u00e7os Ceagesp encerrou novembro com alta de 1,59% em rela\u00e7\u00e3o a outubro. O recuo de 1,05% nos pre\u00e7os do setor de legumes&#8230;<\/p>\n","protected":false},"author":1,"featured_media":16164,"comment_status":"open","ping_status":"open","sticky":false,"template":"","format":"standard","meta":{"advanced_seo_description":"","jetpack_seo_html_title":"","jetpack_seo_noindex":false,"jetpack_post_was_ever_published":false,"_jetpack_newsletter_access":"","_jetpack_dont_email_post_to_subs":false,"_jetpack_newsletter_tier_id":0,"_jetpack_memberships_contains_paywalled_content":false,"_jetpack_memberships_contains_paid_content":false,"footnotes":"","jetpack_publicize_message":"","jetpack_publicize_feature_enabled":true,"jetpack_social_post_already_shared":true,"jetpack_social_options":{"image_generator_settings":{"template":"highway","default_image_id":0,"font":"","enabled":false},"version":2}},"categories":[11],"tags":[1839,1293,1648,1352],"class_list":["post-16163","post","type-post","status-publish","format-standard","has-post-thumbnail","hentry","category-noticias-de-ribeirao-preto-sp-e-regiao-ismael-colosi","tag-indice","tag-novembro","tag-precos","tag-sobe"],"jetpack_publicize_connections":[],"jetpack_featured_media_url":"https:\/\/i0.wp.com\/noticiasribeiraopreto.com.br\/wp-content\/uploads\/2023\/12\/ceagesp-scaled.jpg?fit=1000%2C570&ssl=1","jetpack-related-posts":[{"id":36808,"url":"https:\/\/noticiasribeiraopreto.com.br\/index.php\/2024\/02\/12\/indice-ceagesp-registra-deflacao\/","url_meta":{"origin":16163,"position":0},"title":"\u00cdndice Ceagesp registra defla\u00e7\u00e3o\u00a0 &#8211; Jornal Tribuna Ribeir\u00e3o","author":"noticiasribeiraopreto.com.br","date":"12 de February de 2024","format":false,"excerpt":"12 de fevereiro de 2024 | 12:0010 de fevereiro de 2024 | 11:41 0O \u00edndice de pre\u00e7os Ceagesp encerrou janeiro com queda de 0,31%, ante alta de 5,09% em dezembro. No mesmo per\u00edodo do ano passado, o \u00edndice apresentou defla\u00e7\u00e3o de 2,62%. Com o resultado, fechou o per\u00edodo de doze\u2026","rel":"","context":"In &quot;Not\u00edcias de Ribeir\u00e3o Preto-SP e Regi\u00e3o&quot;","block_context":{"text":"Not\u00edcias de Ribeir\u00e3o Preto-SP e Regi\u00e3o","link":"https:\/\/noticiasribeiraopreto.com.br\/index.php\/category\/noticias-de-ribeirao-preto-sp-e-regiao-ismael-colosi\/"},"img":{"alt_text":"","src":"https:\/\/i0.wp.com\/noticiasribeiraopreto.com.br\/wp-content\/uploads\/2024\/02\/Ceagesp-Alfredo-Risk-scaled.jpg?fit=1000%2C632&ssl=1&resize=350%2C200","width":350,"height":200,"srcset":"https:\/\/i0.wp.com\/noticiasribeiraopreto.com.br\/wp-content\/uploads\/2024\/02\/Ceagesp-Alfredo-Risk-scaled.jpg?fit=1000%2C632&ssl=1&resize=350%2C200 1x, https:\/\/i0.wp.com\/noticiasribeiraopreto.com.br\/wp-content\/uploads\/2024\/02\/Ceagesp-Alfredo-Risk-scaled.jpg?fit=1000%2C632&ssl=1&resize=525%2C300 1.5x, https:\/\/i0.wp.com\/noticiasribeiraopreto.com.br\/wp-content\/uploads\/2024\/02\/Ceagesp-Alfredo-Risk-scaled.jpg?fit=1000%2C632&ssl=1&resize=700%2C400 2x"},"classes":[]},{"id":34642,"url":"https:\/\/noticiasribeiraopreto.com.br\/index.php\/2024\/02\/02\/precos-caem-na-porta-da-fabrica-para-o-produtor\/","url_meta":{"origin":16163,"position":1},"title":"Pre\u00e7os caem na porta da f\u00e1brica\u00a0para o produtor","author":"noticiasribeiraopreto.com.br","date":"2 de February de 2024","format":false,"excerpt":"O \u00cdndice de Pre\u00e7os ao Produtor (IPP), que inclui pre\u00e7os da ind\u00fastria extrativa e de transforma\u00e7\u00e3o, registrou baixa de 0,18% em dezembro ante recuo de 0,34% em novembro, informou nesta quinta-feira, 1\u00ba de fevereiro, o Instituto Brasileiro de Geografia e Estat\u00edstica (IBGE). O IPP mede a evolu\u00e7\u00e3o dos pre\u00e7os de\u2026","rel":"","context":"In &quot;Not\u00edcias de Ribeir\u00e3o Preto-SP e Regi\u00e3o&quot;","block_context":{"text":"Not\u00edcias de Ribeir\u00e3o Preto-SP e Regi\u00e3o","link":"https:\/\/noticiasribeiraopreto.com.br\/index.php\/category\/noticias-de-ribeirao-preto-sp-e-regiao-ismael-colosi\/"},"img":{"alt_text":"","src":"https:\/\/i0.wp.com\/noticiasribeiraopreto.com.br\/wp-content\/uploads\/2024\/02\/Perspectivas-setor-de-refino-de-petroleo-no-Brasil.jpg?fit=600%2C300&ssl=1&resize=350%2C200","width":350,"height":200,"srcset":"https:\/\/i0.wp.com\/noticiasribeiraopreto.com.br\/wp-content\/uploads\/2024\/02\/Perspectivas-setor-de-refino-de-petroleo-no-Brasil.jpg?fit=600%2C300&ssl=1&resize=350%2C200 1x, https:\/\/i0.wp.com\/noticiasribeiraopreto.com.br\/wp-content\/uploads\/2024\/02\/Perspectivas-setor-de-refino-de-petroleo-no-Brasil.jpg?fit=600%2C300&ssl=1&resize=525%2C300 1.5x"},"classes":[]},{"id":14684,"url":"https:\/\/noticiasribeiraopreto.com.br\/index.php\/2023\/12\/12\/inflacao-acelera-em-novembro-pressionada-por-alimentos\/","url_meta":{"origin":16163,"position":2},"title":"Infla\u00e7\u00e3o ACELERA em novembro, pressionada por alimentos","author":"noticiasribeiraopreto.com.br","date":"12 de December de 2023","format":false,"excerpt":"O \u00cdndice Nacional de Pre\u00e7os ao Consumidor Amplo (IPCA)\u00a0subiu 0,28% em novembro, acelerando\u00a0 em rela\u00e7\u00e3o ao m\u00eas anterior, quando a taxa avan\u00e7ou 0,24%. A prop\u00f3sito, o IPCA \u00e9 a infla\u00e7\u00e3o oficial do Brasil. O resultado veio levemente abaixo do esperado pelos analistas do mercado financeiro, cuja m\u00e9dia das proje\u00e7\u00f5es apontava\u2026","rel":"","context":"In &quot;Vagas de Emprego em Ribeir\u00e3o Preto-SP&quot;","block_context":{"text":"Vagas de Emprego em Ribeir\u00e3o Preto-SP","link":"https:\/\/noticiasribeiraopreto.com.br\/index.php\/category\/empregos-classificados-vagas-trabalho\/vagas-de-empregos-em-ribeirao-preto-regiao-brasil\/"},"img":{"alt_text":"","src":"https:\/\/i0.wp.com\/noticiasribeiraopreto.com.br\/wp-content\/uploads\/2023\/12\/noticiasconcursos.com_.br-inflacao-acelera-em-novembro-pressionada-pela-alta-nos-precos-dos-alimentos-carrinho-de-supermercado-agencia-brasil-750x430.jpeg?fit=750%2C430&ssl=1&resize=350%2C200","width":350,"height":200,"srcset":"https:\/\/i0.wp.com\/noticiasribeiraopreto.com.br\/wp-content\/uploads\/2023\/12\/noticiasconcursos.com_.br-inflacao-acelera-em-novembro-pressionada-pela-alta-nos-precos-dos-alimentos-carrinho-de-supermercado-agencia-brasil-750x430.jpeg?fit=750%2C430&ssl=1&resize=350%2C200 1x, https:\/\/i0.wp.com\/noticiasribeiraopreto.com.br\/wp-content\/uploads\/2023\/12\/noticiasconcursos.com_.br-inflacao-acelera-em-novembro-pressionada-pela-alta-nos-precos-dos-alimentos-carrinho-de-supermercado-agencia-brasil-750x430.jpeg?fit=750%2C430&ssl=1&resize=525%2C300 1.5x, https:\/\/i0.wp.com\/noticiasribeiraopreto.com.br\/wp-content\/uploads\/2023\/12\/noticiasconcursos.com_.br-inflacao-acelera-em-novembro-pressionada-pela-alta-nos-precos-dos-alimentos-carrinho-de-supermercado-agencia-brasil-750x430.jpeg?fit=750%2C430&ssl=1&resize=700%2C400 2x"},"classes":[]},{"id":75016,"url":"https:\/\/noticiasribeiraopreto.com.br\/index.php\/2025\/08\/01\/ingredientes-para-sopa-recuam-neste-inverno\/","url_meta":{"origin":16163,"position":3},"title":"Ingredientes para sopa recuam neste inverno","author":"noticiasribeiraopreto.com.br","date":"1 de August de 2025","format":false,"excerpt":"1 de agosto de 2025 16:001 de agosto de 2025 11:5012 Compartilhar0 O \u00cdndice de Pre\u00e7os dos Supermercados (IPS), elaborado pela Associa\u00e7\u00e3o Paulista de Supermercados (Apas) em parceria com a Funda\u00e7\u00e3o Instituto de Pesquisas Econ\u00f4micas (Fipe), registrou defla\u00e7\u00e3o de 6,03% no pre\u00e7o dos produtos in natura em junho, quando teve\u2026","rel":"","context":"In &quot;Not\u00edcias de Ribeir\u00e3o Preto-SP e Regi\u00e3o&quot;","block_context":{"text":"Not\u00edcias de Ribeir\u00e3o Preto-SP e Regi\u00e3o","link":"https:\/\/noticiasribeiraopreto.com.br\/index.php\/category\/noticias-de-ribeirao-preto-sp-e-regiao-ismael-colosi\/"},"img":{"alt_text":"","src":"https:\/\/i0.wp.com\/noticiasribeiraopreto.com.br\/wp-content\/uploads\/2025\/08\/Sopa-Pixabay-2.jpg?fit=640%2C427&ssl=1&resize=350%2C200","width":350,"height":200,"srcset":"https:\/\/i0.wp.com\/noticiasribeiraopreto.com.br\/wp-content\/uploads\/2025\/08\/Sopa-Pixabay-2.jpg?fit=640%2C427&ssl=1&resize=350%2C200 1x, https:\/\/i0.wp.com\/noticiasribeiraopreto.com.br\/wp-content\/uploads\/2025\/08\/Sopa-Pixabay-2.jpg?fit=640%2C427&ssl=1&resize=525%2C300 1.5x"},"classes":[]},{"id":74496,"url":"https:\/\/noticiasribeiraopreto.com.br\/index.php\/2025\/07\/23\/precos-de-hortalicas-caem-nos-atacados\/","url_meta":{"origin":16163,"position":4},"title":"Pre\u00e7os de hortali\u00e7as caem nos \u2018atacados\u2019","author":"noticiasribeiraopreto.com.br","date":"23 de July de 2025","format":false,"excerpt":"A boa oferta de cenoura, batata e cebola nos principais mercados atacadistas influenciaram na queda dos pre\u00e7os na m\u00e9dia ponderada registrada no \u00faltimo m\u00eas. Banana, laranja, mam\u00e3o e melancia, assim como a alface, tamb\u00e9m registraram cota\u00e7\u00f5es mais baixas na comercializa\u00e7\u00e3o no atacado em junho. Os dados s\u00e3o do 7\u00ba Boletim\u2026","rel":"","context":"In &quot;Not\u00edcias de Ribeir\u00e3o Preto-SP e Regi\u00e3o&quot;","block_context":{"text":"Not\u00edcias de Ribeir\u00e3o Preto-SP e Regi\u00e3o","link":"https:\/\/noticiasribeiraopreto.com.br\/index.php\/category\/noticias-de-ribeirao-preto-sp-e-regiao-ismael-colosi\/"},"img":{"alt_text":"","src":"https:\/\/i0.wp.com\/noticiasribeiraopreto.com.br\/wp-content\/uploads\/2025\/07\/Conab-Getty-Images-scaled.jpg?fit=1170%2C780&ssl=1&resize=350%2C200","width":350,"height":200,"srcset":"https:\/\/i0.wp.com\/noticiasribeiraopreto.com.br\/wp-content\/uploads\/2025\/07\/Conab-Getty-Images-scaled.jpg?fit=1170%2C780&ssl=1&resize=350%2C200 1x, https:\/\/i0.wp.com\/noticiasribeiraopreto.com.br\/wp-content\/uploads\/2025\/07\/Conab-Getty-Images-scaled.jpg?fit=1170%2C780&ssl=1&resize=525%2C300 1.5x, https:\/\/i0.wp.com\/noticiasribeiraopreto.com.br\/wp-content\/uploads\/2025\/07\/Conab-Getty-Images-scaled.jpg?fit=1170%2C780&ssl=1&resize=700%2C400 2x, https:\/\/i0.wp.com\/noticiasribeiraopreto.com.br\/wp-content\/uploads\/2025\/07\/Conab-Getty-Images-scaled.jpg?fit=1170%2C780&ssl=1&resize=1050%2C600 3x"},"classes":[]},{"id":26721,"url":"https:\/\/noticiasribeiraopreto.com.br\/index.php\/2024\/01\/10\/cesta-basica-recua-em-15-de-17-capitais-2\/","url_meta":{"origin":16163,"position":5},"title":"Cesta b\u00e1sica recua em 15 de 17 capitais \u00a0","author":"noticiasribeiraopreto.com.br","date":"10 de January de 2024","format":false,"excerpt":"O valor da cesta b\u00e1sica encerrou o ano passado em queda em 15 das 17 capitais pesquisadas pelo Departamento Intersindical de Estat\u00edsticas e Estudos Socioecon\u00f4micos (Dieese). S\u00f3 Bel\u00e9m (PA) e Porto Alegre (RS) caminharam na contram\u00e3o das demais no per\u00edodo, com altas de 0,94% e 0,12%, respectivamente.Campo Grande (MS) liderou\u2026","rel":"","context":"In &quot;Not\u00edcias de Ribeir\u00e3o Preto-SP e Regi\u00e3o&quot;","block_context":{"text":"Not\u00edcias de Ribeir\u00e3o Preto-SP e Regi\u00e3o","link":"https:\/\/noticiasribeiraopreto.com.br\/index.php\/category\/noticias-de-ribeirao-preto-sp-e-regiao-ismael-colosi\/"},"img":{"alt_text":"","src":"https:\/\/i0.wp.com\/noticiasribeiraopreto.com.br\/wp-content\/uploads\/2024\/01\/Cesta-Geraldo-Bubniak-AEN-1-scaled.jpg?fit=1000%2C598&ssl=1&resize=350%2C200","width":350,"height":200,"srcset":"https:\/\/i0.wp.com\/noticiasribeiraopreto.com.br\/wp-content\/uploads\/2024\/01\/Cesta-Geraldo-Bubniak-AEN-1-scaled.jpg?fit=1000%2C598&ssl=1&resize=350%2C200 1x, https:\/\/i0.wp.com\/noticiasribeiraopreto.com.br\/wp-content\/uploads\/2024\/01\/Cesta-Geraldo-Bubniak-AEN-1-scaled.jpg?fit=1000%2C598&ssl=1&resize=525%2C300 1.5x, https:\/\/i0.wp.com\/noticiasribeiraopreto.com.br\/wp-content\/uploads\/2024\/01\/Cesta-Geraldo-Bubniak-AEN-1-scaled.jpg?fit=1000%2C598&ssl=1&resize=700%2C400 2x"},"classes":[]}],"jetpack_sharing_enabled":true,"jetpack_shortlink":"https:\/\/wp.me\/peQAOb-4cH","_links":{"self":[{"href":"https:\/\/noticiasribeiraopreto.com.br\/index.php\/wp-json\/wp\/v2\/posts\/16163","targetHints":{"allow":["GET"]}}],"collection":[{"href":"https:\/\/noticiasribeiraopreto.com.br\/index.php\/wp-json\/wp\/v2\/posts"}],"about":[{"href":"https:\/\/noticiasribeiraopreto.com.br\/index.php\/wp-json\/wp\/v2\/types\/post"}],"author":[{"embeddable":true,"href":"https:\/\/noticiasribeiraopreto.com.br\/index.php\/wp-json\/wp\/v2\/users\/1"}],"replies":[{"embeddable":true,"href":"https:\/\/noticiasribeiraopreto.com.br\/index.php\/wp-json\/wp\/v2\/comments?post=16163"}],"version-history":[{"count":0,"href":"https:\/\/noticiasribeiraopreto.com.br\/index.php\/wp-json\/wp\/v2\/posts\/16163\/revisions"}],"wp:featuredmedia":[{"embeddable":true,"href":"https:\/\/noticiasribeiraopreto.com.br\/index.php\/wp-json\/wp\/v2\/media\/16164"}],"wp:attachment":[{"href":"https:\/\/noticiasribeiraopreto.com.br\/index.php\/wp-json\/wp\/v2\/media?parent=16163"}],"wp:term":[{"taxonomy":"category","embeddable":true,"href":"https:\/\/noticiasribeiraopreto.com.br\/index.php\/wp-json\/wp\/v2\/categories?post=16163"},{"taxonomy":"post_tag","embeddable":true,"href":"https:\/\/noticiasribeiraopreto.com.br\/index.php\/wp-json\/wp\/v2\/tags?post=16163"}],"curies":[{"name":"wp","href":"https:\/\/api.w.org\/{rel}","templated":true}]}}