{"id":16169,"date":"2023-12-15T02:26:20","date_gmt":"2023-12-15T05:26:20","guid":{"rendered":"https:\/\/noticiasribeiraopreto.com.br\/index.php\/2023\/12\/15\/homem-pode-receber-salario-maternidade-em-quatro-situacoes-saiba-quais-2\/"},"modified":"2023-12-15T02:26:20","modified_gmt":"2023-12-15T05:26:20","slug":"homem-pode-receber-salario-maternidade-em-quatro-situacoes-saiba-quais-2","status":"publish","type":"post","link":"https:\/\/noticiasribeiraopreto.com.br\/index.php\/2023\/12\/15\/homem-pode-receber-salario-maternidade-em-quatro-situacoes-saiba-quais-2\/","title":{"rendered":"Homem pode receber sal\u00e1rio-maternidade em quatro situa\u00e7\u00f5es; Saiba quais"},"content":{"rendered":"<div class='code-block code-block-1' style='margin: 8px 0 8px auto; text-align: right; display: block; clear: both;'>\n<p><a href=\"https:\/\/wa.link\/vpicfd\"><img data-recalc-dims=\"1\" class=\"wp-image-4922\" style=\"aspect-ratio: 2.0253164556962027; width: 561px; height: auto;\" src=\"https:\/\/i0.wp.com\/ismaelcolosi.com.br\/wp-content\/uploads\/2023\/11\/grupo-de-empregos-whatsapp-e-facebook-ismael-colosi-vagas.jpg?ssl=1\" alt=\"\" \/><\/a><\/p>\n<!-- \/wp:image -->\n<\/div>\n<p> <br \/>\n<\/p>\n<div>\n<p>O <strong>sal\u00e1rio-maternidade<\/strong>, associado exclusivamente \u00e0s m\u00e3es por muitas pessoas, na verdade, tamb\u00e9m se destinada aos homens que se tornam pais. Ele \u00e9 um benef\u00edcio crucial fornecido pelo INSS (Instituto Nacional do Seguro Social) ap\u00f3s a chegada de um novo filho.<\/p>\n<p>O aux\u00edlio financeiro \u00e9 concedido \u00e0 segurada e ao segurado do INSS, em circunst\u00e2ncias espec\u00edficas, para que possam se dedicar integralmente aos cuidados do novo membro da fam\u00edlia. Tem direito a receber as (os) empregadas (os) comuns com carteira assinada, empregadas (os) dom\u00e9sticas (os), MEIs ou mesmo trabalhadores avulsos.<\/p>\n<p>S\u00f3 h\u00e1 car\u00eancia no caso de contribuinte individual (que trabalha por conta pr\u00f3pria, por exemplo MEI), segurado facultativo e segurado especial (rural), que precisam comprovar car\u00eancia m\u00ednima de 10 meses de contribui\u00e7\u00f5es para conseguir embolsar o aux\u00edlio financeiro.\u00a0<\/p>\n<p><a href=\"https:\/\/jcconcursos.com.br\/amp\/noticia\/brasil\/licenca-paternidade-pode-se-igualar-a-licenca-maternidade-e-ser-de-120-dias-119968\" rel=\"noopener\" target=\"_blank\">+Licen\u00e7a-paternidade pode se igualar \u00e0 licen\u00e7a-maternidade e ser de 120 dias<\/a><\/p>\n<h2>Quais homens t\u00eam direito ao benef\u00edcio?<\/h2>\n<p>Historicamente, esse benef\u00edcio era restrito \u00e0s mulheres, mas com as mudan\u00e7as sociais e familiares, a legisla\u00e7\u00e3o tem acompanhado essa evolu\u00e7\u00e3o. No Brasil, a Lei n\u00ba 8.213\/1991, que disp\u00f5e sobre os Planos de Benef\u00edcios da Previd\u00eancia Social, prev\u00ea que o sal\u00e1rio-maternidade pode ser concedido tanto para a m\u00e3e biol\u00f3gica quanto para o pai.\u00a0<\/p>\n<p>Essa mudan\u00e7a representa um avan\u00e7o na legisla\u00e7\u00e3o, reconhecendo a igualdade de g\u00eanero na parentalidade. No entanto, \u00e9 importante ressaltar que o sal\u00e1rio-maternidade para homens est\u00e1 condicionado a algumas situa\u00e7\u00f5es espec\u00edficas.<\/p>\n<p>Conhe\u00e7a abaixo as quatro circunst\u00e2ncias em que homens t\u00eam direito a receber esse benef\u00edcio essencial:<\/p>\n<ol>\n<li>\n<p><strong>Respons\u00e1vel Exclusivo pelo Filho (Biol\u00f3gico ou Adotado):<\/strong> Homens que assumem a responsabilidade exclusiva pela cria\u00e7\u00e3o de filhos, seja com v\u00ednculo biol\u00f3gico ou adotivo, t\u00eam o direito ao Sal\u00e1rio-Maternidade.\u00a0<\/p>\n<\/li>\n<li>\n<p><strong>Adotantes:<\/strong> Quando um casal decide adotar uma crian\u00e7a, tanto o pai quanto a m\u00e3e t\u00eam o direito de receber o Sal\u00e1rio-Maternidade. Esse benef\u00edcio busca proporcionar apoio financeiro durante o per\u00edodo de adapta\u00e7\u00e3o da fam\u00edlia \u00e0 nova din\u00e2mica.<\/p>\n<\/li>\n<li>\n<p><strong>Casais homoafetivos:<\/strong> Reconhecendo a diversidade de fam\u00edlias, a legisla\u00e7\u00e3o inclui casais homoafetivos no direito ao sal\u00e1rio-maternidade. Assim, ambos os parceiros podem solicitar o benef\u00edcio, assegurando apoio nos primeiros meses de cuidados com o beb\u00ea.<\/p>\n<\/li>\n<li>\n<p><strong>Homens trans que gestam:<\/strong> Em uma importante considera\u00e7\u00e3o \u00e0 diversidade de g\u00eanero, homens trans que ficam gr\u00e1vidos e passam pela experi\u00eancia de dar \u00e0 luz tamb\u00e9m t\u00eam direito ao sal\u00e1rio-maternidade. Essa medida visa garantir que todos os pais, independentemente da identidade de g\u00eanero, recebam o suporte necess\u00e1rio nesse per\u00edodo.<\/p>\n<\/li>\n<\/ol>\n<p><a href=\"https:\/\/jcconcursos.com.br\/noticia\/brasil\/saiba-como-pagar-iptu-e-iss-atrasados-com-ate-95-de-desconto-em-sp-120026\" rel=\"noopener\" target=\"_blank\">+Saiba como pagar IPTU e ISS atrasados com at\u00e9 95% de desconto em SP<\/a><\/p>\n<h2>O que \u00e9 o sal\u00e1rio-maternidade?<\/h2>\n<p>O sal\u00e1rio-maternidade \u00e9 um benef\u00edcio previdenci\u00e1rio garantido pela Previd\u00eancia Social, que visa proporcionar seguran\u00e7a financeira aos trabalhadores durante per\u00edodos espec\u00edficos de afastamento do trabalho em virtude de eventos como:<\/p>\n<ul>\n<li>nascimento de filho<\/li>\n<li>ado\u00e7\u00e3o ou guarda judicial de menor com at\u00e9 12 anos<\/li>\n<li>aborto espont\u00e2neo<\/li>\n<li>aborto n\u00e3o criminoso<\/li>\n<li>doen\u00e7as decorrentes da gravidez<\/li>\n<\/ul>\n<h2>Como pedir o sal\u00e1rio-maternidade?<\/h2>\n<p>\u00c9 preciso direcionar o pedido ao INSS nas seguintes situa\u00e7\u00f5es: empregado MEI (Microempreendedor Individual); empregado dom\u00e9stico; seguradas especiais e facultativas; empregado que adota crian\u00e7a; e casos de falecimento da segurada empregada que gerem direito a complemento de pagamento para o c\u00f4njuge vi\u00favo.<\/p>\n<p>Para pedir o sal\u00e1rio-maternidade nesses casos, basta acessar o <a href=\"https:\/\/meu.inss.gov.br\/#%2F\" rel=\"noopener\" target=\"_blank\">site Meu INSS<\/a> para preencher o formul\u00e1rio online ou ligar para a Central de Atendimento do INSS no n\u00famero 135. A correta documenta\u00e7\u00e3o, como a certid\u00e3o de nascimento da crian\u00e7a, documentos pessoais e comprovante de endere\u00e7o, deve ser anexada no Meu INSS.<\/p>\n<p>No entanto, as seguradas empregadas com carteira assinada n\u00e3o t\u00eam necessidade de efetuar o requerimento no INSS, j\u00e1 que a responsabilidade do pagamento \u00e9 da empresa onde trabalham, que ser\u00e1 ressarcida pela Previd\u00eancia Social.<\/p>\n<h2>Tempo de repasse do aux\u00edlio e valor<\/h2>\n<p>A dura\u00e7\u00e3o do sal\u00e1rio-maternidade varia conforme a situa\u00e7\u00e3o que o originou. Em casos de nascimento ou ado\u00e7\u00e3o, o benef\u00edcio \u00e9 concedido por 120 dias, em geral. Em situa\u00e7\u00f5es de aborto espont\u00e2neo ou de fetos natimortos, o per\u00edodo \u00e9 reduzido para 14 dias.<\/p>\n<p>J\u00e1 o valor \u00e9 definido com base na remunera\u00e7\u00e3o do trabalhador, respeitando um limite estabelecido pela Previd\u00eancia Social. Confira:<\/p>\n<ul>\n<li>Para quem trabalha o valor vai corresponder ao sal\u00e1rio recebido mensalmente;<\/li>\n<li>No caso de trabalhador avulso, o benef\u00edcio \u00e9 calculado com base na \u00faltima remunera\u00e7\u00e3o;<\/li>\n<li>Empregado dom\u00e9stico receber\u00e1 de acordo com o sal\u00e1rio de contribui\u00e7\u00e3o constante na Carteira de Trabalho;<\/li>\n<li>Contribuinte individual e segurado facultativo ganham 1\/12 da soma dos 12 \u00faltimos sal\u00e1rios de contribui\u00e7\u00e3o; e<\/li>\n<li>Segurado especial recebe um sal\u00e1rio m\u00ednimo.<\/li>\n<\/ul>\n<p>+++Acompanhe as principais not\u00edcias sobre Sociedade no JC Concursos.\u00a0<\/p>\n<p><a id=\"gnews_btn\" href=\"https:\/\/news.google.com\/publications\/CAAqBwgKMOixlQswuZWrAw\" target=\"_blank\" class=\"border_jc_blue link_hover_bg_jc_blue font_85 d-block d-md-inline-block px-2 py-1 mr-0 mr-md-2 mb-3 w-100 text-center\" rel=\"noopener\"><span class=\"text_jc_blue\">Siga o <strong>JC Concursos no Google News<\/strong><\/span><\/a><a href=\"https:\/\/jcconcursos.com.br\/noticia\/brasil\/\" class=\"badge badge-light\">Sociedade<\/a><a href=\"https:\/\/jcconcursos.com.br\/noticia\/brasil\/\" class=\"badge badge-light\">Brasil<\/a><\/p>\n<\/div>\n<p><br \/>\n<br \/><a href=\"https:\/\/ismaelcolosi.com.br\/homem-pode-receber-salario-maternidade-em-quatro-situacoes-saiba-quais\/\">Source link <\/a><\/p>\n<!-- CONTENT END 1 -->\n","protected":false},"excerpt":{"rendered":"<p>O sal\u00e1rio-maternidade, associado exclusivamente \u00e0s m\u00e3es por muitas pessoas, na verdade, tamb\u00e9m se destinada aos homens que se tornam pais. Ele \u00e9 um benef\u00edcio crucial&#8230;<\/p>\n","protected":false},"author":1,"featured_media":16170,"comment_status":"open","ping_status":"open","sticky":false,"template":"","format":"standard","meta":{"advanced_seo_description":"","jetpack_seo_html_title":"","jetpack_seo_noindex":false,"jetpack_post_was_ever_published":false,"_jetpack_newsletter_access":"","_jetpack_dont_email_post_to_subs":false,"_jetpack_newsletter_tier_id":0,"_jetpack_memberships_contains_paywalled_content":false,"_jetpack_memberships_contains_paid_content":false,"footnotes":"","jetpack_publicize_message":"","jetpack_publicize_feature_enabled":true,"jetpack_social_post_already_shared":true,"jetpack_social_options":{"image_generator_settings":{"template":"highway","default_image_id":0,"font":"","enabled":false},"version":2}},"categories":[7],"tags":[],"class_list":["post-16169","post","type-post","status-publish","format-standard","has-post-thumbnail","hentry","category-vagas-de-empregos-em-ribeirao-preto-regiao-brasil"],"jetpack_publicize_connections":[],"jetpack_featured_media_url":"https:\/\/i0.wp.com\/noticiasribeiraopreto.com.br\/wp-content\/uploads\/2023\/12\/pai-filho-dinheiro-divulgacao-canva.png?fit=1920%2C1080&ssl=1","jetpack-related-posts":[{"id":15054,"url":"https:\/\/noticiasribeiraopreto.com.br\/index.php\/2023\/12\/13\/lista-com-doencas-que-garantem-aposentadoria-inss\/","url_meta":{"origin":16169,"position":0},"title":"Lista com doen\u00e7as que GARANTEM aposentadoria INSS","author":"noticiasribeiraopreto.com.br","date":"13 de December de 2023","format":false,"excerpt":"Uma nova fase traz consigo atualiza\u00e7\u00f5es para os benefici\u00e1rios do Instituto Nacional do Seguro Social. O Governo Federal divulgou uma modifica\u00e7\u00e3o na rela\u00e7\u00e3o de enfermidades que conferem o direito \u00e0 aposentadoria por invalidez do INSS. Esse processo n\u00e3o ocorre regularmente e a lista de comorbidades \u00e9 extensa, portanto, requer aten\u00e7\u00e3o\u2026","rel":"","context":"In &quot;Vagas de Emprego em Ribeir\u00e3o Preto-SP&quot;","block_context":{"text":"Vagas de Emprego em Ribeir\u00e3o Preto-SP","link":"https:\/\/noticiasribeiraopreto.com.br\/index.php\/category\/empregos-classificados-vagas-trabalho\/vagas-de-empregos-em-ribeirao-preto-regiao-brasil\/"},"img":{"alt_text":"","src":"https:\/\/i0.wp.com\/noticiasribeiraopreto.com.br\/wp-content\/uploads\/2023\/12\/noticiasconcursos.com_.br-3-56.jpg?fit=1200%2C800&ssl=1&resize=350%2C200","width":350,"height":200,"srcset":"https:\/\/i0.wp.com\/noticiasribeiraopreto.com.br\/wp-content\/uploads\/2023\/12\/noticiasconcursos.com_.br-3-56.jpg?fit=1200%2C800&ssl=1&resize=350%2C200 1x, https:\/\/i0.wp.com\/noticiasribeiraopreto.com.br\/wp-content\/uploads\/2023\/12\/noticiasconcursos.com_.br-3-56.jpg?fit=1200%2C800&ssl=1&resize=525%2C300 1.5x, https:\/\/i0.wp.com\/noticiasribeiraopreto.com.br\/wp-content\/uploads\/2023\/12\/noticiasconcursos.com_.br-3-56.jpg?fit=1200%2C800&ssl=1&resize=700%2C400 2x, https:\/\/i0.wp.com\/noticiasribeiraopreto.com.br\/wp-content\/uploads\/2023\/12\/noticiasconcursos.com_.br-3-56.jpg?fit=1200%2C800&ssl=1&resize=1050%2C600 3x"},"classes":[]},{"id":54900,"url":"https:\/\/noticiasribeiraopreto.com.br\/index.php\/2024\/07\/25\/aprovado-hoje25-meis-receberao-auxilio-no-valor-de-r-1-412-por-mes-confira-detalhes\/","url_meta":{"origin":16169,"position":1},"title":"Aprovado Hoje(25)! MEIs Receber\u00e3o Aux\u00edlio No Valor de R$ 1.412 por M\u00eas; Confira detalhes","author":"noticiasribeiraopreto.com.br","date":"25 de July de 2024","format":false,"excerpt":"As Microempreendedoras Individuais (MEIS) no Brasil ganharam uma importante aliada para enfrentar os desafios da maternidade. A partir de agora, as MEIs que doarem regularmente ao INSS poder\u00e3o contar com um aux\u00edlio financeiro de R$ 1.412 por quatro meses ap\u00f3s o nascimento do beb\u00ea. Essa iniciativa representa um grande avan\u00e7o\u2026","rel":"","context":"In &quot;Dinheiro e Investimento&quot;","block_context":{"text":"Dinheiro e Investimento","link":"https:\/\/noticiasribeiraopreto.com.br\/index.php\/category\/dinheiro-e-investimento-como-fazer-como-ganhar\/"},"img":{"alt_text":"","src":"https:\/\/i0.wp.com\/noticiasribeiraopreto.com.br\/wp-content\/uploads\/2024\/07\/Auxilio-de.webp.webp?fit=1200%2C630&ssl=1&resize=350%2C200","width":350,"height":200,"srcset":"https:\/\/i0.wp.com\/noticiasribeiraopreto.com.br\/wp-content\/uploads\/2024\/07\/Auxilio-de.webp.webp?fit=1200%2C630&ssl=1&resize=350%2C200 1x, https:\/\/i0.wp.com\/noticiasribeiraopreto.com.br\/wp-content\/uploads\/2024\/07\/Auxilio-de.webp.webp?fit=1200%2C630&ssl=1&resize=525%2C300 1.5x, https:\/\/i0.wp.com\/noticiasribeiraopreto.com.br\/wp-content\/uploads\/2024\/07\/Auxilio-de.webp.webp?fit=1200%2C630&ssl=1&resize=700%2C400 2x, https:\/\/i0.wp.com\/noticiasribeiraopreto.com.br\/wp-content\/uploads\/2024\/07\/Auxilio-de.webp.webp?fit=1200%2C630&ssl=1&resize=1050%2C600 3x"},"classes":[]},{"id":15120,"url":"https:\/\/noticiasribeiraopreto.com.br\/index.php\/2023\/12\/13\/mulher-mei-tem-direito-surpreendente-veja-qual\/","url_meta":{"origin":16169,"position":2},"title":"Mulher MEI tem DIREITO SURPREENDENTE: veja qual","author":"noticiasribeiraopreto.com.br","date":"13 de December de 2023","format":false,"excerpt":"O benef\u00edcio do sal\u00e1rio-maternidade \u00e9 assegurado legalmente \u00e0s trabalhadoras. O objetivo de garantir a continuidade de seus rendimentos durante o per\u00edodo em que necessitam se afastar do emprego por conta da maternidade. Esse aux\u00edlio tamb\u00e9m \u00e9 concedido \u00e0s empreendedoras atuantes como microempreendedoras individuais (MEI). A solicita\u00e7\u00e3o do benef\u00edcio para as\u2026","rel":"","context":"In &quot;Vagas de Emprego em Ribeir\u00e3o Preto-SP&quot;","block_context":{"text":"Vagas de Emprego em Ribeir\u00e3o Preto-SP","link":"https:\/\/noticiasribeiraopreto.com.br\/index.php\/category\/empregos-classificados-vagas-trabalho\/vagas-de-empregos-em-ribeirao-preto-regiao-brasil\/"},"img":{"alt_text":"","src":"https:\/\/i0.wp.com\/noticiasribeiraopreto.com.br\/wp-content\/uploads\/2023\/12\/noticiasconcursos.com_.br-informacao-importante-para-maes-que-sao-mei-acaba-de-sair-5-44.jpg?fit=1200%2C800&ssl=1&resize=350%2C200","width":350,"height":200,"srcset":"https:\/\/i0.wp.com\/noticiasribeiraopreto.com.br\/wp-content\/uploads\/2023\/12\/noticiasconcursos.com_.br-informacao-importante-para-maes-que-sao-mei-acaba-de-sair-5-44.jpg?fit=1200%2C800&ssl=1&resize=350%2C200 1x, https:\/\/i0.wp.com\/noticiasribeiraopreto.com.br\/wp-content\/uploads\/2023\/12\/noticiasconcursos.com_.br-informacao-importante-para-maes-que-sao-mei-acaba-de-sair-5-44.jpg?fit=1200%2C800&ssl=1&resize=525%2C300 1.5x, https:\/\/i0.wp.com\/noticiasribeiraopreto.com.br\/wp-content\/uploads\/2023\/12\/noticiasconcursos.com_.br-informacao-importante-para-maes-que-sao-mei-acaba-de-sair-5-44.jpg?fit=1200%2C800&ssl=1&resize=700%2C400 2x, https:\/\/i0.wp.com\/noticiasribeiraopreto.com.br\/wp-content\/uploads\/2023\/12\/noticiasconcursos.com_.br-informacao-importante-para-maes-que-sao-mei-acaba-de-sair-5-44.jpg?fit=1200%2C800&ssl=1&resize=1050%2C600 3x"},"classes":[]},{"id":23837,"url":"https:\/\/noticiasribeiraopreto.com.br\/index.php\/2024\/01\/03\/contribuicao-do-mei-fica-mais-cara-em-janeiro-de-2024-entenda-os-detalhes\/","url_meta":{"origin":16169,"position":3},"title":"Contribui\u00e7\u00e3o do MEI fica mais cara em janeiro de 2024; entenda os detalhes","author":"noticiasribeiraopreto.com.br","date":"3 de January de 2024","format":false,"excerpt":"Voc\u00ea sabe quanto vai pagar de contribui\u00e7\u00e3o mensal do MEI em 2024?\u00a0Parte da taxa se baseia no valor do sal\u00e1rio m\u00ednimo vigente. Assim, com o aumento do sal\u00e1rio m\u00ednimo, a contribui\u00e7\u00e3o tamb\u00e9m dever\u00e1 aumentar. Isso significa que o MEI ter\u00e1 que desembolsar mais alguns reais por m\u00eas para manter seus\u2026","rel":"","context":"In &quot;Vagas de Emprego em Ribeir\u00e3o Preto-SP&quot;","block_context":{"text":"Vagas de Emprego em Ribeir\u00e3o Preto-SP","link":"https:\/\/noticiasribeiraopreto.com.br\/index.php\/category\/empregos-classificados-vagas-trabalho\/vagas-de-empregos-em-ribeirao-preto-regiao-brasil\/"},"img":{"alt_text":"","src":"https:\/\/i0.wp.com\/noticiasribeiraopreto.com.br\/wp-content\/uploads\/2024\/01\/noticiasconcursos.com_.br-contribuicao-do-mei-fica-mais-cara-em-janeiro-de-2024-entenda-os-detalhes-reproducao-canva-37.jpg?fit=1200%2C800&ssl=1&resize=350%2C200","width":350,"height":200,"srcset":"https:\/\/i0.wp.com\/noticiasribeiraopreto.com.br\/wp-content\/uploads\/2024\/01\/noticiasconcursos.com_.br-contribuicao-do-mei-fica-mais-cara-em-janeiro-de-2024-entenda-os-detalhes-reproducao-canva-37.jpg?fit=1200%2C800&ssl=1&resize=350%2C200 1x, https:\/\/i0.wp.com\/noticiasribeiraopreto.com.br\/wp-content\/uploads\/2024\/01\/noticiasconcursos.com_.br-contribuicao-do-mei-fica-mais-cara-em-janeiro-de-2024-entenda-os-detalhes-reproducao-canva-37.jpg?fit=1200%2C800&ssl=1&resize=525%2C300 1.5x, https:\/\/i0.wp.com\/noticiasribeiraopreto.com.br\/wp-content\/uploads\/2024\/01\/noticiasconcursos.com_.br-contribuicao-do-mei-fica-mais-cara-em-janeiro-de-2024-entenda-os-detalhes-reproducao-canva-37.jpg?fit=1200%2C800&ssl=1&resize=700%2C400 2x, https:\/\/i0.wp.com\/noticiasribeiraopreto.com.br\/wp-content\/uploads\/2024\/01\/noticiasconcursos.com_.br-contribuicao-do-mei-fica-mais-cara-em-janeiro-de-2024-entenda-os-detalhes-reproducao-canva-37.jpg?fit=1200%2C800&ssl=1&resize=1050%2C600 3x"},"classes":[]},{"id":44354,"url":"https:\/\/noticiasribeiraopreto.com.br\/index.php\/2024\/03\/27\/cai-carencia-para-autonoma-receber-salario-maternidade\/","url_meta":{"origin":16169,"position":4},"title":"Cai car\u00eancia para aut\u00f4noma receber sal\u00e1rio-maternidade \u00a0","author":"noticiasribeiraopreto.com.br","date":"27 de March de 2024","format":false,"excerpt":"27 de mar\u00e7o de 2024 | 13:0027 de mar\u00e7o de 2024 | 9:39 0 O plen\u00e1rio do Supremo Tribunal Federal (STF) ampliou \u2013 por seis votos a cinco \u2013 o direito de trabalhadoras aut\u00f4nomas, sem carteira assinada, de receber o sal\u00e1rio-maternidade do Instituto Nacional do Seguro Social (INSS), caso tenham\u2026","rel":"","context":"In &quot;Not\u00edcias de Ribeir\u00e3o Preto-SP e Regi\u00e3o&quot;","block_context":{"text":"Not\u00edcias de Ribeir\u00e3o Preto-SP e Regi\u00e3o","link":"https:\/\/noticiasribeiraopreto.com.br\/index.php\/category\/noticias-de-ribeirao-preto-sp-e-regiao-ismael-colosi\/"},"img":{"alt_text":"","src":"https:\/\/i0.wp.com\/noticiasribeiraopreto.com.br\/wp-content\/uploads\/2024\/03\/e73ed581-1848-4b99-8d26-a83657306bde.jpg?fit=1200%2C720&ssl=1&resize=350%2C200","width":350,"height":200,"srcset":"https:\/\/i0.wp.com\/noticiasribeiraopreto.com.br\/wp-content\/uploads\/2024\/03\/e73ed581-1848-4b99-8d26-a83657306bde.jpg?fit=1200%2C720&ssl=1&resize=350%2C200 1x, https:\/\/i0.wp.com\/noticiasribeiraopreto.com.br\/wp-content\/uploads\/2024\/03\/e73ed581-1848-4b99-8d26-a83657306bde.jpg?fit=1200%2C720&ssl=1&resize=525%2C300 1.5x, https:\/\/i0.wp.com\/noticiasribeiraopreto.com.br\/wp-content\/uploads\/2024\/03\/e73ed581-1848-4b99-8d26-a83657306bde.jpg?fit=1200%2C720&ssl=1&resize=700%2C400 2x, https:\/\/i0.wp.com\/noticiasribeiraopreto.com.br\/wp-content\/uploads\/2024\/03\/e73ed581-1848-4b99-8d26-a83657306bde.jpg?fit=1200%2C720&ssl=1&resize=1050%2C600 3x"},"classes":[]},{"id":9401,"url":"https:\/\/noticiasribeiraopreto.com.br\/index.php\/2023\/12\/02\/mei-celebram-novos-beneficios-do-inss-para-2024\/","url_meta":{"origin":16169,"position":5},"title":"MEI celebram novos benef\u00edcios do INSS para 2024","author":"noticiasribeiraopreto.com.br","date":"2 de December de 2023","format":false,"excerpt":"Cr\u00e9ditos: Istock\/FG TradeMEI: Empreender est\u00e1 ainda mais simples com esta novidade! No universo do microempreendedorismo individual (MEI), uma parcela expressiva, composta por cerca de 16 milh\u00f5es de brasileiros, est\u00e1 prestes a usufruir de novos benef\u00edcios do INSS em 2024. Embora esse contingente represente uma for\u00e7a vital para o desenvolvimento econ\u00f4mico\u2026","rel":"","context":"In &quot;Variedades&quot;","block_context":{"text":"Variedades","link":"https:\/\/noticiasribeiraopreto.com.br\/index.php\/category\/variedades\/"},"img":{"alt_text":"","src":"https:\/\/i0.wp.com\/noticiasribeiraopreto.com.br\/wp-content\/uploads\/2023\/12\/1701491208_istock-1482168655.jpg?fit=1200%2C638&ssl=1&resize=350%2C200","width":350,"height":200,"srcset":"https:\/\/i0.wp.com\/noticiasribeiraopreto.com.br\/wp-content\/uploads\/2023\/12\/1701491208_istock-1482168655.jpg?fit=1200%2C638&ssl=1&resize=350%2C200 1x, https:\/\/i0.wp.com\/noticiasribeiraopreto.com.br\/wp-content\/uploads\/2023\/12\/1701491208_istock-1482168655.jpg?fit=1200%2C638&ssl=1&resize=525%2C300 1.5x, https:\/\/i0.wp.com\/noticiasribeiraopreto.com.br\/wp-content\/uploads\/2023\/12\/1701491208_istock-1482168655.jpg?fit=1200%2C638&ssl=1&resize=700%2C400 2x, https:\/\/i0.wp.com\/noticiasribeiraopreto.com.br\/wp-content\/uploads\/2023\/12\/1701491208_istock-1482168655.jpg?fit=1200%2C638&ssl=1&resize=1050%2C600 3x"},"classes":[]}],"jetpack_sharing_enabled":true,"jetpack_shortlink":"https:\/\/wp.me\/peQAOb-4cN","_links":{"self":[{"href":"https:\/\/noticiasribeiraopreto.com.br\/index.php\/wp-json\/wp\/v2\/posts\/16169","targetHints":{"allow":["GET"]}}],"collection":[{"href":"https:\/\/noticiasribeiraopreto.com.br\/index.php\/wp-json\/wp\/v2\/posts"}],"about":[{"href":"https:\/\/noticiasribeiraopreto.com.br\/index.php\/wp-json\/wp\/v2\/types\/post"}],"author":[{"embeddable":true,"href":"https:\/\/noticiasribeiraopreto.com.br\/index.php\/wp-json\/wp\/v2\/users\/1"}],"replies":[{"embeddable":true,"href":"https:\/\/noticiasribeiraopreto.com.br\/index.php\/wp-json\/wp\/v2\/comments?post=16169"}],"version-history":[{"count":0,"href":"https:\/\/noticiasribeiraopreto.com.br\/index.php\/wp-json\/wp\/v2\/posts\/16169\/revisions"}],"wp:featuredmedia":[{"embeddable":true,"href":"https:\/\/noticiasribeiraopreto.com.br\/index.php\/wp-json\/wp\/v2\/media\/16170"}],"wp:attachment":[{"href":"https:\/\/noticiasribeiraopreto.com.br\/index.php\/wp-json\/wp\/v2\/media?parent=16169"}],"wp:term":[{"taxonomy":"category","embeddable":true,"href":"https:\/\/noticiasribeiraopreto.com.br\/index.php\/wp-json\/wp\/v2\/categories?post=16169"},{"taxonomy":"post_tag","embeddable":true,"href":"https:\/\/noticiasribeiraopreto.com.br\/index.php\/wp-json\/wp\/v2\/tags?post=16169"}],"curies":[{"name":"wp","href":"https:\/\/api.w.org\/{rel}","templated":true}]}}