{"id":16173,"date":"2023-12-15T02:43:15","date_gmt":"2023-12-15T05:43:15","guid":{"rendered":"https:\/\/noticiasribeiraopreto.com.br\/index.php\/2023\/12\/15\/como-o-veiculo-eletrico-autonomo-zoox-esta-redefinindo-o-transporte-urbano\/"},"modified":"2023-12-15T02:43:15","modified_gmt":"2023-12-15T05:43:15","slug":"como-o-veiculo-eletrico-autonomo-zoox-esta-redefinindo-o-transporte-urbano","status":"publish","type":"post","link":"https:\/\/noticiasribeiraopreto.com.br\/index.php\/2023\/12\/15\/como-o-veiculo-eletrico-autonomo-zoox-esta-redefinindo-o-transporte-urbano\/","title":{"rendered":"como o ve\u00edculo el\u00e9trico aut\u00f4nomo Zoox est\u00e1 redefinindo o transporte urbano"},"content":{"rendered":"<div class='code-block code-block-1' style='margin: 8px 0 8px auto; text-align: right; display: block; clear: both;'>\n<p><a href=\"https:\/\/wa.link\/vpicfd\"><img data-recalc-dims=\"1\" class=\"wp-image-4922\" style=\"aspect-ratio: 2.0253164556962027; width: 561px; height: auto;\" src=\"https:\/\/i0.wp.com\/ismaelcolosi.com.br\/wp-content\/uploads\/2023\/11\/grupo-de-empregos-whatsapp-e-facebook-ismael-colosi-vagas.jpg?ssl=1\" alt=\"\" \/><\/a><\/p>\n<!-- \/wp:image -->\n<\/div>\n<p> <br \/>\n<\/p>\n<div>\n<figure><picture><source srcset=\"https:\/\/clickpetroleoegas.com.br\/wp-content\/uploads\/2023\/12\/O-futuro-dos-taxis-como-o-veiculo-eletrico-autonomo-Zoox-esta-redefinindo-o-transporte-urbano-830x450.jpg.webp\" type=\"image\/webp\"><img data-recalc-dims=\"1\" loading=\"lazy\" width=\"830\" height=\"450\" src=\"https:\/\/i0.wp.com\/clickpetroleoegas.com.br\/wp-content\/uploads\/2023\/12\/O-futuro-dos-taxis-como-o-veiculo-eletrico-autonomo-Zoox-esta-redefinindo-o-transporte-urbano-830x450.jpg?resize=830%2C450&#038;ssl=1\" class=\"fdnw-post-thumbnail fdnw-first-card-thumbnail wp-post-image\" alt=\"O futuro dos t\u00e1xis: como o ve\u00edculo el\u00e9trico aut\u00f4nomo Zoox est\u00e1 redefinindo o transporte urbano\" decoding=\"async\" data-eio=\"p\"\/><\/source><\/picture><figcaption class=\"fdnw-image-caption\">Foto: Divulga\u00e7\u00e3o\/Zoox<\/figcaption><\/figure>\n<h2 class=\"wp-block-heading\" id=\"h-lancado-em-2020-o-veiculo-eletrico-autonomo-zoox-promete-transformar-as-cidades-em-espacos-mais-seguros-e-limpos\">Lan\u00e7ado em 2020, o ve\u00edculo el\u00e9trico aut\u00f4nomo Zoox promete transformar as cidades em espa\u00e7os mais seguros e limpos.<\/h2>\n<p>Em dezembro de 2020, uma <strong>revolu\u00e7\u00e3o no transporte urbano <\/strong>foi desvendada com o lan\u00e7amento do ve\u00edculo el\u00e9trico aut\u00f4nomo Zoox. Este ve\u00edculo, que dispensa volante e pedais, est\u00e1 agora navegando pelas ruas das cidades, mas n\u00e3o como voc\u00ea esperaria.<\/p>\n<h2 class=\"wp-block-heading\" id=\"h-inovacao-na-fabricacao\"><strong>Inova\u00e7\u00e3o na fabrica\u00e7\u00e3o<\/strong><\/h2>\n<p>Na instala\u00e7\u00e3o de produ\u00e7\u00e3o do Zoox, cada componente \u00e9<strong> instalado meticulosamente por engenheiros<\/strong>, diferentemente dos carros tradicionais que dependem de <a href=\"https:\/\/clickpetroleoegas.com.br\/robos-humanoides-na-china-a-solucao-inovadora-para-a-solidao-e-o-envelhecimento-da-populacao\/\">rob\u00f4s automatizados<\/a>. Depois de montado, o ve\u00edculo passa por testes rigorosos, incluindo testes de velocidade e manobrabilidade, al\u00e9m de testes de colis\u00e3o.<\/p>\n<p> <span class=\"fdnw-card-article-related\"> <span class=\"h4 fdnw-card-article-related-title\">Artigos recomendados<\/span> <\/span> <\/p>\n<p>O Zoox, ve\u00edculo el\u00e9trico aut\u00f4nomo, se destaca por sua capacidade de navegar autonomamente em ambientes urbanos complexos. Utilizando LIDAR (<a href=\"https:\/\/en.wikipedia.org\/wiki\/Lidar\" class=\"external\" rel=\"nofollow noopener\" target=\"_blank\">Light Detection and Ranging<\/a>), radars e c\u00e2meras \u00f3pticas, ele cria um mapa 3D do ambiente ao seu redor, identificando estradas, cal\u00e7adas, edif\u00edcios e outros ve\u00edculos. Esta tecnologia permite que o Zoox execute manobras e evite perigos potenciais com precis\u00e3o.<\/p>\n<h2 class=\"wp-block-heading\" id=\"h-foco-na-seguranca-e-eficiencia\"><strong>Foco na seguran\u00e7a e efici\u00eancia<\/strong><\/h2>\n<p>A inspira\u00e7\u00e3o por tr\u00e1s do Zoox surgiu do fato desconfort\u00e1vel de que a maioria dos acidentes fatais de carro \u00e9 causada por erro humano. Nos Estados Unidos,<strong> 94% de todos os acidentes s\u00e3o atribu\u00eddos a erros humanos<\/strong>, no Brasil a cada 10 acidentes, 9 \u00e9 por causa de falha humana, de acordo com o levantamento da <a href=\"https:\/\/g1.globo.com\/bom-dia-brasil\/noticia\/2023\/03\/17\/falha-humana-e-uma-das-principais-causas-de-acidentes-em-estradas-brasileiras.ghtml\" class=\"external\" rel=\"nofollow noopener\" target=\"_blank\">Associa\u00e7\u00e3o Brasileira de Medicana do Tr\u00e1fego<\/a>. O Zoox visa reduzir essa porcentagem, oferecendo um meio de transporte que pode evitar colis\u00f5es e transportar pessoas com seguran\u00e7a.<\/p>\n<figure class=\"wp-block-embed is-type-video is-provider-youtube wp-block-embed-youtube wp-embed-aspect-16-9 wp-has-aspect-ratio\">\n<p><noscript><iframe loading=\"lazy\" title=\"The Only Car You Will Never Drive\" width=\"500\" height=\"281\" src=\"https:\/\/www.youtube.com\/embed\/Na8oFpm5QNA?feature=oembed\" frameborder=\"0\" allow=\"accelerometer; autoplay; clipboard-write; encrypted-media; gyroscope; picture-in-picture; web-share\" referrerpolicy=\"strict-origin-when-cross-origin\" allowfullscreen><\/iframe><\/noscript><\/p>\n<\/figure>\n<p>Embora o Zoox tenha come\u00e7ado a circular em algumas cidades no in\u00edcio de 2023, ele est\u00e1 atualmente dispon\u00edvel apenas para funcion\u00e1rios como parte dos testes. Interessantemente, o Zoox n\u00e3o ser\u00e1 vendido ao p\u00fablico, mas operar\u00e1 <strong>como um servi\u00e7o de t\u00e1xi aut\u00f4nomo<\/strong>. Quando sua carga estiver baixa, retornar\u00e1 automaticamente \u00e0 base para recarregar e continuar o servi\u00e7o.<\/p>\n<p>Se bem-sucedido, o Zoox pode levar a um n\u00famero menor de acidentes de carro, menos fatalidades e cidades mais limpas com menos emiss\u00f5es de CO2. Esses s\u00e3o objetivos ambiciosos que o Zoox, ve\u00edculo el\u00e9trico aut\u00f4nomo, espera alcan\u00e7ar, redefinindo o <a href=\"https:\/\/clickpetroleoegas.com.br\/o-futuro-dos-motores-de-caminhoes-e-hidrogenio-ou-eletrico-ate-2030-inovacoes-no-transporte-serao-mais-baratas-e-economicas-que-motores-a-diesel\/\">conceito de transporte urbano<\/a>.<\/p>\n<div class=\"code-block code-block-10\" style=\"margin: 8px auto; text-align: center; display: block; clear: both;\">\n<hr class=\"wp-block-separator has-alpha-channel-opacity is-style-wide\"\/>\n<p>Voc\u00ea quer receber apenas not\u00edcias e vagas de emprego do seu interesse? A solu\u00e7\u00e3o chegou atrav\u00e9s do app <a href=\"https:\/\/play.google.com\/store\/apps\/details?id=com.clickpetroleoapp&amp;hl=pt&amp;gl=US\" class=\"external\" rel=\"nofollow noopener\" target=\"_blank\"><strong>CPG VAGAS E NOT\u00cdCIAS!<\/strong><\/a> Se voc\u00ea \u00e9 pintor, vai receber no seu celular apenas oportunidades neste cargo. E ser\u00e1 assim com pedreiro, t\u00e9cnico, engenheiro e etc\u2026.. N\u00e3o perca nada do que acontece no mercado de trabalho e econ\u00f4mico do Brasil, baixe agora o app <a href=\"https:\/\/play.google.com\/store\/apps\/details?id=com.clickpetroleoapp&amp;hl=pt&amp;gl=US\" class=\"external\" rel=\"nofollow noopener\" target=\"_blank\">CPG VAGAS E NOT\u00cdCIAS, dispon\u00edvel para Android e IOS!<\/a><\/p>\n<figure class=\"wp-block-image aligncenter size-full\"><a href=\"https:\/\/play.google.com\/store\/apps\/details?id=com.clickpetroleoapp&amp;hl=pt&amp;gl=US\" target=\"_blank\" rel=\"noreferrer noopener nofollow\" class=\"external\"><img data-recalc-dims=\"1\" loading=\"lazy\" decoding=\"async\" width=\"1280\" height=\"387\" http=\"\" alt=\"APP CPG VAGAS E NOT\u00cdCIAS\" class=\"wp-image-105306 ewww_webp_lazy_load\" src=\"https:\/\/i0.wp.com\/clickpetroleoegas.com.br\/wp-content\/uploads\/2023\/09\/Aplicativo-de-vagas-de-empregos-e-noticias-da-sua-regiao.jpg?resize=1280%2C387&#038;ssl=1\" src-webp=\"https:\/\/clickpetroleoegas.com.br\/wp-content\/uploads\/2023\/09\/Aplicativo-de-vagas-de-empregos-e-noticias-da-sua-regiao.jpg.webp\"\/><noscript><img data-recalc-dims=\"1\" loading=\"lazy\" decoding=\"async\" width=\"1280\" height=\"387\" src=\"https:\/\/i0.wp.com\/clickpetroleoegas.com.br\/wp-content\/uploads\/2023\/09\/Aplicativo-de-vagas-de-empregos-e-noticias-da-sua-regiao.jpg?resize=1280%2C387&#038;ssl=1\" alt=\"APP CPG VAGAS E NOT\u00cdCIAS\" class=\"wp-image-105306\"\/><\/noscript><\/a><\/figure>\n<\/p><\/div>\n<\/p><\/div>\n<p><script type=\"text\/plain\" data-service=\"facebook\" data-category=\"marketing\">\n!function(f,b,e,v,n,t,s)\n{if(f.fbq)return;n=f.fbq=function(){n.callMethod?\nn.callMethod.apply(n,arguments):n.queue.push(arguments)};\nif(!f._fbq)f._fbq=n;n.push=n;n.loaded=!0;n.version='2.0';\nn.queue=[];t=b.createElement(e);t.async=!0;\nt.src=v;s=b.getElementsByTagName(e)[0];\ns.parentNode.insertBefore(t,s)}(window, document,'script',\n'https:\/\/connect.facebook.net\/en_US\/fbevents.js');\nfbq('init', '5536651029690406');\nfbq('track', 'PageView');\n<\/script><script type=\"text\/plain\" data-service=\"facebook\" data-category=\"marketing\" async defer crossorigin=\"anonymous\" data-rocket-data-cmplz-src=\"https:\/\/connect.facebook.net\/en_US\/sdk.js#xfbml=1&#038;version=v12.0&amp;appId=1127332727839552&#038;autoLogAppEvents=1\">\n<\/script><br \/>\n<br \/><br \/>\n<br \/><a href=\"https:\/\/ismaelcolosi.com.br\/como-o-veiculo-eletrico-autonomo-zoox-esta-redefinindo-o-transporte-urbano\/\">Source link <\/a><\/p>\n<!-- CONTENT END 1 -->\n","protected":false},"excerpt":{"rendered":"<p>Foto: Divulga\u00e7\u00e3o\/Zoox Lan\u00e7ado em 2020, o ve\u00edculo el\u00e9trico aut\u00f4nomo Zoox promete transformar as cidades em espa\u00e7os mais seguros e limpos. Em dezembro de 2020, uma&#8230;<\/p>\n","protected":false},"author":1,"featured_media":16174,"comment_status":"open","ping_status":"open","sticky":false,"template":"","format":"standard","meta":{"advanced_seo_description":"","jetpack_seo_html_title":"","jetpack_seo_noindex":false,"jetpack_post_was_ever_published":false,"_jetpack_newsletter_access":"","_jetpack_dont_email_post_to_subs":false,"_jetpack_newsletter_tier_id":0,"_jetpack_memberships_contains_paywalled_content":false,"_jetpack_memberships_contains_paid_content":false,"footnotes":"","jetpack_publicize_message":"","jetpack_publicize_feature_enabled":true,"jetpack_social_post_already_shared":true,"jetpack_social_options":{"image_generator_settings":{"template":"highway","default_image_id":0,"font":"","enabled":false},"version":2}},"categories":[7],"tags":[],"class_list":["post-16173","post","type-post","status-publish","format-standard","has-post-thumbnail","hentry","category-vagas-de-empregos-em-ribeirao-preto-regiao-brasil"],"jetpack_publicize_connections":[],"jetpack_featured_media_url":"https:\/\/i0.wp.com\/noticiasribeiraopreto.com.br\/wp-content\/uploads\/2023\/12\/O-futuro-dos-taxis-como-o-veiculo-eletrico-autonomo-Zoox-esta-redefinindo-o-transporte-urbano-830x450.jpg?fit=830%2C450&ssl=1","jetpack-related-posts":[{"id":36006,"url":"https:\/\/noticiasribeiraopreto.com.br\/index.php\/2024\/02\/08\/china-oferece-apoio-para-acelerar-o-impulso-global-dos-fabricantes-de-veiculos-eletricos\/","url_meta":{"origin":16173,"position":0},"title":"China oferece apoio para acelerar o impulso global dos fabricantes de ve\u00edculos el\u00e9tricos","author":"noticiasribeiraopreto.com.br","date":"8 de February de 2024","format":false,"excerpt":"7 de fevereiro de 2024 | 14:307 de fevereiro de 2024 | 12:16 0A China est\u00e1 incentivando seus fabricantes de ve\u00edculos el\u00e9tricos (EVs, na sigla em ingl\u00eas) a expandir sua presen\u00e7a no exterior, incluindo a forma\u00e7\u00e3o de parcerias com institui\u00e7\u00f5es de pesquisa estrangeiras e pa\u00edses para a cria\u00e7\u00e3o de grupos\u2026","rel":"","context":"In &quot;Not\u00edcias de Ribeir\u00e3o Preto-SP e Regi\u00e3o&quot;","block_context":{"text":"Not\u00edcias de Ribeir\u00e3o Preto-SP e Regi\u00e3o","link":"https:\/\/noticiasribeiraopreto.com.br\/index.php\/category\/noticias-de-ribeirao-preto-sp-e-regiao-ismael-colosi\/"},"img":{"alt_text":"","src":"https:\/\/i0.wp.com\/noticiasribeiraopreto.com.br\/wp-content\/uploads\/2024\/02\/shutterstock_2221394363-16x9-960x540-1.jpg?fit=960%2C540&ssl=1&resize=350%2C200","width":350,"height":200,"srcset":"https:\/\/i0.wp.com\/noticiasribeiraopreto.com.br\/wp-content\/uploads\/2024\/02\/shutterstock_2221394363-16x9-960x540-1.jpg?fit=960%2C540&ssl=1&resize=350%2C200 1x, https:\/\/i0.wp.com\/noticiasribeiraopreto.com.br\/wp-content\/uploads\/2024\/02\/shutterstock_2221394363-16x9-960x540-1.jpg?fit=960%2C540&ssl=1&resize=525%2C300 1.5x, https:\/\/i0.wp.com\/noticiasribeiraopreto.com.br\/wp-content\/uploads\/2024\/02\/shutterstock_2221394363-16x9-960x540-1.jpg?fit=960%2C540&ssl=1&resize=700%2C400 2x"},"classes":[]},{"id":45691,"url":"https:\/\/noticiasribeiraopreto.com.br\/index.php\/2024\/04\/05\/transporte-de-ribeirao-preto-inicia-teste-com-onibus-100-eletrico\/","url_meta":{"origin":16173,"position":1},"title":"Transporte de Ribeir\u00e3o Preto inicia teste com \u00f4nibus 100% el\u00e9trico","author":"noticiasribeiraopreto.com.br","date":"5 de April de 2024","format":false,"excerpt":"Come\u00e7ou nesta sexta-feira (5) o teste de um \u00f4nibus 100% el\u00e9trico no transporte p\u00fablico de Ribeir\u00e3o Preto. A viagem de apresenta\u00e7\u00e3o do ve\u00edculo saiu do terminal do Ribeir\u00e3o Shopping, na zona Sul, e foi em dire\u00e7\u00e3o a esta\u00e7\u00e3o da pra\u00e7a da Bandeira, no Centro. O ve\u00edculo possui capacidade para at\u00e9\u2026","rel":"","context":"In &quot;Not\u00edcias de Ribeir\u00e3o Preto-SP e Regi\u00e3o&quot;","block_context":{"text":"Not\u00edcias de Ribeir\u00e3o Preto-SP e Regi\u00e3o","link":"https:\/\/noticiasribeiraopreto.com.br\/index.php\/category\/noticias-de-ribeirao-preto-sp-e-regiao-ismael-colosi\/"},"img":{"alt_text":"","src":"https:\/\/i0.wp.com\/noticiasribeiraopreto.com.br\/wp-content\/uploads\/2024\/04\/AnyConv.com__onibus-eletrico.webp.webp?fit=1200%2C800&ssl=1&resize=350%2C200","width":350,"height":200,"srcset":"https:\/\/i0.wp.com\/noticiasribeiraopreto.com.br\/wp-content\/uploads\/2024\/04\/AnyConv.com__onibus-eletrico.webp.webp?fit=1200%2C800&ssl=1&resize=350%2C200 1x, https:\/\/i0.wp.com\/noticiasribeiraopreto.com.br\/wp-content\/uploads\/2024\/04\/AnyConv.com__onibus-eletrico.webp.webp?fit=1200%2C800&ssl=1&resize=525%2C300 1.5x, https:\/\/i0.wp.com\/noticiasribeiraopreto.com.br\/wp-content\/uploads\/2024\/04\/AnyConv.com__onibus-eletrico.webp.webp?fit=1200%2C800&ssl=1&resize=700%2C400 2x, https:\/\/i0.wp.com\/noticiasribeiraopreto.com.br\/wp-content\/uploads\/2024\/04\/AnyConv.com__onibus-eletrico.webp.webp?fit=1200%2C800&ssl=1&resize=1050%2C600 3x"},"classes":[]},{"id":32361,"url":"https:\/\/noticiasribeiraopreto.com.br\/index.php\/2024\/01\/24\/corrida-dos-eletricos-chinesa-byd-bate-de-frente-com-a-tesla-veja-quem-levou-a-melhor-nessa\/","url_meta":{"origin":16173,"position":2},"title":"Corrida dos el\u00e9tricos: chinesa BYD bate de frente com a Tesla \u2014 veja quem levou a melhor nessa","author":"noticiasribeiraopreto.com.br","date":"24 de January de 2024","format":false,"excerpt":"O ano de 2023 n\u00e3o foi f\u00e1cil para a Tesla. A fabricante de carros el\u00e9tricos sentiu os efeitos os juros altos nos EUA \u2014 a taxa est\u00e1 no maior patamar em 22 anos \u2014 o que afetou negativamente as vendas. N\u00e3o bastasse isso, a ferrenha concorr\u00eancia chinesa chacoalhou os neg\u00f3cios\u2026","rel":"","context":"In &quot;Dinheiro e Investimento&quot;","block_context":{"text":"Dinheiro e Investimento","link":"https:\/\/noticiasribeiraopreto.com.br\/index.php\/category\/dinheiro-e-investimento-como-fazer-como-ganhar\/"},"img":{"alt_text":"","src":"https:\/\/i0.wp.com\/noticiasribeiraopreto.com.br\/wp-content\/uploads\/2024\/01\/Design-sem-nome-10-628x353.png?fit=628%2C353&ssl=1&resize=350%2C200","width":350,"height":200,"srcset":"https:\/\/i0.wp.com\/noticiasribeiraopreto.com.br\/wp-content\/uploads\/2024\/01\/Design-sem-nome-10-628x353.png?fit=628%2C353&ssl=1&resize=350%2C200 1x, https:\/\/i0.wp.com\/noticiasribeiraopreto.com.br\/wp-content\/uploads\/2024\/01\/Design-sem-nome-10-628x353.png?fit=628%2C353&ssl=1&resize=525%2C300 1.5x"},"classes":[]},{"id":46276,"url":"https:\/\/noticiasribeiraopreto.com.br\/index.php\/2024\/04\/10\/transporte-de-ribeirao-preto-testa-onibus-eletrico-chines\/","url_meta":{"origin":16173,"position":3},"title":"Transporte de Ribeir\u00e3o Preto testa \u00f4nibus el\u00e9trico chin\u00eas","author":"noticiasribeiraopreto.com.br","date":"10 de April de 2024","format":false,"excerpt":"Ap\u00f3s iniciar os testes com o \u00f4nibus el\u00e9trico nacional, a rede de transporte coletivo de Ribeir\u00e3o Preto come\u00e7a na pr\u00f3xima segunda-feira (15) a testar um \u00f4nibus el\u00e9trico fabricado na China. O ve\u00edculo passar\u00e1 por testes alternados no itiner\u00e1rio da linha 902 \u2013 Norte-Sul 2, que liga a regi\u00e3o Norte ao\u2026","rel":"","context":"In &quot;Not\u00edcias de Ribeir\u00e3o Preto-SP e Regi\u00e3o&quot;","block_context":{"text":"Not\u00edcias de Ribeir\u00e3o Preto-SP e Regi\u00e3o","link":"https:\/\/noticiasribeiraopreto.com.br\/index.php\/category\/noticias-de-ribeirao-preto-sp-e-regiao-ismael-colosi\/"},"img":{"alt_text":"","src":"https:\/\/i0.wp.com\/noticiasribeiraopreto.com.br\/wp-content\/uploads\/2024\/04\/onibus.jpeg?fit=1000%2C666&ssl=1&resize=350%2C200","width":350,"height":200,"srcset":"https:\/\/i0.wp.com\/noticiasribeiraopreto.com.br\/wp-content\/uploads\/2024\/04\/onibus.jpeg?fit=1000%2C666&ssl=1&resize=350%2C200 1x, https:\/\/i0.wp.com\/noticiasribeiraopreto.com.br\/wp-content\/uploads\/2024\/04\/onibus.jpeg?fit=1000%2C666&ssl=1&resize=525%2C300 1.5x, https:\/\/i0.wp.com\/noticiasribeiraopreto.com.br\/wp-content\/uploads\/2024\/04\/onibus.jpeg?fit=1000%2C666&ssl=1&resize=700%2C400 2x"},"classes":[]},{"id":75147,"url":"https:\/\/noticiasribeiraopreto.com.br\/index.php\/2025\/08\/04\/transporte-coletivo-de-ribeirao-ganha-primeiros-onibus-eletricos\/","url_meta":{"origin":16173,"position":4},"title":"Transporte Coletivo de Ribeir\u00e3o ganha primeiros \u00f4nibus el\u00e9tricos","author":"noticiasribeiraopreto.com.br","date":"4 de August de 2025","format":false,"excerpt":"4 de agosto de 2025 15:564 de agosto de 2025 15:564 Compartilhar0 A Prefeitura de Ribeir\u00e3o Preto, por meio da RP Mobi, realizou, nesta segunda-feira, 4 de agosto, a entrega oficial dos quatro primeiros \u00f4nibus el\u00e9tricos que passam a integrar a frota do transporte coletivo urbano da cidade. Os ve\u00edculos\u2026","rel":"","context":"In &quot;Not\u00edcias de Ribeir\u00e3o Preto-SP e Regi\u00e3o&quot;","block_context":{"text":"Not\u00edcias de Ribeir\u00e3o Preto-SP e Regi\u00e3o","link":"https:\/\/noticiasribeiraopreto.com.br\/index.php\/category\/noticias-de-ribeirao-preto-sp-e-regiao-ismael-colosi\/"},"img":{"alt_text":"","src":"https:\/\/i0.wp.com\/noticiasribeiraopreto.com.br\/wp-content\/uploads\/2025\/08\/onibus-scaled.jpeg?fit=1170%2C780&ssl=1&resize=350%2C200","width":350,"height":200,"srcset":"https:\/\/i0.wp.com\/noticiasribeiraopreto.com.br\/wp-content\/uploads\/2025\/08\/onibus-scaled.jpeg?fit=1170%2C780&ssl=1&resize=350%2C200 1x, https:\/\/i0.wp.com\/noticiasribeiraopreto.com.br\/wp-content\/uploads\/2025\/08\/onibus-scaled.jpeg?fit=1170%2C780&ssl=1&resize=525%2C300 1.5x, https:\/\/i0.wp.com\/noticiasribeiraopreto.com.br\/wp-content\/uploads\/2025\/08\/onibus-scaled.jpeg?fit=1170%2C780&ssl=1&resize=700%2C400 2x, https:\/\/i0.wp.com\/noticiasribeiraopreto.com.br\/wp-content\/uploads\/2025\/08\/onibus-scaled.jpeg?fit=1170%2C780&ssl=1&resize=1050%2C600 3x"},"classes":[]},{"id":16026,"url":"https:\/\/noticiasribeiraopreto.com.br\/index.php\/2023\/12\/14\/fabricante-chinesa-de-carros-eletricos-promete-reduzir-em-ate-1o-a-temperatura-global\/","url_meta":{"origin":16173,"position":5},"title":"Fabricante chinesa de carros el\u00e9tricos promete reduzir em at\u00e9 1\u00ba a temperatura global","author":"noticiasribeiraopreto.com.br","date":"14 de December de 2023","format":false,"excerpt":"14 de dezembro de 2023 | 17:41 0Maior fabricante de ve\u00edculos el\u00e9tricos do mundo, BYD, j\u00e1 evitou mais de 30 bilh\u00f5es de quilos de emiss\u00f5es de carbono e visa diminuir ainda mais os impactos ambientaisA BYD esteve presente em Ribeir\u00e3o Preto nesta quarta-feira, (13), em um evento realizado na concession\u00e1ria\u2026","rel":"","context":"In &quot;Not\u00edcias de Ribeir\u00e3o Preto-SP e Regi\u00e3o&quot;","block_context":{"text":"Not\u00edcias de Ribeir\u00e3o Preto-SP e Regi\u00e3o","link":"https:\/\/noticiasribeiraopreto.com.br\/index.php\/category\/noticias-de-ribeirao-preto-sp-e-regiao-ismael-colosi\/"},"img":{"alt_text":"","src":"https:\/\/i0.wp.com\/noticiasribeiraopreto.com.br\/wp-content\/uploads\/2023\/12\/byd_capa.jpeg?fit=747%2C469&ssl=1&resize=350%2C200","width":350,"height":200,"srcset":"https:\/\/i0.wp.com\/noticiasribeiraopreto.com.br\/wp-content\/uploads\/2023\/12\/byd_capa.jpeg?fit=747%2C469&ssl=1&resize=350%2C200 1x, https:\/\/i0.wp.com\/noticiasribeiraopreto.com.br\/wp-content\/uploads\/2023\/12\/byd_capa.jpeg?fit=747%2C469&ssl=1&resize=525%2C300 1.5x, https:\/\/i0.wp.com\/noticiasribeiraopreto.com.br\/wp-content\/uploads\/2023\/12\/byd_capa.jpeg?fit=747%2C469&ssl=1&resize=700%2C400 2x"},"classes":[]}],"jetpack_sharing_enabled":true,"jetpack_shortlink":"https:\/\/wp.me\/peQAOb-4cR","_links":{"self":[{"href":"https:\/\/noticiasribeiraopreto.com.br\/index.php\/wp-json\/wp\/v2\/posts\/16173","targetHints":{"allow":["GET"]}}],"collection":[{"href":"https:\/\/noticiasribeiraopreto.com.br\/index.php\/wp-json\/wp\/v2\/posts"}],"about":[{"href":"https:\/\/noticiasribeiraopreto.com.br\/index.php\/wp-json\/wp\/v2\/types\/post"}],"author":[{"embeddable":true,"href":"https:\/\/noticiasribeiraopreto.com.br\/index.php\/wp-json\/wp\/v2\/users\/1"}],"replies":[{"embeddable":true,"href":"https:\/\/noticiasribeiraopreto.com.br\/index.php\/wp-json\/wp\/v2\/comments?post=16173"}],"version-history":[{"count":0,"href":"https:\/\/noticiasribeiraopreto.com.br\/index.php\/wp-json\/wp\/v2\/posts\/16173\/revisions"}],"wp:featuredmedia":[{"embeddable":true,"href":"https:\/\/noticiasribeiraopreto.com.br\/index.php\/wp-json\/wp\/v2\/media\/16174"}],"wp:attachment":[{"href":"https:\/\/noticiasribeiraopreto.com.br\/index.php\/wp-json\/wp\/v2\/media?parent=16173"}],"wp:term":[{"taxonomy":"category","embeddable":true,"href":"https:\/\/noticiasribeiraopreto.com.br\/index.php\/wp-json\/wp\/v2\/categories?post=16173"},{"taxonomy":"post_tag","embeddable":true,"href":"https:\/\/noticiasribeiraopreto.com.br\/index.php\/wp-json\/wp\/v2\/tags?post=16173"}],"curies":[{"name":"wp","href":"https:\/\/api.w.org\/{rel}","templated":true}]}}