{"id":16177,"date":"2023-12-15T02:59:52","date_gmt":"2023-12-15T05:59:52","guid":{"rendered":"https:\/\/noticiasribeiraopreto.com.br\/index.php\/2023\/12\/15\/bolsa-familia-continuara-com-o-mesmo-formato-em-2024\/"},"modified":"2023-12-15T02:59:52","modified_gmt":"2023-12-15T05:59:52","slug":"bolsa-familia-continuara-com-o-mesmo-formato-em-2024","status":"publish","type":"post","link":"https:\/\/noticiasribeiraopreto.com.br\/index.php\/2023\/12\/15\/bolsa-familia-continuara-com-o-mesmo-formato-em-2024\/","title":{"rendered":"Bolsa Fam\u00edlia continuar\u00e1 com O MESMO FORMATO em 2024?"},"content":{"rendered":"<div class='code-block code-block-1' style='margin: 8px 0 8px auto; text-align: right; display: block; clear: both;'>\n<p><a href=\"https:\/\/wa.link\/vpicfd\"><img data-recalc-dims=\"1\" class=\"wp-image-4922\" style=\"aspect-ratio: 2.0253164556962027; width: 561px; height: auto;\" src=\"https:\/\/i0.wp.com\/ismaelcolosi.com.br\/wp-content\/uploads\/2023\/11\/grupo-de-empregos-whatsapp-e-facebook-ismael-colosi-vagas.jpg?ssl=1\" alt=\"\" \/><\/a><\/p>\n<!-- \/wp:image -->\n<\/div>\n<p> <br \/>\n<\/p>\n<div>\n<p>O <strong>Bolsa Fam\u00edlia<\/strong> continuar\u00e1 vigorando no mesmo formato em 2024? No dia 2 de mar\u00e7o de 2023, o Brasil foi testemunha da reintegra\u00e7\u00e3o deste programa, originalmente chamado de \u201cAux\u00edlio Brasil\u201d. Com isso, seu formato antigo passou a ter validade junto com novas regras.<\/p>\n<p>Com a chegada de um ano novo, \u00e9 comum que surjam indaga\u00e7\u00f5es e incertezas quanto ao benef\u00edcio que, ao longo dos \u00faltimos anos, acabou por passar por <strong><a href=\"https:\/\/noticiasconcursos.com.br\/agora-e-pra-valer-bolsa-familia-alcancara-mais-de-r-1-mil-em-setembro\/\">v\u00e1rias altera\u00e7\u00f5es<\/a><\/strong>. Contudo, uma das quest\u00f5es prementes \u00e9: o <strong>Bolsa Fam\u00edlia<\/strong> ter\u00e1 continuidade em 2024?<\/p>\n<h2>O Bolsa Fam\u00edlia ter\u00e1 continuidade em 2024 no mesmo formato?<\/h2>\n<p>No momento atual, o programa tem como prop\u00f3sito assegurar um pagamento mensal m\u00ednimo de R$ 600,00 para cada n\u00facleo familiar. No entanto, isso pode sofrer ajustes conforme o n\u00famero de membros e suas respectivas idades.<\/p>\n<p>E quanto \u00e0 d\u00favida, a resposta \u00e9 sim. O Bolsa Fam\u00edlia permanecer\u00e1 inalterado em 2024. N\u00e3o h\u00e1 qualquer indica\u00e7\u00e3o que sugira o encerramento do programa. O receio de muitas pessoas pode ter vindo de uma entrevista de 2022 que Geraldo Alckmin, vice-presidente, que recentemente viralizou nas redes sociais. Ele citou que o programa n\u00e3o teia mais limita\u00e7\u00f5es por causa da regra dos gastos. Mas, a declara\u00e7\u00e3o nunca implicou no fim do Bolsa Fam\u00edlia.<\/p>\n<p>Alckmin enfatizou a import\u00e2ncia do programa, especialmente para auxiliar n\u00facleos familiares e crian\u00e7as, destacando que outros pontos s\u00e3o menos impactantes no or\u00e7amento. Ao longo da vota\u00e7\u00e3o da PEC da transi\u00e7\u00e3o, objetivando a organiza\u00e7\u00e3o do or\u00e7amento em 2023, Geraldo prop\u00f4s retirar o programa da regra, sem estabelecer um prazo. Portanto, tal not\u00edcia falsa acerca do fim do famigerado Bolsa Fam\u00edlia veio da interpreta\u00e7\u00e3o equivocada de declara\u00e7\u00f5es de Alckmin.<\/p>\n<p>Nesse sentido, entender o contexto todo \u00e9 essencial a fim de evitar se influenciar por informa\u00e7\u00f5es err\u00f4neas. Afinal, programas assistenciais desempenham um papel essencial na diminui\u00e7\u00e3o da desigualdade social, bem como na promo\u00e7\u00e3o do bem-estar. Tais iniciativas s\u00e3o instrumentos eficazes quando se deseja construir uma <strong><a href=\"https:\/\/noticiasconcursos.com.br\/mais-um-beneficio-extra-do-bolsa-familia-veja-quanto-e-quem-recebe\/\">sociedade inclusiva e mais justa<\/a><\/strong>.<\/p>\n<figure id=\"attachment_775628\" aria-describedby=\"caption-attachment-775628\" style=\"width: 1200px\" class=\"wp-caption aligncenter\"><img data-recalc-dims=\"1\" fetchpriority=\"high\" decoding=\"async\" class=\"size-full wp-image-775628\" http=\"\" alt=\"Bolsa Fam\u00edlia continuar\u00e1 com O MESMO FORMATO em 2024? \" width=\"1200\" height=\"800\" srcset=\"https:\/\/noticiasconcursos.com.br\/wp-content\/uploads\/2023\/11\/noticiasconcursos.com.br-esta-com-problemas-ou-duvidas-sobre-o-bolsa-familia-este-e-o-whatsapp-oficial-do-programa-design-sem-nome-21.jpg 1200w, https:\/\/noticiasconcursos.com.br\/wp-content\/uploads\/2023\/11\/noticiasconcursos.com.br-esta-com-problemas-ou-duvidas-sobre-o-bolsa-familia-este-e-o-whatsapp-oficial-do-programa-design-sem-nome-21-300x200.jpg 300w, https:\/\/noticiasconcursos.com.br\/wp-content\/uploads\/2023\/11\/noticiasconcursos.com.br-esta-com-problemas-ou-duvidas-sobre-o-bolsa-familia-este-e-o-whatsapp-oficial-do-programa-design-sem-nome-21-768x512.jpg 768w\" data-lazy-sizes=\"(max-width: 1200px) 100vw, 1200px\" src=\"https:\/\/i0.wp.com\/noticiasconcursos.com.br\/wp-content\/uploads\/2023\/11\/noticiasconcursos.com.br-esta-com-problemas-ou-duvidas-sobre-o-bolsa-familia-este-e-o-whatsapp-oficial-do-programa-design-sem-nome-21.jpg?resize=1200%2C800&#038;ssl=1\"\/><noscript><img data-recalc-dims=\"1\" fetchpriority=\"high\" decoding=\"async\" class=\"size-full wp-image-775628\" src=\"https:\/\/i0.wp.com\/noticiasconcursos.com.br\/wp-content\/uploads\/2023\/11\/noticiasconcursos.com.br-esta-com-problemas-ou-duvidas-sobre-o-bolsa-familia-este-e-o-whatsapp-oficial-do-programa-design-sem-nome-21.jpg?resize=1200%2C800&#038;ssl=1\" alt=\"Bolsa Fam\u00edlia continuar\u00e1 com O MESMO FORMATO em 2024? \" width=\"1200\" height=\"800\" srcset=\"https:\/\/noticiasconcursos.com.br\/wp-content\/uploads\/2023\/11\/noticiasconcursos.com.br-esta-com-problemas-ou-duvidas-sobre-o-bolsa-familia-este-e-o-whatsapp-oficial-do-programa-design-sem-nome-21.jpg 1200w, https:\/\/noticiasconcursos.com.br\/wp-content\/uploads\/2023\/11\/noticiasconcursos.com.br-esta-com-problemas-ou-duvidas-sobre-o-bolsa-familia-este-e-o-whatsapp-oficial-do-programa-design-sem-nome-21-300x200.jpg 300w, https:\/\/noticiasconcursos.com.br\/wp-content\/uploads\/2023\/11\/noticiasconcursos.com.br-esta-com-problemas-ou-duvidas-sobre-o-bolsa-familia-este-e-o-whatsapp-oficial-do-programa-design-sem-nome-21-768x512.jpg 768w\" sizes=\"(max-width: 1200px) 100vw, 1200px\"\/><\/noscript><figcaption id=\"caption-attachment-775628\" class=\"wp-caption-text\">Tire suas d\u00favidas sobre como ser\u00e1 o futuro do famigerado programa de transfer\u00eancia de renda \u2013 Imagem: Canva<\/figcaption><\/figure>\n<h2>Quais s\u00e3o as perspectivas para o pr\u00f3ximo ano?<\/h2>\n<div class=\"bs-irp left bs-irp-thumbnail-1\">\n<p>&#13;<br \/><span class=\"h-text heading-typo\">Voc\u00ea tamb\u00e9m pode gostar:<\/span>&#13; <\/p>\n<\/p><\/div>\n<p>At\u00e9 agora, o Governo Federal infelizmente n\u00e3o oficializou aumentos para o Bolsa Fam\u00edlia. Ent\u00e3o, na falta de propostas de reajuste, presume-se que o m\u00ednimo pago permane\u00e7a em R$ 600. Mas, Wellington Dias, ministro do Desenvolvimento Social, n\u00e3o descarta as possibilidades de altera\u00e7\u00f5es e aumento, explicando que tais decis\u00f5es consideram diversos fatores, como custo aliment\u00edcio, infla\u00e7\u00e3o, sal\u00e1rio m\u00ednimo e c\u00e2mbio.<\/p>\n<p>Dias afirmou: <strong><em>\u201cEm 2024 \u00e9 que vamos tomar essa decis\u00e3o\u201d<\/em><\/strong>, mostrando que uma an\u00e1lise mais detalhada, bem como a determina\u00e7\u00e3o de poss\u00edveis ajustes ocorrer\u00e3o nesse per\u00edodo.<\/p>\n<h2>Como receber o Bolsa Fam\u00edia em 2024?<\/h2>\n<p>O Bolsa Fam\u00edlia destina-se aos n\u00facleos familiares em situa\u00e7\u00e3o de vulnerabilidade social, conforme o Minist\u00e9rio da Cidadania definiu. A renda per capita mensal n\u00e3o deve exceder R$ 218,00. Ademais, a fam\u00edlia precisa do registro no Cad\u00danico para se considerar eleg\u00edvel.<\/p>\n<p>Em se tratando de <strong><a href=\"https:\/\/noticiasconcursos.com.br\/vantagem-para-aqueles-que-recebem-bolsa-familia-esta-voce-ficara-surpreso\/\">fam\u00edlias benefici\u00e1rias<\/a><\/strong> que ultrapassem a renda estipulada, agora n\u00e3o perder\u00e3o o benef\u00edcio de imediato. No entanto, ter\u00e3o direito a receber metade do valor por dois anos al\u00e9m.<\/p>\n<p>O processo da inscri\u00e7\u00e3o se realiza nos postos de cadastramento, bem como na assist\u00eancia social do munic\u00edpio, os famosos CRAS. Para concluir o cadastro, ser\u00e1 necess\u00e1rio identificar qual \u00e9 o CRAS mais pr\u00f3ximo da resid\u00eancia e seguir com todos os procedimentos da inscri\u00e7\u00e3o.<\/p>\n<h3>Benef\u00edcios adicionais tamb\u00e9m continuar\u00e3o<\/h3>\n<p>Igualmente a este ano, o valor repassado do Bolsa Fam\u00edlia para 2024 ter\u00e1 complementos. O c\u00e1lculo continuar\u00e1 considerando os R$ 142 por cada integrante, tendo o m\u00ednimo de R$ 600 para as fam\u00edlias menores.<\/p>\n<p>Os pagamentos adicionais de R$ 150 est\u00e3o confirmados para crian\u00e7as que t\u00eam entre 0 at\u00e9 6 anos. H\u00e1 tamb\u00e9m um acr\u00e9scimo no valor R$ 50 para os jovens de 7 at\u00e9 18 anos, beb\u00eas com, no m\u00e1ximo, 6 meses e gestantes.<\/p>\n<h3>Lista de benef\u00edcios em 2024<\/h3>\n<ul>\n<li>Renda de Cidadania (BRC): R$ 142 por integrante;<\/li>\n<li>Complementar (BCO): Calculado pela diferen\u00e7a entre a soma dos benef\u00edcios do Renda de Cidadania e o m\u00ednimo de R$ 600;<\/li>\n<li>Primeira Inf\u00e2ncia (BPI): Concedido a <strong><a href=\"https:\/\/noticiasconcursos.com.br\/beneficios-sociais\/bolsa-familia\/\">fam\u00edlias com crian\u00e7as de zero a sete anos incompletos<\/a><\/strong>;<\/li>\n<li>Vari\u00e1vel Familiar (BVF): Concedido a fam\u00edlias com gestantes, nutrizes ou pessoas de 7 a 18 anos;<\/li>\n<li>Extraordin\u00e1rio de Transi\u00e7\u00e3o (BET): Concedido a fam\u00edlias cuja soma dos benef\u00edcios seja inferior ao montante recebido na refer\u00eancia de maio de 2023.<\/li>\n<\/ul>\n<p> <noscript><iframe loading=\"lazy\" title=\"Aumento do Bolsa Fam\u00edlia: Caixa come\u00e7a a pagar nova parcela com adicional de R$ 50\" width=\"500\" height=\"281\" src=\"https:\/\/www.youtube.com\/embed\/bOz2rUW3quA?feature=oembed\" frameborder=\"0\" allow=\"accelerometer; autoplay; clipboard-write; encrypted-media; gyroscope; picture-in-picture; web-share\" referrerpolicy=\"strict-origin-when-cross-origin\" allowfullscreen><\/iframe><\/noscript> <\/p>\n<\/div>\n<p><br \/>\n<br \/><a href=\"https:\/\/ismaelcolosi.com.br\/bolsa-familia-continuara-com-o-mesmo-formato-em-2024\/\">Source link <\/a><\/p>\n<!-- CONTENT END 1 -->\n","protected":false},"excerpt":{"rendered":"<p>O Bolsa Fam\u00edlia continuar\u00e1 vigorando no mesmo formato em 2024? No dia 2 de mar\u00e7o de 2023, o Brasil foi testemunha da reintegra\u00e7\u00e3o deste programa,&#8230;<\/p>\n","protected":false},"author":1,"featured_media":16178,"comment_status":"open","ping_status":"open","sticky":false,"template":"","format":"standard","meta":{"advanced_seo_description":"","jetpack_seo_html_title":"","jetpack_seo_noindex":false,"jetpack_post_was_ever_published":false,"_jetpack_newsletter_access":"","_jetpack_dont_email_post_to_subs":false,"_jetpack_newsletter_tier_id":0,"_jetpack_memberships_contains_paywalled_content":false,"_jetpack_memberships_contains_paid_content":false,"footnotes":"","jetpack_publicize_message":"","jetpack_publicize_feature_enabled":true,"jetpack_social_post_already_shared":true,"jetpack_social_options":{"image_generator_settings":{"template":"highway","default_image_id":0,"font":"","enabled":false},"version":2}},"categories":[7],"tags":[],"class_list":["post-16177","post","type-post","status-publish","format-standard","has-post-thumbnail","hentry","category-vagas-de-empregos-em-ribeirao-preto-regiao-brasil"],"jetpack_publicize_connections":[],"jetpack_featured_media_url":"https:\/\/i0.wp.com\/noticiasribeiraopreto.com.br\/wp-content\/uploads\/2023\/12\/noticiasconcursos.com_.br-esta-com-problemas-ou-duvidas-sobre-o-bolsa-familia-este-e-o-whatsapp-oficial-do-programa-design-sem-nome-21.jpg?fit=1200%2C800&ssl=1","jetpack-related-posts":[{"id":55967,"url":"https:\/\/noticiasribeiraopreto.com.br\/index.php\/2024\/08\/08\/13o-salario-do-bolsa-familia-comeca-a-ser-pago-este-mes-confira-as-datas-de-pagamento\/","url_meta":{"origin":16177,"position":0},"title":"13\u00ba Sal\u00e1rio do Bolsa Fam\u00edlia come\u00e7a a ser pago ESTE m\u00eas: Confira as Datas de Pagamento","author":"noticiasribeiraopreto.com.br","date":"8 de August de 2024","format":false,"excerpt":"O programa Bolsa Fam\u00edlia, que contribui para o combate \u00e0 desigualdade social no Brasil desde 2003, traz not\u00edcias positivas neste m\u00eas de Agosto de 2024. Para fornecer al\u00edvio financeiro adicional, o Governo Federal introduzir\u00e1 um 909.893\u00ba sal\u00e1rio que beneficiar\u00e1 diretamente 13 fam\u00edlias. Esse b\u00f4nus extra vem em momento oportuno, pois\u2026","rel":"","context":"In &quot;Dinheiro e Investimento&quot;","block_context":{"text":"Dinheiro e Investimento","link":"https:\/\/noticiasribeiraopreto.com.br\/index.php\/category\/dinheiro-e-investimento-como-fazer-como-ganhar\/"},"img":{"alt_text":"","src":"https:\/\/i0.wp.com\/noticiasribeiraopreto.com.br\/wp-content\/uploads\/2024\/08\/emprestimo.webp.webp?fit=1200%2C630&ssl=1&resize=350%2C200","width":350,"height":200,"srcset":"https:\/\/i0.wp.com\/noticiasribeiraopreto.com.br\/wp-content\/uploads\/2024\/08\/emprestimo.webp.webp?fit=1200%2C630&ssl=1&resize=350%2C200 1x, https:\/\/i0.wp.com\/noticiasribeiraopreto.com.br\/wp-content\/uploads\/2024\/08\/emprestimo.webp.webp?fit=1200%2C630&ssl=1&resize=525%2C300 1.5x, https:\/\/i0.wp.com\/noticiasribeiraopreto.com.br\/wp-content\/uploads\/2024\/08\/emprestimo.webp.webp?fit=1200%2C630&ssl=1&resize=700%2C400 2x, https:\/\/i0.wp.com\/noticiasribeiraopreto.com.br\/wp-content\/uploads\/2024\/08\/emprestimo.webp.webp?fit=1200%2C630&ssl=1&resize=1050%2C600 3x"},"classes":[]},{"id":23280,"url":"https:\/\/noticiasribeiraopreto.com.br\/index.php\/2024\/01\/01\/atencao-regularize-seu-cpf-agora-mesmo-para-garantir-a-continuidade-do-bolsa-familia-em-2024\/","url_meta":{"origin":16177,"position":1},"title":"Aten\u00e7\u00e3o! Regularize seu CPF agora mesmo para garantir a continuidade do Bolsa Fam\u00edlia em 2024","author":"noticiasribeiraopreto.com.br","date":"1 de January de 2024","format":false,"excerpt":"A partir de hoje, dia 1\u00ba de janeiro, o programa Bolsa Fam\u00edlia est\u00e1 emitindo alertas acerca de poss\u00edveis bloqueios para fam\u00edlias que apresentem irregularidades em seus CPFs ou no Cadastro \u00danico (Cad\u00danico). O objetivo \u00e9 orientar e incentivar a atualiza\u00e7\u00e3o das informa\u00e7\u00f5es para garantir a continuidade dos benef\u00edcios. No \u00faltimo\u2026","rel":"","context":"In &quot;Vagas de Emprego em Ribeir\u00e3o Preto-SP&quot;","block_context":{"text":"Vagas de Emprego em Ribeir\u00e3o Preto-SP","link":"https:\/\/noticiasribeiraopreto.com.br\/index.php\/category\/empregos-classificados-vagas-trabalho\/vagas-de-empregos-em-ribeirao-preto-regiao-brasil\/"},"img":{"alt_text":"","src":"https:\/\/i0.wp.com\/noticiasribeiraopreto.com.br\/wp-content\/uploads\/2024\/01\/noticiasconcursos.com_.br-atencao-regularize-seu-cpf-agora-mesmo-para-garantir-a-continuidade-do-bolsa-familia-em-2024-bolsa-familia.jpg?fit=816%2C445&ssl=1&resize=350%2C200","width":350,"height":200,"srcset":"https:\/\/i0.wp.com\/noticiasribeiraopreto.com.br\/wp-content\/uploads\/2024\/01\/noticiasconcursos.com_.br-atencao-regularize-seu-cpf-agora-mesmo-para-garantir-a-continuidade-do-bolsa-familia-em-2024-bolsa-familia.jpg?fit=816%2C445&ssl=1&resize=350%2C200 1x, https:\/\/i0.wp.com\/noticiasribeiraopreto.com.br\/wp-content\/uploads\/2024\/01\/noticiasconcursos.com_.br-atencao-regularize-seu-cpf-agora-mesmo-para-garantir-a-continuidade-do-bolsa-familia-em-2024-bolsa-familia.jpg?fit=816%2C445&ssl=1&resize=525%2C300 1.5x, https:\/\/i0.wp.com\/noticiasribeiraopreto.com.br\/wp-content\/uploads\/2024\/01\/noticiasconcursos.com_.br-atencao-regularize-seu-cpf-agora-mesmo-para-garantir-a-continuidade-do-bolsa-familia-em-2024-bolsa-familia.jpg?fit=816%2C445&ssl=1&resize=700%2C400 2x"},"classes":[]},{"id":20380,"url":"https:\/\/noticiasribeiraopreto.com.br\/index.php\/2023\/12\/25\/bolsa-familia-2024-conheca-os-beneficios-adicionais-ja-garantidos-para-o-proximo-ano\/","url_meta":{"origin":16177,"position":2},"title":"Bolsa Fam\u00edlia 2024: conhe\u00e7a os benef\u00edcios adicionais j\u00e1 garantidos para o pr\u00f3ximo ano","author":"noticiasribeiraopreto.com.br","date":"25 de December de 2023","format":false,"excerpt":"Importantes avisos s\u00e3o emitidos antecipadamente aos benefici\u00e1rios do Bolsa Fam\u00edlia em 2024. Atualmente, mais de 20 milh\u00f5es de fam\u00edlias vulner\u00e1veis dependem dessa transfer\u00eancia de renda para garantir sua subsist\u00eancia. Uma das mudan\u00e7as not\u00e1veis no Bolsa Fam\u00edlia 2024 est\u00e1 relacionada ao piso salarial. Embora o sal\u00e1rio m\u00ednimo tenha aumentado para R$\u2026","rel":"","context":"In &quot;Vagas de Emprego em Ribeir\u00e3o Preto-SP&quot;","block_context":{"text":"Vagas de Emprego em Ribeir\u00e3o Preto-SP","link":"https:\/\/noticiasribeiraopreto.com.br\/index.php\/category\/empregos-classificados-vagas-trabalho\/vagas-de-empregos-em-ribeirao-preto-regiao-brasil\/"},"img":{"alt_text":"","src":"https:\/\/i0.wp.com\/noticiasribeiraopreto.com.br\/wp-content\/uploads\/2023\/12\/noticiasconcursos.com_.br-bolsa-familia-2024-conheca-os-beneficios-adicionais-ja-garantidos-para-o-proximo-ano-bolsa-familia.jpg?fit=881%2C526&ssl=1&resize=350%2C200","width":350,"height":200,"srcset":"https:\/\/i0.wp.com\/noticiasribeiraopreto.com.br\/wp-content\/uploads\/2023\/12\/noticiasconcursos.com_.br-bolsa-familia-2024-conheca-os-beneficios-adicionais-ja-garantidos-para-o-proximo-ano-bolsa-familia.jpg?fit=881%2C526&ssl=1&resize=350%2C200 1x, https:\/\/i0.wp.com\/noticiasribeiraopreto.com.br\/wp-content\/uploads\/2023\/12\/noticiasconcursos.com_.br-bolsa-familia-2024-conheca-os-beneficios-adicionais-ja-garantidos-para-o-proximo-ano-bolsa-familia.jpg?fit=881%2C526&ssl=1&resize=525%2C300 1.5x, https:\/\/i0.wp.com\/noticiasribeiraopreto.com.br\/wp-content\/uploads\/2023\/12\/noticiasconcursos.com_.br-bolsa-familia-2024-conheca-os-beneficios-adicionais-ja-garantidos-para-o-proximo-ano-bolsa-familia.jpg?fit=881%2C526&ssl=1&resize=700%2C400 2x"},"classes":[]},{"id":23163,"url":"https:\/\/noticiasribeiraopreto.com.br\/index.php\/2024\/01\/01\/bolsa-familia-de-janeiro-veja-datas-e-valores-para-todos-os-nis\/","url_meta":{"origin":16177,"position":3},"title":"Bolsa Fam\u00edlia de JANEIRO: Veja DATAS e VALORES para TODOS os NIS","author":"noticiasribeiraopreto.com.br","date":"1 de January de 2024","format":false,"excerpt":"O ano de 2023 est\u00e1 prestes a chegar ao fim, e com ele v\u00eam mudan\u00e7as significativas para os participantes do Programa Bolsa Fam\u00edlia. O governo federal divide tradicionalmente os benefici\u00e1rios em dez grupos, com base no \u00faltimo d\u00edgito do NIS (N\u00famero de Inscri\u00e7\u00e3o Social), para organizar os pagamentos. No entanto,\u2026","rel":"","context":"In &quot;Vagas de Emprego em Ribeir\u00e3o Preto-SP&quot;","block_context":{"text":"Vagas de Emprego em Ribeir\u00e3o Preto-SP","link":"https:\/\/noticiasribeiraopreto.com.br\/index.php\/category\/empregos-classificados-vagas-trabalho\/vagas-de-empregos-em-ribeirao-preto-regiao-brasil\/"},"img":{"alt_text":"","src":"","width":0,"height":0},"classes":[]},{"id":22971,"url":"https:\/\/noticiasribeiraopreto.com.br\/index.php\/2023\/12\/31\/bolsa-familia-2024-tera-novo-cartao-com-funcao-inedita\/","url_meta":{"origin":16177,"position":4},"title":"Bolsa Fam\u00edlia 2024 ter\u00e1 novo cart\u00e3o com fun\u00e7\u00e3o in\u00e9dita","author":"noticiasribeiraopreto.com.br","date":"31 de December de 2023","format":false,"excerpt":"O Bolsa Fam\u00edlia encerra 2023 em seu 20\u00ba ano de exist\u00eancia, com o governo federal garantindo o repasse m\u00ednimo de R$ 600 por fam\u00edlia inscrita. O programa segue para 2024 mantendo o objetivo de garantir direitos sociais b\u00e1sicos e, sobretudo, combater a fome e o ciclo da pobreza. E as\u2026","rel":"","context":"In &quot;Vagas de Emprego em Ribeir\u00e3o Preto-SP&quot;","block_context":{"text":"Vagas de Emprego em Ribeir\u00e3o Preto-SP","link":"https:\/\/noticiasribeiraopreto.com.br\/index.php\/category\/empregos-classificados-vagas-trabalho\/vagas-de-empregos-em-ribeirao-preto-regiao-brasil\/"},"img":{"alt_text":"Ministro do MDS falou sobre novo cart\u00e3o do Bolsa Fam\u00edlia que incluir\u00e1 a fun\u00e7\u00e3o d\u00e9bito.","src":"https:\/\/i0.wp.com\/noticiasconcursos.com.br\/wp-content\/uploads\/2023\/12\/noticiasconcursos.com.br-bolsa-familia-2024-tera-novo-cartao-bolsa-familia-agencia-gov1-300x182.png?resize=350%2C200&ssl=1","width":350,"height":200,"srcset":"https:\/\/i0.wp.com\/noticiasconcursos.com.br\/wp-content\/uploads\/2023\/12\/noticiasconcursos.com.br-bolsa-familia-2024-tera-novo-cartao-bolsa-familia-agencia-gov1-300x182.png?resize=350%2C200&ssl=1 1x, https:\/\/i0.wp.com\/noticiasconcursos.com.br\/wp-content\/uploads\/2023\/12\/noticiasconcursos.com.br-bolsa-familia-2024-tera-novo-cartao-bolsa-familia-agencia-gov1-300x182.png?resize=525%2C300&ssl=1 1.5x, https:\/\/i0.wp.com\/noticiasconcursos.com.br\/wp-content\/uploads\/2023\/12\/noticiasconcursos.com.br-bolsa-familia-2024-tera-novo-cartao-bolsa-familia-agencia-gov1-300x182.png?resize=700%2C400&ssl=1 2x"},"classes":[]},{"id":52021,"url":"https:\/\/noticiasribeiraopreto.com.br\/index.php\/2024\/06\/03\/noticia-importante-bolsa-familia-de-junho-emite-comunicado-para-nis-1-a-0-confira-as-novidades\/","url_meta":{"origin":16177,"position":5},"title":"Not\u00edcia Importante: Bolsa Fam\u00edlia de JUNHO emite comunicado para NIS 1 a 0; Confira as novidades!","author":"noticiasribeiraopreto.com.br","date":"3 de June de 2024","format":false,"excerpt":"O Bolsa Fam\u00edlia, um dos mais importantes programas sociais do Brasil, passou por uma grande transforma\u00e7\u00e3o. Em homenagem a este novo ano, as mudan\u00e7as nas regras e no montante de repasses aos benefici\u00e1rios visam ampliar o alcance e a efetividade do programa na redu\u00e7\u00e3o da pobreza e no apoio a\u2026","rel":"","context":"In &quot;Dinheiro e Investimento&quot;","block_context":{"text":"Dinheiro e Investimento","link":"https:\/\/noticiasribeiraopreto.com.br\/index.php\/category\/dinheiro-e-investimento-como-fazer-como-ganhar\/"},"img":{"alt_text":"","src":"https:\/\/i0.wp.com\/noticiasribeiraopreto.com.br\/wp-content\/uploads\/2024\/06\/Noticia-Importante-Bolsa-Familia-de-JUNHO-emite-comunicado-1-1.webp.webp?fit=1200%2C630&ssl=1&resize=350%2C200","width":350,"height":200,"srcset":"https:\/\/i0.wp.com\/noticiasribeiraopreto.com.br\/wp-content\/uploads\/2024\/06\/Noticia-Importante-Bolsa-Familia-de-JUNHO-emite-comunicado-1-1.webp.webp?fit=1200%2C630&ssl=1&resize=350%2C200 1x, https:\/\/i0.wp.com\/noticiasribeiraopreto.com.br\/wp-content\/uploads\/2024\/06\/Noticia-Importante-Bolsa-Familia-de-JUNHO-emite-comunicado-1-1.webp.webp?fit=1200%2C630&ssl=1&resize=525%2C300 1.5x, https:\/\/i0.wp.com\/noticiasribeiraopreto.com.br\/wp-content\/uploads\/2024\/06\/Noticia-Importante-Bolsa-Familia-de-JUNHO-emite-comunicado-1-1.webp.webp?fit=1200%2C630&ssl=1&resize=700%2C400 2x, https:\/\/i0.wp.com\/noticiasribeiraopreto.com.br\/wp-content\/uploads\/2024\/06\/Noticia-Importante-Bolsa-Familia-de-JUNHO-emite-comunicado-1-1.webp.webp?fit=1200%2C630&ssl=1&resize=1050%2C600 3x"},"classes":[]}],"jetpack_sharing_enabled":true,"jetpack_shortlink":"https:\/\/wp.me\/peQAOb-4cV","_links":{"self":[{"href":"https:\/\/noticiasribeiraopreto.com.br\/index.php\/wp-json\/wp\/v2\/posts\/16177","targetHints":{"allow":["GET"]}}],"collection":[{"href":"https:\/\/noticiasribeiraopreto.com.br\/index.php\/wp-json\/wp\/v2\/posts"}],"about":[{"href":"https:\/\/noticiasribeiraopreto.com.br\/index.php\/wp-json\/wp\/v2\/types\/post"}],"author":[{"embeddable":true,"href":"https:\/\/noticiasribeiraopreto.com.br\/index.php\/wp-json\/wp\/v2\/users\/1"}],"replies":[{"embeddable":true,"href":"https:\/\/noticiasribeiraopreto.com.br\/index.php\/wp-json\/wp\/v2\/comments?post=16177"}],"version-history":[{"count":0,"href":"https:\/\/noticiasribeiraopreto.com.br\/index.php\/wp-json\/wp\/v2\/posts\/16177\/revisions"}],"wp:featuredmedia":[{"embeddable":true,"href":"https:\/\/noticiasribeiraopreto.com.br\/index.php\/wp-json\/wp\/v2\/media\/16178"}],"wp:attachment":[{"href":"https:\/\/noticiasribeiraopreto.com.br\/index.php\/wp-json\/wp\/v2\/media?parent=16177"}],"wp:term":[{"taxonomy":"category","embeddable":true,"href":"https:\/\/noticiasribeiraopreto.com.br\/index.php\/wp-json\/wp\/v2\/categories?post=16177"},{"taxonomy":"post_tag","embeddable":true,"href":"https:\/\/noticiasribeiraopreto.com.br\/index.php\/wp-json\/wp\/v2\/tags?post=16177"}],"curies":[{"name":"wp","href":"https:\/\/api.w.org\/{rel}","templated":true}]}}