{"id":16184,"date":"2023-12-15T05:09:53","date_gmt":"2023-12-15T08:09:53","guid":{"rendered":"https:\/\/noticiasribeiraopreto.com.br\/index.php\/2023\/12\/15\/tempero-asiatico-pode-proteger-contra-o-cancer-indica-estudo\/"},"modified":"2023-12-15T05:09:53","modified_gmt":"2023-12-15T08:09:53","slug":"tempero-asiatico-pode-proteger-contra-o-cancer-indica-estudo","status":"publish","type":"post","link":"https:\/\/noticiasribeiraopreto.com.br\/index.php\/2023\/12\/15\/tempero-asiatico-pode-proteger-contra-o-cancer-indica-estudo\/","title":{"rendered":"Tempero asi\u00e1tico pode proteger contra o c\u00e2ncer, indica estudo"},"content":{"rendered":"<div class='code-block code-block-1' style='margin: 8px 0 8px auto; text-align: right; display: block; clear: both;'>\n<p><a href=\"https:\/\/wa.link\/vpicfd\"><img data-recalc-dims=\"1\" class=\"wp-image-4922\" style=\"aspect-ratio: 2.0253164556962027; width: 561px; height: auto;\" src=\"https:\/\/i0.wp.com\/ismaelcolosi.com.br\/wp-content\/uploads\/2023\/11\/grupo-de-empregos-whatsapp-e-facebook-ismael-colosi-vagas.jpg?ssl=1\" alt=\"\" \/><\/a><\/p>\n<!-- \/wp:image -->\n<\/div>\n<p> <br \/>\n<\/p>\n<div>\n<div id=\"attachment_2326820\" class=\"wp-caption alignnone\">\n<div class=\"d-flex justify-content-center\" data-attachment-id=\"2326820\">\n<div class=\"position-relative d-inline-block\"><img data-recalc-dims=\"1\" data-portal-copyright=\"Getty Images\" fetchpriority=\"high\" decoding=\"async\" class=\"wp-image-2326820 size-full\" src=\"https:\/\/i0.wp.com\/catracalivre.com.br\/wp-content\/uploads\/2023\/12\/istock-1699843775.jpg?resize=1254%2C836&#038;ssl=1\" alt=\"Apesar dos resultados serem promissores, os investigadores afirmam que s\u00e3o necess\u00e1rios mais testes para estabelecer o efeito do tempero em pacientes com c\u00e2ncer \u2013 iStock\/Getty Images\" width=\"1254\" height=\"836\" srcset=\"https:\/\/catracalivre.com.br\/wp-content\/uploads\/2023\/12\/istock-1699843775.jpg 1254w, https:\/\/catracalivre.com.br\/wp-content\/uploads\/2023\/12\/istock-1699843775-450x300.jpg 450w, https:\/\/catracalivre.com.br\/wp-content\/uploads\/2023\/12\/istock-1699843775-768x512.jpg 768w\" sizes=\"(max-width: 1254px) 100vw, 1254px\"\/><\/p>\n<p>Cr\u00e9ditos: Getty Images<\/p>\n<\/div>\n<\/div>\n<p><span class=\"post-imagem__legenda\">Apesar dos resultados serem promissores, os investigadores afirmam que s\u00e3o necess\u00e1rios mais testes para estabelecer o efeito do tempero em pacientes com c\u00e2ncer \u2013 iStock\/Getty Images<\/span><\/p>\n<\/div>\n<p>Uma raiz vegetal, usada na culin\u00e1ria como tempero, pode ajudar a proteger contra o c\u00e2ncer, afirma um novo estudo da <strong><a href=\"https:\/\/www.omu.ac.jp\/en\/\" target=\"_blank\" rel=\"noopener\">Universidade Metropolitana de Osaka<\/a><\/strong>, no Jap\u00e3o.<\/p>\n<p>O extrato de Kencur, um tipo de gengibre nativo do sudeste da \u00c1sia tamb\u00e9m conhecido como gengibre arom\u00e1tico, \u00e9 amplamente utilizado em uma bebida indon\u00e9sia chamada jamu.<\/p>\n<p>Segundo os pesquisadores, o principal componente ativo desse gengibre, o p-metoxicinamato de etila (EMC), possui propriedades anticancer\u00edgenas, capazes de suprimir significativamente o crescimento de c\u00e9lulas cancer\u00edgenas.<\/p>\n<p>Essa n\u00e3o \u00e9 a primeira vez que especialistas encontraram rela\u00e7\u00e3o entre o tempero e <strong><a href=\"https:\/\/catracalivre.com.br\/saude-bem-estar\/pesquisa-indica-composto-encontrado-nestes-alimentos-que-previne-cancer\/\" target=\"_blank\" rel=\"noopener\">propriedades anticancer\u00edgenas<\/a><\/strong>. Estudos anteriores j\u00e1 haviam indicado o seu fator potencial antic\u00e2ncer pelo fato de reduzir a express\u00e3o do fator de transcri\u00e7\u00e3o mitocondrial A (TFAM), associado \u00e0 prolifera\u00e7\u00e3o de c\u00e9lulas cancer\u00edgenas.<\/p>\n<h2>Tempero asi\u00e1tico contra o c\u00e2ncer<\/h2>\n<p>Para entender os efeitos do kencur, o estudo teve como alvo TFAMs e c\u00e9lulas tumorais de c\u00e2ncer de mama, mostrando que os extratos de rizoma de Kencur suprimiram a prolifera\u00e7\u00e3o das c\u00e9lulas tumorais. EMC, o principal composto dos extratos, exibiu efeitos antiproliferativos semelhantes. Al\u00e9m disso, a EMC influenciou as express\u00f5es proteicas ligadas \u00e0 regula\u00e7\u00e3o do ciclo celular.<\/p>\n<p>Al\u00e9m disso, o extrato de Kencur e o EMC exibem propriedades nocivas seletiva para c\u00e9lulas cancer\u00edgenas. Isto sugere que estas subst\u00e2ncias s\u00e3o mais t\u00f3xicas para as c\u00e9lulas cancer\u00edgenas do que para as c\u00e9lulas normais.<\/p>\n<p>De acordo com os pesquisadores, este estudo fornece novos insights sobre a associa\u00e7\u00e3o entre os efeitos anticancer\u00edgenos dos compostos naturais e o TFAM, indicando que o TFAM pode ser um alvo terap\u00eautico potencial.<\/p>\n<\/div>\n<p><script>\n\t\t! function(f, b, e, v, n, t, s) {\n\t\t\tif (f.fbq) return;\n\t\t\tn = f.fbq = function() {\n\t\t\t\tn.callMethod ?\n\t\t\t\t\tn.callMethod.apply(n, arguments) : n.queue.push(arguments)\n\t\t\t};\n\t\t\tif (!f._fbq) f._fbq = n;\n\t\t\tn.push = n;\n\t\t\tn.loaded = !0;\n\t\t\tn.version = '2.0';\n\t\t\tn.queue = [];\n\t\t\tt = b.createElement(e);\n\t\t\tt.async = !0;\n\t\t\tt.src = v;\n\t\t\ts = b.getElementsByTagName(e)[0];\n\t\t\ts.parentNode.insertBefore(t, s)\n\t\t}(window, document, 'script',\n\t\t\t'https:\/\/connect.facebook.net\/en_US\/fbevents.js');\n\t\tfbq('init', '338315473262380');\n\t\tfbq('track', 'PageView');\n\t<\/script><br \/>\n<br \/><br \/>\n<br \/><a href=\"https:\/\/catracalivre.com.br\/saude-bem-estar\/tempero-asiatico-pode-proteger-contra-o-cancer-indica-estudo\/\">Source link <\/a><\/p>\n<!-- CONTENT END 1 -->\n","protected":false},"excerpt":{"rendered":"<p>Cr\u00e9ditos: Getty Images Apesar dos resultados serem promissores, os investigadores afirmam que s\u00e3o necess\u00e1rios mais testes para estabelecer o efeito do tempero em pacientes com&#8230;<\/p>\n","protected":false},"author":1,"featured_media":16185,"comment_status":"open","ping_status":"open","sticky":false,"template":"","format":"standard","meta":{"advanced_seo_description":"","jetpack_seo_html_title":"","jetpack_seo_noindex":false,"jetpack_post_was_ever_published":false,"_jetpack_newsletter_access":"","_jetpack_dont_email_post_to_subs":false,"_jetpack_newsletter_tier_id":0,"_jetpack_memberships_contains_paywalled_content":false,"_jetpack_memberships_contains_paid_content":false,"footnotes":"","jetpack_publicize_message":"","jetpack_publicize_feature_enabled":true,"jetpack_social_post_already_shared":true,"jetpack_social_options":{"image_generator_settings":{"template":"highway","default_image_id":0,"font":"","enabled":false},"version":2}},"categories":[19],"tags":[],"class_list":["post-16184","post","type-post","status-publish","format-standard","has-post-thumbnail","hentry","category-variedades"],"jetpack_publicize_connections":[],"jetpack_featured_media_url":"https:\/\/i0.wp.com\/noticiasribeiraopreto.com.br\/wp-content\/uploads\/2023\/12\/istock-1699843775.jpg?fit=1200%2C638&ssl=1","jetpack-related-posts":[],"jetpack_sharing_enabled":true,"jetpack_shortlink":"https:\/\/wp.me\/peQAOb-4d2","_links":{"self":[{"href":"https:\/\/noticiasribeiraopreto.com.br\/index.php\/wp-json\/wp\/v2\/posts\/16184","targetHints":{"allow":["GET"]}}],"collection":[{"href":"https:\/\/noticiasribeiraopreto.com.br\/index.php\/wp-json\/wp\/v2\/posts"}],"about":[{"href":"https:\/\/noticiasribeiraopreto.com.br\/index.php\/wp-json\/wp\/v2\/types\/post"}],"author":[{"embeddable":true,"href":"https:\/\/noticiasribeiraopreto.com.br\/index.php\/wp-json\/wp\/v2\/users\/1"}],"replies":[{"embeddable":true,"href":"https:\/\/noticiasribeiraopreto.com.br\/index.php\/wp-json\/wp\/v2\/comments?post=16184"}],"version-history":[{"count":0,"href":"https:\/\/noticiasribeiraopreto.com.br\/index.php\/wp-json\/wp\/v2\/posts\/16184\/revisions"}],"wp:featuredmedia":[{"embeddable":true,"href":"https:\/\/noticiasribeiraopreto.com.br\/index.php\/wp-json\/wp\/v2\/media\/16185"}],"wp:attachment":[{"href":"https:\/\/noticiasribeiraopreto.com.br\/index.php\/wp-json\/wp\/v2\/media?parent=16184"}],"wp:term":[{"taxonomy":"category","embeddable":true,"href":"https:\/\/noticiasribeiraopreto.com.br\/index.php\/wp-json\/wp\/v2\/categories?post=16184"},{"taxonomy":"post_tag","embeddable":true,"href":"https:\/\/noticiasribeiraopreto.com.br\/index.php\/wp-json\/wp\/v2\/tags?post=16184"}],"curies":[{"name":"wp","href":"https:\/\/api.w.org\/{rel}","templated":true}]}}