{"id":16186,"date":"2023-12-15T05:14:51","date_gmt":"2023-12-15T08:14:51","guid":{"rendered":"https:\/\/noticiasribeiraopreto.com.br\/index.php\/2023\/12\/15\/estreia-na-segunda-feira-18-a-serie-petroleo-na-amazonia-a-exploracao-do-ouro-negro-na-maior-floresta-tropical-do-mundo\/"},"modified":"2023-12-15T05:14:51","modified_gmt":"2023-12-15T08:14:51","slug":"estreia-na-segunda-feira-18-a-serie-petroleo-na-amazonia-a-exploracao-do-ouro-negro-na-maior-floresta-tropical-do-mundo","status":"publish","type":"post","link":"https:\/\/noticiasribeiraopreto.com.br\/index.php\/2023\/12\/15\/estreia-na-segunda-feira-18-a-serie-petroleo-na-amazonia-a-exploracao-do-ouro-negro-na-maior-floresta-tropical-do-mundo\/","title":{"rendered":"Estreia na segunda-feira (18) a s\u00e9rie &#8216;Petr\u00f3leo na Amaz\u00f4nia: a explora\u00e7\u00e3o do ouro negro na maior floresta tropical do mundo&#8217;."},"content":{"rendered":"<div class='code-block code-block-1' style='margin: 8px 0 8px auto; text-align: right; display: block; clear: both;'>\n<p><a href=\"https:\/\/wa.link\/vpicfd\"><img data-recalc-dims=\"1\" class=\"wp-image-4922\" style=\"aspect-ratio: 2.0253164556962027; width: 561px; height: auto;\" src=\"https:\/\/i0.wp.com\/ismaelcolosi.com.br\/wp-content\/uploads\/2023\/11\/grupo-de-empregos-whatsapp-e-facebook-ismael-colosi-vagas.jpg?ssl=1\" alt=\"\" \/><\/a><\/p>\n<!-- \/wp:image -->\n<\/div>\n<p> <br \/>\n<\/p>\n<div>\n<figure><picture><source srcset=\"https:\/\/clickpetroleoegas.com.br\/wp-content\/uploads\/2023\/12\/estreia-na-segundafeira-18-a-serie-petroleo-na-amazonia-a-exploracao-do-ouro-negro-na-maior-floresta-tropical-do-mundo-830x450.jpg.webp\" type=\"image\/webp\"><img data-recalc-dims=\"1\" loading=\"lazy\" width=\"830\" height=\"450\" src=\"https:\/\/i0.wp.com\/clickpetroleoegas.com.br\/wp-content\/uploads\/2023\/12\/estreia-na-segundafeira-18-a-serie-petroleo-na-amazonia-a-exploracao-do-ouro-negro-na-maior-floresta-tropical-do-mundo-830x450.jpg?resize=830%2C450&#038;ssl=1\" class=\"fdnw-post-thumbnail fdnw-first-card-thumbnail wp-post-image\" alt=\"Petroleum\" decoding=\"async\" data-eio=\"p\"\/><\/source><\/picture><figcaption class=\"fdnw-image-caption\">Reprodu\u00e7\u00e3o\/ CNN \u2013 Todos os direitos: CNN Brasil<\/figcaption><\/figure>\n<h2 class=\"wp-block-heading\" id=\"h-reportagem-exclusiva-da-cnn-mostra-como-a-iniciativa-de-exploracao-do-petroleo-uniu-tradicionais-adversarios-politicos-e-gerou-empregos-em-horario-nobre\">Reportagem exclusiva da CNN mostra como a iniciativa de explora\u00e7\u00e3o do petr\u00f3leo uniu tradicionais advers\u00e1rios pol\u00edticos e gerou empregos em hor\u00e1rio nobre.<\/h2>\n<p>A t\u00e3o esperada s\u00e9rie exclusiva \u2018Petr\u00f3leo na Amaz\u00f4nia\u2019 estreia na CNN na pr\u00f3xima segunda-feira (18), exibida durante o CNN Prime Time, \u00e0s 20h. A produ\u00e7\u00e3o foca na explora\u00e7\u00e3o do petr\u00f3leo na Amaz\u00f4nia.<\/p>\n<p>O programa trata da explora\u00e7\u00e3o de Petr\u00f3leo na maior floresta tropical do mundo e \u00e9 liderado pelo analista de pol\u00edtica da CNN Caio Junqueira, com imagens do rep\u00f3rter cinematogr\u00e1fico Djalma Sena. Ambos se deslocaram at\u00e9 a regi\u00e3o para documentar a situa\u00e7\u00e3o de perto.<\/p>\n<p> <span class=\"fdnw-card-article-related\"> <span class=\"h4 fdnw-card-article-related-title\">Artigos recomendados<\/span> <\/span> <\/p>\n<p>Embora o empreendimento possa gerar lucro de bilh\u00f5es de reais e beneficiar financeiramente os estados que seriam afetados pela explora\u00e7\u00e3o, o risco ambiental \u00e9 grande, assim como a responsabilidade envolvendo o uso do dinheiro p\u00fablico. A s\u00e9rie vai abordar a complexidade do cen\u00e1rio do Petr\u00f3leo na Amaz\u00f4nia e suas consequ\u00eancias para a regi\u00e3o e para o mundo.<\/p>\n<h2 class=\"wp-block-heading\" id=\"h-impacto-da-exploracao-do-petroleo-uniao-de-tradicionais-adversarios-politicos\">Impacto da explora\u00e7\u00e3o do Petr\u00f3leo: uni\u00e3o de tradicionais advers\u00e1rios pol\u00edticos<\/h2>\n<p>As reportagens mostram como a iniciativa de <b>explora\u00e7\u00e3o do petr\u00f3leo<\/b> uniu tradicionais advers\u00e1rios pol\u00edticos, mobilizou grupos de resist\u00eancia e motivou discuss\u00f5es acad\u00eamicas sobre o tema.<\/p>\n<h2 class=\"wp-block-heading\" id=\"h-modo-de-vida-em-destaque-moradores-do-amapa-sao-impactados-pelo-petroleo\">Modo de vida em destaque: moradores do Amap\u00e1 s\u00e3o impactados pelo Petr\u00f3leo<\/h2>\n<p>Logo no epis\u00f3dio de estreia, podemos conferir de perto o modo de vida dos moradores do Amap\u00e1 que seriam diretamente impactados pelo petr\u00f3leo.<\/p>\n<h2 class=\"wp-block-heading\" id=\"h-divisao-na-populacao-geracao-de-empregos-e-qualidade-de-vida-em-pauta\">Divis\u00e3o na popula\u00e7\u00e3o: gera\u00e7\u00e3o de empregos e qualidade de vida em pauta<\/h2>\n<p>Enquanto o governador e o prefeito da capital, tradicionais advers\u00e1rios pol\u00edticos, se unem para apoiar a explora\u00e7\u00e3o, a popula\u00e7\u00e3o local est\u00e1 dividida entre aqueles que acreditam na gera\u00e7\u00e3o de empregos e maior qualidade de vida, aqueles que apoiam a iniciativa com ressalvas e aqueles que se declaram totalmente contra.<\/p>\n<h2 class=\"wp-block-heading\" id=\"h-pontos-de-vista-diversos-academia-lideres-comunitarios-e-ongs-na-discussao-sobre-o-petroleo\">Pontos de vista diversos: academia, l\u00edderes comunit\u00e1rios e ONGs na discuss\u00e3o sobre o Petr\u00f3leo<\/h2>\n<p>A s\u00e9rie ainda vai explorar o ponto de vista de acad\u00eamicos, l\u00edderes comunit\u00e1rios, <a href=\"https:\/\/clickpetroleoegas.com.br\/compromisso-renovavel-atiaia-renovaveis-impulsiona-projetos-socioambientais-nas-comunidades-indigenas-do-xingu-e-xavante\/\" target=\"_blank\" rel=\"noopener\">comunidades ind\u00edgenas<\/a> e ONGs da regi\u00e3o. Al\u00e9m dos riscos ambientais e sociais associados \u00e0 explora\u00e7\u00e3o de petr\u00f3leo.<\/p>\n<p>No \u00faltimo epis\u00f3dio, uma entrevista exclusiva da <strong>CNN <\/strong>com o presidente da Petrobras, Jean Paul Prates, questiona o posicionamento da <b>estatal<\/b> sobre os pontos explorados pela s\u00e9rie.<\/p>\n<h2 class=\"wp-block-heading\" id=\"h-exibicao-em-horario-nobre-o-petroleo-em-prime-time\">Exibi\u00e7\u00e3o em hor\u00e1rio nobre: O Petr\u00f3leo em Prime Time<\/h2>\n<p>Os cinco epis\u00f3dios ser\u00e3o exibidos de segunda a sexta-feira durante o jornal que passa no hor\u00e1rio nobre. Este \u00e9 o impacto da explora\u00e7\u00e3o do Petr\u00f3leo na maior floresta tropical do mundo.<\/p>\n<p>Fonte: <b>CNN Brasil<\/b><\/p>\n<div class=\"code-block code-block-10\" style=\"margin: 8px auto; text-align: center; display: block; clear: both;\">\n<hr class=\"wp-block-separator has-alpha-channel-opacity is-style-wide\"\/>\n<p>Voc\u00ea quer receber apenas not\u00edcias e vagas de emprego do seu interesse? A solu\u00e7\u00e3o chegou atrav\u00e9s do app <a href=\"https:\/\/play.google.com\/store\/apps\/details?id=com.clickpetroleoapp&amp;hl=pt&amp;gl=US\" class=\"external\" rel=\"nofollow noopener\" target=\"_blank\"><strong>CPG VAGAS E NOT\u00cdCIAS!<\/strong><\/a> Se voc\u00ea \u00e9 pintor, vai receber no seu celular apenas oportunidades neste cargo. E ser\u00e1 assim com pedreiro, t\u00e9cnico, engenheiro e etc\u2026.. N\u00e3o perca nada do que acontece no mercado de trabalho e econ\u00f4mico do Brasil, baixe agora o app <a href=\"https:\/\/play.google.com\/store\/apps\/details?id=com.clickpetroleoapp&amp;hl=pt&amp;gl=US\" class=\"external\" rel=\"nofollow noopener\" target=\"_blank\">CPG VAGAS E NOT\u00cdCIAS, dispon\u00edvel para Android e IOS!<\/a><\/p>\n<figure class=\"wp-block-image aligncenter size-full\"><a href=\"https:\/\/play.google.com\/store\/apps\/details?id=com.clickpetroleoapp&amp;hl=pt&amp;gl=US\" target=\"_blank\" rel=\"noreferrer noopener nofollow\" class=\"external\"><img data-recalc-dims=\"1\" decoding=\"async\" width=\"1280\" height=\"387\" alt=\"APP CPG VAGAS E NOT\u00cdCIAS\" class=\"wp-image-105306 ewww_webp_lazy_load lazy\" src=\"https:\/\/i0.wp.com\/clickpetroleoegas.com.br\/wp-content\/uploads\/2023\/09\/Aplicativo-de-vagas-de-empregos-e-noticias-da-sua-regiao.jpg.webp?resize=1280%2C387&#038;ssl=1\" loading=\"lazy\"\/><noscript><img data-recalc-dims=\"1\" loading=\"lazy\" decoding=\"async\" width=\"1280\" height=\"387\" alt=\"APP CPG VAGAS E NOT\u00cdCIAS\" class=\"wp-image-105306 ewww_webp_lazy_load\" src=\"https:\/\/i0.wp.com\/clickpetroleoegas.com.br\/wp-content\/uploads\/2023\/09\/Aplicativo-de-vagas-de-empregos-e-noticias-da-sua-regiao.jpg.webp?resize=1280%2C387&#038;ssl=1\"\/><\/noscript><noscript><img data-recalc-dims=\"1\" loading=\"lazy\" decoding=\"async\" width=\"1280\" height=\"387\" src=\"https:\/\/i0.wp.com\/clickpetroleoegas.com.br\/wp-content\/uploads\/2023\/09\/Aplicativo-de-vagas-de-empregos-e-noticias-da-sua-regiao.jpg?resize=1280%2C387&#038;ssl=1\" alt=\"APP CPG VAGAS E NOT\u00cdCIAS\" class=\"wp-image-105306\"\/><\/noscript><\/a><\/figure>\n<\/p><\/div>\n<\/p><\/div>\n<p><script type=\"text\/plain\" data-service=\"facebook\" data-category=\"marketing\">\n!function(f,b,e,v,n,t,s)\n{if(f.fbq)return;n=f.fbq=function(){n.callMethod?\nn.callMethod.apply(n,arguments):n.queue.push(arguments)};\nif(!f._fbq)f._fbq=n;n.push=n;n.loaded=!0;n.version='2.0';\nn.queue=[];t=b.createElement(e);t.async=!0;\nt.src=v;s=b.getElementsByTagName(e)[0];\ns.parentNode.insertBefore(t,s)}(window, document,'script',\n'https:\/\/connect.facebook.net\/en_US\/fbevents.js');\nfbq('init', '5536651029690406');\nfbq('track', 'PageView');\n<\/script><script type=\"text\/plain\" data-service=\"facebook\" data-category=\"marketing\" async defer crossorigin=\"anonymous\" data-rocket-data-cmplz-src=\"https:\/\/connect.facebook.net\/en_US\/sdk.js#xfbml=1&#038;version=v12.0&amp;appId=1127332727839552&#038;autoLogAppEvents=1\">\n<\/script><br \/>\n<br \/><br \/>\n<br \/><a href=\"https:\/\/ismaelcolosi.com.br\/estreia-na-segunda-feira-18-a-serie-petroleo-na-amazonia-a-exploracao-do-ouro-negro-na-maior-floresta-tropical-do-mundo\/\">Source link <\/a><\/p>\n<!-- CONTENT END 1 -->\n","protected":false},"excerpt":{"rendered":"<p>Reprodu\u00e7\u00e3o\/ CNN \u2013 Todos os direitos: CNN Brasil Reportagem exclusiva da CNN mostra como a iniciativa de explora\u00e7\u00e3o do petr\u00f3leo uniu tradicionais advers\u00e1rios pol\u00edticos e&#8230;<\/p>\n","protected":false},"author":1,"featured_media":16187,"comment_status":"open","ping_status":"open","sticky":false,"template":"","format":"standard","meta":{"advanced_seo_description":"","jetpack_seo_html_title":"","jetpack_seo_noindex":false,"jetpack_post_was_ever_published":false,"_jetpack_newsletter_access":"","_jetpack_dont_email_post_to_subs":false,"_jetpack_newsletter_tier_id":0,"_jetpack_memberships_contains_paywalled_content":false,"_jetpack_memberships_contains_paid_content":false,"footnotes":"","jetpack_publicize_message":"","jetpack_publicize_feature_enabled":true,"jetpack_social_post_already_shared":true,"jetpack_social_options":{"image_generator_settings":{"template":"highway","default_image_id":0,"font":"","enabled":false},"version":2}},"categories":[7],"tags":[],"class_list":["post-16186","post","type-post","status-publish","format-standard","has-post-thumbnail","hentry","category-vagas-de-empregos-em-ribeirao-preto-regiao-brasil"],"jetpack_publicize_connections":[],"jetpack_featured_media_url":"https:\/\/i0.wp.com\/noticiasribeiraopreto.com.br\/wp-content\/uploads\/2023\/12\/estreia-na-segundafeira-18-a-serie-petroleo-na-amazonia-a-exploracao-do-ouro-negro-na-maior-floresta-tropical-do-mundo-830x450.jpg?fit=830%2C450&ssl=1","jetpack-related-posts":[{"id":19288,"url":"https:\/\/noticiasribeiraopreto.com.br\/index.php\/2023\/12\/22\/oiapoque-a-terra-do-petroleo-em-busca-da-capital-nacional\/","url_meta":{"origin":16186,"position":0},"title":"Oiapoque: A Terra do Petr\u00f3leo &#8211; Em busca da Capital Nacional.","author":"noticiasribeiraopreto.com.br","date":"22 de December de 2023","format":false,"excerpt":"\u00a9 2023 \u2013 Todos os direitos: CNN Brasil Projeto de petr\u00f3leo proposto no extremo norte do Amap\u00e1 gera expectativa na economia local, trazendo empregos e movimentando setor hoteleiro. O munic\u00edpio de Oiapoque, situado a 580 quil\u00f4metros da capital Macap\u00e1, est\u00e1 localizado pr\u00f3ximo \u00e0 fronteira com a Guiana Francesa. A regi\u00e3o\u2026","rel":"","context":"In &quot;Vagas de Emprego em Ribeir\u00e3o Preto-SP&quot;","block_context":{"text":"Vagas de Emprego em Ribeir\u00e3o Preto-SP","link":"https:\/\/noticiasribeiraopreto.com.br\/index.php\/category\/empregos-classificados-vagas-trabalho\/vagas-de-empregos-em-ribeirao-preto-regiao-brasil\/"},"img":{"alt_text":"","src":"https:\/\/i0.wp.com\/noticiasribeiraopreto.com.br\/wp-content\/uploads\/2023\/12\/oiapoque-a-terra-do-petroleo-em-busca-da-capital-nacional-830x450.jpg?fit=830%2C450&ssl=1&resize=350%2C200","width":350,"height":200,"srcset":"https:\/\/i0.wp.com\/noticiasribeiraopreto.com.br\/wp-content\/uploads\/2023\/12\/oiapoque-a-terra-do-petroleo-em-busca-da-capital-nacional-830x450.jpg?fit=830%2C450&ssl=1&resize=350%2C200 1x, https:\/\/i0.wp.com\/noticiasribeiraopreto.com.br\/wp-content\/uploads\/2023\/12\/oiapoque-a-terra-do-petroleo-em-busca-da-capital-nacional-830x450.jpg?fit=830%2C450&ssl=1&resize=525%2C300 1.5x, https:\/\/i0.wp.com\/noticiasribeiraopreto.com.br\/wp-content\/uploads\/2023\/12\/oiapoque-a-terra-do-petroleo-em-busca-da-capital-nacional-830x450.jpg?fit=830%2C450&ssl=1&resize=700%2C400 2x"},"classes":[]},{"id":20334,"url":"https:\/\/noticiasribeiraopreto.com.br\/index.php\/2023\/12\/25\/petrobras-da-inicio-a-exploracao-de-petroleo-na-margem-equatorial-brasileira\/","url_meta":{"origin":16186,"position":1},"title":"Petrobras d\u00e1 in\u00edcio \u00e0 explora\u00e7\u00e3o de petr\u00f3leo na Margem Equatorial Brasileira.","author":"noticiasribeiraopreto.com.br","date":"25 de December de 2023","format":false,"excerpt":"Explora\u00e7\u00e3o de petr\u00f3leo na Margem Equatorial Brasileira \u2013 FOTO: \u00a92023 OFF Shore Energy Petrobras inicia perfura\u00e7\u00e3o do po\u00e7o Pitu Oeste na concess\u00e3o BM-POT-17, em busca de relevante potencial petrol\u00edfero. Investimento de US$ 3,1 bi. A companhia estatal de petr\u00f3leo e g\u00e1s Petrobras est\u00e1 realizando opera\u00e7\u00f5es de perfura\u00e7\u00e3o de um po\u00e7o,\u2026","rel":"","context":"In &quot;Vagas de Emprego em Ribeir\u00e3o Preto-SP&quot;","block_context":{"text":"Vagas de Emprego em Ribeir\u00e3o Preto-SP","link":"https:\/\/noticiasribeiraopreto.com.br\/index.php\/category\/empregos-classificados-vagas-trabalho\/vagas-de-empregos-em-ribeirao-preto-regiao-brasil\/"},"img":{"alt_text":"","src":"https:\/\/i0.wp.com\/noticiasribeiraopreto.com.br\/wp-content\/uploads\/2023\/12\/petrobras-da-inicio-a-exploracao-de-petroleo-na-margem-equatorial-brasileira-830x450.jpg?fit=830%2C450&ssl=1&resize=350%2C200","width":350,"height":200,"srcset":"https:\/\/i0.wp.com\/noticiasribeiraopreto.com.br\/wp-content\/uploads\/2023\/12\/petrobras-da-inicio-a-exploracao-de-petroleo-na-margem-equatorial-brasileira-830x450.jpg?fit=830%2C450&ssl=1&resize=350%2C200 1x, https:\/\/i0.wp.com\/noticiasribeiraopreto.com.br\/wp-content\/uploads\/2023\/12\/petrobras-da-inicio-a-exploracao-de-petroleo-na-margem-equatorial-brasileira-830x450.jpg?fit=830%2C450&ssl=1&resize=525%2C300 1.5x, https:\/\/i0.wp.com\/noticiasribeiraopreto.com.br\/wp-content\/uploads\/2023\/12\/petrobras-da-inicio-a-exploracao-de-petroleo-na-margem-equatorial-brasileira-830x450.jpg?fit=830%2C450&ssl=1&resize=700%2C400 2x"},"classes":[]},{"id":15431,"url":"https:\/\/noticiasribeiraopreto.com.br\/index.php\/2023\/12\/13\/leilao-de-areas-de-petroleo-e-gas-movimenta-r421-mi-para-o-governo\/","url_meta":{"origin":16186,"position":2},"title":"Leil\u00e3o de \u00e1reas de petr\u00f3leo e g\u00e1s movimenta R$421 mi para o governo","author":"noticiasribeiraopreto.com.br","date":"13 de December de 2023","format":false,"excerpt":"Quinze petroleiras arremataram 192 blocos explorat\u00f3rios de petr\u00f3leo e g\u00e1s no Brasil dos 602 ofertados nesta quarta-feira em leil\u00e3o da reguladora ANP sob \u2013 Todos os direitos: MoneyTimes A Petrobras arrematou 29 blocos em Pelotas, todos como operadora e tendo a Shell como parceira. Com destaque para Pelotas, a bacia\u2026","rel":"","context":"In &quot;Vagas de Emprego em Ribeir\u00e3o Preto-SP&quot;","block_context":{"text":"Vagas de Emprego em Ribeir\u00e3o Preto-SP","link":"https:\/\/noticiasribeiraopreto.com.br\/index.php\/category\/empregos-classificados-vagas-trabalho\/vagas-de-empregos-em-ribeirao-preto-regiao-brasil\/"},"img":{"alt_text":"","src":"https:\/\/i0.wp.com\/noticiasribeiraopreto.com.br\/wp-content\/uploads\/2023\/12\/leilao-de-areas-de-petroleo-e-gas-movimenta-r421-mi-para-o-governo-acompanhe-a-cobertura-completa-do-evento-830x450.jpg?fit=830%2C450&ssl=1&resize=350%2C200","width":350,"height":200,"srcset":"https:\/\/i0.wp.com\/noticiasribeiraopreto.com.br\/wp-content\/uploads\/2023\/12\/leilao-de-areas-de-petroleo-e-gas-movimenta-r421-mi-para-o-governo-acompanhe-a-cobertura-completa-do-evento-830x450.jpg?fit=830%2C450&ssl=1&resize=350%2C200 1x, https:\/\/i0.wp.com\/noticiasribeiraopreto.com.br\/wp-content\/uploads\/2023\/12\/leilao-de-areas-de-petroleo-e-gas-movimenta-r421-mi-para-o-governo-acompanhe-a-cobertura-completa-do-evento-830x450.jpg?fit=830%2C450&ssl=1&resize=525%2C300 1.5x, https:\/\/i0.wp.com\/noticiasribeiraopreto.com.br\/wp-content\/uploads\/2023\/12\/leilao-de-areas-de-petroleo-e-gas-movimenta-r421-mi-para-o-governo-acompanhe-a-cobertura-completa-do-evento-830x450.jpg?fit=830%2C450&ssl=1&resize=700%2C400 2x"},"classes":[]},{"id":20865,"url":"https:\/\/noticiasribeiraopreto.com.br\/index.php\/2023\/12\/26\/empresa-confirma-primeiro-edital-para-efetivos-em-2024\/","url_meta":{"origin":16186,"position":3},"title":"empresa confirma primeiro edital para efetivos em 2024","author":"noticiasribeiraopreto.com.br","date":"26 de December de 2023","format":false,"excerpt":"A realiza\u00e7\u00e3o do primeiro concurso Pr\u00e9-Sal Petr\u00f3leo deve ocorrer em 2024. A confirma\u00e7\u00e3o foi feita pela pr\u00f3pria empresa, no \u00faltimo dia 21 de dezembro. No entanto, ainda n\u00e3o h\u00e1 uma defini\u00e7\u00e3o sobre cargos que ser\u00e3o oferecidos, bem como a respectiva oferta de vagas. A sele\u00e7\u00e3o integra o Plano Estrat\u00e9gico da\u2026","rel":"","context":"In &quot;Vagas de Emprego em Ribeir\u00e3o Preto-SP&quot;","block_context":{"text":"Vagas de Emprego em Ribeir\u00e3o Preto-SP","link":"https:\/\/noticiasribeiraopreto.com.br\/index.php\/category\/empregos-classificados-vagas-trabalho\/vagas-de-empregos-em-ribeirao-preto-regiao-brasil\/"},"img":{"alt_text":"Adicionar no Google Agenda","src":"https:\/\/i0.wp.com\/jcconcursos.com.br\/static\/img\/google_calendar_v2.jpg?resize=350%2C200&ssl=1","width":350,"height":200},"classes":[]},{"id":15180,"url":"https:\/\/noticiasribeiraopreto.com.br\/index.php\/2023\/12\/13\/multinacionais-garimpam-bilhete-premiado-em-leilao-do-pre-sal-sem-petrobras\/","url_meta":{"origin":16186,"position":4},"title":"Multinacionais garimpam bilhete premiado em leil\u00e3o do pr\u00e9-sal sem Petrobras","author":"noticiasribeiraopreto.com.br","date":"13 de December de 2023","format":false,"excerpt":"O cons\u00f3rcio formado pelas empresas Shell, Total, CNPC, CNOOC e Petrobras foi o vencedor da 1\u00aa Rodada de Licita\u00e7\u00e3o do Pr\u00e9-Sal em 2013, ganhando o direito a explorar e produzir o petr\u00f3leo da \u00e1rea de Libra, na Bacia de Santos. Na foto, o ministro da Justi\u00e7a, Jos\u00e9 Eduardo Cardozo; a\u2026","rel":"","context":"In &quot;Vagas de Emprego em Ribeir\u00e3o Preto-SP&quot;","block_context":{"text":"Vagas de Emprego em Ribeir\u00e3o Preto-SP","link":"https:\/\/noticiasribeiraopreto.com.br\/index.php\/category\/empregos-classificados-vagas-trabalho\/vagas-de-empregos-em-ribeirao-preto-regiao-brasil\/"},"img":{"alt_text":"","src":"https:\/\/i0.wp.com\/noticiasribeiraopreto.com.br\/wp-content\/uploads\/2023\/12\/multinacionais-garimpam-bilhete-premiado-em-leilao-do-presal-sem-petrobras-830x450.webp.webp?fit=830%2C450&ssl=1&resize=350%2C200","width":350,"height":200,"srcset":"https:\/\/i0.wp.com\/noticiasribeiraopreto.com.br\/wp-content\/uploads\/2023\/12\/multinacionais-garimpam-bilhete-premiado-em-leilao-do-presal-sem-petrobras-830x450.webp.webp?fit=830%2C450&ssl=1&resize=350%2C200 1x, https:\/\/i0.wp.com\/noticiasribeiraopreto.com.br\/wp-content\/uploads\/2023\/12\/multinacionais-garimpam-bilhete-premiado-em-leilao-do-presal-sem-petrobras-830x450.webp.webp?fit=830%2C450&ssl=1&resize=525%2C300 1.5x, https:\/\/i0.wp.com\/noticiasribeiraopreto.com.br\/wp-content\/uploads\/2023\/12\/multinacionais-garimpam-bilhete-premiado-em-leilao-do-presal-sem-petrobras-830x450.webp.webp?fit=830%2C450&ssl=1&resize=700%2C400 2x"},"classes":[]},{"id":14854,"url":"https:\/\/noticiasribeiraopreto.com.br\/index.php\/2023\/12\/12\/marina-silva-apela-para-paises-ricos-liderarem-processo-de-abandono-do-uso-do-petroleo\/","url_meta":{"origin":16186,"position":5},"title":"Marina Silva apela para pa\u00edses ricos liderarem processo de abandono do uso do petr\u00f3leo","author":"noticiasribeiraopreto.com.br","date":"12 de December de 2023","format":false,"excerpt":"WALLACE MARTINS\/FUTURA PRESS\/ESTAD\u00c3O CONTE\u00daDO \u2013 Todos os direitos: CNN Brasil Ministra Meio Ambiente diz que COP28 em Bel\u00e9m depende da c\u00fapula em Dubai em andamento. Energias renov\u00e1veis e redu\u00e7\u00e3o gases efeito estufa s\u00e3o fundamentais. Marina Silva, ex-ministra do Meio Ambiente, refor\u00e7ou a import\u00e2ncia de os pa\u00edses desenvolvidos assumirem a lideran\u00e7a\u2026","rel":"","context":"In &quot;Vagas de Emprego em Ribeir\u00e3o Preto-SP&quot;","block_context":{"text":"Vagas de Emprego em Ribeir\u00e3o Preto-SP","link":"https:\/\/noticiasribeiraopreto.com.br\/index.php\/category\/empregos-classificados-vagas-trabalho\/vagas-de-empregos-em-ribeirao-preto-regiao-brasil\/"},"img":{"alt_text":"","src":"https:\/\/i0.wp.com\/noticiasribeiraopreto.com.br\/wp-content\/uploads\/2023\/12\/marina-silva-apela-para-paises-ricos-liderarem-processo-de-abandono-do-uso-do-petroleo-830x450.jpg?fit=830%2C450&ssl=1&resize=350%2C200","width":350,"height":200,"srcset":"https:\/\/i0.wp.com\/noticiasribeiraopreto.com.br\/wp-content\/uploads\/2023\/12\/marina-silva-apela-para-paises-ricos-liderarem-processo-de-abandono-do-uso-do-petroleo-830x450.jpg?fit=830%2C450&ssl=1&resize=350%2C200 1x, https:\/\/i0.wp.com\/noticiasribeiraopreto.com.br\/wp-content\/uploads\/2023\/12\/marina-silva-apela-para-paises-ricos-liderarem-processo-de-abandono-do-uso-do-petroleo-830x450.jpg?fit=830%2C450&ssl=1&resize=525%2C300 1.5x, https:\/\/i0.wp.com\/noticiasribeiraopreto.com.br\/wp-content\/uploads\/2023\/12\/marina-silva-apela-para-paises-ricos-liderarem-processo-de-abandono-do-uso-do-petroleo-830x450.jpg?fit=830%2C450&ssl=1&resize=700%2C400 2x"},"classes":[]}],"jetpack_sharing_enabled":true,"jetpack_shortlink":"https:\/\/wp.me\/peQAOb-4d4","_links":{"self":[{"href":"https:\/\/noticiasribeiraopreto.com.br\/index.php\/wp-json\/wp\/v2\/posts\/16186","targetHints":{"allow":["GET"]}}],"collection":[{"href":"https:\/\/noticiasribeiraopreto.com.br\/index.php\/wp-json\/wp\/v2\/posts"}],"about":[{"href":"https:\/\/noticiasribeiraopreto.com.br\/index.php\/wp-json\/wp\/v2\/types\/post"}],"author":[{"embeddable":true,"href":"https:\/\/noticiasribeiraopreto.com.br\/index.php\/wp-json\/wp\/v2\/users\/1"}],"replies":[{"embeddable":true,"href":"https:\/\/noticiasribeiraopreto.com.br\/index.php\/wp-json\/wp\/v2\/comments?post=16186"}],"version-history":[{"count":0,"href":"https:\/\/noticiasribeiraopreto.com.br\/index.php\/wp-json\/wp\/v2\/posts\/16186\/revisions"}],"wp:featuredmedia":[{"embeddable":true,"href":"https:\/\/noticiasribeiraopreto.com.br\/index.php\/wp-json\/wp\/v2\/media\/16187"}],"wp:attachment":[{"href":"https:\/\/noticiasribeiraopreto.com.br\/index.php\/wp-json\/wp\/v2\/media?parent=16186"}],"wp:term":[{"taxonomy":"category","embeddable":true,"href":"https:\/\/noticiasribeiraopreto.com.br\/index.php\/wp-json\/wp\/v2\/categories?post=16186"},{"taxonomy":"post_tag","embeddable":true,"href":"https:\/\/noticiasribeiraopreto.com.br\/index.php\/wp-json\/wp\/v2\/tags?post=16186"}],"curies":[{"name":"wp","href":"https:\/\/api.w.org\/{rel}","templated":true}]}}