{"id":16194,"date":"2023-12-15T06:14:32","date_gmt":"2023-12-15T09:14:32","guid":{"rendered":"https:\/\/noticiasribeiraopreto.com.br\/index.php\/2023\/12\/15\/10-motivos-para-voce-adotar-um-caozinho-vira-lata-meu-valor-digital\/"},"modified":"2023-12-15T06:14:32","modified_gmt":"2023-12-15T09:14:32","slug":"10-motivos-para-voce-adotar-um-caozinho-vira-lata-meu-valor-digital","status":"publish","type":"post","link":"https:\/\/noticiasribeiraopreto.com.br\/index.php\/2023\/12\/15\/10-motivos-para-voce-adotar-um-caozinho-vira-lata-meu-valor-digital\/","title":{"rendered":"10 motivos para voc\u00ea adotar um c\u00e3ozinho vira-lata &#8211; Meu Valor Digital"},"content":{"rendered":"<div class='code-block code-block-1' style='margin: 8px 0 8px auto; text-align: right; display: block; clear: both;'>\n<p><a href=\"https:\/\/wa.link\/vpicfd\"><img data-recalc-dims=\"1\" class=\"wp-image-4922\" style=\"aspect-ratio: 2.0253164556962027; width: 561px; height: auto;\" src=\"https:\/\/i0.wp.com\/ismaelcolosi.com.br\/wp-content\/uploads\/2023\/11\/grupo-de-empregos-whatsapp-e-facebook-ismael-colosi-vagas.jpg?ssl=1\" alt=\"\" \/><\/a><\/p>\n<!-- \/wp:image -->\n<\/div>\n<p> <br \/>\n<\/p>\n<div>\n<p>Em meio aos n\u00fameros alarmantes de animais abandonados nas ruas do Brasil, 2022 registrou um cen\u00e1rio desolador com cerca de 30 milh\u00f5es de animais sem lar, de acordo com dados da Organiza\u00e7\u00e3o Mundial da Sa\u00fade (OMS).<\/p>\n<p>Dentre esses n\u00fameros, 10 milh\u00f5es representam gatos e os restantes 20 milh\u00f5es s\u00e3o c\u00e3es. Neste contexto, adotar um c\u00e3ozinho vira-lata n\u00e3o \u00e9 apenas um gesto de amor, mas tamb\u00e9m uma demonstra\u00e7\u00e3o de responsabilidade e empatia.<\/p>\n<p>Este artigo explora 10 motivos convincentes que destacam os benef\u00edcios de adotar um c\u00e3ozinho vira-lata, n\u00e3o apenas para a vida do animal, mas tamb\u00e9m para a sociedade como um todo.<\/p>\n<p>Ao faz\u00ea-lo, esperamos inspirar mais pessoas a considerarem a ado\u00e7\u00e3o como uma alternativa compassiva, contribuindo para a redu\u00e7\u00e3o do abandono de animais.<\/p>\n<p><strong>Leia +: <\/strong><a href=\"https:\/\/meuvalordigital.com.br\/cachorro-tambem-tem-sentimento-ele-fica-de-mal-com-voce\/\">Cachorro tamb\u00e9m tem sentimento? Ele fica de mal com voc\u00ea?<\/a><\/p>\n<h2 class=\"wp-block-heading\" id=\"h-voce-salvara-uma-vida\">Voc\u00ea salvar\u00e1 uma vida<\/h2>\n<p>Uma das raz\u00f5es mais nobres para adotar um c\u00e3ozinho vira-lata \u00e9 a oportunidade de salvar uma vida. Em abrigos de animais em todo o mundo, milh\u00f5es de c\u00e3es esperam ansiosamente por um lar amoroso. <\/p>\n<p>Muitos deles, infelizmente, enfrentam a eutan\u00e1sia devido \u00e0 superlota\u00e7\u00e3o. Ao escolher adotar um c\u00e3o de ra\u00e7a mista, voc\u00ea est\u00e1 dando a um animal abandonado uma segunda chance na vida. \u00c9 um ato de compaix\u00e3o que faz uma diferen\u00e7a real no mundo.<\/p>\n<h2 class=\"wp-block-heading\" id=\"h-tendem-a-viver-mais-do-que-caes-de-raca-pura\">Tendem a viver mais do que c\u00e3es de ra\u00e7a pura<\/h2>\n<p>Uma descoberta interessante \u00e9 que c\u00e3es de ra\u00e7a mista geralmente t\u00eam uma expectativa de vida mais longa em compara\u00e7\u00e3o com c\u00e3es de ra\u00e7a pura. <\/p>\n<p>Isso ocorre porque a diversidade gen\u00e9tica nas ra\u00e7as mistas os torna menos propensos a problemas de sa\u00fade heredit\u00e1rios. Portanto, ao adotar um vira-lata, voc\u00ea pode esperar compartilhar mais anos de felicidade com seu companheiro peludo.<\/p>\n<h2 class=\"wp-block-heading\" id=\"h-racas-mistas-sao-unicas-de-se-observar\">Ra\u00e7as mistas s\u00e3o \u00fanicas de se observar<\/h2>\n<p>Cada c\u00e3o de ra\u00e7a mista \u00e9 verdadeiramente \u00fanico. Sua apar\u00eancia, personalidade e comportamento s\u00e3o uma mistura das ra\u00e7as que comp\u00f5em sua linhagem.<\/p>\n<p>Isso significa que voc\u00ea ter\u00e1 um amigo de quatro patas com caracter\u00edsticas distintas que podem surpreend\u00ea-lo e encant\u00e1-lo todos os dias. N\u00e3o h\u00e1 dois c\u00e3es vira-latas iguais, tornando a experi\u00eancia de ser dono de um deles extraordin\u00e1ria.<\/p>\n<h2 class=\"wp-block-heading\" id=\"h-aumente-a-conscientizacao-sobre-caes-de-abrigo\">Aumente a conscientiza\u00e7\u00e3o sobre c\u00e3es de abrigo<\/h2>\n<p>Adotar um c\u00e3ozinho vira-lata tamb\u00e9m contribui para aumentar a conscientiza\u00e7\u00e3o sobre a situa\u00e7\u00e3o dos c\u00e3es em abrigos. <\/p>\n<p>Quando as pessoas veem que voc\u00ea escolheu dar um lar a um c\u00e3o de abrigo, isso pode inspirar outros a fazerem o mesmo. A conscientiza\u00e7\u00e3o \u00e9 o primeiro passo para resolver o problema da superlota\u00e7\u00e3o e do abandono de animais.<\/p>\n<h2 class=\"wp-block-heading\" id=\"h-voce-ganhara-o-amigo-mais-leal\">Voc\u00ea ganhar\u00e1 o amigo mais leal<\/h2>\n<p>A lealdade \u00e9 uma qualidade inerente aos c\u00e3es, independentemente da ra\u00e7a. No entanto, os c\u00e3es vira-latas muitas vezes desenvolvem uma lealdade profunda e gratid\u00e3o por seus donos, uma vez que compreendem que foram resgatados. <\/p>\n<p>Voc\u00ea n\u00e3o apenas ter\u00e1 um amigo peludo, mas tamb\u00e9m um companheiro extremamente leal que estar\u00e1 ao seu lado em todos os momentos.<\/p>\n<p><strong>Leia +: <\/strong><a href=\"https:\/\/meuvalordigital.com.br\/7-sinais-que-indicam-que-seu-cachorro-e-feliz\/\">7 sinais que indicam que seu cachorro \u00e9 feliz<\/a><\/p>\n<h2 class=\"wp-block-heading\" id=\"h-facilidade-de-treinamento\">Facilidade de treinamento<\/h2>\n<p>Os c\u00e3es vira-latas s\u00e3o conhecidos por sua intelig\u00eancia e adaptabilidade. Isso torna o processo de treinamento mais f\u00e1cil e gratificante. <\/p>\n<p>Com paci\u00eancia, amor e treinamento consistente, seu c\u00e3ozinho vira-lata estar\u00e1 disposto a aprender truques e comandos que o tornar\u00e3o um membro bem-comportado da fam\u00edlia.<\/p>\n<h2 class=\"wp-block-heading\" id=\"h-diversidade-de-personalidade\">Diversidade de personalidade<\/h2>\n<p>Uma das caracter\u00edsticas mais fascinantes dos c\u00e3es de ra\u00e7a mista \u00e9 a diversidade de personalidade que eles podem exibir. Essa mistura de tra\u00e7os de diferentes ra\u00e7as resulta em c\u00e3es com temperamentos variados. <\/p>\n<p>Alguns podem ser en\u00e9rgicos e brincalh\u00f5es, enquanto outros podem ser calmos e afetuosos. A diversidade de personalidade significa que h\u00e1 um c\u00e3o vira-lata adequado para todos os tipos de propriet\u00e1rios.<\/p>\n<h2 class=\"wp-block-heading\" id=\"h-voce-melhorara-a-vida-do-cachorro\">Voc\u00ea melhorar\u00e1 a vida do cachorro<\/h2>\n<p>Quando voc\u00ea adota um c\u00e3o de abrigo, est\u00e1 mudando completamente a vida desse animal. Os c\u00e3es que passaram por dificuldades, abandono ou maus-tratos podem encontrar uma nova chance e uma vida repleta de amor e cuidado em sua casa. \u00c9 gratificante ver o progresso e a felicidade que voc\u00ea pode proporcionar a um c\u00e3ozinho vira-lata.<\/p>\n<h2 class=\"wp-block-heading\" id=\"h-voce-pode-encontrar-um-cachorro-que-se-adapte-ao-seu-estilo-de-vida\">Voc\u00ea pode encontrar um cachorro que se adapte ao seu estilo de vida<\/h2>\n<p>Independentemente de voc\u00ea ter uma vida agitada na cidade ou preferir um ambiente mais tranquilo no campo, h\u00e1 um c\u00e3ozinho vira-lata esperando por voc\u00ea. <\/p>\n<p>Abrigos de animais geralmente t\u00eam uma grande variedade de c\u00e3es de ra\u00e7a mista, com diferentes n\u00edveis de energia e necessidades. Isso facilita encontrar um companheiro peludo que se adapte ao seu estilo de vida e \u00e0s suas prefer\u00eancias.<\/p>\n<h2 class=\"wp-block-heading\" id=\"h-racas-mistas-tendem-a-ser-descontraidas\">Ra\u00e7as mistas tendem a ser descontra\u00eddas<\/h2>\n<p>Por \u00faltimo, mas n\u00e3o menos importante, muitos c\u00e3es vira-latas t\u00eam personalidades descontra\u00eddas e uma abordagem relaxada da vida. <\/p>\n<p>Eles s\u00e3o frequentemente menos suscet\u00edveis a comportamentos obsessivos ou nervosismo. Se voc\u00ea procura um amigo peludo que o ajude a manter a calma em meio ao estresse da vida cotidiana, um c\u00e3ozinho vira-lata pode ser a escolha perfeita.<\/p>\n<\/div>\n<p><br \/>\n<br \/><a href=\"https:\/\/meuvalordigital.com.br\/10-motivos-para-voce-adotar-um-caozinho-vira-lata\/\">Source link <\/a><\/p>\n<!-- CONTENT END 1 -->\n","protected":false},"excerpt":{"rendered":"<p>Em meio aos n\u00fameros alarmantes de animais abandonados nas ruas do Brasil, 2022 registrou um cen\u00e1rio desolador com cerca de 30 milh\u00f5es de animais sem&#8230;<\/p>\n","protected":false},"author":1,"featured_media":16195,"comment_status":"open","ping_status":"open","sticky":false,"template":"","format":"standard","meta":{"advanced_seo_description":"","jetpack_seo_html_title":"","jetpack_seo_noindex":false,"jetpack_post_was_ever_published":false,"_jetpack_newsletter_access":"","_jetpack_dont_email_post_to_subs":false,"_jetpack_newsletter_tier_id":0,"_jetpack_memberships_contains_paywalled_content":false,"_jetpack_memberships_contains_paid_content":false,"footnotes":"","jetpack_publicize_message":"","jetpack_publicize_feature_enabled":true,"jetpack_social_post_already_shared":true,"jetpack_social_options":{"image_generator_settings":{"template":"highway","default_image_id":0,"font":"","enabled":false},"version":2}},"categories":[7],"tags":[],"class_list":["post-16194","post","type-post","status-publish","format-standard","has-post-thumbnail","hentry","category-vagas-de-empregos-em-ribeirao-preto-regiao-brasil"],"jetpack_publicize_connections":[],"jetpack_featured_media_url":"https:\/\/i0.wp.com\/noticiasribeiraopreto.com.br\/wp-content\/uploads\/2023\/12\/Vira-Lata.jpg?fit=1242%2C800&ssl=1","jetpack-related-posts":[{"id":29614,"url":"https:\/\/noticiasribeiraopreto.com.br\/index.php\/2024\/01\/18\/ribeirao-tem-a-1o-feira-de-adocao-de-animais-do-ano-neste-sabado-veja-como-adotar\/","url_meta":{"origin":16194,"position":0},"title":"Ribeir\u00e3o tem a 1\u00ba Feira de Ado\u00e7\u00e3o de Animais do ano neste s\u00e1bado; Veja como adotar","author":"noticiasribeiraopreto.com.br","date":"18 de January de 2024","format":false,"excerpt":"A Divis\u00e3o de Bem-Estar Animal (DBEA) de Ribeir\u00e3o Preto realiza neste s\u00e1bado (20), a primeira feira de ado\u00e7\u00e3o de c\u00e3es e gatos do ano. O evento acontece das 9h \u00e0s 14h, na sede da divis\u00e3o, avenida Eduardo Andrea Matarazzo (Via Norte), n\u00ba4255. De acordo com a divis\u00e3o, ligada a Secretaria\u2026","rel":"","context":"In &quot;Not\u00edcias de Ribeir\u00e3o Preto-SP e Regi\u00e3o&quot;","block_context":{"text":"Not\u00edcias de Ribeir\u00e3o Preto-SP e Regi\u00e3o","link":"https:\/\/noticiasribeiraopreto.com.br\/index.php\/category\/noticias-de-ribeirao-preto-sp-e-regiao-ismael-colosi\/"},"img":{"alt_text":"","src":"https:\/\/i0.wp.com\/noticiasribeiraopreto.com.br\/wp-content\/uploads\/2024\/01\/adocao_dbea_-_foto_fernando_gonzaga_11.jpg?fit=1200%2C800&ssl=1&resize=350%2C200","width":350,"height":200,"srcset":"https:\/\/i0.wp.com\/noticiasribeiraopreto.com.br\/wp-content\/uploads\/2024\/01\/adocao_dbea_-_foto_fernando_gonzaga_11.jpg?fit=1200%2C800&ssl=1&resize=350%2C200 1x, https:\/\/i0.wp.com\/noticiasribeiraopreto.com.br\/wp-content\/uploads\/2024\/01\/adocao_dbea_-_foto_fernando_gonzaga_11.jpg?fit=1200%2C800&ssl=1&resize=525%2C300 1.5x, https:\/\/i0.wp.com\/noticiasribeiraopreto.com.br\/wp-content\/uploads\/2024\/01\/adocao_dbea_-_foto_fernando_gonzaga_11.jpg?fit=1200%2C800&ssl=1&resize=700%2C400 2x, https:\/\/i0.wp.com\/noticiasribeiraopreto.com.br\/wp-content\/uploads\/2024\/01\/adocao_dbea_-_foto_fernando_gonzaga_11.jpg?fit=1200%2C800&ssl=1&resize=1050%2C600 3x"},"classes":[]},{"id":65925,"url":"https:\/\/noticiasribeiraopreto.com.br\/index.php\/2025\/03\/25\/jornal-da-franca-campanha-para-caramelo-ser-reconhecido-como-raca-de-cachorro-cresce-no-brasil\/","url_meta":{"origin":16194,"position":1},"title":"Jornal da Franca &#8211; Campanha para \u201cCaramelo\u201d ser reconhecido como ra\u00e7a de cachorro cresce no Brasil","author":"noticiasribeiraopreto.com.br","date":"25 de March de 2025","format":false,"excerpt":"compartilhar no whatsapp compartilhar no telegram compartilhar no facebook compartilhar no linkedin Uma pesquisa gen\u00e9tica com 350 c\u00e3es est\u00e1 sendo feita, visando identificar caracter\u00edsticas f\u00edsicas, gen\u00e9ticas e at\u00e9 de sa\u00fade desses animais. Uma campanha rec\u00e9m lan\u00e7ada quer reconhecer o vira-lata \u201cCaramelo\u201d, patrim\u00f4nio do Brasil, como uma ra\u00e7a oficial. A iniciativa\u2026","rel":"","context":"In &quot;Not\u00edcias de Franca-SP&quot;","block_context":{"text":"Not\u00edcias de Franca-SP","link":"https:\/\/noticiasribeiraopreto.com.br\/index.php\/category\/noticias-de-ribeirao-preto-sp-e-regiao-ismael-colosi\/noticias-franca-sp\/"},"img":{"alt_text":"","src":"https:\/\/i0.wp.com\/noticiasribeiraopreto.com.br\/wp-content\/uploads\/2025\/03\/31128.jpg?fit=1000%2C667&ssl=1&resize=350%2C200","width":350,"height":200,"srcset":"https:\/\/i0.wp.com\/noticiasribeiraopreto.com.br\/wp-content\/uploads\/2025\/03\/31128.jpg?fit=1000%2C667&ssl=1&resize=350%2C200 1x, https:\/\/i0.wp.com\/noticiasribeiraopreto.com.br\/wp-content\/uploads\/2025\/03\/31128.jpg?fit=1000%2C667&ssl=1&resize=525%2C300 1.5x, https:\/\/i0.wp.com\/noticiasribeiraopreto.com.br\/wp-content\/uploads\/2025\/03\/31128.jpg?fit=1000%2C667&ssl=1&resize=700%2C400 2x"},"classes":[]},{"id":81893,"url":"https:\/\/noticiasribeiraopreto.com.br\/index.php\/2026\/01\/29\/vira-lata-caramelo-passa-a-ser-reconhecido-como-expressao-cultural-de-sp\/","url_meta":{"origin":16194,"position":2},"title":"&#8216;Vira-Lata Caramelo&#8217; passa a ser reconhecido como express\u00e3o cultural de SP","author":"noticiasribeiraopreto.com.br","date":"29 de January de 2026","format":false,"excerpt":"O governador de S\u00e3o Paulo, Tarc\u00edsio de Freitas (REP), sancionou a lei 18.389\/2026, de autoria do deputado estadual Rafael Saraiva (Uni\u00e3o), que reconhece a express\u00e3o cultural \u201cVira-Lata Caramelo\u201d como de relevante interesse cultural do Estado de S\u00e3o Paulo. A san\u00e7\u00e3o foi publicada no Di\u00e1rio Oficial do Estado. Com a nova\u2026","rel":"","context":"In &quot;Not\u00edcias de Ribeir\u00e3o Preto-SP e Regi\u00e3o&quot;","block_context":{"text":"Not\u00edcias de Ribeir\u00e3o Preto-SP e Regi\u00e3o","link":"https:\/\/noticiasribeiraopreto.com.br\/index.php\/category\/noticias-de-ribeirao-preto-sp-e-regiao-ismael-colosi\/"},"img":{"alt_text":"","src":"https:\/\/i0.wp.com\/noticiasribeiraopreto.com.br\/wp-content\/uploads\/2026\/01\/vira-lata-caraamelo_2026-01-28_17-54-53.webp.webp?fit=1200%2C768&ssl=1&resize=350%2C200","width":350,"height":200,"srcset":"https:\/\/i0.wp.com\/noticiasribeiraopreto.com.br\/wp-content\/uploads\/2026\/01\/vira-lata-caraamelo_2026-01-28_17-54-53.webp.webp?fit=1200%2C768&ssl=1&resize=350%2C200 1x, https:\/\/i0.wp.com\/noticiasribeiraopreto.com.br\/wp-content\/uploads\/2026\/01\/vira-lata-caraamelo_2026-01-28_17-54-53.webp.webp?fit=1200%2C768&ssl=1&resize=525%2C300 1.5x, https:\/\/i0.wp.com\/noticiasribeiraopreto.com.br\/wp-content\/uploads\/2026\/01\/vira-lata-caraamelo_2026-01-28_17-54-53.webp.webp?fit=1200%2C768&ssl=1&resize=700%2C400 2x, https:\/\/i0.wp.com\/noticiasribeiraopreto.com.br\/wp-content\/uploads\/2026\/01\/vira-lata-caraamelo_2026-01-28_17-54-53.webp.webp?fit=1200%2C768&ssl=1&resize=1050%2C600 3x"},"classes":[]},{"id":1240,"url":"https:\/\/noticiasribeiraopreto.com.br\/index.php\/2023\/11\/11\/feira-de-adocao-de-animais-acontece-neste-sabado-11\/","url_meta":{"origin":16194,"position":3},"title":"Feira de ado\u00e7\u00e3o de animais acontece neste s\u00e1bado, 11","author":"noticiasribeiraopreto.com.br","date":"11 de November de 2023","format":false,"excerpt":"11 de novembro de 2023 | 9:0310 de novembro de 2023 | 17:09 0A Divis\u00e3o de Bem-Estar Animal, ligada a Secretaria de Meio Ambiente realiza neste s\u00e1bado, 11, das 9h \u00e0s 14h, um evento de ado\u00e7\u00e3o. S\u00e3o mais de 100 c\u00e3es de todas as idades e portes aguardando uma nova\u2026","rel":"","context":"In &quot;Not\u00edcias de Ribeir\u00e3o Preto-SP e Regi\u00e3o&quot;","block_context":{"text":"Not\u00edcias de Ribeir\u00e3o Preto-SP e Regi\u00e3o","link":"https:\/\/noticiasribeiraopreto.com.br\/index.php\/category\/noticias-de-ribeirao-preto-sp-e-regiao-ismael-colosi\/"},"img":{"alt_text":"","src":"https:\/\/i0.wp.com\/noticiasribeiraopreto.com.br\/wp-content\/uploads\/2023\/11\/adocao-animais.jpeg?fit=809%2C607&ssl=1&resize=350%2C200","width":350,"height":200,"srcset":"https:\/\/i0.wp.com\/noticiasribeiraopreto.com.br\/wp-content\/uploads\/2023\/11\/adocao-animais.jpeg?fit=809%2C607&ssl=1&resize=350%2C200 1x, https:\/\/i0.wp.com\/noticiasribeiraopreto.com.br\/wp-content\/uploads\/2023\/11\/adocao-animais.jpeg?fit=809%2C607&ssl=1&resize=525%2C300 1.5x, https:\/\/i0.wp.com\/noticiasribeiraopreto.com.br\/wp-content\/uploads\/2023\/11\/adocao-animais.jpeg?fit=809%2C607&ssl=1&resize=700%2C400 2x"},"classes":[]},{"id":42318,"url":"https:\/\/noticiasribeiraopreto.com.br\/index.php\/2024\/03\/13\/ribeirao-preto-tem-novo-evento-para-adocao-de-caes-e-gatos-veja-onde\/","url_meta":{"origin":16194,"position":4},"title":"Ribeir\u00e3o Preto tem novo evento para ado\u00e7\u00e3o de c\u00e3es e gatos; Veja onde","author":"noticiasribeiraopreto.com.br","date":"13 de March de 2024","format":false,"excerpt":"Ribeir\u00e3o Preto ter\u00e1 um novo evento de ado\u00e7\u00e3o de c\u00e3es e gatos, neste s\u00e1bado (16), das 09h \u00e0s 14h, na sede da Divis\u00e3o de Bem-Estar Animal (DBEA), localizada na avenida Eduardo Andrea Matarazzo (Via Norte), n\u00ba4255. De acordo com o comunicado da Prefeitura, entre filhotes e adultos, existem mais de\u2026","rel":"","context":"In &quot;Not\u00edcias de Ribeir\u00e3o Preto-SP e Regi\u00e3o&quot;","block_context":{"text":"Not\u00edcias de Ribeir\u00e3o Preto-SP e Regi\u00e3o","link":"https:\/\/noticiasribeiraopreto.com.br\/index.php\/category\/noticias-de-ribeirao-preto-sp-e-regiao-ismael-colosi\/"},"img":{"alt_text":"","src":"https:\/\/i0.wp.com\/noticiasribeiraopreto.com.br\/wp-content\/uploads\/2024\/03\/AnyConv.com__Copia-de-Copia-de-TAMANHO-EXATO-PARA-FOTOS-NO-SISTEMA-NOVO-73.webp.webp?fit=1200%2C675&ssl=1&resize=350%2C200","width":350,"height":200,"srcset":"https:\/\/i0.wp.com\/noticiasribeiraopreto.com.br\/wp-content\/uploads\/2024\/03\/AnyConv.com__Copia-de-Copia-de-TAMANHO-EXATO-PARA-FOTOS-NO-SISTEMA-NOVO-73.webp.webp?fit=1200%2C675&ssl=1&resize=350%2C200 1x, https:\/\/i0.wp.com\/noticiasribeiraopreto.com.br\/wp-content\/uploads\/2024\/03\/AnyConv.com__Copia-de-Copia-de-TAMANHO-EXATO-PARA-FOTOS-NO-SISTEMA-NOVO-73.webp.webp?fit=1200%2C675&ssl=1&resize=525%2C300 1.5x, https:\/\/i0.wp.com\/noticiasribeiraopreto.com.br\/wp-content\/uploads\/2024\/03\/AnyConv.com__Copia-de-Copia-de-TAMANHO-EXATO-PARA-FOTOS-NO-SISTEMA-NOVO-73.webp.webp?fit=1200%2C675&ssl=1&resize=700%2C400 2x, https:\/\/i0.wp.com\/noticiasribeiraopreto.com.br\/wp-content\/uploads\/2024\/03\/AnyConv.com__Copia-de-Copia-de-TAMANHO-EXATO-PARA-FOTOS-NO-SISTEMA-NOVO-73.webp.webp?fit=1200%2C675&ssl=1&resize=1050%2C600 3x"},"classes":[]},{"id":67402,"url":"https:\/\/noticiasribeiraopreto.com.br\/index.php\/2025\/04\/13\/jornal-da-franca-tutora-instala-camera-para-ver-o-que-seu-pet-faz-em-casa-e-fica-de-coracao-partido\/","url_meta":{"origin":16194,"position":5},"title":"Jornal da Franca &#8211; Tutora instala c\u00e2mera para ver o que seu pet faz em casa: e fica de cora\u00e7\u00e3o partido","author":"noticiasribeiraopreto.com.br","date":"13 de April de 2025","format":false,"excerpt":"compartilhar no whatsapp compartilhar no telegram compartilhar no facebook compartilhar no linkedin Para quem tem um pet em casa fica o lembrete: muitas vezes, basta a sua presen\u00e7a para que o dia deles possa ser completo. Quem convive com animais sabe que eles sentem nossa falta de maneira intensa e,\u2026","rel":"","context":"In &quot;Not\u00edcias de Franca-SP&quot;","block_context":{"text":"Not\u00edcias de Franca-SP","link":"https:\/\/noticiasribeiraopreto.com.br\/index.php\/category\/noticias-de-ribeirao-preto-sp-e-regiao-ismael-colosi\/noticias-franca-sp\/"},"img":{"alt_text":"","src":"https:\/\/i0.wp.com\/noticiasribeiraopreto.com.br\/wp-content\/uploads\/2025\/04\/essa-2.jpg?fit=1029%2C640&ssl=1&resize=350%2C200","width":350,"height":200,"srcset":"https:\/\/i0.wp.com\/noticiasribeiraopreto.com.br\/wp-content\/uploads\/2025\/04\/essa-2.jpg?fit=1029%2C640&ssl=1&resize=350%2C200 1x, https:\/\/i0.wp.com\/noticiasribeiraopreto.com.br\/wp-content\/uploads\/2025\/04\/essa-2.jpg?fit=1029%2C640&ssl=1&resize=525%2C300 1.5x, https:\/\/i0.wp.com\/noticiasribeiraopreto.com.br\/wp-content\/uploads\/2025\/04\/essa-2.jpg?fit=1029%2C640&ssl=1&resize=700%2C400 2x"},"classes":[]}],"jetpack_sharing_enabled":true,"jetpack_shortlink":"https:\/\/wp.me\/peQAOb-4dc","_links":{"self":[{"href":"https:\/\/noticiasribeiraopreto.com.br\/index.php\/wp-json\/wp\/v2\/posts\/16194","targetHints":{"allow":["GET"]}}],"collection":[{"href":"https:\/\/noticiasribeiraopreto.com.br\/index.php\/wp-json\/wp\/v2\/posts"}],"about":[{"href":"https:\/\/noticiasribeiraopreto.com.br\/index.php\/wp-json\/wp\/v2\/types\/post"}],"author":[{"embeddable":true,"href":"https:\/\/noticiasribeiraopreto.com.br\/index.php\/wp-json\/wp\/v2\/users\/1"}],"replies":[{"embeddable":true,"href":"https:\/\/noticiasribeiraopreto.com.br\/index.php\/wp-json\/wp\/v2\/comments?post=16194"}],"version-history":[{"count":0,"href":"https:\/\/noticiasribeiraopreto.com.br\/index.php\/wp-json\/wp\/v2\/posts\/16194\/revisions"}],"wp:featuredmedia":[{"embeddable":true,"href":"https:\/\/noticiasribeiraopreto.com.br\/index.php\/wp-json\/wp\/v2\/media\/16195"}],"wp:attachment":[{"href":"https:\/\/noticiasribeiraopreto.com.br\/index.php\/wp-json\/wp\/v2\/media?parent=16194"}],"wp:term":[{"taxonomy":"category","embeddable":true,"href":"https:\/\/noticiasribeiraopreto.com.br\/index.php\/wp-json\/wp\/v2\/categories?post=16194"},{"taxonomy":"post_tag","embeddable":true,"href":"https:\/\/noticiasribeiraopreto.com.br\/index.php\/wp-json\/wp\/v2\/tags?post=16194"}],"curies":[{"name":"wp","href":"https:\/\/api.w.org\/{rel}","templated":true}]}}