{"id":16210,"date":"2023-12-15T07:11:30","date_gmt":"2023-12-15T10:11:30","guid":{"rendered":"https:\/\/noticiasribeiraopreto.com.br\/index.php\/2023\/12\/15\/o-que-voce-precisa-saber-sobre-a-doenca\/"},"modified":"2023-12-15T07:11:30","modified_gmt":"2023-12-15T10:11:30","slug":"o-que-voce-precisa-saber-sobre-a-doenca","status":"publish","type":"post","link":"https:\/\/noticiasribeiraopreto.com.br\/index.php\/2023\/12\/15\/o-que-voce-precisa-saber-sobre-a-doenca\/","title":{"rendered":"o que voc\u00ea precisa saber sobre a doen\u00e7a"},"content":{"rendered":"<div class='code-block code-block-1' style='margin: 8px 0 8px auto; text-align: right; display: block; clear: both;'>\n<p><a href=\"https:\/\/wa.link\/vpicfd\"><img data-recalc-dims=\"1\" class=\"wp-image-4922\" style=\"aspect-ratio: 2.0253164556962027; width: 561px; height: auto;\" src=\"https:\/\/i0.wp.com\/ismaelcolosi.com.br\/wp-content\/uploads\/2023\/11\/grupo-de-empregos-whatsapp-e-facebook-ismael-colosi-vagas.jpg?ssl=1\" alt=\"\" \/><\/a><\/p>\n<!-- \/wp:image -->\n<\/div>\n<p> <br \/>\n<\/p>\n<div>\n<div id=\"attachment_2326822\" class=\"wp-caption alignnone\">\n<div class=\"d-flex justify-content-center\" data-attachment-id=\"2326822\">\n<div class=\"position-relative d-inline-block\"><img data-recalc-dims=\"1\" data-portal-copyright=\"Getty Images\/iStockphoto\" fetchpriority=\"high\" decoding=\"async\" class=\"wp-image-2326822 size-full\" src=\"https:\/\/i0.wp.com\/catracalivre.com.br\/wp-content\/uploads\/2023\/12\/istock-1426197869.jpg?resize=1253%2C836&#038;ssl=1\" alt=\"Estima-se que, no Brasil, cerca de 40 mil pessoas vivem com a esclerose m\u00faltipla, segundo dados do Minist\u00e9rio da Sa\u00fade \u2013 iStock\/Getty Images\" width=\"1253\" height=\"836\" srcset=\"https:\/\/catracalivre.com.br\/wp-content\/uploads\/2023\/12\/istock-1426197869.jpg 1253w, https:\/\/catracalivre.com.br\/wp-content\/uploads\/2023\/12\/istock-1426197869-450x300.jpg 450w, https:\/\/catracalivre.com.br\/wp-content\/uploads\/2023\/12\/istock-1426197869-768x512.jpg 768w\" sizes=\"(max-width: 1253px) 100vw, 1253px\"\/><\/p>\n<p>Cr\u00e9ditos: Getty Images\/iStockphoto<\/p>\n<\/div>\n<\/div>\n<p><span class=\"post-imagem__legenda\">Estima-se que, no Brasil, cerca de 40 mil pessoas vivem com a esclerose m\u00faltipla, segundo dados do Minist\u00e9rio da Sa\u00fade \u2013 iStock\/Getty Images<\/span><\/p>\n<\/div>\n<p>Doen\u00e7a autoimune inflamat\u00f3ria cr\u00f4nica, a esclerose m\u00faltipla afeta o sistema nervoso central, provocando danifica\u00e7\u00e3o de nervos\u00a0 e forma\u00e7\u00e3o de tecido cicatricial. Por se tratar de duas condi\u00e7\u00f5es inerentes a uma s\u00e9rie de outras doen\u00e7as, isso faz da esclerose m\u00faltipla ser dif\u00edcil de se detectar.<\/p>\n<p>Segundo a literatura m\u00e9dica, o c\u00e9rebro e medula espinhal s\u00e3o compostos por nervos que enviam sinais el\u00e9tricos rapidamente para todas as \u00e1reas do seu corpo, o que nos permite andar, falar, ver, engolir, etc. Esses nervos s\u00e3o revestidos por uma bainha chamada <strong><a href=\"https:\/\/bvsms.saude.gov.br\/30-8-dia-nacional-de-conscientizacao-sobre-a-esclerose-multipla\/\" target=\"_blank\" rel=\"noopener\">mielina<\/a><\/strong>, que ajuda a transmitir os sinais.<\/p>\n<p>Quando ocorre a esclerose m\u00faltipla, h\u00e1 a destrui\u00e7\u00e3o da mielina porque. Isso acontece porque o <strong><a href=\"https:\/\/catracalivre.com.br\/saude-bem-estar\/este-traco-da-personalidade-esta-ligado-a-sistema-imunologico-forte\/\" target=\"_blank\" rel=\"noopener\">sistema imunol\u00f3gico<\/a><\/strong> estimula o corpo para atac\u00e1-la, causando cicatrizes \u2013 ou esclerose \u2013 e interrup\u00e7\u00e3o do sinal. N\u00e3o por acaso, pessoas diagnosticadas com a doen\u00e7a apresentam uma variedade de sintomas diferentes, dependendo de quais sinais s\u00e3o interrompidos.<\/p>\n<h2>O que saber sobre a esclerose m\u00faltipla<\/h2>\n<p>Perda de vis\u00e3o, redu\u00e7\u00e3o ou perda de movimentos dos membros, dores musculares, sensa\u00e7\u00e3o de dorm\u00eancia ou formigamento, disfun\u00e7\u00f5es da coordena\u00e7\u00e3o e do equil\u00edbrio, inflama\u00e7\u00e3o da medula espinhal (mielite), al\u00e9m de altera\u00e7\u00f5es cognitivas e comportamentais, s\u00e3o alguns dos sinais mais comuns da doen\u00e7a.<\/p>\n<p>Al\u00e9m disso, os pacientes podem apresentar tamb\u00e9m altera\u00e7\u00f5es ligadas \u00e0 fala e degluti\u00e7\u00e3o, fadiga e problemas no trato urin\u00e1rio e digestivo.<\/p>\n<p>Contudo, especialistas refor\u00e7am que, al\u00e9m da doen\u00e7a ser muito vari\u00e1vel, e nem todas as pessoas experimentarem o mesmo quadro, os sintomas podem surgir em surtos (exacerba\u00e7\u00f5es) ou progredir gradualmente ao longo do tempo.<\/p>\n<p>Se algu\u00e9m suspeitar que est\u00e1 vivenciando sintomas associados \u00e0 doen\u00e7a, \u00e9 importante procurar um m\u00e9dico para um diagn\u00f3stico adequado e tratamento apropriado. O diagn\u00f3stico precoce e o acompanhamento m\u00e9dico regular s\u00e3o cruciais para o manejo da doen\u00e7a.<\/p>\n<\/div>\n<p><script>\n\t\t! function(f, b, e, v, n, t, s) {\n\t\t\tif (f.fbq) return;\n\t\t\tn = f.fbq = function() {\n\t\t\t\tn.callMethod ?\n\t\t\t\t\tn.callMethod.apply(n, arguments) : n.queue.push(arguments)\n\t\t\t};\n\t\t\tif (!f._fbq) f._fbq = n;\n\t\t\tn.push = n;\n\t\t\tn.loaded = !0;\n\t\t\tn.version = '2.0';\n\t\t\tn.queue = [];\n\t\t\tt = b.createElement(e);\n\t\t\tt.async = !0;\n\t\t\tt.src = v;\n\t\t\ts = b.getElementsByTagName(e)[0];\n\t\t\ts.parentNode.insertBefore(t, s)\n\t\t}(window, document, 'script',\n\t\t\t'https:\/\/connect.facebook.net\/en_US\/fbevents.js');\n\t\tfbq('init', '338315473262380');\n\t\tfbq('track', 'PageView');\n\t<\/script><br \/>\n<br \/><br \/>\n<br \/><a href=\"https:\/\/catracalivre.com.br\/saude-bem-estar\/esclerose-multipla-o-que-voce-precisa-saber-sobre-a-doenca\/\">Source link <\/a><\/p>\n<!-- CONTENT END 1 -->\n","protected":false},"excerpt":{"rendered":"<p>Cr\u00e9ditos: Getty Images\/iStockphoto Estima-se que, no Brasil, cerca de 40 mil pessoas vivem com a esclerose m\u00faltipla, segundo dados do Minist\u00e9rio da Sa\u00fade \u2013 iStock\/Getty&#8230;<\/p>\n","protected":false},"author":1,"featured_media":16211,"comment_status":"open","ping_status":"open","sticky":false,"template":"","format":"standard","meta":{"advanced_seo_description":"","jetpack_seo_html_title":"","jetpack_seo_noindex":false,"jetpack_post_was_ever_published":false,"_jetpack_newsletter_access":"","_jetpack_dont_email_post_to_subs":false,"_jetpack_newsletter_tier_id":0,"_jetpack_memberships_contains_paywalled_content":false,"_jetpack_memberships_contains_paid_content":false,"footnotes":"","jetpack_publicize_message":"","jetpack_publicize_feature_enabled":true,"jetpack_social_post_already_shared":true,"jetpack_social_options":{"image_generator_settings":{"template":"highway","default_image_id":0,"font":"","enabled":false},"version":2}},"categories":[19],"tags":[],"class_list":["post-16210","post","type-post","status-publish","format-standard","has-post-thumbnail","hentry","category-variedades"],"jetpack_publicize_connections":[],"jetpack_featured_media_url":"https:\/\/i0.wp.com\/noticiasribeiraopreto.com.br\/wp-content\/uploads\/2023\/12\/istock-1426197869.jpg?fit=1200%2C638&ssl=1","jetpack-related-posts":[],"jetpack_sharing_enabled":true,"jetpack_shortlink":"https:\/\/wp.me\/peQAOb-4ds","_links":{"self":[{"href":"https:\/\/noticiasribeiraopreto.com.br\/index.php\/wp-json\/wp\/v2\/posts\/16210","targetHints":{"allow":["GET"]}}],"collection":[{"href":"https:\/\/noticiasribeiraopreto.com.br\/index.php\/wp-json\/wp\/v2\/posts"}],"about":[{"href":"https:\/\/noticiasribeiraopreto.com.br\/index.php\/wp-json\/wp\/v2\/types\/post"}],"author":[{"embeddable":true,"href":"https:\/\/noticiasribeiraopreto.com.br\/index.php\/wp-json\/wp\/v2\/users\/1"}],"replies":[{"embeddable":true,"href":"https:\/\/noticiasribeiraopreto.com.br\/index.php\/wp-json\/wp\/v2\/comments?post=16210"}],"version-history":[{"count":0,"href":"https:\/\/noticiasribeiraopreto.com.br\/index.php\/wp-json\/wp\/v2\/posts\/16210\/revisions"}],"wp:featuredmedia":[{"embeddable":true,"href":"https:\/\/noticiasribeiraopreto.com.br\/index.php\/wp-json\/wp\/v2\/media\/16211"}],"wp:attachment":[{"href":"https:\/\/noticiasribeiraopreto.com.br\/index.php\/wp-json\/wp\/v2\/media?parent=16210"}],"wp:term":[{"taxonomy":"category","embeddable":true,"href":"https:\/\/noticiasribeiraopreto.com.br\/index.php\/wp-json\/wp\/v2\/categories?post=16210"},{"taxonomy":"post_tag","embeddable":true,"href":"https:\/\/noticiasribeiraopreto.com.br\/index.php\/wp-json\/wp\/v2\/tags?post=16210"}],"curies":[{"name":"wp","href":"https:\/\/api.w.org\/{rel}","templated":true}]}}