{"id":16212,"date":"2023-12-15T07:17:37","date_gmt":"2023-12-15T10:17:37","guid":{"rendered":"https:\/\/noticiasribeiraopreto.com.br\/index.php\/2023\/12\/15\/acionistas-da-eneti-apoiam-fusao-da-cadeler-eneti-news-noticias-de-energia-renovavel\/"},"modified":"2023-12-15T07:17:37","modified_gmt":"2023-12-15T10:17:37","slug":"acionistas-da-eneti-apoiam-fusao-da-cadeler-eneti-news-noticias-de-energia-renovavel","status":"publish","type":"post","link":"https:\/\/noticiasribeiraopreto.com.br\/index.php\/2023\/12\/15\/acionistas-da-eneti-apoiam-fusao-da-cadeler-eneti-news-noticias-de-energia-renovavel\/","title":{"rendered":"Acionistas da Eneti apoiam fus\u00e3o da Cadeler &#8211; Eneti News &#8211; Not\u00edcias de Energia Renov\u00e1vel"},"content":{"rendered":"<div class='code-block code-block-1' style='margin: 8px 0 8px auto; text-align: right; display: block; clear: both;'>\n<p><a href=\"https:\/\/wa.link\/vpicfd\"><img data-recalc-dims=\"1\" class=\"wp-image-4922\" style=\"aspect-ratio: 2.0253164556962027; width: 561px; height: auto;\" src=\"https:\/\/i0.wp.com\/ismaelcolosi.com.br\/wp-content\/uploads\/2023\/11\/grupo-de-empregos-whatsapp-e-facebook-ismael-colosi-vagas.jpg?ssl=1\" alt=\"\" \/><\/a><\/p>\n<!-- \/wp:image -->\n<\/div>\n<p> <br \/>\n<\/p>\n<div>\n<figure><picture><source srcset=\"https:\/\/clickpetroleoegas.com.br\/wp-content\/uploads\/2023\/12\/acionistas-da-eneti-apoiam-fusao-da-cadeler-eneti-news-noticias-de-energia-renovavel.jpg.webp 800w, https:\/\/clickpetroleoegas.com.br\/wp-content\/uploads\/2023\/12\/acionistas-da-eneti-apoiam-fusao-da-cadeler-eneti-news-noticias-de-energia-renovavel-768x432.jpg.webp 768w, https:\/\/clickpetroleoegas.com.br\/wp-content\/uploads\/2023\/12\/acionistas-da-eneti-apoiam-fusao-da-cadeler-eneti-news-noticias-de-energia-renovavel-150x84.jpg.webp 150w\" sizes=\"(max-width: 800px) 100vw, 800px\" type=\"image\/webp\"><img data-recalc-dims=\"1\" loading=\"lazy\" width=\"800\" height=\"450\" src=\"https:\/\/i0.wp.com\/clickpetroleoegas.com.br\/wp-content\/uploads\/2023\/12\/acionistas-da-eneti-apoiam-fusao-da-cadeler-eneti-news-noticias-de-energia-renovavel.jpg?resize=800%2C450&#038;ssl=1\" class=\"fdnw-post-thumbnail fdnw-first-card-thumbnail wp-post-image\" alt=\"combina\u00e7\u00e3o, jun\u00e7\u00e3o, uni\u00e3o\" decoding=\"async\" srcset=\"https:\/\/clickpetroleoegas.com.br\/wp-content\/uploads\/2023\/12\/acionistas-da-eneti-apoiam-fusao-da-cadeler-eneti-news-noticias-de-energia-renovavel.jpg 800w, https:\/\/clickpetroleoegas.com.br\/wp-content\/uploads\/2023\/12\/acionistas-da-eneti-apoiam-fusao-da-cadeler-eneti-news-noticias-de-energia-renovavel-768x432.jpg 768w, https:\/\/clickpetroleoegas.com.br\/wp-content\/uploads\/2023\/12\/acionistas-da-eneti-apoiam-fusao-da-cadeler-eneti-news-noticias-de-energia-renovavel-150x84.jpg 150w\" sizes=\"auto, (max-width: 800px) 100vw, 800px\" data-eio=\"p\"\/><\/source><\/picture><figcaption class=\"fdnw-image-caption\">Acionistas da Eneti mostram forte apoio \u00e0 fus\u00e3o da Cadeler \u2013 FOTO: \u00a92023 Re News.Biz<\/figcaption><\/figure>\n<p>O CEO da Cadeler relatou que a jun\u00e7\u00e3o das empresas recebeu grande apoio, com uma forte maioria de acionistas da Eneti votando a favor da fus\u00e3o. O novo grupo resultante ser\u00e1 chamado de Cadeler e ter\u00e1 suas a\u00e7\u00f5es listadas na Bolsa de Valores de Nova York, al\u00e9m da listagem atual na Bolsa de Valores de Oslo. Mikkel Gleerup, executivo-chefe da Cadeler, expressou sua gratid\u00e3o pelo apoio dos acionistas, destacando a confian\u00e7a na vis\u00e3o e capacidades da empresa para impulsionar a <a href=\"https:\/\/clickpetroleoegas.com.br\/o-mapeamento-da-industria-de-oleo-e-gas-na-transicao-para-fontes-de-energia-renovavel\/\">transi\u00e7\u00e3o renov\u00e1vel.<\/a><\/p>\n<p>Essa uni\u00e3o ir\u00e1 fornecer aos clientes acesso a uma equipe extremamente qualificada e experiente, al\u00e9m de uma das maiores e mais modernas frotas de embarca\u00e7\u00f5es de instala\u00e7\u00e3o de parques e\u00f3licos do setor. Al\u00e9m disso, a Cadeler estar\u00e1 preparada para lidar com os maiores e mais complexos projetos de instala\u00e7\u00e3o e\u00f3lica offshore. Isso proporcionar\u00e1 aos clientes uma op\u00e7\u00e3o de flexibilidade robusta e um hist\u00f3rico operacional s\u00f3lido, tudo dentro de uma \u00fanica entidade: a Cadeler.<\/p>\n<p> <span class=\"fdnw-card-article-related\"> <span class=\"h4 fdnw-card-article-related-title\">Artigos recomendados<\/span> <\/span> <\/p>\n<h2 class=\"wp-block-heading\" id=\"h-resultados-preliminares-da-fusao-das-empresas\">Resultados preliminares da fus\u00e3o das empresas<\/h2>\n<p>Ap\u00f3s a combina\u00e7\u00e3o de for\u00e7as entre as duas empresas, os resultados preliminares indicam um <a href=\"https:\/\/clickpetroleoegas.com.br\/com-apoio-da-petrobras-novas-reservas-de-petroleo-na-bacia-potiguar-podem-ser-o-necessario-para-uma-forte-atracao-de-investimentos-para-o-setor-de-oleo-e-gas-do-rio-grande-do-norte\/\" target=\"_blank\" rel=\"noopener\">forte apoio<\/a> do <a href=\"https:\/\/clickpetroleoegas.com.br\/com-design-espetacular-e-tecnologia-avancada-o-novo-ford-focus-2024-entra-no-mercado-global-para-competir-com-os-lideres-da-categoria\/\" target=\"_blank\" rel=\"noopener\">mercado<\/a>. A fus\u00e3o das empresas resultou em uma uni\u00e3o de <a href=\"https:\/\/clickpetroleoegas.com.br\/agronegocio-pela-primeira-vez-em-20-anos-a-safra-de-verao-do-brasil-sera-maior-do-que-a-capacidade-de-armazens-a-previsao-acende-um-grande-alerta-para-o-deficit-de-silos-historico-que-tera-impacto\/\" target=\"_blank\" rel=\"noopener\">vis\u00e3o e capacidade<\/a>, criando uma <a href=\"https:\/\/clickpetroleoegas.com.br\/o-mapeamento-da-industria-de-oleo-e-gas-na-transicao-para-fontes-de-energia-renovavel\/\" target=\"_blank\" rel=\"noopener\">transi\u00e7\u00e3o renov\u00e1vel<\/a> para as <a href=\"https:\/\/pt.wikipedia.org\/wiki\/Classe_Nimitz\" target=\"_blank\" rel=\"noopener nofollow\" class=\"external\">frotas de embarca\u00e7\u00f5es<\/a>. Al\u00e9m disso, a <a href=\"https:\/\/clickpetroleoegas.com.br\/pas-gigantes-de-1155-metros-da-vestas-chegam-para-instalacao-na-turbina-eolica-mais-alta-e-poderosa-do-mundo-sendo-capaz-de-suportar-decadas-de-operacao-em-ambiente-offshore-agressivo\/\" target=\"_blank\" rel=\"noopener\">instala\u00e7\u00e3o e\u00f3lica offshore<\/a> mostrou um s\u00f3lido hist\u00f3rico operacional, com projetos de instala\u00e7\u00e3o e\u00f3lica de <a href=\"https:\/\/clickpetroleoegas.com.br\/congresso-sae-brasil-2023-discute-a-proxima-geracao-da-mobilidade\/\" target=\"_blank\" rel=\"noopener\">pr\u00f3xima gera\u00e7\u00e3o<\/a> em andamento.<\/p>\n<h2 class=\"wp-block-heading\" id=\"h-acoes-serao-listadas-apos-a-fusao\">A\u00e7\u00f5es ser\u00e3o listadas ap\u00f3s a fus\u00e3o<\/h2>\n<p>Ap\u00f3s a jun\u00e7\u00e3o das empresas, o executivo-chefe anunciou que as a\u00e7\u00f5es ser\u00e3o listadas em breve. A fus\u00e3o das empresas trouxe uma nova perspectiva para o mercado, com um s\u00f3lido hist\u00f3rico operacional e uma vis\u00e3o inovadora para o futuro. A uni\u00e3o das empresas mostrou-se promissora para o mercado de energia renov\u00e1vel.<\/p>\n<h2 class=\"wp-block-heading\" id=\"h-desenvolvimento-da-fusao-das-empresas\">Desenvolvimento da fus\u00e3o das empresas<\/h2>\n<p>O desenvolvimento da fus\u00e3o das empresas est\u00e1 avan\u00e7ando de forma positiva. A combina\u00e7\u00e3o de recursos e expertise resultou em uma forte capacidade de crescimento no mercado. Al\u00e9m disso, a uni\u00e3o das empresas est\u00e1 impulsionando a inova\u00e7\u00e3o em instala\u00e7\u00e3o e\u00f3lica offshore, abrindo novas oportunidades para o setor.<\/p>\n<h2 class=\"wp-block-heading\" id=\"h-impacto-da-fusao-no-mercado\">Impacto da fus\u00e3o no mercado<\/h2>\n<p>O impacto da fus\u00e3o das empresas no mercado \u00e9 significativo. A jun\u00e7\u00e3o das empresas est\u00e1 gerando uma mudan\u00e7a fundamental na ind\u00fastria de energia, mostrando uma vis\u00e3o promissora para o futuro. A uni\u00e3o das empresas est\u00e1 impulsionando o mercado de energia renov\u00e1vel para novos patamares.<\/p>\n<p>Fonte: <b>\u00a9 Re News.Biz<\/b><\/p>\n<div class=\"code-block code-block-10\" style=\"margin: 8px auto; text-align: center; display: block; clear: both;\">\n<hr class=\"wp-block-separator has-alpha-channel-opacity is-style-wide\"\/>\n<p>Voc\u00ea quer receber apenas not\u00edcias e vagas de emprego do seu interesse? A solu\u00e7\u00e3o chegou atrav\u00e9s do app <a href=\"https:\/\/play.google.com\/store\/apps\/details?id=com.clickpetroleoapp&amp;hl=pt&amp;gl=US\" class=\"external\" rel=\"nofollow noopener\" target=\"_blank\"><strong>CPG VAGAS E NOT\u00cdCIAS!<\/strong><\/a> Se voc\u00ea \u00e9 pintor, vai receber no seu celular apenas oportunidades neste cargo. E ser\u00e1 assim com pedreiro, t\u00e9cnico, engenheiro e etc\u2026.. N\u00e3o perca nada do que acontece no mercado de trabalho e econ\u00f4mico do Brasil, baixe agora o app <a href=\"https:\/\/play.google.com\/store\/apps\/details?id=com.clickpetroleoapp&amp;hl=pt&amp;gl=US\" class=\"external\" rel=\"nofollow noopener\" target=\"_blank\">CPG VAGAS E NOT\u00cdCIAS, dispon\u00edvel para Android e IOS!<\/a><\/p>\n<figure class=\"wp-block-image aligncenter size-full\"><a href=\"https:\/\/play.google.com\/store\/apps\/details?id=com.clickpetroleoapp&amp;hl=pt&amp;gl=US\" target=\"_blank\" rel=\"noreferrer noopener nofollow\" class=\"external\"><img data-recalc-dims=\"1\" decoding=\"async\" width=\"1280\" height=\"387\" alt=\"APP CPG VAGAS E NOT\u00cdCIAS\" class=\"wp-image-105306 ewww_webp_lazy_load lazy\" src=\"https:\/\/i0.wp.com\/clickpetroleoegas.com.br\/wp-content\/uploads\/2023\/09\/Aplicativo-de-vagas-de-empregos-e-noticias-da-sua-regiao.jpg.webp?resize=1280%2C387&#038;ssl=1\" loading=\"lazy\"\/><noscript><img data-recalc-dims=\"1\" loading=\"lazy\" decoding=\"async\" width=\"1280\" height=\"387\" alt=\"APP CPG VAGAS E NOT\u00cdCIAS\" class=\"wp-image-105306 ewww_webp_lazy_load\" src=\"https:\/\/i0.wp.com\/clickpetroleoegas.com.br\/wp-content\/uploads\/2023\/09\/Aplicativo-de-vagas-de-empregos-e-noticias-da-sua-regiao.jpg.webp?resize=1280%2C387&#038;ssl=1\"\/><\/noscript><noscript><img data-recalc-dims=\"1\" loading=\"lazy\" decoding=\"async\" width=\"1280\" height=\"387\" src=\"https:\/\/i0.wp.com\/clickpetroleoegas.com.br\/wp-content\/uploads\/2023\/09\/Aplicativo-de-vagas-de-empregos-e-noticias-da-sua-regiao.jpg?resize=1280%2C387&#038;ssl=1\" alt=\"APP CPG VAGAS E NOT\u00cdCIAS\" class=\"wp-image-105306\"\/><\/noscript><\/a><\/figure>\n<\/p><\/div>\n<\/p><\/div>\n<p><script type=\"text\/plain\" data-service=\"facebook\" data-category=\"marketing\">\n!function(f,b,e,v,n,t,s)\n{if(f.fbq)return;n=f.fbq=function(){n.callMethod?\nn.callMethod.apply(n,arguments):n.queue.push(arguments)};\nif(!f._fbq)f._fbq=n;n.push=n;n.loaded=!0;n.version='2.0';\nn.queue=[];t=b.createElement(e);t.async=!0;\nt.src=v;s=b.getElementsByTagName(e)[0];\ns.parentNode.insertBefore(t,s)}(window, document,'script',\n'https:\/\/connect.facebook.net\/en_US\/fbevents.js');\nfbq('init', '5536651029690406');\nfbq('track', 'PageView');\n<\/script><script type=\"text\/plain\" data-service=\"facebook\" data-category=\"marketing\" async defer crossorigin=\"anonymous\" data-rocket-data-cmplz-src=\"https:\/\/connect.facebook.net\/en_US\/sdk.js#xfbml=1&#038;version=v12.0&amp;appId=1127332727839552&#038;autoLogAppEvents=1\">\n<\/script><br \/>\n<br \/><br \/>\n<br \/><a href=\"https:\/\/ismaelcolosi.com.br\/acionistas-da-eneti-apoiam-fusao-da-cadeler-eneti-news-noticias-de-energia-renovavel\/\">Source link <\/a><\/p>\n<!-- CONTENT END 1 -->\n","protected":false},"excerpt":{"rendered":"<p>Acionistas da Eneti mostram forte apoio \u00e0 fus\u00e3o da Cadeler \u2013 FOTO: \u00a92023 Re News.Biz O CEO da Cadeler relatou que a jun\u00e7\u00e3o das empresas&#8230;<\/p>\n","protected":false},"author":1,"featured_media":16213,"comment_status":"open","ping_status":"open","sticky":false,"template":"","format":"standard","meta":{"advanced_seo_description":"","jetpack_seo_html_title":"","jetpack_seo_noindex":false,"jetpack_post_was_ever_published":false,"_jetpack_newsletter_access":"","_jetpack_dont_email_post_to_subs":false,"_jetpack_newsletter_tier_id":0,"_jetpack_memberships_contains_paywalled_content":false,"_jetpack_memberships_contains_paid_content":false,"footnotes":"","jetpack_publicize_message":"","jetpack_publicize_feature_enabled":true,"jetpack_social_post_already_shared":true,"jetpack_social_options":{"image_generator_settings":{"template":"highway","default_image_id":0,"font":"","enabled":false},"version":2}},"categories":[7],"tags":[],"class_list":["post-16212","post","type-post","status-publish","format-standard","has-post-thumbnail","hentry","category-vagas-de-empregos-em-ribeirao-preto-regiao-brasil"],"jetpack_publicize_connections":[],"jetpack_featured_media_url":"https:\/\/i0.wp.com\/noticiasribeiraopreto.com.br\/wp-content\/uploads\/2023\/12\/acionistas-da-eneti-apoiam-fusao-da-cadeler-eneti-news-noticias-de-energia-renovavel.jpg?fit=800%2C450&ssl=1","jetpack-related-posts":[{"id":23356,"url":"https:\/\/noticiasribeiraopreto.com.br\/index.php\/2024\/01\/02\/a-neoen-amplia-sua-presenca-na-italia-com-a-conquista-do-trio-solar-renews-renewable-energy-news\/","url_meta":{"origin":16212,"position":0},"title":"A Neoen amplia sua presen\u00e7a na It\u00e1lia com a conquista do trio solar &#8211; reNews &#8211; Renewable Energy News","author":"noticiasribeiraopreto.com.br","date":"2 de January de 2024","format":false,"excerpt":"A expans\u00e3o da Neoen na It\u00e1lia \u2013 FOTO: \u00a92024 Re News.Biz A empresa de energia renov\u00e1vel francesa, Neoen, deu in\u00edcio \u00e0 constru\u00e7\u00e3o dos seus primeiros tr\u00eas projetos de energia renov\u00e1vel na It\u00e1lia. Esses parques solares, que somam uma capacidade de 24,7 MW, est\u00e3o sendo constru\u00eddos na Lombardia (8 MW e\u2026","rel":"","context":"In &quot;Vagas de Emprego em Ribeir\u00e3o Preto-SP&quot;","block_context":{"text":"Vagas de Emprego em Ribeir\u00e3o Preto-SP","link":"https:\/\/noticiasribeiraopreto.com.br\/index.php\/category\/empregos-classificados-vagas-trabalho\/vagas-de-empregos-em-ribeirao-preto-regiao-brasil\/"},"img":{"alt_text":"","src":"https:\/\/i0.wp.com\/noticiasribeiraopreto.com.br\/wp-content\/uploads\/2024\/01\/a-neoen-amplia-sua-presenca-na-italia-com-a-conquista-do-trio-solar-renews-renewable-energy-news.jpg?fit=770%2C440&ssl=1&resize=350%2C200","width":350,"height":200,"srcset":"https:\/\/i0.wp.com\/noticiasribeiraopreto.com.br\/wp-content\/uploads\/2024\/01\/a-neoen-amplia-sua-presenca-na-italia-com-a-conquista-do-trio-solar-renews-renewable-energy-news.jpg?fit=770%2C440&ssl=1&resize=350%2C200 1x, https:\/\/i0.wp.com\/noticiasribeiraopreto.com.br\/wp-content\/uploads\/2024\/01\/a-neoen-amplia-sua-presenca-na-italia-com-a-conquista-do-trio-solar-renews-renewable-energy-news.jpg?fit=770%2C440&ssl=1&resize=525%2C300 1.5x, https:\/\/i0.wp.com\/noticiasribeiraopreto.com.br\/wp-content\/uploads\/2024\/01\/a-neoen-amplia-sua-presenca-na-italia-com-a-conquista-do-trio-solar-renews-renewable-energy-news.jpg?fit=770%2C440&ssl=1&resize=700%2C400 2x"},"classes":[]},{"id":21198,"url":"https:\/\/noticiasribeiraopreto.com.br\/index.php\/2023\/12\/27\/suzlon-fortalece-sua-presenca-no-mercado-indiano-de-energia-renovavel-com-a-aquisicao-de-200-mw-renews-renewable-energy-news\/","url_meta":{"origin":16212,"position":1},"title":"Suzlon fortalece sua presen\u00e7a no mercado indiano de energia renov\u00e1vel com a aquisi\u00e7\u00e3o de 200 MW &#8211; reNews &#8211; Renewable Energy News","author":"noticiasribeiraopreto.com.br","date":"27 de December de 2023","format":false,"excerpt":"A Suzlon expande participa\u00e7\u00e3o no mercado indiano de energia renov\u00e1vel \u2013 FOTO: \u00a92023 Re News.Biz A Suzlon fechou dois contratos para fornecimento de turbinas e\u00f3licas na \u00cdndia, totalizando mais de 200 MW. Um dos acordos foi feito com a Nordic Energy, para 32 m\u00e1quinas com capacidade de 3,15 MW para\u2026","rel":"","context":"In &quot;Vagas de Emprego em Ribeir\u00e3o Preto-SP&quot;","block_context":{"text":"Vagas de Emprego em Ribeir\u00e3o Preto-SP","link":"https:\/\/noticiasribeiraopreto.com.br\/index.php\/category\/empregos-classificados-vagas-trabalho\/vagas-de-empregos-em-ribeirao-preto-regiao-brasil\/"},"img":{"alt_text":"","src":"https:\/\/i0.wp.com\/noticiasribeiraopreto.com.br\/wp-content\/uploads\/2023\/12\/suzlon-fortalece-sua-presenca-no-mercado-indiano-de-energia-renovavel-com-a-aquisicao-de-200-mw-renews-renewable-energy-news-770x450.jpg?fit=770%2C450&ssl=1&resize=350%2C200","width":350,"height":200,"srcset":"https:\/\/i0.wp.com\/noticiasribeiraopreto.com.br\/wp-content\/uploads\/2023\/12\/suzlon-fortalece-sua-presenca-no-mercado-indiano-de-energia-renovavel-com-a-aquisicao-de-200-mw-renews-renewable-energy-news-770x450.jpg?fit=770%2C450&ssl=1&resize=350%2C200 1x, https:\/\/i0.wp.com\/noticiasribeiraopreto.com.br\/wp-content\/uploads\/2023\/12\/suzlon-fortalece-sua-presenca-no-mercado-indiano-de-energia-renovavel-com-a-aquisicao-de-200-mw-renews-renewable-energy-news-770x450.jpg?fit=770%2C450&ssl=1&resize=525%2C300 1.5x, https:\/\/i0.wp.com\/noticiasribeiraopreto.com.br\/wp-content\/uploads\/2023\/12\/suzlon-fortalece-sua-presenca-no-mercado-indiano-de-energia-renovavel-com-a-aquisicao-de-200-mw-renews-renewable-energy-news-770x450.jpg?fit=770%2C450&ssl=1&resize=700%2C400 2x"},"classes":[]},{"id":19453,"url":"https:\/\/noticiasribeiraopreto.com.br\/index.php\/2023\/12\/22\/parceria-entre-statkraft-e-weg-viabiliza-maior-aerogerador-onshore-do-brasil\/","url_meta":{"origin":16212,"position":2},"title":"Parceria entre Statkraft e WEG viabiliza maior aerogerador onshore do Brasil","author":"noticiasribeiraopreto.com.br","date":"22 de December de 2023","format":false,"excerpt":"Foto: Assessoria de imprensa Statkraft \u2013 Lacomunica\u00a0 \u2013 Mariana Pupo\u00a0\u00a0 Instala\u00e7\u00e3o inovadora no Complexo E\u00f3lico Brotas de Maca\u00fabas A Statkraft, l\u00edder global em energia hidrel\u00e9trica e a maior geradora de energia renov\u00e1vel da Europa, anuncia uma parceria estrat\u00e9gica com a WEG S.A., refer\u00eancia em tecnologia eletroeletr\u00f4nica. Esta uni\u00e3o tem como\u2026","rel":"","context":"In &quot;Vagas de Emprego em Ribeir\u00e3o Preto-SP&quot;","block_context":{"text":"Vagas de Emprego em Ribeir\u00e3o Preto-SP","link":"https:\/\/noticiasribeiraopreto.com.br\/index.php\/category\/empregos-classificados-vagas-trabalho\/vagas-de-empregos-em-ribeirao-preto-regiao-brasil\/"},"img":{"alt_text":"","src":"https:\/\/i0.wp.com\/noticiasribeiraopreto.com.br\/wp-content\/uploads\/2023\/12\/Assinatura_StatkraftWEG-830x450.jpg?fit=830%2C450&ssl=1&resize=350%2C200","width":350,"height":200,"srcset":"https:\/\/i0.wp.com\/noticiasribeiraopreto.com.br\/wp-content\/uploads\/2023\/12\/Assinatura_StatkraftWEG-830x450.jpg?fit=830%2C450&ssl=1&resize=350%2C200 1x, https:\/\/i0.wp.com\/noticiasribeiraopreto.com.br\/wp-content\/uploads\/2023\/12\/Assinatura_StatkraftWEG-830x450.jpg?fit=830%2C450&ssl=1&resize=525%2C300 1.5x, https:\/\/i0.wp.com\/noticiasribeiraopreto.com.br\/wp-content\/uploads\/2023\/12\/Assinatura_StatkraftWEG-830x450.jpg?fit=830%2C450&ssl=1&resize=700%2C400 2x"},"classes":[]},{"id":18426,"url":"https:\/\/noticiasribeiraopreto.com.br\/index.php\/2023\/12\/20\/gazelle-e-tugdock-firmam-parceria-pioneira-em-energia-eolica-offshore-flutuante-renews-noticias-de-energia-renovavel\/","url_meta":{"origin":16212,"position":3},"title":"Gazelle e Tugdock firmam parceria pioneira em energia e\u00f3lica offshore flutuante &#8211; reNews &#8211; Not\u00edcias de Energia Renov\u00e1vel","author":"noticiasribeiraopreto.com.br","date":"20 de December de 2023","format":false,"excerpt":"Parceria pioneira em energia e\u00f3lica offshore flutuante \u2013 FOTO: \u00a92023 Re News.Biz Par para co-desenvolver sistema modular de montagem e\u00f3lica offshore no Mar Adri\u00e1tico, utilizando Plataforma Submers\u00edvel e turbinas. A empresa Gazelle Wind Power e a Tugdock, especializada em plataformas e\u00f3licas flutuantes, fecharam um acordo para co-desenvolver um sistema modular\u2026","rel":"","context":"In &quot;Vagas de Emprego em Ribeir\u00e3o Preto-SP&quot;","block_context":{"text":"Vagas de Emprego em Ribeir\u00e3o Preto-SP","link":"https:\/\/noticiasribeiraopreto.com.br\/index.php\/category\/empregos-classificados-vagas-trabalho\/vagas-de-empregos-em-ribeirao-preto-regiao-brasil\/"},"img":{"alt_text":"","src":"https:\/\/i0.wp.com\/noticiasribeiraopreto.com.br\/wp-content\/uploads\/2023\/12\/gazelle-e-tugdock-firmam-parceria-pioneira-em-energia-eolica-offshore-flutuante-renews-noticias-de-energia-renovavel-830x450.jpg?fit=830%2C450&ssl=1&resize=350%2C200","width":350,"height":200,"srcset":"https:\/\/i0.wp.com\/noticiasribeiraopreto.com.br\/wp-content\/uploads\/2023\/12\/gazelle-e-tugdock-firmam-parceria-pioneira-em-energia-eolica-offshore-flutuante-renews-noticias-de-energia-renovavel-830x450.jpg?fit=830%2C450&ssl=1&resize=350%2C200 1x, https:\/\/i0.wp.com\/noticiasribeiraopreto.com.br\/wp-content\/uploads\/2023\/12\/gazelle-e-tugdock-firmam-parceria-pioneira-em-energia-eolica-offshore-flutuante-renews-noticias-de-energia-renovavel-830x450.jpg?fit=830%2C450&ssl=1&resize=525%2C300 1.5x, https:\/\/i0.wp.com\/noticiasribeiraopreto.com.br\/wp-content\/uploads\/2023\/12\/gazelle-e-tugdock-firmam-parceria-pioneira-em-energia-eolica-offshore-flutuante-renews-noticias-de-energia-renovavel-830x450.jpg?fit=830%2C450&ssl=1&resize=700%2C400 2x"},"classes":[]},{"id":23567,"url":"https:\/\/noticiasribeiraopreto.com.br\/index.php\/2024\/01\/02\/expansao-de-statkraft-no-brasil-aquisicao-de-parques-eolicos-reforca-presenca-no-mercado\/","url_meta":{"origin":16212,"position":4},"title":"Expans\u00e3o de Statkraft no Brasil: aquisi\u00e7\u00e3o de parques e\u00f3licos refor\u00e7a presen\u00e7a no mercado","author":"noticiasribeiraopreto.com.br","date":"2 de January de 2024","format":false,"excerpt":"Foto: https:\/\/petrosolgas.com.br\/ Aquisi\u00e7\u00e3o estrat\u00e9gica de parques e\u00f3licos A Statkraft, gigante no setor de energia hidrel\u00e9trica e l\u00edder em energia renov\u00e1vel na Europa, anunciou uma importante expans\u00e3o no Brasil. A empresa finalizou a compra de dois parques e\u00f3licos da EDPR no Rio Grande do Norte, marcando sua presen\u00e7a em mais um\u2026","rel":"","context":"In &quot;Vagas de Emprego em Ribeir\u00e3o Preto-SP&quot;","block_context":{"text":"Vagas de Emprego em Ribeir\u00e3o Preto-SP","link":"https:\/\/noticiasribeiraopreto.com.br\/index.php\/category\/empregos-classificados-vagas-trabalho\/vagas-de-empregos-em-ribeirao-preto-regiao-brasil\/"},"img":{"alt_text":"parques e\u00f3licos da EDPR no Rio Grande do Norte","src":"https:\/\/i0.wp.com\/clickpetroleoegas.com.br\/wp-content\/uploads\/2024\/01\/images.jpeg?resize=350%2C200&ssl=1","width":350,"height":200},"classes":[]},{"id":19357,"url":"https:\/\/noticiasribeiraopreto.com.br\/index.php\/2023\/12\/22\/vestas-recebe-grande-pedido-de-401-mw-de-energia-renovavel-nos-eua-renews-renewable-energy-news\/","url_meta":{"origin":16212,"position":5},"title":"Vestas recebe grande pedido de 401 MW de energia renov\u00e1vel nos EUA &#8211; reNews &#8211; Renewable Energy News","author":"noticiasribeiraopreto.com.br","date":"22 de December de 2023","format":false,"excerpt":"Vestas recebe encomenda de 401 MW nos EUA \u2013 reNews \u2013 Renewable Energy News \u2013 FOTO: \u00a92023 Re News.Biz A Vestas recebeu um novo pedido de capacidade nominal de 200 MW para abastecer o parque e\u00f3lico East Valley no condado de Maricopa, Arizona, EUA, de propriedade da XYZ Energy. Este\u2026","rel":"","context":"In &quot;Vagas de Emprego em Ribeir\u00e3o Preto-SP&quot;","block_context":{"text":"Vagas de Emprego em Ribeir\u00e3o Preto-SP","link":"https:\/\/noticiasribeiraopreto.com.br\/index.php\/category\/empregos-classificados-vagas-trabalho\/vagas-de-empregos-em-ribeirao-preto-regiao-brasil\/"},"img":{"alt_text":"","src":"https:\/\/i0.wp.com\/noticiasribeiraopreto.com.br\/wp-content\/uploads\/2023\/12\/vestas-recebe-grande-pedido-de-401-mw-de-energia-renovavel-nos-eua-renews-renewable-energy-news.jpg?fit=770%2C433&ssl=1&resize=350%2C200","width":350,"height":200,"srcset":"https:\/\/i0.wp.com\/noticiasribeiraopreto.com.br\/wp-content\/uploads\/2023\/12\/vestas-recebe-grande-pedido-de-401-mw-de-energia-renovavel-nos-eua-renews-renewable-energy-news.jpg?fit=770%2C433&ssl=1&resize=350%2C200 1x, https:\/\/i0.wp.com\/noticiasribeiraopreto.com.br\/wp-content\/uploads\/2023\/12\/vestas-recebe-grande-pedido-de-401-mw-de-energia-renovavel-nos-eua-renews-renewable-energy-news.jpg?fit=770%2C433&ssl=1&resize=525%2C300 1.5x, https:\/\/i0.wp.com\/noticiasribeiraopreto.com.br\/wp-content\/uploads\/2023\/12\/vestas-recebe-grande-pedido-de-401-mw-de-energia-renovavel-nos-eua-renews-renewable-energy-news.jpg?fit=770%2C433&ssl=1&resize=700%2C400 2x"},"classes":[]}],"jetpack_sharing_enabled":true,"jetpack_shortlink":"https:\/\/wp.me\/peQAOb-4du","_links":{"self":[{"href":"https:\/\/noticiasribeiraopreto.com.br\/index.php\/wp-json\/wp\/v2\/posts\/16212","targetHints":{"allow":["GET"]}}],"collection":[{"href":"https:\/\/noticiasribeiraopreto.com.br\/index.php\/wp-json\/wp\/v2\/posts"}],"about":[{"href":"https:\/\/noticiasribeiraopreto.com.br\/index.php\/wp-json\/wp\/v2\/types\/post"}],"author":[{"embeddable":true,"href":"https:\/\/noticiasribeiraopreto.com.br\/index.php\/wp-json\/wp\/v2\/users\/1"}],"replies":[{"embeddable":true,"href":"https:\/\/noticiasribeiraopreto.com.br\/index.php\/wp-json\/wp\/v2\/comments?post=16212"}],"version-history":[{"count":0,"href":"https:\/\/noticiasribeiraopreto.com.br\/index.php\/wp-json\/wp\/v2\/posts\/16212\/revisions"}],"wp:featuredmedia":[{"embeddable":true,"href":"https:\/\/noticiasribeiraopreto.com.br\/index.php\/wp-json\/wp\/v2\/media\/16213"}],"wp:attachment":[{"href":"https:\/\/noticiasribeiraopreto.com.br\/index.php\/wp-json\/wp\/v2\/media?parent=16212"}],"wp:term":[{"taxonomy":"category","embeddable":true,"href":"https:\/\/noticiasribeiraopreto.com.br\/index.php\/wp-json\/wp\/v2\/categories?post=16212"},{"taxonomy":"post_tag","embeddable":true,"href":"https:\/\/noticiasribeiraopreto.com.br\/index.php\/wp-json\/wp\/v2\/tags?post=16212"}],"curies":[{"name":"wp","href":"https:\/\/api.w.org\/{rel}","templated":true}]}}