{"id":16216,"date":"2023-12-15T07:34:29","date_gmt":"2023-12-15T10:34:29","guid":{"rendered":"https:\/\/noticiasribeiraopreto.com.br\/index.php\/2023\/12\/15\/urgente-publicado-edital-para-144-vagas-e-cadastros-de-analistas-2\/"},"modified":"2023-12-15T07:34:29","modified_gmt":"2023-12-15T10:34:29","slug":"urgente-publicado-edital-para-144-vagas-e-cadastros-de-analistas-2","status":"publish","type":"post","link":"https:\/\/noticiasribeiraopreto.com.br\/index.php\/2023\/12\/15\/urgente-publicado-edital-para-144-vagas-e-cadastros-de-analistas-2\/","title":{"rendered":"Urgente! Publicado edital para 144 vagas e cadastros de analistas"},"content":{"rendered":"<div class='code-block code-block-1' style='margin: 8px 0 8px auto; text-align: right; display: block; clear: both;'>\n<p><a href=\"https:\/\/wa.link\/vpicfd\"><img data-recalc-dims=\"1\" class=\"wp-image-4922\" style=\"aspect-ratio: 2.0253164556962027; width: 561px; height: auto;\" src=\"https:\/\/i0.wp.com\/ismaelcolosi.com.br\/wp-content\/uploads\/2023\/11\/grupo-de-empregos-whatsapp-e-facebook-ismael-colosi-vagas.jpg?ssl=1\" alt=\"\" \/><\/a><\/p>\n<!-- \/wp:image -->\n<\/div>\n<p> <br \/>\n<\/p>\n<div>\n<p>Foi publicado, no di\u00e1rio oficial da Uni\u00e3o desta sexta-feira, 15 de dezembro, o edital do novo <a href=\"https:\/\/jcconcursos.com.br\/concurso\/concurso-capes-78556\" rel=\"noopener\" target=\"_blank\">concurso Capes<\/a> (Coordena\u00e7\u00e3o de Aperfei\u00e7oamento de Pessoal de N\u00edvel Superior). <a href=\"https:\/\/jcconcursos.com.br\/noticia\/concursos\/concurso-capes-assinado-contrato-com-banca-edital-ate-a-proxima-semana-119568\" rel=\"noopener\" target=\"_blank\">A sele\u00e7\u00e3o j\u00e1 contava com contrato assinado com a banca desde o \u00faltimo dia 1 de dezembro<\/a> e conta com oferta de 144 vagas, sendo 50 para preenchimento imediato e 94 para formar cadastro reserva de pessoal, para o cargo de analista em ci\u00eancia e tecnologia em cinco \u00e1reas, com exig\u00eancia de <a href=\"https:\/\/jcconcursos.com.br\/concursos\/nivel-escolar\/superior\" rel=\"noopener\" target=\"_blank\">n\u00edvel superior<\/a>. A remunera\u00e7\u00e3o varia de R$ 7.025,48 a R$ 11.186,69, de acordo com a titula\u00e7\u00e3o do servidor, com jornada de trabalho de 40 horas semanais. Al\u00e9m disso, os aprovados tamb\u00e9m contam com aux\u00edlio alimenta\u00e7\u00e3o de R$ 658. As inscri\u00e7\u00f5es ser\u00e3o recebidas no per\u00edodo de 22 de dezembro a 12 de janeiro.<\/p>\n<p>No concurso <a href=\"https:\/\/www.gov.br\/capes\/pt-br\" rel=\"noopener\" target=\"_blank\">Capes<\/a>, a distribui\u00e7\u00e3o de vagas e cadastros por cargo, com respectivas reservas de cotas, \u00e9 a seguinte:<\/p>\n<p><img data-recalc-dims=\"1\" decoding=\"async\" alt=\"cap1\" height=\"147\" loading=\"lazy\" src=\"https:\/\/i0.wp.com\/jcconcursos.com.br\/media\/uploads\/cap1.jpg?resize=800%2C147&#038;ssl=1\" width=\"800\" class=\"lazy\"\/><noscript><img data-recalc-dims=\"1\" decoding=\"async\" alt=\"cap1\" height=\"147\" loading=\"lazy\" src=\"https:\/\/i0.wp.com\/jcconcursos.com.br\/media\/uploads\/cap1.jpg?resize=800%2C147&#038;ssl=1\" width=\"800\"\/><\/noscript><\/p>\n<p>A remunera\u00e7\u00e3o funciona da seguinte forma:<\/p>\n<p><img data-recalc-dims=\"1\" decoding=\"async\" alt=\"cap2\" height=\"86\" loading=\"lazy\" src=\"https:\/\/i0.wp.com\/jcconcursos.com.br\/media\/uploads\/cap2.jpg?resize=800%2C86&#038;ssl=1\" width=\"800\" class=\"lazy\"\/><noscript><img data-recalc-dims=\"1\" decoding=\"async\" alt=\"cap2\" height=\"86\" loading=\"lazy\" src=\"https:\/\/i0.wp.com\/jcconcursos.com.br\/media\/uploads\/cap2.jpg?resize=800%2C86&#038;ssl=1\" width=\"800\"\/><\/noscript><\/p>\n<p>A lota\u00e7\u00e3o das vagas ser\u00e1 no Distrito Federal<\/p>\n<h2>Concurso Capes: veja as exig\u00eancias espec\u00edfias por \u00e1rea<\/h2>\n<ul>\n<li>CARGO 1: ANALISTA EM CI\u00caNCIA E TECNOLOGIA<br \/>REQUISITO: diploma de curso superior ou habilita\u00e7\u00e3o legal equivalente, de conclus\u00e3o de curso de gradua\u00e7\u00e3o de n\u00edvel superior em qualquer \u00e1rea de forma\u00e7\u00e3o, devidamente registrado no Minist\u00e9rio da Educa\u00e7\u00e3o (MEC).<br \/>DESCRI\u00c7\u00c3O SUM\u00c1RIA DAS ATIVIDADES: organizar, dirigir e executar atividades referentes \u00e0 formula\u00e7\u00e3o e execu\u00e7\u00e3o de pol\u00edticas institucionais de gest\u00e3o da educa\u00e7\u00e3o, gest\u00e3o de programas, gest\u00e3o da avalia\u00e7\u00e3o de cursos e programas; planejamento financeiro, elabora\u00e7\u00e3o e execu\u00e7\u00e3o or\u00e7ament\u00e1ria, controle da situa\u00e7\u00e3o financeira e patrimonial; controle cont\u00e1bilfinanceiro, libera\u00e7\u00e3o de recursos, an\u00e1lise e aprova\u00e7\u00e3o de presta\u00e7\u00f5es de contas; gest\u00e3o de pessoas, de materiais, de recursos informatizados, do processo produtivo; organiza\u00e7\u00e3o e realiza\u00e7\u00e3o de licita\u00e7\u00f5es; gest\u00e3o e fiscaliza\u00e7\u00e3o de contratos administrativos; realiza\u00e7\u00e3o de pesquisas de mercado, apoio no desenvolvimento mercadol\u00f3gico de novos programas, divulga\u00e7\u00e3o e promo\u00e7\u00e3o dos programas e atividades da CAPES, comunica\u00e7\u00e3o interna e externa; e executar as demais atividades definidas em normas da CAPES..<\/li>\n<li>CARGO 2: ANALISTA EM CI\u00caNCIA E TECNOLOGIA \u2013 ESPECIALIDADE: BIBLIOTECONOMIA<\/li>\n<\/ul>\n<p>REQUISITOS: diploma, devidamente registrado, de conclus\u00e3o de curso de gradua\u00e7\u00e3o de n\u00edvel superior em Biblioteconomia, fornecido por institui\u00e7\u00e3o de ensino superior reconhecida pelo MEC, e registro no conselho regional da categoria.<br \/>DESCRI\u00c7\u00c3O SUM\u00c1RIA DAS ATIVIDADES: organizar, dirigir e executar trabalhos t\u00e9cnicos relativos a atividades bibliotecon\u00f4micas, desenvolvendo um sistema de cataloga\u00e7\u00e3o,<br \/>classifica\u00e7\u00e3o, refer\u00eancia e conserva\u00e7\u00e3o de acervo bibliogr\u00e1fico, para armazenar e recuperar informa\u00e7\u00f5es de car\u00e1ter geral ou espec\u00edfico e coloc\u00e1-las \u00e0 disposi\u00e7\u00e3o dos usu\u00e1rios em biblioteca e centro de documenta\u00e7\u00e3o; executar atividades de administra\u00e7\u00e3o em geral; e executar as demais atividades definidas em normas da CAPES.<\/p>\n<ul>\n<li>CARGO 3: ANALISTA EM CI\u00caNCIA E TECNOLOGIA \u2013 ESPECIALIDADE: CONTABILIDADE<br \/>REQUISITOS: diploma, devidamente registrado, de conclus\u00e3o de curso de gradua\u00e7\u00e3o de n\u00edvel superior em Ci\u00eancias Cont\u00e1beis, fornecido por institui\u00e7\u00e3o de ensino superior<br \/>reconhecida pelo MEC, e registro no conselho regional da categoria.<br \/>DESCRI\u00c7\u00c3O SUM\u00c1RIA DAS ATIVIDADES: organizar, dirigir e executar atividades referentes \u00e0 contabilidade em geral, planejando, supervisionando e orientando a execu\u00e7\u00e3o dos trabalhos, com vistas \u00e0 apura\u00e7\u00e3o dos elementos necess\u00e1rios \u00e0 elabora\u00e7\u00e3o or\u00e7ament\u00e1ria e ao controle da situa\u00e7\u00e3o financeira e patrimonial; realizar atividades inerentes ao registro, \u00e0 organiza\u00e7\u00e3o, \u00e0 an\u00e1lise, ao acompanhamento e \u00e0 demonstra\u00e7\u00e3o dos atos e fatos cont\u00e1beis; acompanhar a legisla\u00e7\u00e3o relativa \u00e0 contabilidade p\u00fablica e demais assuntos a ela relacionados; conhecer a Contabilidade P\u00fablica, o Plano de Contas da Uni\u00e3o e o SIAFI; realizar inspe\u00e7\u00f5es cont\u00e1beis; analisar presta\u00e7\u00e3o de contas e executar atividades de administra\u00e7\u00e3o em geral e executar as demais atividades definidas em normas da CAPES..<\/li>\n<li>CARGO 4: ANALISTA EM CI\u00caNCIA E TECNOLOGIA \u2013 ESPECIALIDADE: ESTAT\u00cdSTICA<\/li>\n<\/ul>\n<p>REQUISITOS: diploma, devidamente registrado, de conclus\u00e3o de curso de gradua\u00e7\u00e3o de n\u00edvel superior em Estat\u00edstica, fornecido por institui\u00e7\u00e3o de ensino superior reconhecida pelo MEC, e registro no conselho regional da categoria.<br \/>DESCRI\u00c7\u00c3O SUM\u00c1RIA DAS ATIVIDADES: planejar e realizar levantamentos estat\u00edsticos; aplicar t\u00e9cnicas estat\u00edsticas para avaliar, organizar, analisar e interpretar dados; prestar<br \/>suporte t\u00e9cnico de assessoramento \u00e0 execu\u00e7\u00e3o do fomento, \u00e0 avalia\u00e7\u00e3o de programas da CAPES e de cursos, apoiar a elabora\u00e7\u00e3o de prospec\u00e7\u00f5es e cen\u00e1rios do sistema educacional, cient\u00edfico e tecnol\u00f3gico, bem como executar atividades de administra\u00e7\u00e3o em geral e executar as demais atividades definidas em normas da CAPES.<\/p>\n<ul>\n<li>CARGO 5: ANALISTA EM CI\u00caNCIA E TECNOLOGIA \u2013 ESPECIALIDADE: INFORM\u00c1TICA<br \/>REQUISITOS: diploma, devidamente registrado, de conclus\u00e3o de curso de gradua\u00e7\u00e3o de n\u00edvel superior em An\u00e1lise de Sistemas, Ci\u00eancias da Computa\u00e7\u00e3o, Processamento de Dados, Sistemas de Informa\u00e7\u00e3o, Inform\u00e1tica, Engenharia da Computa\u00e7\u00e3o, Engenharia de Sistemas, Engenharia de Redes ou outro curso superior completo, em n\u00edvel de gradua\u00e7\u00e3o, conclu\u00eddo na \u00e1rea de Tecnologia da Informa\u00e7\u00e3o, fornecido por institui\u00e7\u00e3o de ensino superior reconhecida pelo MEC, e registro no Conselho de Classe, se for o caso.<br \/>DESCRI\u00c7\u00c3O SUM\u00c1RIA DAS ATIVIDADES: realizar atividades de planejamento, supervis\u00e3o, coordena\u00e7\u00e3o e controle dos recursos de tecnologia da informa\u00e7\u00e3o da CAPES; executar an\u00e1lises para o desenvolvimento, implanta\u00e7\u00e3o e suporte a sistemas de informa\u00e7\u00e3o e solu\u00e7\u00f5es tecnol\u00f3gicas espec\u00edficas; especificar e apoiar a formula\u00e7\u00e3o e acompanhamento das pol\u00edticas de planejamento relativas aos recursos de tecnologia da informa\u00e7\u00e3o; especificar, supervisionar e acompanhar as atividades de desenvolvimento, manuten\u00e7\u00e3o, integra\u00e7\u00e3o e monitoramento do desempenho dos aplicativos de tecnologia da informa\u00e7\u00e3o; gerenciar a dissemina\u00e7\u00e3o, integra\u00e7\u00e3o e controle de qualidade dos dados; organizar, manter e auditar o armazenamento,<br \/>administra\u00e7\u00e3o e acesso \u00e0s bases de dados da CAPES; e desenvolver, implementar, executar e supervisionar atividades relacionadas aos processos de configura\u00e7\u00e3o, seguran\u00e7a, conectividade, servi\u00e7os compartilhados e adequa\u00e7\u00f5es da infraestrutura de inform\u00e1tica da C A P E<\/li>\n<\/ul>\n<h2>Saiba como se inscrever<\/h2>\n<p>As inscri\u00e7\u00f5es poder\u00e3o ser feitas somente pela internet, na p\u00e1gina eletr\u00f4nica da banca organizaora, o <a href=\"https:\/\/www.cebraspe.org.br\/\" rel=\"noopener\" target=\"_blank\">Cebraspe<\/a>.<\/p>\n<p>No primeiro dia, o acesso poder\u00e1 ser feito a partir das 10 horas, enquanto no \u00faltimo dia, at\u00e9 \u00e0s 18 horas<\/p>\n<p>A taxa \u00e9 de R$ 80\u00a0 e o pagamento poder\u00e1 ser feito at\u00e9 31 de janeiro\u00a0<\/p>\n<h2>Saiba como ser\u00e3o as provas<\/h2>\n<p>A aplica\u00e7\u00e3o das provas objetiva e discursiva do <strong>concurso Capes<\/strong> est\u00e1 marcada para ocorrer em 17 de mar\u00e7o, no per\u00edodo da tarde, com dura\u00e7\u00e3o de 4h30.<\/p>\n<p>A parte objetiva contar\u00e1 com 120 quest\u00f5es, da seguinte forma:<\/p>\n<ul>\n<li>conhecimentos b\u00e1sicos \u2013 50 quest\u00f5es<\/li>\n<li>conhecimentos espec\u00edficos \u2013 70 quest\u00f5es<\/li>\n<\/ul>\n<p>A prova discursiva valer\u00e1 20 pontos e consistir\u00e1 da reda\u00e7\u00e3o de texto dissertativo, de at\u00e9 30 linhas, a respeito de temas relacionados a conhecimentos espec\u00edficos<br \/>do cargo\/especialidade. \u00a0\u00a0<\/p>\n<p>Para a classifica\u00e7\u00e3o final tamb\u00e9m ser\u00e3o considerados t\u00edtulos, com limite de 10 pontos, da seguinte forma:<\/p>\n<p><img data-recalc-dims=\"1\" decoding=\"async\" alt=\"cap3\" height=\"122\" loading=\"lazy\" src=\"https:\/\/i0.wp.com\/jcconcursos.com.br\/media\/uploads\/capes3.jpg?resize=800%2C122&#038;ssl=1\" width=\"800\" class=\"lazy\"\/><noscript><img data-recalc-dims=\"1\" decoding=\"async\" alt=\"cap3\" height=\"122\" loading=\"lazy\" src=\"https:\/\/i0.wp.com\/jcconcursos.com.br\/media\/uploads\/capes3.jpg?resize=800%2C122&#038;ssl=1\" width=\"800\"\/><\/noscript><\/p>\n<p><a id=\"gnews_btn\" href=\"https:\/\/news.google.com\/publications\/CAAqBwgKMOixlQswuZWrAw\" target=\"_blank\" class=\"border_jc_blue link_hover_bg_jc_blue font_85 d-block d-md-inline-block px-2 py-1 mr-0 mr-md-2 mb-3 w-100 text-center\" rel=\"noopener\"><span class=\"text_jc_blue\">Siga o <strong>JC Concursos no Google News<\/strong><\/span><\/a><span id=\"resumo\" class=\"anchor_link\"\/><a href=\"https:\/\/jcconcursos.com.br\/\" class=\"badge badge-light\">concursos<\/a><a href=\"https:\/\/jcconcursos.com.br\/concursos\/inscricoes-abertas\" class=\"badge badge-light\">concursos abertos<\/a><a href=\"https:\/\/jcconcursos.com.br\/concursos\/nacional\" class=\"badge badge-light\">concursos federais<\/a><a href=\"https:\/\/jcconcursos.com.br\/provas\/por-orgao\" class=\"badge badge-light\">provas anteriores<\/a><\/p>\n<\/div>\n<p><br \/>\n<br \/><a href=\"https:\/\/ismaelcolosi.com.br\/urgente-publicado-edital-para-144-vagas-e-cadastros-de-analistas\/\">Source link <\/a><\/p>\n<!-- CONTENT END 1 -->\n","protected":false},"excerpt":{"rendered":"<p>Foi publicado, no di\u00e1rio oficial da Uni\u00e3o desta sexta-feira, 15 de dezembro, o edital do novo concurso Capes (Coordena\u00e7\u00e3o de Aperfei\u00e7oamento de Pessoal de N\u00edvel&#8230;<\/p>\n","protected":false},"author":1,"featured_media":16217,"comment_status":"open","ping_status":"open","sticky":false,"template":"","format":"standard","meta":{"advanced_seo_description":"","jetpack_seo_html_title":"","jetpack_seo_noindex":false,"jetpack_post_was_ever_published":false,"_jetpack_newsletter_access":"","_jetpack_dont_email_post_to_subs":false,"_jetpack_newsletter_tier_id":0,"_jetpack_memberships_contains_paywalled_content":false,"_jetpack_memberships_contains_paid_content":false,"footnotes":"","jetpack_publicize_message":"","jetpack_publicize_feature_enabled":true,"jetpack_social_post_already_shared":true,"jetpack_social_options":{"image_generator_settings":{"template":"highway","default_image_id":0,"font":"","enabled":false},"version":2}},"categories":[7],"tags":[],"class_list":["post-16216","post","type-post","status-publish","format-standard","has-post-thumbnail","hentry","category-vagas-de-empregos-em-ribeirao-preto-regiao-brasil"],"jetpack_publicize_connections":[],"jetpack_featured_media_url":"https:\/\/i0.wp.com\/noticiasribeiraopreto.com.br\/wp-content\/uploads\/2023\/12\/cap1.jpg?fit=1059%2C195&ssl=1","jetpack-related-posts":[{"id":19239,"url":"https:\/\/noticiasribeiraopreto.com.br\/index.php\/2023\/12\/22\/edital-deve-ser-publicado-ate-marco-confirma-tribunal-2\/","url_meta":{"origin":16216,"position":0},"title":"edital deve ser publicado at\u00e9 mar\u00e7o, confirma tribunal","author":"noticiasribeiraopreto.com.br","date":"22 de December de 2023","format":false,"excerpt":"O edital do novo concurso TJ RR (Tribunal de Justi\u00e7a do Estado de Roraima) deve ser publicado no primeiro trimestre de 2024, ou seja, at\u00e9 mar\u00e7o. A confirma\u00e7\u00e3o foi feita pelo pr\u00f3prio \u00f3rg\u00e3o, por meio de publica\u00e7\u00e3o em suas redes sociais, na manh\u00e3 desta quinta-feira, 21 de dezembro. A sele\u00e7\u00e3o\u2026","rel":"","context":"In &quot;Vagas de Emprego em Ribeir\u00e3o Preto-SP&quot;","block_context":{"text":"Vagas de Emprego em Ribeir\u00e3o Preto-SP","link":"https:\/\/noticiasribeiraopreto.com.br\/index.php\/category\/empregos-classificados-vagas-trabalho\/vagas-de-empregos-em-ribeirao-preto-regiao-brasil\/"},"img":{"alt_text":"","src":"https:\/\/i0.wp.com\/noticiasribeiraopreto.com.br\/wp-content\/uploads\/2023\/12\/tj_rr_novoo.jpg?fit=1200%2C675&ssl=1&resize=350%2C200","width":350,"height":200,"srcset":"https:\/\/i0.wp.com\/noticiasribeiraopreto.com.br\/wp-content\/uploads\/2023\/12\/tj_rr_novoo.jpg?fit=1200%2C675&ssl=1&resize=350%2C200 1x, https:\/\/i0.wp.com\/noticiasribeiraopreto.com.br\/wp-content\/uploads\/2023\/12\/tj_rr_novoo.jpg?fit=1200%2C675&ssl=1&resize=525%2C300 1.5x, https:\/\/i0.wp.com\/noticiasribeiraopreto.com.br\/wp-content\/uploads\/2023\/12\/tj_rr_novoo.jpg?fit=1200%2C675&ssl=1&resize=700%2C400 2x, https:\/\/i0.wp.com\/noticiasribeiraopreto.com.br\/wp-content\/uploads\/2023\/12\/tj_rr_novoo.jpg?fit=1200%2C675&ssl=1&resize=1050%2C600 3x"},"classes":[]},{"id":21635,"url":"https:\/\/noticiasribeiraopreto.com.br\/index.php\/2023\/12\/28\/urgente-publicado-edital-para-220-vagas-e-cadastros-2\/","url_meta":{"origin":16216,"position":1},"title":"Urgente! Publicado edital para 220 vagas e cadastros","author":"noticiasribeiraopreto.com.br","date":"28 de December de 2023","format":false,"excerpt":"Foi publicado, no di\u00e1rio oficial da Uni\u00e3o desta quinta-feira, 28 de dezembro, o edital do novo concurso ANTT ( Ag\u00eancia Nacional de Transportes Terrestres) para o preenchimento de 220 vagas para o cargo de especialista em regula\u00e7\u00e3o em transportes terrestres, em quatro \u00e1reas de atua\u00e7\u00e3o, sendo 50 para o preenchimento\u2026","rel":"","context":"In &quot;Vagas de Emprego em Ribeir\u00e3o Preto-SP&quot;","block_context":{"text":"Vagas de Emprego em Ribeir\u00e3o Preto-SP","link":"https:\/\/noticiasribeiraopreto.com.br\/index.php\/category\/empregos-classificados-vagas-trabalho\/vagas-de-empregos-em-ribeirao-preto-regiao-brasil\/"},"img":{"alt_text":"","src":"https:\/\/i0.wp.com\/noticiasribeiraopreto.com.br\/wp-content\/uploads\/2023\/12\/antt.jpg?fit=1112%2C242&ssl=1&resize=350%2C200","width":350,"height":200,"srcset":"https:\/\/i0.wp.com\/noticiasribeiraopreto.com.br\/wp-content\/uploads\/2023\/12\/antt.jpg?fit=1112%2C242&ssl=1&resize=350%2C200 1x, https:\/\/i0.wp.com\/noticiasribeiraopreto.com.br\/wp-content\/uploads\/2023\/12\/antt.jpg?fit=1112%2C242&ssl=1&resize=525%2C300 1.5x, https:\/\/i0.wp.com\/noticiasribeiraopreto.com.br\/wp-content\/uploads\/2023\/12\/antt.jpg?fit=1112%2C242&ssl=1&resize=700%2C400 2x, https:\/\/i0.wp.com\/noticiasribeiraopreto.com.br\/wp-content\/uploads\/2023\/12\/antt.jpg?fit=1112%2C242&ssl=1&resize=1050%2C600 3x"},"classes":[]},{"id":12122,"url":"https:\/\/noticiasribeiraopreto.com.br\/index.php\/2023\/12\/07\/banca-deve-ser-divulgada-no-inicio-de-2024-veja-previsao-do-edital-2\/","url_meta":{"origin":16216,"position":2},"title":"banca deve ser divulgada no in\u00edcio de 2024; veja previs\u00e3o do edital","author":"noticiasribeiraopreto.com.br","date":"7 de December de 2023","format":false,"excerpt":"O novo concurso STJ (Superior Tribunal de Justi\u00e7a) segue em fase de escolha da banca organizadora. De acordo com as \u00faltimas informa\u00e7\u00f5es, o nome da empresa est\u00e1 previsto para ser divulgado ainda no in\u00edcio de 2024, com\u00a0 publica\u00e7\u00e3o do edital de abertura de inscri\u00e7\u00f5es em at\u00e9 60 dias ap\u00f3s a\u2026","rel":"","context":"In &quot;Vagas de Emprego em Ribeir\u00e3o Preto-SP&quot;","block_context":{"text":"Vagas de Emprego em Ribeir\u00e3o Preto-SP","link":"https:\/\/noticiasribeiraopreto.com.br\/index.php\/category\/empregos-classificados-vagas-trabalho\/vagas-de-empregos-em-ribeirao-preto-regiao-brasil\/"},"img":{"alt_text":"","src":"https:\/\/i0.wp.com\/noticiasribeiraopreto.com.br\/wp-content\/uploads\/2023\/12\/1701966203_stj_novoo.jpg?fit=1200%2C675&ssl=1&resize=350%2C200","width":350,"height":200,"srcset":"https:\/\/i0.wp.com\/noticiasribeiraopreto.com.br\/wp-content\/uploads\/2023\/12\/1701966203_stj_novoo.jpg?fit=1200%2C675&ssl=1&resize=350%2C200 1x, https:\/\/i0.wp.com\/noticiasribeiraopreto.com.br\/wp-content\/uploads\/2023\/12\/1701966203_stj_novoo.jpg?fit=1200%2C675&ssl=1&resize=525%2C300 1.5x, https:\/\/i0.wp.com\/noticiasribeiraopreto.com.br\/wp-content\/uploads\/2023\/12\/1701966203_stj_novoo.jpg?fit=1200%2C675&ssl=1&resize=700%2C400 2x, https:\/\/i0.wp.com\/noticiasribeiraopreto.com.br\/wp-content\/uploads\/2023\/12\/1701966203_stj_novoo.jpg?fit=1200%2C675&ssl=1&resize=1050%2C600 3x"},"classes":[]},{"id":22136,"url":"https:\/\/noticiasribeiraopreto.com.br\/index.php\/2023\/12\/29\/concurso-crbio-3-rs-deve-ocorrer-em-breve-para-cargos-de-niveis-medio-e-superior\/","url_meta":{"origin":16216,"position":3},"title":"Concurso CRBio 3 RS deve ocorrer em breve para cargos de n\u00edveis m\u00e9dio e superior","author":"noticiasribeiraopreto.com.br","date":"29 de December de 2023","format":false,"excerpt":"Um novo concurso CRBio 3 RS (Conselho Regional de Biologia da 3 Regi\u00e3o), no Rio Grande do Sul, deve ser realizado em breve. O primeiro passo ocorreu nesta sexta-feira, 29 de dezembro, com a publica\u00e7\u00e3o, no di\u00e1rio oficial da Uni\u00e3o, do aviso de licita\u00e7\u00e3o para a escolha da banca organizadora,\u2026","rel":"","context":"In &quot;Vagas de Emprego em Ribeir\u00e3o Preto-SP&quot;","block_context":{"text":"Vagas de Emprego em Ribeir\u00e3o Preto-SP","link":"https:\/\/noticiasribeiraopreto.com.br\/index.php\/category\/empregos-classificados-vagas-trabalho\/vagas-de-empregos-em-ribeirao-preto-regiao-brasil\/"},"img":{"alt_text":"","src":"https:\/\/i0.wp.com\/noticiasribeiraopreto.com.br\/wp-content\/uploads\/2023\/12\/crbio3.jpg?fit=1012%2C618&ssl=1&resize=350%2C200","width":350,"height":200,"srcset":"https:\/\/i0.wp.com\/noticiasribeiraopreto.com.br\/wp-content\/uploads\/2023\/12\/crbio3.jpg?fit=1012%2C618&ssl=1&resize=350%2C200 1x, https:\/\/i0.wp.com\/noticiasribeiraopreto.com.br\/wp-content\/uploads\/2023\/12\/crbio3.jpg?fit=1012%2C618&ssl=1&resize=525%2C300 1.5x, https:\/\/i0.wp.com\/noticiasribeiraopreto.com.br\/wp-content\/uploads\/2023\/12\/crbio3.jpg?fit=1012%2C618&ssl=1&resize=700%2C400 2x"},"classes":[]},{"id":22413,"url":"https:\/\/noticiasribeiraopreto.com.br\/index.php\/2023\/12\/29\/definidos-fiscais-de-contrato-com-banca-para-723-vagas\/","url_meta":{"origin":16216,"position":4},"title":"definidos fiscais de contrato com banca para 723 vagas","author":"noticiasribeiraopreto.com.br","date":"29 de December de 2023","format":false,"excerpt":"Mais um passo para a reliza\u00e7\u00e3o do novo concurso SO DF (Secretaria de Obras e Infraestrutura do Distrito Federal).Acontece que foi publicado, no di\u00e1rio oficial desta sexta-feira, 29 de dezembro, o documento que define os nomes dos servidores respons\u00e1veis pela fiscaliza\u00e7\u00e3o do contrato com a banca organizadora, que ser\u00e1 o\u2026","rel":"","context":"In &quot;Vagas de Emprego em Ribeir\u00e3o Preto-SP&quot;","block_context":{"text":"Vagas de Emprego em Ribeir\u00e3o Preto-SP","link":"https:\/\/noticiasribeiraopreto.com.br\/index.php\/category\/empregos-classificados-vagas-trabalho\/vagas-de-empregos-em-ribeirao-preto-regiao-brasil\/"},"img":{"alt_text":"","src":"https:\/\/i0.wp.com\/noticiasribeiraopreto.com.br\/wp-content\/uploads\/2023\/12\/so_df.jpg?fit=1200%2C675&ssl=1&resize=350%2C200","width":350,"height":200,"srcset":"https:\/\/i0.wp.com\/noticiasribeiraopreto.com.br\/wp-content\/uploads\/2023\/12\/so_df.jpg?fit=1200%2C675&ssl=1&resize=350%2C200 1x, https:\/\/i0.wp.com\/noticiasribeiraopreto.com.br\/wp-content\/uploads\/2023\/12\/so_df.jpg?fit=1200%2C675&ssl=1&resize=525%2C300 1.5x, https:\/\/i0.wp.com\/noticiasribeiraopreto.com.br\/wp-content\/uploads\/2023\/12\/so_df.jpg?fit=1200%2C675&ssl=1&resize=700%2C400 2x, https:\/\/i0.wp.com\/noticiasribeiraopreto.com.br\/wp-content\/uploads\/2023\/12\/so_df.jpg?fit=1200%2C675&ssl=1&resize=1050%2C600 3x"},"classes":[]},{"id":21663,"url":"https:\/\/noticiasribeiraopreto.com.br\/index.php\/2023\/12\/28\/definida-banca-para-novo-edital-de-tecnicos-e-analistas-2\/","url_meta":{"origin":16216,"position":5},"title":"definida banca para novo edital de t\u00e9cnicos e analistas","author":"noticiasribeiraopreto.com.br","date":"28 de December de 2023","format":false,"excerpt":"Um novo concurso TRF 1 (Tribunal Regional Federal da 1 Regi\u00e3o) deve ser realizado em breve. O primeiro passo ocorreu nesta quinta-feira, 28 de dezembro, com a publica\u00e7\u00e3o, no di\u00e1rio oficial da Un\u00e3o, do nome da banca organizadora, que ser\u00e1 a Funda\u00e7\u00e3o Get\u00falio Vargas (FGV), escolhida pelo crit\u00e9rio de dispensa\u2026","rel":"","context":"In &quot;Vagas de Emprego em Ribeir\u00e3o Preto-SP&quot;","block_context":{"text":"Vagas de Emprego em Ribeir\u00e3o Preto-SP","link":"https:\/\/noticiasribeiraopreto.com.br\/index.php\/category\/empregos-classificados-vagas-trabalho\/vagas-de-empregos-em-ribeirao-preto-regiao-brasil\/"},"img":{"alt_text":"","src":"https:\/\/i0.wp.com\/noticiasribeiraopreto.com.br\/wp-content\/uploads\/2023\/12\/trf__1_novo.jpg?fit=1200%2C675&ssl=1&resize=350%2C200","width":350,"height":200,"srcset":"https:\/\/i0.wp.com\/noticiasribeiraopreto.com.br\/wp-content\/uploads\/2023\/12\/trf__1_novo.jpg?fit=1200%2C675&ssl=1&resize=350%2C200 1x, https:\/\/i0.wp.com\/noticiasribeiraopreto.com.br\/wp-content\/uploads\/2023\/12\/trf__1_novo.jpg?fit=1200%2C675&ssl=1&resize=525%2C300 1.5x, https:\/\/i0.wp.com\/noticiasribeiraopreto.com.br\/wp-content\/uploads\/2023\/12\/trf__1_novo.jpg?fit=1200%2C675&ssl=1&resize=700%2C400 2x, https:\/\/i0.wp.com\/noticiasribeiraopreto.com.br\/wp-content\/uploads\/2023\/12\/trf__1_novo.jpg?fit=1200%2C675&ssl=1&resize=1050%2C600 3x"},"classes":[]}],"jetpack_sharing_enabled":true,"jetpack_shortlink":"https:\/\/wp.me\/peQAOb-4dy","_links":{"self":[{"href":"https:\/\/noticiasribeiraopreto.com.br\/index.php\/wp-json\/wp\/v2\/posts\/16216","targetHints":{"allow":["GET"]}}],"collection":[{"href":"https:\/\/noticiasribeiraopreto.com.br\/index.php\/wp-json\/wp\/v2\/posts"}],"about":[{"href":"https:\/\/noticiasribeiraopreto.com.br\/index.php\/wp-json\/wp\/v2\/types\/post"}],"author":[{"embeddable":true,"href":"https:\/\/noticiasribeiraopreto.com.br\/index.php\/wp-json\/wp\/v2\/users\/1"}],"replies":[{"embeddable":true,"href":"https:\/\/noticiasribeiraopreto.com.br\/index.php\/wp-json\/wp\/v2\/comments?post=16216"}],"version-history":[{"count":0,"href":"https:\/\/noticiasribeiraopreto.com.br\/index.php\/wp-json\/wp\/v2\/posts\/16216\/revisions"}],"wp:featuredmedia":[{"embeddable":true,"href":"https:\/\/noticiasribeiraopreto.com.br\/index.php\/wp-json\/wp\/v2\/media\/16217"}],"wp:attachment":[{"href":"https:\/\/noticiasribeiraopreto.com.br\/index.php\/wp-json\/wp\/v2\/media?parent=16216"}],"wp:term":[{"taxonomy":"category","embeddable":true,"href":"https:\/\/noticiasribeiraopreto.com.br\/index.php\/wp-json\/wp\/v2\/categories?post=16216"},{"taxonomy":"post_tag","embeddable":true,"href":"https:\/\/noticiasribeiraopreto.com.br\/index.php\/wp-json\/wp\/v2\/tags?post=16216"}],"curies":[{"name":"wp","href":"https:\/\/api.w.org\/{rel}","templated":true}]}}