{"id":16262,"date":"2023-12-15T09:47:49","date_gmt":"2023-12-15T12:47:49","guid":{"rendered":"https:\/\/noticiasribeiraopreto.com.br\/index.php\/2023\/12\/15\/venezuela-e-guiana-se-comprometem-a-nao-usar-forca\/"},"modified":"2023-12-15T09:47:49","modified_gmt":"2023-12-15T12:47:49","slug":"venezuela-e-guiana-se-comprometem-a-nao-usar-forca","status":"publish","type":"post","link":"https:\/\/noticiasribeiraopreto.com.br\/index.php\/2023\/12\/15\/venezuela-e-guiana-se-comprometem-a-nao-usar-forca\/","title":{"rendered":"Venezuela e Guiana se comprometem a n\u00e3o usar for\u00e7a"},"content":{"rendered":"<div class='code-block code-block-1' style='margin: 8px 0 8px auto; text-align: right; display: block; clear: both;'>\n<p><a href=\"https:\/\/wa.link\/vpicfd\"><img data-recalc-dims=\"1\" class=\"wp-image-4922\" style=\"aspect-ratio: 2.0253164556962027; width: 561px; height: auto;\" src=\"https:\/\/i0.wp.com\/ismaelcolosi.com.br\/wp-content\/uploads\/2023\/11\/grupo-de-empregos-whatsapp-e-facebook-ismael-colosi-vagas.jpg?ssl=1\" alt=\"\" \/><\/a><\/p>\n<!-- \/wp:image -->\n<\/div>\n<p> <br \/>\n<\/p>\n<div>\n<p>Os presidentes da Venezuela, Nicol\u00e1s Maduro, e da Guiana, Irfaan Ali (foto), assinaram uma declara\u00e7\u00e3o conjunta em que os dois pa\u00edses se comprometem a n\u00e3o usar a for\u00e7a um contra o outro \u2013 direta ou indiretamente \u2013 em nenhuma circunst\u00e2ncia. O documento deixa claro que nem a controv\u00e9rsia sobre a atual fronteira entre as duas na\u00e7\u00f5es poder\u00e1 ser motivo para agress\u00f5es m\u00fatuas.\u00a0\u00a0<noscript><img data-recalc-dims=\"1\" decoding=\"async\" src=\"https:\/\/i0.wp.com\/agenciabrasil.ebc.com.br\/ebc.png?ssl=1\"\/><\/noscript><img data-recalc-dims=\"1\" decoding=\"async\" src=\"https:\/\/i0.wp.com\/agenciabrasil.ebc.com.br\/ebc.gif?ssl=1\" class=\"lazyload\"\/><noscript><img data-recalc-dims=\"1\" decoding=\"async\" src=\"https:\/\/i0.wp.com\/agenciabrasil.ebc.com.br\/ebc.gif?ssl=1\"\/><\/noscript><\/p>\n<p>Guiana e Venezuela se comprometem, ainda, que ir\u00e3o se abster de intensificar \u2013 por palavras ou a\u00e7\u00f5es \u2013 qualquer conflito ou desacordo entre elas e que qualquer incidente eventual entre os dois Estados ser\u00e1 imediatamente levado \u00e0 Comunidade de Estados Latino-Americanos e Caribenhos (Celac), \u00e0 Comunidade Caribenha (Caricom) e ao presidente do Brasil, Luiz In\u00e1cio Lula da Silva, para que seja contido e revertido e que tenha sua recorr\u00eancia prevenida.<\/p>\n<p>Os dois presidentes se encontraram para um di\u00e1logo nessa quinta-feira (14), na ilha caribenha de S\u00e3o Vicente e Granadinas, cujo primeiro-ministro, Ralph Gonsalves, tamb\u00e9m \u00e9 presidente pro-tempore da Celac.<\/p>\n<h2>Media\u00e7\u00e3o<\/h2>\n<p>A Celac, a Caricom e autoridades de v\u00e1rios pa\u00edses, incluindo o Brasil, que foi representado pelo assessor especial da Presid\u00eancia da Rep\u00fablica, Celso Amorim, atuaram como mediadores da conversa entre Maduro e Ali.<\/p>\n<p>A declara\u00e7\u00e3o divulgada tamb\u00e9m prev\u00ea que qualquer controv\u00e9rsia entre os dois ser\u00e1 resolvida atrav\u00e9s de leis internacionais, incluindo o Acordo de Genebra, assinado em fevereiro de 1966.<\/p>\n<p>Os dois pa\u00edses se comprometem, tamb\u00e9m, com a boa vizinhan\u00e7a, a coexist\u00eancia pac\u00edfica e a unidade latino-americana, mas deixam claro, no comunicado conjunto, que divergem em rela\u00e7\u00e3o \u00e0 legitimidade da Corte Internacional de Justi\u00e7a (ICJ) como inst\u00e2ncia para decidir a controv\u00e9rsia fronteiri\u00e7a. Uma pr\u00f3xima reuni\u00e3o foi marcada para ser realizada no Brasil, no prazo de tr\u00eas meses.<\/p>\n<p>\u201cFoi um di\u00e1logo de verdades e de respeito, como deve ser aqui na Am\u00e9rica Latina e Caribe\u201d, disse Maduro, em um discurso ao desembarcar no Aeroporto de Maiquet\u00eda, na Venezuela, depois do encontro.<\/p>\n<h2>Di\u00e1logo<\/h2>\n<p>Em seu perfil, na rede social X (antigo Twitter), Ali agradeceu a sua equipe e a diplomatas internacionais pelo di\u00e1logo. \u201cEu tamb\u00e9m estendo minha gratid\u00e3o aos l\u00edderes do Caricom, Celac, Brasil, representantes do Secretariado Geral das Na\u00e7\u00f5es Unidas e ao primeiro-ministro de S\u00e3o Vicente e Granadinas por nos receber\u201d, externou.<\/p>\n<p>No in\u00edcio do m\u00eas, a Venezuela realizou uma consulta popular que aprovou a incorpora\u00e7\u00e3o de Essequibo, regi\u00e3o disputada entre os dois pa\u00edses h\u00e1 mais de um s\u00e9culo e que perfaz quase 75% do territ\u00f3rio da Guiana. O governo venezuelano tamb\u00e9m autorizou a explora\u00e7\u00e3o de recursos naturais na regi\u00e3o e nomeou um governador militar para ela.<\/p>\n<p>Desde ent\u00e3o, as tens\u00f5es entre os dois pa\u00edses aumentaram. O governo brasileiro\u00a0refor\u00e7ou as tropas militares em Roraima, que faz fronteira com os dois pa\u00edses, e defendeu a resolu\u00e7\u00e3o da controv\u00e9rsia entre as duas na\u00e7\u00f5es por meio de um di\u00e1logo mediado.<\/p>\n<\/div>\n<p><br \/>\n<br \/><a href=\"https:\/\/www.tribunaribeirao.com.br\/site\/venezuela-e-guiana-se-comprometem-a-nao-usar-forca\/\">Source link <\/a><\/p>\n<!-- CONTENT END 1 -->\n","protected":false},"excerpt":{"rendered":"<p>Os presidentes da Venezuela, Nicol\u00e1s Maduro, e da Guiana, Irfaan Ali (foto), assinaram uma declara\u00e7\u00e3o conjunta em que os dois pa\u00edses se comprometem a n\u00e3o&#8230;<\/p>\n","protected":false},"author":1,"featured_media":16263,"comment_status":"open","ping_status":"open","sticky":false,"template":"","format":"standard","meta":{"advanced_seo_description":"","jetpack_seo_html_title":"","jetpack_seo_noindex":false,"jetpack_post_was_ever_published":false,"_jetpack_newsletter_access":"","_jetpack_dont_email_post_to_subs":false,"_jetpack_newsletter_tier_id":0,"_jetpack_memberships_contains_paywalled_content":false,"_jetpack_memberships_contains_paid_content":false,"footnotes":"","jetpack_publicize_message":"","jetpack_publicize_feature_enabled":true,"jetpack_social_post_already_shared":true,"jetpack_social_options":{"image_generator_settings":{"template":"highway","default_image_id":0,"font":"","enabled":false},"version":2}},"categories":[11],"tags":[2206,299,1308,678,2207,1306],"class_list":["post-16262","post","type-post","status-publish","format-standard","has-post-thumbnail","hentry","category-noticias-de-ribeirao-preto-sp-e-regiao-ismael-colosi","tag-comprometem","tag-forca","tag-guiana","tag-nao","tag-usar","tag-venezuela"],"jetpack_publicize_connections":[],"jetpack_featured_media_url":"https:\/\/i0.wp.com\/noticiasribeiraopreto.com.br\/wp-content\/uploads\/2023\/12\/maduro-scaled.jpg?fit=1000%2C598&ssl=1","jetpack-related-posts":[{"id":14248,"url":"https:\/\/noticiasribeiraopreto.com.br\/index.php\/2023\/12\/11\/brasil-bate-a-porta-na-cara-da-venezuela-e-os-planos-de-maduro-vao-por-agua-abaixo\/","url_meta":{"origin":16262,"position":0},"title":"Brasil bate a porta na cara da Venezuela \u2014 e os planos de Maduro v\u00e3o por \u00e1gua abaixo","author":"noticiasribeiraopreto.com.br","date":"11 de December de 2023","format":false,"excerpt":"Os planos do presidente da Venezuela, Nicol\u00e1s Maduro, de tomar uma parte da Guiana est\u00e3o cada dia mais dif\u00edceis \u2014 pelo menos no que depender do Brasil.\u00a0 Nesta segunda-feira (11) foi a vez do ministro da Defesa, Jos\u00e9 M\u00facio Monteiro, enviar um recado duro ao pa\u00eds vizinho.\u00a0 M\u00facio disse que\u2026","rel":"","context":"In &quot;Dinheiro e Investimento&quot;","block_context":{"text":"Dinheiro e Investimento","link":"https:\/\/noticiasribeiraopreto.com.br\/index.php\/category\/dinheiro-e-investimento-como-fazer-como-ganhar\/"},"img":{"alt_text":"","src":"https:\/\/i0.wp.com\/noticiasribeiraopreto.com.br\/wp-content\/uploads\/2023\/12\/1702339935_27072010-26072010frp8196-628x353.jpg?fit=628%2C353&ssl=1&resize=350%2C200","width":350,"height":200,"srcset":"https:\/\/i0.wp.com\/noticiasribeiraopreto.com.br\/wp-content\/uploads\/2023\/12\/1702339935_27072010-26072010frp8196-628x353.jpg?fit=628%2C353&ssl=1&resize=350%2C200 1x, https:\/\/i0.wp.com\/noticiasribeiraopreto.com.br\/wp-content\/uploads\/2023\/12\/1702339935_27072010-26072010frp8196-628x353.jpg?fit=628%2C353&ssl=1&resize=525%2C300 1.5x"},"classes":[]},{"id":9649,"url":"https:\/\/noticiasribeiraopreto.com.br\/index.php\/2023\/12\/02\/venezuela-quer-75-do-territorio-da-guiana\/","url_meta":{"origin":16262,"position":1},"title":"Venezuela quer 75% do territ\u00f3rio da Guiana\u00a0","author":"noticiasribeiraopreto.com.br","date":"2 de December de 2023","format":false,"excerpt":"O Minist\u00e9rio da Defesa intensificou a presen\u00e7a militar em Roraima \u00e0s v\u00e9speras do referendo da Venezuela, que busca anexar a regi\u00e3o do Essequibo, equivalente a 75% do territ\u00f3rio da Guiana A disputa secular se intensificou nos \u00faltimos anos e chega ao ponto mais alto com a vota\u00e7\u00e3o, marcada para o\u2026","rel":"","context":"In &quot;Not\u00edcias de Ribeir\u00e3o Preto-SP e Regi\u00e3o&quot;","block_context":{"text":"Not\u00edcias de Ribeir\u00e3o Preto-SP e Regi\u00e3o","link":"https:\/\/noticiasribeiraopreto.com.br\/index.php\/category\/noticias-de-ribeirao-preto-sp-e-regiao-ismael-colosi\/"},"img":{"alt_text":"","src":"https:\/\/i0.wp.com\/noticiasribeiraopreto.com.br\/wp-content\/uploads\/2023\/12\/Guiana-scaled.jpg?fit=1000%2C609&ssl=1&resize=350%2C200","width":350,"height":200,"srcset":"https:\/\/i0.wp.com\/noticiasribeiraopreto.com.br\/wp-content\/uploads\/2023\/12\/Guiana-scaled.jpg?fit=1000%2C609&ssl=1&resize=350%2C200 1x, https:\/\/i0.wp.com\/noticiasribeiraopreto.com.br\/wp-content\/uploads\/2023\/12\/Guiana-scaled.jpg?fit=1000%2C609&ssl=1&resize=525%2C300 1.5x, https:\/\/i0.wp.com\/noticiasribeiraopreto.com.br\/wp-content\/uploads\/2023\/12\/Guiana-scaled.jpg?fit=1000%2C609&ssl=1&resize=700%2C400 2x"},"classes":[]},{"id":34921,"url":"https:\/\/noticiasribeiraopreto.com.br\/index.php\/2024\/02\/04\/ameaca-de-guerra-na-fronteira-por-que-o-exercito-enviou-misseis-e-blindados-para-reforcar-a-divisas-do-brasil-com-venezuela-em-roraima\/","url_meta":{"origin":16262,"position":2},"title":"Amea\u00e7a de guerra na fronteira: Por que o ex\u00e9rcito enviou m\u00edsseis e blindados para refor\u00e7ar a divisas do Brasil com Venezuela em Roraima?","author":"noticiasribeiraopreto.com.br","date":"4 de February de 2024","format":false,"excerpt":"O Ex\u00e9rcito Brasileiro enviou 50 viaturas para Roraima, das quais 28 tratam-se de ve\u00edculos blindados, em um movimento para refor\u00e7ar a fronteira do Brasil com a Venezuela e a Guiana. Os equipamentos foram recebidos na \u00faltima ter\u00e7a-feira (30) pelo General Tom\u00e1s Miguel Min\u00e9 Ribeiro Paiva, no Centro de Embarca\u00e7\u00f5es do\u2026","rel":"","context":"In &quot;Dinheiro e Investimento&quot;","block_context":{"text":"Dinheiro e Investimento","link":"https:\/\/noticiasribeiraopreto.com.br\/index.php\/category\/dinheiro-e-investimento-como-fazer-como-ganhar\/"},"img":{"alt_text":"","src":"https:\/\/i0.wp.com\/noticiasribeiraopreto.com.br\/wp-content\/uploads\/2024\/02\/Artes-SD-Mille1-715x402.jpg?fit=715%2C402&ssl=1&resize=350%2C200","width":350,"height":200,"srcset":"https:\/\/i0.wp.com\/noticiasribeiraopreto.com.br\/wp-content\/uploads\/2024\/02\/Artes-SD-Mille1-715x402.jpg?fit=715%2C402&ssl=1&resize=350%2C200 1x, https:\/\/i0.wp.com\/noticiasribeiraopreto.com.br\/wp-content\/uploads\/2024\/02\/Artes-SD-Mille1-715x402.jpg?fit=715%2C402&ssl=1&resize=525%2C300 1.5x, https:\/\/i0.wp.com\/noticiasribeiraopreto.com.br\/wp-content\/uploads\/2024\/02\/Artes-SD-Mille1-715x402.jpg?fit=715%2C402&ssl=1&resize=700%2C400 2x"},"classes":[]},{"id":10822,"url":"https:\/\/noticiasribeiraopreto.com.br\/index.php\/2023\/12\/05\/a-venezuela-vai-invadir-a-guiana-entenda-a-atrapalhada-tentativa-de-maduro-de-desviar-a-atencao-de-seu-pessimo-governo\/","url_meta":{"origin":16262,"position":3},"title":"A Venezuela vai invadir a Guiana? Entenda a atrapalhada tentativa de Maduro de desviar a aten\u00e7\u00e3o de seu p\u00e9ssimo governo","author":"noticiasribeiraopreto.com.br","date":"5 de December de 2023","format":false,"excerpt":"Durante o \u00faltimo fim de semana, os venezuelanos participaram de um plebiscito que aprovou, supostamente com mais de 95% de votos favor\u00e1veis, a proposta do presidente Maduro de anexar a regi\u00e3o de Essequibo, rica em petr\u00f3leo. Mais de 10,4 milh\u00f5es dos 20,7 milh\u00f5es de eleitores eleg\u00edveis votaram. Essa poss\u00edvel anexa\u00e7\u00e3o\u2026","rel":"","context":"In &quot;Dinheiro e Investimento&quot;","block_context":{"text":"Dinheiro e Investimento","link":"https:\/\/noticiasribeiraopreto.com.br\/index.php\/category\/dinheiro-e-investimento-como-fazer-como-ganhar\/"},"img":{"alt_text":"","src":"https:\/\/i0.wp.com\/noticiasribeiraopreto.com.br\/wp-content\/uploads\/2023\/12\/27072010-26072010frp8196-628x353.jpg?fit=628%2C353&ssl=1&resize=350%2C200","width":350,"height":200,"srcset":"https:\/\/i0.wp.com\/noticiasribeiraopreto.com.br\/wp-content\/uploads\/2023\/12\/27072010-26072010frp8196-628x353.jpg?fit=628%2C353&ssl=1&resize=350%2C200 1x, https:\/\/i0.wp.com\/noticiasribeiraopreto.com.br\/wp-content\/uploads\/2023\/12\/27072010-26072010frp8196-628x353.jpg?fit=628%2C353&ssl=1&resize=525%2C300 1.5x"},"classes":[]},{"id":81396,"url":"https:\/\/noticiasribeiraopreto.com.br\/index.php\/2026\/01\/04\/o-que-se-sabe-sobre-a-captura-de-nicolas-maduro-em-ataque-dos-eua-a-venezuela\/","url_meta":{"origin":16262,"position":4},"title":"O que se sabe sobre a captura de Nicol\u00e1s Maduro em ataque dos EUA \u00e0 Venezuela","author":"noticiasribeiraopreto.com.br","date":"4 de January de 2026","format":false,"excerpt":"O presidente dos EUA, Donald Trump, afirmou em uma rede social neste s\u00e1bado (3) que for\u00e7as americanas realizaram um ataque de grande escala contra a Venezuela e capturaram o presidente Nicol\u00e1s Maduro. O presidente americano, contudo, n\u00e3o informou para onde Maduro e a mulher foram levados. Ele e a esposa\u2026","rel":"","context":"In &quot;Not\u00edcias de Ribeir\u00e3o Preto-SP e Regi\u00e3o&quot;","block_context":{"text":"Not\u00edcias de Ribeir\u00e3o Preto-SP e Regi\u00e3o","link":"https:\/\/noticiasribeiraopreto.com.br\/index.php\/category\/noticias-de-ribeirao-preto-sp-e-regiao-ismael-colosi\/"},"img":{"alt_text":"","src":"https:\/\/i0.wp.com\/noticiasribeiraopreto.com.br\/wp-content\/uploads\/2026\/01\/maduro_2026-01-03_15-22-31.webp.webp?fit=1200%2C764&ssl=1&resize=350%2C200","width":350,"height":200,"srcset":"https:\/\/i0.wp.com\/noticiasribeiraopreto.com.br\/wp-content\/uploads\/2026\/01\/maduro_2026-01-03_15-22-31.webp.webp?fit=1200%2C764&ssl=1&resize=350%2C200 1x, https:\/\/i0.wp.com\/noticiasribeiraopreto.com.br\/wp-content\/uploads\/2026\/01\/maduro_2026-01-03_15-22-31.webp.webp?fit=1200%2C764&ssl=1&resize=525%2C300 1.5x, https:\/\/i0.wp.com\/noticiasribeiraopreto.com.br\/wp-content\/uploads\/2026\/01\/maduro_2026-01-03_15-22-31.webp.webp?fit=1200%2C764&ssl=1&resize=700%2C400 2x, https:\/\/i0.wp.com\/noticiasribeiraopreto.com.br\/wp-content\/uploads\/2026\/01\/maduro_2026-01-03_15-22-31.webp.webp?fit=1200%2C764&ssl=1&resize=1050%2C600 3x"},"classes":[]},{"id":80784,"url":"https:\/\/noticiasribeiraopreto.com.br\/index.php\/2025\/12\/13\/eua-vao-comecar-a-agir-em-terra-na-venezuela\/","url_meta":{"origin":16262,"position":5},"title":"EUA v\u00e3o come\u00e7ar a agir em terra na Venezuela","author":"noticiasribeiraopreto.com.br","date":"13 de December de 2025","format":false,"excerpt":"O presidente dos Estados Unidos, Donald Trump, afirmou que o governo americano intensificar\u00e1 os ataques contra narcotraficantes na Venezuela, revelando que a\u00e7\u00f5es terrestres no pa\u00eds ocorrer\u00e3o \u201cmuito em breve\u201d, durante um evento no Sal\u00e3o Oval na noite de quinta-feira, 11 e dezembro. Ao ser questionado por rep\u00f3rteres na Casa Branca\u2026","rel":"","context":"In &quot;Not\u00edcias de Ribeir\u00e3o Preto-SP e Regi\u00e3o&quot;","block_context":{"text":"Not\u00edcias de Ribeir\u00e3o Preto-SP e Regi\u00e3o","link":"https:\/\/noticiasribeiraopreto.com.br\/index.php\/category\/noticias-de-ribeirao-preto-sp-e-regiao-ismael-colosi\/"},"img":{"alt_text":"","src":"https:\/\/i0.wp.com\/noticiasribeiraopreto.com.br\/wp-content\/uploads\/2025\/12\/Trump-Truth-Social-Reproducao.jpg?fit=1170%2C700&ssl=1&resize=350%2C200","width":350,"height":200,"srcset":"https:\/\/i0.wp.com\/noticiasribeiraopreto.com.br\/wp-content\/uploads\/2025\/12\/Trump-Truth-Social-Reproducao.jpg?fit=1170%2C700&ssl=1&resize=350%2C200 1x, https:\/\/i0.wp.com\/noticiasribeiraopreto.com.br\/wp-content\/uploads\/2025\/12\/Trump-Truth-Social-Reproducao.jpg?fit=1170%2C700&ssl=1&resize=525%2C300 1.5x, https:\/\/i0.wp.com\/noticiasribeiraopreto.com.br\/wp-content\/uploads\/2025\/12\/Trump-Truth-Social-Reproducao.jpg?fit=1170%2C700&ssl=1&resize=700%2C400 2x, https:\/\/i0.wp.com\/noticiasribeiraopreto.com.br\/wp-content\/uploads\/2025\/12\/Trump-Truth-Social-Reproducao.jpg?fit=1170%2C700&ssl=1&resize=1050%2C600 3x"},"classes":[]}],"jetpack_sharing_enabled":true,"jetpack_shortlink":"https:\/\/wp.me\/peQAOb-4ei","_links":{"self":[{"href":"https:\/\/noticiasribeiraopreto.com.br\/index.php\/wp-json\/wp\/v2\/posts\/16262","targetHints":{"allow":["GET"]}}],"collection":[{"href":"https:\/\/noticiasribeiraopreto.com.br\/index.php\/wp-json\/wp\/v2\/posts"}],"about":[{"href":"https:\/\/noticiasribeiraopreto.com.br\/index.php\/wp-json\/wp\/v2\/types\/post"}],"author":[{"embeddable":true,"href":"https:\/\/noticiasribeiraopreto.com.br\/index.php\/wp-json\/wp\/v2\/users\/1"}],"replies":[{"embeddable":true,"href":"https:\/\/noticiasribeiraopreto.com.br\/index.php\/wp-json\/wp\/v2\/comments?post=16262"}],"version-history":[{"count":0,"href":"https:\/\/noticiasribeiraopreto.com.br\/index.php\/wp-json\/wp\/v2\/posts\/16262\/revisions"}],"wp:featuredmedia":[{"embeddable":true,"href":"https:\/\/noticiasribeiraopreto.com.br\/index.php\/wp-json\/wp\/v2\/media\/16263"}],"wp:attachment":[{"href":"https:\/\/noticiasribeiraopreto.com.br\/index.php\/wp-json\/wp\/v2\/media?parent=16262"}],"wp:term":[{"taxonomy":"category","embeddable":true,"href":"https:\/\/noticiasribeiraopreto.com.br\/index.php\/wp-json\/wp\/v2\/categories?post=16262"},{"taxonomy":"post_tag","embeddable":true,"href":"https:\/\/noticiasribeiraopreto.com.br\/index.php\/wp-json\/wp\/v2\/tags?post=16262"}],"curies":[{"name":"wp","href":"https:\/\/api.w.org\/{rel}","templated":true}]}}