{"id":16280,"date":"2023-12-15T10:22:54","date_gmt":"2023-12-15T13:22:54","guid":{"rendered":"https:\/\/noticiasribeiraopreto.com.br\/index.php\/2023\/12\/15\/definidas-banca-e-taxas-para-selecao-de-oficial-combatente\/"},"modified":"2023-12-15T10:22:54","modified_gmt":"2023-12-15T13:22:54","slug":"definidas-banca-e-taxas-para-selecao-de-oficial-combatente","status":"publish","type":"post","link":"https:\/\/noticiasribeiraopreto.com.br\/index.php\/2023\/12\/15\/definidas-banca-e-taxas-para-selecao-de-oficial-combatente\/","title":{"rendered":"definidas banca e taxas para sele\u00e7\u00e3o de oficial combatente"},"content":{"rendered":"<div class='code-block code-block-1' style='margin: 8px 0 8px auto; text-align: right; display: block; clear: both;'>\n<p><a href=\"https:\/\/wa.link\/vpicfd\"><img data-recalc-dims=\"1\" class=\"wp-image-4922\" style=\"aspect-ratio: 2.0253164556962027; width: 561px; height: auto;\" src=\"https:\/\/i0.wp.com\/ismaelcolosi.com.br\/wp-content\/uploads\/2023\/11\/grupo-de-empregos-whatsapp-e-facebook-ismael-colosi-vagas.jpg?ssl=1\" alt=\"\" \/><\/a><\/p>\n<!-- \/wp:image -->\n<\/div>\n<p> <br \/>\n<\/p>\n<div>\n<p>O novo <a href=\"https:\/\/jcconcursos.com.br\/concurso\/concurso-pm-es-78719\" rel=\"noopener\" target=\"_blank\">concurso PM ES<\/a> (Pol\u00edcia Militar do Estado do Esp\u00edrito Santo) para o cargo de oficial combatente j\u00e1 conta com banca organizadora definida. A escolhida \u00e9 o <a href=\"https:\/\/www.idecan.org.br\/\" rel=\"noopener\" target=\"_blank\">Instituto Idecan<\/a>, pelo crit\u00e9rio de dispensa de licita\u00e7\u00e3o, de acordo com documento publicado no di\u00e1rio oficial do estado da \u00faltima quinta-feira, 14 de dezembro. Com isso, o pr\u00f3ximo passo \u00e9 a assinatura do contrato, que deve ocorrer nos pr\u00f3ximos dias. Somente ap\u00f3s este procedimento poder\u00e1 ser confirmada a data precisa de publica\u00e7\u00e3o do edital. <a href=\"https:\/\/jcconcursos.com.br\/noticia\/concursos\/concurso-pm-es-formada-comissao-para-escolha-da-banca-organizadora-114150\" rel=\"noopener\" target=\"_blank\">A comiss\u00e3o para escolha da banca j\u00e1 estava formada desde 27 de julho<\/a>.\u00a0<\/p>\n<p>O concurso <a href=\"https:\/\/pm.es.gov.br\/\" rel=\"noopener\" target=\"_blank\">PM ES<\/a> contar\u00e1 com uma oferta de 40 vagas para o cargo de oficial combatente. Na \u00faltima sele\u00e7\u00e3o, a remunera\u00e7\u00e3o inicial foi de R$ 8.310,62. O valor atualizado ainda deve ser confirmado.<\/p>\n<p>Para concorrer ao cargo \u00e9 necess\u00e1rio possuir <a href=\"https:\/\/jcconcursos.com.br\/concursos\/nivel-escolar\/superior\" rel=\"noopener\" target=\"_blank\">forma\u00e7\u00e3o de n\u00edvel superior<\/a>, al\u00e9m dos seguintes requisitos:<\/p>\n<ul>\n<li>altura m\u00ednima de 1,65m para homens e 1,60m para mulheres<\/li>\n<li>carteira nacional de habilita\u00e7\u00e3o a partir da categoria \u201cB\u201d<\/li>\n<li>idade m\u00ednima, vari\u00e1vel de acordo com o cargo<\/li>\n<\/ul>\n<p>O novo documento tamb\u00e9m antecipa o valor da taxa de inscri\u00e7\u00e3o, que ser\u00e1 de R$ 93.<\/p>\n<h2>Concurso PM ES: veja publica\u00e7\u00e3o oficial<\/h2>\n<p>Pol\u00edcia Militar \u2013 PM-ES \u2013<br \/>AVISO DE DISPENSA DE LICITA\u00c7\u00c3O<br \/>O COMANDANTE GERAL DA POL\u00cdCIA MILITAR DO ESTADO DO ESP\u00cdRITO SANTO \u2013 PMES torna p\u00fablico que este \u00f3rg\u00e3o pretende contratar o INSTITUTO DE DESENVOLVIMENTO EDUCACIONAL, CULTURAL E ASSISTENCIAL NACIONAL (IDECAN), inscrito no CNPJ sob o n\u00ba 04.236.076\/0001-71 por DISPENSA DE LICITA\u00c7\u00c3O, com base no artigo 24, inc. XIII da Lei<br \/>n\u00ba 8.666\/93, objetivando a contrata\u00e7\u00e3o de Instituto para PRESTA\u00c7\u00c3O DE SERVI\u00c7O DE COORDENA\u00c7\u00c3O, ORGANIZA\u00c7\u00c3O, PLANEJAMENTO E EXECU\u00c7\u00c3O DE CONCURSO P\u00daBLICO PARA O PROVIMENTO DE CARGOS NOS QUADROS DE OFICIAIS COMBATENTES (QOCPM) DA PMES, sendo que a Contratante pagar\u00e1 \u00e0 Contratada o valor unit\u00e1rio de R$ 93,00 (noventa e tr\u00eas reais) por candidato para as provas de n\u00edvel m\u00e9dio, com previs\u00e3o do quantitativo total de 7000 (sete mil) candidatos, totalizando o valor global previsto de R$ 651.000,00 (seiscentos e cinquenta e um mil reais).<\/p>\n<p>Processo n\u00ba 2023-85GCR.<br \/>Vit\u00f3ria, 06 de dezembro de 2023.<br \/>DOUGLAS CAUS \u2013 CEL QOC<br \/>COMANDANTE GERAL DA PMES<br \/>Protocolo 1224357<\/p>\n<h2>Saiba como foi a \u00faltima sele\u00e7\u00e3o<\/h2>\n<p>O \u00faltimo <strong>concurso PM ES<\/strong> para oficiais ocorreu em 2022, quando foram oferecidas 59 vagas. Do total de postos, 57 foram para a \u00e1rea de sa\u00fade e 2 para oficiais m\u00fasicos. A banca organizadora, na ocasi\u00e3o, foi o Instituto AOCP.<\/p>\n<p>No caso de m\u00e9dicos, as oportunidades foram distribu\u00eddas entre as seguintes especialidades:<\/p>\n<ul>\n<li>cardiologia (1 vaga);<\/li>\n<li>dermatologia (1);<\/li>\n<li>neurologia (1);<\/li>\n<li>urologia (1);<\/li>\n<li>psiquiatria (2);<\/li>\n<li>pediatria (2);<\/li>\n<li>cl\u00ednico geral (5);<\/li>\n<li>reumatologia (1);<\/li>\n<li>endocrinologia (1);<\/li>\n<li>cirurgia vascular (1);<\/li>\n<li>cirurgia geral (2);<\/li>\n<li>ginecologia obstetr\u00edcia (2).<\/li>\n<\/ul>\n<p>Para dentista, as chances foram para as especialidades:<\/p>\n<ul>\n<li>cirurgi\u00e3o dentista \u2013 cl\u00ednica geral (12);<\/li>\n<li>cirurgi\u00e3o dentista -cirurgia buco \u2013 maxilo \u2013 facial (1);<\/li>\n<li>cirurgi\u00e3o dentista \u2013 periodontia (3);<\/li>\n<li>cirurgi\u00e3o dentista \u2013 odontopediatria (2);<\/li>\n<li>cirurgi\u00e3o dentista \u2013 endodontia (2).<\/li>\n<\/ul>\n<p>A sele\u00e7\u00e3o foi composta das seguintes etapas:<\/p>\n<ul>\n<li>provas objetiva e discursiva, de car\u00e1ter eliminat\u00f3rio e classificat\u00f3rio;<\/li>\n<li>aferi\u00e7\u00e3o da idade m\u00e1xima e dos t\u00edtulos, de car\u00e1ter eliminat\u00f3rio e classificat\u00f3rio;<\/li>\n<li>teste de aptid\u00e3o f\u00edsica, de car\u00e1ter eliminat\u00f3rio;<\/li>\n<li>avalia\u00e7\u00e3o psicol\u00f3gica, de car\u00e1ter eliminat\u00f3rio;<\/li>\n<li>prova pr\u00e1tica de m\u00fasica, de car\u00e1ter eliminat\u00f3rio;<\/li>\n<li>investiga\u00e7\u00e3o social, de car\u00e1ter eliminat\u00f3rio;<\/li>\n<li>inspe\u00e7\u00e3o de sa\u00fade, de car\u00e1ter eliminat\u00f3rio.<\/li>\n<\/ul>\n<p><a id=\"gnews_btn\" href=\"https:\/\/news.google.com\/publications\/CAAqBwgKMOixlQswuZWrAw\" target=\"_blank\" class=\"border_jc_blue link_hover_bg_jc_blue font_85 d-block d-md-inline-block px-2 py-1 mr-0 mr-md-2 mb-3 w-100 text-center\" rel=\"noopener\"><span class=\"text_jc_blue\">Siga o <strong>JC Concursos no Google News<\/strong><\/span><\/a><span id=\"resumo\" class=\"anchor_link\"\/><a href=\"https:\/\/jcconcursos.com.br\/\" class=\"badge badge-light\">concursos<\/a><a href=\"https:\/\/jcconcursos.com.br\/concursos\/es\" class=\"badge badge-light\">concursos es (esp\u00edrito santo)<\/a><a href=\"https:\/\/jcconcursos.com.br\/concursos\/previstos\" class=\"badge badge-light\">concursos 2023<\/a><a href=\"https:\/\/jcconcursos.com.br\/provas\/por-orgao\" class=\"badge badge-light\">provas anteriores<\/a><\/p>\n<\/div>\n<p><br \/>\n<br \/><a href=\"https:\/\/ismaelcolosi.com.br\/definidas-banca-e-taxas-para-selecao-de-oficial-combatente\/\">Source link <\/a><\/p>\n<!-- CONTENT END 1 -->\n","protected":false},"excerpt":{"rendered":"<p>O novo concurso PM ES (Pol\u00edcia Militar do Estado do Esp\u00edrito Santo) para o cargo de oficial combatente j\u00e1 conta com banca organizadora definida. A&#8230;<\/p>\n","protected":false},"author":1,"featured_media":16281,"comment_status":"open","ping_status":"open","sticky":false,"template":"","format":"standard","meta":{"advanced_seo_description":"","jetpack_seo_html_title":"","jetpack_seo_noindex":false,"jetpack_post_was_ever_published":false,"_jetpack_newsletter_access":"","_jetpack_dont_email_post_to_subs":false,"_jetpack_newsletter_tier_id":0,"_jetpack_memberships_contains_paywalled_content":false,"_jetpack_memberships_contains_paid_content":false,"footnotes":"","jetpack_publicize_message":"","jetpack_publicize_feature_enabled":true,"jetpack_social_post_already_shared":true,"jetpack_social_options":{"image_generator_settings":{"template":"highway","default_image_id":0,"font":"","enabled":false},"version":2}},"categories":[7],"tags":[],"class_list":["post-16280","post","type-post","status-publish","format-standard","has-post-thumbnail","hentry","category-vagas-de-empregos-em-ribeirao-preto-regiao-brasil"],"jetpack_publicize_connections":[],"jetpack_featured_media_url":"https:\/\/i0.wp.com\/noticiasribeiraopreto.com.br\/wp-content\/uploads\/2023\/12\/concurso-pm-es-oficial-1.jpg?fit=1920%2C1080&ssl=1","jetpack-related-posts":[{"id":21663,"url":"https:\/\/noticiasribeiraopreto.com.br\/index.php\/2023\/12\/28\/definida-banca-para-novo-edital-de-tecnicos-e-analistas-2\/","url_meta":{"origin":16280,"position":0},"title":"definida banca para novo edital de t\u00e9cnicos e analistas","author":"noticiasribeiraopreto.com.br","date":"28 de December de 2023","format":false,"excerpt":"Um novo concurso TRF 1 (Tribunal Regional Federal da 1 Regi\u00e3o) deve ser realizado em breve. O primeiro passo ocorreu nesta quinta-feira, 28 de dezembro, com a publica\u00e7\u00e3o, no di\u00e1rio oficial da Un\u00e3o, do nome da banca organizadora, que ser\u00e1 a Funda\u00e7\u00e3o Get\u00falio Vargas (FGV), escolhida pelo crit\u00e9rio de dispensa\u2026","rel":"","context":"In &quot;Vagas de Emprego em Ribeir\u00e3o Preto-SP&quot;","block_context":{"text":"Vagas de Emprego em Ribeir\u00e3o Preto-SP","link":"https:\/\/noticiasribeiraopreto.com.br\/index.php\/category\/empregos-classificados-vagas-trabalho\/vagas-de-empregos-em-ribeirao-preto-regiao-brasil\/"},"img":{"alt_text":"","src":"https:\/\/i0.wp.com\/noticiasribeiraopreto.com.br\/wp-content\/uploads\/2023\/12\/trf__1_novo.jpg?fit=1200%2C675&ssl=1&resize=350%2C200","width":350,"height":200,"srcset":"https:\/\/i0.wp.com\/noticiasribeiraopreto.com.br\/wp-content\/uploads\/2023\/12\/trf__1_novo.jpg?fit=1200%2C675&ssl=1&resize=350%2C200 1x, https:\/\/i0.wp.com\/noticiasribeiraopreto.com.br\/wp-content\/uploads\/2023\/12\/trf__1_novo.jpg?fit=1200%2C675&ssl=1&resize=525%2C300 1.5x, https:\/\/i0.wp.com\/noticiasribeiraopreto.com.br\/wp-content\/uploads\/2023\/12\/trf__1_novo.jpg?fit=1200%2C675&ssl=1&resize=700%2C400 2x, https:\/\/i0.wp.com\/noticiasribeiraopreto.com.br\/wp-content\/uploads\/2023\/12\/trf__1_novo.jpg?fit=1200%2C675&ssl=1&resize=1050%2C600 3x"},"classes":[]},{"id":15164,"url":"https:\/\/noticiasribeiraopreto.com.br\/index.php\/2023\/12\/13\/definida-banca-para-mais-de-40-cargos\/","url_meta":{"origin":16280,"position":1},"title":"definida banca para mais de 40 cargos","author":"noticiasribeiraopreto.com.br","date":"13 de December de 2023","format":false,"excerpt":"O novo concurso Prefeitura de S\u00e3o Bernardo do Campo SP, no ABC paulista, j\u00e1 conta com banca organizadora definida. A escolhida \u00e9 a Funda\u00e7\u00e3o Vunesp, pelo crit\u00e9rio de dispensa de licita\u00e7\u00e3o, de acordo com documento publicado no di\u00e1rio oficial desta quarta-feira, 13 de dezembro. Com isso, o pr\u00f3ximo passo \u00e9\u2026","rel":"","context":"In &quot;Vagas de Emprego em Ribeir\u00e3o Preto-SP&quot;","block_context":{"text":"Vagas de Emprego em Ribeir\u00e3o Preto-SP","link":"https:\/\/noticiasribeiraopreto.com.br\/index.php\/category\/empregos-classificados-vagas-trabalho\/vagas-de-empregos-em-ribeirao-preto-regiao-brasil\/"},"img":{"alt_text":"","src":"https:\/\/i0.wp.com\/noticiasribeiraopreto.com.br\/wp-content\/uploads\/2023\/12\/concurso-prefeitura-sao-bernardo-do-campo-sp.jpg?fit=1200%2C675&ssl=1&resize=350%2C200","width":350,"height":200,"srcset":"https:\/\/i0.wp.com\/noticiasribeiraopreto.com.br\/wp-content\/uploads\/2023\/12\/concurso-prefeitura-sao-bernardo-do-campo-sp.jpg?fit=1200%2C675&ssl=1&resize=350%2C200 1x, https:\/\/i0.wp.com\/noticiasribeiraopreto.com.br\/wp-content\/uploads\/2023\/12\/concurso-prefeitura-sao-bernardo-do-campo-sp.jpg?fit=1200%2C675&ssl=1&resize=525%2C300 1.5x, https:\/\/i0.wp.com\/noticiasribeiraopreto.com.br\/wp-content\/uploads\/2023\/12\/concurso-prefeitura-sao-bernardo-do-campo-sp.jpg?fit=1200%2C675&ssl=1&resize=700%2C400 2x, https:\/\/i0.wp.com\/noticiasribeiraopreto.com.br\/wp-content\/uploads\/2023\/12\/concurso-prefeitura-sao-bernardo-do-campo-sp.jpg?fit=1200%2C675&ssl=1&resize=1050%2C600 3x"},"classes":[]},{"id":18899,"url":"https:\/\/noticiasribeiraopreto.com.br\/index.php\/2023\/12\/21\/definida-banca-para-cargos-de-niveis-medio-e-superior-3\/","url_meta":{"origin":16280,"position":2},"title":"definida banca para cargos de n\u00edveis m\u00e9dio e superior","author":"noticiasribeiraopreto.com.br","date":"21 de December de 2023","format":false,"excerpt":"O novo concurso CRF PI (Conselho Regional de Farm\u00e1cia do Piau\u00ed) j\u00e1 conta com banca organizadora definida. A escolhida \u00e9 a Gabriel Excel\u00eancia, pelo crit\u00e9rio de carta convite, de acordo com documento publicado no di\u00e1rio oficial da Uni\u00e3o desta quinta-feira, 21 de dezembro. Com isso, o pr\u00f3ximo passo \u00e9 a\u2026","rel":"","context":"In &quot;Vagas de Emprego em Ribeir\u00e3o Preto-SP&quot;","block_context":{"text":"Vagas de Emprego em Ribeir\u00e3o Preto-SP","link":"https:\/\/noticiasribeiraopreto.com.br\/index.php\/category\/empregos-classificados-vagas-trabalho\/vagas-de-empregos-em-ribeirao-preto-regiao-brasil\/"},"img":{"alt_text":"","src":"https:\/\/i0.wp.com\/noticiasribeiraopreto.com.br\/wp-content\/uploads\/2023\/12\/crf_pi_novooo.jpg?fit=1200%2C675&ssl=1&resize=350%2C200","width":350,"height":200,"srcset":"https:\/\/i0.wp.com\/noticiasribeiraopreto.com.br\/wp-content\/uploads\/2023\/12\/crf_pi_novooo.jpg?fit=1200%2C675&ssl=1&resize=350%2C200 1x, https:\/\/i0.wp.com\/noticiasribeiraopreto.com.br\/wp-content\/uploads\/2023\/12\/crf_pi_novooo.jpg?fit=1200%2C675&ssl=1&resize=525%2C300 1.5x, https:\/\/i0.wp.com\/noticiasribeiraopreto.com.br\/wp-content\/uploads\/2023\/12\/crf_pi_novooo.jpg?fit=1200%2C675&ssl=1&resize=700%2C400 2x, https:\/\/i0.wp.com\/noticiasribeiraopreto.com.br\/wp-content\/uploads\/2023\/12\/crf_pi_novooo.jpg?fit=1200%2C675&ssl=1&resize=1050%2C600 3x"},"classes":[]},{"id":17385,"url":"https:\/\/noticiasribeiraopreto.com.br\/index.php\/2023\/12\/18\/definida-banca-organizadora-para-edital-com-260-vagas\/","url_meta":{"origin":16280,"position":3},"title":"definida banca organizadora para edital com 260 vagas","author":"noticiasribeiraopreto.com.br","date":"18 de December de 2023","format":false,"excerpt":"Um novo concurso SEAP PR (Secretaria de Planejamento e Previd\u00eancia Social do Paran\u00e1) deve ser realizado em breve, para o preenchimento de 260 vagas, para cargos de n\u00edveis m\u00e9dio, t\u00e9cnico e superior, com remunera\u00e7\u00f5es iniciais que variam de R$ 4.231,60 a R$ 7.616,80. De acordo com informa\u00e7\u00f5es preliminares, a sele\u00e7\u00e3o\u2026","rel":"","context":"In &quot;Vagas de Emprego em Ribeir\u00e3o Preto-SP&quot;","block_context":{"text":"Vagas de Emprego em Ribeir\u00e3o Preto-SP","link":"https:\/\/noticiasribeiraopreto.com.br\/index.php\/category\/empregos-classificados-vagas-trabalho\/vagas-de-empregos-em-ribeirao-preto-regiao-brasil\/"},"img":{"alt_text":"","src":"https:\/\/i0.wp.com\/noticiasribeiraopreto.com.br\/wp-content\/uploads\/2023\/12\/seap_pr.jpg?fit=1200%2C675&ssl=1&resize=350%2C200","width":350,"height":200,"srcset":"https:\/\/i0.wp.com\/noticiasribeiraopreto.com.br\/wp-content\/uploads\/2023\/12\/seap_pr.jpg?fit=1200%2C675&ssl=1&resize=350%2C200 1x, https:\/\/i0.wp.com\/noticiasribeiraopreto.com.br\/wp-content\/uploads\/2023\/12\/seap_pr.jpg?fit=1200%2C675&ssl=1&resize=525%2C300 1.5x, https:\/\/i0.wp.com\/noticiasribeiraopreto.com.br\/wp-content\/uploads\/2023\/12\/seap_pr.jpg?fit=1200%2C675&ssl=1&resize=700%2C400 2x, https:\/\/i0.wp.com\/noticiasribeiraopreto.com.br\/wp-content\/uploads\/2023\/12\/seap_pr.jpg?fit=1200%2C675&ssl=1&resize=1050%2C600 3x"},"classes":[]},{"id":16618,"url":"https:\/\/noticiasribeiraopreto.com.br\/index.php\/2023\/12\/15\/concurso-anatel-banca-e-definida-e-edital-confirmado-50-vagas-com-salarios-ate-r-17-mil\/","url_meta":{"origin":16280,"position":4},"title":"Concurso ANATEL: banca \u00e9 definida e edital confirmado; 50 vagas com sal\u00e1rios at\u00e9 R$ 17 mil","author":"noticiasribeiraopreto.com.br","date":"15 de December de 2023","format":false,"excerpt":"Mesmo com o prazo apertado, a ANATEL conseguir realizar a defini\u00e7\u00e3o da banca. Edital est\u00e1 previsto para janeiro. O concurso ANATEL j\u00e1 tem banca organizadora. A estatal revelou que a empresa contratada para dar seguimento ao edital \u00e9 o Cebraspe. Agora, com a defini\u00e7\u00e3o da banca, a expectativa \u00e9 pela\u2026","rel":"","context":"In &quot;Vagas de Emprego em Ribeir\u00e3o Preto-SP&quot;","block_context":{"text":"Vagas de Emprego em Ribeir\u00e3o Preto-SP","link":"https:\/\/noticiasribeiraopreto.com.br\/index.php\/category\/empregos-classificados-vagas-trabalho\/vagas-de-empregos-em-ribeirao-preto-regiao-brasil\/"},"img":{"alt_text":"","src":"https:\/\/i0.wp.com\/noticiasribeiraopreto.com.br\/wp-content\/uploads\/2023\/12\/noticiasconcursos.com_.br-anatel-capa.jpg?fit=1200%2C877&ssl=1&resize=350%2C200","width":350,"height":200,"srcset":"https:\/\/i0.wp.com\/noticiasribeiraopreto.com.br\/wp-content\/uploads\/2023\/12\/noticiasconcursos.com_.br-anatel-capa.jpg?fit=1200%2C877&ssl=1&resize=350%2C200 1x, https:\/\/i0.wp.com\/noticiasribeiraopreto.com.br\/wp-content\/uploads\/2023\/12\/noticiasconcursos.com_.br-anatel-capa.jpg?fit=1200%2C877&ssl=1&resize=525%2C300 1.5x, https:\/\/i0.wp.com\/noticiasribeiraopreto.com.br\/wp-content\/uploads\/2023\/12\/noticiasconcursos.com_.br-anatel-capa.jpg?fit=1200%2C877&ssl=1&resize=700%2C400 2x, https:\/\/i0.wp.com\/noticiasribeiraopreto.com.br\/wp-content\/uploads\/2023\/12\/noticiasconcursos.com_.br-anatel-capa.jpg?fit=1200%2C877&ssl=1&resize=1050%2C600 3x"},"classes":[]},{"id":21711,"url":"https:\/\/noticiasribeiraopreto.com.br\/index.php\/2023\/12\/28\/edital-sai-a-qualquer-momento-segundo-governador-2\/","url_meta":{"origin":16280,"position":5},"title":"edital sai a qualquer momento, segundo governador","author":"noticiasribeiraopreto.com.br","date":"28 de December de 2023","format":false,"excerpt":"A publica\u00e7\u00e3o do edital do novo concurso Idaf ES (Instituto de Defesa Agropecu\u00e1ria e Florestal do Estado do Esp\u00edrito Santo) deve ocorrer a qualquer momento. A confirma\u00e7\u00e3o foi feita pelo governador Renato Casagrande, em entrevista recente para a CBN Vit\u00f3ria. \u201cVamos publicar o edital do concurso Idaf ES agora\u201d, disse.\u2026","rel":"","context":"In &quot;Vagas de Emprego em Ribeir\u00e3o Preto-SP&quot;","block_context":{"text":"Vagas de Emprego em Ribeir\u00e3o Preto-SP","link":"https:\/\/noticiasribeiraopreto.com.br\/index.php\/category\/empregos-classificados-vagas-trabalho\/vagas-de-empregos-em-ribeirao-preto-regiao-brasil\/"},"img":{"alt_text":"","src":"https:\/\/i0.wp.com\/noticiasribeiraopreto.com.br\/wp-content\/uploads\/2023\/12\/idaf_es_novoo.jpg?fit=1200%2C675&ssl=1&resize=350%2C200","width":350,"height":200,"srcset":"https:\/\/i0.wp.com\/noticiasribeiraopreto.com.br\/wp-content\/uploads\/2023\/12\/idaf_es_novoo.jpg?fit=1200%2C675&ssl=1&resize=350%2C200 1x, https:\/\/i0.wp.com\/noticiasribeiraopreto.com.br\/wp-content\/uploads\/2023\/12\/idaf_es_novoo.jpg?fit=1200%2C675&ssl=1&resize=525%2C300 1.5x, https:\/\/i0.wp.com\/noticiasribeiraopreto.com.br\/wp-content\/uploads\/2023\/12\/idaf_es_novoo.jpg?fit=1200%2C675&ssl=1&resize=700%2C400 2x, https:\/\/i0.wp.com\/noticiasribeiraopreto.com.br\/wp-content\/uploads\/2023\/12\/idaf_es_novoo.jpg?fit=1200%2C675&ssl=1&resize=1050%2C600 3x"},"classes":[]}],"jetpack_sharing_enabled":true,"jetpack_shortlink":"https:\/\/wp.me\/peQAOb-4eA","_links":{"self":[{"href":"https:\/\/noticiasribeiraopreto.com.br\/index.php\/wp-json\/wp\/v2\/posts\/16280","targetHints":{"allow":["GET"]}}],"collection":[{"href":"https:\/\/noticiasribeiraopreto.com.br\/index.php\/wp-json\/wp\/v2\/posts"}],"about":[{"href":"https:\/\/noticiasribeiraopreto.com.br\/index.php\/wp-json\/wp\/v2\/types\/post"}],"author":[{"embeddable":true,"href":"https:\/\/noticiasribeiraopreto.com.br\/index.php\/wp-json\/wp\/v2\/users\/1"}],"replies":[{"embeddable":true,"href":"https:\/\/noticiasribeiraopreto.com.br\/index.php\/wp-json\/wp\/v2\/comments?post=16280"}],"version-history":[{"count":0,"href":"https:\/\/noticiasribeiraopreto.com.br\/index.php\/wp-json\/wp\/v2\/posts\/16280\/revisions"}],"wp:featuredmedia":[{"embeddable":true,"href":"https:\/\/noticiasribeiraopreto.com.br\/index.php\/wp-json\/wp\/v2\/media\/16281"}],"wp:attachment":[{"href":"https:\/\/noticiasribeiraopreto.com.br\/index.php\/wp-json\/wp\/v2\/media?parent=16280"}],"wp:term":[{"taxonomy":"category","embeddable":true,"href":"https:\/\/noticiasribeiraopreto.com.br\/index.php\/wp-json\/wp\/v2\/categories?post=16280"},{"taxonomy":"post_tag","embeddable":true,"href":"https:\/\/noticiasribeiraopreto.com.br\/index.php\/wp-json\/wp\/v2\/tags?post=16280"}],"curies":[{"name":"wp","href":"https:\/\/api.w.org\/{rel}","templated":true}]}}