{"id":16313,"date":"2023-12-15T11:34:26","date_gmt":"2023-12-15T14:34:26","guid":{"rendered":"https:\/\/noticiasribeiraopreto.com.br\/index.php\/2023\/12\/15\/jac-e-uber-se-unem-em-parceria-para-oferecer-e-js1-com-preco-especial\/"},"modified":"2023-12-15T11:34:26","modified_gmt":"2023-12-15T14:34:26","slug":"jac-e-uber-se-unem-em-parceria-para-oferecer-e-js1-com-preco-especial","status":"publish","type":"post","link":"https:\/\/noticiasribeiraopreto.com.br\/index.php\/2023\/12\/15\/jac-e-uber-se-unem-em-parceria-para-oferecer-e-js1-com-preco-especial\/","title":{"rendered":"JAC e Uber se unem em parceria para oferecer E-JS1 com pre\u00e7o especial"},"content":{"rendered":"<div class='code-block code-block-1' style='margin: 8px 0 8px auto; text-align: right; display: block; clear: both;'>\n<p><a href=\"https:\/\/wa.link\/vpicfd\"><img data-recalc-dims=\"1\" class=\"wp-image-4922\" style=\"aspect-ratio: 2.0253164556962027; width: 561px; height: auto;\" src=\"https:\/\/i0.wp.com\/ismaelcolosi.com.br\/wp-content\/uploads\/2023\/11\/grupo-de-empregos-whatsapp-e-facebook-ismael-colosi-vagas.jpg?ssl=1\" alt=\"\" \/><\/a><\/p>\n<!-- \/wp:image -->\n<\/div>\n<p> <br \/>\n<\/p>\n<div>\n<figure><picture><source srcset=\"https:\/\/clickpetroleoegas.com.br\/wp-content\/uploads\/2023\/12\/jac-e-uber-se-unem-em-parceria-para-oferecer-ejs1-com-preco-especial-830x450.jpg.webp\" type=\"image\/webp\"><img data-recalc-dims=\"1\" loading=\"lazy\" width=\"830\" height=\"450\" src=\"https:\/\/i0.wp.com\/clickpetroleoegas.com.br\/wp-content\/uploads\/2023\/12\/jac-e-uber-se-unem-em-parceria-para-oferecer-ejs1-com-preco-especial-830x450.jpg?resize=830%2C450&#038;ssl=1\" class=\"fdnw-post-thumbnail fdnw-first-card-thumbnail wp-post-image\" alt=\"alian\u00e7a, colabora\u00e7\u00e3o, acordo\" decoding=\"async\" data-eio=\"p\"\/><\/source><\/picture><figcaption class=\"fdnw-image-caption\">jac-e-js1-br \u2013 Todos os direitos: Insideevs Uol<\/figcaption><\/figure>\n<p>A Uber e a JAC Motors anunciaram uma nova **parceria** estrat\u00e9gica no mercado brasileiro, visando promover a promo\u00e7\u00e3o da mobilidade el\u00e9trica. A partir de hoje (14), os motoristas parceiros da Uber ter\u00e3o acesso a condi\u00e7\u00f5es especiais para adquirir o compacto el\u00e9trico E-JS1 da JAC Motors, com o intuito de incentivar a utiliza\u00e7\u00e3o de ve\u00edculos el\u00e9tricos na <a href=\"https:\/\/clickpetroleoegas.com.br\/rede-graal-e-abb-avancam-na-recarga-de-veiculos-eletricos\/\">frota<\/a> da Uber e reduzir os custos de opera\u00e7\u00e3o dos profissionais.<\/p>\n<p>Essa **alian\u00e7a** entre as duas empresas representa um avan\u00e7o significativo na busca por solu\u00e7\u00f5es mais sustent\u00e1veis no setor de transporte urbano, mostrando o compromisso comum com a redu\u00e7\u00e3o das emiss\u00f5es de carbono e o impacto ambiental. A **colabora\u00e7\u00e3o** entre a Uber e a JAC Motors refor\u00e7a o comprometimento das empresas em oferecer alternativas mais eficientes e menos poluentes para atender \u00e0s demandas da sociedade atual.<\/p>\n<p> <span class=\"fdnw-card-article-related\"> <span class=\"h4 fdnw-card-article-related-title\">Artigos recomendados<\/span> <\/span> <\/p>\n<p>De acordo com o acordo estabelecido, os motoristas Uber ter\u00e3o a oportunidade de adquirir o ve\u00edculo <a href=\"https:\/\/clickpetroleoegas.com.br\/copia-do-ford-ecosport-conheca-o-byd-yuan-pro-compacto-eletrico-chines-chega-com-preco-competitivo-e-lista-robusta-de-equipamentos\/\" target=\"_blank\" rel=\"noopener\">compacto el\u00e9trico<\/a> E-JS1 com pre\u00e7o de <a href=\"https:\/\/clickpetroleoegas.com.br\/desenvolvedora-de-softwares-para-empresas-do-segmento-de-logistica-transportes-e-frotistas-esta-com-30-vagas-de-emprego-para-as-areas-tecnica-comercial-administrativa-marketing-e-atendimento-a-cl\/\" target=\"_blank\" rel=\"noopener\">frotista<\/a>, al\u00e9m de receber <a href=\"https:\/\/pt.wikipedia.org\/wiki\/Renault_Twingo\" target=\"_blank\" rel=\"noopener nofollow\" class=\"external\">wallbox<\/a> e <a href=\"https:\/\/clickpetroleoegas.com.br\/multinacional-suica-desenvolve-carregador-portatil-para-carros-eletricos\/\" target=\"_blank\" rel=\"noopener\">carregador port\u00e1til<\/a>. Al\u00e9m disso, ter\u00e3o <a href=\"https:\/\/clickpetroleoegas.com.br\/realize-o-sonho-de-dirigir-um-jeep-montadora-oferece-100-do-valor-da-fipe-no-seu-veiculo-seminovo-e-descontos-de-mais-de-r-10000-reais\/\" target=\"_blank\" rel=\"noopener\">descontos<\/a> de 25% em todos os servi\u00e7os de p\u00f3s-venda e prioridade nas oficinas autorizadas para <a href=\"https:\/\/clickpetroleoegas.com.br\/mercado-livre-de-energia-acolhe-eckisil-em-parceria-com-a-2w-ecobank-e-previsoes-de-economia-notaveis\/\" target=\"_blank\" rel=\"noopener\">revis\u00f5es<\/a> e <a href=\"https:\/\/clickpetroleoegas.com.br\/sao-59-vagas-de-emprego-na-tecnogera-geradores-com-oportunidades-offshore-para-manutencao-mecanicos-e-motoristas\/\" target=\"_blank\" rel=\"noopener\">manuten\u00e7\u00e3o<\/a>. O valor original do E-JS1 \u00e9 de R$ 126.900, tornando esta parceria especialmente vantajosa.<\/p>\n<h2 class=\"wp-block-heading\" id=\"h-jac-ejs1-alianca-e-beneficios-para-os-motoristas\">JAC e-JS1 \u2013 Alian\u00e7a e benef\u00edcios para os motoristas<\/h2>\n<p>A JAC Motors destaca que essa parceria foi criada com foco nos profissionais que realizam mais de 200 km di\u00e1rios, muitas vezes gastando mais de R$ 100 por dia com gasolina. Com o E-JS1, os custos estimados tendem a cair R$ 10 di\u00e1rios com as <a href=\"https:\/\/clickpetroleoegas.com.br\/carros-eletricos-podem-superar-recargas-de-um-iphone\/\" target=\"_blank\" rel=\"noopener\">recargas<\/a>. Sergio Habib, presidente da JAC Motors Brasil, ressalta que o benef\u00edcio \u00e9 equivalente a abastecer o ve\u00edculo com gasolina pelo valor m\u00e9dio de R$ 0,50 por litro, quando utilizando energia gratuita. <\/p>\n<p>Mecanicamente, o compacto E-JS1 apresenta um conjunto formado por motor el\u00e9trico com 45 kW (62 cv) de pot\u00eancia e 15,3 kgfm de torque. Segundo dados de f\u00e1brica, o ve\u00edculo atinge a acelera\u00e7\u00e3o de 0 a 100 km\/h em 10,7 segundos. A bateria de l\u00edtio-ferro-fosfato possui 30,2 kWh de capacidade e proporciona uma autonomia de 161 km pelo padr\u00e3o Inmetro ou 250 km na vida real.<\/p>\n<h2 class=\"wp-block-heading\" id=\"h-beneficios-e-facilidades-de-recarga-para-os-motoristas\">Benef\u00edcios e facilidades de recarga para os motoristas<\/h2>\n<p>As op\u00e7\u00f5es de recarga tamb\u00e9m s\u00e3o um destaque para os motoristas. A recarga r\u00e1pida em <a href=\"https:\/\/clickpetroleoegas.com.br\/assai-atacadista-otimizara-eficiencia-de-eletropostos-para-carregamento-de-veiculos-eletricos-da-sua-rede-em-parceria-com-duas-empresas-que-atuam-no-segmento-de-mobilidade-eletrica-e-transicao-energet\/\" target=\"_blank\" rel=\"noopener\">eletropostos<\/a> (de 15% a 85%) leva apenas 1 hora. Com um carregador dom\u00e9stico do tipo wallbox de 7 kW, o tempo sobe para 3,5 horas, e em uma tomada caseira, a carga completa (0% a 100%) requer 11 horas. Essas facilidades evidenciam a preocupa\u00e7\u00e3o da JAC Motors em oferecer solu\u00e7\u00f5es pr\u00e1ticas e eficientes para os usu\u00e1rios de ve\u00edculos <a href=\"https:\/\/clickpetroleoegas.com.br\/rede-graal-e-abb-avancam-na-recarga-de-veiculos-eletricos\/\" target=\"_blank\" rel=\"noopener\">el\u00e9tricos<\/a>.<\/p>\n<p>Fonte: <b>Insideevs Uol<\/b><\/p>\n<div class=\"code-block code-block-10\" style=\"margin: 8px auto; text-align: center; display: block; clear: both;\">\n<hr class=\"wp-block-separator has-alpha-channel-opacity is-style-wide\"\/>\n<p>Voc\u00ea quer receber apenas not\u00edcias e vagas de emprego do seu interesse? A solu\u00e7\u00e3o chegou atrav\u00e9s do app <a href=\"https:\/\/play.google.com\/store\/apps\/details?id=com.clickpetroleoapp&amp;hl=pt&amp;gl=US\" class=\"external\" rel=\"nofollow noopener\" target=\"_blank\"><strong>CPG VAGAS E NOT\u00cdCIAS!<\/strong><\/a> Se voc\u00ea \u00e9 pintor, vai receber no seu celular apenas oportunidades neste cargo. E ser\u00e1 assim com pedreiro, t\u00e9cnico, engenheiro e etc\u2026.. N\u00e3o perca nada do que acontece no mercado de trabalho e econ\u00f4mico do Brasil, baixe agora o app <a href=\"https:\/\/play.google.com\/store\/apps\/details?id=com.clickpetroleoapp&amp;hl=pt&amp;gl=US\" class=\"external\" rel=\"nofollow noopener\" target=\"_blank\">CPG VAGAS E NOT\u00cdCIAS, dispon\u00edvel para Android e IOS!<\/a><\/p>\n<figure class=\"wp-block-image aligncenter size-full\"><a href=\"https:\/\/play.google.com\/store\/apps\/details?id=com.clickpetroleoapp&amp;hl=pt&amp;gl=US\" target=\"_blank\" rel=\"noreferrer noopener nofollow\" class=\"external\"><img data-recalc-dims=\"1\" decoding=\"async\" width=\"1280\" height=\"387\" alt=\"APP CPG VAGAS E NOT\u00cdCIAS\" class=\"wp-image-105306 ewww_webp_lazy_load lazy\" src=\"https:\/\/i0.wp.com\/clickpetroleoegas.com.br\/wp-content\/uploads\/2023\/09\/Aplicativo-de-vagas-de-empregos-e-noticias-da-sua-regiao.jpg.webp?resize=1280%2C387&#038;ssl=1\" loading=\"lazy\"\/><noscript><img data-recalc-dims=\"1\" loading=\"lazy\" decoding=\"async\" width=\"1280\" height=\"387\" alt=\"APP CPG VAGAS E NOT\u00cdCIAS\" class=\"wp-image-105306 ewww_webp_lazy_load\" src=\"https:\/\/i0.wp.com\/clickpetroleoegas.com.br\/wp-content\/uploads\/2023\/09\/Aplicativo-de-vagas-de-empregos-e-noticias-da-sua-regiao.jpg.webp?resize=1280%2C387&#038;ssl=1\"\/><\/noscript><noscript><img data-recalc-dims=\"1\" loading=\"lazy\" decoding=\"async\" width=\"1280\" height=\"387\" src=\"https:\/\/i0.wp.com\/clickpetroleoegas.com.br\/wp-content\/uploads\/2023\/09\/Aplicativo-de-vagas-de-empregos-e-noticias-da-sua-regiao.jpg?resize=1280%2C387&#038;ssl=1\" alt=\"APP CPG VAGAS E NOT\u00cdCIAS\" class=\"wp-image-105306\"\/><\/noscript><\/a><\/figure>\n<\/p><\/div>\n<\/p><\/div>\n<p><script type=\"text\/plain\" data-service=\"facebook\" data-category=\"marketing\">\n!function(f,b,e,v,n,t,s)\n{if(f.fbq)return;n=f.fbq=function(){n.callMethod?\nn.callMethod.apply(n,arguments):n.queue.push(arguments)};\nif(!f._fbq)f._fbq=n;n.push=n;n.loaded=!0;n.version='2.0';\nn.queue=[];t=b.createElement(e);t.async=!0;\nt.src=v;s=b.getElementsByTagName(e)[0];\ns.parentNode.insertBefore(t,s)}(window, document,'script',\n'https:\/\/connect.facebook.net\/en_US\/fbevents.js');\nfbq('init', '5536651029690406');\nfbq('track', 'PageView');\n<\/script><script type=\"text\/plain\" data-service=\"facebook\" data-category=\"marketing\" async defer crossorigin=\"anonymous\" data-rocket-data-cmplz-src=\"https:\/\/connect.facebook.net\/en_US\/sdk.js#xfbml=1&#038;version=v12.0&amp;appId=1127332727839552&#038;autoLogAppEvents=1\">\n<\/script><br \/>\n<br \/><br \/>\n<br \/><a href=\"https:\/\/ismaelcolosi.com.br\/jac-e-uber-se-unem-em-parceria-para-oferecer-e-js1-com-preco-especial\/\">Source link <\/a><\/p>\n<!-- CONTENT END 1 -->\n","protected":false},"excerpt":{"rendered":"<p>jac-e-js1-br \u2013 Todos os direitos: Insideevs Uol A Uber e a JAC Motors anunciaram uma nova **parceria** estrat\u00e9gica no mercado brasileiro, visando promover a promo\u00e7\u00e3o&#8230;<\/p>\n","protected":false},"author":1,"featured_media":16314,"comment_status":"open","ping_status":"open","sticky":false,"template":"","format":"standard","meta":{"advanced_seo_description":"","jetpack_seo_html_title":"","jetpack_seo_noindex":false,"jetpack_post_was_ever_published":false,"_jetpack_newsletter_access":"","_jetpack_dont_email_post_to_subs":false,"_jetpack_newsletter_tier_id":0,"_jetpack_memberships_contains_paywalled_content":false,"_jetpack_memberships_contains_paid_content":false,"footnotes":"","jetpack_publicize_message":"","jetpack_publicize_feature_enabled":true,"jetpack_social_post_already_shared":true,"jetpack_social_options":{"image_generator_settings":{"template":"highway","default_image_id":0,"font":"","enabled":false},"version":2}},"categories":[7],"tags":[],"class_list":["post-16313","post","type-post","status-publish","format-standard","has-post-thumbnail","hentry","category-vagas-de-empregos-em-ribeirao-preto-regiao-brasil"],"jetpack_publicize_connections":[],"jetpack_featured_media_url":"https:\/\/i0.wp.com\/noticiasribeiraopreto.com.br\/wp-content\/uploads\/2023\/12\/jac-e-uber-se-unem-em-parceria-para-oferecer-ejs1-com-preco-especial-830x450.jpg?fit=830%2C450&ssl=1","jetpack-related-posts":[{"id":28220,"url":"https:\/\/noticiasribeiraopreto.com.br\/index.php\/2024\/01\/15\/lancamentos-2024-os-carros-eletricos-e-hibridos-que-chegam-ao-pais-neste-ano\/","url_meta":{"origin":16313,"position":0},"title":"Lan\u00e7amentos 2024: Os carros el\u00e9tricos e h\u00edbridos que chegam ao pa\u00eds neste ano","author":"noticiasribeiraopreto.com.br","date":"15 de January de 2024","format":false,"excerpt":"Na segunda parte da s\u00e9rie especial do Seu Dinheiro sobre os lan\u00e7amentos no mercado brasileiro em 2024, chegou a vez dos carros el\u00e9tricos e h\u00edbridos. Com destaque para a BYD, as marcas chinesas chegam com for\u00e7a. Mas as montadoras tradicionais como Fiat e GM tamb\u00e9m pretendem avan\u00e7ar nesse mercado. Destaque\u2026","rel":"","context":"In &quot;Dinheiro e Investimento&quot;","block_context":{"text":"Dinheiro e Investimento","link":"https:\/\/noticiasribeiraopreto.com.br\/index.php\/category\/dinheiro-e-investimento-como-fazer-como-ganhar\/"},"img":{"alt_text":"","src":"https:\/\/i0.wp.com\/noticiasribeiraopreto.com.br\/wp-content\/uploads\/2024\/01\/Kia-EV9-foto-Kia-715x402.jpg?fit=715%2C402&ssl=1&resize=350%2C200","width":350,"height":200,"srcset":"https:\/\/i0.wp.com\/noticiasribeiraopreto.com.br\/wp-content\/uploads\/2024\/01\/Kia-EV9-foto-Kia-715x402.jpg?fit=715%2C402&ssl=1&resize=350%2C200 1x, https:\/\/i0.wp.com\/noticiasribeiraopreto.com.br\/wp-content\/uploads\/2024\/01\/Kia-EV9-foto-Kia-715x402.jpg?fit=715%2C402&ssl=1&resize=525%2C300 1.5x, https:\/\/i0.wp.com\/noticiasribeiraopreto.com.br\/wp-content\/uploads\/2024\/01\/Kia-EV9-foto-Kia-715x402.jpg?fit=715%2C402&ssl=1&resize=700%2C400 2x"},"classes":[]},{"id":28624,"url":"https:\/\/noticiasribeiraopreto.com.br\/index.php\/2024\/01\/16\/os-lancamentos-de-picapes-e-outros-destaques-do-mercado-automotivo-em-2024\/","url_meta":{"origin":16313,"position":1},"title":"Os lan\u00e7amentos de picapes e outros destaques do mercado automotivo em 2024","author":"noticiasribeiraopreto.com.br","date":"16 de January de 2024","format":false,"excerpt":"Na terceira reportagem da s\u00e9rie sobre os principais lan\u00e7amentos do mercado automotivo em 2024, chegou a vez das picapes e outros modelos. Marca tradicional, a Fiat vai se refor\u00e7ar no segmento de picapes m\u00e9dias com a Titano. GM, Volkswagen e Ford tamb\u00e9m prometem novidades para este ano. Enquanto isso, a\u2026","rel":"","context":"In &quot;Dinheiro e Investimento&quot;","block_context":{"text":"Dinheiro e Investimento","link":"https:\/\/noticiasribeiraopreto.com.br\/index.php\/category\/dinheiro-e-investimento-como-fazer-como-ganhar\/"},"img":{"alt_text":"","src":"https:\/\/i0.wp.com\/noticiasribeiraopreto.com.br\/wp-content\/uploads\/2024\/01\/Ford-F-150-Raptor-foto-Ford-715x402.jpg?fit=715%2C402&ssl=1&resize=350%2C200","width":350,"height":200,"srcset":"https:\/\/i0.wp.com\/noticiasribeiraopreto.com.br\/wp-content\/uploads\/2024\/01\/Ford-F-150-Raptor-foto-Ford-715x402.jpg?fit=715%2C402&ssl=1&resize=350%2C200 1x, https:\/\/i0.wp.com\/noticiasribeiraopreto.com.br\/wp-content\/uploads\/2024\/01\/Ford-F-150-Raptor-foto-Ford-715x402.jpg?fit=715%2C402&ssl=1&resize=525%2C300 1.5x, https:\/\/i0.wp.com\/noticiasribeiraopreto.com.br\/wp-content\/uploads\/2024\/01\/Ford-F-150-Raptor-foto-Ford-715x402.jpg?fit=715%2C402&ssl=1&resize=700%2C400 2x"},"classes":[]},{"id":12304,"url":"https:\/\/noticiasribeiraopreto.com.br\/index.php\/2023\/12\/07\/yamaha-lanca-novo-motor-eletrico-surreal-que-promete-superar-ate-mesmo-os-carros-da-tesla\/","url_meta":{"origin":16313,"position":2},"title":"Yamaha lan\u00e7a novo motor el\u00e9trico surreal que promete superar at\u00e9 mesmo os carros da Tesla","author":"noticiasribeiraopreto.com.br","date":"7 de December de 2023","format":false,"excerpt":"Foto: Yamaha\/Reprodu\u00e7\u00e3o O inovador motor el\u00e9trico da Yamaha promete desafiar a supremacia da Tesla no mercado automobil\u00edstico. Compacto, mas extremamente potente, este motor \u00e9 capaz de entregar at\u00e9 350 kW de pot\u00eancia, ideal para ve\u00edculos el\u00e9tricos de alto desempenho, incluindo hypercars. Para os que ainda n\u00e3o conhecem a trajet\u00f3ria da\u2026","rel":"","context":"In &quot;Vagas de Emprego em Ribeir\u00e3o Preto-SP&quot;","block_context":{"text":"Vagas de Emprego em Ribeir\u00e3o Preto-SP","link":"https:\/\/noticiasribeiraopreto.com.br\/index.php\/category\/empregos-classificados-vagas-trabalho\/vagas-de-empregos-em-ribeirao-preto-regiao-brasil\/"},"img":{"alt_text":"","src":"https:\/\/i0.wp.com\/noticiasribeiraopreto.com.br\/wp-content\/uploads\/2023\/12\/Yamaha-lanca-novo-com-motor-eletrico-surreal-que-promete-superar-ate-mesmo-os-carros-da-Tesla-830x450.jpg?fit=830%2C450&ssl=1&resize=350%2C200","width":350,"height":200,"srcset":"https:\/\/i0.wp.com\/noticiasribeiraopreto.com.br\/wp-content\/uploads\/2023\/12\/Yamaha-lanca-novo-com-motor-eletrico-surreal-que-promete-superar-ate-mesmo-os-carros-da-Tesla-830x450.jpg?fit=830%2C450&ssl=1&resize=350%2C200 1x, https:\/\/i0.wp.com\/noticiasribeiraopreto.com.br\/wp-content\/uploads\/2023\/12\/Yamaha-lanca-novo-com-motor-eletrico-surreal-que-promete-superar-ate-mesmo-os-carros-da-Tesla-830x450.jpg?fit=830%2C450&ssl=1&resize=525%2C300 1.5x, https:\/\/i0.wp.com\/noticiasribeiraopreto.com.br\/wp-content\/uploads\/2023\/12\/Yamaha-lanca-novo-com-motor-eletrico-surreal-que-promete-superar-ate-mesmo-os-carros-da-Tesla-830x450.jpg?fit=830%2C450&ssl=1&resize=700%2C400 2x"},"classes":[]},{"id":20601,"url":"https:\/\/noticiasribeiraopreto.com.br\/index.php\/2023\/12\/26\/o-fim-do-motor-de-combustao-carros-eletricos-desafiam-definitivamente-o-legado-dos-combustiveis-fosseis\/","url_meta":{"origin":16313,"position":3},"title":"O fim do motor de combust\u00e3o? Carros el\u00e9tricos desafiam definitivamente o legado dos combust\u00edveis f\u00f3sseis","author":"noticiasribeiraopreto.com.br","date":"26 de December de 2023","format":false,"excerpt":"Foto: Divulga\u00e7\u00e3o Diante da urg\u00eancia clim\u00e1tica, a ind\u00fastria automobil\u00edstica enfrenta o desafio de transi\u00e7\u00e3o dos motores de combust\u00e3o para os el\u00e9tricos, equilibrando custos, infraestrutura e avan\u00e7os tecnol\u00f3gicos. A transi\u00e7\u00e3o do motor de combust\u00e3o para carros el\u00e9tricos (EVs) representa uma mudan\u00e7a hist\u00f3rica na mobilidade global. Enquanto ambientalistas alertam que sem a\u2026","rel":"","context":"In &quot;Vagas de Emprego em Ribeir\u00e3o Preto-SP&quot;","block_context":{"text":"Vagas de Emprego em Ribeir\u00e3o Preto-SP","link":"https:\/\/noticiasribeiraopreto.com.br\/index.php\/category\/empregos-classificados-vagas-trabalho\/vagas-de-empregos-em-ribeirao-preto-regiao-brasil\/"},"img":{"alt_text":"","src":"https:\/\/i0.wp.com\/noticiasribeiraopreto.com.br\/wp-content\/uploads\/2023\/12\/O-fim-do-motor-de-combustao-Carros-eletricos-desafiam-definitivamente-o-legado-dos-combustiveis-fosseis-830x450.jpg?fit=830%2C450&ssl=1&resize=350%2C200","width":350,"height":200,"srcset":"https:\/\/i0.wp.com\/noticiasribeiraopreto.com.br\/wp-content\/uploads\/2023\/12\/O-fim-do-motor-de-combustao-Carros-eletricos-desafiam-definitivamente-o-legado-dos-combustiveis-fosseis-830x450.jpg?fit=830%2C450&ssl=1&resize=350%2C200 1x, https:\/\/i0.wp.com\/noticiasribeiraopreto.com.br\/wp-content\/uploads\/2023\/12\/O-fim-do-motor-de-combustao-Carros-eletricos-desafiam-definitivamente-o-legado-dos-combustiveis-fosseis-830x450.jpg?fit=830%2C450&ssl=1&resize=525%2C300 1.5x, https:\/\/i0.wp.com\/noticiasribeiraopreto.com.br\/wp-content\/uploads\/2023\/12\/O-fim-do-motor-de-combustao-Carros-eletricos-desafiam-definitivamente-o-legado-dos-combustiveis-fosseis-830x450.jpg?fit=830%2C450&ssl=1&resize=700%2C400 2x"},"classes":[]},{"id":31782,"url":"https:\/\/noticiasribeiraopreto.com.br\/index.php\/2024\/01\/23\/grupo-toniello-e-zletric-fecham-parceria-para-expandir-servico-de-recarga-de-veiculos-eletricos\/","url_meta":{"origin":16313,"position":4},"title":"Grupo Toniello e Zletric fecham parceria para expandir servi\u00e7o de recarga de ve\u00edculos el\u00e9tricos","author":"noticiasribeiraopreto.com.br","date":"23 de January de 2024","format":false,"excerpt":"23 de janeiro de 2024 | 9:0318 de janeiro de 2024 | 17:36 0Com o objetivo de contribuir efetivamente para o avan\u00e7o da eletromobilidade no Brasil, o Grupo Toniello, que tem 35 concession\u00e1rias de ve\u00edculos de marcas diversas, acaba de fechar uma parceria com a Zletric, empresa que desde 2019\u2026","rel":"","context":"In &quot;Not\u00edcias de Ribeir\u00e3o Preto-SP e Regi\u00e3o&quot;","block_context":{"text":"Not\u00edcias de Ribeir\u00e3o Preto-SP e Regi\u00e3o","link":"https:\/\/noticiasribeiraopreto.com.br\/index.php\/category\/noticias-de-ribeirao-preto-sp-e-regiao-ismael-colosi\/"},"img":{"alt_text":"","src":"https:\/\/i0.wp.com\/noticiasribeiraopreto.com.br\/wp-content\/uploads\/2024\/01\/IMG-7160-scaled.jpg?fit=484%2C645&ssl=1&resize=350%2C200","width":350,"height":200},"classes":[]},{"id":36006,"url":"https:\/\/noticiasribeiraopreto.com.br\/index.php\/2024\/02\/08\/china-oferece-apoio-para-acelerar-o-impulso-global-dos-fabricantes-de-veiculos-eletricos\/","url_meta":{"origin":16313,"position":5},"title":"China oferece apoio para acelerar o impulso global dos fabricantes de ve\u00edculos el\u00e9tricos","author":"noticiasribeiraopreto.com.br","date":"8 de February de 2024","format":false,"excerpt":"7 de fevereiro de 2024 | 14:307 de fevereiro de 2024 | 12:16 0A China est\u00e1 incentivando seus fabricantes de ve\u00edculos el\u00e9tricos (EVs, na sigla em ingl\u00eas) a expandir sua presen\u00e7a no exterior, incluindo a forma\u00e7\u00e3o de parcerias com institui\u00e7\u00f5es de pesquisa estrangeiras e pa\u00edses para a cria\u00e7\u00e3o de grupos\u2026","rel":"","context":"In &quot;Not\u00edcias de Ribeir\u00e3o Preto-SP e Regi\u00e3o&quot;","block_context":{"text":"Not\u00edcias de Ribeir\u00e3o Preto-SP e Regi\u00e3o","link":"https:\/\/noticiasribeiraopreto.com.br\/index.php\/category\/noticias-de-ribeirao-preto-sp-e-regiao-ismael-colosi\/"},"img":{"alt_text":"","src":"https:\/\/i0.wp.com\/noticiasribeiraopreto.com.br\/wp-content\/uploads\/2024\/02\/shutterstock_2221394363-16x9-960x540-1.jpg?fit=960%2C540&ssl=1&resize=350%2C200","width":350,"height":200,"srcset":"https:\/\/i0.wp.com\/noticiasribeiraopreto.com.br\/wp-content\/uploads\/2024\/02\/shutterstock_2221394363-16x9-960x540-1.jpg?fit=960%2C540&ssl=1&resize=350%2C200 1x, https:\/\/i0.wp.com\/noticiasribeiraopreto.com.br\/wp-content\/uploads\/2024\/02\/shutterstock_2221394363-16x9-960x540-1.jpg?fit=960%2C540&ssl=1&resize=525%2C300 1.5x, https:\/\/i0.wp.com\/noticiasribeiraopreto.com.br\/wp-content\/uploads\/2024\/02\/shutterstock_2221394363-16x9-960x540-1.jpg?fit=960%2C540&ssl=1&resize=700%2C400 2x"},"classes":[]}],"jetpack_sharing_enabled":true,"jetpack_shortlink":"https:\/\/wp.me\/peQAOb-4f7","_links":{"self":[{"href":"https:\/\/noticiasribeiraopreto.com.br\/index.php\/wp-json\/wp\/v2\/posts\/16313","targetHints":{"allow":["GET"]}}],"collection":[{"href":"https:\/\/noticiasribeiraopreto.com.br\/index.php\/wp-json\/wp\/v2\/posts"}],"about":[{"href":"https:\/\/noticiasribeiraopreto.com.br\/index.php\/wp-json\/wp\/v2\/types\/post"}],"author":[{"embeddable":true,"href":"https:\/\/noticiasribeiraopreto.com.br\/index.php\/wp-json\/wp\/v2\/users\/1"}],"replies":[{"embeddable":true,"href":"https:\/\/noticiasribeiraopreto.com.br\/index.php\/wp-json\/wp\/v2\/comments?post=16313"}],"version-history":[{"count":0,"href":"https:\/\/noticiasribeiraopreto.com.br\/index.php\/wp-json\/wp\/v2\/posts\/16313\/revisions"}],"wp:featuredmedia":[{"embeddable":true,"href":"https:\/\/noticiasribeiraopreto.com.br\/index.php\/wp-json\/wp\/v2\/media\/16314"}],"wp:attachment":[{"href":"https:\/\/noticiasribeiraopreto.com.br\/index.php\/wp-json\/wp\/v2\/media?parent=16313"}],"wp:term":[{"taxonomy":"category","embeddable":true,"href":"https:\/\/noticiasribeiraopreto.com.br\/index.php\/wp-json\/wp\/v2\/categories?post=16313"},{"taxonomy":"post_tag","embeddable":true,"href":"https:\/\/noticiasribeiraopreto.com.br\/index.php\/wp-json\/wp\/v2\/tags?post=16313"}],"curies":[{"name":"wp","href":"https:\/\/api.w.org\/{rel}","templated":true}]}}