{"id":16390,"date":"2023-12-15T14:17:52","date_gmt":"2023-12-15T17:17:52","guid":{"rendered":"https:\/\/noticiasribeiraopreto.com.br\/index.php\/2023\/12\/15\/video-flagra-momento-em-que-deputado-explode-granadas-no-meio-de-uma-reuniao\/"},"modified":"2023-12-15T14:17:52","modified_gmt":"2023-12-15T17:17:52","slug":"video-flagra-momento-em-que-deputado-explode-granadas-no-meio-de-uma-reuniao","status":"publish","type":"post","link":"https:\/\/noticiasribeiraopreto.com.br\/index.php\/2023\/12\/15\/video-flagra-momento-em-que-deputado-explode-granadas-no-meio-de-uma-reuniao\/","title":{"rendered":"V\u00eddeo flagra momento em que deputado explode granadas no meio de uma reuni\u00e3o"},"content":{"rendered":"<div class='code-block code-block-1' style='margin: 8px 0 8px auto; text-align: right; display: block; clear: both;'>\n<p><a href=\"https:\/\/wa.link\/vpicfd\"><img data-recalc-dims=\"1\" class=\"wp-image-4922\" style=\"aspect-ratio: 2.0253164556962027; width: 561px; height: auto;\" src=\"https:\/\/i0.wp.com\/ismaelcolosi.com.br\/wp-content\/uploads\/2023\/11\/grupo-de-empregos-whatsapp-e-facebook-ismael-colosi-vagas.jpg?ssl=1\" alt=\"\" \/><\/a><\/p>\n<!-- \/wp:image -->\n<\/div>\n<p> <br \/>\n<\/p>\n<div itemprop=\"text\">\n<p>Um v\u00eddeo que come\u00e7ou a circular nas redes sociais mostra o exato momento em que um deputado explode granadas em meio a uma reuni\u00e3o em que havia diversas pessoas presentes.<\/p>\n<p>De acordo com as informa\u00e7\u00f5es preliminares da Pol\u00edcia Nacional da Ucr\u00e2nia, um membro do parlamento ucraniano invadiu uma reuni\u00e3o da prefeitura do pa\u00eds e detonou tr\u00eas granadas, resultando na morte de uma pessoa e deixando outras 26 feridas. As imagens s\u00e3o chocantes e est\u00e3o provocando muita indigna\u00e7\u00e3o e como\u00e7\u00e3o por causa do ataque brutal promovido pelo deputado.<\/p>\n<p>As c\u00e2meras de seguran\u00e7a instaladas no im\u00f3vel da prefeitura registraram o incidente. O parlamentar adentra a sala durante um debate em andamento, posicionando-se diante da porta e inicia sua fala, embora os participantes n\u00e3o pare\u00e7am prestar aten\u00e7\u00e3o.<\/p>\n<p>Em seguida, o pol\u00edtico retira a tampa de uma das granadas, a arremessa ao ch\u00e3o e repete a opera\u00e7\u00e3o com pelo menos outras duas explosivos.<\/p>\n<p>O pol\u00edtico em quest\u00e3o foi reconhecido pela imprensa ucraniana como Serhii Batryn. Ele pertence ao mesmo partido do presidente ucraniano, Volodymyr Zelensky, que ainda n\u00e3o emitiu qualquer pronunciamento at\u00e9 o momento desta atualiza\u00e7\u00e3o.<\/p>\n<p>Conforme relatos locais, Batryn vinha gravando v\u00eddeos nos quais expressava suas queixas e revolta em rela\u00e7\u00e3o a pol\u00edticos da cidade onde ele cometeu o atentado. Conforme informa\u00e7\u00f5es das autoridades locais, 26 indiv\u00edduos sofreram ferimentos, sendo que seis deles est\u00e3o em condi\u00e7\u00e3o grave.<\/p>\n<p>O peri\u00f3dico \u201cKyiv Times\u201d menciona um \u00f3bito. A pessoa respons\u00e1vel pelo ato criminoso tamb\u00e9m sofreu ferimentos e, conforme os dados mais recentes dispon\u00edveis nesta reportagem, est\u00e1 recebendo tratamento em um hospital, conforme informado pela pol\u00edcia.<\/p>\n<p>Para assistir ao v\u00eddeo <a href=\"https:\/\/g1.globo.com\/mundo\/video\/deputado-ucraniano-invade-reuniao-de-prefeitura-e-detona-granadas-12197202.ghtml\" target=\"_blank\" rel=\"nofollow noopener\">CLIQUE AQUI!<\/a><\/p>\n<p>As investiga\u00e7\u00f5es sobre o caso est\u00e3o em andamento o ato do deputado deixou a popula\u00e7\u00e3o local em choque.<\/p>\n<\/div>\n<p><br \/>\n<br \/><a href=\"https:\/\/fnmais.com\/video-flagra-momento-em-que-deputado-explode-granadas-no-meio-reuniao-imagens-viralizam\/\">Source link <\/a><\/p>\n<!-- CONTENT END 1 -->\n","protected":false},"excerpt":{"rendered":"<p>Um v\u00eddeo que come\u00e7ou a circular nas redes sociais mostra o exato momento em que um deputado explode granadas em meio a uma reuni\u00e3o em&#8230;<\/p>\n","protected":false},"author":1,"featured_media":16391,"comment_status":"open","ping_status":"open","sticky":false,"template":"","format":"standard","meta":{"advanced_seo_description":"","jetpack_seo_html_title":"","jetpack_seo_noindex":false,"jetpack_post_was_ever_published":false,"_jetpack_newsletter_access":"","_jetpack_dont_email_post_to_subs":false,"_jetpack_newsletter_tier_id":0,"_jetpack_memberships_contains_paywalled_content":false,"_jetpack_memberships_contains_paid_content":false,"footnotes":"","jetpack_publicize_message":"","jetpack_publicize_feature_enabled":true,"jetpack_social_post_already_shared":true,"jetpack_social_options":{"image_generator_settings":{"template":"highway","default_image_id":0,"font":"","enabled":false},"version":2}},"categories":[1],"tags":[],"class_list":["post-16390","post","type-post","status-publish","format-standard","has-post-thumbnail","hentry","category-blog"],"jetpack_publicize_connections":[],"jetpack_featured_media_url":"https:\/\/i0.wp.com\/noticiasribeiraopreto.com.br\/wp-content\/uploads\/2023\/12\/postimg-657c8498b82e22351.jpg?fit=1200%2C628&ssl=1","jetpack-related-posts":[{"id":65860,"url":"https:\/\/noticiasribeiraopreto.com.br\/index.php\/2025\/03\/25\/video-mostra-confusao-durante-discussao-sobre-escolas-civico-militares-na-camara-de-ribeirao-preto\/","url_meta":{"origin":16390,"position":0},"title":"V\u00eddeo mostra confus\u00e3o durante discuss\u00e3o sobre escolas c\u00edvico-militares na C\u00e2mara de Ribeir\u00e3o Preto","author":"noticiasribeiraopreto.com.br","date":"25 de March de 2025","format":false,"excerpt":"Uma confus\u00e3o marcou a\u00a0reuni\u00e3o p\u00fablica\u00a0para discutir a implanta\u00e7\u00e3o das\u00a0escolas c\u00edvico-militares, na noite desta segunda-feira (24), na\u00a0C\u00e2mara de Ribeir\u00e3o Preto. Assista ao v\u00eddeo abaixo, com imagens de Samuel Santos, da CBN Ribeir\u00e3o Preto. O diretor estadual do Sindicato dos Professores do Ensino Oficial de S\u00e3o Paulo (Apeoesp) em\u00a0Ribeir\u00e3o, F\u00e1bio Sardinha, foi\u2026","rel":"","context":"In &quot;Not\u00edcias de Ribeir\u00e3o Preto-SP e Regi\u00e3o&quot;","block_context":{"text":"Not\u00edcias de Ribeir\u00e3o Preto-SP e Regi\u00e3o","link":"https:\/\/noticiasribeiraopreto.com.br\/index.php\/category\/noticias-de-ribeirao-preto-sp-e-regiao-ismael-colosi\/"},"img":{"alt_text":"","src":"https:\/\/i0.wp.com\/noticiasribeiraopreto.com.br\/wp-content\/uploads\/2025\/03\/WhatsApp-Image-2025-03-25-at-09.29.12_2025-03-25_12-31-38_jpeg_2025-03-25_12-31-38.webp.webp?fit=1156%2C651&ssl=1&resize=350%2C200","width":350,"height":200,"srcset":"https:\/\/i0.wp.com\/noticiasribeiraopreto.com.br\/wp-content\/uploads\/2025\/03\/WhatsApp-Image-2025-03-25-at-09.29.12_2025-03-25_12-31-38_jpeg_2025-03-25_12-31-38.webp.webp?fit=1156%2C651&ssl=1&resize=350%2C200 1x, https:\/\/i0.wp.com\/noticiasribeiraopreto.com.br\/wp-content\/uploads\/2025\/03\/WhatsApp-Image-2025-03-25-at-09.29.12_2025-03-25_12-31-38_jpeg_2025-03-25_12-31-38.webp.webp?fit=1156%2C651&ssl=1&resize=525%2C300 1.5x, https:\/\/i0.wp.com\/noticiasribeiraopreto.com.br\/wp-content\/uploads\/2025\/03\/WhatsApp-Image-2025-03-25-at-09.29.12_2025-03-25_12-31-38_jpeg_2025-03-25_12-31-38.webp.webp?fit=1156%2C651&ssl=1&resize=700%2C400 2x, https:\/\/i0.wp.com\/noticiasribeiraopreto.com.br\/wp-content\/uploads\/2025\/03\/WhatsApp-Image-2025-03-25-at-09.29.12_2025-03-25_12-31-38_jpeg_2025-03-25_12-31-38.webp.webp?fit=1156%2C651&ssl=1&resize=1050%2C600 3x"},"classes":[]},{"id":57241,"url":"https:\/\/noticiasribeiraopreto.com.br\/index.php\/2024\/08\/26\/confira-a-agenda-dos-candidatos-a-prefeitura-de-ribeirao-preto-nesta-terca-feira-27\/","url_meta":{"origin":16390,"position":1},"title":"Confira a agenda dos candidatos \u00e0 Prefeitura de Ribeir\u00e3o Preto nesta ter\u00e7a-feira (27)","author":"noticiasribeiraopreto.com.br","date":"26 de August de 2024","format":false,"excerpt":"Os candidatos \u00e0 Prefeitura de Ribeir\u00e3o Preto divulgaram suas agendas de campanha para esta ter\u00e7a-feira (27). O per\u00edodo de propaganda eleitoral come\u00e7ou no dia 16 de agosto, portanto, candidatos podem apresentar \u00e0s eleitoras e aos eleitores suas ideias e propostas. A publicidade das candidaturas pode ser feita na internet, na\u2026","rel":"","context":"In &quot;Not\u00edcias de Ribeir\u00e3o Preto-SP e Regi\u00e3o&quot;","block_context":{"text":"Not\u00edcias de Ribeir\u00e3o Preto-SP e Regi\u00e3o","link":"https:\/\/noticiasribeiraopreto.com.br\/index.php\/category\/noticias-de-ribeirao-preto-sp-e-regiao-ismael-colosi\/"},"img":{"alt_text":"","src":"https:\/\/i0.wp.com\/noticiasribeiraopreto.com.br\/wp-content\/uploads\/2024\/08\/1724716524_ribeirao-preto-prefeitura.jpg?fit=1200%2C900&ssl=1&resize=350%2C200","width":350,"height":200,"srcset":"https:\/\/i0.wp.com\/noticiasribeiraopreto.com.br\/wp-content\/uploads\/2024\/08\/1724716524_ribeirao-preto-prefeitura.jpg?fit=1200%2C900&ssl=1&resize=350%2C200 1x, https:\/\/i0.wp.com\/noticiasribeiraopreto.com.br\/wp-content\/uploads\/2024\/08\/1724716524_ribeirao-preto-prefeitura.jpg?fit=1200%2C900&ssl=1&resize=525%2C300 1.5x, https:\/\/i0.wp.com\/noticiasribeiraopreto.com.br\/wp-content\/uploads\/2024\/08\/1724716524_ribeirao-preto-prefeitura.jpg?fit=1200%2C900&ssl=1&resize=700%2C400 2x, https:\/\/i0.wp.com\/noticiasribeiraopreto.com.br\/wp-content\/uploads\/2024\/08\/1724716524_ribeirao-preto-prefeitura.jpg?fit=1200%2C900&ssl=1&resize=1050%2C600 3x"},"classes":[]},{"id":71893,"url":"https:\/\/noticiasribeiraopreto.com.br\/index.php\/2025\/06\/11\/prefeitura-apresenta-anteprojeto-de-vias\/","url_meta":{"origin":16390,"position":2},"title":"Prefeitura apresenta anteprojeto de vias","author":"noticiasribeiraopreto.com.br","date":"11 de June de 2025","format":false,"excerpt":"11 de junho de 2025 09:184 Compartilhar0 Com o objetivo de interligar regi\u00f5es estrat\u00e9gicas, melhorar a fluidez do tr\u00e2nsito e impulsionar o desenvolvimento urbano de forma planejada e sustent\u00e1vel, as Vias Leste e Oeste comp\u00f5em um dos projetos estruturantes mais relevantes para o futuro da mobilidade em Ribeir\u00e3o Preto e\u2026","rel":"","context":"In &quot;Not\u00edcias de Ribeir\u00e3o Preto-SP e Regi\u00e3o&quot;","block_context":{"text":"Not\u00edcias de Ribeir\u00e3o Preto-SP e Regi\u00e3o","link":"https:\/\/noticiasribeiraopreto.com.br\/index.php\/category\/noticias-de-ribeirao-preto-sp-e-regiao-ismael-colosi\/"},"img":{"alt_text":"","src":"https:\/\/i0.wp.com\/noticiasribeiraopreto.com.br\/wp-content\/uploads\/2025\/06\/NovoPAC-Gru-Guilherme-Sircili-scaled.jpg?fit=750%2C500&ssl=1&resize=350%2C200","width":350,"height":200,"srcset":"https:\/\/i0.wp.com\/noticiasribeiraopreto.com.br\/wp-content\/uploads\/2025\/06\/NovoPAC-Gru-Guilherme-Sircili-scaled.jpg?fit=750%2C500&ssl=1&resize=350%2C200 1x, https:\/\/i0.wp.com\/noticiasribeiraopreto.com.br\/wp-content\/uploads\/2025\/06\/NovoPAC-Gru-Guilherme-Sircili-scaled.jpg?fit=750%2C500&ssl=1&resize=525%2C300 1.5x, https:\/\/i0.wp.com\/noticiasribeiraopreto.com.br\/wp-content\/uploads\/2025\/06\/NovoPAC-Gru-Guilherme-Sircili-scaled.jpg?fit=750%2C500&ssl=1&resize=700%2C400 2x"},"classes":[]},{"id":78622,"url":"https:\/\/noticiasribeiraopreto.com.br\/index.php\/2025\/10\/15\/abordagem-da-pm-e-tema-de-reuniao-com-ong\/","url_meta":{"origin":16390,"position":3},"title":"Abordagem da PM \u00e9 tema de reuni\u00e3o com ONG","author":"noticiasribeiraopreto.com.br","date":"15 de October de 2025","format":false,"excerpt":"O presidente da ONG Arco-\u00cdris de Ribeir\u00e3o Preto, F\u00e1bio de Jesus, participar\u00e1 de reuni\u00e3o com o comandante do Comando de Policiamento do Interior-3 (CPI-3), coronel Rodrigo Quintino, para cobrar da Pol\u00edcia Militar provid\u00eancias no caso que envolve a morte de Bruno Ferreira dos Santos, de 27 anos, devido a um\u2026","rel":"","context":"In &quot;Not\u00edcias de Ribeir\u00e3o Preto-SP e Regi\u00e3o&quot;","block_context":{"text":"Not\u00edcias de Ribeir\u00e3o Preto-SP e Regi\u00e3o","link":"https:\/\/noticiasribeiraopreto.com.br\/index.php\/category\/noticias-de-ribeirao-preto-sp-e-regiao-ismael-colosi\/"},"img":{"alt_text":"","src":"https:\/\/i0.wp.com\/noticiasribeiraopreto.com.br\/wp-content\/uploads\/2025\/10\/Tiroteio-Bru-Rua-Reproducao-scaled.jpg?fit=1200%2C590&ssl=1&resize=350%2C200","width":350,"height":200,"srcset":"https:\/\/i0.wp.com\/noticiasribeiraopreto.com.br\/wp-content\/uploads\/2025\/10\/Tiroteio-Bru-Rua-Reproducao-scaled.jpg?fit=1200%2C590&ssl=1&resize=350%2C200 1x, https:\/\/i0.wp.com\/noticiasribeiraopreto.com.br\/wp-content\/uploads\/2025\/10\/Tiroteio-Bru-Rua-Reproducao-scaled.jpg?fit=1200%2C590&ssl=1&resize=525%2C300 1.5x, https:\/\/i0.wp.com\/noticiasribeiraopreto.com.br\/wp-content\/uploads\/2025\/10\/Tiroteio-Bru-Rua-Reproducao-scaled.jpg?fit=1200%2C590&ssl=1&resize=700%2C400 2x, https:\/\/i0.wp.com\/noticiasribeiraopreto.com.br\/wp-content\/uploads\/2025\/10\/Tiroteio-Bru-Rua-Reproducao-scaled.jpg?fit=1200%2C590&ssl=1&resize=1050%2C600 3x"},"classes":[]},{"id":57724,"url":"https:\/\/noticiasribeiraopreto.com.br\/index.php\/2024\/09\/08\/confira-a-agenda-dos-candidatos-a-prefeitura-de-ribeirao-preto-nesta-segunda-feira-9\/","url_meta":{"origin":16390,"position":4},"title":"Confira a agenda dos candidatos \u00e0 Prefeitura de Ribeir\u00e3o Preto nesta segunda-feira (9)","author":"noticiasribeiraopreto.com.br","date":"8 de September de 2024","format":false,"excerpt":"Os candidatos \u00e0\u00a0Prefeitura de Ribeir\u00e3o Preto\u00a0divulgaram suas agendas de campanha para esta segunda-feira (9). O per\u00edodo de propaganda eleitoral come\u00e7ou no dia 16 de agosto, portanto, candidatos podem apresentar \u00e0s eleitoras e aos eleitores suas ideias e propostas. A publicidade das candidaturas pode ser feita na internet, na rua, na\u2026","rel":"","context":"In &quot;Not\u00edcias de Ribeir\u00e3o Preto-SP e Regi\u00e3o&quot;","block_context":{"text":"Not\u00edcias de Ribeir\u00e3o Preto-SP e Regi\u00e3o","link":"https:\/\/noticiasribeiraopreto.com.br\/index.php\/category\/noticias-de-ribeirao-preto-sp-e-regiao-ismael-colosi\/"},"img":{"alt_text":"","src":"https:\/\/i0.wp.com\/noticiasribeiraopreto.com.br\/wp-content\/uploads\/2024\/08\/PORTICO-FERNANDO-GONZAGA_2024-07-05_14-45-59_jpeg_2024-07-05_14-45-59.webp.webp?fit=1200%2C800&ssl=1&resize=350%2C200","width":350,"height":200,"srcset":"https:\/\/i0.wp.com\/noticiasribeiraopreto.com.br\/wp-content\/uploads\/2024\/08\/PORTICO-FERNANDO-GONZAGA_2024-07-05_14-45-59_jpeg_2024-07-05_14-45-59.webp.webp?fit=1200%2C800&ssl=1&resize=350%2C200 1x, https:\/\/i0.wp.com\/noticiasribeiraopreto.com.br\/wp-content\/uploads\/2024\/08\/PORTICO-FERNANDO-GONZAGA_2024-07-05_14-45-59_jpeg_2024-07-05_14-45-59.webp.webp?fit=1200%2C800&ssl=1&resize=525%2C300 1.5x, https:\/\/i0.wp.com\/noticiasribeiraopreto.com.br\/wp-content\/uploads\/2024\/08\/PORTICO-FERNANDO-GONZAGA_2024-07-05_14-45-59_jpeg_2024-07-05_14-45-59.webp.webp?fit=1200%2C800&ssl=1&resize=700%2C400 2x, https:\/\/i0.wp.com\/noticiasribeiraopreto.com.br\/wp-content\/uploads\/2024\/08\/PORTICO-FERNANDO-GONZAGA_2024-07-05_14-45-59_jpeg_2024-07-05_14-45-59.webp.webp?fit=1200%2C800&ssl=1&resize=1050%2C600 3x"},"classes":[]},{"id":13597,"url":"https:\/\/noticiasribeiraopreto.com.br\/index.php\/2023\/12\/10\/ford-anuncia-o-retorno-triunfal-do-classico-escort-em-2024-apos-20-anos-ausente-na-montadora\/","url_meta":{"origin":16390,"position":5},"title":"Ford anuncia o retorno triunfal do cl\u00e1ssico Escort em 2024 ap\u00f3s 20 anos ausente na montadora","author":"noticiasribeiraopreto.com.br","date":"10 de December de 2023","format":false,"excerpt":"Foto: Reprodu\u00e7\u00e3o Google Imagens\/Valor Econ\u00f4mico Ap\u00f3s 20 anos sem produzir o famoso e querido Escort, a Ford anunciou a volta do ic\u00f4nico ve\u00edculo e de outros modelos memor\u00e1veis A Ford, em uma jogada audaciosa, surpreende o mercado automotivo ao anunciar o retorno de um dos carros mais queridos do Brasil:\u2026","rel":"","context":"In &quot;Vagas de Emprego em Ribeir\u00e3o Preto-SP&quot;","block_context":{"text":"Vagas de Emprego em Ribeir\u00e3o Preto-SP","link":"https:\/\/noticiasribeiraopreto.com.br\/index.php\/category\/empregos-classificados-vagas-trabalho\/vagas-de-empregos-em-ribeirao-preto-regiao-brasil\/"},"img":{"alt_text":"","src":"https:\/\/i0.wp.com\/noticiasribeiraopreto.com.br\/wp-content\/uploads\/2023\/12\/Sem-titulo-3-3-830x450.jpg?fit=830%2C450&ssl=1&resize=350%2C200","width":350,"height":200,"srcset":"https:\/\/i0.wp.com\/noticiasribeiraopreto.com.br\/wp-content\/uploads\/2023\/12\/Sem-titulo-3-3-830x450.jpg?fit=830%2C450&ssl=1&resize=350%2C200 1x, https:\/\/i0.wp.com\/noticiasribeiraopreto.com.br\/wp-content\/uploads\/2023\/12\/Sem-titulo-3-3-830x450.jpg?fit=830%2C450&ssl=1&resize=525%2C300 1.5x, https:\/\/i0.wp.com\/noticiasribeiraopreto.com.br\/wp-content\/uploads\/2023\/12\/Sem-titulo-3-3-830x450.jpg?fit=830%2C450&ssl=1&resize=700%2C400 2x"},"classes":[]}],"jetpack_sharing_enabled":true,"jetpack_shortlink":"https:\/\/wp.me\/peQAOb-4gm","_links":{"self":[{"href":"https:\/\/noticiasribeiraopreto.com.br\/index.php\/wp-json\/wp\/v2\/posts\/16390","targetHints":{"allow":["GET"]}}],"collection":[{"href":"https:\/\/noticiasribeiraopreto.com.br\/index.php\/wp-json\/wp\/v2\/posts"}],"about":[{"href":"https:\/\/noticiasribeiraopreto.com.br\/index.php\/wp-json\/wp\/v2\/types\/post"}],"author":[{"embeddable":true,"href":"https:\/\/noticiasribeiraopreto.com.br\/index.php\/wp-json\/wp\/v2\/users\/1"}],"replies":[{"embeddable":true,"href":"https:\/\/noticiasribeiraopreto.com.br\/index.php\/wp-json\/wp\/v2\/comments?post=16390"}],"version-history":[{"count":0,"href":"https:\/\/noticiasribeiraopreto.com.br\/index.php\/wp-json\/wp\/v2\/posts\/16390\/revisions"}],"wp:featuredmedia":[{"embeddable":true,"href":"https:\/\/noticiasribeiraopreto.com.br\/index.php\/wp-json\/wp\/v2\/media\/16391"}],"wp:attachment":[{"href":"https:\/\/noticiasribeiraopreto.com.br\/index.php\/wp-json\/wp\/v2\/media?parent=16390"}],"wp:term":[{"taxonomy":"category","embeddable":true,"href":"https:\/\/noticiasribeiraopreto.com.br\/index.php\/wp-json\/wp\/v2\/categories?post=16390"},{"taxonomy":"post_tag","embeddable":true,"href":"https:\/\/noticiasribeiraopreto.com.br\/index.php\/wp-json\/wp\/v2\/tags?post=16390"}],"curies":[{"name":"wp","href":"https:\/\/api.w.org\/{rel}","templated":true}]}}