{"id":16428,"date":"2023-12-15T15:19:39","date_gmt":"2023-12-15T18:19:39","guid":{"rendered":"https:\/\/noticiasribeiraopreto.com.br\/index.php\/2023\/12\/15\/monique-evans-abre-o-jogo-sobre-como-se-descobriu-bissexual-senti-algo-estranho\/"},"modified":"2023-12-15T15:19:39","modified_gmt":"2023-12-15T18:19:39","slug":"monique-evans-abre-o-jogo-sobre-como-se-descobriu-bissexual-senti-algo-estranho","status":"publish","type":"post","link":"https:\/\/noticiasribeiraopreto.com.br\/index.php\/2023\/12\/15\/monique-evans-abre-o-jogo-sobre-como-se-descobriu-bissexual-senti-algo-estranho\/","title":{"rendered":"Monique Evans abre o jogo sobre como se descobriu bissexual: &#8216;Senti algo estranho&#8217;"},"content":{"rendered":"<div class='code-block code-block-1' style='margin: 8px 0 8px auto; text-align: right; display: block; clear: both;'>\n<p><a href=\"https:\/\/wa.link\/vpicfd\"><img data-recalc-dims=\"1\" class=\"wp-image-4922\" style=\"aspect-ratio: 2.0253164556962027; width: 561px; height: auto;\" src=\"https:\/\/i0.wp.com\/ismaelcolosi.com.br\/wp-content\/uploads\/2023\/11\/grupo-de-empregos-whatsapp-e-facebook-ismael-colosi-vagas.jpg?ssl=1\" alt=\"\" \/><\/a><\/p>\n<!-- \/wp:image -->\n<\/div>\n<p> <br \/>\n<\/p>\n<div itemprop=\"text\">\n<p>Apaixonada, a ex modelo Monique Evans, de 67 anos, quando perguntada por um seguidor, abriu o jogo sobre sexualidade e contou sobre como se descobriu bissexual.<\/p>\n<p><i>\u201cNo dia que eu conheci a Cac\u00e1 senti, algo estranho. E a partir da\u00ed, comecei a pensar muito nela. Me perguntei se estava \u2018ensapatando\u2019. Tinha sido amor \u00e0 primeira vista. Quando eu fui contar para Baby, ela disse que j\u00e1 sabia. Ela me conhece muito!\u201d<\/i><\/p>\n<p>Ela est\u00e1 noiva de Cac\u00e1 Werneck, de 37 anos. As duas est\u00e3o com os p\u00e9s no altar. O casamento do casal acontecer\u00e1 em maio de 2024 e ser\u00e1 realizado no Rio de Janeiro.<\/p>\n<p>Ainda sobre a cerim\u00f4nia, que ser\u00e1 feita em um s\u00edtio, a ex modelo falou que uma dos tr\u00eas filhos de B\u00e1rbara Evans, ser\u00e1 a daminha de honra. E as alian\u00e7as ser\u00e3o responsabilidade de sua outra neta que mora em Barcelona.<\/p>\n<p>Continuando sua intera\u00e7\u00e3o com os seguidores atrav\u00e9s da din\u00e2mica da caixinha de perguntas, Monique revelou que n\u00e3o pretende ter mais filhos com Cac\u00e1 e brincou dizendo ter filhos de quatro patas.<\/p>\n<p>Monique esteve recentemente na casa de sua filha B\u00e1rbara Evans para conhecer os netos g\u00eameos que nasceram no \u00faltimo dia 27. \u00c1lvaro e Ant\u00f4nio j\u00e1 posaram no Instagram da vov\u00f3.<\/p>\n<p>Ela divertiu os seguidores quando confessou estar confundindo os beb\u00eas. Segundo ela, por foto ela n\u00e3o sabe diferenciar um do outro. Os beb\u00eas nasceram prematuros, um deles teve de passar pela UTI mas j\u00e1 est\u00e3o em casa e passam bem.<\/p>\n<\/div>\n<p><br \/>\n<br \/><a href=\"https:\/\/fnmais.com\/monique-evans-abre-jogo-sobre-como-se-descobriu-bissexual-senti-algo-estranho\/\">Source link <\/a><\/p>\n<!-- CONTENT END 1 -->\n","protected":false},"excerpt":{"rendered":"<p>Apaixonada, a ex modelo Monique Evans, de 67 anos, quando perguntada por um seguidor, abriu o jogo sobre sexualidade e contou sobre como se descobriu&#8230;<\/p>\n","protected":false},"author":1,"featured_media":16429,"comment_status":"open","ping_status":"open","sticky":false,"template":"","format":"standard","meta":{"advanced_seo_description":"","jetpack_seo_html_title":"","jetpack_seo_noindex":false,"jetpack_post_was_ever_published":false,"_jetpack_newsletter_access":"","_jetpack_dont_email_post_to_subs":false,"_jetpack_newsletter_tier_id":0,"_jetpack_memberships_contains_paywalled_content":false,"_jetpack_memberships_contains_paid_content":false,"footnotes":"","jetpack_publicize_message":"","jetpack_publicize_feature_enabled":true,"jetpack_social_post_already_shared":true,"jetpack_social_options":{"image_generator_settings":{"template":"highway","default_image_id":0,"font":"","enabled":false},"version":2}},"categories":[1],"tags":[],"class_list":["post-16428","post","type-post","status-publish","format-standard","has-post-thumbnail","hentry","category-blog"],"jetpack_publicize_connections":[],"jetpack_featured_media_url":"https:\/\/i0.wp.com\/noticiasribeiraopreto.com.br\/wp-content\/uploads\/2023\/12\/postimg-657c667380dbf2031.jpg?fit=1200%2C628&ssl=1","jetpack-related-posts":[{"id":14774,"url":"https:\/\/noticiasribeiraopreto.com.br\/index.php\/2023\/12\/12\/apos-ter-sido-afastada-para-conhecer-os-netos-monique-evans-fala-sobre-encontro-com-os-gemeos-confundindo-tudo\/","url_meta":{"origin":16428,"position":0},"title":"Ap\u00f3s ter sido &#8216;afastada&#8217; para conhecer os netos, Monique Evans fala sobre encontro com os g\u00eameos &#8216;confundindo tudo&#8217;","author":"noticiasribeiraopreto.com.br","date":"12 de December de 2023","format":false,"excerpt":"O encontro finalmente aconteceu. Ap\u00f3s ter seguido as orienta\u00e7\u00f5es de B\u00e1rbara Evans para que esperasse para visitar os g\u00eameos, Monique Evans registou o momento com os netinhos.A famosa n\u00e3o tinha visto as crian\u00e7as ainda ap\u00f3s a filha pedir que ela espere que a rotina com as crian\u00e7as seja normalizada para\u2026","rel":"","context":"In &quot;Blog&quot;","block_context":{"text":"Blog","link":"https:\/\/noticiasribeiraopreto.com.br\/index.php\/category\/blog\/"},"img":{"alt_text":"","src":"https:\/\/i0.wp.com\/noticiasribeiraopreto.com.br\/wp-content\/uploads\/2023\/12\/postimg-65787b0e27ddd9585.jpg?fit=1200%2C628&ssl=1&resize=350%2C200","width":350,"height":200,"srcset":"https:\/\/i0.wp.com\/noticiasribeiraopreto.com.br\/wp-content\/uploads\/2023\/12\/postimg-65787b0e27ddd9585.jpg?fit=1200%2C628&ssl=1&resize=350%2C200 1x, https:\/\/i0.wp.com\/noticiasribeiraopreto.com.br\/wp-content\/uploads\/2023\/12\/postimg-65787b0e27ddd9585.jpg?fit=1200%2C628&ssl=1&resize=525%2C300 1.5x, https:\/\/i0.wp.com\/noticiasribeiraopreto.com.br\/wp-content\/uploads\/2023\/12\/postimg-65787b0e27ddd9585.jpg?fit=1200%2C628&ssl=1&resize=700%2C400 2x, https:\/\/i0.wp.com\/noticiasribeiraopreto.com.br\/wp-content\/uploads\/2023\/12\/postimg-65787b0e27ddd9585.jpg?fit=1200%2C628&ssl=1&resize=1050%2C600 3x"},"classes":[]},{"id":28670,"url":"https:\/\/noticiasribeiraopreto.com.br\/index.php\/2024\/01\/16\/sidney-magal-expoe-que-e-bissexual-e-conta-experiencia-com-amigo-bailarino-video\/","url_meta":{"origin":16428,"position":1},"title":"Sidney Magal exp\u00f5e que \u00e9 bissexual e conta experi\u00eancia com amigo bailarino; v\u00eddeo","author":"noticiasribeiraopreto.com.br","date":"16 de January de 2024","format":false,"excerpt":"O famoso cantor Sidney Magal, aos 73 anos de idade, revelou sua bissexualidade ao participar de uma entrevista no programa \u2018Roda Viva\u2019, da TV Cultura, a situa\u00e7\u00e3o aconteceu nesta \u00faltima segunda-feira, dia 15 de janeiro.Ao falar sobre o assunto, Magal enfatizou a import\u00e2nica da liberdade sexual e se abriu sobre\u2026","rel":"","context":"In &quot;Blog&quot;","block_context":{"text":"Blog","link":"https:\/\/noticiasribeiraopreto.com.br\/index.php\/category\/blog\/"},"img":{"alt_text":"","src":"https:\/\/i0.wp.com\/noticiasribeiraopreto.com.br\/wp-content\/uploads\/2024\/01\/postimg-65a69e18a432f9653.jpg?fit=1200%2C628&ssl=1&resize=350%2C200","width":350,"height":200,"srcset":"https:\/\/i0.wp.com\/noticiasribeiraopreto.com.br\/wp-content\/uploads\/2024\/01\/postimg-65a69e18a432f9653.jpg?fit=1200%2C628&ssl=1&resize=350%2C200 1x, https:\/\/i0.wp.com\/noticiasribeiraopreto.com.br\/wp-content\/uploads\/2024\/01\/postimg-65a69e18a432f9653.jpg?fit=1200%2C628&ssl=1&resize=525%2C300 1.5x, https:\/\/i0.wp.com\/noticiasribeiraopreto.com.br\/wp-content\/uploads\/2024\/01\/postimg-65a69e18a432f9653.jpg?fit=1200%2C628&ssl=1&resize=700%2C400 2x, https:\/\/i0.wp.com\/noticiasribeiraopreto.com.br\/wp-content\/uploads\/2024\/01\/postimg-65a69e18a432f9653.jpg?fit=1200%2C628&ssl=1&resize=1050%2C600 3x"},"classes":[]},{"id":7662,"url":"https:\/\/noticiasribeiraopreto.com.br\/index.php\/2023\/11\/28\/um-dos-gemeos-de-barbara-evans-passa-por-uti-em-observacao\/","url_meta":{"origin":16428,"position":2},"title":"Um dos g\u00eameos de B\u00e1rbara Evans passa por UTI: &#8221; Em observa\u00e7\u00e3o&#8221;","author":"noticiasribeiraopreto.com.br","date":"28 de November de 2023","format":false,"excerpt":"Alegria em dose dupla. A gravidez gemelar \u00e9 uma surpresa e tanto para os papais e para a fam\u00edlia. \u00c9 tudo em dobro. A modelo B\u00e1rbara Evans foi a premiada em dose dupla da vez.Nesta segunda feira, 27 de novembro, ela deu a luz \u00e0 \u00c1lvaro e Ant\u00f4nio. Ela estava\u2026","rel":"","context":"In &quot;Blog&quot;","block_context":{"text":"Blog","link":"https:\/\/noticiasribeiraopreto.com.br\/index.php\/category\/blog\/"},"img":{"alt_text":"","src":"https:\/\/i0.wp.com\/noticiasribeiraopreto.com.br\/wp-content\/uploads\/2023\/11\/postimg-6566144c5812b4955.jpg?fit=1200%2C628&ssl=1&resize=350%2C200","width":350,"height":200,"srcset":"https:\/\/i0.wp.com\/noticiasribeiraopreto.com.br\/wp-content\/uploads\/2023\/11\/postimg-6566144c5812b4955.jpg?fit=1200%2C628&ssl=1&resize=350%2C200 1x, https:\/\/i0.wp.com\/noticiasribeiraopreto.com.br\/wp-content\/uploads\/2023\/11\/postimg-6566144c5812b4955.jpg?fit=1200%2C628&ssl=1&resize=525%2C300 1.5x, https:\/\/i0.wp.com\/noticiasribeiraopreto.com.br\/wp-content\/uploads\/2023\/11\/postimg-6566144c5812b4955.jpg?fit=1200%2C628&ssl=1&resize=700%2C400 2x, https:\/\/i0.wp.com\/noticiasribeiraopreto.com.br\/wp-content\/uploads\/2023\/11\/postimg-6566144c5812b4955.jpg?fit=1200%2C628&ssl=1&resize=1050%2C600 3x"},"classes":[]},{"id":5804,"url":"https:\/\/noticiasribeiraopreto.com.br\/index.php\/2023\/11\/24\/gil-do-vigor-comenta-apos-nattanzinho-negar-ser-bissexual-e-ja-tava-pronto\/","url_meta":{"origin":16428,"position":3},"title":"Gil do Vigor comenta ap\u00f3s Nattanzinho negar ser bissexual: \u201cE j\u00e1 tava pronto\u201d","author":"noticiasribeiraopreto.com.br","date":"24 de November de 2023","format":false,"excerpt":"Dentro de uma entrevista, atualmente em podcasts, saem tantas revela\u00e7\u00f5es. E o p\u00f3s tamb\u00e9m d\u00e1 o que falar entre os famosos com as not\u00edcias que saem quentinhas.Mari Fernandez e Nattanzinho foram os convidados de Camila Loures e Lucas Souza no PodCats. Eles estavam em um bate papo descontra\u00eddo e chegaram\u2026","rel":"","context":"In &quot;Blog&quot;","block_context":{"text":"Blog","link":"https:\/\/noticiasribeiraopreto.com.br\/index.php\/category\/blog\/"},"img":{"alt_text":"","src":"https:\/\/i0.wp.com\/noticiasribeiraopreto.com.br\/wp-content\/uploads\/2023\/11\/postimg-6560be180a2fe8091.jpg?fit=1200%2C628&ssl=1&resize=350%2C200","width":350,"height":200,"srcset":"https:\/\/i0.wp.com\/noticiasribeiraopreto.com.br\/wp-content\/uploads\/2023\/11\/postimg-6560be180a2fe8091.jpg?fit=1200%2C628&ssl=1&resize=350%2C200 1x, https:\/\/i0.wp.com\/noticiasribeiraopreto.com.br\/wp-content\/uploads\/2023\/11\/postimg-6560be180a2fe8091.jpg?fit=1200%2C628&ssl=1&resize=525%2C300 1.5x, https:\/\/i0.wp.com\/noticiasribeiraopreto.com.br\/wp-content\/uploads\/2023\/11\/postimg-6560be180a2fe8091.jpg?fit=1200%2C628&ssl=1&resize=700%2C400 2x, https:\/\/i0.wp.com\/noticiasribeiraopreto.com.br\/wp-content\/uploads\/2023\/11\/postimg-6560be180a2fe8091.jpg?fit=1200%2C628&ssl=1&resize=1050%2C600 3x"},"classes":[]},{"id":21828,"url":"https:\/\/noticiasribeiraopreto.com.br\/index.php\/2023\/12\/28\/de-top-e-calcinha-barbara-evans-decide-dar-detalhes-do-corpo-um-mes-apos-parto-dos-gemeos-quadrilzaco\/","url_meta":{"origin":16428,"position":4},"title":"De top e calcinha, B\u00e1rbara Evans decide dar detalhes do corpo um m\u00eas ap\u00f3s parto dos g\u00eameos: &#8221;Quadrilza\u00e7o&#8221;","author":"noticiasribeiraopreto.com.br","date":"28 de December de 2023","format":false,"excerpt":"O ano de 2023 foi um ano que trouxe muitos beb\u00eas dos famosos ao mundo. Uma delas em dose dupla de meninos, \u00c1lvaro e Ant\u00f4nio nascidos no final de novembro.Os g\u00eameos e mais uma menina de 1 ano s\u00e3o filhos da influenciadora digital B\u00e1rbara Evans. Para acabar com a curiosidade\u2026","rel":"","context":"In &quot;Blog&quot;","block_context":{"text":"Blog","link":"https:\/\/noticiasribeiraopreto.com.br\/index.php\/category\/blog\/"},"img":{"alt_text":"","src":"https:\/\/i0.wp.com\/noticiasribeiraopreto.com.br\/wp-content\/uploads\/2023\/12\/postimg-658dc02ce34b41858.jpg?fit=1200%2C628&ssl=1&resize=350%2C200","width":350,"height":200,"srcset":"https:\/\/i0.wp.com\/noticiasribeiraopreto.com.br\/wp-content\/uploads\/2023\/12\/postimg-658dc02ce34b41858.jpg?fit=1200%2C628&ssl=1&resize=350%2C200 1x, https:\/\/i0.wp.com\/noticiasribeiraopreto.com.br\/wp-content\/uploads\/2023\/12\/postimg-658dc02ce34b41858.jpg?fit=1200%2C628&ssl=1&resize=525%2C300 1.5x, https:\/\/i0.wp.com\/noticiasribeiraopreto.com.br\/wp-content\/uploads\/2023\/12\/postimg-658dc02ce34b41858.jpg?fit=1200%2C628&ssl=1&resize=700%2C400 2x, https:\/\/i0.wp.com\/noticiasribeiraopreto.com.br\/wp-content\/uploads\/2023\/12\/postimg-658dc02ce34b41858.jpg?fit=1200%2C628&ssl=1&resize=1050%2C600 3x"},"classes":[]},{"id":77895,"url":"https:\/\/noticiasribeiraopreto.com.br\/index.php\/2025\/09\/27\/lais-souza-comemora-nova-sensibilidade-no-corpo-veja-o-video\/","url_meta":{"origin":16428,"position":5},"title":"Lais Souza comemora nova sensibilidade no corpo; Veja o v\u00eddeo","author":"noticiasribeiraopreto.com.br","date":"27 de September de 2025","format":false,"excerpt":"A ex-ginasta Lais Souza, nascida em Ribeir\u00e3o Preto, compartilhou neste s\u00e1bado (27), no Instagram, um v\u00eddeo em que conta que descobriu uma nova sensibilidade no corpo. Lais ficou tetrapl\u00e9gica em 2014, ap\u00f3s sofrer um acidente durante um treino de esqui \u2013 ela se preparava para os Jogos Ol\u00edmpicos de Inverno\u2026","rel":"","context":"In &quot;Not\u00edcias de Ribeir\u00e3o Preto-SP e Regi\u00e3o&quot;","block_context":{"text":"Not\u00edcias de Ribeir\u00e3o Preto-SP e Regi\u00e3o","link":"https:\/\/noticiasribeiraopreto.com.br\/index.php\/category\/noticias-de-ribeirao-preto-sp-e-regiao-ismael-colosi\/"},"img":{"alt_text":"","src":"https:\/\/i0.wp.com\/noticiasribeiraopreto.com.br\/wp-content\/uploads\/2025\/09\/LAIS-SOUZA_2025-09-27_20-58-18.webp.webp?fit=1200%2C972&ssl=1&resize=350%2C200","width":350,"height":200,"srcset":"https:\/\/i0.wp.com\/noticiasribeiraopreto.com.br\/wp-content\/uploads\/2025\/09\/LAIS-SOUZA_2025-09-27_20-58-18.webp.webp?fit=1200%2C972&ssl=1&resize=350%2C200 1x, https:\/\/i0.wp.com\/noticiasribeiraopreto.com.br\/wp-content\/uploads\/2025\/09\/LAIS-SOUZA_2025-09-27_20-58-18.webp.webp?fit=1200%2C972&ssl=1&resize=525%2C300 1.5x, https:\/\/i0.wp.com\/noticiasribeiraopreto.com.br\/wp-content\/uploads\/2025\/09\/LAIS-SOUZA_2025-09-27_20-58-18.webp.webp?fit=1200%2C972&ssl=1&resize=700%2C400 2x, https:\/\/i0.wp.com\/noticiasribeiraopreto.com.br\/wp-content\/uploads\/2025\/09\/LAIS-SOUZA_2025-09-27_20-58-18.webp.webp?fit=1200%2C972&ssl=1&resize=1050%2C600 3x"},"classes":[]}],"jetpack_sharing_enabled":true,"jetpack_shortlink":"https:\/\/wp.me\/peQAOb-4gY","_links":{"self":[{"href":"https:\/\/noticiasribeiraopreto.com.br\/index.php\/wp-json\/wp\/v2\/posts\/16428","targetHints":{"allow":["GET"]}}],"collection":[{"href":"https:\/\/noticiasribeiraopreto.com.br\/index.php\/wp-json\/wp\/v2\/posts"}],"about":[{"href":"https:\/\/noticiasribeiraopreto.com.br\/index.php\/wp-json\/wp\/v2\/types\/post"}],"author":[{"embeddable":true,"href":"https:\/\/noticiasribeiraopreto.com.br\/index.php\/wp-json\/wp\/v2\/users\/1"}],"replies":[{"embeddable":true,"href":"https:\/\/noticiasribeiraopreto.com.br\/index.php\/wp-json\/wp\/v2\/comments?post=16428"}],"version-history":[{"count":0,"href":"https:\/\/noticiasribeiraopreto.com.br\/index.php\/wp-json\/wp\/v2\/posts\/16428\/revisions"}],"wp:featuredmedia":[{"embeddable":true,"href":"https:\/\/noticiasribeiraopreto.com.br\/index.php\/wp-json\/wp\/v2\/media\/16429"}],"wp:attachment":[{"href":"https:\/\/noticiasribeiraopreto.com.br\/index.php\/wp-json\/wp\/v2\/media?parent=16428"}],"wp:term":[{"taxonomy":"category","embeddable":true,"href":"https:\/\/noticiasribeiraopreto.com.br\/index.php\/wp-json\/wp\/v2\/categories?post=16428"},{"taxonomy":"post_tag","embeddable":true,"href":"https:\/\/noticiasribeiraopreto.com.br\/index.php\/wp-json\/wp\/v2\/tags?post=16428"}],"curies":[{"name":"wp","href":"https:\/\/api.w.org\/{rel}","templated":true}]}}