{"id":16437,"date":"2023-12-15T15:31:54","date_gmt":"2023-12-15T18:31:54","guid":{"rendered":"https:\/\/noticiasribeiraopreto.com.br\/index.php\/2023\/12\/15\/com-juros-em-queda-bank-of-america-ve-ibovespa-em-145-mil-pontos-em-2024-e-abre-aposta-no-varejo\/"},"modified":"2023-12-15T15:31:54","modified_gmt":"2023-12-15T18:31:54","slug":"com-juros-em-queda-bank-of-america-ve-ibovespa-em-145-mil-pontos-em-2024-e-abre-aposta-no-varejo","status":"publish","type":"post","link":"https:\/\/noticiasribeiraopreto.com.br\/index.php\/2023\/12\/15\/com-juros-em-queda-bank-of-america-ve-ibovespa-em-145-mil-pontos-em-2024-e-abre-aposta-no-varejo\/","title":{"rendered":"Com juros em queda, Bank of America v\u00ea Ibovespa em 145 mil pontos em 2024 e abre aposta no varejo"},"content":{"rendered":"<div class='code-block code-block-1' style='margin: 8px 0 8px auto; text-align: right; display: block; clear: both;'>\n<p><a href=\"https:\/\/wa.link\/vpicfd\"><img data-recalc-dims=\"1\" class=\"wp-image-4922\" style=\"aspect-ratio: 2.0253164556962027; width: 561px; height: auto;\" src=\"https:\/\/i0.wp.com\/ismaelcolosi.com.br\/wp-content\/uploads\/2023\/11\/grupo-de-empregos-whatsapp-e-facebook-ismael-colosi-vagas.jpg?ssl=1\" alt=\"\" \/><\/a><\/p>\n<!-- \/wp:image -->\n<\/div>\n<p> <br \/>\n<\/p>\n<div id=\"js-first-letter\">\n<p>O <strong>Ibovespa<\/strong> acaba de <a href=\"https:\/\/www.seudinheiro.com\/2023\/bolsa-dolar\/bolsas-hoje-dolar-ibovespa-141223-ccgg-lils-rsgp-rens\/\">renovar seu recorde de fechamento pela primeira vez em dois anos e meio<\/a>.<\/p>\n<p>Na vis\u00e3o do <strong>Bank of America (BofA)<\/strong>, por\u00e9m, o principal \u00edndice de a\u00e7\u00f5es da B3 tem grande chances de emplacar uma sucess\u00e3o de novos recordes no decorrer dos pr\u00f3ximos meses.<\/p>\n<p>Em meio \u00e0 queda dos juros e \u00e0 percep\u00e7\u00e3o de melhora nos indicadores macroecon\u00f4micos brasileiros, o banc\u00e3o norte-americano prev\u00ea que o Ibovespa sair\u00e1 dos atuais 130 mil pontos para chegar ao fim de 2024 na faixa de 145 mil pontos.<\/p>\n<p>A afirma\u00e7\u00e3o foi feita nesta sexta-feira (15) por <strong>David Beker, chefe de economia do BofA para o Brasil<\/strong>, em um caf\u00e9 da manh\u00e3 com jornalistas.<\/p>\n<p>Caso a proje\u00e7\u00e3o do BofA se confirme, o Ibovespa vai fechar 2024 com uma valoriza\u00e7\u00e3o de 11% em rela\u00e7\u00e3o ao fechamento de ontem.<\/p>\n<div class=\"banner banner-inArticle banner-inArticle--mobile\">\n<div class=\"banner-side\">\n<p class=\"borderAD\" style=\"display: none;\">CONTINUA DEPOIS DA PUBLICIDADE<\/p>\n<\/div>\n<\/div>\n<div class=\"banner banner-inArticle banner-inArticle--desktop\">\n<div class=\"banner-side\">\n<p class=\"borderAD\" style=\"display: none;\">CONTINUA DEPOIS DA PUBLICIDADE<\/p>\n<\/div>\n<\/div>\n<h2 class=\"wp-block-heading\" id=\"h-a-aposta-do-bofa-no-varejo\">A aposta do BofA no varejo<\/h2>\n<p>Exposto principalmente ao setor de commodities e a bancos no Brasil, o BofA acaba de acrescentar a suas apostas uma classe de a\u00e7\u00f5es que vem passando perrengue na bolsa: varejo e com\u00e9rcio eletr\u00f4nico.<\/p>\n<p>Beker admite que se trata de aposta arriscada, mas que pode gerar lucros por ir na contram\u00e3o da percep\u00e7\u00e3o geral do mercado.<\/p>\n<p>Afinal, o setor sofreu muito com a r\u00e1pida e acentuada escalada dos juros.<\/p>\n<h4 class=\"wp-block-heading\" id=\"h-a-vida-e-sempre-mais-dificil-com-os-juros-em-alta-disse-beker\">\u201cA vida \u00e9 sempre mais dif\u00edcil com os juros em alta\u201d, disse Beker.<\/h4>\n<div class=\"wp-block-image\">\n<figure class=\"aligncenter size-full is-resized\"><img data-recalc-dims=\"1\" loading=\"lazy\" decoding=\"async\" src=\"https:\/\/i0.wp.com\/media.seudinheiro.com\/uploads\/2023\/12\/David-Beker_BofA_Divulgacao_1-min-scaled.jpg?resize=318%2C477&#038;ssl=1\" alt=\"David Beker\" class=\"wp-image-524014\" width=\"318\" height=\"477\" srcset=\"https:\/\/media.seudinheiro.com\/uploads\/2023\/12\/David-Beker_BofA_Divulgacao_1-min-scaled.jpg 1705w, https:\/\/media.seudinheiro.com\/uploads\/2023\/12\/David-Beker_BofA_Divulgacao_1-min-1023x1536.jpg 1023w, https:\/\/media.seudinheiro.com\/uploads\/2023\/12\/David-Beker_BofA_Divulgacao_1-min-1364x2048.jpg 1364w, https:\/\/media.seudinheiro.com\/uploads\/2023\/12\/David-Beker_BofA_Divulgacao_1-min-260x390.jpg 260w\" sizes=\"auto, (max-width: 318px) 100vw, 318px\"\/><figcaption class=\"wp-element-caption\"><em>David Beker, economista do BofA<\/em><\/figcaption><\/figure>\n<\/div>\n<p>No entanto, os n\u00fameros dessas empresas j\u00e1 estiveram piores e suas a\u00e7\u00f5es, mais caras, afirmou.<\/p>\n<p>Hoje, o setor como um todo estaria barato e com m\u00e9tricas melhores do que em um passado recente.<\/p>\n<p>Al\u00e9m disso, o Bank of America prev\u00ea um aumento da participa\u00e7\u00e3o do consumo no PIB brasileiro em 2024.<\/p>\n<p>Beker n\u00e3o revelou em quais empresas do setor de varejo o BofA est\u00e1 apostando, mas um relat\u00f3rio recente cont\u00e9m a resposta.<\/p>\n<p>E ela passa longe de empresas como Americanas (AMER3), Casas Bahia (BHIA3) e Magazine Luiza (MGLU3), que viveram um ano dif\u00edcil no Ibovespa e fora dele.<\/p>\n<p>Analistas do Bank of America recomendam a compra de a\u00e7\u00f5es do Mercado Livre (MELI34), da Vivara (VIVA3) e da Smartfit (SMFT3) quando o assunto \u00e9 investir em varejo e com\u00e9rcio eletr\u00f4nico em 2024.<\/p>\n<p>O trio tem se destacado com indica\u00e7\u00f5es recentes por outras institui\u00e7\u00f5es financeiras.<\/p>\n<h3 class=\"wp-block-heading\" id=\"h-a-dinheirista-vendi-meu-vale-alimentacao-e-agora-estou-sendo-ameacada\"><a href=\"https:\/\/youtu.be\/plZodys_sF0\">A DINHEIRISTA<\/a> &#8211; VENDI MEU VALE-ALIMENTA\u00c7\u00c3O E AGORA ESTOU SENDO AMEA\u00c7ADA!<\/h3>\n<figure class=\"wp-block-embed is-type-video is-provider-youtube wp-block-embed-youtube wp-embed-aspect-16-9 wp-has-aspect-ratio\">\n<p>\n<iframe loading=\"lazy\" title=\"VENDI MEU VALE-ALIMENTA\u00c7\u00c3O E AGORA ESTOU SENDO AMEA\u00c7ADA! I A DINHEIRISTA\" width=\"500\" height=\"281\" src=\"https:\/\/www.youtube.com\/embed\/plZodys_sF0?feature=oembed\" frameborder=\"0\" allow=\"accelerometer; autoplay; clipboard-write; encrypted-media; gyroscope; picture-in-picture; web-share\" referrerpolicy=\"strict-origin-when-cross-origin\" allowfullscreen><\/iframe>\n<\/p>\n<\/figure>\n<h2 class=\"wp-block-heading\" id=\"h-projecoes-macroeconomicas\">Proje\u00e7\u00f5es macroecon\u00f4micas<\/h2>\n<p>Al\u00e9m de antever o Ibovespa a 145 mil pontos no fim do ano que vem, Beker apresentou as proje\u00e7\u00f5es macroecon\u00f4micas do BofA para 2023, 2024 e 2025.<\/p>\n<p>O banco estima que o PIB vai fechar este ano com expans\u00e3o de 3,0%, desacelerando a 2,2% em 2024 e reacelerando a 2,5% em 2025.<\/p>\n<p>Beker admitiu que os <a href=\"https:\/\/www.seudinheiro.com\/2023\/economia\/pib-por-que-economistas-erram-previsoes-rsgp\/\">economistas em geral t\u00eam subestimado o PIB brasileiro h\u00e1 anos<\/a> e afirmou que o governo do presidente Luiz In\u00e1cio Lula da Silva est\u00e1 entregando mais do que se esperava inicialmente.<\/p>\n<p>O principal desafio visto por ele para a economia brasileira no ano que vem refere-se \u00e0 busca pelo cumprimento da meta fiscal e o andamento da outra parte da reforma tribut\u00e1ria, referente \u00e0 renda.<\/p>\n<p>Na avalia\u00e7\u00e3o dele, t\u00e3o importante quanto qualquer eventual resultado \u00e9 a percep\u00e7\u00e3o de que o governo est\u00e1 comprometido com a responsabilidade fiscal.<\/p>\n<p>Voltando \u00e0s proje\u00e7\u00f5es, a infla\u00e7\u00e3o oficial deve seguir perdendo for\u00e7a, fechando 2023 em 4,8%, caindo para 3,7% no ano que vem e chegando a 3,5% no ano seguinte.<\/p>\n<p>J\u00e1 o d\u00f3lar deve encerrar o ano por volta de R$ 4,95 e chegar ao fim de 2024 perto de R$ 4,75.<\/p>\n<p>A taxa Selic, por sua vez, deve cair dos atuais 11,75% para 9,5% no decorrer do ano que vem e assim permanecer pelo menos at\u00e9 o fim de 2025.<\/p>\n<h2 class=\"wp-block-heading\" id=\"h-uma-janela-de-ipos-para-o-ibovespa\">Uma janela de IPOs para o Ibovespa<\/h2>\n<p>David Beker acredita que a bolsa brasileira voltar\u00e1 a ter IPOs em 2024.<\/p>\n<p>A B3 n\u00e3o tem um IPO desde agosto de 2021, <a href=\"https:\/\/www.seudinheiro.com\/2021\/bolsa\/oncoclinicas-estreia-b3-10-08\/\">quando a Oncocl\u00ednicas (ONCO3) abriu seu capital<\/a>.<\/p>\n<p>Mesmo sem dispor de uma estimativa, Beker afirma que as condi\u00e7\u00f5es macroecon\u00f4micas mostram-se cada vez mais prop\u00edcias para a abertura de uma nova janela para os IPOs.<\/p>\n<h2 class=\"wp-block-heading\" id=\"h-bofa-recomenda-ibovespa-contra-bolsa-mexicana\">Bofa recomenda Ibovespa contra bolsa mexicana<\/h2>\n<p>Dado este cen\u00e1rio, Beker, que tamb\u00e9m cuida da estrat\u00e9gia do BofA para a Am\u00e9rica Latina, disse que o banco tem recomendado a seus clientes que comprem Ibovespa e vendam bolsa mexicana.<\/p>\n<p>Em rela\u00e7\u00e3o ao mercado de c\u00e2mbio, ele disse que o BofA tamb\u00e9m aposta no real contra o peso do M\u00e9xico.<\/p>\n<p>De acordo com Beker, isso se deve principalmente ao fato de o mercado financeiro mexicano ter cumprido um certo potencial e de o pa\u00eds ter elei\u00e7\u00f5es gerais previstas para o ano que vem.<\/p>\n<\/div>\n<p><br \/>\n<br \/><a href=\"https:\/\/www.seudinheiro.com\/2023\/bolsa-dolar\/ibovespa-bolsa-pib-ipca-dolar-inflacao-bofa-bank-of-america-david-beker-rsgp\/\">Source link <\/a><\/p>\n<!-- CONTENT END 1 -->\n","protected":false},"excerpt":{"rendered":"<p>O Ibovespa acaba de renovar seu recorde de fechamento pela primeira vez em dois anos e meio. Na vis\u00e3o do Bank of America (BofA), por\u00e9m,&#8230;<\/p>\n","protected":false},"author":1,"featured_media":16438,"comment_status":"open","ping_status":"open","sticky":false,"template":"","format":"standard","meta":{"advanced_seo_description":"","jetpack_seo_html_title":"","jetpack_seo_noindex":false,"jetpack_post_was_ever_published":false,"_jetpack_newsletter_access":"","_jetpack_dont_email_post_to_subs":false,"_jetpack_newsletter_tier_id":0,"_jetpack_memberships_contains_paywalled_content":false,"_jetpack_memberships_contains_paid_content":false,"footnotes":"","jetpack_publicize_message":"","jetpack_publicize_feature_enabled":true,"jetpack_social_post_already_shared":true,"jetpack_social_options":{"image_generator_settings":{"template":"highway","default_image_id":0,"font":"","enabled":false},"version":2}},"categories":[1235],"tags":[],"class_list":["post-16437","post","type-post","status-publish","format-standard","has-post-thumbnail","hentry","category-dinheiro-e-investimento-como-fazer-como-ganhar"],"jetpack_publicize_connections":[],"jetpack_featured_media_url":"https:\/\/i0.wp.com\/noticiasribeiraopreto.com.br\/wp-content\/uploads\/2023\/12\/bank-of-america-boac34-628x353.jpg?fit=628%2C353&ssl=1","jetpack-related-posts":[{"id":15705,"url":"https:\/\/noticiasribeiraopreto.com.br\/index.php\/2023\/12\/14\/esquenta-dos-mercados-bolsas-internacionais-sobem-apos-super-quarta-de-olho-em-mais-decisoes-sobre-juros-hoje-ibovespa-reage-ao-corte-da-selic-de-olho-em-dados-do-varejo\/","url_meta":{"origin":16437,"position":0},"title":"Esquenta dos mercados: Bolsas internacionais sobem ap\u00f3s Super Quarta, de olho em mais decis\u00f5es sobre juros hoje; Ibovespa reage ao corte da Selic de olho em dados do varejo","author":"noticiasribeiraopreto.com.br","date":"14 de December de 2023","format":false,"excerpt":"Quem estava otimista com o dia de decis\u00f5es sobre pol\u00edtica monet\u00e1ria nos Estados Unidos e no Brasil, apostou certo! O Ibovespa se aproximou da m\u00e1xima hist\u00f3rica e ultrapassou os 129 mil pontos, enquanto o Dow Jones rompeu pela primeira vez os 37 mil pontos em Nova York. Apesar da agenda\u2026","rel":"","context":"In &quot;Dinheiro e Investimento&quot;","block_context":{"text":"Dinheiro e Investimento","link":"https:\/\/noticiasribeiraopreto.com.br\/index.php\/category\/dinheiro-e-investimento-como-fazer-como-ganhar\/"},"img":{"alt_text":"","src":"https:\/\/i0.wp.com\/noticiasribeiraopreto.com.br\/wp-content\/uploads\/2023\/12\/1702550998_Selo-Mercados-Touro-Alta-ESQUENTA-e1694168533397-715x402.jpg?fit=715%2C402&ssl=1&resize=350%2C200","width":350,"height":200,"srcset":"https:\/\/i0.wp.com\/noticiasribeiraopreto.com.br\/wp-content\/uploads\/2023\/12\/1702550998_Selo-Mercados-Touro-Alta-ESQUENTA-e1694168533397-715x402.jpg?fit=715%2C402&ssl=1&resize=350%2C200 1x, https:\/\/i0.wp.com\/noticiasribeiraopreto.com.br\/wp-content\/uploads\/2023\/12\/1702550998_Selo-Mercados-Touro-Alta-ESQUENTA-e1694168533397-715x402.jpg?fit=715%2C402&ssl=1&resize=525%2C300 1.5x, https:\/\/i0.wp.com\/noticiasribeiraopreto.com.br\/wp-content\/uploads\/2023\/12\/1702550998_Selo-Mercados-Touro-Alta-ESQUENTA-e1694168533397-715x402.jpg?fit=715%2C402&ssl=1&resize=700%2C400 2x"},"classes":[]},{"id":80585,"url":"https:\/\/noticiasribeiraopreto.com.br\/index.php\/2025\/12\/06\/ibovespa-desaba-com-flavio-bolsonaro\/","url_meta":{"origin":16437,"position":1},"title":"Ibovespa desaba com Fl\u00e1vio Bolsonaro","author":"noticiasribeiraopreto.com.br","date":"6 de December de 2025","format":false,"excerpt":"\r \r \r 6 de dezembro de 2025 12:156 de dezembro de 2025 00:10 \r Compartilhar0 O Ibovespa \u2013 \u00edndice de refer\u00eancia da B3 \u2013 desabou mais de 4% nesta sexta-feira, 5 de dezembro, na maior queda em um dia desde fevereiro de 2021, pressionado por an\u00fancio de que o\u2026","rel":"","context":"In &quot;Not\u00edcias de Ribeir\u00e3o Preto-SP e Regi\u00e3o&quot;","block_context":{"text":"Not\u00edcias de Ribeir\u00e3o Preto-SP e Regi\u00e3o","link":"https:\/\/noticiasribeiraopreto.com.br\/index.php\/category\/noticias-de-ribeirao-preto-sp-e-regiao-ismael-colosi\/"},"img":{"alt_text":"","src":"https:\/\/i0.wp.com\/noticiasribeiraopreto.com.br\/wp-content\/uploads\/2025\/12\/Dolar-Divulgacao-scaled.jpg?fit=1200%2C752&ssl=1&resize=350%2C200","width":350,"height":200,"srcset":"https:\/\/i0.wp.com\/noticiasribeiraopreto.com.br\/wp-content\/uploads\/2025\/12\/Dolar-Divulgacao-scaled.jpg?fit=1200%2C752&ssl=1&resize=350%2C200 1x, https:\/\/i0.wp.com\/noticiasribeiraopreto.com.br\/wp-content\/uploads\/2025\/12\/Dolar-Divulgacao-scaled.jpg?fit=1200%2C752&ssl=1&resize=525%2C300 1.5x, https:\/\/i0.wp.com\/noticiasribeiraopreto.com.br\/wp-content\/uploads\/2025\/12\/Dolar-Divulgacao-scaled.jpg?fit=1200%2C752&ssl=1&resize=700%2C400 2x, https:\/\/i0.wp.com\/noticiasribeiraopreto.com.br\/wp-content\/uploads\/2025\/12\/Dolar-Divulgacao-scaled.jpg?fit=1200%2C752&ssl=1&resize=1050%2C600 3x"},"classes":[]},{"id":34173,"url":"https:\/\/noticiasribeiraopreto.com.br\/index.php\/2024\/02\/01\/esquenta-dos-mercados-bolsas-internacionais-operam-sem-sinal-apos-comunicado-do-fed-sobre-juros-ibovespa-digere-selic-hoje\/","url_meta":{"origin":16437,"position":2},"title":"Esquenta dos mercados: Bolsas internacionais operam sem sinal ap\u00f3s comunicado do Fed sobre juros; Ibovespa digere Selic hoje","author":"noticiasribeiraopreto.com.br","date":"1 de February de 2024","format":false,"excerpt":"O dia mais esperado do m\u00eas chegou e n\u00e3o \u00e9 porque ele marca o fim de janeiro. Hoje era o dia da 'Super Quarta', aquele com decis\u00f5es de pol\u00edtica monet\u00e1ria nos Estados Unidos e no Brasil \u2014 e ela trouxe surpresas para o mercado. Apesar da expectativa pelo Copom, a\u2026","rel":"","context":"In &quot;Dinheiro e Investimento&quot;","block_context":{"text":"Dinheiro e Investimento","link":"https:\/\/noticiasribeiraopreto.com.br\/index.php\/category\/dinheiro-e-investimento-como-fazer-como-ganhar\/"},"img":{"alt_text":"","src":"https:\/\/i0.wp.com\/noticiasribeiraopreto.com.br\/wp-content\/uploads\/2024\/02\/Selo-Mercados-Touro-Alta-ESQUENTA-e1694168533397-715x402.jpg?fit=715%2C402&ssl=1&resize=350%2C200","width":350,"height":200,"srcset":"https:\/\/i0.wp.com\/noticiasribeiraopreto.com.br\/wp-content\/uploads\/2024\/02\/Selo-Mercados-Touro-Alta-ESQUENTA-e1694168533397-715x402.jpg?fit=715%2C402&ssl=1&resize=350%2C200 1x, https:\/\/i0.wp.com\/noticiasribeiraopreto.com.br\/wp-content\/uploads\/2024\/02\/Selo-Mercados-Touro-Alta-ESQUENTA-e1694168533397-715x402.jpg?fit=715%2C402&ssl=1&resize=525%2C300 1.5x, https:\/\/i0.wp.com\/noticiasribeiraopreto.com.br\/wp-content\/uploads\/2024\/02\/Selo-Mercados-Touro-Alta-ESQUENTA-e1694168533397-715x402.jpg?fit=715%2C402&ssl=1&resize=700%2C400 2x"},"classes":[]},{"id":31394,"url":"https:\/\/noticiasribeiraopreto.com.br\/index.php\/2024\/01\/22\/vinte-dias-no-vermelho-os-tres-fatores-que-fizeram-o-ibovespa-perder-quase-7-mil-pontos-no-comeco-de-2024-e-o-que-esperar-agora\/","url_meta":{"origin":16437,"position":3},"title":"Vinte dias no vermelho: os tr\u00eas fatores que fizeram o Ibovespa perder quase 7 mil pontos no come\u00e7o de 2024 \u2014 e o que esperar agora","author":"noticiasribeiraopreto.com.br","date":"22 de January de 2024","format":false,"excerpt":"Ap\u00f3s alcan\u00e7ar as m\u00e1ximas hist\u00f3ricas no fim de 2023, a bolsa brasileira virou o ano com grandes expectativas. Mas os primeiros 20 dias de janeiro foram uma verdadeira ducha de \u00e1gua gelada nos investidores. O Ibovespa \u2014 principal \u00edndice de a\u00e7\u00f5es da B3 \u2014 caiu dos 134 mil pontos para\u2026","rel":"","context":"In &quot;Dinheiro e Investimento&quot;","block_context":{"text":"Dinheiro e Investimento","link":"https:\/\/noticiasribeiraopreto.com.br\/index.php\/category\/dinheiro-e-investimento-como-fazer-como-ganhar\/"},"img":{"alt_text":"","src":"https:\/\/i0.wp.com\/noticiasribeiraopreto.com.br\/wp-content\/uploads\/2024\/01\/1705917297_market-stockes-mercado-bolsa-ibovespa-dolar-628x353.png?fit=628%2C353&ssl=1&resize=350%2C200","width":350,"height":200,"srcset":"https:\/\/i0.wp.com\/noticiasribeiraopreto.com.br\/wp-content\/uploads\/2024\/01\/1705917297_market-stockes-mercado-bolsa-ibovespa-dolar-628x353.png?fit=628%2C353&ssl=1&resize=350%2C200 1x, https:\/\/i0.wp.com\/noticiasribeiraopreto.com.br\/wp-content\/uploads\/2024\/01\/1705917297_market-stockes-mercado-bolsa-ibovespa-dolar-628x353.png?fit=628%2C353&ssl=1&resize=525%2C300 1.5x"},"classes":[]},{"id":21641,"url":"https:\/\/noticiasribeiraopreto.com.br\/index.php\/2023\/12\/28\/esquenta-dos-mercados-no-ultimo-pregao-de-2023-ibovespa-acompanha-previa-da-inflacao-e-haddad-apos-recorde\/","url_meta":{"origin":16437,"position":4},"title":"Esquenta dos mercados: No \u00faltimo preg\u00e3o de 2023, Ibovespa acompanha pr\u00e9via da infla\u00e7\u00e3o e Haddad ap\u00f3s recorde","author":"noticiasribeiraopreto.com.br","date":"28 de December de 2023","format":false,"excerpt":"O pen\u00faltimo preg\u00e3o de 2023, marcado pelo menor volume de neg\u00f3cios devido ao recesso de fim de ano, parecia enfim ter pesado sobre o Ibovespa, que iniciou a sess\u00e3o em queda. Mas, apesar de experimentar volatilidade no in\u00edcio do preg\u00e3o, o \u00edndice inverteu o sinal ainda pela manh\u00e3 e seguiu\u2026","rel":"","context":"In &quot;Dinheiro e Investimento&quot;","block_context":{"text":"Dinheiro e Investimento","link":"https:\/\/noticiasribeiraopreto.com.br\/index.php\/category\/dinheiro-e-investimento-como-fazer-como-ganhar\/"},"img":{"alt_text":"","src":"https:\/\/i0.wp.com\/noticiasribeiraopreto.com.br\/wp-content\/uploads\/2023\/12\/1703760216_Selo-Mercados-Touro-Alta-ESQUENTA-e1694168533397-715x402.jpg?fit=715%2C402&ssl=1&resize=350%2C200","width":350,"height":200,"srcset":"https:\/\/i0.wp.com\/noticiasribeiraopreto.com.br\/wp-content\/uploads\/2023\/12\/1703760216_Selo-Mercados-Touro-Alta-ESQUENTA-e1694168533397-715x402.jpg?fit=715%2C402&ssl=1&resize=350%2C200 1x, https:\/\/i0.wp.com\/noticiasribeiraopreto.com.br\/wp-content\/uploads\/2023\/12\/1703760216_Selo-Mercados-Touro-Alta-ESQUENTA-e1694168533397-715x402.jpg?fit=715%2C402&ssl=1&resize=525%2C300 1.5x, https:\/\/i0.wp.com\/noticiasribeiraopreto.com.br\/wp-content\/uploads\/2023\/12\/1703760216_Selo-Mercados-Touro-Alta-ESQUENTA-e1694168533397-715x402.jpg?fit=715%2C402&ssl=1&resize=700%2C400 2x"},"classes":[]},{"id":15924,"url":"https:\/\/noticiasribeiraopreto.com.br\/index.php\/2023\/12\/14\/ibovespa-em-131-mil-pontos-e-so-uma-palinha-ainda-tem-muito-espaco-para-a-bolsa-disparar-em-2024-diz-analista-e-campos-neto-pode-ajudar\/","url_meta":{"origin":16437,"position":5},"title":"Ibovespa em 131 mil pontos \u00e9 s\u00f3 uma \u2018palinha\u2019: \u2018ainda tem muito espa\u00e7o para a bolsa disparar em 2024\u2019, diz analista \u2013 e Campos Neto pode ajudar","author":"noticiasribeiraopreto.com.br","date":"14 de December de 2023","format":false,"excerpt":"Dia hist\u00f3rico na bolsa brasileira nesta quinta-feira (14). O Ibovespa chegou \u00e0 m\u00e1xima de 131 mil pontos na manh\u00e3 ap\u00f3s decis\u00e3o do Copom e do Fed sobre os juros aqui no Brasil e nos EUA. Fonte: Google Finance Os \u00e2nimos do mercado j\u00e1 vinham se aquecendo h\u00e1 alguns dias. Desde\u2026","rel":"","context":"In &quot;Dinheiro e Investimento&quot;","block_context":{"text":"Dinheiro e Investimento","link":"https:\/\/noticiasribeiraopreto.com.br\/index.php\/category\/dinheiro-e-investimento-como-fazer-como-ganhar\/"},"img":{"alt_text":"","src":"https:\/\/i0.wp.com\/noticiasribeiraopreto.com.br\/wp-content\/uploads\/2023\/12\/1702580513_bolsa-brasileira-acoes-715x402.jpg?fit=715%2C402&ssl=1&resize=350%2C200","width":350,"height":200,"srcset":"https:\/\/i0.wp.com\/noticiasribeiraopreto.com.br\/wp-content\/uploads\/2023\/12\/1702580513_bolsa-brasileira-acoes-715x402.jpg?fit=715%2C402&ssl=1&resize=350%2C200 1x, https:\/\/i0.wp.com\/noticiasribeiraopreto.com.br\/wp-content\/uploads\/2023\/12\/1702580513_bolsa-brasileira-acoes-715x402.jpg?fit=715%2C402&ssl=1&resize=525%2C300 1.5x, https:\/\/i0.wp.com\/noticiasribeiraopreto.com.br\/wp-content\/uploads\/2023\/12\/1702580513_bolsa-brasileira-acoes-715x402.jpg?fit=715%2C402&ssl=1&resize=700%2C400 2x"},"classes":[]}],"jetpack_sharing_enabled":true,"jetpack_shortlink":"https:\/\/wp.me\/peQAOb-4h7","_links":{"self":[{"href":"https:\/\/noticiasribeiraopreto.com.br\/index.php\/wp-json\/wp\/v2\/posts\/16437","targetHints":{"allow":["GET"]}}],"collection":[{"href":"https:\/\/noticiasribeiraopreto.com.br\/index.php\/wp-json\/wp\/v2\/posts"}],"about":[{"href":"https:\/\/noticiasribeiraopreto.com.br\/index.php\/wp-json\/wp\/v2\/types\/post"}],"author":[{"embeddable":true,"href":"https:\/\/noticiasribeiraopreto.com.br\/index.php\/wp-json\/wp\/v2\/users\/1"}],"replies":[{"embeddable":true,"href":"https:\/\/noticiasribeiraopreto.com.br\/index.php\/wp-json\/wp\/v2\/comments?post=16437"}],"version-history":[{"count":0,"href":"https:\/\/noticiasribeiraopreto.com.br\/index.php\/wp-json\/wp\/v2\/posts\/16437\/revisions"}],"wp:featuredmedia":[{"embeddable":true,"href":"https:\/\/noticiasribeiraopreto.com.br\/index.php\/wp-json\/wp\/v2\/media\/16438"}],"wp:attachment":[{"href":"https:\/\/noticiasribeiraopreto.com.br\/index.php\/wp-json\/wp\/v2\/media?parent=16437"}],"wp:term":[{"taxonomy":"category","embeddable":true,"href":"https:\/\/noticiasribeiraopreto.com.br\/index.php\/wp-json\/wp\/v2\/categories?post=16437"},{"taxonomy":"post_tag","embeddable":true,"href":"https:\/\/noticiasribeiraopreto.com.br\/index.php\/wp-json\/wp\/v2\/tags?post=16437"}],"curies":[{"name":"wp","href":"https:\/\/api.w.org\/{rel}","templated":true}]}}