{"id":16441,"date":"2023-12-15T15:39:49","date_gmt":"2023-12-15T18:39:49","guid":{"rendered":"https:\/\/noticiasribeiraopreto.com.br\/index.php\/2023\/12\/15\/industria-em-destaque-exposicao-sobre-imigrantes-e-ferramentas-para-facilitar-o-comercio-exterior\/"},"modified":"2023-12-15T15:39:49","modified_gmt":"2023-12-15T18:39:49","slug":"industria-em-destaque-exposicao-sobre-imigrantes-e-ferramentas-para-facilitar-o-comercio-exterior","status":"publish","type":"post","link":"https:\/\/noticiasribeiraopreto.com.br\/index.php\/2023\/12\/15\/industria-em-destaque-exposicao-sobre-imigrantes-e-ferramentas-para-facilitar-o-comercio-exterior\/","title":{"rendered":"Ind\u00fastria em destaque: Exposi\u00e7\u00e3o sobre imigrantes e ferramentas para facilitar o com\u00e9rcio exterior"},"content":{"rendered":"<div class='code-block code-block-1' style='margin: 8px 0 8px auto; text-align: right; display: block; clear: both;'>\n<p><a href=\"https:\/\/wa.link\/vpicfd\"><img data-recalc-dims=\"1\" class=\"wp-image-4922\" style=\"aspect-ratio: 2.0253164556962027; width: 561px; height: auto;\" src=\"https:\/\/i0.wp.com\/ismaelcolosi.com.br\/wp-content\/uploads\/2023\/11\/grupo-de-empregos-whatsapp-e-facebook-ismael-colosi-vagas.jpg?ssl=1\" alt=\"\" \/><\/a><\/p>\n<!-- \/wp:image -->\n<\/div>\n<p> <br \/>\n<\/p>\n<div>\n<figure><picture><source srcset=\"https:\/\/clickpetroleoegas.com.br\/wp-content\/uploads\/2023\/12\/industria-em-destaque-exposicao-sobre-imigrantes-e-ferramentas-para-facilitar-o-comercio-exterior-830x450.jpg.webp\" type=\"image\/webp\"><img data-recalc-dims=\"1\" loading=\"lazy\" width=\"830\" height=\"450\" src=\"https:\/\/i0.wp.com\/clickpetroleoegas.com.br\/wp-content\/uploads\/2023\/12\/industria-em-destaque-exposicao-sobre-imigrantes-e-ferramentas-para-facilitar-o-comercio-exterior-830x450.jpg?resize=830%2C450&#038;ssl=1\" class=\"fdnw-post-thumbnail fdnw-first-card-thumbnail wp-post-image\" alt=\"com\u00e9rcio exterior, neg\u00f3cios internacionais, interc\u00e2mbio comercial, trocas internacionais, exporta\u00e7\u00e3o, importa\u00e7\u00e3o, ind\u00fastria\" decoding=\"async\" data-eio=\"p\"\/><\/source><\/picture><figcaption class=\"fdnw-image-caption\">Foto: Shutterstock Foto: SENAI CETIQT Foto: FIEP Foto: Marcos Gomes\/FIBRA Fotos: FIEMA Fotos: FIEPA Foto: Iano Andrade\/CNI \u2013 Todos os direitos: Portal da Ind\u00fastria<\/figcaption><\/figure>\n<figure class=\"multimedia--image-plugin_fullsized\"><img data-recalc-dims=\"1\" decoding=\"async\" class=\"multimedia--element lazy\" src=\"https:\/\/i0.wp.com\/static.portaldaindustria.com.br\/portaldaindustria\/noticias\/media\/imagem_plugin\/whatsappimageatpzvbyqpehyv_VvAOx0y.jpg?ssl=1\" loading=\"lazy\"\/><noscript><img data-recalc-dims=\"1\" decoding=\"async\" class=\"multimedia--element\" src=\"https:\/\/i0.wp.com\/static.portaldaindustria.com.br\/portaldaindustria\/noticias\/media\/imagem_plugin\/whatsappimageatpzvbyqpehyv_VvAOx0y.jpg?ssl=1\"\/><\/noscript><noscript><img data-recalc-dims=\"1\" decoding=\"async\" class=\"multimedia--element\" src=\"https:\/\/i0.wp.com\/static.portaldaindustria.com.br\/portaldaindustria\/noticias\/media\/imagem_plugin\/whatsappimageatpzvbyqpehyv_VvAOx0y.jpg?ssl=1\"\/><\/noscript><\/figure>\n<p>A semana da ind\u00fastria teve muitas novidades! Al\u00e9m das iniciativas para otimizar o com\u00e9rcio exterior, foi destaque a exposi\u00e7\u00e3o de cole\u00e7\u00f5es criadas a partir da moda ind\u00edgena. Confira no Brasil Ind\u00fastria quais foram as a\u00e7\u00f5es <a href=\"https:\/\/clickpetroleoegas.com.br\/a-inovacao-da-inteligencia-artificial-na-pesquisa-de-mercado-transforma-as-estrategias-empresariais\/\">divulgadas pela pesquisa de mercado.<\/a><\/p>\n<h2>Empresa paraibana recebe apoio do Centro Internacional de Neg\u00f3cios da Para\u00edba para ampliar neg\u00f3cios no exterior<\/h2>\n<p>A presen\u00e7a de uma empresa no mercado internacional \u00e9 um passo importante no contexto dos neg\u00f3cios, porque representa a explora\u00e7\u00e3o de novas oportunidades, a diversifica\u00e7\u00e3o dos clientes e o fortalecimento da marca. O interc\u00e2mbio comercial \u00e9 fundamental para a expans\u00e3o da ind\u00fastria, pois proporciona a abertura para trocas internacionais, tanto de exporta\u00e7\u00e3o quanto de importa\u00e7\u00e3o.<\/p>\n<p> <span class=\"fdnw-card-article-related\"> <span class=\"h4 fdnw-card-article-related-title\">Artigos recomendados<\/span> <\/span> <\/p>\n<p>Para a expans\u00e3o da ind\u00fastria paraibana no mercado internacional, \u00e9 essencial que a empresa realize um minucioso <a href=\"https:\/\/pt.wikipedia.org\/wiki\/Ribeir%C3%A3o_Preto\" target=\"_blank\" rel=\"noopener nofollow\" class=\"external\">processo de internacionaliza\u00e7\u00e3o<\/a>, elucidando barreiras burocr\u00e1ticas, fazendo uma <a href=\"https:\/\/clickpetroleoegas.com.br\/a-inovacao-da-inteligencia-artificial-na-pesquisa-de-mercado-transforma-as-estrategias-empresariais\/\" target=\"_blank\" rel=\"noopener\">pesquisa de mercado<\/a> que permita que a empresa conhe\u00e7a as normas e procedimentos do <a href=\"https:\/\/clickpetroleoegas.com.br\/georgia-la-o-brasileiro-pode-ficar-um-ano-sem-visto-pais-supera-o-brasil-em-poder-de-compra-e-torna-se-destino-promissor-para-morar-fora\/\" target=\"_blank\" rel=\"noopener\">pa\u00eds de destino<\/a>, adaptando-se ao produto conforme as exig\u00eancias e prefer\u00eancias dos consumidores, buscando o apoio de entidades especializadas em com\u00e9rcio exterior.<\/p>\n<h2 class=\"wp-block-heading\" id=\"h-a-savoia-comercio-internacional-e-sua-especializacao-na-exportacao-de-produtos-de-coco\">A Savoia Com\u00e9rcio Internacional e sua especializa\u00e7\u00e3o na exporta\u00e7\u00e3o de produtos de coco<\/h2>\n<p>Um exemplo de empresa beneficiada pelas a\u00e7\u00f5es do CIN\/PB \u00e9 a Savoia Com\u00e9rcio Internacional, especializada em exportar produtos de coco, como o \u00f3leo de coco. No \u00faltimo m\u00eas de novembro, a empresa expandiu seus neg\u00f3cios vendendo seus produtos para a Col\u00f4mbia, utilizando certificados de origem emitidos pela FIEPB, que abriram caminhos no mercado internacional, refor\u00e7ando a import\u00e2ncia da ind\u00fastria na economia local.<\/p>\n<p>Para atender \u00e0s demandas do mercado internacional, o SENAI CETIQT, em parceria com a UFRJ, desenvolveu fibras t\u00eaxteis condutoras de polipropileno com nanoplaquetas de grafeno, resultando em tecidos inteligentes pioneiros no Brasil. Essa inova\u00e7\u00e3o traz avan\u00e7os para a ind\u00fastria da moda e de outros setores, permitindo a produ\u00e7\u00e3o de tecidos inteligentes utilizados em diversas \u00e1reas que v\u00e3o desde moda ind\u00edgena at\u00e9 tecnologia de nanoplaquetas de grafeno.<\/p>\n<h2 class=\"wp-block-heading\" id=\"h-fotografias-em-exposicao-retratam-desdobramentos-do-ato-de-imigrar\">Fotografias em exposi\u00e7\u00e3o retratam desdobramentos do ato de imigrar<\/h2>\n<p>A exposi\u00e7\u00e3o \u2018Cruzar a Fronteira\u2019, em exibi\u00e7\u00e3o no SESI Cultura at\u00e9 o dia 5 de janeiro, destaca perspectivas e viv\u00eancias de migrantes por meio de fotografias, proporcionando uma reflex\u00e3o sobre desdobramentos do ato de imigrar, enquanto destaca a diversidade cultural presente na sociedade, ampliando a visibilidade e reconhecimento de diferentes contextos de ocupa\u00e7\u00e3o dos espa\u00e7os.<\/p>\n<p>O movimento Inspira Bras\u00edlia busca divulgar a diversidade econ\u00f4mica e cultural da capital do pa\u00eds. Com a participa\u00e7\u00e3o do setor produtivo e do poder p\u00fablico, o evento objetiva estimular a expans\u00e3o dos neg\u00f3cios locais e potencializar oportunidades de desenvolvimento, fortalecendo a presen\u00e7a da ind\u00fastria e do com\u00e9rcio internacional na regi\u00e3o.<\/p>\n<h2 class=\"wp-block-heading\" id=\"h-sesi-itinerante-proporciona-servicos-medicos-e-de-lazer-a-indigenas-e-moradores-de-grajau\">SESI Itinerante proporciona servi\u00e7os m\u00e9dicos e de lazer a ind\u00edgenas e moradores de Graja\u00fa<\/h2>\n<p>O SESI Itinerante atendeu em Graja\u00fa mais de 15 mil pessoas, oferecendo servi\u00e7os essenciais, especialmente para comunidades ind\u00edgenas, refor\u00e7ando a import\u00e2ncia do <a href=\"https:\/\/clickpetroleoegas.com.br\/afetando-ainda-mais-a-economia-os-impostos-no-brasil-sao-considerados-os-piores-no-retorno-para-bem-estar-de-sua-populacao-segundo-o-estudo-feito-pelo-instituto-brasileiro-de-planejamento-e-tributac\/\" target=\"_blank\" rel=\"noopener\">bem-estar para a popula\u00e7\u00e3o<\/a> e a aten\u00e7\u00e3o \u00e0 diversidade cultural, unindo esfor\u00e7os da ind\u00fastria e servi\u00e7os m\u00e9dicos para promover o acesso a consultas m\u00e9dicas, alimenta\u00e7\u00e3o saud\u00e1vel e lazer.<\/p>\n<h2 class=\"wp-block-heading\" id=\"h-colecao-inspirada-na-moda-indigena-desenvolvida-por-alunos-do-senai\">Cole\u00e7\u00e3o inspirada na moda ind\u00edgena desenvolvida por alunos do SENAI<\/h2>\n<p>Alunos do SENAI criaram uma cole\u00e7\u00e3o inspirada na moda ind\u00edgena, buscando harmonizar tradi\u00e7\u00e3o e inova\u00e7\u00e3o, celebrando a diversidade cultural e promovendo a conscientiza\u00e7\u00e3o sobre a import\u00e2ncia da sustentabilidade na ind\u00fastria da moda. O resultado dessa iniciativa reflete uma vis\u00e3o aut\u00eantica e respeitosa da cultura ind\u00edgena, destacando a relev\u00e2ncia da <a href=\"https:\/\/clickpetroleoegas.com.br\/governo-do-maranhao-lanca-edital-com-30-900-vagas-em-cursos-gratuitos-de-educacao-profissional\/\" target=\"_blank\" rel=\"noopener\">educa\u00e7\u00e3o profissional<\/a> na valoriza\u00e7\u00e3o de pr\u00e1ticas tradicionais.<\/p>\n<h2 class=\"wp-block-heading\" id=\"h-senai-oferece-vagas-em-educacao-profissional-em-santa-catarina\">SENAI oferece vagas em educa\u00e7\u00e3o profissional em Santa Catarina<\/h2>\n<p>O SENAI em Santa Catarina est\u00e1 com inscri\u00e7\u00f5es abertas para 34,8 mil vagas em cursos de educa\u00e7\u00e3o profissional. Dentro desse contexto, a <a href=\"https:\/\/clickpetroleoegas.com.br\/instituto-federal-oferece-cursos-gratuitos-presenciais-e-na-modalidade-ead-certificado\/\" target=\"_blank\" rel=\"noopener\">modalidade EaD<\/a> e a qualifica\u00e7\u00e3o profissional compreendem uma parcela significativa das oportunidades, destacando a relev\u00e2ncia da institui\u00e7\u00e3o para o desenvolvimento da ind\u00fastria no estado.<\/p>\n<h2 class=\"wp-block-heading\" id=\"h-participacao-na-brasil-industria\">Participa\u00e7\u00e3o na Brasil Ind\u00fastria<\/h2>\n<p>Para participar do Brasil Ind\u00fastria e contribuir com sugest\u00f5es de pauta, a ag\u00eancia de not\u00edcias da ind\u00fastria divulgou o contato para o envio das propostas, refor\u00e7ando a import\u00e2ncia da colabora\u00e7\u00e3o e engajamento com temas relevantes para a ind\u00fastria e o com\u00e9rcio internacional.<\/p>\n<figure class=\"multimedia--image-plugin_fullsized\"><img data-recalc-dims=\"1\" decoding=\"async\" class=\"multimedia--element lazy\" src=\"https:\/\/i0.wp.com\/static.portaldaindustria.com.br\/portaldaindustria\/noticias\/media\/imagem_plugin\/whatsappimageatpzvbyqpehyv.jpg?ssl=1\" loading=\"lazy\"\/><noscript><img data-recalc-dims=\"1\" decoding=\"async\" class=\"multimedia--element\" src=\"https:\/\/i0.wp.com\/static.portaldaindustria.com.br\/portaldaindustria\/noticias\/media\/imagem_plugin\/whatsappimageatpzvbyqpehyv.jpg?ssl=1\"\/><\/noscript><noscript><img data-recalc-dims=\"1\" decoding=\"async\" class=\"multimedia--element\" src=\"https:\/\/i0.wp.com\/static.portaldaindustria.com.br\/portaldaindustria\/noticias\/media\/imagem_plugin\/whatsappimageatpzvbyqpehyv.jpg?ssl=1\"\/><\/noscript><\/figure>\n<p>Fonte: <b>Portal da Ind\u00fastria<\/b><\/p>\n<div class=\"code-block code-block-10\" style=\"margin: 8px auto; text-align: center; display: block; clear: both;\">\n<hr class=\"wp-block-separator has-alpha-channel-opacity is-style-wide\"\/>\n<p>Voc\u00ea quer receber apenas not\u00edcias e vagas de emprego do seu interesse? A solu\u00e7\u00e3o chegou atrav\u00e9s do app <a href=\"https:\/\/play.google.com\/store\/apps\/details?id=com.clickpetroleoapp&amp;hl=pt&amp;gl=US\" class=\"external\" rel=\"nofollow noopener\" target=\"_blank\"><strong>CPG VAGAS E NOT\u00cdCIAS!<\/strong><\/a> Se voc\u00ea \u00e9 pintor, vai receber no seu celular apenas oportunidades neste cargo. E ser\u00e1 assim com pedreiro, t\u00e9cnico, engenheiro e etc\u2026.. N\u00e3o perca nada do que acontece no mercado de trabalho e econ\u00f4mico do Brasil, baixe agora o app <a href=\"https:\/\/play.google.com\/store\/apps\/details?id=com.clickpetroleoapp&amp;hl=pt&amp;gl=US\" class=\"external\" rel=\"nofollow noopener\" target=\"_blank\">CPG VAGAS E NOT\u00cdCIAS, dispon\u00edvel para Android e IOS!<\/a><\/p>\n<figure class=\"wp-block-image aligncenter size-full\"><a href=\"https:\/\/play.google.com\/store\/apps\/details?id=com.clickpetroleoapp&amp;hl=pt&amp;gl=US\" target=\"_blank\" rel=\"noreferrer noopener nofollow\" class=\"external\"><img data-recalc-dims=\"1\" decoding=\"async\" width=\"1280\" height=\"387\" alt=\"APP CPG VAGAS E NOT\u00cdCIAS\" class=\"wp-image-105306 ewww_webp_lazy_load lazy\" src=\"https:\/\/i0.wp.com\/clickpetroleoegas.com.br\/wp-content\/uploads\/2023\/09\/Aplicativo-de-vagas-de-empregos-e-noticias-da-sua-regiao.jpg.webp?resize=1280%2C387&#038;ssl=1\" loading=\"lazy\"\/><noscript><img data-recalc-dims=\"1\" loading=\"lazy\" decoding=\"async\" width=\"1280\" height=\"387\" alt=\"APP CPG VAGAS E NOT\u00cdCIAS\" class=\"wp-image-105306 ewww_webp_lazy_load\" src=\"https:\/\/i0.wp.com\/clickpetroleoegas.com.br\/wp-content\/uploads\/2023\/09\/Aplicativo-de-vagas-de-empregos-e-noticias-da-sua-regiao.jpg.webp?resize=1280%2C387&#038;ssl=1\"\/><\/noscript><noscript><img data-recalc-dims=\"1\" loading=\"lazy\" decoding=\"async\" width=\"1280\" height=\"387\" src=\"https:\/\/i0.wp.com\/clickpetroleoegas.com.br\/wp-content\/uploads\/2023\/09\/Aplicativo-de-vagas-de-empregos-e-noticias-da-sua-regiao.jpg?resize=1280%2C387&#038;ssl=1\" alt=\"APP CPG VAGAS E NOT\u00cdCIAS\" class=\"wp-image-105306\"\/><\/noscript><\/a><\/figure>\n<\/p><\/div>\n<\/p><\/div>\n<p><script type=\"text\/plain\" data-service=\"facebook\" data-category=\"marketing\">\n!function(f,b,e,v,n,t,s)\n{if(f.fbq)return;n=f.fbq=function(){n.callMethod?\nn.callMethod.apply(n,arguments):n.queue.push(arguments)};\nif(!f._fbq)f._fbq=n;n.push=n;n.loaded=!0;n.version='2.0';\nn.queue=[];t=b.createElement(e);t.async=!0;\nt.src=v;s=b.getElementsByTagName(e)[0];\ns.parentNode.insertBefore(t,s)}(window, document,'script',\n'https:\/\/connect.facebook.net\/en_US\/fbevents.js');\nfbq('init', '5536651029690406');\nfbq('track', 'PageView');\n<\/script><script type=\"text\/plain\" data-service=\"facebook\" data-category=\"marketing\" async defer crossorigin=\"anonymous\" data-rocket-data-cmplz-src=\"https:\/\/connect.facebook.net\/en_US\/sdk.js#xfbml=1&#038;version=v12.0&amp;appId=1127332727839552&#038;autoLogAppEvents=1\">\n<\/script><br \/>\n<br \/><br \/>\n<br \/><a href=\"https:\/\/ismaelcolosi.com.br\/industria-em-destaque-exposicao-sobre-imigrantes-e-ferramentas-para-facilitar-o-comercio-exterior\/\">Source link <\/a><\/p>\n<!-- CONTENT END 1 -->\n","protected":false},"excerpt":{"rendered":"<p>Foto: Shutterstock Foto: SENAI CETIQT Foto: FIEP Foto: Marcos Gomes\/FIBRA Fotos: FIEMA Fotos: FIEPA Foto: Iano Andrade\/CNI \u2013 Todos os direitos: Portal da Ind\u00fastria A&#8230;<\/p>\n","protected":false},"author":1,"featured_media":16442,"comment_status":"open","ping_status":"open","sticky":false,"template":"","format":"standard","meta":{"advanced_seo_description":"","jetpack_seo_html_title":"","jetpack_seo_noindex":false,"jetpack_post_was_ever_published":false,"_jetpack_newsletter_access":"","_jetpack_dont_email_post_to_subs":false,"_jetpack_newsletter_tier_id":0,"_jetpack_memberships_contains_paywalled_content":false,"_jetpack_memberships_contains_paid_content":false,"footnotes":"","jetpack_publicize_message":"","jetpack_publicize_feature_enabled":true,"jetpack_social_post_already_shared":true,"jetpack_social_options":{"image_generator_settings":{"template":"highway","default_image_id":0,"font":"","enabled":false},"version":2}},"categories":[7],"tags":[],"class_list":["post-16441","post","type-post","status-publish","format-standard","has-post-thumbnail","hentry","category-vagas-de-empregos-em-ribeirao-preto-regiao-brasil"],"jetpack_publicize_connections":[],"jetpack_featured_media_url":"https:\/\/i0.wp.com\/noticiasribeiraopreto.com.br\/wp-content\/uploads\/2023\/12\/industria-em-destaque-exposicao-sobre-imigrantes-e-ferramentas-para-facilitar-o-comercio-exterior-830x450.jpg?fit=830%2C450&ssl=1","jetpack-related-posts":[{"id":12200,"url":"https:\/\/noticiasribeiraopreto.com.br\/index.php\/2023\/12\/07\/municipios-na-regiao-de-ribeirao-se-destacam-no-ranking-de-melhores-cidades-para-negocios-veja-a-lista\/","url_meta":{"origin":16441,"position":0},"title":"Munic\u00edpios na regi\u00e3o de Ribeir\u00e3o se destacam no ranking de Melhores Cidades para Neg\u00f3cios; Veja a lista","author":"noticiasribeiraopreto.com.br","date":"7 de December de 2023","format":false,"excerpt":"Ribeir\u00e3o Preto e outros munic\u00edpios da regi\u00e3o est\u00e3o entre as \u2018Melhores Cidades Para Se Fazer Neg\u00f3cios\u2019, de acordo com um estudo da Urban Systems, divulgado nesta quinta-feira (7). A pesquisa \u00e9 dividida em seis segmentos econ\u00f4micos, sendo eles: Educa\u00e7\u00e3o; Com\u00e9rcio; Servi\u00e7os; Ind\u00fastria; Mercado Imobili\u00e1rio e Agropecu\u00e1ria. O grande destaque na\u2026","rel":"","context":"In &quot;Not\u00edcias de Ribeir\u00e3o Preto-SP e Regi\u00e3o&quot;","block_context":{"text":"Not\u00edcias de Ribeir\u00e3o Preto-SP e Regi\u00e3o","link":"https:\/\/noticiasribeiraopreto.com.br\/index.php\/category\/noticias-de-ribeirao-preto-sp-e-regiao-ismael-colosi\/"},"img":{"alt_text":"","src":"https:\/\/i0.wp.com\/noticiasribeiraopreto.com.br\/wp-content\/uploads\/2023\/12\/aerea-ribeirao-preto.jpg?fit=1200%2C800&ssl=1&resize=350%2C200","width":350,"height":200,"srcset":"https:\/\/i0.wp.com\/noticiasribeiraopreto.com.br\/wp-content\/uploads\/2023\/12\/aerea-ribeirao-preto.jpg?fit=1200%2C800&ssl=1&resize=350%2C200 1x, https:\/\/i0.wp.com\/noticiasribeiraopreto.com.br\/wp-content\/uploads\/2023\/12\/aerea-ribeirao-preto.jpg?fit=1200%2C800&ssl=1&resize=525%2C300 1.5x, https:\/\/i0.wp.com\/noticiasribeiraopreto.com.br\/wp-content\/uploads\/2023\/12\/aerea-ribeirao-preto.jpg?fit=1200%2C800&ssl=1&resize=700%2C400 2x, https:\/\/i0.wp.com\/noticiasribeiraopreto.com.br\/wp-content\/uploads\/2023\/12\/aerea-ribeirao-preto.jpg?fit=1200%2C800&ssl=1&resize=1050%2C600 3x"},"classes":[]},{"id":36886,"url":"https:\/\/noticiasribeiraopreto.com.br\/index.php\/2024\/02\/12\/confira-as-fotos-do-um-amor-em-cada-bloco-no-guadalupe\/","url_meta":{"origin":16441,"position":1},"title":"Confira as fotos do \u2018UM AMOR EM CADA BLOCO NO GUADALUPE\u2019","author":"noticiasribeiraopreto.com.br","date":"12 de February de 2024","format":false,"excerpt":"Confira as fotos do \u2018UM AMOR EM CADA BLOCO NO GUADALUPE\u2019, que aconteceu na tarde deste domingo (11) no Guadalupe Caf\u00e9, Centro de Ribeir\u00e3o, Fotos \u2013 Max Gall\u00e3o Mesquita O post Confira as fotos do \u2018UM AMOR EM CADA BLOCO NO GUADALUPE\u2019 apareceu primeiro em Jornal Tribuna Ribeir\u00e3o. Source link","rel":"","context":"In &quot;Not\u00edcias de Ribeir\u00e3o Preto-SP e Regi\u00e3o&quot;","block_context":{"text":"Not\u00edcias de Ribeir\u00e3o Preto-SP e Regi\u00e3o","link":"https:\/\/noticiasribeiraopreto.com.br\/index.php\/category\/noticias-de-ribeirao-preto-sp-e-regiao-ismael-colosi\/"},"img":{"alt_text":"","src":"https:\/\/i0.wp.com\/noticiasribeiraopreto.com.br\/wp-content\/uploads\/2024\/02\/CARNAVAL-GUADALUPE-11_02-34-scaled.jpg?fit=967%2C645&ssl=1&resize=350%2C200","width":350,"height":200,"srcset":"https:\/\/i0.wp.com\/noticiasribeiraopreto.com.br\/wp-content\/uploads\/2024\/02\/CARNAVAL-GUADALUPE-11_02-34-scaled.jpg?fit=967%2C645&ssl=1&resize=350%2C200 1x, https:\/\/i0.wp.com\/noticiasribeiraopreto.com.br\/wp-content\/uploads\/2024\/02\/CARNAVAL-GUADALUPE-11_02-34-scaled.jpg?fit=967%2C645&ssl=1&resize=525%2C300 1.5x, https:\/\/i0.wp.com\/noticiasribeiraopreto.com.br\/wp-content\/uploads\/2024\/02\/CARNAVAL-GUADALUPE-11_02-34-scaled.jpg?fit=967%2C645&ssl=1&resize=700%2C400 2x"},"classes":[]},{"id":80612,"url":"https:\/\/noticiasribeiraopreto.com.br\/index.php\/2025\/12\/08\/chuva-intensa-provoca-alagamento-em-avenida-de-ribeirao-preto-veja-fotos\/","url_meta":{"origin":16441,"position":2},"title":"Chuva intensa provoca alagamento em avenida de Ribeir\u00e3o Preto; Veja fotos","author":"noticiasribeiraopreto.com.br","date":"8 de December de 2025","format":false,"excerpt":"A chuva que atingiu Ribeir\u00e3o Preto na tarde deste domingo (7) provocou um alagamento na avenida dos Bandeirantes, na Vila Virg\u00ednia. Segundo o Centro de Controle Multimodal da Artesp, o problema ocorreu no km 7 da via, no sentido leste, por volta das 14h03. Por conta do ac\u00famulo de \u00e1gua,\u2026","rel":"","context":"In &quot;Not\u00edcias de Ribeir\u00e3o Preto-SP e Regi\u00e3o&quot;","block_context":{"text":"Not\u00edcias de Ribeir\u00e3o Preto-SP e Regi\u00e3o","link":"https:\/\/noticiasribeiraopreto.com.br\/index.php\/category\/noticias-de-ribeirao-preto-sp-e-regiao-ismael-colosi\/"},"img":{"alt_text":"","src":"https:\/\/i0.wp.com\/noticiasribeiraopreto.com.br\/wp-content\/uploads\/2025\/12\/WhatsApp-Image-2025-12-07-at-15.02.23-1_2025-12-07_18-57-55.webp.webp?fit=1200%2C675&ssl=1&resize=350%2C200","width":350,"height":200,"srcset":"https:\/\/i0.wp.com\/noticiasribeiraopreto.com.br\/wp-content\/uploads\/2025\/12\/WhatsApp-Image-2025-12-07-at-15.02.23-1_2025-12-07_18-57-55.webp.webp?fit=1200%2C675&ssl=1&resize=350%2C200 1x, https:\/\/i0.wp.com\/noticiasribeiraopreto.com.br\/wp-content\/uploads\/2025\/12\/WhatsApp-Image-2025-12-07-at-15.02.23-1_2025-12-07_18-57-55.webp.webp?fit=1200%2C675&ssl=1&resize=525%2C300 1.5x, https:\/\/i0.wp.com\/noticiasribeiraopreto.com.br\/wp-content\/uploads\/2025\/12\/WhatsApp-Image-2025-12-07-at-15.02.23-1_2025-12-07_18-57-55.webp.webp?fit=1200%2C675&ssl=1&resize=700%2C400 2x, https:\/\/i0.wp.com\/noticiasribeiraopreto.com.br\/wp-content\/uploads\/2025\/12\/WhatsApp-Image-2025-12-07-at-15.02.23-1_2025-12-07_18-57-55.webp.webp?fit=1200%2C675&ssl=1&resize=1050%2C600 3x"},"classes":[]},{"id":9683,"url":"https:\/\/noticiasribeiraopreto.com.br\/index.php\/2023\/12\/02\/veja-as-fotos-da-chegada-do-papai-noel-ao-centro-de-ribeirao-1\/","url_meta":{"origin":16441,"position":3},"title":"Veja as fotos da chegada do Papai Noel ao Centro de Ribeir\u00e3o","author":"noticiasribeiraopreto.com.br","date":"2 de December de 2023","format":false,"excerpt":"O Papai Noel chegou ao Centro de Ribeir\u00e3o Preto, na manh\u00e3 deste s\u00e1bado (2), acompanhado de banda musical, elfos e outros seres m\u00e1gicos, que alegraram o dia dos adultos e crian\u00e7as que passaram pelo Cal\u00e7ad\u00e3o. O evento foi o in\u00edcio da 21\u00aa edi\u00e7\u00e3o da campanha Natal Luz da Associa\u00e7\u00e3o Comercial\u2026","rel":"","context":"In &quot;Not\u00edcias de Ribeir\u00e3o Preto-SP e Regi\u00e3o&quot;","block_context":{"text":"Not\u00edcias de Ribeir\u00e3o Preto-SP e Regi\u00e3o","link":"https:\/\/noticiasribeiraopreto.com.br\/index.php\/category\/noticias-de-ribeirao-preto-sp-e-regiao-ismael-colosi\/"},"img":{"alt_text":"","src":"https:\/\/i0.wp.com\/noticiasribeiraopreto.com.br\/wp-content\/uploads\/2023\/12\/IGOR6945-scaled.jpg?fit=1200%2C800&ssl=1&resize=350%2C200","width":350,"height":200,"srcset":"https:\/\/i0.wp.com\/noticiasribeiraopreto.com.br\/wp-content\/uploads\/2023\/12\/IGOR6945-scaled.jpg?fit=1200%2C800&ssl=1&resize=350%2C200 1x, https:\/\/i0.wp.com\/noticiasribeiraopreto.com.br\/wp-content\/uploads\/2023\/12\/IGOR6945-scaled.jpg?fit=1200%2C800&ssl=1&resize=525%2C300 1.5x, https:\/\/i0.wp.com\/noticiasribeiraopreto.com.br\/wp-content\/uploads\/2023\/12\/IGOR6945-scaled.jpg?fit=1200%2C800&ssl=1&resize=700%2C400 2x, https:\/\/i0.wp.com\/noticiasribeiraopreto.com.br\/wp-content\/uploads\/2023\/12\/IGOR6945-scaled.jpg?fit=1200%2C800&ssl=1&resize=1050%2C600 3x"},"classes":[]},{"id":63819,"url":"https:\/\/noticiasribeiraopreto.com.br\/index.php\/2025\/02\/22\/ribeirao-preto-e-regiao-realizam-dia-d-de-combate-ao-mosquito-da-dengue-veja-fotos\/","url_meta":{"origin":16441,"position":4},"title":"Ribeir\u00e3o Preto e regi\u00e3o realizam &#8216;Dia D&#8217; de combate ao mosquito da dengue; Veja fotos","author":"noticiasribeiraopreto.com.br","date":"22 de February de 2025","format":false,"excerpt":"Aconteceu neste s\u00e1bado (22), o \u201cDia D\u201d de combate ao mosquito Aedes aegypti, transmissor de doen\u00e7as como dengue, febre amarela, chikungunya e zika v\u00edrus, em Ribeir\u00e3o Preto em diversas outras cidades da regi\u00e3o. De acordo com os dados da Prefeitura, at\u00e9 o dia 18 de fevereiro, Ribeir\u00e3o Preto tinha 2.674\u2026","rel":"","context":"In &quot;Not\u00edcias de Ribeir\u00e3o Preto-SP e Regi\u00e3o&quot;","block_context":{"text":"Not\u00edcias de Ribeir\u00e3o Preto-SP e Regi\u00e3o","link":"https:\/\/noticiasribeiraopreto.com.br\/index.php\/category\/noticias-de-ribeirao-preto-sp-e-regiao-ismael-colosi\/"},"img":{"alt_text":"","src":"https:\/\/i0.wp.com\/noticiasribeiraopreto.com.br\/wp-content\/uploads\/2025\/02\/WhatsApp-Image-2025-02-22-at-10.46.37_2025-02-22_20-17-55_jpeg_2025-02-22_20-17-55.webp.webp?fit=1200%2C900&ssl=1&resize=350%2C200","width":350,"height":200,"srcset":"https:\/\/i0.wp.com\/noticiasribeiraopreto.com.br\/wp-content\/uploads\/2025\/02\/WhatsApp-Image-2025-02-22-at-10.46.37_2025-02-22_20-17-55_jpeg_2025-02-22_20-17-55.webp.webp?fit=1200%2C900&ssl=1&resize=350%2C200 1x, https:\/\/i0.wp.com\/noticiasribeiraopreto.com.br\/wp-content\/uploads\/2025\/02\/WhatsApp-Image-2025-02-22-at-10.46.37_2025-02-22_20-17-55_jpeg_2025-02-22_20-17-55.webp.webp?fit=1200%2C900&ssl=1&resize=525%2C300 1.5x, https:\/\/i0.wp.com\/noticiasribeiraopreto.com.br\/wp-content\/uploads\/2025\/02\/WhatsApp-Image-2025-02-22-at-10.46.37_2025-02-22_20-17-55_jpeg_2025-02-22_20-17-55.webp.webp?fit=1200%2C900&ssl=1&resize=700%2C400 2x, https:\/\/i0.wp.com\/noticiasribeiraopreto.com.br\/wp-content\/uploads\/2025\/02\/WhatsApp-Image-2025-02-22-at-10.46.37_2025-02-22_20-17-55_jpeg_2025-02-22_20-17-55.webp.webp?fit=1200%2C900&ssl=1&resize=1050%2C600 3x"},"classes":[]},{"id":60709,"url":"https:\/\/noticiasribeiraopreto.com.br\/index.php\/2024\/11\/22\/rodovia-na-regiao-de-ribeirao-preto-e-interditada-apos-alagamento-fotos\/","url_meta":{"origin":16441,"position":5},"title":"Rodovia na regi\u00e3o de Ribeir\u00e3o Preto \u00e9 interditada ap\u00f3s alagamento; Fotos","author":"noticiasribeiraopreto.com.br","date":"22 de November de 2024","format":false,"excerpt":"A rodovia Arthur Costacurta (SPA-327\/330), em Jardin\u00f3polis, cidade na regi\u00e3o de Ribeir\u00e3o Preto, precisou ser totalmente interditada devido a um ponto de alagamento, na tarde desta sexta-feira (22). O acumulo de \u00e1gua aconteceu pr\u00f3ximo ao km 3, no sentido Oeste da rodovia. De acordo com o Centro de Controle de\u2026","rel":"","context":"In &quot;Not\u00edcias de Ribeir\u00e3o Preto-SP e Regi\u00e3o&quot;","block_context":{"text":"Not\u00edcias de Ribeir\u00e3o Preto-SP e Regi\u00e3o","link":"https:\/\/noticiasribeiraopreto.com.br\/index.php\/category\/noticias-de-ribeirao-preto-sp-e-regiao-ismael-colosi\/"},"img":{"alt_text":"","src":"https:\/\/i0.wp.com\/noticiasribeiraopreto.com.br\/wp-content\/uploads\/2024\/11\/download-5_2024-11-22_19-02-06_jpg_2024-11-22_19-02-06-e1732302634339.webp.webp?fit=558%2C329&ssl=1&resize=350%2C200","width":350,"height":200,"srcset":"https:\/\/i0.wp.com\/noticiasribeiraopreto.com.br\/wp-content\/uploads\/2024\/11\/download-5_2024-11-22_19-02-06_jpg_2024-11-22_19-02-06-e1732302634339.webp.webp?fit=558%2C329&ssl=1&resize=350%2C200 1x, https:\/\/i0.wp.com\/noticiasribeiraopreto.com.br\/wp-content\/uploads\/2024\/11\/download-5_2024-11-22_19-02-06_jpg_2024-11-22_19-02-06-e1732302634339.webp.webp?fit=558%2C329&ssl=1&resize=525%2C300 1.5x"},"classes":[]}],"jetpack_sharing_enabled":true,"jetpack_shortlink":"https:\/\/wp.me\/peQAOb-4hb","_links":{"self":[{"href":"https:\/\/noticiasribeiraopreto.com.br\/index.php\/wp-json\/wp\/v2\/posts\/16441","targetHints":{"allow":["GET"]}}],"collection":[{"href":"https:\/\/noticiasribeiraopreto.com.br\/index.php\/wp-json\/wp\/v2\/posts"}],"about":[{"href":"https:\/\/noticiasribeiraopreto.com.br\/index.php\/wp-json\/wp\/v2\/types\/post"}],"author":[{"embeddable":true,"href":"https:\/\/noticiasribeiraopreto.com.br\/index.php\/wp-json\/wp\/v2\/users\/1"}],"replies":[{"embeddable":true,"href":"https:\/\/noticiasribeiraopreto.com.br\/index.php\/wp-json\/wp\/v2\/comments?post=16441"}],"version-history":[{"count":0,"href":"https:\/\/noticiasribeiraopreto.com.br\/index.php\/wp-json\/wp\/v2\/posts\/16441\/revisions"}],"wp:featuredmedia":[{"embeddable":true,"href":"https:\/\/noticiasribeiraopreto.com.br\/index.php\/wp-json\/wp\/v2\/media\/16442"}],"wp:attachment":[{"href":"https:\/\/noticiasribeiraopreto.com.br\/index.php\/wp-json\/wp\/v2\/media?parent=16441"}],"wp:term":[{"taxonomy":"category","embeddable":true,"href":"https:\/\/noticiasribeiraopreto.com.br\/index.php\/wp-json\/wp\/v2\/categories?post=16441"},{"taxonomy":"post_tag","embeddable":true,"href":"https:\/\/noticiasribeiraopreto.com.br\/index.php\/wp-json\/wp\/v2\/tags?post=16441"}],"curies":[{"name":"wp","href":"https:\/\/api.w.org\/{rel}","templated":true}]}}