{"id":16445,"date":"2023-12-15T16:00:29","date_gmt":"2023-12-15T19:00:29","guid":{"rendered":"https:\/\/noticiasribeiraopreto.com.br\/index.php\/2023\/12\/15\/vard-confirma-encomenda-de-navio-para-instalacao-de-camada-de-cabo-maritimo\/"},"modified":"2023-12-15T16:00:29","modified_gmt":"2023-12-15T19:00:29","slug":"vard-confirma-encomenda-de-navio-para-instalacao-de-camada-de-cabo-maritimo","status":"publish","type":"post","link":"https:\/\/noticiasribeiraopreto.com.br\/index.php\/2023\/12\/15\/vard-confirma-encomenda-de-navio-para-instalacao-de-camada-de-cabo-maritimo\/","title":{"rendered":"Vard confirma encomenda de navio para instala\u00e7\u00e3o de camada de cabo mar\u00edtimo."},"content":{"rendered":"<div class='code-block code-block-1' style='margin: 8px 0 8px auto; text-align: right; display: block; clear: both;'>\n<p><a href=\"https:\/\/wa.link\/vpicfd\"><img data-recalc-dims=\"1\" class=\"wp-image-4922\" style=\"aspect-ratio: 2.0253164556962027; width: 561px; height: auto;\" src=\"https:\/\/i0.wp.com\/ismaelcolosi.com.br\/wp-content\/uploads\/2023\/11\/grupo-de-empregos-whatsapp-e-facebook-ismael-colosi-vagas.jpg?ssl=1\" alt=\"\" \/><\/a><\/p>\n<!-- \/wp:image -->\n<\/div>\n<p> <br \/>\n<\/p>\n<div>\n<figure><picture><source srcset=\"https:\/\/clickpetroleoegas.com.br\/wp-content\/uploads\/2023\/12\/vard-confirma-encomenda-de-navio-para-instalacao-de-camada-de-cabo-maritimo.jpg.webp 800w, https:\/\/clickpetroleoegas.com.br\/wp-content\/uploads\/2023\/12\/vard-confirma-encomenda-de-navio-para-instalacao-de-camada-de-cabo-maritimo-768x303.jpg.webp 768w, https:\/\/clickpetroleoegas.com.br\/wp-content\/uploads\/2023\/12\/vard-confirma-encomenda-de-navio-para-instalacao-de-camada-de-cabo-maritimo-150x59.jpg.webp 150w\" sizes=\"(max-width: 800px) 100vw, 800px\" type=\"image\/webp\"><img data-recalc-dims=\"1\" loading=\"lazy\" width=\"800\" height=\"316\" src=\"https:\/\/i0.wp.com\/clickpetroleoegas.com.br\/wp-content\/uploads\/2023\/12\/vard-confirma-encomenda-de-navio-para-instalacao-de-camada-de-cabo-maritimo.jpg?resize=800%2C316&#038;ssl=1\" class=\"fdnw-post-thumbnail fdnw-first-card-thumbnail wp-post-image\" alt=\"embarca\u00e7\u00e3o\" decoding=\"async\" srcset=\"https:\/\/clickpetroleoegas.com.br\/wp-content\/uploads\/2023\/12\/vard-confirma-encomenda-de-navio-para-instalacao-de-camada-de-cabo-maritimo.jpg 800w, https:\/\/clickpetroleoegas.com.br\/wp-content\/uploads\/2023\/12\/vard-confirma-encomenda-de-navio-para-instalacao-de-camada-de-cabo-maritimo-768x303.jpg 768w, https:\/\/clickpetroleoegas.com.br\/wp-content\/uploads\/2023\/12\/vard-confirma-encomenda-de-navio-para-instalacao-de-camada-de-cabo-maritimo-150x59.jpg 150w\" sizes=\"auto, (max-width: 800px) 100vw, 800px\" data-eio=\"p\"\/><\/source><\/picture><figcaption class=\"fdnw-image-caption\">Vard anuncia constru\u00e7\u00e3o de navio para instala\u00e7\u00e3o de camadas de cabo \u2013 FOTO: \u00a92023 AtCoMedia. Inc<\/figcaption><\/figure>\n<h2 class=\"wp-block-heading\" id=\"h-a-construtora-de-navios-norueguesa-vard-assinou-contrato-para-construcao-de-embarcacao-de-instalacao-de-cabos-cliente-nao-revelado\">A construtora de navios norueguesa Vard assinou contrato para constru\u00e7\u00e3o de embarca\u00e7\u00e3o de instala\u00e7\u00e3o de cabos, cliente n\u00e3o revelado.<\/h2>\n<p>O fabricante de <b>embarca\u00e7\u00f5es<\/b> noruegu\u00eas Vard fechou um acordo para construir um navio para a instala\u00e7\u00e3o de cabos para um cliente n\u00e3o divulgado na sexta-feira. O valor do contrato est\u00e1 estimado entre 200 e 250 milh\u00f5es de euros.<\/p>\n<p>O <b>navio<\/b>, projetado pela empresa norueguesa Salt Ship Design AS, ter\u00e1 seu casco constru\u00eddo em Vard Tulcea, na Rom\u00eania, e ser\u00e1 equipado e entregue em um dos estaleiros da Vard na Noruega no quarto trimestre de 2026. A <b>constru\u00e7\u00e3o naval<\/b> europeia est\u00e1 a todo vapor para atender \u00e0 crescente demanda de <b>embarca\u00e7\u00f5es<\/b> para a <a href=\"https:\/\/clickpetroleoegas.com.br\/o-potencial-da-energia-offshore-no-mar-do-norte-como-a-exploracao-maritima-reduzira-as-emissoes-e-impulsionara-a-economia-local\/\">energia offshore<\/a>.<\/p>\n<p> <span class=\"fdnw-card-article-related\"> <span class=\"h4 fdnw-card-article-related-title\">Artigos recomendados<\/span> <\/span> <\/p>\n<p>Vard planeja divulgar mais informa\u00e7\u00f5es sobre o contrato em breve.<\/p>\n<p> <b>No exterior<\/b> <b>Camadas de cabos.<\/b><\/p>\n<h2 class=\"wp-block-heading\" id=\"h-contrato-de-construcao-naval-na-europa-para-a-salt-ship-design-as\">Contrato de constru\u00e7\u00e3o naval na Europa para a Salt Ship Design AS<\/h2>\n<p>A empresa norueguesa Salt Ship Design AS assinou um contrato para a constru\u00e7\u00e3o naval de duas <a href=\"https:\/\/clickpetroleoegas.com.br\/csov-iws-skywalker-integrando-entregas-sustentaveis-com-embarcacoes-eolicas-offshore\/\" target=\"_blank\" rel=\"noopener\">embarca\u00e7\u00f5es<\/a> Vard 9 21 design, com duas op\u00e7\u00f5es adicionais, no <a href=\"https:\/\/clickpetroleoegas.com.br\/petrobras-petr4-distribui-hoje-2a-parcela-de-r-15-bilhoes-em-dividendos-aos-acionistas-confira-o-valor-por-acao\/\" target=\"_blank\" rel=\"noopener\">valor<\/a> de 287 milh\u00f5es de coroas norueguesas. A constru\u00e7\u00e3o ser\u00e1 realizada nos <a href=\"https:\/\/clickpetroleoegas.com.br\/estaleiros-em-itajai-reforcando-a-competencia-da-industria-naval-brasileira\/\" target=\"_blank\" rel=\"noopener\">estaleiros<\/a> <a href=\"https:\/\/pt.wikipedia.org\/wiki\/Imp%C3%A9rio_Mogol\" target=\"_blank\" rel=\"noopener nofollow\" class=\"external\">Vard Tulcea<\/a>, na Rom\u00eania. As embarca\u00e7\u00f5es ser\u00e3o entregues em 2023 e 2024 e ser\u00e3o operadas por uma empresa de <a href=\"https:\/\/clickpetroleoegas.com.br\/o-potencial-da-energia-offshore-no-mar-do-norte-como-a-exploracao-maritima-reduzira-as-emissoes-e-impulsionara-a-economia-local\/\" target=\"_blank\" rel=\"noopener\">energia offshore<\/a> na Europa. Este contrato de constru\u00e7\u00e3o naval fortalece a presen\u00e7a da Vard Tulcea no mercado de energia offshore na Europa.<\/p>\n<p>O valor do contrato de constru\u00e7\u00e3o naval \u00e9 de grande import\u00e2ncia para a empresa e demonstra a confian\u00e7a do cliente nas capacidades da Salt Ship Design AS e da Vard Tulcea. A Salt Ship Design AS \u00e9 uma empresa l\u00edder no setor de constru\u00e7\u00e3o naval offshore e este contrato destaca o compromisso em fornecer embarca\u00e7\u00f5es de alta qualidade para atender \u00e0s demandas do mercado de energia offshore na Europa. Esta parceria entre a Salt Ship Design AS e a Vard Tulcea \u00e9 um marco importante na ind\u00fastria de constru\u00e7\u00e3o naval e destaca a capacidade de ambos os estaleiros de oferecer solu\u00e7\u00f5es inovadoras e eficientes para as necessidades do mercado.<\/p>\n<p>A constru\u00e7\u00e3o das embarca\u00e7\u00f5es ser\u00e1 realizada de acordo com os mais altos padr\u00f5es de qualidade e seguran\u00e7a, garantindo que as embarca\u00e7\u00f5es atendam \u00e0s regulamenta\u00e7\u00f5es rigorosas do setor de energia offshore. A Salt Ship Design AS e a Vard Tulcea est\u00e3o comprometidas em fornecer embarca\u00e7\u00f5es que atendam \u00e0s demandas do mercado e excedam as expectativas dos clientes. Este contrato de constru\u00e7\u00e3o naval reflete o sucesso cont\u00ednuo da empresa na entrega de embarca\u00e7\u00f5es de alto desempenho para o mercado de energia offshore na Europa.<\/p>\n<p>A constru\u00e7\u00e3o naval de embarca\u00e7\u00f5es de energia offshore \u00e9 um mercado em crescimento na Europa, e a Salt Ship Design AS e a Vard Tulcea est\u00e3o bem posicionadas para atender a essa demanda crescente. Com uma forte reputa\u00e7\u00e3o na ind\u00fastria de constru\u00e7\u00e3o naval, a Salt Ship Design AS e a Vard Tulcea est\u00e3o prontas para fornecer solu\u00e7\u00f5es inovadoras e eficientes para o mercado de energia offshore na Europa. Este contrato de constru\u00e7\u00e3o naval \u00e9 um passo significativo para ambas as empresas e demonstra seu compromisso em fornecer embarca\u00e7\u00f5es de qualidade para atender \u00e0s necessidades do mercado de energia offshore na Europa.<\/p>\n<div class=\"code-block code-block-10\" style=\"margin: 8px auto; text-align: center; display: block; clear: both;\">\n<hr class=\"wp-block-separator has-alpha-channel-opacity is-style-wide\"\/>\n<p>Voc\u00ea quer receber apenas not\u00edcias e vagas de emprego do seu interesse? A solu\u00e7\u00e3o chegou atrav\u00e9s do app <a href=\"https:\/\/play.google.com\/store\/apps\/details?id=com.clickpetroleoapp&amp;hl=pt&amp;gl=US\" class=\"external\" rel=\"nofollow noopener\" target=\"_blank\"><strong>CPG VAGAS E NOT\u00cdCIAS!<\/strong><\/a> Se voc\u00ea \u00e9 pintor, vai receber no seu celular apenas oportunidades neste cargo. E ser\u00e1 assim com pedreiro, t\u00e9cnico, engenheiro e etc\u2026.. N\u00e3o perca nada do que acontece no mercado de trabalho e econ\u00f4mico do Brasil, baixe agora o app <a href=\"https:\/\/play.google.com\/store\/apps\/details?id=com.clickpetroleoapp&amp;hl=pt&amp;gl=US\" class=\"external\" rel=\"nofollow noopener\" target=\"_blank\">CPG VAGAS E NOT\u00cdCIAS, dispon\u00edvel para Android e IOS!<\/a><\/p>\n<figure class=\"wp-block-image aligncenter size-full\"><a href=\"https:\/\/play.google.com\/store\/apps\/details?id=com.clickpetroleoapp&amp;hl=pt&amp;gl=US\" target=\"_blank\" rel=\"noreferrer noopener nofollow\" class=\"external\"><img data-recalc-dims=\"1\" decoding=\"async\" width=\"1280\" height=\"387\" alt=\"APP CPG VAGAS E NOT\u00cdCIAS\" class=\"wp-image-105306 ewww_webp_lazy_load lazy\" src=\"https:\/\/i0.wp.com\/clickpetroleoegas.com.br\/wp-content\/uploads\/2023\/09\/Aplicativo-de-vagas-de-empregos-e-noticias-da-sua-regiao.jpg.webp?resize=1280%2C387&#038;ssl=1\" loading=\"lazy\"\/><noscript><img data-recalc-dims=\"1\" loading=\"lazy\" decoding=\"async\" width=\"1280\" height=\"387\" alt=\"APP CPG VAGAS E NOT\u00cdCIAS\" class=\"wp-image-105306 ewww_webp_lazy_load\" src=\"https:\/\/i0.wp.com\/clickpetroleoegas.com.br\/wp-content\/uploads\/2023\/09\/Aplicativo-de-vagas-de-empregos-e-noticias-da-sua-regiao.jpg.webp?resize=1280%2C387&#038;ssl=1\"\/><\/noscript><noscript><img data-recalc-dims=\"1\" loading=\"lazy\" decoding=\"async\" width=\"1280\" height=\"387\" src=\"https:\/\/i0.wp.com\/clickpetroleoegas.com.br\/wp-content\/uploads\/2023\/09\/Aplicativo-de-vagas-de-empregos-e-noticias-da-sua-regiao.jpg?resize=1280%2C387&#038;ssl=1\" alt=\"APP CPG VAGAS E NOT\u00cdCIAS\" class=\"wp-image-105306\"\/><\/noscript><\/a><\/figure>\n<\/p><\/div>\n<\/p><\/div>\n<p><script type=\"text\/plain\" data-service=\"facebook\" data-category=\"marketing\">\n!function(f,b,e,v,n,t,s)\n{if(f.fbq)return;n=f.fbq=function(){n.callMethod?\nn.callMethod.apply(n,arguments):n.queue.push(arguments)};\nif(!f._fbq)f._fbq=n;n.push=n;n.loaded=!0;n.version='2.0';\nn.queue=[];t=b.createElement(e);t.async=!0;\nt.src=v;s=b.getElementsByTagName(e)[0];\ns.parentNode.insertBefore(t,s)}(window, document,'script',\n'https:\/\/connect.facebook.net\/en_US\/fbevents.js');\nfbq('init', '5536651029690406');\nfbq('track', 'PageView');\n<\/script><script type=\"text\/plain\" data-service=\"facebook\" data-category=\"marketing\" async defer crossorigin=\"anonymous\" data-rocket-data-cmplz-src=\"https:\/\/connect.facebook.net\/en_US\/sdk.js#xfbml=1&#038;version=v12.0&amp;appId=1127332727839552&#038;autoLogAppEvents=1\">\n<\/script><br \/>\n<br \/><br \/>\n<br \/><a href=\"https:\/\/ismaelcolosi.com.br\/vard-confirma-encomenda-de-navio-para-instalacao-de-camada-de-cabo-maritimo\/\">Source link <\/a><\/p>\n<!-- CONTENT END 1 -->\n","protected":false},"excerpt":{"rendered":"<p>Vard anuncia constru\u00e7\u00e3o de navio para instala\u00e7\u00e3o de camadas de cabo \u2013 FOTO: \u00a92023 AtCoMedia. Inc A construtora de navios norueguesa Vard assinou contrato para&#8230;<\/p>\n","protected":false},"author":1,"featured_media":16446,"comment_status":"open","ping_status":"open","sticky":false,"template":"","format":"standard","meta":{"advanced_seo_description":"","jetpack_seo_html_title":"","jetpack_seo_noindex":false,"jetpack_post_was_ever_published":false,"_jetpack_newsletter_access":"","_jetpack_dont_email_post_to_subs":false,"_jetpack_newsletter_tier_id":0,"_jetpack_memberships_contains_paywalled_content":false,"_jetpack_memberships_contains_paid_content":false,"footnotes":"","jetpack_publicize_message":"","jetpack_publicize_feature_enabled":true,"jetpack_social_post_already_shared":true,"jetpack_social_options":{"image_generator_settings":{"template":"highway","default_image_id":0,"font":"","enabled":false},"version":2}},"categories":[7],"tags":[],"class_list":["post-16445","post","type-post","status-publish","format-standard","has-post-thumbnail","hentry","category-vagas-de-empregos-em-ribeirao-preto-regiao-brasil"],"jetpack_publicize_connections":[],"jetpack_featured_media_url":"https:\/\/i0.wp.com\/noticiasribeiraopreto.com.br\/wp-content\/uploads\/2023\/12\/vard-confirma-encomenda-de-navio-para-instalacao-de-camada-de-cabo-maritimo.jpg?fit=800%2C316&ssl=1","jetpack-related-posts":[{"id":18853,"url":"https:\/\/noticiasribeiraopreto.com.br\/index.php\/2023\/12\/21\/prysmian-anuncia-grande-investimento-em-embarcacoes-para-instalacao-de-cabos-submarinos-renews-renewable-energy-news\/","url_meta":{"origin":16445,"position":0},"title":"Prysmian anuncia grande investimento em embarca\u00e7\u00f5es para instala\u00e7\u00e3o de cabos submarinos &#8211; reNews &#8211; Renewable Energy News","author":"noticiasribeiraopreto.com.br","date":"21 de December de 2023","format":false,"excerpt":"Prysmian anuncia grande aporte em embarca\u00e7\u00f5es para instala\u00e7\u00e3o de cabos submarinos \u2013 FOTO: \u00a92023 Re News.Biz O Grupo Prysmian anunciou que ir\u00e1 realizar um investimento significativo de aproximadamente 350 milh\u00f5es de euros na constru\u00e7\u00e3o de dois novos navios de instala\u00e7\u00e3o de cabos, que ir\u00e3o fortalecer as capacidades de execu\u00e7\u00e3o de\u2026","rel":"","context":"In &quot;Vagas de Emprego em Ribeir\u00e3o Preto-SP&quot;","block_context":{"text":"Vagas de Emprego em Ribeir\u00e3o Preto-SP","link":"https:\/\/noticiasribeiraopreto.com.br\/index.php\/category\/empregos-classificados-vagas-trabalho\/vagas-de-empregos-em-ribeirao-preto-regiao-brasil\/"},"img":{"alt_text":"","src":"https:\/\/i0.wp.com\/noticiasribeiraopreto.com.br\/wp-content\/uploads\/2023\/12\/prysmian-anuncia-grande-investimento-em-embarcacoes-para-instalacao-de-cabos-submarinos-renews-renewable-energy-news-640x450.jpg?fit=640%2C450&ssl=1&resize=350%2C200","width":350,"height":200,"srcset":"https:\/\/i0.wp.com\/noticiasribeiraopreto.com.br\/wp-content\/uploads\/2023\/12\/prysmian-anuncia-grande-investimento-em-embarcacoes-para-instalacao-de-cabos-submarinos-renews-renewable-energy-news-640x450.jpg?fit=640%2C450&ssl=1&resize=350%2C200 1x, https:\/\/i0.wp.com\/noticiasribeiraopreto.com.br\/wp-content\/uploads\/2023\/12\/prysmian-anuncia-grande-investimento-em-embarcacoes-para-instalacao-de-cabos-submarinos-renews-renewable-energy-news-640x450.jpg?fit=640%2C450&ssl=1&resize=525%2C300 1.5x"},"classes":[]},{"id":54871,"url":"https:\/\/noticiasribeiraopreto.com.br\/index.php\/2024\/07\/25\/vaga-para-operador-de-pa-carregadeira-em-catanduva-banco-de-talentosha-3-horas\/","url_meta":{"origin":16445,"position":1},"title":"Vaga para Operador de P\u00e1 Carregadeira em Catanduva &#8211; Banco de Talentosh\u00e1 3 horas","author":"noticiasribeiraopreto.com.br","date":"25 de July de 2024","format":false,"excerpt":"1 vaga para Operador de Produ\u00e7\u00e3o - Banco de Talentos em Santos - SPh\u00e1 2 horas Vaga para Operador de P\u00e1 Carregadeira em Catanduva - Banco de Talentosh\u00e1 3 horas Vaga para T\u00e9cnico de Instala\u00e7\u00e3o em Ara\u00e7atuba - SPh\u00e1 1 dia Vaga para T\u00e9cnico de Instala\u00e7\u00e3o em Botucatu - SPh\u00e1\u2026","rel":"","context":"In &quot;Vagas de Emprego em Ribeir\u00e3o Preto-SP&quot;","block_context":{"text":"Vagas de Emprego em Ribeir\u00e3o Preto-SP","link":"https:\/\/noticiasribeiraopreto.com.br\/index.php\/category\/empregos-classificados-vagas-trabalho\/vagas-de-empregos-em-ribeirao-preto-regiao-brasil\/"},"img":{"alt_text":"","src":"","width":0,"height":0},"classes":[]},{"id":32609,"url":"https:\/\/noticiasribeiraopreto.com.br\/index.php\/2024\/01\/25\/encontre-aqui-a-sua-oportunidade-de-emprego-13\/","url_meta":{"origin":16445,"position":2},"title":"Encontre aqui a sua oportunidade de emprego","author":"noticiasribeiraopreto.com.br","date":"25 de January de 2024","format":false,"excerpt":"Confira mais de 532 vagas dispon\u00edveis.Vagas por cidadeTodas(524)Mat\u00e3o(204)Araras(200)Ribeir\u00e3o Preto(78)Monte Alto(25)Santos(9)Cravinhos(3)Vagas por \u00e1reaTodas(533)Produ\u00e7\u00e3o\/Fabrica\u00e7\u00e3o(237)Industrial, Produ\u00e7\u00e3o...(209)Administra\u00e7\u00e3o Comercial...(14)Industrial,Produ\u00e7\u00e3o...(10)Administra\u00e7\u00e3o de...(9)Log\u00edstica(8)Vagas por cargoTodas(533)Ajudante de Produ\u00e7\u00e3o -...(401)Ajudante Geral de...(20)Auxiliar de Produ\u00e7\u00e3o...(11)Auxiliar de Produ\u00e7\u00e3o(10)Operador de Produ\u00e7\u00e3o -...(9)Estagi\u00e1rio Comercial -...(5) Vagas recentesVaga para Auxiliar Administrativo em Ribeir\u00e3o Preto - SPVaga para Analista Tribut\u00e1rio em Ribeir\u00e3o PretoVaga para Auxiliar de\u2026","rel":"","context":"In &quot;Vagas de Emprego em Ribeir\u00e3o Preto-SP&quot;","block_context":{"text":"Vagas de Emprego em Ribeir\u00e3o Preto-SP","link":"https:\/\/noticiasribeiraopreto.com.br\/index.php\/category\/empregos-classificados-vagas-trabalho\/vagas-de-empregos-em-ribeirao-preto-regiao-brasil\/"},"img":{"alt_text":"","src":"https:\/\/i0.wp.com\/noticiasribeiraopreto.com.br\/wp-content\/uploads\/2024\/01\/1706222190_maxresdefault.jpg?fit=1200%2C675&ssl=1&resize=350%2C200","width":350,"height":200,"srcset":"https:\/\/i0.wp.com\/noticiasribeiraopreto.com.br\/wp-content\/uploads\/2024\/01\/1706222190_maxresdefault.jpg?fit=1200%2C675&ssl=1&resize=350%2C200 1x, https:\/\/i0.wp.com\/noticiasribeiraopreto.com.br\/wp-content\/uploads\/2024\/01\/1706222190_maxresdefault.jpg?fit=1200%2C675&ssl=1&resize=525%2C300 1.5x, https:\/\/i0.wp.com\/noticiasribeiraopreto.com.br\/wp-content\/uploads\/2024\/01\/1706222190_maxresdefault.jpg?fit=1200%2C675&ssl=1&resize=700%2C400 2x, https:\/\/i0.wp.com\/noticiasribeiraopreto.com.br\/wp-content\/uploads\/2024\/01\/1706222190_maxresdefault.jpg?fit=1200%2C675&ssl=1&resize=1050%2C600 3x"},"classes":[]},{"id":12729,"url":"https:\/\/noticiasribeiraopreto.com.br\/index.php\/2023\/12\/08\/vagas-de-empregos-para-trabalhar-em-ribeirao-preto-sp-ou-qualquer-lugar-do-brasil-vagas-home-office-ems-2\/","url_meta":{"origin":16445,"position":3},"title":"Vagas de empregos para trabalhar em Ribeir\u00e3o Preto-SP ou qualquer lugar do Brasil (vagas home office EMS)","author":"noticiasribeiraopreto.com.br","date":"8 de December de 2023","format":false,"excerpt":"1 vaga para Auxiliar de Refrigera\u00e7\u00e3o em Andradina - SPh\u00e1 22 horas 1 vaga para T\u00e9cnico de Refrigera\u00e7\u00e3o em Andradina - SPh\u00e1 22 horas Vaga para Estagi\u00e1rio Marketing Estrat\u00e9gico em Ribeir\u00e3o Preto Vaga para Estagi\u00e1rio em Com\u00e9rcio Exterior em Ribeir\u00e3o Preto Vaga para Auxiliar de Dep\u00f3sito (tempor\u00e1rio) em Ribeir\u00e3o Preto\u2026","rel":"","context":"In &quot;Vagas de Emprego em Ribeir\u00e3o Preto-SP&quot;","block_context":{"text":"Vagas de Emprego em Ribeir\u00e3o Preto-SP","link":"https:\/\/noticiasribeiraopreto.com.br\/index.php\/category\/empregos-classificados-vagas-trabalho\/vagas-de-empregos-em-ribeirao-preto-regiao-brasil\/"},"img":{"alt_text":"","src":"https:\/\/i0.wp.com\/noticiasribeiraopreto.com.br\/wp-content\/uploads\/2023\/12\/1702053735_ems.jpg?fit=1200%2C675&ssl=1&resize=350%2C200","width":350,"height":200,"srcset":"https:\/\/i0.wp.com\/noticiasribeiraopreto.com.br\/wp-content\/uploads\/2023\/12\/1702053735_ems.jpg?fit=1200%2C675&ssl=1&resize=350%2C200 1x, https:\/\/i0.wp.com\/noticiasribeiraopreto.com.br\/wp-content\/uploads\/2023\/12\/1702053735_ems.jpg?fit=1200%2C675&ssl=1&resize=525%2C300 1.5x, https:\/\/i0.wp.com\/noticiasribeiraopreto.com.br\/wp-content\/uploads\/2023\/12\/1702053735_ems.jpg?fit=1200%2C675&ssl=1&resize=700%2C400 2x, https:\/\/i0.wp.com\/noticiasribeiraopreto.com.br\/wp-content\/uploads\/2023\/12\/1702053735_ems.jpg?fit=1200%2C675&ssl=1&resize=1050%2C600 3x"},"classes":[]},{"id":35567,"url":"https:\/\/noticiasribeiraopreto.com.br\/index.php\/2024\/02\/06\/vagas-de-empregos-na-microset-tecnologia-para-trabalhar-em-ribeirao-preto-sp\/","url_meta":{"origin":16445,"position":4},"title":"Vagas de empregos na Microset Tecnologia  para trabalhar em Ribeir\u00e3o Preto-SP","author":"noticiasribeiraopreto.com.br","date":"6 de February de 2024","format":false,"excerpt":"Analista Administrativo Ribeir\u00e3o Preto - SPEfetivo Analista de Neg\u00f3ciosRibeir\u00e3o Preto - SPEfetivo Assistente de Service Desk Ribeir\u00e3o Preto - SPEfetivo T\u00e9cnico de Inform\u00e1tica Ribeir\u00e3o Preto - SPEfetivo","rel":"","context":"In &quot;Vagas de Emprego em Ribeir\u00e3o Preto-SP&quot;","block_context":{"text":"Vagas de Emprego em Ribeir\u00e3o Preto-SP","link":"https:\/\/noticiasribeiraopreto.com.br\/index.php\/category\/empregos-classificados-vagas-trabalho\/vagas-de-empregos-em-ribeirao-preto-regiao-brasil\/"},"img":{"alt_text":"","src":"https:\/\/i0.wp.com\/noticiasribeiraopreto.com.br\/wp-content\/uploads\/2024\/02\/2023-03-15_13-45_bannerUrl.png?fit=1080%2C327&ssl=1&resize=350%2C200","width":350,"height":200,"srcset":"https:\/\/i0.wp.com\/noticiasribeiraopreto.com.br\/wp-content\/uploads\/2024\/02\/2023-03-15_13-45_bannerUrl.png?fit=1080%2C327&ssl=1&resize=350%2C200 1x, https:\/\/i0.wp.com\/noticiasribeiraopreto.com.br\/wp-content\/uploads\/2024\/02\/2023-03-15_13-45_bannerUrl.png?fit=1080%2C327&ssl=1&resize=525%2C300 1.5x, https:\/\/i0.wp.com\/noticiasribeiraopreto.com.br\/wp-content\/uploads\/2024\/02\/2023-03-15_13-45_bannerUrl.png?fit=1080%2C327&ssl=1&resize=700%2C400 2x, https:\/\/i0.wp.com\/noticiasribeiraopreto.com.br\/wp-content\/uploads\/2024\/02\/2023-03-15_13-45_bannerUrl.png?fit=1080%2C327&ssl=1&resize=1050%2C600 3x"},"classes":[]},{"id":49691,"url":"https:\/\/noticiasribeiraopreto.com.br\/index.php\/2024\/05\/12\/encontre-aqui-a-sua-oportunidade-de-emprego-17\/","url_meta":{"origin":16445,"position":5},"title":"Encontre aqui a sua oportunidade de emprego","author":"noticiasribeiraopreto.com.br","date":"12 de May de 2024","format":false,"excerpt":"Confira mais de 771 vagas dispon\u00edveis.Vagas por cidadeTodas(760)Catanduva(300)Araras(210)Campo Largo(127)Ribeir\u00e3o Preto(64)Monte Alto(34)Sumar\u00e9(6)Vagas por \u00e1reaTodas(772)Produ\u00e7\u00e3o\/Fabrica\u00e7\u00e3o(537)Transporte Terrestre(134)Industrial, Produ\u00e7\u00e3o...(12)Industrial,Produ\u00e7\u00e3o...(10)Qu\u00edmica(10)Administra\u00e7\u00e3o de...(8)Vagas por cargoTodas(772)Ajudante de Produ\u00e7\u00e3o -...(401)Ajudante de...(100)Ajudante Geral(93)Auxiliar de Produ\u00e7\u00e3o(37)Motorista L\u00edder de...(25)Auxiliar de Produ\u00e7\u00e3o...(16) Vagas recentesVaga para Montador de Prote\u00e7\u00e3o de Pisos em Ribeir\u00e3o Preto - SPh\u00e1 2 diasVaga para Operador de Empilhadeira em Sumar\u00e9\u2026","rel":"","context":"In &quot;Vagas de Emprego em Ribeir\u00e3o Preto-SP&quot;","block_context":{"text":"Vagas de Emprego em Ribeir\u00e3o Preto-SP","link":"https:\/\/noticiasribeiraopreto.com.br\/index.php\/category\/empregos-classificados-vagas-trabalho\/vagas-de-empregos-em-ribeirao-preto-regiao-brasil\/"},"img":{"alt_text":"","src":"https:\/\/i0.wp.com\/noticiasribeiraopreto.com.br\/wp-content\/uploads\/2024\/05\/1715556189_maxresdefault.jpg?fit=1200%2C675&ssl=1&resize=350%2C200","width":350,"height":200,"srcset":"https:\/\/i0.wp.com\/noticiasribeiraopreto.com.br\/wp-content\/uploads\/2024\/05\/1715556189_maxresdefault.jpg?fit=1200%2C675&ssl=1&resize=350%2C200 1x, https:\/\/i0.wp.com\/noticiasribeiraopreto.com.br\/wp-content\/uploads\/2024\/05\/1715556189_maxresdefault.jpg?fit=1200%2C675&ssl=1&resize=525%2C300 1.5x, https:\/\/i0.wp.com\/noticiasribeiraopreto.com.br\/wp-content\/uploads\/2024\/05\/1715556189_maxresdefault.jpg?fit=1200%2C675&ssl=1&resize=700%2C400 2x, https:\/\/i0.wp.com\/noticiasribeiraopreto.com.br\/wp-content\/uploads\/2024\/05\/1715556189_maxresdefault.jpg?fit=1200%2C675&ssl=1&resize=1050%2C600 3x"},"classes":[]}],"jetpack_sharing_enabled":true,"jetpack_shortlink":"https:\/\/wp.me\/peQAOb-4hf","_links":{"self":[{"href":"https:\/\/noticiasribeiraopreto.com.br\/index.php\/wp-json\/wp\/v2\/posts\/16445","targetHints":{"allow":["GET"]}}],"collection":[{"href":"https:\/\/noticiasribeiraopreto.com.br\/index.php\/wp-json\/wp\/v2\/posts"}],"about":[{"href":"https:\/\/noticiasribeiraopreto.com.br\/index.php\/wp-json\/wp\/v2\/types\/post"}],"author":[{"embeddable":true,"href":"https:\/\/noticiasribeiraopreto.com.br\/index.php\/wp-json\/wp\/v2\/users\/1"}],"replies":[{"embeddable":true,"href":"https:\/\/noticiasribeiraopreto.com.br\/index.php\/wp-json\/wp\/v2\/comments?post=16445"}],"version-history":[{"count":0,"href":"https:\/\/noticiasribeiraopreto.com.br\/index.php\/wp-json\/wp\/v2\/posts\/16445\/revisions"}],"wp:featuredmedia":[{"embeddable":true,"href":"https:\/\/noticiasribeiraopreto.com.br\/index.php\/wp-json\/wp\/v2\/media\/16446"}],"wp:attachment":[{"href":"https:\/\/noticiasribeiraopreto.com.br\/index.php\/wp-json\/wp\/v2\/media?parent=16445"}],"wp:term":[{"taxonomy":"category","embeddable":true,"href":"https:\/\/noticiasribeiraopreto.com.br\/index.php\/wp-json\/wp\/v2\/categories?post=16445"},{"taxonomy":"post_tag","embeddable":true,"href":"https:\/\/noticiasribeiraopreto.com.br\/index.php\/wp-json\/wp\/v2\/tags?post=16445"}],"curies":[{"name":"wp","href":"https:\/\/api.w.org\/{rel}","templated":true}]}}