{"id":16451,"date":"2023-12-15T16:14:11","date_gmt":"2023-12-15T19:14:11","guid":{"rendered":"https:\/\/noticiasribeiraopreto.com.br\/index.php\/2023\/12\/15\/presidente-epitacio-vai-alem-das-aguas-e-do-belo-por-do-sol\/"},"modified":"2023-12-15T16:14:11","modified_gmt":"2023-12-15T19:14:11","slug":"presidente-epitacio-vai-alem-das-aguas-e-do-belo-por-do-sol","status":"publish","type":"post","link":"https:\/\/noticiasribeiraopreto.com.br\/index.php\/2023\/12\/15\/presidente-epitacio-vai-alem-das-aguas-e-do-belo-por-do-sol\/","title":{"rendered":"Presidente Epit\u00e1cio vai al\u00e9m das \u00e1guas e do belo p\u00f4r do sol"},"content":{"rendered":"<div class='code-block code-block-1' style='margin: 8px 0 8px auto; text-align: right; display: block; clear: both;'>\n<p><a href=\"https:\/\/wa.link\/vpicfd\"><img data-recalc-dims=\"1\" class=\"wp-image-4922\" style=\"aspect-ratio: 2.0253164556962027; width: 561px; height: auto;\" src=\"https:\/\/i0.wp.com\/ismaelcolosi.com.br\/wp-content\/uploads\/2023\/11\/grupo-de-empregos-whatsapp-e-facebook-ismael-colosi-vagas.jpg?ssl=1\" alt=\"\" \/><\/a><\/p>\n<!-- \/wp:image -->\n<\/div>\n<p> <br \/>\n<\/p>\n<div>\n<p>Localizada a 641 km da capital paulista, a est\u00e2ncia tur\u00edstica de Presidente Epit\u00e1cio \u00e9 privilegiada pela natureza.<\/p>\n<p>\u00c0s margens do rio Paran\u00e1, este destino localizado no <a href=\"https:\/\/catracalivre.com.br\/viagem-livre\/conheca-5-destinos-no-interior-de-sp-que-valem-a-viagem\/\">extremo oeste do estado<\/a> tem um leque de atrativos come\u00e7ando pelo <a href=\"https:\/\/www.presidenteepitacio.sp.gov.br\/portal\/turismo\/0\/9\/811\/parque-municipal-o-figueiral\" target=\"_blank\" rel=\"noopener\">Balne\u00e1rio Municipal Figueiral<\/a>, com praias de \u00e1gua doce, lanchonetes, \u00e1rea de recrea\u00e7\u00e3o e pesqueiro, garantindo a divers\u00e3o para todas as idades.<\/p>\n<div id=\"attachment_2314836\" class=\"wp-caption aligncenter\">\n<div class=\"d-flex justify-content-center\" data-attachment-id=\"2314836\">\n<div class=\"position-relative d-inline-block\"><img data-recalc-dims=\"1\" data-portal-copyright=\"Divulga\u00e7\u00e3o\/PMPE\" fetchpriority=\"high\" decoding=\"async\" class=\"wp-image-2314836 size-full\" src=\"https:\/\/i0.wp.com\/catracalivre.com.br\/wp-content\/uploads\/2023\/11\/presidente-epitacio.jpeg?resize=900%2C600&#038;ssl=1\" alt=\"O Balne\u00e1rio Figueiral com atra\u00e7\u00f5es de praias de \u00e1gua doce \u00e9 destaque em Presidente Epit\u00e1cio (SP)\" width=\"900\" height=\"600\" srcset=\"https:\/\/catracalivre.com.br\/wp-content\/uploads\/2023\/11\/presidente-epitacio.jpeg 900w, https:\/\/catracalivre.com.br\/wp-content\/uploads\/2023\/11\/presidente-epitacio-450x300.jpeg 450w, https:\/\/catracalivre.com.br\/wp-content\/uploads\/2023\/11\/presidente-epitacio-768x512.jpeg 768w\" sizes=\"(max-width: 900px) 100vw, 900px\"\/><\/p>\n<p>Cr\u00e9ditos: Divulga\u00e7\u00e3o\/PMPE<\/p>\n<\/div>\n<\/div>\n<p><span class=\"post-imagem__legenda\">O Balne\u00e1rio Figueiral com atra\u00e7\u00f5es de praias de \u00e1gua doce \u00e9 destaque em Presidente Epit\u00e1cio (SP)<\/span><\/p>\n<\/div>\n<p>A diversidade de atra\u00e7\u00f5es passa pelo turismo fluvial, com vastas vegeta\u00e7\u00f5es, ilhas, lagoas e muita pesca. Hoje com quase 40 mil habitantes, \u00e9 conhecida como \u201cJoia Ribeirinha\u201d, que significa joia lapidada pelas \u00e1guas e belas praias do rio Paran\u00e1.<\/p>\n<h2>Passeios em Presidente Epit\u00e1cio<\/h2>\n<p>Local obrigat\u00f3rio para visitas \u00e9 o P\u00eder Tur\u00edstico, que re\u00fane ciclistas, corredores, pessoas que optam por uma bela caminhada, assim como apaixonados por fotografia, pois no local h\u00e1 um ancoradouro de barco muito usado para pesca diurna e noturna.<\/p>\n<p>Neste p\u00eder tamb\u00e9m \u00e9 realizado um grande evento religioso no m\u00eas de agosto que ocorre desde 1948, a festa de Nossa Senhora dos Navegantes, padroeira da cidade, que vem de uma tradi\u00e7\u00e3o religiosa em que os fi\u00e9is v\u00eam de barco do Mato Grosso do Sul trazendo a imagem de Nossa Senhora at\u00e9 o estado de S\u00e3o Paulo.<\/p>\n<h3>Atra\u00e7\u00f5es ao ar livre<\/h3>\n<p>\u00c1gua \u00e9 tema constante quando o foco \u00e9 Presidente Epit\u00e1cio. Exemplo disso \u00e9 a Orla Fluvial, com aproximadamente 7 km de extens\u00e3o, com bares, pista de skate, quadra de streetball (varia\u00e7\u00e3o de basquete jogado em quadras abertas), academia ao ar livre e at\u00e9 um anfiteatro com capacidade para 280 pessoas.<\/p>\n<div id=\"attachment_2314839\" class=\"wp-caption aligncenter\">\n<div class=\"d-flex justify-content-center\" data-attachment-id=\"2314839\">\n<div class=\"position-relative d-inline-block\"><img data-recalc-dims=\"1\" loading=\"lazy\" data-portal-copyright=\"Divulga\u00e7\u00e3o\/PMPE\" decoding=\"async\" class=\"wp-image-2314839 size-full\" src=\"https:\/\/i0.wp.com\/catracalivre.com.br\/wp-content\/uploads\/2023\/11\/presidente-epitacio.jpg?resize=800%2C533&#038;ssl=1\" alt=\"A Orla Fluvial de Presidente Epit\u00e1cio tem quase 7 km de extens\u00e3o\" width=\"800\" height=\"533\" srcset=\"https:\/\/catracalivre.com.br\/wp-content\/uploads\/2023\/11\/presidente-epitacio.jpg 800w, https:\/\/catracalivre.com.br\/wp-content\/uploads\/2023\/11\/presidente-epitacio-450x300.jpg 450w, https:\/\/catracalivre.com.br\/wp-content\/uploads\/2023\/11\/presidente-epitacio-768x512.jpg 768w\" sizes=\"auto, (max-width: 800px) 100vw, 800px\"\/><\/p>\n<p>Cr\u00e9ditos: Divulga\u00e7\u00e3o\/PMPE<\/p>\n<\/div>\n<\/div>\n<p><span class=\"post-imagem__legenda\">A Orla Fluvial de Presidente Epit\u00e1cio tem quase 7 km de extens\u00e3o<\/span><\/p>\n<\/div>\n<p>No local pode ser avistada a ponte H\u00e9lio Serejo, que tem cerca de 2.550 metros de extens\u00e3o e liga o estado de S\u00e3o Paulo a Mato Grosso do Sul.<\/p>\n<p>Um dos orgulhos dos epitacianos \u00e9 fazer parte da Regi\u00e3o Tur\u00edstica Sol do Oeste, com mais sete munic\u00edpios, pelo seu grande potencial aqu\u00e1tico cuja proposta \u00e9 sempre promover a sustentabilidade dos neg\u00f3cios tur\u00edsticos, culturais e artesanais na regi\u00e3o.<\/p>\n<h3>Como chegar a Presidente Epit\u00e1cio<\/h3>\n<p>Para ir at\u00e9 Presidente Epit\u00e1cio, saindo da capital, \u00e9 preciso acessar a SP-280 (Rodovia Castello Branco) at\u00e9 a sa\u00edda 315-B, a SP-225 (Rodovia Eng. Jo\u00e3o Baptista Cabral Renn\u00f3), a SP-327 (Rodovia Orlando Quagliato) e a SP-270 (Rodovia Raposo Tavares), at\u00e9 a sa\u00edda 652.<\/p>\n<\/div>\n<p><script>\n\t\t! function(f, b, e, v, n, t, s) {\n\t\t\tif (f.fbq) return;\n\t\t\tn = f.fbq = function() {\n\t\t\t\tn.callMethod ?\n\t\t\t\t\tn.callMethod.apply(n, arguments) : n.queue.push(arguments)\n\t\t\t};\n\t\t\tif (!f._fbq) f._fbq = n;\n\t\t\tn.push = n;\n\t\t\tn.loaded = !0;\n\t\t\tn.version = '2.0';\n\t\t\tn.queue = [];\n\t\t\tt = b.createElement(e);\n\t\t\tt.async = !0;\n\t\t\tt.src = v;\n\t\t\ts = b.getElementsByTagName(e)[0];\n\t\t\ts.parentNode.insertBefore(t, s)\n\t\t}(window, document, 'script',\n\t\t\t'https:\/\/connect.facebook.net\/en_US\/fbevents.js');\n\t\tfbq('init', '338315473262380');\n\t\tfbq('track', 'PageView');\n\t<\/script><br \/>\n<br \/><br \/>\n<br \/><a href=\"https:\/\/catracalivre.com.br\/viagem-livre\/fotos-presidente-epitacio-vai-alem-das-aguas-e-do-belo-por-do-sol\/\">Source link <\/a><\/p>\n<!-- CONTENT END 1 -->\n","protected":false},"excerpt":{"rendered":"<p>Localizada a 641 km da capital paulista, a est\u00e2ncia tur\u00edstica de Presidente Epit\u00e1cio \u00e9 privilegiada pela natureza. \u00c0s margens do rio Paran\u00e1, este destino localizado&#8230;<\/p>\n","protected":false},"author":1,"featured_media":16452,"comment_status":"open","ping_status":"open","sticky":false,"template":"","format":"standard","meta":{"advanced_seo_description":"","jetpack_seo_html_title":"","jetpack_seo_noindex":false,"jetpack_post_was_ever_published":false,"_jetpack_newsletter_access":"","_jetpack_dont_email_post_to_subs":false,"_jetpack_newsletter_tier_id":0,"_jetpack_memberships_contains_paywalled_content":false,"_jetpack_memberships_contains_paid_content":false,"footnotes":"","jetpack_publicize_message":"","jetpack_publicize_feature_enabled":true,"jetpack_social_post_already_shared":true,"jetpack_social_options":{"image_generator_settings":{"template":"highway","default_image_id":0,"font":"","enabled":false},"version":2}},"categories":[19],"tags":[],"class_list":["post-16451","post","type-post","status-publish","format-standard","has-post-thumbnail","hentry","category-variedades"],"jetpack_publicize_connections":[],"jetpack_featured_media_url":"https:\/\/i0.wp.com\/noticiasribeiraopreto.com.br\/wp-content\/uploads\/2023\/12\/presidente-epitacio.jpeg?fit=1200%2C638&ssl=1","jetpack-related-posts":[{"id":21144,"url":"https:\/\/noticiasribeiraopreto.com.br\/index.php\/2023\/12\/27\/7-destinos-com-praias-de-agua-doce\/","url_meta":{"origin":16451,"position":0},"title":"7 destinos com praias de \u00e1gua doce","author":"noticiasribeiraopreto.com.br","date":"27 de December de 2023","format":false,"excerpt":"\u00c9 certo que praias s\u00e3o destinos ideais para aproveitar os dias quentes e ensolarados do ver\u00e3o. S\u00f3 no litoral paulista s\u00e3o 293 praias pelos 622 km de extens\u00e3o. No entanto, h\u00e1 viajantes que preferem a \u00e1gua doce \u00e0 salgada do Atl\u00e2ntico. Para eles, temos uma \u00f3tima not\u00edcia. O estado de\u2026","rel":"","context":"In &quot;Variedades&quot;","block_context":{"text":"Variedades","link":"https:\/\/noticiasribeiraopreto.com.br\/index.php\/category\/variedades\/"},"img":{"alt_text":"","src":"https:\/\/i0.wp.com\/noticiasribeiraopreto.com.br\/wp-content\/uploads\/2023\/12\/rosana-interior-sp.jpg?fit=1200%2C638&ssl=1&resize=350%2C200","width":350,"height":200,"srcset":"https:\/\/i0.wp.com\/noticiasribeiraopreto.com.br\/wp-content\/uploads\/2023\/12\/rosana-interior-sp.jpg?fit=1200%2C638&ssl=1&resize=350%2C200 1x, https:\/\/i0.wp.com\/noticiasribeiraopreto.com.br\/wp-content\/uploads\/2023\/12\/rosana-interior-sp.jpg?fit=1200%2C638&ssl=1&resize=525%2C300 1.5x, https:\/\/i0.wp.com\/noticiasribeiraopreto.com.br\/wp-content\/uploads\/2023\/12\/rosana-interior-sp.jpg?fit=1200%2C638&ssl=1&resize=700%2C400 2x, https:\/\/i0.wp.com\/noticiasribeiraopreto.com.br\/wp-content\/uploads\/2023\/12\/rosana-interior-sp.jpg?fit=1200%2C638&ssl=1&resize=1050%2C600 3x"},"classes":[]},{"id":84491,"url":"https:\/\/noticiasribeiraopreto.com.br\/index.php\/2026\/04\/10\/morre-o-empresario-alessandro-jose-zampronio-dono-da-sorvetes-pimpinella-aos-54-anos\/","url_meta":{"origin":16451,"position":1},"title":"Morre o empres\u00e1rio Alessandro Jos\u00e9 Zampronio, dono da Sorvetes Pimpinella, aos 54 anos","author":"noticiasribeiraopreto.com.br","date":"10 de April de 2026","format":false,"excerpt":"Ler o resumo da not\u00edcia \r Alessandro Jos\u00e9 Zampronio, fundador e presidente da Sorvetes Pimpinella, morreu aos 54 anos em Sert\u00e3ozinho (SP), nesta quinta-feira (9).\r A empresa comunicou o falecimento nesta sexta-feira (10) por meio das redes sociais, manifestando solidariedade a familiares e colaboradores.\r O vel\u00f3rio ser\u00e1 realizado no Vel\u00f3rio\u2026","rel":"","context":"In &quot;Not\u00edcias de Ribeir\u00e3o Preto-SP e Regi\u00e3o&quot;","block_context":{"text":"Not\u00edcias de Ribeir\u00e3o Preto-SP e Regi\u00e3o","link":"https:\/\/noticiasribeiraopreto.com.br\/index.php\/category\/noticias-de-ribeirao-preto-sp-e-regiao-ismael-colosi\/"},"img":{"alt_text":"","src":"https:\/\/i0.wp.com\/noticiasribeiraopreto.com.br\/wp-content\/uploads\/2026\/04\/WhatsApp-Image-2026-04-10-at-09.59.23-1_2026-04-10_13-02-03.webp.webp?fit=1200%2C675&ssl=1&resize=350%2C200","width":350,"height":200,"srcset":"https:\/\/i0.wp.com\/noticiasribeiraopreto.com.br\/wp-content\/uploads\/2026\/04\/WhatsApp-Image-2026-04-10-at-09.59.23-1_2026-04-10_13-02-03.webp.webp?fit=1200%2C675&ssl=1&resize=350%2C200 1x, https:\/\/i0.wp.com\/noticiasribeiraopreto.com.br\/wp-content\/uploads\/2026\/04\/WhatsApp-Image-2026-04-10-at-09.59.23-1_2026-04-10_13-02-03.webp.webp?fit=1200%2C675&ssl=1&resize=525%2C300 1.5x, https:\/\/i0.wp.com\/noticiasribeiraopreto.com.br\/wp-content\/uploads\/2026\/04\/WhatsApp-Image-2026-04-10-at-09.59.23-1_2026-04-10_13-02-03.webp.webp?fit=1200%2C675&ssl=1&resize=700%2C400 2x, https:\/\/i0.wp.com\/noticiasribeiraopreto.com.br\/wp-content\/uploads\/2026\/04\/WhatsApp-Image-2026-04-10-at-09.59.23-1_2026-04-10_13-02-03.webp.webp?fit=1200%2C675&ssl=1&resize=1050%2C600 3x"},"classes":[]},{"id":57225,"url":"https:\/\/noticiasribeiraopreto.com.br\/index.php\/2024\/08\/26\/veja-se-as-condicoes-do-tempo-ajudam-a-evitar-novos-incendios-no-interior-de-sp\/","url_meta":{"origin":16451,"position":2},"title":"Veja se as condi\u00e7\u00f5es do tempo ajudam a evitar novos inc\u00eandios no interior de SP","author":"noticiasribeiraopreto.com.br","date":"26 de August de 2024","format":false,"excerpt":"O sol retornou a partir desta segunda-feira (26), ap\u00f3s a chuva neste domingo (25), e deve prodominar entre nuvens na maior parte do estado de S\u00e3o Paulo. Segundo a Defesa Civil, o aumento gradual da temperatura e a baixa umidade criam um cen\u00e1rio elevado para risco de inc\u00eandios florestais, especialmente\u2026","rel":"","context":"In &quot;Not\u00edcias de Ribeir\u00e3o Preto-SP e Regi\u00e3o&quot;","block_context":{"text":"Not\u00edcias de Ribeir\u00e3o Preto-SP e Regi\u00e3o","link":"https:\/\/noticiasribeiraopreto.com.br\/index.php\/category\/noticias-de-ribeirao-preto-sp-e-regiao-ismael-colosi\/"},"img":{"alt_text":"","src":"https:\/\/i0.wp.com\/noticiasribeiraopreto.com.br\/wp-content\/uploads\/2024\/08\/INCENDIO_2024-08-23_18-57-32_jpg_2024-08-23_18-57-32.webp.webp?fit=1200%2C784&ssl=1&resize=350%2C200","width":350,"height":200,"srcset":"https:\/\/i0.wp.com\/noticiasribeiraopreto.com.br\/wp-content\/uploads\/2024\/08\/INCENDIO_2024-08-23_18-57-32_jpg_2024-08-23_18-57-32.webp.webp?fit=1200%2C784&ssl=1&resize=350%2C200 1x, https:\/\/i0.wp.com\/noticiasribeiraopreto.com.br\/wp-content\/uploads\/2024\/08\/INCENDIO_2024-08-23_18-57-32_jpg_2024-08-23_18-57-32.webp.webp?fit=1200%2C784&ssl=1&resize=525%2C300 1.5x, https:\/\/i0.wp.com\/noticiasribeiraopreto.com.br\/wp-content\/uploads\/2024\/08\/INCENDIO_2024-08-23_18-57-32_jpg_2024-08-23_18-57-32.webp.webp?fit=1200%2C784&ssl=1&resize=700%2C400 2x, https:\/\/i0.wp.com\/noticiasribeiraopreto.com.br\/wp-content\/uploads\/2024\/08\/INCENDIO_2024-08-23_18-57-32_jpg_2024-08-23_18-57-32.webp.webp?fit=1200%2C784&ssl=1&resize=1050%2C600 3x"},"classes":[]},{"id":57217,"url":"https:\/\/noticiasribeiraopreto.com.br\/index.php\/2024\/08\/26\/exercito-inicia-acao-contra-incendios-em-ribeirao-preto-e-regiao\/","url_meta":{"origin":16451,"position":3},"title":"Ex\u00e9rcito inicia a\u00e7\u00e3o contra inc\u00eandios em Ribeir\u00e3o Preto e regi\u00e3o","author":"noticiasribeiraopreto.com.br","date":"26 de August de 2024","format":false,"excerpt":"O Ex\u00e9rcito Brasileiro deu in\u00edcio nesta segunda (26) ao reconhecimento a\u00e9reo com helic\u00f3ptero na regi\u00e3o de Ribeir\u00e3o Preto para monitorar focos de inc\u00eandio. Assista ao v\u00eddeo abaixo. Uma base de apoio foi montada no aerorporto Leite Lopes, na zona Norte de Ribeir\u00e3o. A cidade concentra um posto avan\u00e7ado do gabinete\u2026","rel":"","context":"In &quot;Not\u00edcias de Ribeir\u00e3o Preto-SP e Regi\u00e3o&quot;","block_context":{"text":"Not\u00edcias de Ribeir\u00e3o Preto-SP e Regi\u00e3o","link":"https:\/\/noticiasribeiraopreto.com.br\/index.php\/category\/noticias-de-ribeirao-preto-sp-e-regiao-ismael-colosi\/"},"img":{"alt_text":"","src":"https:\/\/i0.wp.com\/noticiasribeiraopreto.com.br\/wp-content\/uploads\/2024\/08\/WhatsApp-Image-2024-08-26-at-11.00.49_2024-08-26_14-06-13_jpeg_2024-08-26_14-06-13.webp.webp?fit=1200%2C675&ssl=1&resize=350%2C200","width":350,"height":200,"srcset":"https:\/\/i0.wp.com\/noticiasribeiraopreto.com.br\/wp-content\/uploads\/2024\/08\/WhatsApp-Image-2024-08-26-at-11.00.49_2024-08-26_14-06-13_jpeg_2024-08-26_14-06-13.webp.webp?fit=1200%2C675&ssl=1&resize=350%2C200 1x, https:\/\/i0.wp.com\/noticiasribeiraopreto.com.br\/wp-content\/uploads\/2024\/08\/WhatsApp-Image-2024-08-26-at-11.00.49_2024-08-26_14-06-13_jpeg_2024-08-26_14-06-13.webp.webp?fit=1200%2C675&ssl=1&resize=525%2C300 1.5x, https:\/\/i0.wp.com\/noticiasribeiraopreto.com.br\/wp-content\/uploads\/2024\/08\/WhatsApp-Image-2024-08-26-at-11.00.49_2024-08-26_14-06-13_jpeg_2024-08-26_14-06-13.webp.webp?fit=1200%2C675&ssl=1&resize=700%2C400 2x, https:\/\/i0.wp.com\/noticiasribeiraopreto.com.br\/wp-content\/uploads\/2024\/08\/WhatsApp-Image-2024-08-26-at-11.00.49_2024-08-26_14-06-13_jpeg_2024-08-26_14-06-13.webp.webp?fit=1200%2C675&ssl=1&resize=1050%2C600 3x"},"classes":[]},{"id":48652,"url":"https:\/\/noticiasribeiraopreto.com.br\/index.php\/2024\/05\/05\/apostadores-do-interior-de-sp-levam-premios-na-mega-sena-veja-os-numeros-sorteados\/","url_meta":{"origin":16451,"position":4},"title":"Apostadores do interior de SP levam pr\u00eamios na Mega-Sena; Veja os n\u00fameros sorteados","author":"noticiasribeiraopreto.com.br","date":"5 de May de 2024","format":false,"excerpt":"Dezenas de apostadores do interior de S\u00e3o Paulo bateram na trave e v\u00e3o levar o pr\u00eamio da quina na Mega-Sena. Ningu\u00e9m fez seis acertos no concurso 2.720, realizado na noite de s\u00e1bado (4) e, por isso, o pr\u00eamio principal acumulou em R$ 37 milh\u00f5es. Os n\u00fameros sorteados na Mega-Sena foram:\u2026","rel":"","context":"In &quot;Not\u00edcias de Ribeir\u00e3o Preto-SP e Regi\u00e3o&quot;","block_context":{"text":"Not\u00edcias de Ribeir\u00e3o Preto-SP e Regi\u00e3o","link":"https:\/\/noticiasribeiraopreto.com.br\/index.php\/category\/noticias-de-ribeirao-preto-sp-e-regiao-ismael-colosi\/"},"img":{"alt_text":"","src":"https:\/\/i0.wp.com\/noticiasribeiraopreto.com.br\/wp-content\/uploads\/2024\/05\/20230622_183248.jpg?fit=1024%2C768&ssl=1&resize=350%2C200","width":350,"height":200,"srcset":"https:\/\/i0.wp.com\/noticiasribeiraopreto.com.br\/wp-content\/uploads\/2024\/05\/20230622_183248.jpg?fit=1024%2C768&ssl=1&resize=350%2C200 1x, https:\/\/i0.wp.com\/noticiasribeiraopreto.com.br\/wp-content\/uploads\/2024\/05\/20230622_183248.jpg?fit=1024%2C768&ssl=1&resize=525%2C300 1.5x, https:\/\/i0.wp.com\/noticiasribeiraopreto.com.br\/wp-content\/uploads\/2024\/05\/20230622_183248.jpg?fit=1024%2C768&ssl=1&resize=700%2C400 2x"},"classes":[]},{"id":35239,"url":"https:\/\/noticiasribeiraopreto.com.br\/index.php\/2024\/02\/05\/homem-morre-proximo-a-pedagio-de-jaboticabal\/","url_meta":{"origin":16451,"position":5},"title":"Homem morre pr\u00f3ximo a ped\u00e1gio de Jaboticabal","author":"noticiasribeiraopreto.com.br","date":"5 de February de 2024","format":false,"excerpt":"V\u00edtima fazia escolta de carreta que levava pe\u00e7a de usina e estava parada no acostamento quando outro ve\u00edculo se envolveu em acidente 5 de fevereiro de 2024 | 16:16 0Por: Adalberto LuqueUm homem de 49 anos morreu, na madrugada desta segunda-feira (05), ap\u00f3s um acidente em Jaboticabal. A v\u00edtima fazia\u2026","rel":"","context":"In &quot;Not\u00edcias de Ribeir\u00e3o Preto-SP e Regi\u00e3o&quot;","block_context":{"text":"Not\u00edcias de Ribeir\u00e3o Preto-SP e Regi\u00e3o","link":"https:\/\/noticiasribeiraopreto.com.br\/index.php\/category\/noticias-de-ribeirao-preto-sp-e-regiao-ismael-colosi\/"},"img":{"alt_text":"","src":"https:\/\/i0.wp.com\/noticiasribeiraopreto.com.br\/wp-content\/uploads\/2024\/02\/00-05-fev-2024-acidente-jaboticabal-foto-redes-sociais.jpg?fit=511%2C392&ssl=1&resize=350%2C200","width":350,"height":200},"classes":[]}],"jetpack_sharing_enabled":true,"jetpack_shortlink":"https:\/\/wp.me\/peQAOb-4hl","_links":{"self":[{"href":"https:\/\/noticiasribeiraopreto.com.br\/index.php\/wp-json\/wp\/v2\/posts\/16451","targetHints":{"allow":["GET"]}}],"collection":[{"href":"https:\/\/noticiasribeiraopreto.com.br\/index.php\/wp-json\/wp\/v2\/posts"}],"about":[{"href":"https:\/\/noticiasribeiraopreto.com.br\/index.php\/wp-json\/wp\/v2\/types\/post"}],"author":[{"embeddable":true,"href":"https:\/\/noticiasribeiraopreto.com.br\/index.php\/wp-json\/wp\/v2\/users\/1"}],"replies":[{"embeddable":true,"href":"https:\/\/noticiasribeiraopreto.com.br\/index.php\/wp-json\/wp\/v2\/comments?post=16451"}],"version-history":[{"count":0,"href":"https:\/\/noticiasribeiraopreto.com.br\/index.php\/wp-json\/wp\/v2\/posts\/16451\/revisions"}],"wp:featuredmedia":[{"embeddable":true,"href":"https:\/\/noticiasribeiraopreto.com.br\/index.php\/wp-json\/wp\/v2\/media\/16452"}],"wp:attachment":[{"href":"https:\/\/noticiasribeiraopreto.com.br\/index.php\/wp-json\/wp\/v2\/media?parent=16451"}],"wp:term":[{"taxonomy":"category","embeddable":true,"href":"https:\/\/noticiasribeiraopreto.com.br\/index.php\/wp-json\/wp\/v2\/categories?post=16451"},{"taxonomy":"post_tag","embeddable":true,"href":"https:\/\/noticiasribeiraopreto.com.br\/index.php\/wp-json\/wp\/v2\/tags?post=16451"}],"curies":[{"name":"wp","href":"https:\/\/api.w.org\/{rel}","templated":true}]}}