{"id":16477,"date":"2023-12-15T17:08:12","date_gmt":"2023-12-15T20:08:12","guid":{"rendered":"https:\/\/noticiasribeiraopreto.com.br\/index.php\/2023\/12\/15\/dias-antes-de-morrer-pedro-henrique-deixou-recado-preocupante-em-video-assista\/"},"modified":"2023-12-15T17:08:12","modified_gmt":"2023-12-15T20:08:12","slug":"dias-antes-de-morrer-pedro-henrique-deixou-recado-preocupante-em-video-assista","status":"publish","type":"post","link":"https:\/\/noticiasribeiraopreto.com.br\/index.php\/2023\/12\/15\/dias-antes-de-morrer-pedro-henrique-deixou-recado-preocupante-em-video-assista\/","title":{"rendered":"Dias antes de morrer Pedro Henrique deixou recado preocupante em v\u00eddeo; assista"},"content":{"rendered":"<div class='code-block code-block-1' style='margin: 8px 0 8px auto; text-align: right; display: block; clear: both;'>\n<p><a href=\"https:\/\/wa.link\/vpicfd\"><img data-recalc-dims=\"1\" class=\"wp-image-4922\" style=\"aspect-ratio: 2.0253164556962027; width: 561px; height: auto;\" src=\"https:\/\/i0.wp.com\/ismaelcolosi.com.br\/wp-content\/uploads\/2023\/11\/grupo-de-empregos-whatsapp-e-facebook-ismael-colosi-vagas.jpg?ssl=1\" alt=\"\" \/><\/a><\/p>\n<!-- \/wp:image -->\n<\/div>\n<p> <br \/>\n<\/p>\n<div itemprop=\"text\">\n<p>Dias antes de sua partida inesperada, o cantor gospel Pedro Henrique, de 30 anos, compartilhou um v\u00eddeo nas redes sociais que agora ressoa com uma nova e tr\u00e1gica relev\u00e2ncia.<\/p>\n<p>Pedro Henrique, conhecido por sua voz poderosa e mensagens de f\u00e9, estava enfrentando uma agenda intensa, com 12 shows programados para dezembro em diversos estados do Brasil.<\/p>\n<p>No v\u00eddeo, ele expressava seu cansa\u00e7o e exaust\u00e3o, palavras que, ap\u00f3s sua morte, ganharam um significado profundo para seus quase um milh\u00e3o de seguidores.<\/p>\n<p>\u00c9 poss\u00edvel ver que ele repetia \u201cestou cansado\u201d, um sinal que muitos agora interpretam como um pedido de socorro n\u00e3o atendido. A rea\u00e7\u00e3o dos f\u00e3s foi imediata e emocional.<\/p>\n<p>Um seguidor comentou sobre como a exaust\u00e3o pode ser fatal, enquanto outro lamentou que Pedro n\u00e3o tenha cuidado de sua sa\u00fade apesar dos sintomas. <strong>\u201cO corpo avisa, muitas vezes grita. E a gente acaba n\u00e3o escutando<\/strong>\u201c, refletiu outro f\u00e3, destacando a tristeza da perda.<\/p>\n<p>Veja o v\u00eddeo:<\/p>\n<blockquote class=\"instagram-media\" style=\"background: #FFF; border: 0; border-radius: 3px; box-shadow: 0 0 1px 0 rgba(0,0,0,0.5),0 1px 10px 0 rgba(0,0,0,0.15); margin: 1px; max-width: 540px; min-width: 326px; padding: 0; width: calc(100% - 2px);\" data-instgrm-permalink=\"https:\/\/www.instagram.com\/reel\/C01aBVNL1dF\/?utm_source=ig_embed&amp;utm_campaign=loading\" data-instgrm-version=\"14\">\n<p>\u00a0<\/p>\n<p>Ver essa foto no Instagram<\/p>\n<p>\u00a0<\/p>\n<p style=\"color: #c9c8cd; font-family: Arial,sans-serif; font-size: 14px; line-height: 17px; margin-bottom: 0; margin-top: 8px; overflow: hidden; padding: 8px 0 7px; text-align: center; text-overflow: ellipsis; white-space: nowrap;\"><a style=\"color: #c9c8cd; font-family: Arial,sans-serif; font-size: 14px; font-style: normal; font-weight: normal; line-height: 17px; text-decoration: none;\" href=\"https:\/\/www.instagram.com\/reel\/C01aBVNL1dF\/?utm_source=ig_embed&amp;utm_campaign=loading\" target=\"_blank\" rel=\"noopener\">Uma publica\u00e7\u00e3o compartilhada por \ud835\ude41\ud835\ude50\ud835\ude53\ud835\ude44\ud835\ude3e\ud835\ude4a \ud835\ude42\ud835\ude4a\ud835\ude4e\ud835\ude4b\ud835\ude40\ud835\ude47 \ud835\ude4a\ud835\ude41\ud835\ude44\ud835\ude3e\ud835\ude44\ud835\ude3c\ud835\ude47 (@fuxicogospel.oficial)<\/a><\/p>\n<\/blockquote>\n<p>A morte de Pedro Henrique ocorreu na noite de quarta, dia 13 de dezembro, durante um show em Feira de Santana, na Bahia. Ele passou mal no palco e, apesar dos esfor\u00e7os de socorro, n\u00e3o resistiu. A suspeita \u00e9 que ele tenha sofrido um infarto, mas a causa oficial ainda n\u00e3o foi divulgada.<\/p>\n<p>A vi\u00fava do cantor, Suilan Barreto, tamb\u00e9m expressou sua dor nas redes sociais, descrevendo o vazio deixado pela aus\u00eancia de Pedro. Suas palavras refletem o amor e a saudade, ressaltando a dor de perder algu\u00e9m t\u00e3o amado t\u00e3o cedo.<\/p>\n<\/div>\n<p><script async src=\"\/\/www.instagram.com\/embed.js\"><\/script><br \/>\n<br \/><br \/>\n<br \/><a href=\"https:\/\/fnmais.com\/dias-antes-morrer-pedro-henrique-deixou-recado-preocupante-em-video-assista\/\">Source link <\/a><\/p>\n<!-- CONTENT END 1 -->\n","protected":false},"excerpt":{"rendered":"<p>Dias antes de sua partida inesperada, o cantor gospel Pedro Henrique, de 30 anos, compartilhou um v\u00eddeo nas redes sociais que agora ressoa com uma&#8230;<\/p>\n","protected":false},"author":1,"featured_media":16478,"comment_status":"open","ping_status":"open","sticky":false,"template":"","format":"standard","meta":{"advanced_seo_description":"","jetpack_seo_html_title":"","jetpack_seo_noindex":false,"jetpack_post_was_ever_published":false,"_jetpack_newsletter_access":"","_jetpack_dont_email_post_to_subs":false,"_jetpack_newsletter_tier_id":0,"_jetpack_memberships_contains_paywalled_content":false,"_jetpack_memberships_contains_paid_content":false,"footnotes":"","jetpack_publicize_message":"","jetpack_publicize_feature_enabled":true,"jetpack_social_post_already_shared":true,"jetpack_social_options":{"image_generator_settings":{"template":"highway","default_image_id":0,"font":"","enabled":false},"version":2}},"categories":[1],"tags":[],"class_list":["post-16477","post","type-post","status-publish","format-standard","has-post-thumbnail","hentry","category-blog"],"jetpack_publicize_connections":[],"jetpack_featured_media_url":"https:\/\/i0.wp.com\/noticiasribeiraopreto.com.br\/wp-content\/uploads\/2023\/12\/postimg-657cb0a19b98d3679.jpg?fit=1200%2C628&ssl=1","jetpack-related-posts":[{"id":16076,"url":"https:\/\/noticiasribeiraopreto.com.br\/index.php\/2023\/12\/14\/ultimo-video-do-cantor-pedro-henrique-gravado-pouco-antes-dele-falecer-e-exposto-ele-apareceu-sorridente\/","url_meta":{"origin":16477,"position":0},"title":"\u00daltimo v\u00eddeo do cantor Pedro Henrique, gravado pouco antes dele falecer, \u00e9 exposto; ele apareceu sorridente","author":"noticiasribeiraopreto.com.br","date":"14 de December de 2023","format":false,"excerpt":"A not\u00edcia do falecimento do cantor gospel Pedro Henrique, aos 30 anos, na \u00faltima quinta-feira, dia 14 de dezembro, chocou seus f\u00e3s e seguidores. Seu \u00faltimo registro nas redes sociais foi um v\u00eddeo descontra\u00eddo ao lado de amigos, pouco antes do tr\u00e1gico evento.Pedro, que havia viajado com sua banda para\u2026","rel":"","context":"In &quot;Blog&quot;","block_context":{"text":"Blog","link":"https:\/\/noticiasribeiraopreto.com.br\/index.php\/category\/blog\/"},"img":{"alt_text":"","src":"https:\/\/i0.wp.com\/noticiasribeiraopreto.com.br\/wp-content\/uploads\/2023\/12\/postimg-657ba519749c68986.jpg?fit=1200%2C628&ssl=1&resize=350%2C200","width":350,"height":200,"srcset":"https:\/\/i0.wp.com\/noticiasribeiraopreto.com.br\/wp-content\/uploads\/2023\/12\/postimg-657ba519749c68986.jpg?fit=1200%2C628&ssl=1&resize=350%2C200 1x, https:\/\/i0.wp.com\/noticiasribeiraopreto.com.br\/wp-content\/uploads\/2023\/12\/postimg-657ba519749c68986.jpg?fit=1200%2C628&ssl=1&resize=525%2C300 1.5x, https:\/\/i0.wp.com\/noticiasribeiraopreto.com.br\/wp-content\/uploads\/2023\/12\/postimg-657ba519749c68986.jpg?fit=1200%2C628&ssl=1&resize=700%2C400 2x, https:\/\/i0.wp.com\/noticiasribeiraopreto.com.br\/wp-content\/uploads\/2023\/12\/postimg-657ba519749c68986.jpg?fit=1200%2C628&ssl=1&resize=1050%2C600 3x"},"classes":[]},{"id":16777,"url":"https:\/\/noticiasribeiraopreto.com.br\/index.php\/2023\/12\/16\/velorio-do-cantor-gospel-pedro-henrique-que-faleceu-durante-show-e-marcado-por-grande-comocao-fotos-e-videos\/","url_meta":{"origin":16477,"position":1},"title":"Vel\u00f3rio do cantor gospel Pedro Henrique que faleceu durante show \u00e9 marcado por grande como\u00e7\u00e3o; fotos e v\u00eddeos","author":"noticiasribeiraopreto.com.br","date":"16 de December de 2023","format":false,"excerpt":"Um famoso cantor gospel perdeu sua vida enquanto estava se apresentando durante um show, na regi\u00e3o de Feira de Santana, na Bahia. Ele n\u00e3o resistiu enquanto estava no palco e um v\u00eddeo do momento chegou a viralizar nas redes sociais.Agora, com sua morte anunciada, muitos est\u00e3o lamentando sua partida, e\u2026","rel":"","context":"In &quot;Blog&quot;","block_context":{"text":"Blog","link":"https:\/\/noticiasribeiraopreto.com.br\/index.php\/category\/blog\/"},"img":{"alt_text":"","src":"https:\/\/i0.wp.com\/noticiasribeiraopreto.com.br\/wp-content\/uploads\/2023\/12\/postimg-657dc1fd2c9a99084.jpg?fit=1200%2C628&ssl=1&resize=350%2C200","width":350,"height":200,"srcset":"https:\/\/i0.wp.com\/noticiasribeiraopreto.com.br\/wp-content\/uploads\/2023\/12\/postimg-657dc1fd2c9a99084.jpg?fit=1200%2C628&ssl=1&resize=350%2C200 1x, https:\/\/i0.wp.com\/noticiasribeiraopreto.com.br\/wp-content\/uploads\/2023\/12\/postimg-657dc1fd2c9a99084.jpg?fit=1200%2C628&ssl=1&resize=525%2C300 1.5x, https:\/\/i0.wp.com\/noticiasribeiraopreto.com.br\/wp-content\/uploads\/2023\/12\/postimg-657dc1fd2c9a99084.jpg?fit=1200%2C628&ssl=1&resize=700%2C400 2x, https:\/\/i0.wp.com\/noticiasribeiraopreto.com.br\/wp-content\/uploads\/2023\/12\/postimg-657dc1fd2c9a99084.jpg?fit=1200%2C628&ssl=1&resize=1050%2C600 3x"},"classes":[]},{"id":16140,"url":"https:\/\/noticiasribeiraopreto.com.br\/index.php\/2023\/12\/15\/aos-prantos-missionaria-expoe-como-foram-os-ultimos-minutos-de-vida-do-cantor-pedro-henrique-que-faleceu-em-cima-do-palco-videos-viralizam\/","url_meta":{"origin":16477,"position":2},"title":"Aos prantos, mission\u00e1ria exp\u00f5e como foram os \u00faltimos minutos de vida do cantor Pedro Henrique que faleceu em cima do palco \u2013 V\u00eddeos viralizam","author":"noticiasribeiraopreto.com.br","date":"15 de December de 2023","format":false,"excerpt":"O tr\u00e1gico incidente que resultou na morte do cantor gospel Pedro Henrique aconteceu diante de uma plateia numerosa em um culto evang\u00e9lico, na cidade de Feira de Santana, localizada no interior do estado da Bahia na noite da \u00faltima quarta-feira (13).Entre as pessoas que testemunharam o ocorrido estava a mission\u00e1ria\u2026","rel":"","context":"In &quot;Blog&quot;","block_context":{"text":"Blog","link":"https:\/\/noticiasribeiraopreto.com.br\/index.php\/category\/blog\/"},"img":{"alt_text":"","src":"https:\/\/i0.wp.com\/noticiasribeiraopreto.com.br\/wp-content\/uploads\/2023\/12\/postimg-657bce98228a39722.jpg?fit=1200%2C628&ssl=1&resize=350%2C200","width":350,"height":200,"srcset":"https:\/\/i0.wp.com\/noticiasribeiraopreto.com.br\/wp-content\/uploads\/2023\/12\/postimg-657bce98228a39722.jpg?fit=1200%2C628&ssl=1&resize=350%2C200 1x, https:\/\/i0.wp.com\/noticiasribeiraopreto.com.br\/wp-content\/uploads\/2023\/12\/postimg-657bce98228a39722.jpg?fit=1200%2C628&ssl=1&resize=525%2C300 1.5x, https:\/\/i0.wp.com\/noticiasribeiraopreto.com.br\/wp-content\/uploads\/2023\/12\/postimg-657bce98228a39722.jpg?fit=1200%2C628&ssl=1&resize=700%2C400 2x, https:\/\/i0.wp.com\/noticiasribeiraopreto.com.br\/wp-content\/uploads\/2023\/12\/postimg-657bce98228a39722.jpg?fit=1200%2C628&ssl=1&resize=1050%2C600 3x"},"classes":[]},{"id":21266,"url":"https:\/\/noticiasribeiraopreto.com.br\/index.php\/2023\/12\/27\/saiba-o-que-e-exaustao-termica-causa-da-morte-de-fa-de-taylor-swift-no-rio-de-janeiro\/","url_meta":{"origin":16477,"position":3},"title":"Saiba o que \u00e9 exaust\u00e3o t\u00e9rmica; causa da morte de f\u00e3 de Taylor Swift no Rio de Janeiro","author":"noticiasribeiraopreto.com.br","date":"27 de December de 2023","format":false,"excerpt":"O Rio de Janeiro \u00e9 um dos estados que mais bate record de temperaturas na casa dos 40\u00ba C. Ainda este ano, uma forte onda de calor invadiu a \u2018cidade maravilhosa sendo respons\u00e1vel por altas sensa\u00e7\u00f5es t\u00e9rmicas.No dia 17 de dezembro, o show da cantora Taylor Swift no Rio de\u2026","rel":"","context":"In &quot;Blog&quot;","block_context":{"text":"Blog","link":"https:\/\/noticiasribeiraopreto.com.br\/index.php\/category\/blog\/"},"img":{"alt_text":"","src":"https:\/\/i0.wp.com\/noticiasribeiraopreto.com.br\/wp-content\/uploads\/2023\/12\/postimg-658c417e4ae3d7132.jpg?fit=1200%2C628&ssl=1&resize=350%2C200","width":350,"height":200,"srcset":"https:\/\/i0.wp.com\/noticiasribeiraopreto.com.br\/wp-content\/uploads\/2023\/12\/postimg-658c417e4ae3d7132.jpg?fit=1200%2C628&ssl=1&resize=350%2C200 1x, https:\/\/i0.wp.com\/noticiasribeiraopreto.com.br\/wp-content\/uploads\/2023\/12\/postimg-658c417e4ae3d7132.jpg?fit=1200%2C628&ssl=1&resize=525%2C300 1.5x, https:\/\/i0.wp.com\/noticiasribeiraopreto.com.br\/wp-content\/uploads\/2023\/12\/postimg-658c417e4ae3d7132.jpg?fit=1200%2C628&ssl=1&resize=700%2C400 2x, https:\/\/i0.wp.com\/noticiasribeiraopreto.com.br\/wp-content\/uploads\/2023\/12\/postimg-658c417e4ae3d7132.jpg?fit=1200%2C628&ssl=1&resize=1050%2C600 3x"},"classes":[]},{"id":65227,"url":"https:\/\/noticiasribeiraopreto.com.br\/index.php\/2025\/03\/17\/hospital-nao-vai-mais-divulgar-boletins-sobre-estado-de-saude-de-pedro-severino\/","url_meta":{"origin":16477,"position":4},"title":"Hospital n\u00e3o vai mais divulgar boletins sobre estado de sa\u00fade de Pedro Severino","author":"noticiasribeiraopreto.com.br","date":"17 de March de 2025","format":false,"excerpt":"Na tarde desta segunda-feira (17), o Hospital Unimed anunciou que n\u00e3o ir\u00e1 mais divulgar boletins m\u00e9dicos sobre o estado de sa\u00fade do jogador Pedro Severino, de 19 anos. A decis\u00e3o foi tomada para atender a um pedido da fam\u00edlia do atleta. Na \u00faltima sexta-feira, foi divulgado o \u00faltimo boletim m\u00e9dico\u2026","rel":"","context":"In &quot;Not\u00edcias de Ribeir\u00e3o Preto-SP e Regi\u00e3o&quot;","block_context":{"text":"Not\u00edcias de Ribeir\u00e3o Preto-SP e Regi\u00e3o","link":"https:\/\/noticiasribeiraopreto.com.br\/index.php\/category\/noticias-de-ribeirao-preto-sp-e-regiao-ismael-colosi\/"},"img":{"alt_text":"","src":"https:\/\/i0.wp.com\/noticiasribeiraopreto.com.br\/wp-content\/uploads\/2025\/03\/Copia-de-Copia-de-Copia-de-TAMANHO-EXATO-PARA-FOTOS-NO-SISTEMA-NOVO-2025-03-07T122327.849_2025-03-07_15-23-33_png_2025-03-07_15-23-33.webp.webp?fit=1200%2C675&ssl=1&resize=350%2C200","width":350,"height":200,"srcset":"https:\/\/i0.wp.com\/noticiasribeiraopreto.com.br\/wp-content\/uploads\/2025\/03\/Copia-de-Copia-de-Copia-de-TAMANHO-EXATO-PARA-FOTOS-NO-SISTEMA-NOVO-2025-03-07T122327.849_2025-03-07_15-23-33_png_2025-03-07_15-23-33.webp.webp?fit=1200%2C675&ssl=1&resize=350%2C200 1x, https:\/\/i0.wp.com\/noticiasribeiraopreto.com.br\/wp-content\/uploads\/2025\/03\/Copia-de-Copia-de-Copia-de-TAMANHO-EXATO-PARA-FOTOS-NO-SISTEMA-NOVO-2025-03-07T122327.849_2025-03-07_15-23-33_png_2025-03-07_15-23-33.webp.webp?fit=1200%2C675&ssl=1&resize=525%2C300 1.5x, https:\/\/i0.wp.com\/noticiasribeiraopreto.com.br\/wp-content\/uploads\/2025\/03\/Copia-de-Copia-de-Copia-de-TAMANHO-EXATO-PARA-FOTOS-NO-SISTEMA-NOVO-2025-03-07T122327.849_2025-03-07_15-23-33_png_2025-03-07_15-23-33.webp.webp?fit=1200%2C675&ssl=1&resize=700%2C400 2x, https:\/\/i0.wp.com\/noticiasribeiraopreto.com.br\/wp-content\/uploads\/2025\/03\/Copia-de-Copia-de-Copia-de-TAMANHO-EXATO-PARA-FOTOS-NO-SISTEMA-NOVO-2025-03-07T122327.849_2025-03-07_15-23-33_png_2025-03-07_15-23-33.webp.webp?fit=1200%2C675&ssl=1&resize=1050%2C600 3x"},"classes":[]},{"id":70232,"url":"https:\/\/noticiasribeiraopreto.com.br\/index.php\/2025\/05\/23\/jogador-pedro-severino-tem-recuperacao-expressiva-e-caminha-pelo-quarto-diz-hospital\/","url_meta":{"origin":16477,"position":5},"title":"Jogador Pedro Severino tem &#8216;recupera\u00e7\u00e3o expressiva&#8217; e caminha pelo quarto, diz hospital","author":"noticiasribeiraopreto.com.br","date":"23 de May de 2025","format":false,"excerpt":"O jogador Pedro Henrique Severino, de 19 anos, caminha pelo quarto, ouve e responde aos chamados por meio de gestos e por comunica\u00e7\u00e3o falada, segundo o boletim m\u00e9dico do Hospital da Unimed em Ribeir\u00e3o Preto, divulgado nesta sexta-feira (23). O jovem foi v\u00edtima de um grave acidente de tr\u00e2nsito em\u2026","rel":"","context":"In &quot;Not\u00edcias de Ribeir\u00e3o Preto-SP e Regi\u00e3o&quot;","block_context":{"text":"Not\u00edcias de Ribeir\u00e3o Preto-SP e Regi\u00e3o","link":"https:\/\/noticiasribeiraopreto.com.br\/index.php\/category\/noticias-de-ribeirao-preto-sp-e-regiao-ismael-colosi\/"},"img":{"alt_text":"","src":"https:\/\/i0.wp.com\/noticiasribeiraopreto.com.br\/wp-content\/uploads\/2025\/03\/Molde-Midiass-8_2025-03-04_17-03-50_jpg_2025-03-04_17-03-50.webp.webp?fit=960%2C539&ssl=1&resize=350%2C200","width":350,"height":200,"srcset":"https:\/\/i0.wp.com\/noticiasribeiraopreto.com.br\/wp-content\/uploads\/2025\/03\/Molde-Midiass-8_2025-03-04_17-03-50_jpg_2025-03-04_17-03-50.webp.webp?fit=960%2C539&ssl=1&resize=350%2C200 1x, https:\/\/i0.wp.com\/noticiasribeiraopreto.com.br\/wp-content\/uploads\/2025\/03\/Molde-Midiass-8_2025-03-04_17-03-50_jpg_2025-03-04_17-03-50.webp.webp?fit=960%2C539&ssl=1&resize=525%2C300 1.5x, https:\/\/i0.wp.com\/noticiasribeiraopreto.com.br\/wp-content\/uploads\/2025\/03\/Molde-Midiass-8_2025-03-04_17-03-50_jpg_2025-03-04_17-03-50.webp.webp?fit=960%2C539&ssl=1&resize=700%2C400 2x"},"classes":[]}],"jetpack_sharing_enabled":true,"jetpack_shortlink":"https:\/\/wp.me\/peQAOb-4hL","_links":{"self":[{"href":"https:\/\/noticiasribeiraopreto.com.br\/index.php\/wp-json\/wp\/v2\/posts\/16477","targetHints":{"allow":["GET"]}}],"collection":[{"href":"https:\/\/noticiasribeiraopreto.com.br\/index.php\/wp-json\/wp\/v2\/posts"}],"about":[{"href":"https:\/\/noticiasribeiraopreto.com.br\/index.php\/wp-json\/wp\/v2\/types\/post"}],"author":[{"embeddable":true,"href":"https:\/\/noticiasribeiraopreto.com.br\/index.php\/wp-json\/wp\/v2\/users\/1"}],"replies":[{"embeddable":true,"href":"https:\/\/noticiasribeiraopreto.com.br\/index.php\/wp-json\/wp\/v2\/comments?post=16477"}],"version-history":[{"count":0,"href":"https:\/\/noticiasribeiraopreto.com.br\/index.php\/wp-json\/wp\/v2\/posts\/16477\/revisions"}],"wp:featuredmedia":[{"embeddable":true,"href":"https:\/\/noticiasribeiraopreto.com.br\/index.php\/wp-json\/wp\/v2\/media\/16478"}],"wp:attachment":[{"href":"https:\/\/noticiasribeiraopreto.com.br\/index.php\/wp-json\/wp\/v2\/media?parent=16477"}],"wp:term":[{"taxonomy":"category","embeddable":true,"href":"https:\/\/noticiasribeiraopreto.com.br\/index.php\/wp-json\/wp\/v2\/categories?post=16477"},{"taxonomy":"post_tag","embeddable":true,"href":"https:\/\/noticiasribeiraopreto.com.br\/index.php\/wp-json\/wp\/v2\/tags?post=16477"}],"curies":[{"name":"wp","href":"https:\/\/api.w.org\/{rel}","templated":true}]}}