{"id":16558,"date":"2023-12-15T20:36:08","date_gmt":"2023-12-15T23:36:08","guid":{"rendered":"https:\/\/noticiasribeiraopreto.com.br\/index.php\/2023\/12\/15\/quem-e-maior-que-a-apple-apenas-6-paises-no-mundo-superam-a-fabricante-do-iphone-e-o-brasil-nao-e-um-deles\/"},"modified":"2023-12-15T20:36:08","modified_gmt":"2023-12-15T23:36:08","slug":"quem-e-maior-que-a-apple-apenas-6-paises-no-mundo-superam-a-fabricante-do-iphone-e-o-brasil-nao-e-um-deles","status":"publish","type":"post","link":"https:\/\/noticiasribeiraopreto.com.br\/index.php\/2023\/12\/15\/quem-e-maior-que-a-apple-apenas-6-paises-no-mundo-superam-a-fabricante-do-iphone-e-o-brasil-nao-e-um-deles\/","title":{"rendered":"Quem \u00e9 maior que a Apple? Apenas 6 pa\u00edses no mundo superam a fabricante do iPhone \u2014 e o Brasil n\u00e3o \u00e9 um deles"},"content":{"rendered":"<div class='code-block code-block-1' style='margin: 8px 0 8px auto; text-align: right; display: block; clear: both;'>\n<p><a href=\"https:\/\/wa.link\/vpicfd\"><img data-recalc-dims=\"1\" class=\"wp-image-4922\" style=\"aspect-ratio: 2.0253164556962027; width: 561px; height: auto;\" src=\"https:\/\/i0.wp.com\/ismaelcolosi.com.br\/wp-content\/uploads\/2023\/11\/grupo-de-empregos-whatsapp-e-facebook-ismael-colosi-vagas.jpg?ssl=1\" alt=\"\" \/><\/a><\/p>\n<!-- \/wp:image -->\n<\/div>\n<p> <br \/>\n<\/p>\n<div id=\"js-first-letter\">\n<p>As <strong>a\u00e7\u00f5es <\/strong>da <strong>Apple <\/strong>atingiram novas m\u00e1ximas nesta semana, elevando o valor de mercado da fabricante de <strong>iPhones <\/strong>para mais de US$ 3 trilh\u00f5es.<\/p>\n<p>Na sexta-feira (15), as a\u00e7\u00f5es da Apple ca\u00edram 0,27%, cotadas a US$ 197,57 em Nova York \u2014 um valor que avalia a empresa em US$ 3,073 trilh\u00f5es \u2014 acima do Produto Interno Bruto (PIB) de todas as maiores economias do mundo, exceto seis.<\/p>\n<p>De acordo com dados do PIB de 2022 do Banco Mundial, as economias maiores do que a capitaliza\u00e7\u00e3o de mercado da fabricante do iPhone s\u00e3o:<\/p>\n<ul>\n<li>EUA: US$ 25,5 trilh\u00f5es<\/li>\n<li>China: US$ 18 trilh\u00f5es<\/li>\n<li>Jap\u00e3o: US$ 4,2 trilh\u00f5es<\/li>\n<li>Alemanha: US$ 4,07 trilh\u00f5es<\/li>\n<li>\u00cdndia: US$ 3,4 trilh\u00f5es<\/li>\n<li>Reino Unido: US$ 3,07 trilh\u00f5es<\/li>\n<\/ul>\n<p>A Fran\u00e7a, a s\u00e9tima maior economia, tem um PIB de cerca de US$ 2,78 trilh\u00f5es, e a R\u00fassia, na oitava posi\u00e7\u00e3o, tem uma economia avaliada em US$ 2,24 trilh\u00f5es.<\/p>\n<div class=\"banner banner-inArticle banner-inArticle--mobile\">\n<div class=\"banner-side\">\n<p class=\"borderAD\" style=\"display: none;\">CONTINUA DEPOIS DA PUBLICIDADE<\/p>\n<\/div>\n<\/div>\n<div class=\"banner banner-inArticle banner-inArticle--desktop\">\n<div class=\"banner-side\">\n<p class=\"borderAD\" style=\"display: none;\">CONTINUA DEPOIS DA PUBLICIDADE<\/p>\n<\/div>\n<\/div>\n<h3 class=\"wp-block-heading\" id=\"h-a-dinheirista-vendi-meu-vale-alimentacao-e-agora-estou-sendo-ameacada\"><a href=\"https:\/\/www.youtube.com\/watch?v=plZodys_sF0&amp;feature=youtu.be\" target=\"_blank\" rel=\"noreferrer noopener\">A DINHEIRISTA<\/a> &#8211; VENDI MEU VALE-ALIMENTA\u00c7\u00c3O E AGORA ESTOU SENDO AMEA\u00c7ADA!<\/h3>\n<figure class=\"wp-block-embed is-type-video is-provider-youtube wp-block-embed-youtube wp-embed-aspect-16-9 wp-has-aspect-ratio\">\n<p>\n<iframe loading=\"lazy\" title=\"VENDI MEU VALE-ALIMENTA\u00c7\u00c3O E AGORA ESTOU SENDO AMEA\u00c7ADA! I A DINHEIRISTA\" width=\"500\" height=\"281\" src=\"https:\/\/www.youtube.com\/embed\/plZodys_sF0?feature=oembed\" frameborder=\"0\" allow=\"accelerometer; autoplay; clipboard-write; encrypted-media; gyroscope; picture-in-picture; web-share\" referrerpolicy=\"strict-origin-when-cross-origin\" allowfullscreen><\/iframe>\n<\/p>\n<\/figure>\n<h2 class=\"wp-block-heading\" id=\"h-a-fabricante-do-iphone-e-maior-que-a-bolsa\"><strong>A fabricante do iPhone \u00e9 maior que a bolsa?<\/strong><\/h2>\n<p>O valor de mercado da Apple n\u00e3o \u00e9 maior apenas do que quase todas as economias do mundo \u2014 a fabricante do iPhone tamb\u00e9m encosta no valor de mercado de uma grande bolsa de valores.<\/p>\n<p>Todo o mercado de a\u00e7\u00f5es de Paris gira em torno de US$ 3,2 trilh\u00f5es e \u00e9 impulsionado por empresas como as fabricantes de bens de luxo LVMH e Hermes, segundo a Bloomberg.<\/p>\n<p>As a\u00e7\u00f5es da Apple subiram 55% at\u00e9 agora este ano, mas foi apenas neste m\u00eas que recuperaram os US$ 3 trilh\u00f5es.<\/p>\n<p>Um dos motores para a alta das a\u00e7\u00f5es nos \u00faltimos dias foi a reuni\u00e3o de quarta-feira (13) do Federal Reserve (Fed, o banco central dos EUA), que sinalizou potenciais tr\u00eas cortes de juros em 2024.\u00a0<\/p>\n<p>A Apple est\u00e1 agora no caminho para terminar o ano como a empresa mais valiosa do mundo pela quinta vez consecutiva e est\u00e1 a superar o S&amp;P 500, bem como outros \u00edndices de refer\u00eancia importantes.<\/p>\n<p><em>*Com informa\u00e7\u00f5es do Markets Insider<\/em><\/p>\n<\/div>\n<p><br \/>\n<br \/><a href=\"https:\/\/www.seudinheiro.com\/2023\/empresas\/quem-e-maior-que-a-apple-apenas-6-paises-no-mundo-superam-a-fabricante-do-iphone-e-o-brasil-nao-e-um-deles-ccgg\/\">Source link <\/a><\/p>\n<!-- CONTENT END 1 -->\n","protected":false},"excerpt":{"rendered":"<p>As a\u00e7\u00f5es da Apple atingiram novas m\u00e1ximas nesta semana, elevando o valor de mercado da fabricante de iPhones para mais de US$ 3 trilh\u00f5es. Na&#8230;<\/p>\n","protected":false},"author":1,"featured_media":16559,"comment_status":"open","ping_status":"open","sticky":false,"template":"","format":"standard","meta":{"advanced_seo_description":"","jetpack_seo_html_title":"","jetpack_seo_noindex":false,"jetpack_post_was_ever_published":false,"_jetpack_newsletter_access":"","_jetpack_dont_email_post_to_subs":false,"_jetpack_newsletter_tier_id":0,"_jetpack_memberships_contains_paywalled_content":false,"_jetpack_memberships_contains_paid_content":false,"footnotes":"","jetpack_publicize_message":"","jetpack_publicize_feature_enabled":true,"jetpack_social_post_already_shared":true,"jetpack_social_options":{"image_generator_settings":{"template":"highway","default_image_id":0,"font":"","enabled":false},"version":2}},"categories":[1235],"tags":[],"class_list":["post-16558","post","type-post","status-publish","format-standard","has-post-thumbnail","hentry","category-dinheiro-e-investimento-como-fazer-como-ganhar"],"jetpack_publicize_connections":[],"jetpack_featured_media_url":"https:\/\/i0.wp.com\/noticiasribeiraopreto.com.br\/wp-content\/uploads\/2023\/12\/shutterstock_250627207-628x353.jpg?fit=628%2C353&ssl=1","jetpack-related-posts":[{"id":32262,"url":"https:\/\/noticiasribeiraopreto.com.br\/index.php\/2024\/01\/24\/o-segredo-da-microsoft-para-entrar-o-seleto-grupo-dos-trilhoes\/","url_meta":{"origin":16558,"position":0},"title":"O segredo da Microsoft para entrar o seleto grupo dos trilh\u00f5es","author":"noticiasribeiraopreto.com.br","date":"24 de January de 2024","format":false,"excerpt":"O valor de mercado da Microsoft (MSFT34) ultrapassou os US$ 3 trilh\u00f5es durante as negocia\u00e7\u00f5es em Nova York nesta quarta-feira (25), depois que as a\u00e7\u00f5es subiram mais de 1% e atingiram cerca de US$ 404. O marco ocorre quase duas semanas depois que a Microsoft fez a Apple (AAPL34) comer\u2026","rel":"","context":"In &quot;Dinheiro e Investimento&quot;","block_context":{"text":"Dinheiro e Investimento","link":"https:\/\/noticiasribeiraopreto.com.br\/index.php\/category\/dinheiro-e-investimento-como-fazer-como-ganhar\/"},"img":{"alt_text":"","src":"https:\/\/i0.wp.com\/noticiasribeiraopreto.com.br\/wp-content\/uploads\/2024\/01\/1706122420_sd-microsoft-msft34-acao-internacional-bdr-inteligencia-artificial-copilot-715x402.jpg?fit=715%2C402&ssl=1&resize=350%2C200","width":350,"height":200,"srcset":"https:\/\/i0.wp.com\/noticiasribeiraopreto.com.br\/wp-content\/uploads\/2024\/01\/1706122420_sd-microsoft-msft34-acao-internacional-bdr-inteligencia-artificial-copilot-715x402.jpg?fit=715%2C402&ssl=1&resize=350%2C200 1x, https:\/\/i0.wp.com\/noticiasribeiraopreto.com.br\/wp-content\/uploads\/2024\/01\/1706122420_sd-microsoft-msft34-acao-internacional-bdr-inteligencia-artificial-copilot-715x402.jpg?fit=715%2C402&ssl=1&resize=525%2C300 1.5x, https:\/\/i0.wp.com\/noticiasribeiraopreto.com.br\/wp-content\/uploads\/2024\/01\/1706122420_sd-microsoft-msft34-acao-internacional-bdr-inteligencia-artificial-copilot-715x402.jpg?fit=715%2C402&ssl=1&resize=700%2C400 2x"},"classes":[]},{"id":31187,"url":"https:\/\/noticiasribeiraopreto.com.br\/index.php\/2024\/01\/21\/10-maiores-economias-do-mundo-em-2023-lista-10\/","url_meta":{"origin":16558,"position":1},"title":"10 maiores economias do mundo em 2023 \u2013 Lista 10","author":"noticiasribeiraopreto.com.br","date":"21 de January de 2024","format":false,"excerpt":"O Brasil est\u00e1 na lista. Os dados s\u00e3o do relat\u00f3rios mais recentes do World Economic Outlook (Perspectiva Econ\u00f4mica Mundial, na tradu\u00e7\u00e3o), tendo como base a proje\u00e7\u00e3o feita pelo Fundo Monet\u00e1rio Internacional (FMI). Confira agora 10 maiores economias do mundo em 2023.10. Canad\u00e1 \u2013 US$ 2,12 trilh\u00f5es9. Brasil \u2013 US$ 2,13\u2026","rel":"","context":"In &quot;Blog&quot;","block_context":{"text":"Blog","link":"https:\/\/noticiasribeiraopreto.com.br\/index.php\/category\/blog\/"},"img":{"alt_text":"","src":"https:\/\/i0.wp.com\/noticiasribeiraopreto.com.br\/wp-content\/uploads\/2024\/01\/fmi.jpg?fit=870%2C500&ssl=1&resize=350%2C200","width":350,"height":200,"srcset":"https:\/\/i0.wp.com\/noticiasribeiraopreto.com.br\/wp-content\/uploads\/2024\/01\/fmi.jpg?fit=870%2C500&ssl=1&resize=350%2C200 1x, https:\/\/i0.wp.com\/noticiasribeiraopreto.com.br\/wp-content\/uploads\/2024\/01\/fmi.jpg?fit=870%2C500&ssl=1&resize=525%2C300 1.5x, https:\/\/i0.wp.com\/noticiasribeiraopreto.com.br\/wp-content\/uploads\/2024\/01\/fmi.jpg?fit=870%2C500&ssl=1&resize=700%2C400 2x"},"classes":[]},{"id":21520,"url":"https:\/\/noticiasribeiraopreto.com.br\/index.php\/2023\/12\/27\/divida-publica-federal-aumenta-em-novembro-e-alcanca-r-6325-trilhoes-veja-detalhes\/","url_meta":{"origin":16558,"position":2},"title":"D\u00edvida P\u00fablica Federal aumenta em novembro e alcan\u00e7a R$ 6,325 trilh\u00f5es; Veja detalhes","author":"noticiasribeiraopreto.com.br","date":"27 de December de 2023","format":false,"excerpt":"A D\u00edvida P\u00fablica Federal (DPF) do Brasil registrou um aumento de 2,48% no m\u00eas de novembro, revelou o Tesouro Nacional em comunicado divulgado nesta quarta-feira (27). O montante total dos d\u00e9bitos governamentais, que inclui compromissos nacionais e internacionais, subiu de R$ 6,172 trilh\u00f5es em outubro para R$ 6,325 trilh\u00f5es em\u2026","rel":"","context":"In &quot;Vagas de Emprego em Ribeir\u00e3o Preto-SP&quot;","block_context":{"text":"Vagas de Emprego em Ribeir\u00e3o Preto-SP","link":"https:\/\/noticiasribeiraopreto.com.br\/index.php\/category\/empregos-classificados-vagas-trabalho\/vagas-de-empregos-em-ribeirao-preto-regiao-brasil\/"},"img":{"alt_text":"D\u00edvida P\u00fablica Federal aumenta em novembro e alcan\u00e7a R$ 6,325 trilh\u00f5es; Veja detalhes","src":"https:\/\/i0.wp.com\/noticiasconcursos.com.br\/wp-content\/uploads\/2023\/11\/noticiasconcursos.com.br-stf-sanciona-novas-leis-para-regulamentar-aproveitamento-de-credito-do-icms-1200economia2-300x197.png?resize=350%2C200&ssl=1","width":350,"height":200},"classes":[]},{"id":62247,"url":"https:\/\/noticiasribeiraopreto.com.br\/index.php\/2025\/01\/08\/poupanca-registra-saques-de-r-154-bilhoes-em-2024-veja-os-numeros\/","url_meta":{"origin":16558,"position":3},"title":"Poupan\u00e7a registra saques de R$ 15,4 bilh\u00f5es em 2024; Veja os n\u00fameros","author":"noticiasribeiraopreto.com.br","date":"8 de January de 2025","format":false,"excerpt":"O Banco Central (BC) informou nesta quarta-feira (8) que as retiradas da poupan\u00e7a superaram os dep\u00f3sitos em R$ 15,44 bilh\u00f5es. Os dados constam do relat\u00f3rio de poupan\u00e7a divulgado pelo BC e mostram que, no ano passado, os brasileiros aplicaram na poupan\u00e7a R$ 4,17 trilh\u00f5es e sacaram R$ 4,21 trilh\u00f5es. Esse\u2026","rel":"","context":"In &quot;Not\u00edcias de Ribeir\u00e3o Preto-SP e Regi\u00e3o&quot;","block_context":{"text":"Not\u00edcias de Ribeir\u00e3o Preto-SP e Regi\u00e3o","link":"https:\/\/noticiasribeiraopreto.com.br\/index.php\/category\/noticias-de-ribeirao-preto-sp-e-regiao-ismael-colosi\/"},"img":{"alt_text":"","src":"https:\/\/i0.wp.com\/noticiasribeiraopreto.com.br\/wp-content\/uploads\/2025\/01\/ballots-1195046_1920.jpg?fit=1200%2C800&ssl=1&resize=350%2C200","width":350,"height":200,"srcset":"https:\/\/i0.wp.com\/noticiasribeiraopreto.com.br\/wp-content\/uploads\/2025\/01\/ballots-1195046_1920.jpg?fit=1200%2C800&ssl=1&resize=350%2C200 1x, https:\/\/i0.wp.com\/noticiasribeiraopreto.com.br\/wp-content\/uploads\/2025\/01\/ballots-1195046_1920.jpg?fit=1200%2C800&ssl=1&resize=525%2C300 1.5x, https:\/\/i0.wp.com\/noticiasribeiraopreto.com.br\/wp-content\/uploads\/2025\/01\/ballots-1195046_1920.jpg?fit=1200%2C800&ssl=1&resize=700%2C400 2x, https:\/\/i0.wp.com\/noticiasribeiraopreto.com.br\/wp-content\/uploads\/2025\/01\/ballots-1195046_1920.jpg?fit=1200%2C800&ssl=1&resize=1050%2C600 3x"},"classes":[]},{"id":24568,"url":"https:\/\/noticiasribeiraopreto.com.br\/index.php\/2024\/01\/04\/o-que-acontece-com-a-apple-acoes-caem-pelo-terceiro-dia-e-levam-nasdaq-ao-pior-desempenho-em-tres-meses\/","url_meta":{"origin":16558,"position":4},"title":"O que acontece com a Apple? A\u00e7\u00f5es caem pelo terceiro dia e levam Nasdaq ao pior desempenho em tr\u00eas meses\u00a0","author":"noticiasribeiraopreto.com.br","date":"4 de January de 2024","format":false,"excerpt":"H\u00e1 quem acredite em signos e hor\u00f3scopos. Outros que botam f\u00e9 em cartas e leituras de x\u00edcaras de ch\u00e1. Mas, para o banco brit\u00e2nico Barclays, a cren\u00e7a para o ano de 2024 \u00e9 de um agouro negativo para a Apple. As a\u00e7\u00f5es da fabricante do iPhone registram um raro momento\u2026","rel":"","context":"In &quot;Dinheiro e Investimento&quot;","block_context":{"text":"Dinheiro e Investimento","link":"https:\/\/noticiasribeiraopreto.com.br\/index.php\/category\/dinheiro-e-investimento-como-fazer-como-ganhar\/"},"img":{"alt_text":"","src":"https:\/\/i0.wp.com\/noticiasribeiraopreto.com.br\/wp-content\/uploads\/2024\/01\/Apple-acaba-de-anunciar-que-a-producao-do-iPhone-14-esta-ameacada-entenda-porque-acoes-caem-hoje-1-628x353.png?fit=628%2C353&ssl=1&resize=350%2C200","width":350,"height":200,"srcset":"https:\/\/i0.wp.com\/noticiasribeiraopreto.com.br\/wp-content\/uploads\/2024\/01\/Apple-acaba-de-anunciar-que-a-producao-do-iPhone-14-esta-ameacada-entenda-porque-acoes-caem-hoje-1-628x353.png?fit=628%2C353&ssl=1&resize=350%2C200 1x, https:\/\/i0.wp.com\/noticiasribeiraopreto.com.br\/wp-content\/uploads\/2024\/01\/Apple-acaba-de-anunciar-que-a-producao-do-iPhone-14-esta-ameacada-entenda-porque-acoes-caem-hoje-1-628x353.png?fit=628%2C353&ssl=1&resize=525%2C300 1.5x"},"classes":[]},{"id":65907,"url":"https:\/\/noticiasribeiraopreto.com.br\/index.php\/2025\/03\/25\/jornal-da-franca-negocios-a-vista-abicalcados-lanca-estudo-sobre-mercado-alemao-para-os-calcados\/","url_meta":{"origin":16558,"position":5},"title":"Jornal da Franca &#8211; Neg\u00f3cios \u00e0 vista: Abical\u00e7ados lan\u00e7a estudo sobre mercado alem\u00e3o para os cal\u00e7ados","author":"noticiasribeiraopreto.com.br","date":"25 de March de 2025","format":false,"excerpt":"Alemanha \u00e9 a maior economia da Europa e segundo mercado importador de cal\u00e7ados do mundo Principal economia da Europa, com um Produto Interno Bruto (PIB) de mais de US$ 4,4 trilh\u00f5es, a Alemanha foi alvo de um estudo de mercado para cal\u00e7adistas brasileiros. O Panorama do Cal\u00e7ado \u2013 Alemanha foi\u2026","rel":"","context":"In &quot;Not\u00edcias de Franca-SP&quot;","block_context":{"text":"Not\u00edcias de Franca-SP","link":"https:\/\/noticiasribeiraopreto.com.br\/index.php\/category\/noticias-de-ribeirao-preto-sp-e-regiao-ismael-colosi\/noticias-franca-sp\/"},"img":{"alt_text":"","src":"https:\/\/i0.wp.com\/noticiasribeiraopreto.com.br\/wp-content\/uploads\/2025\/03\/pLENARIO-16.jpg?fit=1200%2C815&ssl=1&resize=350%2C200","width":350,"height":200,"srcset":"https:\/\/i0.wp.com\/noticiasribeiraopreto.com.br\/wp-content\/uploads\/2025\/03\/pLENARIO-16.jpg?fit=1200%2C815&ssl=1&resize=350%2C200 1x, https:\/\/i0.wp.com\/noticiasribeiraopreto.com.br\/wp-content\/uploads\/2025\/03\/pLENARIO-16.jpg?fit=1200%2C815&ssl=1&resize=525%2C300 1.5x, https:\/\/i0.wp.com\/noticiasribeiraopreto.com.br\/wp-content\/uploads\/2025\/03\/pLENARIO-16.jpg?fit=1200%2C815&ssl=1&resize=700%2C400 2x, https:\/\/i0.wp.com\/noticiasribeiraopreto.com.br\/wp-content\/uploads\/2025\/03\/pLENARIO-16.jpg?fit=1200%2C815&ssl=1&resize=1050%2C600 3x"},"classes":[]}],"jetpack_sharing_enabled":true,"jetpack_shortlink":"https:\/\/wp.me\/peQAOb-4j4","_links":{"self":[{"href":"https:\/\/noticiasribeiraopreto.com.br\/index.php\/wp-json\/wp\/v2\/posts\/16558","targetHints":{"allow":["GET"]}}],"collection":[{"href":"https:\/\/noticiasribeiraopreto.com.br\/index.php\/wp-json\/wp\/v2\/posts"}],"about":[{"href":"https:\/\/noticiasribeiraopreto.com.br\/index.php\/wp-json\/wp\/v2\/types\/post"}],"author":[{"embeddable":true,"href":"https:\/\/noticiasribeiraopreto.com.br\/index.php\/wp-json\/wp\/v2\/users\/1"}],"replies":[{"embeddable":true,"href":"https:\/\/noticiasribeiraopreto.com.br\/index.php\/wp-json\/wp\/v2\/comments?post=16558"}],"version-history":[{"count":0,"href":"https:\/\/noticiasribeiraopreto.com.br\/index.php\/wp-json\/wp\/v2\/posts\/16558\/revisions"}],"wp:featuredmedia":[{"embeddable":true,"href":"https:\/\/noticiasribeiraopreto.com.br\/index.php\/wp-json\/wp\/v2\/media\/16559"}],"wp:attachment":[{"href":"https:\/\/noticiasribeiraopreto.com.br\/index.php\/wp-json\/wp\/v2\/media?parent=16558"}],"wp:term":[{"taxonomy":"category","embeddable":true,"href":"https:\/\/noticiasribeiraopreto.com.br\/index.php\/wp-json\/wp\/v2\/categories?post=16558"},{"taxonomy":"post_tag","embeddable":true,"href":"https:\/\/noticiasribeiraopreto.com.br\/index.php\/wp-json\/wp\/v2\/tags?post=16558"}],"curies":[{"name":"wp","href":"https:\/\/api.w.org\/{rel}","templated":true}]}}