{"id":16596,"date":"2023-12-15T22:04:12","date_gmt":"2023-12-16T01:04:12","guid":{"rendered":"https:\/\/noticiasribeiraopreto.com.br\/index.php\/2023\/12\/15\/prestadora-da-usp-nao-paga-13o-dos-funcionarios-e-pede-rescisao-amigavel\/"},"modified":"2023-12-15T22:04:12","modified_gmt":"2023-12-16T01:04:12","slug":"prestadora-da-usp-nao-paga-13o-dos-funcionarios-e-pede-rescisao-amigavel","status":"publish","type":"post","link":"https:\/\/noticiasribeiraopreto.com.br\/index.php\/2023\/12\/15\/prestadora-da-usp-nao-paga-13o-dos-funcionarios-e-pede-rescisao-amigavel\/","title":{"rendered":"Prestadora da USP n\u00e3o paga 13\u00ba dos funcion\u00e1rios e pede rescis\u00e3o amig\u00e1vel"},"content":{"rendered":"<div class='code-block code-block-1' style='margin: 8px 0 8px auto; text-align: right; display: block; clear: both;'>\n<p><a href=\"https:\/\/wa.link\/vpicfd\"><img data-recalc-dims=\"1\" class=\"wp-image-4922\" style=\"aspect-ratio: 2.0253164556962027; width: 561px; height: auto;\" src=\"https:\/\/i0.wp.com\/ismaelcolosi.com.br\/wp-content\/uploads\/2023\/11\/grupo-de-empregos-whatsapp-e-facebook-ismael-colosi-vagas.jpg?ssl=1\" alt=\"\" \/><\/a><\/p>\n<!-- \/wp:image -->\n<\/div>\n<p> <br \/>\n<\/p>\n<div id=\"\">\n<h2 class=\"penci-post-subtitle\">Empresa alegou dificuldades financeiras e n\u00e3o saldou benef\u00edcios de funcion\u00e1rios que prestam servi\u00e7os de fiscaliza\u00e7\u00e3o das portarias de edif\u00edcios no Campus da universidade<\/h2>\n<p> <span class=\"entry-meta-item penci-posted-on\"><i class=\"fa fa-clock-o\"\/><time class=\"entry-date published\" datetime=\"2023-12-15T16:51:46-03:00\">15 de dezembro de 2023 | 16:51<\/time><time class=\"updated\" datetime=\"2023-12-15T16:53:12-03:00\">15 de dezembro de 2023 | 16:53<\/time><\/span><\/p>\n<p> <span class=\"penci-social-buttons penci-social-share-footer\"><a href=\"#\" class=\"penci-post-like penci_post-meta_item  single-like-button penci-social-item like\" data-post_id=\"367467\" title=\"Like\" data-like=\"Like\" data-unlike=\"Unlike\"><i class=\"fa fa-thumbs-o-up\"\/><span class=\"penci-share-number\">2<\/span><\/a><i class=\"fa fa-facebook\"\/><a class=\"penci-social-item twitter\" target=\"_blank\" rel=\"noopener\" title=\"\" href=\"https:\/\/twitter.com\/intent\/tweet?text=Prestadora%20da%20USP%20n\u00e3o%20paga%2013\u00ba%20dos%20funcion\u00e1rios%20e%20pede%20rescis\u00e3o%20amig\u00e1vel%20-%20https:\/\/www.tribunaribeirao.com.br\/site\/prestadora-da-usp-nao-paga-13o-dos-funcionarios-e-pede-rescisao-amigavel\/\"><i class=\"fa fa-twitter\"\/><\/a><i class=\"fa fa-whatsapp\"\/><\/span><\/div>\n<div>\n<p>Por: Adalberto Luque<\/p>\n<p>Os funcion\u00e1rios de uma empresa terceirizada, que presta servi\u00e7o de portaria em v\u00e1rios edif\u00edcios do Campus da Universidade de S\u00e3o Paulo (USP) em Ribeir\u00e3o Preto, divulgou um comunicado informando que n\u00e3o vai conseguir efetuar o pagamento do 13\u00ba sal\u00e1rio, vale transporte, vale refei\u00e7\u00e3o e demais obriga\u00e7\u00f5es de seus funcion\u00e1rios.<\/p>\n<p>A empresa alegou dificuldades financeiras e que n\u00e3o conseguiu linha de cr\u00e9dito para saldar as verbas salariais dos trabalhadores alocados nos postos. \u201cPara que n\u00e3o haja ainda mais preju\u00edzos para o contratante e colaboradores informamos que n\u00e3o iremos conseguir honrar nossos compromissos adotando para tanto as medidas emergenciais necess\u00e1rias. Diante do exposto, requeremos a rescis\u00e3o amig\u00e1vel do contrato na forma de praxe\u201d, informou em of\u00edcio a Masterserv Servi\u00e7os Avan\u00e7ados Eireli, respons\u00e1vel pela terceiriza\u00e7\u00e3o.<\/p>\n<p>A empresa prop\u00f5e que o cr\u00e9dito das notas de novembro de 2023, ainda n\u00e3o liquidadas, seja repassado diretamente em favor dos funcion\u00e1rios. E encerra pedindo a aplica\u00e7\u00e3o da menor penalidade em desfavor da empresa.<\/p>\n<p>A empresa tem sede em S\u00e3o Paulo e o propriet\u00e1rio, Leone Lafaiete Carlin, informou por e-mail que ele tem total empatia pelo momento vivido por seus colaboradores. \u201cN\u00e3o houve nenhuma rescis\u00e3o de contrato, desta forma esperamos manifesta\u00e7\u00e3o do \u00f3rg\u00e3o quanto aos pedidos. Eu tentei de v\u00e1rias formas manter a regularidade da empresa, contudo meus colaboradores dificultaram muito a continuidade do servi\u00e7o, certo que a lei e pro colaborador, contudo n\u00e3o houve qualquer tipo de negocia\u00e7\u00e3o com esta empresa no sentido de mantermos os postos [sic]\u201d, explicou em e-mail.<\/p>\n<figure id=\"attachment_367469\" aria-describedby=\"caption-attachment-367469\" style=\"width: 968px\" class=\"wp-caption alignnone\"><noscript><img data-recalc-dims=\"1\" loading=\"lazy\" decoding=\"async\" class=\"size-full wp-image-367469\" src=\"https:\/\/i0.wp.com\/www.tribunaribeirao.com.br\/site\/wp-content\/uploads\/2023\/12\/00-15-dez-2023-terceirizada-usp-calote-02-foto-alfredo-risk-scaled.jpg?resize=968%2C645&#038;ssl=1\" alt=\"\" width=\"968\" height=\"645\" srcset=\"https:\/\/www.tribunaribeirao.com.br\/site\/wp-content\/uploads\/2023\/12\/00-15-dez-2023-terceirizada-usp-calote-02-foto-alfredo-risk-scaled.jpg 968w, https:\/\/www.tribunaribeirao.com.br\/site\/wp-content\/uploads\/2023\/12\/00-15-dez-2023-terceirizada-usp-calote-02-foto-alfredo-risk-300x200.jpg 300w, https:\/\/www.tribunaribeirao.com.br\/site\/wp-content\/uploads\/2023\/12\/00-15-dez-2023-terceirizada-usp-calote-02-foto-alfredo-risk-1024x682.jpg 1024w, https:\/\/www.tribunaribeirao.com.br\/site\/wp-content\/uploads\/2023\/12\/00-15-dez-2023-terceirizada-usp-calote-02-foto-alfredo-risk-768x512.jpg 768w, https:\/\/www.tribunaribeirao.com.br\/site\/wp-content\/uploads\/2023\/12\/00-15-dez-2023-terceirizada-usp-calote-02-foto-alfredo-risk-1536x1023.jpg 1536w, https:\/\/www.tribunaribeirao.com.br\/site\/wp-content\/uploads\/2023\/12\/00-15-dez-2023-terceirizada-usp-calote-02-foto-alfredo-risk-480x320.jpg 480w, https:\/\/www.tribunaribeirao.com.br\/site\/wp-content\/uploads\/2023\/12\/00-15-dez-2023-terceirizada-usp-calote-02-foto-alfredo-risk-280x186.jpg 280w, https:\/\/www.tribunaribeirao.com.br\/site\/wp-content\/uploads\/2023\/12\/00-15-dez-2023-terceirizada-usp-calote-02-foto-alfredo-risk-960x640.jpg 960w, https:\/\/www.tribunaribeirao.com.br\/site\/wp-content\/uploads\/2023\/12\/00-15-dez-2023-terceirizada-usp-calote-02-foto-alfredo-risk-600x400.jpg 600w, https:\/\/www.tribunaribeirao.com.br\/site\/wp-content\/uploads\/2023\/12\/00-15-dez-2023-terceirizada-usp-calote-02-foto-alfredo-risk-585x390.jpg 585w\" sizes=\"auto, (max-width: 968px) 100vw, 968px\"\/><\/noscript><figcaption id=\"caption-attachment-367469\" class=\"wp-caption-text\">Campus da USP de Ribeir\u00e3o Preto informou que est\u00e1 tratando do assunto com urg\u00eancia e vai solicitar autoriza\u00e7\u00e3o para pagar funcion\u00e1rios diretamente, por ter quest\u00f5es sociais envolvidas (Foto: Alfredo Risk)<\/figcaption><\/figure>\n<p><span style=\"color: #008000\"><em><strong>Nota oficial<\/strong><\/em><\/span><\/p>\n<p>A assessoria de comunica\u00e7\u00e3o do Campus da USP Ribeir\u00e3o Preto divulgou nota a respeito do problema. Leia na \u00edntegra, a seguir.<\/p>\n<p><em>\u201cNo \u00faltimo dia 14 de dezembro de 2023, a Masterserv Servi\u00e7os Avan\u00e7ados Eireli, empresa respons\u00e1vel pelos servi\u00e7os de controle, opera\u00e7\u00e3o e fiscaliza\u00e7\u00e3o das portarias dos edif\u00edcios localizados no Campus da USP em Ribeir\u00e3o Preto, solicitou \u00e0 Universidade a rescis\u00e3o de seu contrato de presta\u00e7\u00e3o de servi\u00e7os vigente, alegando dificuldades financeiras.\u201d<\/em><\/p>\n<p><em>\u201cAp\u00f3s o recebimento da notifica\u00e7\u00e3o, a Prefeitura do Campus de Ribeir\u00e3o Preto imediatamente deu in\u00edcio aos procedimentos legais necess\u00e1rios para encerrar o contrato e, considerando a relev\u00e2ncia das quest\u00f5es sociais envolvidas nesse processo, solicitar a autoriza\u00e7\u00e3o dos \u00f3rg\u00e3os centrais da Universidade para efetuar o pagamento direto aos funcion\u00e1rios da Masterserv, limitado aos valores referentes \u00e0s faturas pendentes de novembro de 2023, as quais est\u00e3o retidas.\u201d<\/em><\/p>\n<p><em>\u201cNo que se refere aos servi\u00e7os de opera\u00e7\u00e3o e fiscaliza\u00e7\u00e3o das portarias dos edif\u00edcios no Campus local, a Prefeitura busca a melhor e mais r\u00e1pida solu\u00e7\u00e3o na presta\u00e7\u00e3o desses servi\u00e7os, visando a minimiza\u00e7\u00e3o dos transtornos aos usu\u00e1rios, mantendo a qualidade e a efici\u00eancia esperadas\u201d<\/em>, conclui a nota.<\/p>\n<\/div>\n<p><script async src=\"\/\/platform.twitter.com\/widgets.js\" charset=\"utf-8\"><\/script><br \/>\n<br \/><br \/>\n<br \/><a href=\"https:\/\/www.tribunaribeirao.com.br\/site\/prestadora-da-usp-nao-paga-13o-dos-funcionarios-e-pede-rescisao-amigavel\/\">Source link <\/a><\/p>\n<!-- CONTENT END 1 -->\n","protected":false},"excerpt":{"rendered":"<p>Empresa alegou dificuldades financeiras e n\u00e3o saldou benef\u00edcios de funcion\u00e1rios que prestam servi\u00e7os de fiscaliza\u00e7\u00e3o das portarias de edif\u00edcios no Campus da universidade 15 de&#8230;<\/p>\n","protected":false},"author":1,"featured_media":16597,"comment_status":"open","ping_status":"open","sticky":false,"template":"","format":"standard","meta":{"advanced_seo_description":"","jetpack_seo_html_title":"","jetpack_seo_noindex":false,"jetpack_post_was_ever_published":false,"_jetpack_newsletter_access":"","_jetpack_dont_email_post_to_subs":false,"_jetpack_newsletter_tier_id":0,"_jetpack_memberships_contains_paywalled_content":false,"_jetpack_memberships_contains_paid_content":false,"footnotes":"","jetpack_publicize_message":"","jetpack_publicize_feature_enabled":true,"jetpack_social_post_already_shared":true,"jetpack_social_options":{"image_generator_settings":{"template":"highway","default_image_id":0,"font":"","enabled":false},"version":2}},"categories":[11],"tags":[2243,2246,470,2244,678,2242,21,2241,2245,872],"class_list":["post-16596","post","type-post","status-publish","format-standard","has-post-thumbnail","hentry","category-noticias-de-ribeirao-preto-sp-e-regiao-ismael-colosi","tag-13o","tag-amigavel","tag-dos","tag-funcionarios","tag-nao","tag-paga","tag-pede","tag-prestadora","tag-rescisao","tag-usp"],"jetpack_publicize_connections":[],"jetpack_featured_media_url":"https:\/\/i0.wp.com\/noticiasribeiraopreto.com.br\/wp-content\/uploads\/2023\/12\/00-15-dez-2023-terceirizada-usp-calote-01-foto-alfredo-risk-scaled.jpg?fit=968%2C645&ssl=1","jetpack-related-posts":[{"id":13010,"url":"https:\/\/noticiasribeiraopreto.com.br\/index.php\/2023\/12\/08\/o-que-fazer-se-ainda-nao-recebeu-a-primeira-parcela-do-13o-salario\/","url_meta":{"origin":16596,"position":0},"title":"O que fazer se ainda n\u00e3o recebeu a primeira parcela do 13\u00ba sal\u00e1rio?","author":"noticiasribeiraopreto.com.br","date":"8 de December de 2023","format":false,"excerpt":"J\u00e1 entramos no m\u00eas de dezembro e o clima das festas est\u00e1 em todo lugar. Nessa \u00e9poca, os trabalhadores modelo CLT (Consolida\u00e7\u00e3o das Leis do Trabalho) anseiam pelo pagamento do 13\u00ba sal\u00e1rio, que representa um al\u00edvio significativo nas finan\u00e7as e no equil\u00edbrio das contas.\u00a0 No entanto, apesar de haver prazos\u2026","rel":"","context":"In &quot;Vagas de Emprego em Ribeir\u00e3o Preto-SP&quot;","block_context":{"text":"Vagas de Emprego em Ribeir\u00e3o Preto-SP","link":"https:\/\/noticiasribeiraopreto.com.br\/index.php\/category\/empregos-classificados-vagas-trabalho\/vagas-de-empregos-em-ribeirao-preto-regiao-brasil\/"},"img":{"alt_text":"As empresas tinham at\u00e9 dia 30 de novembro para realizar o pagamento da primeira parcela do 13\u00ba sal\u00e1rio a seus funcion\u00e1rios.","src":"https:\/\/i0.wp.com\/noticiasconcursos.com.br\/wp-content\/uploads\/2023\/12\/noticiasconcursos.com.br-r-752-bilhoes-esquecidos-sera-que-voce-tem-dinheiro-esperando-por-voce-13-dinheiro-300x205.png?resize=350%2C200&ssl=1","width":350,"height":200,"srcset":"https:\/\/i0.wp.com\/noticiasconcursos.com.br\/wp-content\/uploads\/2023\/12\/noticiasconcursos.com.br-r-752-bilhoes-esquecidos-sera-que-voce-tem-dinheiro-esperando-por-voce-13-dinheiro-300x205.png?resize=350%2C200&ssl=1 1x, https:\/\/i0.wp.com\/noticiasconcursos.com.br\/wp-content\/uploads\/2023\/12\/noticiasconcursos.com.br-r-752-bilhoes-esquecidos-sera-que-voce-tem-dinheiro-esperando-por-voce-13-dinheiro-300x205.png?resize=525%2C300&ssl=1 1.5x, https:\/\/i0.wp.com\/noticiasconcursos.com.br\/wp-content\/uploads\/2023\/12\/noticiasconcursos.com.br-r-752-bilhoes-esquecidos-sera-que-voce-tem-dinheiro-esperando-por-voce-13-dinheiro-300x205.png?resize=700%2C400&ssl=1 2x"},"classes":[]},{"id":64693,"url":"https:\/\/noticiasribeiraopreto.com.br\/index.php\/2025\/03\/11\/sindicato-diz-que-funcionarios-da-voepass-receberam-proposta-de-rescisao-sem-saber-valores-a-receber\/","url_meta":{"origin":16596,"position":1},"title":"Sindicato diz que funcion\u00e1rios da Voepass receberam proposta de rescis\u00e3o sem saber valores a receber","author":"noticiasribeiraopreto.com.br","date":"11 de March de 2025","format":false,"excerpt":"Pelo menos 12 funcion\u00e1rios da Voepass apresentaram den\u00fancias ao Saesp (Sindicato dos Aerovi\u00e1rios do Estado de S\u00e3o Paulo), alegando que a empresa enviou termos de rescis\u00f5es trabalhistas sem informar os valores a serem pagos. As informa\u00e7\u00f5es foram divulgadas pela entidade nesta ter\u00e7a-feira (11), ap\u00f3s uma reuni\u00e3o de orienta\u00e7\u00e3o aos trabalhadores,\u2026","rel":"","context":"In &quot;Not\u00edcias de Ribeir\u00e3o Preto-SP e Regi\u00e3o&quot;","block_context":{"text":"Not\u00edcias de Ribeir\u00e3o Preto-SP e Regi\u00e3o","link":"https:\/\/noticiasribeiraopreto.com.br\/index.php\/category\/noticias-de-ribeirao-preto-sp-e-regiao-ismael-colosi\/"},"img":{"alt_text":"","src":"https:\/\/i0.wp.com\/noticiasribeiraopreto.com.br\/wp-content\/uploads\/2025\/03\/aviao_voepass_1024x576_03062020103053.jpg?fit=1024%2C682&ssl=1&resize=350%2C200","width":350,"height":200,"srcset":"https:\/\/i0.wp.com\/noticiasribeiraopreto.com.br\/wp-content\/uploads\/2025\/03\/aviao_voepass_1024x576_03062020103053.jpg?fit=1024%2C682&ssl=1&resize=350%2C200 1x, https:\/\/i0.wp.com\/noticiasribeiraopreto.com.br\/wp-content\/uploads\/2025\/03\/aviao_voepass_1024x576_03062020103053.jpg?fit=1024%2C682&ssl=1&resize=525%2C300 1.5x, https:\/\/i0.wp.com\/noticiasribeiraopreto.com.br\/wp-content\/uploads\/2025\/03\/aviao_voepass_1024x576_03062020103053.jpg?fit=1024%2C682&ssl=1&resize=700%2C400 2x"},"classes":[]},{"id":54219,"url":"https:\/\/noticiasribeiraopreto.com.br\/index.php\/2024\/07\/05\/pedir-demissao-na-experiencia-paga-multa-entenda-a-lei\/","url_meta":{"origin":16596,"position":2},"title":"Pedir demiss\u00e3o na experi\u00eancia paga multa? Entenda a lei","author":"noticiasribeiraopreto.com.br","date":"5 de July de 2024","format":false,"excerpt":"Quando nos perguntamos se pedir demiss\u00e3o na experi\u00eancia paga multa, a resposta \u00e9 \u201cdepende\u201d. O per\u00edodo de adapta\u00e7\u00e3o \u00e9 crucial para voc\u00ea entender se voc\u00ea se encaixa na fun\u00e7\u00e3o e combina com a cultura organizacional da empresa. Em alguns casos, tamb\u00e9m serve para voc\u00ea entender que aquela n\u00e3o \u00e9 a\u2026","rel":"","context":"In &quot;Blog&quot;","block_context":{"text":"Blog","link":"https:\/\/noticiasribeiraopreto.com.br\/index.php\/category\/blog\/"},"img":{"alt_text":"","src":"https:\/\/i0.wp.com\/noticiasribeiraopreto.com.br\/wp-content\/uploads\/2024\/07\/Pedir-demissao-na-experiencia-paga-multa.png?fit=1200%2C627&ssl=1&resize=350%2C200","width":350,"height":200,"srcset":"https:\/\/i0.wp.com\/noticiasribeiraopreto.com.br\/wp-content\/uploads\/2024\/07\/Pedir-demissao-na-experiencia-paga-multa.png?fit=1200%2C627&ssl=1&resize=350%2C200 1x, https:\/\/i0.wp.com\/noticiasribeiraopreto.com.br\/wp-content\/uploads\/2024\/07\/Pedir-demissao-na-experiencia-paga-multa.png?fit=1200%2C627&ssl=1&resize=525%2C300 1.5x, https:\/\/i0.wp.com\/noticiasribeiraopreto.com.br\/wp-content\/uploads\/2024\/07\/Pedir-demissao-na-experiencia-paga-multa.png?fit=1200%2C627&ssl=1&resize=700%2C400 2x, https:\/\/i0.wp.com\/noticiasribeiraopreto.com.br\/wp-content\/uploads\/2024\/07\/Pedir-demissao-na-experiencia-paga-multa.png?fit=1200%2C627&ssl=1&resize=1050%2C600 3x"},"classes":[]},{"id":34203,"url":"https:\/\/noticiasribeiraopreto.com.br\/index.php\/2024\/02\/01\/enel-sob-pressao-prefeitura-de-sp-pede-ao-tcu-a-imediata-rescisao-do-contrato-com-a-concessionaria-de-energia-eletrica\/","url_meta":{"origin":16596,"position":3},"title":"Enel sob press\u00e3o: Prefeitura de SP pede ao TCU a imediata rescis\u00e3o do contrato com a concession\u00e1ria de energia el\u00e9trica","author":"noticiasribeiraopreto.com.br","date":"1 de February de 2024","format":false,"excerpt":"A Enel parece ter alcan\u00e7ado a rara condi\u00e7\u00e3o de unanimidade em S\u00e3o Paulo \u2014 e esta n\u00e3o \u00e9 uma boa not\u00edcia para a concession\u00e1ria de energia el\u00e9trica. A prefeitura da capital paulista ingressou com uma a\u00e7\u00e3o no Tribunal de Contas da Uni\u00e3o (TCU) para pedir uma fiscaliza\u00e7\u00e3o mais rigorosa sobre\u2026","rel":"","context":"In &quot;Dinheiro e Investimento&quot;","block_context":{"text":"Dinheiro e Investimento","link":"https:\/\/noticiasribeiraopreto.com.br\/index.php\/category\/dinheiro-e-investimento-como-fazer-como-ganhar\/"},"img":{"alt_text":"","src":"https:\/\/i0.wp.com\/noticiasribeiraopreto.com.br\/wp-content\/uploads\/2024\/02\/Arvore-caida-apos-chuvas-em-Sao-Paulo-Enel-715x402.jpg?fit=715%2C402&ssl=1&resize=350%2C200","width":350,"height":200,"srcset":"https:\/\/i0.wp.com\/noticiasribeiraopreto.com.br\/wp-content\/uploads\/2024\/02\/Arvore-caida-apos-chuvas-em-Sao-Paulo-Enel-715x402.jpg?fit=715%2C402&ssl=1&resize=350%2C200 1x, https:\/\/i0.wp.com\/noticiasribeiraopreto.com.br\/wp-content\/uploads\/2024\/02\/Arvore-caida-apos-chuvas-em-Sao-Paulo-Enel-715x402.jpg?fit=715%2C402&ssl=1&resize=525%2C300 1.5x, https:\/\/i0.wp.com\/noticiasribeiraopreto.com.br\/wp-content\/uploads\/2024\/02\/Arvore-caida-apos-chuvas-em-Sao-Paulo-Enel-715x402.jpg?fit=715%2C402&ssl=1&resize=700%2C400 2x"},"classes":[]},{"id":52800,"url":"https:\/\/noticiasribeiraopreto.com.br\/index.php\/2024\/06\/12\/posso-pedir-demissao-nas-ferias-entenda-o-que-diz-a-lei\/","url_meta":{"origin":16596,"position":4},"title":"Posso pedir demiss\u00e3o nas f\u00e9rias? Entenda o que diz a lei","author":"noticiasribeiraopreto.com.br","date":"12 de June de 2024","format":false,"excerpt":"A decis\u00e3o de pedir demiss\u00e3o deve ser feita com planejamento e organiza\u00e7\u00e3o para que o funcion\u00e1rio n\u00e3o saia prejudicado. Para isso, deve ser feito da maneira mais adequada poss\u00edvel, conhecendo os seus direitos e o que a legisla\u00e7\u00e3o trabalhista determina sobre o assunto. Ent\u00e3o, o funcion\u00e1rio pode\u00a0pedir demiss\u00e3o\u00a0durante as suas\u2026","rel":"","context":"In &quot;Blog&quot;","block_context":{"text":"Blog","link":"https:\/\/noticiasribeiraopreto.com.br\/index.php\/category\/blog\/"},"img":{"alt_text":"","src":"https:\/\/i0.wp.com\/noticiasribeiraopreto.com.br\/wp-content\/uploads\/2024\/06\/Posso-pedir-demissao-nas-ferias-.png?fit=1200%2C627&ssl=1&resize=350%2C200","width":350,"height":200,"srcset":"https:\/\/i0.wp.com\/noticiasribeiraopreto.com.br\/wp-content\/uploads\/2024\/06\/Posso-pedir-demissao-nas-ferias-.png?fit=1200%2C627&ssl=1&resize=350%2C200 1x, https:\/\/i0.wp.com\/noticiasribeiraopreto.com.br\/wp-content\/uploads\/2024\/06\/Posso-pedir-demissao-nas-ferias-.png?fit=1200%2C627&ssl=1&resize=525%2C300 1.5x, https:\/\/i0.wp.com\/noticiasribeiraopreto.com.br\/wp-content\/uploads\/2024\/06\/Posso-pedir-demissao-nas-ferias-.png?fit=1200%2C627&ssl=1&resize=700%2C400 2x, https:\/\/i0.wp.com\/noticiasribeiraopreto.com.br\/wp-content\/uploads\/2024\/06\/Posso-pedir-demissao-nas-ferias-.png?fit=1200%2C627&ssl=1&resize=1050%2C600 3x"},"classes":[]},{"id":15096,"url":"https:\/\/noticiasribeiraopreto.com.br\/index.php\/2023\/12\/13\/decimo-terceiro-prazo-para-segunda-parcela-e-divulgado-confira-todos-os-detalhes\/","url_meta":{"origin":16596,"position":5},"title":"D\u00e9cimo terceiro: PRAZO para segunda parcela \u00e9 DIVULGADO; confira todos os detalhes","author":"noticiasribeiraopreto.com.br","date":"13 de December de 2023","format":false,"excerpt":"Final do ano chegou e o que os trabalhadores mais esperam \u00e9 o pagamento do d\u00e9cimo terceiro sal\u00e1rio. Geralmente, os empregadores dividem o pagamento em duas parcelas, mas possuem uma data limite que devem respeitar. O prazo para o pagamento da primeira parcela foi at\u00e9 o dia 30 de novembro.\u2026","rel":"","context":"In &quot;Vagas de Emprego em Ribeir\u00e3o Preto-SP&quot;","block_context":{"text":"Vagas de Emprego em Ribeir\u00e3o Preto-SP","link":"https:\/\/noticiasribeiraopreto.com.br\/index.php\/category\/empregos-classificados-vagas-trabalho\/vagas-de-empregos-em-ribeirao-preto-regiao-brasil\/"},"img":{"alt_text":"","src":"https:\/\/i0.wp.com\/noticiasribeiraopreto.com.br\/wp-content\/uploads\/2023\/12\/noticiasconcursos.com_.br-decimo-terceiro-prazo-para-segunda-parcela-e-divulgado-confira-todos-os-detalhes-reproducao-canva.jpg?fit=1200%2C800&ssl=1&resize=350%2C200","width":350,"height":200,"srcset":"https:\/\/i0.wp.com\/noticiasribeiraopreto.com.br\/wp-content\/uploads\/2023\/12\/noticiasconcursos.com_.br-decimo-terceiro-prazo-para-segunda-parcela-e-divulgado-confira-todos-os-detalhes-reproducao-canva.jpg?fit=1200%2C800&ssl=1&resize=350%2C200 1x, https:\/\/i0.wp.com\/noticiasribeiraopreto.com.br\/wp-content\/uploads\/2023\/12\/noticiasconcursos.com_.br-decimo-terceiro-prazo-para-segunda-parcela-e-divulgado-confira-todos-os-detalhes-reproducao-canva.jpg?fit=1200%2C800&ssl=1&resize=525%2C300 1.5x, https:\/\/i0.wp.com\/noticiasribeiraopreto.com.br\/wp-content\/uploads\/2023\/12\/noticiasconcursos.com_.br-decimo-terceiro-prazo-para-segunda-parcela-e-divulgado-confira-todos-os-detalhes-reproducao-canva.jpg?fit=1200%2C800&ssl=1&resize=700%2C400 2x, https:\/\/i0.wp.com\/noticiasribeiraopreto.com.br\/wp-content\/uploads\/2023\/12\/noticiasconcursos.com_.br-decimo-terceiro-prazo-para-segunda-parcela-e-divulgado-confira-todos-os-detalhes-reproducao-canva.jpg?fit=1200%2C800&ssl=1&resize=1050%2C600 3x"},"classes":[]}],"jetpack_sharing_enabled":true,"jetpack_shortlink":"https:\/\/wp.me\/peQAOb-4jG","_links":{"self":[{"href":"https:\/\/noticiasribeiraopreto.com.br\/index.php\/wp-json\/wp\/v2\/posts\/16596","targetHints":{"allow":["GET"]}}],"collection":[{"href":"https:\/\/noticiasribeiraopreto.com.br\/index.php\/wp-json\/wp\/v2\/posts"}],"about":[{"href":"https:\/\/noticiasribeiraopreto.com.br\/index.php\/wp-json\/wp\/v2\/types\/post"}],"author":[{"embeddable":true,"href":"https:\/\/noticiasribeiraopreto.com.br\/index.php\/wp-json\/wp\/v2\/users\/1"}],"replies":[{"embeddable":true,"href":"https:\/\/noticiasribeiraopreto.com.br\/index.php\/wp-json\/wp\/v2\/comments?post=16596"}],"version-history":[{"count":0,"href":"https:\/\/noticiasribeiraopreto.com.br\/index.php\/wp-json\/wp\/v2\/posts\/16596\/revisions"}],"wp:featuredmedia":[{"embeddable":true,"href":"https:\/\/noticiasribeiraopreto.com.br\/index.php\/wp-json\/wp\/v2\/media\/16597"}],"wp:attachment":[{"href":"https:\/\/noticiasribeiraopreto.com.br\/index.php\/wp-json\/wp\/v2\/media?parent=16596"}],"wp:term":[{"taxonomy":"category","embeddable":true,"href":"https:\/\/noticiasribeiraopreto.com.br\/index.php\/wp-json\/wp\/v2\/categories?post=16596"},{"taxonomy":"post_tag","embeddable":true,"href":"https:\/\/noticiasribeiraopreto.com.br\/index.php\/wp-json\/wp\/v2\/tags?post=16596"}],"curies":[{"name":"wp","href":"https:\/\/api.w.org\/{rel}","templated":true}]}}