{"id":16602,"date":"2023-12-15T22:25:40","date_gmt":"2023-12-16T01:25:40","guid":{"rendered":"https:\/\/noticiasribeiraopreto.com.br\/index.php\/2023\/12\/15\/o-que-se-sabe-a-morte-do-policial-militar-apos-injecao-em-cidade-na-regiao-de-ribeirao\/"},"modified":"2023-12-15T22:25:40","modified_gmt":"2023-12-16T01:25:40","slug":"o-que-se-sabe-a-morte-do-policial-militar-apos-injecao-em-cidade-na-regiao-de-ribeirao","status":"publish","type":"post","link":"https:\/\/noticiasribeiraopreto.com.br\/index.php\/2023\/12\/15\/o-que-se-sabe-a-morte-do-policial-militar-apos-injecao-em-cidade-na-regiao-de-ribeirao\/","title":{"rendered":"O que se sabe sobre a morte do Policial Militar ap\u00f3s inje\u00e7\u00e3o em cidade na regi\u00e3o de Ribeir\u00e3o"},"content":{"rendered":"<div class='code-block code-block-1' style='margin: 8px 0 8px auto; text-align: right; display: block; clear: both;'>\n<p><a href=\"https:\/\/wa.link\/vpicfd\"><img data-recalc-dims=\"1\" class=\"wp-image-4922\" style=\"aspect-ratio: 2.0253164556962027; width: 561px; height: auto;\" src=\"https:\/\/i0.wp.com\/ismaelcolosi.com.br\/wp-content\/uploads\/2023\/11\/grupo-de-empregos-whatsapp-e-facebook-ismael-colosi-vagas.jpg?ssl=1\" alt=\"\" \/><\/a><\/p>\n<!-- \/wp:image -->\n<\/div>\n<p> <br \/>\n<\/p>\n<div>\n<p>A <strong>Pol\u00edcia Civil<\/strong> segue investigando o caso de um policial militar, de 35 anos, <strong>que morreu ap\u00f3s receber uma inje\u00e7\u00e3o com medicamento<\/strong>, em <strong>Taquaritinga<\/strong>, cidade na regi\u00e3o de <strong>Ribeir\u00e3o Preto.<\/strong><\/p>\n<p>O caso aconteceu na \u00faltima quarta-feira (13), ap\u00f3s o policial ir at\u00e9 a resid\u00eancia de Tatiani Cristina Gon\u00e7alves, t\u00e9cnica em enfermagem, <strong>para que a mesma aplicasse uma inje\u00e7\u00e3o nele<\/strong>. <mark style=\"background-color:#fcb900\" class=\"has-inline-color\">A mulher chegou a ser presa em flagrante por suspeita de homic\u00eddio, contudo, foi liberada ap\u00f3s audi\u00eancia de cust\u00f3dia.<\/mark><\/p>\n<p>De acordo com Renato C\u00e2ndido Soares, delegado respons\u00e1vel pela investiga\u00e7\u00e3o, foram obtidas imagens de uma <strong>c\u00e2mera de seguran\u00e7a da resid\u00eancia<\/strong>, que mostram Edno <strong>passando mal poucos segundos ap\u00f3s a aplica\u00e7\u00e3o da inje\u00e7\u00e3o<\/strong> (as imagens n\u00e3o foram divulgadas pela pol\u00edcia).<\/p>\n<blockquote class=\"wp-block-quote\">\n<p class=\"has-text-align-left\">\u201cEle estava sentado pr\u00f3ximo a uma mesa, com um torniquete no bra\u00e7o. A indiciada se aproxima dele com a seringa, faz a aplica\u00e7\u00e3o intravenosa e em segundos ele j\u00e1 abaixa a cabe\u00e7a, come\u00e7a a passar mal e j\u00e1 cai. N\u00f3s acreditamos que ele tenha vindo a \u00f3bito neste momento\u201d, disse o delegado em entrevista \u00e0 EPTV.<\/p>\n<\/blockquote>\n<p>Segundo o Soares, celulares e computadores da t\u00e9cnica de enfermagem foram apreendidos e devem passar por per\u00edcia. Al\u00e9m disso, <strong>testemunhas dever\u00e3o ser ouvidas nos pr\u00f3ximos dias<\/strong>.<\/p>\n<p>\u00a0\u201cPessoas ser\u00e3o ouvidas, tem a quest\u00e3o das apreens\u00f5es de celulares e computadores. Tudo isso vai para per\u00edcia e vai retornar, para que a gente entenda como foi a din\u00e2mica, todos os detalhes, inclusive se h\u00e1 o envolvimento de outras pessoas\u201d.<\/p>\n<p>A pol\u00edcia tamb\u00e9m aguarda os laudos do<strong> IML (Instituto M\u00e9dico Legal)<\/strong> para esclarecer as causas da <strong>morte do PM<\/strong>. <mark style=\"background-color:#fcb900\" class=\"has-inline-color\"><strong>O corpo de Edno foi enterrado nesta sexta-feira (15), em\u00a0Santana da Ponte Pensa.<\/strong><\/mark><\/p>\n<h4 class=\"wp-block-heading\"><strong>Por que o policial contratou uma t\u00e9cnica de enfermagem?<\/strong><\/h4>\n<p>De acordo com o <strong>boletim de ocorr\u00eancia (BO)<\/strong> do caso, Edno teria sofrido um <strong>acidente de carro neste ano<\/strong>, o que causou fraturas em sua costela. Por causa de dores, ele teria passado a usar <strong>morfina<\/strong>.<\/p>\n<p>A fam\u00edlia do policial afirmou que ele teria <strong>contratado a t\u00e9cnica de enfermagem para fornecer a medica\u00e7\u00e3o controlada mediante pagamento e, tamb\u00e9m, fazer a aplica\u00e7\u00e3o regularmente.<\/strong><\/p>\n<h4 class=\"wp-block-heading\"><strong>A aplica\u00e7\u00e3o poderia acontecer na casa da t\u00e9cnica?<\/strong><\/h4>\n<p>De acordo com o m\u00e9dico neurologista Maur\u00edcio Milanesi Lofrano, diretor cl\u00ednico da UPA de Taquaritinga, os medicamentos que haviam sido aplicados em Edno <strong>deveriam ser conduzidos dentro de uma unidade de sa\u00fade<\/strong>, para que fossem evitados efeitos colaterais,<strong> como o que causou a morte da v\u00edtima.<\/strong><\/p>\n<p>\u201cJustamente, pelo que possa, ou n\u00e3o ter acontecido neste caso, da medica\u00e7\u00e3o ter dado efeito colateral\u201d, explica o m\u00e9dico em entrevista \u00e0 EPTV. \u201cMedica\u00e7\u00f5es como essas devem ser feitas de uso exclusivo, dentro do hospital\u201d.<\/p>\n<h4 class=\"wp-block-heading\"><strong>De onde os m\u00e9dicos surgiram?<\/strong><\/h4>\n<p>Na casa de Tatiani Cristiana, a Pol\u00edcia Civil apreendeu <strong>soro fisiol\u00f3gico e ampolas de Cloridrato de Tramadol<\/strong>, que \u00e9 um tipo de analg\u00e9sico, semelhante \u00e0 <strong>morfina<\/strong>.<\/p>\n<p>A suspeita \u00e9 que os medicamentos <strong>teriam sido desviados da Santa Casa da cidade<\/strong>, local em que a mulher trabalha. Devido ao suposto desvio, a t\u00e9cnica foi presa, pois, para a pol\u00edcia, <strong>ela agiu com dolo eventual, que \u00e9 quando a pessoa assume o risco de morte.<\/strong> (com informa\u00e7\u00f5es da EPTV)<\/p>\n<p>VEJA TAMB\u00c9M<\/p>\n<p>CPFL suspende fornecimento de energia em cidade na regi\u00e3o de Ribeir\u00e3o; D\u00edvida ultrapassa R$ 18,5 milh\u00f5es<\/p>\n<h4 class=\"wp-block-heading\"><strong><mark style=\"background-color:#fcb900\" class=\"has-inline-color\">FIQUE ON<\/mark><\/strong><\/h4>\n<p>Fique ligado em tudo que acontece em Ribeir\u00e3o Preto e regi\u00e3o. Siga os perfis do<strong>\u00a0acidade on<\/strong>\u00a0no\u00a0<a href=\"https:\/\/www.instagram.com\/acidadeonribeirao\" target=\"_blank\" rel=\"noreferrer noopener\">Instagram\u00a0<\/a>e no\u00a0<a href=\"https:\/\/www.facebook.com\/acidadeonribeirao\" target=\"_blank\" rel=\"noreferrer noopener\">Facebook.<\/a><\/p>\n<p>Receba not\u00edcias do\u00a0<strong>acidade on\u00a0<\/strong>no WhatsApp.\u00a0<a href=\"https:\/\/chat.whatsapp.com\/Bnv2w66ZT4VDyZW3oiZ69n\" target=\"_blank\" rel=\"noreferrer noopener\">Para entrar no grupo, basta clicar aqui.<\/a><\/p>\n<p>Fa\u00e7a uma den\u00fancia ou sugira uma reportagem sobre Ribeir\u00e3o Preto e regi\u00e3o pelo WhatsApp:\u00a0<strong>16 99117 7802.<\/strong><\/p>\n<p>LEIA MAIS<\/p>\n<p><a href=\"https:\/\/www.tudoep.com\/tudo-receitas\/NOT,0,0,1868811,trufa-de-chocolate-ao-licor-saiba-os-segredos-desse-doce.aspx\" target=\"_blank\" rel=\"noreferrer noopener\">Trufa de chocolate ao licor: saiba os segredos desse doce<\/a><\/p>\n<p><!-- AI CONTENT END 1 -->\n<\/div>\n<p><script async src=\"\/\/www.instagram.com\/embed.js\"><\/script><br \/>\n<br \/><br \/>\n<br \/><a href=\"https:\/\/www.acidadeon.com\/ribeiraopreto\/cotidiano\/o-que-se-sabe-a-morte-do-policial-militar-apos-injecao-em-cidade-na-regiao-de-ribeirao\/\">Source link <\/a><\/p>\n<!-- CONTENT END 1 -->\n","protected":false},"excerpt":{"rendered":"<p>A Pol\u00edcia Civil segue investigando o caso de um policial militar, de 35 anos, que morreu ap\u00f3s receber uma inje\u00e7\u00e3o com medicamento, em Taquaritinga, cidade&#8230;<\/p>\n","protected":false},"author":1,"featured_media":16603,"comment_status":"open","ping_status":"open","sticky":false,"template":"","format":"standard","meta":{"advanced_seo_description":"","jetpack_seo_html_title":"","jetpack_seo_noindex":false,"jetpack_post_was_ever_published":false,"_jetpack_newsletter_access":"","_jetpack_dont_email_post_to_subs":false,"_jetpack_newsletter_tier_id":0,"_jetpack_memberships_contains_paywalled_content":false,"_jetpack_memberships_contains_paid_content":false,"footnotes":"","jetpack_publicize_message":"","jetpack_publicize_feature_enabled":true,"jetpack_social_post_already_shared":true,"jetpack_social_options":{"image_generator_settings":{"template":"highway","default_image_id":0,"font":"","enabled":false},"version":2}},"categories":[11],"tags":[37,273,2248,2247,558,1397,277,26,1854,468],"class_list":["post-16602","post","type-post","status-publish","format-standard","has-post-thumbnail","hentry","category-noticias-de-ribeirao-preto-sp-e-regiao-ismael-colosi","tag-apos","tag-cidade","tag-injecao","tag-militar","tag-morte","tag-policial","tag-regiao","tag-ribeirao","tag-sabe","tag-sobre"],"jetpack_publicize_connections":[],"jetpack_featured_media_url":"https:\/\/i0.wp.com\/noticiasribeiraopreto.com.br\/wp-content\/uploads\/2023\/12\/policial-edno.jpg?fit=1063%2C791&ssl=1","jetpack-related-posts":[{"id":55885,"url":"https:\/\/noticiasribeiraopreto.com.br\/index.php\/2024\/08\/07\/o-que-se-sabe-sobre-troca-de-tiros-que-terminou-com-morte-na-regiao-de-ribeirao\/","url_meta":{"origin":16602,"position":0},"title":"O que se sabe sobre troca de tiros que terminou com morte na regi\u00e3o de Ribeir\u00e3o","author":"noticiasribeiraopreto.com.br","date":"7 de August de 2024","format":false,"excerpt":"Um homem morreu ap\u00f3s troca de tiros com a pol\u00edcia no bairro Jardim Porto Seguro, em Sert\u00e3ozinho, cidade na regi\u00e3o de Ribeir\u00e3o Preto, no come\u00e7o da noite desta ter\u00e7a-feira (6). De acordo com as informa\u00e7\u00f5es do boletim de ocorr\u00eancia (BO), o criminoso teria roubado o carro de uma mulher que\u2026","rel":"","context":"In &quot;Not\u00edcias de Ribeir\u00e3o Preto-SP e Regi\u00e3o&quot;","block_context":{"text":"Not\u00edcias de Ribeir\u00e3o Preto-SP e Regi\u00e3o","link":"https:\/\/noticiasribeiraopreto.com.br\/index.php\/category\/noticias-de-ribeirao-preto-sp-e-regiao-ismael-colosi\/"},"img":{"alt_text":"","src":"https:\/\/i0.wp.com\/noticiasribeiraopreto.com.br\/wp-content\/uploads\/2024\/08\/Copia-de-Copia-de-TAMANHO-EXATO-PARA-FOTOS-NO-SISTEMA-NOVO-2024-08-07T134753.436_2024-08-07_16-48-11_png_2024-08-07_16-48-11.webp.webp?fit=1200%2C675&ssl=1&resize=350%2C200","width":350,"height":200,"srcset":"https:\/\/i0.wp.com\/noticiasribeiraopreto.com.br\/wp-content\/uploads\/2024\/08\/Copia-de-Copia-de-TAMANHO-EXATO-PARA-FOTOS-NO-SISTEMA-NOVO-2024-08-07T134753.436_2024-08-07_16-48-11_png_2024-08-07_16-48-11.webp.webp?fit=1200%2C675&ssl=1&resize=350%2C200 1x, https:\/\/i0.wp.com\/noticiasribeiraopreto.com.br\/wp-content\/uploads\/2024\/08\/Copia-de-Copia-de-TAMANHO-EXATO-PARA-FOTOS-NO-SISTEMA-NOVO-2024-08-07T134753.436_2024-08-07_16-48-11_png_2024-08-07_16-48-11.webp.webp?fit=1200%2C675&ssl=1&resize=525%2C300 1.5x, https:\/\/i0.wp.com\/noticiasribeiraopreto.com.br\/wp-content\/uploads\/2024\/08\/Copia-de-Copia-de-TAMANHO-EXATO-PARA-FOTOS-NO-SISTEMA-NOVO-2024-08-07T134753.436_2024-08-07_16-48-11_png_2024-08-07_16-48-11.webp.webp?fit=1200%2C675&ssl=1&resize=700%2C400 2x, https:\/\/i0.wp.com\/noticiasribeiraopreto.com.br\/wp-content\/uploads\/2024\/08\/Copia-de-Copia-de-TAMANHO-EXATO-PARA-FOTOS-NO-SISTEMA-NOVO-2024-08-07T134753.436_2024-08-07_16-48-11_png_2024-08-07_16-48-11.webp.webp?fit=1200%2C675&ssl=1&resize=1050%2C600 3x"},"classes":[]},{"id":48835,"url":"https:\/\/noticiasribeiraopreto.com.br\/index.php\/2024\/05\/07\/mulher-desaparece-apos-incendio-em-residencia-onde-morava-na-regiao-de-ribeirao-preto\/","url_meta":{"origin":16602,"position":1},"title":"Mulher desaparece ap\u00f3s inc\u00eandio em resid\u00eancia onde morava na regi\u00e3o de Ribeir\u00e3o Preto","author":"noticiasribeiraopreto.com.br","date":"7 de May de 2024","format":false,"excerpt":"Uma fam\u00edlia de Cristais Paulista, cidade na regi\u00e3o de Ribeir\u00e3o Preto, procura por Rosinai Cardoso, de 43 anos, que est\u00e1 desaparecida desde a madrugada de s\u00e1bado (4), ap\u00f3s um inc\u00eandio atingir a casa onde ela vivia na zona rural do munic\u00edpio. De acordo com o boletim de ocorr\u00eancia (BO), o\u2026","rel":"","context":"In &quot;Not\u00edcias de Ribeir\u00e3o Preto-SP e Regi\u00e3o&quot;","block_context":{"text":"Not\u00edcias de Ribeir\u00e3o Preto-SP e Regi\u00e3o","link":"https:\/\/noticiasribeiraopreto.com.br\/index.php\/category\/noticias-de-ribeirao-preto-sp-e-regiao-ismael-colosi\/"},"img":{"alt_text":"","src":"https:\/\/i0.wp.com\/noticiasribeiraopreto.com.br\/wp-content\/uploads\/2024\/05\/AnyConv.com__Copia-de-Copia-de-TAMANHO-EXATO-PARA-FOTOS-NO-SISTEMA-NOVO-27_2024-05-07_00-30-16.webp.webp?fit=1200%2C675&ssl=1&resize=350%2C200","width":350,"height":200,"srcset":"https:\/\/i0.wp.com\/noticiasribeiraopreto.com.br\/wp-content\/uploads\/2024\/05\/AnyConv.com__Copia-de-Copia-de-TAMANHO-EXATO-PARA-FOTOS-NO-SISTEMA-NOVO-27_2024-05-07_00-30-16.webp.webp?fit=1200%2C675&ssl=1&resize=350%2C200 1x, https:\/\/i0.wp.com\/noticiasribeiraopreto.com.br\/wp-content\/uploads\/2024\/05\/AnyConv.com__Copia-de-Copia-de-TAMANHO-EXATO-PARA-FOTOS-NO-SISTEMA-NOVO-27_2024-05-07_00-30-16.webp.webp?fit=1200%2C675&ssl=1&resize=525%2C300 1.5x, https:\/\/i0.wp.com\/noticiasribeiraopreto.com.br\/wp-content\/uploads\/2024\/05\/AnyConv.com__Copia-de-Copia-de-TAMANHO-EXATO-PARA-FOTOS-NO-SISTEMA-NOVO-27_2024-05-07_00-30-16.webp.webp?fit=1200%2C675&ssl=1&resize=700%2C400 2x, https:\/\/i0.wp.com\/noticiasribeiraopreto.com.br\/wp-content\/uploads\/2024\/05\/AnyConv.com__Copia-de-Copia-de-TAMANHO-EXATO-PARA-FOTOS-NO-SISTEMA-NOVO-27_2024-05-07_00-30-16.webp.webp?fit=1200%2C675&ssl=1&resize=1050%2C600 3x"},"classes":[]},{"id":60751,"url":"https:\/\/noticiasribeiraopreto.com.br\/index.php\/2024\/11\/24\/pm-abre-sindicancia-para-apurar-morte-de-policial-apos-treinamento-em-ribeirao-preto\/","url_meta":{"origin":16602,"position":2},"title":"PM abre sindic\u00e2ncia para apurar morte de policial ap\u00f3s treinamento em Ribeir\u00e3o Preto","author":"noticiasribeiraopreto.com.br","date":"24 de November de 2024","format":false,"excerpt":"A PM (Pol\u00edcia Militar) instaurou sindic\u00e2ncia para investigar as circunst\u00e2ncias da morte do cabo PM Alan Roberto de Freitas Silva, de 35 anos, ocorrida ap\u00f3s um treinamento na sede do CPI-3 (Comando de Policiamento do Interior), em Ribeir\u00e3o Preto. O policial atuava havia 12 anos na corpora\u00e7\u00e3o e estava na\u2026","rel":"","context":"In &quot;Not\u00edcias de Ribeir\u00e3o Preto-SP e Regi\u00e3o&quot;","block_context":{"text":"Not\u00edcias de Ribeir\u00e3o Preto-SP e Regi\u00e3o","link":"https:\/\/noticiasribeiraopreto.com.br\/index.php\/category\/noticias-de-ribeirao-preto-sp-e-regiao-ismael-colosi\/"},"img":{"alt_text":"","src":"https:\/\/i0.wp.com\/noticiasribeiraopreto.com.br\/wp-content\/uploads\/2024\/11\/POLICIAL_2024-11-24_19-31-06_jpg_2024-11-24_19-31-07.webp.webp?fit=1200%2C1003&ssl=1&resize=350%2C200","width":350,"height":200,"srcset":"https:\/\/i0.wp.com\/noticiasribeiraopreto.com.br\/wp-content\/uploads\/2024\/11\/POLICIAL_2024-11-24_19-31-06_jpg_2024-11-24_19-31-07.webp.webp?fit=1200%2C1003&ssl=1&resize=350%2C200 1x, https:\/\/i0.wp.com\/noticiasribeiraopreto.com.br\/wp-content\/uploads\/2024\/11\/POLICIAL_2024-11-24_19-31-06_jpg_2024-11-24_19-31-07.webp.webp?fit=1200%2C1003&ssl=1&resize=525%2C300 1.5x, https:\/\/i0.wp.com\/noticiasribeiraopreto.com.br\/wp-content\/uploads\/2024\/11\/POLICIAL_2024-11-24_19-31-06_jpg_2024-11-24_19-31-07.webp.webp?fit=1200%2C1003&ssl=1&resize=700%2C400 2x, https:\/\/i0.wp.com\/noticiasribeiraopreto.com.br\/wp-content\/uploads\/2024\/11\/POLICIAL_2024-11-24_19-31-06_jpg_2024-11-24_19-31-07.webp.webp?fit=1200%2C1003&ssl=1&resize=1050%2C600 3x"},"classes":[]},{"id":10366,"url":"https:\/\/noticiasribeiraopreto.com.br\/index.php\/2023\/12\/04\/ladrao-e-preso-apos-furtar-farda-de-policial-em-ribeirao-preto\/","url_meta":{"origin":16602,"position":3},"title":"Ladr\u00e3o \u00e9 preso ap\u00f3s furtar farda de policial em Ribeir\u00e3o Preto","author":"noticiasribeiraopreto.com.br","date":"4 de December de 2023","format":false,"excerpt":"Um homem foi preso na manh\u00e3 deste domingo (3) ap\u00f3s furtar a farda de um policial militar em Ribeir\u00e3o Preto. O furto aconteceu em um posto da Pol\u00edcia Militar localizado na avenida Saudade, na zona Norte da cidade. Os policiais encontraram o suspeito, de 50 anos, usando a cal\u00e7a, o\u2026","rel":"","context":"In &quot;Not\u00edcias de Ribeir\u00e3o Preto-SP e Regi\u00e3o&quot;","block_context":{"text":"Not\u00edcias de Ribeir\u00e3o Preto-SP e Regi\u00e3o","link":"https:\/\/noticiasribeiraopreto.com.br\/index.php\/category\/noticias-de-ribeirao-preto-sp-e-regiao-ismael-colosi\/"},"img":{"alt_text":"","src":"https:\/\/i0.wp.com\/noticiasribeiraopreto.com.br\/wp-content\/uploads\/2023\/11\/foto_governo_estado_sp.jpg_1839041271.webp.webp?fit=404%2C452&ssl=1&resize=350%2C200","width":350,"height":200},"classes":[]},{"id":75761,"url":"https:\/\/noticiasribeiraopreto.com.br\/index.php\/2025\/08\/14\/pm-mata-cachorro-a-tiros-durante-confusao-com-moradores-na-regiao-de-ribeirao-preto-video\/","url_meta":{"origin":16602,"position":4},"title":"PM mata cachorro a tiros durante confus\u00e3o com moradores na regi\u00e3o de Ribeir\u00e3o Preto; V\u00eddeo","author":"noticiasribeiraopreto.com.br","date":"14 de August de 2025","format":false,"excerpt":"Um cachorro morreu ap\u00f3s ser baleado por um policial militar durante uma abordagem a um homem em Guar\u00e1, cidade a 122 quil\u00f4metros de Ribeir\u00e3o Preto, na tarde desta quinta-feira (14). O caso aconteceu por volta das 16h, na avenida Massu Nakano e foi registrado por uma c\u00e2mera de seguran\u00e7a (veja\u2026","rel":"","context":"In &quot;Not\u00edcias de Ribeir\u00e3o Preto-SP e Regi\u00e3o&quot;","block_context":{"text":"Not\u00edcias de Ribeir\u00e3o Preto-SP e Regi\u00e3o","link":"https:\/\/noticiasribeiraopreto.com.br\/index.php\/category\/noticias-de-ribeirao-preto-sp-e-regiao-ismael-colosi\/"},"img":{"alt_text":"","src":"https:\/\/i0.wp.com\/noticiasribeiraopreto.com.br\/wp-content\/uploads\/2025\/08\/Copia-de-Copia-de-Copia-de-TAMANHO-EXATO-PARA-FOTOS-NO-SISTEMA-NOVO-2025-08-14T194927.767_2025-08-14_22-49-33.webp.webp?fit=1200%2C675&ssl=1&resize=350%2C200","width":350,"height":200,"srcset":"https:\/\/i0.wp.com\/noticiasribeiraopreto.com.br\/wp-content\/uploads\/2025\/08\/Copia-de-Copia-de-Copia-de-TAMANHO-EXATO-PARA-FOTOS-NO-SISTEMA-NOVO-2025-08-14T194927.767_2025-08-14_22-49-33.webp.webp?fit=1200%2C675&ssl=1&resize=350%2C200 1x, https:\/\/i0.wp.com\/noticiasribeiraopreto.com.br\/wp-content\/uploads\/2025\/08\/Copia-de-Copia-de-Copia-de-TAMANHO-EXATO-PARA-FOTOS-NO-SISTEMA-NOVO-2025-08-14T194927.767_2025-08-14_22-49-33.webp.webp?fit=1200%2C675&ssl=1&resize=525%2C300 1.5x, https:\/\/i0.wp.com\/noticiasribeiraopreto.com.br\/wp-content\/uploads\/2025\/08\/Copia-de-Copia-de-Copia-de-TAMANHO-EXATO-PARA-FOTOS-NO-SISTEMA-NOVO-2025-08-14T194927.767_2025-08-14_22-49-33.webp.webp?fit=1200%2C675&ssl=1&resize=700%2C400 2x, https:\/\/i0.wp.com\/noticiasribeiraopreto.com.br\/wp-content\/uploads\/2025\/08\/Copia-de-Copia-de-Copia-de-TAMANHO-EXATO-PARA-FOTOS-NO-SISTEMA-NOVO-2025-08-14T194927.767_2025-08-14_22-49-33.webp.webp?fit=1200%2C675&ssl=1&resize=1050%2C600 3x"},"classes":[]},{"id":76896,"url":"https:\/\/noticiasribeiraopreto.com.br\/index.php\/2025\/09\/08\/homem-e-preso-apos-manter-filho-de-um-ano-refem-na-regiao-de-ribeirao\/","url_meta":{"origin":16602,"position":5},"title":"Homem \u00e9 preso ap\u00f3s manter filho de um ano ref\u00e9m na regi\u00e3o de Ribeir\u00e3o","author":"noticiasribeiraopreto.com.br","date":"8 de September de 2025","format":false,"excerpt":"Um homem foi preso ap\u00f3s manter o filho de um ano ref\u00e9m em uma casa do Jardim Alvorada, em Monte Alto, cidade na regi\u00e3o de Ribeir\u00e3o Preto, na noite deste domingo (08). Segundo informa\u00e7\u00f5es, o caso aconteceu ap\u00f3s uma briga familiar. O homem teria entrado na resid\u00eancia com a crian\u00e7a\u2026","rel":"","context":"In &quot;Not\u00edcias de Ribeir\u00e3o Preto-SP e Regi\u00e3o&quot;","block_context":{"text":"Not\u00edcias de Ribeir\u00e3o Preto-SP e Regi\u00e3o","link":"https:\/\/noticiasribeiraopreto.com.br\/index.php\/category\/noticias-de-ribeirao-preto-sp-e-regiao-ismael-colosi\/"},"img":{"alt_text":"","src":"https:\/\/i0.wp.com\/noticiasribeiraopreto.com.br\/wp-content\/uploads\/2025\/09\/Copia-de-Copia-de-Copia-de-TAMANHO-EXATO-PARA-FOTOS-NO-SISTEMA-NOVO-2025-09-08T090353.013_2025-09-08_12-04-01.webp.webp?fit=1200%2C675&ssl=1&resize=350%2C200","width":350,"height":200,"srcset":"https:\/\/i0.wp.com\/noticiasribeiraopreto.com.br\/wp-content\/uploads\/2025\/09\/Copia-de-Copia-de-Copia-de-TAMANHO-EXATO-PARA-FOTOS-NO-SISTEMA-NOVO-2025-09-08T090353.013_2025-09-08_12-04-01.webp.webp?fit=1200%2C675&ssl=1&resize=350%2C200 1x, https:\/\/i0.wp.com\/noticiasribeiraopreto.com.br\/wp-content\/uploads\/2025\/09\/Copia-de-Copia-de-Copia-de-TAMANHO-EXATO-PARA-FOTOS-NO-SISTEMA-NOVO-2025-09-08T090353.013_2025-09-08_12-04-01.webp.webp?fit=1200%2C675&ssl=1&resize=525%2C300 1.5x, https:\/\/i0.wp.com\/noticiasribeiraopreto.com.br\/wp-content\/uploads\/2025\/09\/Copia-de-Copia-de-Copia-de-TAMANHO-EXATO-PARA-FOTOS-NO-SISTEMA-NOVO-2025-09-08T090353.013_2025-09-08_12-04-01.webp.webp?fit=1200%2C675&ssl=1&resize=700%2C400 2x, https:\/\/i0.wp.com\/noticiasribeiraopreto.com.br\/wp-content\/uploads\/2025\/09\/Copia-de-Copia-de-Copia-de-TAMANHO-EXATO-PARA-FOTOS-NO-SISTEMA-NOVO-2025-09-08T090353.013_2025-09-08_12-04-01.webp.webp?fit=1200%2C675&ssl=1&resize=1050%2C600 3x"},"classes":[]}],"jetpack_sharing_enabled":true,"jetpack_shortlink":"https:\/\/wp.me\/peQAOb-4jM","_links":{"self":[{"href":"https:\/\/noticiasribeiraopreto.com.br\/index.php\/wp-json\/wp\/v2\/posts\/16602","targetHints":{"allow":["GET"]}}],"collection":[{"href":"https:\/\/noticiasribeiraopreto.com.br\/index.php\/wp-json\/wp\/v2\/posts"}],"about":[{"href":"https:\/\/noticiasribeiraopreto.com.br\/index.php\/wp-json\/wp\/v2\/types\/post"}],"author":[{"embeddable":true,"href":"https:\/\/noticiasribeiraopreto.com.br\/index.php\/wp-json\/wp\/v2\/users\/1"}],"replies":[{"embeddable":true,"href":"https:\/\/noticiasribeiraopreto.com.br\/index.php\/wp-json\/wp\/v2\/comments?post=16602"}],"version-history":[{"count":0,"href":"https:\/\/noticiasribeiraopreto.com.br\/index.php\/wp-json\/wp\/v2\/posts\/16602\/revisions"}],"wp:featuredmedia":[{"embeddable":true,"href":"https:\/\/noticiasribeiraopreto.com.br\/index.php\/wp-json\/wp\/v2\/media\/16603"}],"wp:attachment":[{"href":"https:\/\/noticiasribeiraopreto.com.br\/index.php\/wp-json\/wp\/v2\/media?parent=16602"}],"wp:term":[{"taxonomy":"category","embeddable":true,"href":"https:\/\/noticiasribeiraopreto.com.br\/index.php\/wp-json\/wp\/v2\/categories?post=16602"},{"taxonomy":"post_tag","embeddable":true,"href":"https:\/\/noticiasribeiraopreto.com.br\/index.php\/wp-json\/wp\/v2\/tags?post=16602"}],"curies":[{"name":"wp","href":"https:\/\/api.w.org\/{rel}","templated":true}]}}