{"id":16649,"date":"2023-12-16T00:39:49","date_gmt":"2023-12-16T03:39:49","guid":{"rendered":"https:\/\/noticiasribeiraopreto.com.br\/index.php\/2023\/12\/16\/conheca-os-8-beneficios-da-couve-flor-meu-valor-digital\/"},"modified":"2023-12-16T00:39:49","modified_gmt":"2023-12-16T03:39:49","slug":"conheca-os-8-beneficios-da-couve-flor-meu-valor-digital","status":"publish","type":"post","link":"https:\/\/noticiasribeiraopreto.com.br\/index.php\/2023\/12\/16\/conheca-os-8-beneficios-da-couve-flor-meu-valor-digital\/","title":{"rendered":"Conhe\u00e7a os 8 benef\u00edcios da couve-flor &#8211; Meu Valor Digital"},"content":{"rendered":"<div class='code-block code-block-1' style='margin: 8px 0 8px auto; text-align: right; display: block; clear: both;'>\n<p><a href=\"https:\/\/wa.link\/vpicfd\"><img data-recalc-dims=\"1\" class=\"wp-image-4922\" style=\"aspect-ratio: 2.0253164556962027; width: 561px; height: auto;\" src=\"https:\/\/i0.wp.com\/ismaelcolosi.com.br\/wp-content\/uploads\/2023\/11\/grupo-de-empregos-whatsapp-e-facebook-ismael-colosi-vagas.jpg?ssl=1\" alt=\"\" \/><\/a><\/p>\n<!-- \/wp:image -->\n<\/div>\n<p> <br \/>\n<\/p>\n<div>\n<p>A couve-flor \u00e9 uma hortali\u00e7a do tipo infloresc\u00eancia (conjunto de flores) que pertence \u00e0 esp\u00e9cie Brassica oleracea (couves), assim como o repolho, os br\u00f3colos, o romanesco, etc., cuja textura delicada e tenra exige cuidado e aten\u00e7\u00e3o na sua prepara\u00e7\u00e3o. Pertence ao grupo Botrytis.<\/p>\n<p>Pode ser consumida crua, cozida (recomenda-se a vapor) ou de outras formas: frita, empanada, assada e gratinada.<\/p>\n<p>Voc\u00ea pode encontrar couve-flor nas cores branca, verde, amarela ou roxa, que variam principalmente nos tipos de compostos antioxidantes.\u00a0<\/p>\n<p>A cor roxa \u00e9 causada pela presen\u00e7a de antocianina, que \u00e9 um pigmento inofensivo e sol\u00favel em \u00e1gua. A couve-flor laranja cont\u00e9m betacarotenos e a verde \u00e9 rica em clorofila.<\/p>\n<p>Voc\u00ea sabia que a couve-flor pode oferecer v\u00e1rios benef\u00edcios \u00e0 sua sa\u00fade? Quer saber como? Continue lendo o texto.<\/p>\n<h2 class=\"wp-block-heading\" id=\"h-facilita-o-emagrecimento\">Facilita o emagrecimento<\/h2>\n<p>A couve-flor tem grande quantidade de fibras, o que pode prolongar a saciedade, com isso, voc\u00ea sentir\u00e1 menos fome ao longo do dia. \u00c9 um \u00f3timo alimento para quem quer emagrecer!<\/p>\n<p>\u00c9 tamb\u00e9m rica em triptofano, um amino\u00e1cido que ajuda a controlar a ansiedade e melhorar o bem-estar. Para quem tem compuls\u00e3o alimentar, a couve-flor pode ajudar na perda de peso.<\/p>\n<h2 class=\"wp-block-heading\" id=\"h-previne-doencas-cardiovasculares\">Previne doen\u00e7as cardiovasculares<\/h2>\n<p>A couve-flor pode ser \u00f3tima para o <a href=\"https:\/\/meuvalordigital.com.br\/10-doencas-que-voce-pode-desenvolver-por-dormir-pouco\/\" target=\"_blank\" rel=\"noreferrer noopener\">seu cora\u00e7\u00e3o!<\/a> Ela cont\u00e9m vitamina C, glicosinolatos, isotiocianatos e sulforafanos, que s\u00e3o compostos bioativos com a\u00e7\u00e3o antioxidante e anti-inflamat\u00f3ria. O que faz a couve-flor ser boa para a sa\u00fade das art\u00e9rias e a circula\u00e7\u00e3o de sangue. Isso vai prevenir doen\u00e7as como derrame e press\u00e3o alta.<\/p>\n<h2 class=\"wp-block-heading\" id=\"h-combate-e-prisao-de-ventre\">Combate e pris\u00e3o de ventre<\/h2>\n<p>Como a couve-flor \u00e9 rica em fibras, ela ser\u00e1 um \u00f3timo alimento para quem sofre com pris\u00e3o de ventre. O alimento estimula os movimentos do intestino e deixa as fezes mais macias, facilitando a evacua\u00e7\u00e3o.\u00a0<\/p>\n<h2 class=\"wp-block-heading\" id=\"h-melhora-o-sono\">Melhora o sono<\/h2>\n<p>A couve-flor possui triptofano e cont\u00e9m vitamina C.\u00a0 que vai ajudar na produ\u00e7\u00e3o de serotonina e dopamina, que s\u00e3o neurotransmissores que melhoram o sono, o humor, o prazer e o bem-estar geral.<\/p>\n<h2 class=\"wp-block-heading\" id=\"h-saude-dos-ossos\">Sa\u00fade dos ossos<\/h2>\n<p>Se voc\u00ea quer manter a sa\u00fade dos seus ossos e n\u00e3o ter que passar por situa\u00e7\u00f5es como osteopenia e osteoporose. Isso porque a couve-flor cont\u00eam f\u00f3sforo e vitamina K.<\/p>\n<h2 class=\"wp-block-heading\" id=\"h-prevenir-o-cancer\">Prevenir o c\u00e2ncer<\/h2>\n<p>Segundo a Sociedade Brasileira de Cancerologia (SBC), a couve-flor pode prevenir alguns tipos de c\u00e2ncer, como o de pr\u00f3stata e o de mama. Al\u00e9m disso, \u00e9 indicada ainda para tratar as fun\u00e7\u00f5es digestivas, sendo muito recomend\u00e1vel para ser usada na dieta de doentes que sofrem de gastrite, \u00falcera e dispepsia.<\/p>\n<h2 class=\"wp-block-heading\" id=\"h-evita-a-diabetes\">Evita a diabetes<\/h2>\n<p>As pessoas diab\u00e9ticas podem consumir a couve-flor. O alimento \u00e9 repleto de benef\u00edcios, podendo ajudar a controlar os n\u00edveis de glicose no sangue e melhorar a sa\u00fade em geral.<\/p>\n<p>Leia tamb\u00e9m | <strong><a href=\"https:\/\/meuvalordigital.com.br\/cancer-de-mama-saiba-o-que-voce-precisa-saber-sobre-a-doenca\/\" target=\"_blank\" rel=\"noreferrer noopener\">C\u00e2ncer de Mama: saiba o que voc\u00ea precisa saber sobre a doen\u00e7a<\/a><\/strong><\/p>\n<h2 class=\"wp-block-heading\" id=\"h-previne-o-envelhecimento-precoce\">Previne o envelhecimento precoce<\/h2>\n<p>A couve-flor \u00e9 rica em antioxidantes, entre eles a vitamina C, subst\u00e2ncia que previne inflama\u00e7\u00f5es e a a\u00e7\u00e3o dos radicais livres no organismo. Evitando o envelhecimento precoce e o desenvolvimento de doen\u00e7as cr\u00f4nicas como alguns tipos de c\u00e2ncer.<\/p>\n<\/div>\n<p><br \/>\n<br \/><a href=\"https:\/\/meuvalordigital.com.br\/conheca-os-8-beneficios-da-couve-flor\/\">Source link <\/a><\/p>\n<!-- CONTENT END 1 -->\n","protected":false},"excerpt":{"rendered":"<p>A couve-flor \u00e9 uma hortali\u00e7a do tipo infloresc\u00eancia (conjunto de flores) que pertence \u00e0 esp\u00e9cie Brassica oleracea (couves), assim como o repolho, os br\u00f3colos, o&#8230;<\/p>\n","protected":false},"author":1,"featured_media":16650,"comment_status":"open","ping_status":"open","sticky":false,"template":"","format":"standard","meta":{"advanced_seo_description":"","jetpack_seo_html_title":"","jetpack_seo_noindex":false,"jetpack_post_was_ever_published":false,"_jetpack_newsletter_access":"","_jetpack_dont_email_post_to_subs":false,"_jetpack_newsletter_tier_id":0,"_jetpack_memberships_contains_paywalled_content":false,"_jetpack_memberships_contains_paid_content":false,"footnotes":"","jetpack_publicize_message":"","jetpack_publicize_feature_enabled":true,"jetpack_social_post_already_shared":true,"jetpack_social_options":{"image_generator_settings":{"template":"highway","default_image_id":0,"font":"","enabled":false},"version":2}},"categories":[7],"tags":[],"class_list":["post-16649","post","type-post","status-publish","format-standard","has-post-thumbnail","hentry","category-vagas-de-empregos-em-ribeirao-preto-regiao-brasil"],"jetpack_publicize_connections":[],"jetpack_featured_media_url":"https:\/\/i0.wp.com\/noticiasribeiraopreto.com.br\/wp-content\/uploads\/2023\/12\/Couve-flor-1.jpg?fit=1242%2C800&ssl=1","jetpack-related-posts":[{"id":10222,"url":"https:\/\/noticiasribeiraopreto.com.br\/index.php\/2023\/12\/04\/couve-flor-ajuda-a-inibir-o-desenvolvimento-de-celulas-cancerigenas\/","url_meta":{"origin":16649,"position":0},"title":"Couve-flor ajuda a inibir o desenvolvimento de c\u00e9lulas cancer\u00edgenas","author":"noticiasribeiraopreto.com.br","date":"4 de December de 2023","format":false,"excerpt":"Cr\u00e9ditos: Daniel Cancini Couve-flor em prato vegano do Carrito Organic \u2013 iStock\/Getty Images Respons\u00e1vel por refor\u00e7ar o sistema imunol\u00f3gico e contribuir para uma vida mais saud\u00e1vel, a couve-flor \u00e9 composta por nutrientes como c\u00e1lcio, pot\u00e1ssio, s\u00f3dio, vitaminas e fibras. Al\u00e9m disso, a hortali\u00e7a possui sulforafanos, que cont\u00eam enxofre e inibe\u2026","rel":"","context":"In &quot;Variedades&quot;","block_context":{"text":"Variedades","link":"https:\/\/noticiasribeiraopreto.com.br\/index.php\/category\/variedades\/"},"img":{"alt_text":"","src":"https:\/\/i0.wp.com\/noticiasribeiraopreto.com.br\/wp-content\/uploads\/2023\/12\/couve-flor-frigieira.jpg?fit=1200%2C638&ssl=1&resize=350%2C200","width":350,"height":200,"srcset":"https:\/\/i0.wp.com\/noticiasribeiraopreto.com.br\/wp-content\/uploads\/2023\/12\/couve-flor-frigieira.jpg?fit=1200%2C638&ssl=1&resize=350%2C200 1x, https:\/\/i0.wp.com\/noticiasribeiraopreto.com.br\/wp-content\/uploads\/2023\/12\/couve-flor-frigieira.jpg?fit=1200%2C638&ssl=1&resize=525%2C300 1.5x, https:\/\/i0.wp.com\/noticiasribeiraopreto.com.br\/wp-content\/uploads\/2023\/12\/couve-flor-frigieira.jpg?fit=1200%2C638&ssl=1&resize=700%2C400 2x, https:\/\/i0.wp.com\/noticiasribeiraopreto.com.br\/wp-content\/uploads\/2023\/12\/couve-flor-frigieira.jpg?fit=1200%2C638&ssl=1&resize=1050%2C600 3x"},"classes":[]},{"id":15608,"url":"https:\/\/noticiasribeiraopreto.com.br\/index.php\/2023\/12\/13\/o-vegetal-que-pode-prevenir-tumores-e-proteger-o-coracao\/","url_meta":{"origin":16649,"position":1},"title":"O vegetal que pode prevenir tumores e proteger o cora\u00e7\u00e3o","author":"noticiasribeiraopreto.com.br","date":"13 de December de 2023","format":false,"excerpt":"Entre os vegetais que est\u00e3o abundantemente dispon\u00edveis nas feiras e mercados est\u00e1 a couve-flor. Ela pertence \u00e0 fam\u00edlia dos cruc\u00edferos, que inclui tamb\u00e9m outros vegetais, como br\u00f3colis,\u00a0 couve-de-bruxelas, mostarda e rabanete. O vegetal \u00e9 famoso por ser rico em nutrientes, e v\u00e1rios estudos j\u00e1 demonstraram que seu consumo ajudaria a\u2026","rel":"","context":"In &quot;Variedades&quot;","block_context":{"text":"Variedades","link":"https:\/\/noticiasribeiraopreto.com.br\/index.php\/category\/variedades\/"},"img":{"alt_text":"","src":"https:\/\/i0.wp.com\/noticiasribeiraopreto.com.br\/wp-content\/uploads\/2023\/12\/istock-1647976306.jpg?fit=1200%2C638&ssl=1&resize=350%2C200","width":350,"height":200,"srcset":"https:\/\/i0.wp.com\/noticiasribeiraopreto.com.br\/wp-content\/uploads\/2023\/12\/istock-1647976306.jpg?fit=1200%2C638&ssl=1&resize=350%2C200 1x, https:\/\/i0.wp.com\/noticiasribeiraopreto.com.br\/wp-content\/uploads\/2023\/12\/istock-1647976306.jpg?fit=1200%2C638&ssl=1&resize=525%2C300 1.5x, https:\/\/i0.wp.com\/noticiasribeiraopreto.com.br\/wp-content\/uploads\/2023\/12\/istock-1647976306.jpg?fit=1200%2C638&ssl=1&resize=700%2C400 2x, https:\/\/i0.wp.com\/noticiasribeiraopreto.com.br\/wp-content\/uploads\/2023\/12\/istock-1647976306.jpg?fit=1200%2C638&ssl=1&resize=1050%2C600 3x"},"classes":[]},{"id":23023,"url":"https:\/\/noticiasribeiraopreto.com.br\/index.php\/2023\/12\/31\/o-vegetal-que-protege-os-rins-previne-o-cancer-e-e-ideal-para-diabetes\/","url_meta":{"origin":16649,"position":2},"title":"O vegetal que protege os rins, previne o c\u00e2ncer e \u00e9 ideal para diabetes","author":"noticiasribeiraopreto.com.br","date":"31 de December de 2023","format":false,"excerpt":"Existe um vegetal que est\u00e1 sempre presente no mercado e na feira e que ainda assim pode passar despercebido nas suas compras. Trata-se de um superalimento essencial para a sa\u00fade dos rins. Mais que isso: ele n\u00e3o s\u00f3 ajuda a regular a fun\u00e7\u00e3o renal, como tamb\u00e9m \u00e9 perfeito para diabetes\u2026","rel":"","context":"In &quot;Variedades&quot;","block_context":{"text":"Variedades","link":"https:\/\/noticiasribeiraopreto.com.br\/index.php\/category\/variedades\/"},"img":{"alt_text":"","src":"https:\/\/i0.wp.com\/noticiasribeiraopreto.com.br\/wp-content\/uploads\/2023\/12\/depositphotos-4628805-l-1.jpg?fit=1200%2C638&ssl=1&resize=350%2C200","width":350,"height":200,"srcset":"https:\/\/i0.wp.com\/noticiasribeiraopreto.com.br\/wp-content\/uploads\/2023\/12\/depositphotos-4628805-l-1.jpg?fit=1200%2C638&ssl=1&resize=350%2C200 1x, https:\/\/i0.wp.com\/noticiasribeiraopreto.com.br\/wp-content\/uploads\/2023\/12\/depositphotos-4628805-l-1.jpg?fit=1200%2C638&ssl=1&resize=525%2C300 1.5x, https:\/\/i0.wp.com\/noticiasribeiraopreto.com.br\/wp-content\/uploads\/2023\/12\/depositphotos-4628805-l-1.jpg?fit=1200%2C638&ssl=1&resize=700%2C400 2x, https:\/\/i0.wp.com\/noticiasribeiraopreto.com.br\/wp-content\/uploads\/2023\/12\/depositphotos-4628805-l-1.jpg?fit=1200%2C638&ssl=1&resize=1050%2C600 3x"},"classes":[]},{"id":18863,"url":"https:\/\/noticiasribeiraopreto.com.br\/index.php\/2023\/12\/21\/descubra-como-preparar-um-suco-de-vegetal-que-previne-diabetes\/","url_meta":{"origin":16649,"position":3},"title":"Descubra como preparar um suco de vegetal que previne diabetes","author":"noticiasribeiraopreto.com.br","date":"21 de December de 2023","format":false,"excerpt":"Cr\u00e9ditos: Depositphotos\/MaridavSuco de vegetal que previne a diabetes Ao contr\u00e1rio do que muitos podem pensar, o suco verde n\u00e3o \u00e9 apenas uma moda passageira no mundo da sa\u00fade e do bem-estar. Em vez disso, seus benef\u00edcios para a sa\u00fade acabam apoiados por uma crescente quantidade de pesquisas, especialmente quando se\u2026","rel":"","context":"In &quot;Variedades&quot;","block_context":{"text":"Variedades","link":"https:\/\/noticiasribeiraopreto.com.br\/index.php\/category\/variedades\/"},"img":{"alt_text":"","src":"https:\/\/i0.wp.com\/noticiasribeiraopreto.com.br\/wp-content\/uploads\/2023\/12\/depositphotos-29024247-xl-scaled-e1703094667783.jpg?fit=1200%2C638&ssl=1&resize=350%2C200","width":350,"height":200,"srcset":"https:\/\/i0.wp.com\/noticiasribeiraopreto.com.br\/wp-content\/uploads\/2023\/12\/depositphotos-29024247-xl-scaled-e1703094667783.jpg?fit=1200%2C638&ssl=1&resize=350%2C200 1x, https:\/\/i0.wp.com\/noticiasribeiraopreto.com.br\/wp-content\/uploads\/2023\/12\/depositphotos-29024247-xl-scaled-e1703094667783.jpg?fit=1200%2C638&ssl=1&resize=525%2C300 1.5x, https:\/\/i0.wp.com\/noticiasribeiraopreto.com.br\/wp-content\/uploads\/2023\/12\/depositphotos-29024247-xl-scaled-e1703094667783.jpg?fit=1200%2C638&ssl=1&resize=700%2C400 2x, https:\/\/i0.wp.com\/noticiasribeiraopreto.com.br\/wp-content\/uploads\/2023\/12\/depositphotos-29024247-xl-scaled-e1703094667783.jpg?fit=1200%2C638&ssl=1&resize=1050%2C600 3x"},"classes":[]},{"id":68779,"url":"https:\/\/noticiasribeiraopreto.com.br\/index.php\/2025\/04\/29\/jornal-da-franca-conheca-alguns-vegetais-que-ajudam-a-reduzir-a-pressao-alta-de-forma-natural\/","url_meta":{"origin":16649,"position":4},"title":"Jornal da Franca &#8211; Conhe\u00e7a alguns vegetais que ajudam a reduzir a press\u00e3o alta de forma natural","author":"noticiasribeiraopreto.com.br","date":"29 de April de 2025","format":false,"excerpt":"compartilhar no whatsapp compartilhar no telegram compartilhar no facebook compartilhar no linkedin Br\u00f3colis, couve, repolho e couve-flor podem ajudar no controle da press\u00e3o alta. Veja o que diz a pesquisa publicada na BMC Medicine Um estudo da Universidade Edith Cowan, na Austr\u00e1lia, trouxe novas evid\u00eancias sobre os benef\u00edcios dos vegetais\u2026","rel":"","context":"In &quot;Not\u00edcias de Franca-SP&quot;","block_context":{"text":"Not\u00edcias de Franca-SP","link":"https:\/\/noticiasribeiraopreto.com.br\/index.php\/category\/noticias-de-ribeirao-preto-sp-e-regiao-ismael-colosi\/noticias-franca-sp\/"},"img":{"alt_text":"","src":"https:\/\/i0.wp.com\/noticiasribeiraopreto.com.br\/wp-content\/uploads\/2025\/04\/2148352049.jpg?fit=1000%2C667&ssl=1&resize=350%2C200","width":350,"height":200,"srcset":"https:\/\/i0.wp.com\/noticiasribeiraopreto.com.br\/wp-content\/uploads\/2025\/04\/2148352049.jpg?fit=1000%2C667&ssl=1&resize=350%2C200 1x, https:\/\/i0.wp.com\/noticiasribeiraopreto.com.br\/wp-content\/uploads\/2025\/04\/2148352049.jpg?fit=1000%2C667&ssl=1&resize=525%2C300 1.5x, https:\/\/i0.wp.com\/noticiasribeiraopreto.com.br\/wp-content\/uploads\/2025\/04\/2148352049.jpg?fit=1000%2C667&ssl=1&resize=700%2C400 2x"},"classes":[]},{"id":20258,"url":"https:\/\/noticiasribeiraopreto.com.br\/index.php\/2023\/12\/24\/receita-de-suco-detox-para-tomar-apos-o-natal-e-desintoxicar-o-organismo\/","url_meta":{"origin":16649,"position":5},"title":"Receita de suco detox para tomar ap\u00f3s o Natal e desintoxicar o organismo","author":"noticiasribeiraopreto.com.br","date":"24 de December de 2023","format":false,"excerpt":"Um bom dia come\u00e7a com uma dose extra de \u00e2nimo, energia e sa\u00fade, que pode ser alcan\u00e7ada atrav\u00e9s de uma alimenta\u00e7\u00e3o adequada. Para impulsionar sua rotina, principalmente ap\u00f3s a ceia de Natal, que tal experimentar o suco detox de couve com abacaxi? Preparado com ingredientes antioxidantes e desintoxicantes, este suco\u2026","rel":"","context":"In &quot;Variedades&quot;","block_context":{"text":"Variedades","link":"https:\/\/noticiasribeiraopreto.com.br\/index.php\/category\/variedades\/"},"img":{"alt_text":"","src":"https:\/\/i0.wp.com\/noticiasribeiraopreto.com.br\/wp-content\/uploads\/2023\/12\/suco-detox-abacaxi.jpg?fit=1200%2C638&ssl=1&resize=350%2C200","width":350,"height":200,"srcset":"https:\/\/i0.wp.com\/noticiasribeiraopreto.com.br\/wp-content\/uploads\/2023\/12\/suco-detox-abacaxi.jpg?fit=1200%2C638&ssl=1&resize=350%2C200 1x, https:\/\/i0.wp.com\/noticiasribeiraopreto.com.br\/wp-content\/uploads\/2023\/12\/suco-detox-abacaxi.jpg?fit=1200%2C638&ssl=1&resize=525%2C300 1.5x, https:\/\/i0.wp.com\/noticiasribeiraopreto.com.br\/wp-content\/uploads\/2023\/12\/suco-detox-abacaxi.jpg?fit=1200%2C638&ssl=1&resize=700%2C400 2x, https:\/\/i0.wp.com\/noticiasribeiraopreto.com.br\/wp-content\/uploads\/2023\/12\/suco-detox-abacaxi.jpg?fit=1200%2C638&ssl=1&resize=1050%2C600 3x"},"classes":[]}],"jetpack_sharing_enabled":true,"jetpack_shortlink":"https:\/\/wp.me\/peQAOb-4kx","_links":{"self":[{"href":"https:\/\/noticiasribeiraopreto.com.br\/index.php\/wp-json\/wp\/v2\/posts\/16649","targetHints":{"allow":["GET"]}}],"collection":[{"href":"https:\/\/noticiasribeiraopreto.com.br\/index.php\/wp-json\/wp\/v2\/posts"}],"about":[{"href":"https:\/\/noticiasribeiraopreto.com.br\/index.php\/wp-json\/wp\/v2\/types\/post"}],"author":[{"embeddable":true,"href":"https:\/\/noticiasribeiraopreto.com.br\/index.php\/wp-json\/wp\/v2\/users\/1"}],"replies":[{"embeddable":true,"href":"https:\/\/noticiasribeiraopreto.com.br\/index.php\/wp-json\/wp\/v2\/comments?post=16649"}],"version-history":[{"count":0,"href":"https:\/\/noticiasribeiraopreto.com.br\/index.php\/wp-json\/wp\/v2\/posts\/16649\/revisions"}],"wp:featuredmedia":[{"embeddable":true,"href":"https:\/\/noticiasribeiraopreto.com.br\/index.php\/wp-json\/wp\/v2\/media\/16650"}],"wp:attachment":[{"href":"https:\/\/noticiasribeiraopreto.com.br\/index.php\/wp-json\/wp\/v2\/media?parent=16649"}],"wp:term":[{"taxonomy":"category","embeddable":true,"href":"https:\/\/noticiasribeiraopreto.com.br\/index.php\/wp-json\/wp\/v2\/categories?post=16649"},{"taxonomy":"post_tag","embeddable":true,"href":"https:\/\/noticiasribeiraopreto.com.br\/index.php\/wp-json\/wp\/v2\/tags?post=16649"}],"curies":[{"name":"wp","href":"https:\/\/api.w.org\/{rel}","templated":true}]}}