{"id":16653,"date":"2023-12-16T01:01:41","date_gmt":"2023-12-16T04:01:41","guid":{"rendered":"https:\/\/noticiasribeiraopreto.com.br\/index.php\/2023\/12\/16\/a-vida-dele-e-farra\/"},"modified":"2023-12-16T01:01:41","modified_gmt":"2023-12-16T04:01:41","slug":"a-vida-dele-e-farra","status":"publish","type":"post","link":"https:\/\/noticiasribeiraopreto.com.br\/index.php\/2023\/12\/16\/a-vida-dele-e-farra\/","title":{"rendered":"&#8216;a vida dele \u00e9 farra&#8217;"},"content":{"rendered":"<div class='code-block code-block-1' style='margin: 8px 0 8px auto; text-align: right; display: block; clear: both;'>\n<p><a href=\"https:\/\/wa.link\/vpicfd\"><img data-recalc-dims=\"1\" class=\"wp-image-4922\" style=\"aspect-ratio: 2.0253164556962027; width: 561px; height: auto;\" src=\"https:\/\/i0.wp.com\/ismaelcolosi.com.br\/wp-content\/uploads\/2023\/11\/grupo-de-empregos-whatsapp-e-facebook-ismael-colosi-vagas.jpg?ssl=1\" alt=\"\" \/><\/a><\/p>\n<!-- \/wp:image -->\n<\/div>\n<p> <br \/>\n<\/p>\n<div itemprop=\"text\">\n<p>Mc Loma se tornou muito famosa ap\u00f3s fazer m\u00fasica com as amigas, se tornando \u201cMc Loma e as G\u00eameas Lacra\u00e7\u00e3o\u201d. Depois disso, o trio passou a se dedicar como influenciadoras digitais.<\/p>\n<p>Embora ainda continuem muito pr\u00f3ximas, as tr\u00eas n\u00e3o vivem mais o mesmo momento de quando era mais novas. Loma se tornou m\u00e3e e desde que anunciou sua gravidez, vem lidando com cr\u00edticas e ataques.<\/p>\n<p>Um dos pontos mais questionados por internautas diz respeito a paternidade da filha da cantora, Melanie. Loma nunca revelou a identidade do pai crian\u00e7a, tampouco costuma falar sobre o assunto.<\/p>\n<p>No entanto, durante uma entrevista recente, a cantora surpreendeu a todos ao falar do assunto. Ela confirmou que o genitor se recusou a reconhecer a paternidade da menina e ainda tentou intimida-la durante a gesta\u00e7\u00e3o.<\/p>\n<p>\u201c<b>Eu deixei para l\u00e1 e n\u00e3o quis tocar mais nesse assunto. Quando ele falou que n\u00e3o queria fazer o DNA. Ele foi totalmente contra falando que o filho n\u00e3o era dele, que tinha vergonha. Ele falou: \u2018N\u00e3o fala para amigo porque eu tenho vergonha\u2019\u201d, <\/b>relatou a cantora.<\/p>\n<p><b>N\u00e3o ia mudar em nada, minha filha ia sofrer em ter contato com uma pessoa dessa. A vida dele \u00e9 farra, mulher e bebida. A gente tem zero contato. Ele n\u00e3o procura ela<\/b>\u201d, disparou<\/p>\n<blockquote class=\"instagram-media\" style=\"background: #FFF; border: 0; border-radius: 3px; box-shadow: 0 0 1px 0 rgba(0,0,0,0.5),0 1px 10px 0 rgba(0,0,0,0.15); margin: 1px; max-width: 540px; min-width: 326px; padding: 0; width: calc(100% - 2px);\" data-instgrm-permalink=\"https:\/\/www.instagram.com\/reel\/C041shJRFhJ\/?utm_source=ig_embed&amp;utm_campaign=loading\" data-instgrm-version=\"14\">\n<p>\u00a0<\/p>\n<p>Ver essa foto no Instagram<\/p>\n<p>\u00a0<\/p>\n<p style=\"color: #c9c8cd; font-family: Arial,sans-serif; font-size: 14px; line-height: 17px; margin-bottom: 0; margin-top: 8px; overflow: hidden; padding: 8px 0 7px; text-align: center; text-overflow: ellipsis; white-space: nowrap;\"><a style=\"color: #c9c8cd; font-family: Arial,sans-serif; font-size: 14px; font-style: normal; font-weight: normal; line-height: 17px; text-decoration: none;\" href=\"https:\/\/www.instagram.com\/reel\/C041shJRFhJ\/?utm_source=ig_embed&amp;utm_campaign=loading\" target=\"_blank\" rel=\"noopener\">Uma publica\u00e7\u00e3o compartilhada por GOSSIP DO DIA (@gossipdodia)<\/a><\/p>\n<\/blockquote>\n<p>Loma ainda falou sobre a figura paterna que a filha possui.\u00a0Quem assumiu\u00a0essa\u00a0responsabilidade\u00a0foi\u00a0Gabriel, marido de Mirella Santos, uma das g\u00eameas e amiga \u00edntima de Loma.<\/p>\n<\/div>\n<p><script async src=\"\/\/www.instagram.com\/embed.js\"><\/script><br \/>\n<br \/><br \/>\n<br \/><a href=\"https:\/\/fnmais.com\/mc-loma-revela-que-filha-foi-abandonada-pelo-pai-detalhes-vida-dele-farra\/\">Source link <\/a><\/p>\n<!-- CONTENT END 1 -->\n","protected":false},"excerpt":{"rendered":"<p>Mc Loma se tornou muito famosa ap\u00f3s fazer m\u00fasica com as amigas, se tornando \u201cMc Loma e as G\u00eameas Lacra\u00e7\u00e3o\u201d. Depois disso, o trio passou&#8230;<\/p>\n","protected":false},"author":1,"featured_media":16654,"comment_status":"open","ping_status":"open","sticky":false,"template":"","format":"standard","meta":{"advanced_seo_description":"","jetpack_seo_html_title":"","jetpack_seo_noindex":false,"jetpack_post_was_ever_published":false,"_jetpack_newsletter_access":"","_jetpack_dont_email_post_to_subs":false,"_jetpack_newsletter_tier_id":0,"_jetpack_memberships_contains_paywalled_content":false,"_jetpack_memberships_contains_paid_content":false,"footnotes":"","jetpack_publicize_message":"","jetpack_publicize_feature_enabled":true,"jetpack_social_post_already_shared":true,"jetpack_social_options":{"image_generator_settings":{"template":"highway","default_image_id":0,"font":"","enabled":false},"version":2}},"categories":[1],"tags":[],"class_list":["post-16653","post","type-post","status-publish","format-standard","has-post-thumbnail","hentry","category-blog"],"jetpack_publicize_connections":[],"jetpack_featured_media_url":"https:\/\/i0.wp.com\/noticiasribeiraopreto.com.br\/wp-content\/uploads\/2023\/12\/postimg-657d204f15dce4132.jpg?fit=1200%2C628&ssl=1","jetpack-related-posts":[{"id":12327,"url":"https:\/\/noticiasribeiraopreto.com.br\/index.php\/2023\/12\/07\/ximbinha-afirma-que-pastora-influenciou-decisao-de-joelma-em-encerrar-a-banda\/","url_meta":{"origin":16653,"position":0},"title":"Ximbinha afirma que pastora influenciou decis\u00e3o de Joelma em encerrar a banda","author":"noticiasribeiraopreto.com.br","date":"7 de December de 2023","format":false,"excerpt":"Ximbinha esteve no podcast Saladacast e voltou a falar sobre o fim da parceria, e do casamento, com Joelma. Durante a entrevista, Ximbinha afirmou que houve influ\u00eancia de uma lideran\u00e7a religiosa em sua separa\u00e7\u00e3o.Sem dizer o nome de quem seria a pastora, Ximbinha afirmou que havia uma pastora influenciando Joelma\u2026","rel":"","context":"In &quot;Blog&quot;","block_context":{"text":"Blog","link":"https:\/\/noticiasribeiraopreto.com.br\/index.php\/category\/blog\/"},"img":{"alt_text":"","src":"https:\/\/i0.wp.com\/noticiasribeiraopreto.com.br\/wp-content\/uploads\/2023\/12\/postimg-65724b5f328df6016.jpg?fit=1200%2C628&ssl=1&resize=350%2C200","width":350,"height":200,"srcset":"https:\/\/i0.wp.com\/noticiasribeiraopreto.com.br\/wp-content\/uploads\/2023\/12\/postimg-65724b5f328df6016.jpg?fit=1200%2C628&ssl=1&resize=350%2C200 1x, https:\/\/i0.wp.com\/noticiasribeiraopreto.com.br\/wp-content\/uploads\/2023\/12\/postimg-65724b5f328df6016.jpg?fit=1200%2C628&ssl=1&resize=525%2C300 1.5x, https:\/\/i0.wp.com\/noticiasribeiraopreto.com.br\/wp-content\/uploads\/2023\/12\/postimg-65724b5f328df6016.jpg?fit=1200%2C628&ssl=1&resize=700%2C400 2x, https:\/\/i0.wp.com\/noticiasribeiraopreto.com.br\/wp-content\/uploads\/2023\/12\/postimg-65724b5f328df6016.jpg?fit=1200%2C628&ssl=1&resize=1050%2C600 3x"},"classes":[]},{"id":26068,"url":"https:\/\/noticiasribeiraopreto.com.br\/index.php\/2024\/01\/09\/dado-dolabella-declara-apoio-e-se-mostra-ansioso-por-wanessa-no-bbb24\/","url_meta":{"origin":16653,"position":1},"title":"Dado Dolabella declara apoio e se mostra ansioso por Wanessa no BBB24","author":"noticiasribeiraopreto.com.br","date":"9 de January de 2024","format":false,"excerpt":"Wanessa pegou a muitos de surpresa depois de ter o nome confirmado no elenco do Big Brother Brasil 2024. A cantora j\u00e1 tinha entregado anteriormente que tinha o desejo de participar, mas a confirma\u00e7\u00e3o ainda pegou muita gente de surpresa.Vivendo uma fase nova em sua vida pessoal, a cantora vai\u2026","rel":"","context":"In &quot;Blog&quot;","block_context":{"text":"Blog","link":"https:\/\/noticiasribeiraopreto.com.br\/index.php\/category\/blog\/"},"img":{"alt_text":"","src":"https:\/\/i0.wp.com\/noticiasribeiraopreto.com.br\/wp-content\/uploads\/2024\/01\/postimg-659cc67ad46b05012.jpg?fit=1200%2C628&ssl=1&resize=350%2C200","width":350,"height":200,"srcset":"https:\/\/i0.wp.com\/noticiasribeiraopreto.com.br\/wp-content\/uploads\/2024\/01\/postimg-659cc67ad46b05012.jpg?fit=1200%2C628&ssl=1&resize=350%2C200 1x, https:\/\/i0.wp.com\/noticiasribeiraopreto.com.br\/wp-content\/uploads\/2024\/01\/postimg-659cc67ad46b05012.jpg?fit=1200%2C628&ssl=1&resize=525%2C300 1.5x, https:\/\/i0.wp.com\/noticiasribeiraopreto.com.br\/wp-content\/uploads\/2024\/01\/postimg-659cc67ad46b05012.jpg?fit=1200%2C628&ssl=1&resize=700%2C400 2x, https:\/\/i0.wp.com\/noticiasribeiraopreto.com.br\/wp-content\/uploads\/2024\/01\/postimg-659cc67ad46b05012.jpg?fit=1200%2C628&ssl=1&resize=1050%2C600 3x"},"classes":[]},{"id":17448,"url":"https:\/\/noticiasribeiraopreto.com.br\/index.php\/2023\/12\/18\/e-facil-falar-sem-sentir-na-pele\/","url_meta":{"origin":16653,"position":2},"title":"&#8216;\u00c9 f\u00e1cil falar sem sentir na pele&#8217;","author":"noticiasribeiraopreto.com.br","date":"18 de December de 2023","format":false,"excerpt":"Mais um caso lament\u00e1vel de racismo ganhou repercuss\u00e3o na web. Desta vez foi com a cantora Jojo Todynho. Ela estava em viagem no \u00faltimo s\u00e1bado 16.Na situa\u00e7\u00e3o, uma mulher se direciona a Jojo com o termo pejorativo de\u00a0 \u201cpreta arrogante\u201d. A cantora n\u00e3o se intimidou e foi at\u00e9 a mulher\u2026","rel":"","context":"In &quot;Blog&quot;","block_context":{"text":"Blog","link":"https:\/\/noticiasribeiraopreto.com.br\/index.php\/category\/blog\/"},"img":{"alt_text":"","src":"https:\/\/i0.wp.com\/noticiasribeiraopreto.com.br\/wp-content\/uploads\/2023\/12\/postimg-6580605c4c80f9086.jpg?fit=1200%2C628&ssl=1&resize=350%2C200","width":350,"height":200,"srcset":"https:\/\/i0.wp.com\/noticiasribeiraopreto.com.br\/wp-content\/uploads\/2023\/12\/postimg-6580605c4c80f9086.jpg?fit=1200%2C628&ssl=1&resize=350%2C200 1x, https:\/\/i0.wp.com\/noticiasribeiraopreto.com.br\/wp-content\/uploads\/2023\/12\/postimg-6580605c4c80f9086.jpg?fit=1200%2C628&ssl=1&resize=525%2C300 1.5x, https:\/\/i0.wp.com\/noticiasribeiraopreto.com.br\/wp-content\/uploads\/2023\/12\/postimg-6580605c4c80f9086.jpg?fit=1200%2C628&ssl=1&resize=700%2C400 2x, https:\/\/i0.wp.com\/noticiasribeiraopreto.com.br\/wp-content\/uploads\/2023\/12\/postimg-6580605c4c80f9086.jpg?fit=1200%2C628&ssl=1&resize=1050%2C600 3x"},"classes":[]},{"id":27297,"url":"https:\/\/noticiasribeiraopreto.com.br\/index.php\/2024\/01\/11\/bbb24-yasmin-brunet-fica-assustada-com-o-quadro-de-abstemia-de-beatriz-durante-a-festa-voce-ta-assim\/","url_meta":{"origin":16653,"position":3},"title":"BBB24: Yasmin Brunet fica assustada com o quadro de abstemia de Beatriz durante a festa: \u2018Voc\u00ea t\u00e1 assim\u2019","author":"noticiasribeiraopreto.com.br","date":"11 de January de 2024","format":false,"excerpt":"A vig\u00e9sima quarta edi\u00e7\u00e3o do Big Brother Brasil j\u00e1 est\u00e1 no ar e j\u00e1 tem dado o que falar, tanto que o reality show j\u00e1 se tornou um dos assuntos mais comentados nas redes sociais.A casa mais vigiada do Brasil j\u00e1 come\u00e7ou com o parquinho incendiado, inclusive, nas primeiras horas\u2026","rel":"","context":"In &quot;Blog&quot;","block_context":{"text":"Blog","link":"https:\/\/noticiasribeiraopreto.com.br\/index.php\/category\/blog\/"},"img":{"alt_text":"","src":"https:\/\/i0.wp.com\/noticiasribeiraopreto.com.br\/wp-content\/uploads\/2024\/01\/postimg-65a08bef49d442627.jpg?fit=1200%2C628&ssl=1&resize=350%2C200","width":350,"height":200,"srcset":"https:\/\/i0.wp.com\/noticiasribeiraopreto.com.br\/wp-content\/uploads\/2024\/01\/postimg-65a08bef49d442627.jpg?fit=1200%2C628&ssl=1&resize=350%2C200 1x, https:\/\/i0.wp.com\/noticiasribeiraopreto.com.br\/wp-content\/uploads\/2024\/01\/postimg-65a08bef49d442627.jpg?fit=1200%2C628&ssl=1&resize=525%2C300 1.5x, https:\/\/i0.wp.com\/noticiasribeiraopreto.com.br\/wp-content\/uploads\/2024\/01\/postimg-65a08bef49d442627.jpg?fit=1200%2C628&ssl=1&resize=700%2C400 2x, https:\/\/i0.wp.com\/noticiasribeiraopreto.com.br\/wp-content\/uploads\/2024\/01\/postimg-65a08bef49d442627.jpg?fit=1200%2C628&ssl=1&resize=1050%2C600 3x"},"classes":[]},{"id":7641,"url":"https:\/\/noticiasribeiraopreto.com.br\/index.php\/2023\/11\/28\/mc-mirella-fala-sobre-relacao-da-carreira-no-onlyfans-com-a-maternidade\/","url_meta":{"origin":16653,"position":4},"title":"MC Mirella fala sobre rela\u00e7\u00e3o da carreira no OnlyFans com a maternidade","author":"noticiasribeiraopreto.com.br","date":"28 de November de 2023","format":false,"excerpt":"A famosa \u2018 caixinhas de perguntas \u2018 d\u00e1 a possibilidade do seguidor perguntar diretamente ao famoso algo que sempre quis saber pra obter resposta. Acontece, que \u00e0s vezes, a pergunta n\u00e3o \u00e9 muito bem recebida e a resposta vem de uma maneira n\u00e3o muito esperada.A cantora MC Mirella estava interagindo\u2026","rel":"","context":"In &quot;Blog&quot;","block_context":{"text":"Blog","link":"https:\/\/noticiasribeiraopreto.com.br\/index.php\/category\/blog\/"},"img":{"alt_text":"","src":"https:\/\/i0.wp.com\/noticiasribeiraopreto.com.br\/wp-content\/uploads\/2023\/11\/postimg-656629e3bfaba4888.jpg?fit=1200%2C628&ssl=1&resize=350%2C200","width":350,"height":200,"srcset":"https:\/\/i0.wp.com\/noticiasribeiraopreto.com.br\/wp-content\/uploads\/2023\/11\/postimg-656629e3bfaba4888.jpg?fit=1200%2C628&ssl=1&resize=350%2C200 1x, https:\/\/i0.wp.com\/noticiasribeiraopreto.com.br\/wp-content\/uploads\/2023\/11\/postimg-656629e3bfaba4888.jpg?fit=1200%2C628&ssl=1&resize=525%2C300 1.5x, https:\/\/i0.wp.com\/noticiasribeiraopreto.com.br\/wp-content\/uploads\/2023\/11\/postimg-656629e3bfaba4888.jpg?fit=1200%2C628&ssl=1&resize=700%2C400 2x, https:\/\/i0.wp.com\/noticiasribeiraopreto.com.br\/wp-content\/uploads\/2023\/11\/postimg-656629e3bfaba4888.jpg?fit=1200%2C628&ssl=1&resize=1050%2C600 3x"},"classes":[]},{"id":42190,"url":"https:\/\/noticiasribeiraopreto.com.br\/index.php\/2024\/03\/13\/tudo-o-que-voce-precisa-saber\/","url_meta":{"origin":16653,"position":5},"title":"tudo o que voc\u00ea precisa saber!","author":"noticiasribeiraopreto.com.br","date":"13 de March de 2024","format":false,"excerpt":"A chegada de uma nova crian\u00e7a na fam\u00edlia \u00e9 carregada de emo\u00e7\u00e3o e mudan\u00e7as na rotina de todos. No entanto, a licen\u00e7a paternidade ainda levanta muitas d\u00favidas a respeito do seu funcionamento. No caso das mulheres, h\u00e1 a\u00a0licen\u00e7a maternidade\u00a0que d\u00e1 direito a 120 dias de afastamento remunerado do trabalho. Para\u2026","rel":"","context":"In &quot;Blog&quot;","block_context":{"text":"Blog","link":"https:\/\/noticiasribeiraopreto.com.br\/index.php\/category\/blog\/"},"img":{"alt_text":"","src":"https:\/\/i0.wp.com\/noticiasribeiraopreto.com.br\/wp-content\/uploads\/2024\/03\/licenca-paternidade.jpg?fit=1200%2C675&ssl=1&resize=350%2C200","width":350,"height":200,"srcset":"https:\/\/i0.wp.com\/noticiasribeiraopreto.com.br\/wp-content\/uploads\/2024\/03\/licenca-paternidade.jpg?fit=1200%2C675&ssl=1&resize=350%2C200 1x, https:\/\/i0.wp.com\/noticiasribeiraopreto.com.br\/wp-content\/uploads\/2024\/03\/licenca-paternidade.jpg?fit=1200%2C675&ssl=1&resize=525%2C300 1.5x, https:\/\/i0.wp.com\/noticiasribeiraopreto.com.br\/wp-content\/uploads\/2024\/03\/licenca-paternidade.jpg?fit=1200%2C675&ssl=1&resize=700%2C400 2x, https:\/\/i0.wp.com\/noticiasribeiraopreto.com.br\/wp-content\/uploads\/2024\/03\/licenca-paternidade.jpg?fit=1200%2C675&ssl=1&resize=1050%2C600 3x"},"classes":[]}],"jetpack_sharing_enabled":true,"jetpack_shortlink":"https:\/\/wp.me\/peQAOb-4kB","_links":{"self":[{"href":"https:\/\/noticiasribeiraopreto.com.br\/index.php\/wp-json\/wp\/v2\/posts\/16653","targetHints":{"allow":["GET"]}}],"collection":[{"href":"https:\/\/noticiasribeiraopreto.com.br\/index.php\/wp-json\/wp\/v2\/posts"}],"about":[{"href":"https:\/\/noticiasribeiraopreto.com.br\/index.php\/wp-json\/wp\/v2\/types\/post"}],"author":[{"embeddable":true,"href":"https:\/\/noticiasribeiraopreto.com.br\/index.php\/wp-json\/wp\/v2\/users\/1"}],"replies":[{"embeddable":true,"href":"https:\/\/noticiasribeiraopreto.com.br\/index.php\/wp-json\/wp\/v2\/comments?post=16653"}],"version-history":[{"count":0,"href":"https:\/\/noticiasribeiraopreto.com.br\/index.php\/wp-json\/wp\/v2\/posts\/16653\/revisions"}],"wp:featuredmedia":[{"embeddable":true,"href":"https:\/\/noticiasribeiraopreto.com.br\/index.php\/wp-json\/wp\/v2\/media\/16654"}],"wp:attachment":[{"href":"https:\/\/noticiasribeiraopreto.com.br\/index.php\/wp-json\/wp\/v2\/media?parent=16653"}],"wp:term":[{"taxonomy":"category","embeddable":true,"href":"https:\/\/noticiasribeiraopreto.com.br\/index.php\/wp-json\/wp\/v2\/categories?post=16653"},{"taxonomy":"post_tag","embeddable":true,"href":"https:\/\/noticiasribeiraopreto.com.br\/index.php\/wp-json\/wp\/v2\/tags?post=16653"}],"curies":[{"name":"wp","href":"https:\/\/api.w.org\/{rel}","templated":true}]}}