{"id":16655,"date":"2023-12-16T01:02:58","date_gmt":"2023-12-16T04:02:58","guid":{"rendered":"https:\/\/noticiasribeiraopreto.com.br\/index.php\/2023\/12\/16\/bb-seguridade-abre-10-vagas-de-emprego-em-sao-paulo-e-franca-2\/"},"modified":"2023-12-16T01:02:58","modified_gmt":"2023-12-16T04:02:58","slug":"bb-seguridade-abre-10-vagas-de-emprego-em-sao-paulo-e-franca-2","status":"publish","type":"post","link":"https:\/\/noticiasribeiraopreto.com.br\/index.php\/2023\/12\/16\/bb-seguridade-abre-10-vagas-de-emprego-em-sao-paulo-e-franca-2\/","title":{"rendered":"BB Seguridade abre 10 vagas de emprego em S\u00e3o Paulo e Franca"},"content":{"rendered":"<div class='code-block code-block-1' style='margin: 8px 0 8px auto; text-align: right; display: block; clear: both;'>\n<p><a href=\"https:\/\/wa.link\/vpicfd\"><img data-recalc-dims=\"1\" class=\"wp-image-4922\" style=\"aspect-ratio: 2.0253164556962027; width: 561px; height: auto;\" src=\"https:\/\/i0.wp.com\/ismaelcolosi.com.br\/wp-content\/uploads\/2023\/11\/grupo-de-empregos-whatsapp-e-facebook-ismael-colosi-vagas.jpg?ssl=1\" alt=\"\" \/><\/a><\/p>\n<!-- \/wp:image -->\n<\/div>\n<p> <br \/>\n<\/p>\n<div>\n<p><img data-recalc-dims=\"1\" decoding=\"async\" src=\"https:\/\/i0.wp.com\/jcconcursos.uol.com.br\/media\/uploads\/noticia\/banco_do_brasil_bb__-_divulgacaojc_concursos.jpg?ssl=1\" class=\"lazy\" loading=\"lazy\"\/><noscript><img data-recalc-dims=\"1\" decoding=\"async\" src=\"https:\/\/i0.wp.com\/jcconcursos.uol.com.br\/media\/uploads\/noticia\/banco_do_brasil_bb__-_divulgacaojc_concursos.jpg?ssl=1\"\/><\/noscript><\/p>\n<div>\n<p>Voc\u00ea est\u00e1 em busca de uma oportunidade de emprego em uma empresa que valoriza o seu talento e o seu bem-estar? Ent\u00e3o, confira esta not\u00edcia: a<strong> BB Seguridade<\/strong>, uma empresa BB Seguros, holding que concentra os neg\u00f3cios de seguridade do Banco do Brasil, est\u00e1 com 10 vagas de emprego dispon\u00edveis em S\u00e3o Paulo e Franca.<\/p>\n<p>As vagas s\u00e3o para os seguintes cargos e fun\u00e7\u00f5es:<\/p>\n<ul>\n<li>Analista de Produtos S\u00eanior \u2013 Product Manager (S\u00e3o Paulo \u2013 SP) \u2013 Efetivo<\/li>\n<li>Aprendiz Administrativo \u2013 Ouvidoria (S\u00e3o Paulo \u2013 SP) \u2013 Aprendiz<\/li>\n<li>Aprendiz Administrativo \u2013 Suprimentos (S\u00e3o Paulo \u2013 SP) \u2013 Aprendiz<\/li>\n<li>Aprendiz Administrativo \u2013 Tributos (S\u00e3o Paulo \u2013 SP) \u2013 Aprendiz<\/li>\n<li>Aprendiz \u2013 RH (Franca \u2013 SP) \u2013 Aprendiz<\/li>\n<li>Atendente de Call Center (Vaga Exclusiva para Pessoas Com Defici\u00eancia) (Franca \u2013 SP) \u2013 Efetivo<\/li>\n<li>Banco de Talentos (S\u00e3o Paulo \u2013 SP) \u2013 Banco de talentos<\/li>\n<li>Banco de Talentos \u2013 Atendente de Call Center Franca \u2013 SP e Regi\u00e3o (Franca \u2013 SP) \u2013 Banco de talentos<\/li>\n<li>Banco de Talentos \u2013 Jovem Aprendiz Administrativo Franca-SP (Franca \u2013 SP) \u2013 Banco de talentos<\/li>\n<li>Consultor de Vendas J\u00fanior \u2013 Rio de Janeiro (Mogi das Cruzes \u2013 SP) \u2013 Efetivo<\/li>\n<\/ul>\n<p>As vagas s\u00e3o para todos os n\u00edveis de escolaridade e experi\u00eancia, e a descri\u00e7\u00e3o dos cargos e fun\u00e7\u00f5es pode ser consultada nos anexos.<\/p>\n<h2>Os benef\u00edcios<\/h2>\n<p>A BB Seguridade oferece aos seus colaboradores uma s\u00e9rie de benef\u00edcios, tais como:<\/p>\n<ul>\n<li>Seguro Sa\u00fade;<\/li>\n<li>Seguro Odontol\u00f3gico;<\/li>\n<li>Seguro Decesso;<\/li>\n<li>Vale Transporte;<\/li>\n<li>Vale Refei\u00e7\u00e3o;<\/li>\n<li>Vale Alimenta\u00e7\u00e3o;<\/li>\n<li>13\u00aa Cesta de Alimenta\u00e7\u00e3o;<\/li>\n<li>Seguro de Vida em Grupo;<\/li>\n<li>Plano de Previd\u00eancia Privada;<\/li>\n<li>Aux\u00edlio Creche e\/ou Bab\u00e1;<\/li>\n<li>Participa\u00e7\u00e3o nos Lucros e Resultados (PLR);<\/li>\n<li>Gympass;<\/li>\n<li>Day off para comemorar seu anivers\u00e1rio;<\/li>\n<li>Universidade Corporativa com mais 300 cursos;<\/li>\n<li>Skillhub: descontos em diversas institui\u00e7\u00f5es de ensino;<\/li>\n<li>Programa de Sa\u00fade Integrada: mental, social, financeira e f\u00edsica.<\/li>\n<\/ul>\n<h2>Como se candidatar<\/h2>\n<p>Para se candidatar a uma das vagas, \u00e9 necess\u00e1rio acessar o <a href=\"https:\/\/brasilseg.gupy.io\/\">site da BB Seguridade<\/a> e preencher o formul\u00e1rio de inscri\u00e7\u00e3o. O processo seletivo pode envolver testes online, entrevistas e din\u00e2micas de grupo, de acordo com o cargo e a fun\u00e7\u00e3o pretendidos.<\/p>\n<h2>Sobre a BB Seguridade<\/h2>\n<p>A BB Seguridade \u00e9 uma empresa BB Seguros, holding que concentra os neg\u00f3cios de seguridade do Banco do Brasil. A empresa atua nos ramos de Vida, Habitacional, Rural e Massificados (Residencial, Empresarial, Condom\u00ednio e M\u00e1quinas e Equipamentos), sendo a seguradora l\u00edder nacional nos ramos em que atua.<\/p>\n<p>A BB Seguridade conta com mais de 2.100 colaboradores, distribu\u00eddos entre S\u00e3o Paulo (Sede), Franca (Central de Relacionamento e Neg\u00f3cios) e outros estados (time Comercial). A empresa tem como miss\u00e3o cuidar de pessoas e proteger o que \u00e9 valioso para elas, em todos os momentos de suas vidas, oferecendo solu\u00e7\u00f5es simples, \u00e1geis e convenientes.<\/p>\n<p>+++Acompanhe as principais<a href=\"https:\/\/jcconcursos.com.br\/noticia\/empregos\"> vagas de emprego do Brasil no JC Concursos<\/a><\/p>\n<p><a id=\"gnews_btn\" href=\"https:\/\/news.google.com\/publications\/CAAqBwgKMOixlQswuZWrAw\" target=\"_blank\" class=\"border_jc_blue link_hover_bg_jc_blue font_85 d-block d-md-inline-block px-2 py-1 mr-0 mr-md-2 mb-3 w-100 text-center\" rel=\"noopener\"><span class=\"text_jc_blue\">Siga o <strong>JC Concursos no Google News<\/strong><\/span><\/a><a href=\"https:\/\/jcconcursos.com.br\/empregos\/\" class=\"badge badge-light\">empregos<\/a><a href=\"https:\/\/jcconcursos.com.br\/noticia\/empregos\" class=\"badge badge-light\">vagas de emprego<\/a><\/p>\n<\/div>\n<p><a href=\"https:\/\/jcconcursos.com.br\/noticia\/empregos\/bb-seguridade-abre-10-vagas-de-emprego-em-sao-paulo-e-franca-120081\">Source link <\/a><\/p>\n<\/p><\/div>\n<p><br \/>\n<br \/><a href=\"https:\/\/ismaelcolosi.com.br\/bb-seguridade-abre-10-vagas-de-emprego-em-sao-paulo-e-franca\/\">Source link <\/a><\/p>\n<!-- CONTENT END 1 -->\n","protected":false},"excerpt":{"rendered":"<p>Voc\u00ea est\u00e1 em busca de uma oportunidade de emprego em uma empresa que valoriza o seu talento e o seu bem-estar? Ent\u00e3o, confira esta not\u00edcia:&#8230;<\/p>\n","protected":false},"author":1,"featured_media":16656,"comment_status":"open","ping_status":"open","sticky":false,"template":"","format":"standard","meta":{"advanced_seo_description":"","jetpack_seo_html_title":"","jetpack_seo_noindex":false,"jetpack_post_was_ever_published":false,"_jetpack_newsletter_access":"","_jetpack_dont_email_post_to_subs":false,"_jetpack_newsletter_tier_id":0,"_jetpack_memberships_contains_paywalled_content":false,"_jetpack_memberships_contains_paid_content":false,"footnotes":"","jetpack_publicize_message":"","jetpack_publicize_feature_enabled":true,"jetpack_social_post_already_shared":true,"jetpack_social_options":{"image_generator_settings":{"template":"highway","default_image_id":0,"font":"","enabled":false},"version":2}},"categories":[7],"tags":[],"class_list":["post-16655","post","type-post","status-publish","format-standard","has-post-thumbnail","hentry","category-vagas-de-empregos-em-ribeirao-preto-regiao-brasil"],"jetpack_publicize_connections":[],"jetpack_featured_media_url":"https:\/\/i0.wp.com\/noticiasribeiraopreto.com.br\/wp-content\/uploads\/2023\/12\/banco_do_brasil_bb__-_divulgacaojc_concursos.jpg?fit=1920%2C1080&ssl=1","jetpack-related-posts":[{"id":51384,"url":"https:\/\/noticiasribeiraopreto.com.br\/index.php\/2024\/05\/25\/vagas-de-empregos-no-assai-para-trabalhar-em-ribeirao-preto-sp-4\/","url_meta":{"origin":16655,"position":0},"title":"Vagas de empregos no Assa\u00ed para trabalhar em Ribeir\u00e3o Preto-SP","author":"noticiasribeiraopreto.com.br","date":"25 de May de 2024","format":false,"excerpt":"Assa\u00ed AtacadistaSelo de Feedback #VemserAssa\u00edHey, voc\u00ea!J\u00e1 pensou em trabalhar em uma empresa com mais de\u00a049 anos de tradi\u00e7\u00e3o, que est\u00e1 em expans\u00e3o acelerada e \u00e9 uma das\u00a0Marcas Mais Valiosas do Brasil, segundo a Interbrand?Mas primeiro, deixa a gente se apresentar: somos o\u00a0Assa\u00ed Atacadista\u00a0e estamos em busca de profissionais como voc\u00ea!\u2026","rel":"","context":"In &quot;Vagas de Emprego em Ribeir\u00e3o Preto-SP&quot;","block_context":{"text":"Vagas de Emprego em Ribeir\u00e3o Preto-SP","link":"https:\/\/noticiasribeiraopreto.com.br\/index.php\/category\/empregos-classificados-vagas-trabalho\/vagas-de-empregos-em-ribeirao-preto-regiao-brasil\/"},"img":{"alt_text":"","src":"https:\/\/i0.wp.com\/noticiasribeiraopreto.com.br\/wp-content\/uploads\/2024\/05\/1716674054_2023-01-04_20-17_companyLogoUrl.jpg?fit=450%2C450&ssl=1&resize=350%2C200","width":350,"height":200},"classes":[]},{"id":55747,"url":"https:\/\/noticiasribeiraopreto.com.br\/index.php\/2024\/08\/06\/vagas-de-empregos-no-assai-para-trabalhar-em-ribeirao-preto-sp-7\/","url_meta":{"origin":16655,"position":1},"title":"Vagas de empregos no Assa\u00ed para trabalhar em Ribeir\u00e3o Preto-SP","author":"noticiasribeiraopreto.com.br","date":"6 de August de 2024","format":false,"excerpt":"Assa\u00ed Atacadista #VemserAssa\u00edHey, voc\u00ea!J\u00e1 pensou em trabalhar em uma empresa com mais de\u00a049 anos de tradi\u00e7\u00e3o, que est\u00e1 em expans\u00e3o acelerada e \u00e9 uma das\u00a0Marcas Mais Valiosas do Brasil, segundo a Interbrand?Mas primeiro, deixa a gente se apresentar: somos o\u00a0Assa\u00ed Atacadista\u00a0e estamos em busca de profissionais como voc\u00ea! Queremos fortalecer\u2026","rel":"","context":"In &quot;Vagas de Emprego em Ribeir\u00e3o Preto-SP&quot;","block_context":{"text":"Vagas de Emprego em Ribeir\u00e3o Preto-SP","link":"https:\/\/noticiasribeiraopreto.com.br\/index.php\/category\/empregos-classificados-vagas-trabalho\/vagas-de-empregos-em-ribeirao-preto-regiao-brasil\/"},"img":{"alt_text":"","src":"https:\/\/i0.wp.com\/noticiasribeiraopreto.com.br\/wp-content\/uploads\/2024\/08\/2023-01-04_20-17_companyLogoUrl.jpg?fit=450%2C450&ssl=1&resize=350%2C200","width":350,"height":200},"classes":[]},{"id":54577,"url":"https:\/\/noticiasribeiraopreto.com.br\/index.php\/2024\/07\/13\/vagas-de-empregos-no-assai-para-trabalhar-em-ribeirao-preto-sp-6\/","url_meta":{"origin":16655,"position":2},"title":"Vagas de empregos no Assa\u00ed para trabalhar em Ribeir\u00e3o Preto-SP","author":"noticiasribeiraopreto.com.br","date":"13 de July de 2024","format":false,"excerpt":"Assa\u00ed Atacadista #VemserAssa\u00edHey, voc\u00ea!J\u00e1 pensou em trabalhar em uma empresa com mais de\u00a049 anos de tradi\u00e7\u00e3o, que est\u00e1 em expans\u00e3o acelerada e \u00e9 uma das\u00a0Marcas Mais Valiosas do Brasil, segundo a Interbrand?Mas primeiro, deixa a gente se apresentar: somos o\u00a0Assa\u00ed Atacadista\u00a0e estamos em busca de profissionais como voc\u00ea! Queremos fortalecer\u2026","rel":"","context":"In &quot;Vagas de Emprego em Ribeir\u00e3o Preto-SP&quot;","block_context":{"text":"Vagas de Emprego em Ribeir\u00e3o Preto-SP","link":"https:\/\/noticiasribeiraopreto.com.br\/index.php\/category\/empregos-classificados-vagas-trabalho\/vagas-de-empregos-em-ribeirao-preto-regiao-brasil\/"},"img":{"alt_text":"","src":"https:\/\/i0.wp.com\/noticiasribeiraopreto.com.br\/wp-content\/uploads\/2024\/07\/2023-01-04_20-17_companyLogoUrl.jpg?fit=450%2C450&ssl=1&resize=350%2C200","width":350,"height":200},"classes":[]},{"id":25558,"url":"https:\/\/noticiasribeiraopreto.com.br\/index.php\/2024\/01\/07\/vagas-de-emprego-no-carrefour-em-ribeirao-preto-sp-4\/","url_meta":{"origin":16655,"position":3},"title":"Vagas de emprego no Carrefour em Ribeir\u00e3o Preto-SP","author":"noticiasribeiraopreto.com.br","date":"7 de January de 2024","format":false,"excerpt":"Sobre a empresa Somos l\u00edderes no mercado brasileiro de varejo alimentar, com bandeiras e marcas devidamente estabelecidas e reconhecidas pelos consumidores brasileiros. Possu\u00edmos mais de quinhentos pontos de vendas, presentes em todos os estados, entre hipermercados, supermercados, lojas de proximidade, atacados, e-commerce, postos de combust\u00edveis e drogarias. H\u00e1 mais de\u2026","rel":"","context":"In &quot;Vagas de Emprego em Ribeir\u00e3o Preto-SP&quot;","block_context":{"text":"Vagas de Emprego em Ribeir\u00e3o Preto-SP","link":"https:\/\/noticiasribeiraopreto.com.br\/index.php\/category\/empregos-classificados-vagas-trabalho\/vagas-de-empregos-em-ribeirao-preto-regiao-brasil\/"},"img":{"alt_text":"","src":"https:\/\/i0.wp.com\/noticiasribeiraopreto.com.br\/wp-content\/uploads\/2024\/01\/1704665334_WhatsApp-Image-2022-05-12-at-14.36.49.jpeg?fit=1200%2C628&ssl=1&resize=350%2C200","width":350,"height":200,"srcset":"https:\/\/i0.wp.com\/noticiasribeiraopreto.com.br\/wp-content\/uploads\/2024\/01\/1704665334_WhatsApp-Image-2022-05-12-at-14.36.49.jpeg?fit=1200%2C628&ssl=1&resize=350%2C200 1x, https:\/\/i0.wp.com\/noticiasribeiraopreto.com.br\/wp-content\/uploads\/2024\/01\/1704665334_WhatsApp-Image-2022-05-12-at-14.36.49.jpeg?fit=1200%2C628&ssl=1&resize=525%2C300 1.5x, https:\/\/i0.wp.com\/noticiasribeiraopreto.com.br\/wp-content\/uploads\/2024\/01\/1704665334_WhatsApp-Image-2022-05-12-at-14.36.49.jpeg?fit=1200%2C628&ssl=1&resize=700%2C400 2x, https:\/\/i0.wp.com\/noticiasribeiraopreto.com.br\/wp-content\/uploads\/2024\/01\/1704665334_WhatsApp-Image-2022-05-12-at-14.36.49.jpeg?fit=1200%2C628&ssl=1&resize=1050%2C600 3x"},"classes":[]},{"id":48248,"url":"https:\/\/noticiasribeiraopreto.com.br\/index.php\/2024\/05\/01\/vagas-de-empregos-no-assai-para-trabalhar-em-ribeirao-preto-sp-3\/","url_meta":{"origin":16655,"position":4},"title":"Vagas de empregos no Assa\u00ed para trabalhar em Ribeir\u00e3o Preto-SP","author":"noticiasribeiraopreto.com.br","date":"1 de May de 2024","format":false,"excerpt":"Assa\u00ed AtacadistaSelo de Feedback #VemserAssa\u00edHey, voc\u00ea!J\u00e1 pensou em trabalhar em uma empresa com mais de\u00a049 anos de tradi\u00e7\u00e3o, que est\u00e1 em expans\u00e3o acelerada e \u00e9 uma das\u00a0Marcas Mais Valiosas do Brasil, segundo a Interbrand?Mas primeiro, deixa a gente se apresentar: somos o\u00a0Assa\u00ed Atacadista\u00a0e estamos em busca de profissionais como voc\u00ea!\u2026","rel":"","context":"In &quot;Vagas de Emprego em Ribeir\u00e3o Preto-SP&quot;","block_context":{"text":"Vagas de Emprego em Ribeir\u00e3o Preto-SP","link":"https:\/\/noticiasribeiraopreto.com.br\/index.php\/category\/empregos-classificados-vagas-trabalho\/vagas-de-empregos-em-ribeirao-preto-regiao-brasil\/"},"img":{"alt_text":"","src":"https:\/\/i0.wp.com\/noticiasribeiraopreto.com.br\/wp-content\/uploads\/2024\/05\/2023-01-04_20-17_companyLogoUrl.jpg?fit=450%2C450&ssl=1&resize=350%2C200","width":350,"height":200},"classes":[]},{"id":45397,"url":"https:\/\/noticiasribeiraopreto.com.br\/index.php\/2024\/04\/04\/confira-14-vagas-de-jovem-aprendiz-em-ribeirao-preto-sp-43\/","url_meta":{"origin":16655,"position":5},"title":"Confira 14 Vagas de Jovem Aprendiz  em Ribeir\u00e3o Preto, SP","author":"noticiasribeiraopreto.com.br","date":"4 de April de 2024","format":false,"excerpt":"Menor AprendizQuite Conveni\u00eancias Automotivas Industriais Ltda.Vaga com recrutador muito ativoDe R$ 1.001,00 a R$ 2.000,001 vaga: Ribeir\u00e3o Preto - SP (1)Publicada em 25\/03 Jovem AprendizRESOLVA Combinar1 vaga: Ribeir\u00e3o Preto - SP (1)Atualizada em 27\/03 Jovem AprendizNETAFIM BRASILA Combinar1 vaga: Ribeir\u00e3o Preto - SP (1)Publicada em 15\/03 JOVEM APRENDIZ - TMA\u2026","rel":"","context":"In &quot;Vagas de Emprego em Ribeir\u00e3o Preto-SP&quot;","block_context":{"text":"Vagas de Emprego em Ribeir\u00e3o Preto-SP","link":"https:\/\/noticiasribeiraopreto.com.br\/index.php\/category\/empregos-classificados-vagas-trabalho\/vagas-de-empregos-em-ribeirao-preto-regiao-brasil\/"},"img":{"alt_text":"","src":"https:\/\/i0.wp.com\/noticiasribeiraopreto.com.br\/wp-content\/uploads\/2024\/04\/URGENTETEMOSVAGASPARAJOVEMAPRENDIZ.jpg?fit=570%2C355&ssl=1&resize=350%2C200","width":350,"height":200,"srcset":"https:\/\/i0.wp.com\/noticiasribeiraopreto.com.br\/wp-content\/uploads\/2024\/04\/URGENTETEMOSVAGASPARAJOVEMAPRENDIZ.jpg?fit=570%2C355&ssl=1&resize=350%2C200 1x, https:\/\/i0.wp.com\/noticiasribeiraopreto.com.br\/wp-content\/uploads\/2024\/04\/URGENTETEMOSVAGASPARAJOVEMAPRENDIZ.jpg?fit=570%2C355&ssl=1&resize=525%2C300 1.5x"},"classes":[]}],"jetpack_sharing_enabled":true,"jetpack_shortlink":"https:\/\/wp.me\/peQAOb-4kD","_links":{"self":[{"href":"https:\/\/noticiasribeiraopreto.com.br\/index.php\/wp-json\/wp\/v2\/posts\/16655","targetHints":{"allow":["GET"]}}],"collection":[{"href":"https:\/\/noticiasribeiraopreto.com.br\/index.php\/wp-json\/wp\/v2\/posts"}],"about":[{"href":"https:\/\/noticiasribeiraopreto.com.br\/index.php\/wp-json\/wp\/v2\/types\/post"}],"author":[{"embeddable":true,"href":"https:\/\/noticiasribeiraopreto.com.br\/index.php\/wp-json\/wp\/v2\/users\/1"}],"replies":[{"embeddable":true,"href":"https:\/\/noticiasribeiraopreto.com.br\/index.php\/wp-json\/wp\/v2\/comments?post=16655"}],"version-history":[{"count":0,"href":"https:\/\/noticiasribeiraopreto.com.br\/index.php\/wp-json\/wp\/v2\/posts\/16655\/revisions"}],"wp:featuredmedia":[{"embeddable":true,"href":"https:\/\/noticiasribeiraopreto.com.br\/index.php\/wp-json\/wp\/v2\/media\/16656"}],"wp:attachment":[{"href":"https:\/\/noticiasribeiraopreto.com.br\/index.php\/wp-json\/wp\/v2\/media?parent=16655"}],"wp:term":[{"taxonomy":"category","embeddable":true,"href":"https:\/\/noticiasribeiraopreto.com.br\/index.php\/wp-json\/wp\/v2\/categories?post=16655"},{"taxonomy":"post_tag","embeddable":true,"href":"https:\/\/noticiasribeiraopreto.com.br\/index.php\/wp-json\/wp\/v2\/tags?post=16655"}],"curies":[{"name":"wp","href":"https:\/\/api.w.org\/{rel}","templated":true}]}}