{"id":16657,"date":"2023-12-16T01:03:56","date_gmt":"2023-12-16T04:03:56","guid":{"rendered":"https:\/\/noticiasribeiraopreto.com.br\/index.php\/2023\/12\/16\/nove-de-julho-prefeitura-notifica-oficialmente-construtora-responsavel\/"},"modified":"2023-12-16T01:03:56","modified_gmt":"2023-12-16T04:03:56","slug":"nove-de-julho-prefeitura-notifica-oficialmente-construtora-responsavel","status":"publish","type":"post","link":"https:\/\/noticiasribeiraopreto.com.br\/index.php\/2023\/12\/16\/nove-de-julho-prefeitura-notifica-oficialmente-construtora-responsavel\/","title":{"rendered":"Nove de Julho: Prefeitura notifica oficialmente construtora respons\u00e1vel"},"content":{"rendered":"<div class='code-block code-block-1' style='margin: 8px 0 8px auto; text-align: right; display: block; clear: both;'>\n<p><a href=\"https:\/\/wa.link\/vpicfd\"><img data-recalc-dims=\"1\" class=\"wp-image-4922\" style=\"aspect-ratio: 2.0253164556962027; width: 561px; height: auto;\" src=\"https:\/\/i0.wp.com\/ismaelcolosi.com.br\/wp-content\/uploads\/2023\/11\/grupo-de-empregos-whatsapp-e-facebook-ismael-colosi-vagas.jpg?ssl=1\" alt=\"\" \/><\/a><\/p>\n<!-- \/wp:image -->\n<\/div>\n<p> <br \/>\n<\/p>\n<div id=\"\">\n<p> <span class=\"entry-meta-item penci-posted-on\"><i class=\"fa fa-clock-o\"\/><time class=\"entry-date published\" datetime=\"2023-12-15T15:46:10-03:00\">15 de dezembro de 2023 | 15:46<\/time><time class=\"updated\" datetime=\"2023-12-15T16:28:56-03:00\">15 de dezembro de 2023 | 16:28<\/time><\/span><\/p>\n<p> <span class=\"penci-social-buttons penci-social-share-footer\"><a href=\"#\" class=\"penci-post-like penci_post-meta_item  single-like-button penci-social-item like\" data-post_id=\"367450\" title=\"Like\" data-like=\"Like\" data-unlike=\"Unlike\"><i class=\"fa fa-thumbs-o-up\"\/><span class=\"penci-share-number\">0<\/span><\/a><i class=\"fa fa-facebook\"\/><a class=\"penci-social-item twitter\" target=\"_blank\" rel=\"noopener\" title=\"\" href=\"https:\/\/twitter.com\/intent\/tweet?text=Nove%20de%20Julho:%20Prefeitura%20notifica%20oficialmente%20construtora%20respons\u00e1vel%20-%20https:\/\/www.tribunaribeirao.com.br\/site\/nove-de-julho-prefeitura-notifica-oficialmente-construtora-responsavel\/\"><i class=\"fa fa-twitter\"\/><\/a><i class=\"fa fa-whatsapp\"\/><\/span><\/div>\n<div>\n<p>A secretaria municipal de Obras P\u00fablicas de Ribeir\u00e3o Preto anunciou, nesta sexta-feira, 15 de dezembro, que notificou oficialmente a construtora Metropolitana, sobre a multa que ser\u00e1 aplicada \u00e0 empresa no valor de R$ 2.861.442,58, A multa corresponde a 10% do valor remanescente do contrato de R$ 28.614.425,83. A Metropolitana venceu a licita\u00e7\u00e3o ao oferecer R$ 31.132.101,77 e recebeu R$ 2.517.675,94 pelos 8% das obras realizados antes do contrato ter sido rescindido pela prefeitura, no dia 5 de dezembro.<\/p>\n<p>No documento, a secretaria de Obras P\u00fablicas tamb\u00e9m informou, que a construtora Metropolitana ficar\u00e1 temporariamente proibida de participar de licita\u00e7\u00f5es e impedida de contratar com administra\u00e7\u00e3o de Ribeir\u00e3o Preto por dois anos. A Metropolitana ter\u00e1 o prazo de cinco dias uteis para apresentar a defesa.<br \/>A construtora foi a empresa vencedora na licita\u00e7\u00e3o para a constru\u00e7\u00e3o do corredor de \u00f4nibus, revitaliza\u00e7\u00e3o e reforma da avenida Nove de Julho.<\/p>\n<p>As obras come\u00e7aram no dia 21 de junho de 2023, e o primeiro trecho j\u00e1 deveria ter sido entregue. Mas, a construtora realizou apenas 8% da obra. Por conta do atraso e por n\u00e3o cumprir os prazos estipulados no contrato, o governo municipal notificou a empresa cinco vezes, e como n\u00e3o houve resposta rompeu o contrato com a construtora.<\/p>\n<p>Al\u00e9m da revitaliza\u00e7\u00e3o da avenida, a licita\u00e7\u00e3o previa galerias pluviais com 1,3 km de extens\u00e3o e 1,5 m por 1,5 m de di\u00e2metro em 14 quarteir\u00f5es das ruas S\u00e3o Jos\u00e9 e Marcondes Salgado. Elas dever\u00e3o interligar a Avenida Nove de Julho at\u00e9 o c\u00f3rrego Retiro Saudoso na avenida Francisco Junqueira. As obras deveriam ser feitas de dois em dois quarteir\u00f5es.<\/p>\n<p>Com a rescis\u00e3o, na quinta-feira, (14), a Comiss\u00e3o Municipal de Licita\u00e7\u00e3o e Contrata\u00e7\u00e3o da Secretaria Municipal da Administra\u00e7\u00e3o, encaminhou para a empresa RUAL Constru\u00e7\u00f5es e Com\u00e9rcio S.A, a convoca\u00e7\u00e3o oficial para assumir as obras. No certame, a Rual ficou em segundo lugar ao oferecer R$ 32.756.792,80 contra os R$ 31.132.101,77 ofertados pela Construtora Metropolitana.<\/p>\n<p>O Rual foi a empresa respons\u00e1vel pela constru\u00e7\u00e3o do t\u00fanel da avenida Independ\u00eancia, que interliga aquela via a avenida Presidente Vargas passando por baixo da Pra\u00e7a Spadoni e da Avenida Nove de Julho.<br \/>A segunda colocada precisar\u00e1 aceitar todos os itens do contrato atual, inclusive o valor, para que as obras possam ser retomadas ainda este m\u00eas. Caso a Rual n\u00e3o aceite, vai ser preciso abrir novo processo de licita\u00e7\u00e3o. Neste caso, o processo vai demorar os tramites legais, no m\u00ednimo 90 dias<\/p>\n<\/div>\n<p><script async src=\"\/\/platform.twitter.com\/widgets.js\" charset=\"utf-8\"><\/script><br \/>\n<br \/><br \/>\n<br \/><a href=\"https:\/\/www.tribunaribeirao.com.br\/site\/nove-de-julho-prefeitura-notifica-oficialmente-construtora-responsavel\/\">Source link <\/a><\/p>\n<!-- CONTENT END 1 -->\n","protected":false},"excerpt":{"rendered":"<p>15 de dezembro de 2023 | 15:4615 de dezembro de 2023 | 16:28 0 A secretaria municipal de Obras P\u00fablicas de Ribeir\u00e3o Preto anunciou, nesta&#8230;<\/p>\n","protected":false},"author":1,"featured_media":16658,"comment_status":"open","ping_status":"open","sticky":false,"template":"","format":"standard","meta":{"advanced_seo_description":"","jetpack_seo_html_title":"","jetpack_seo_noindex":false,"jetpack_post_was_ever_published":false,"_jetpack_newsletter_access":"","_jetpack_dont_email_post_to_subs":false,"_jetpack_newsletter_tier_id":0,"_jetpack_memberships_contains_paywalled_content":false,"_jetpack_memberships_contains_paid_content":false,"footnotes":"","jetpack_publicize_message":"","jetpack_publicize_feature_enabled":true,"jetpack_social_post_already_shared":true,"jetpack_social_options":{"image_generator_settings":{"template":"highway","default_image_id":0,"font":"","enabled":false},"version":2}},"categories":[11],"tags":[2254,1229,2252,1228,2253,244,2255],"class_list":["post-16657","post","type-post","status-publish","format-standard","has-post-thumbnail","hentry","category-noticias-de-ribeirao-preto-sp-e-regiao-ismael-colosi","tag-construtora","tag-julho","tag-notifica","tag-nove","tag-oficialmente","tag-prefeitura","tag-responsavel"],"jetpack_publicize_connections":[],"jetpack_featured_media_url":"https:\/\/i0.wp.com\/noticiasribeiraopreto.com.br\/wp-content\/uploads\/2023\/12\/NoveRP-Alfredo-Risk-Arquivo-1-scaled.jpg?fit=1000%2C523&ssl=1","jetpack-related-posts":[{"id":29481,"url":"https:\/\/noticiasribeiraopreto.com.br\/index.php\/2024\/01\/18\/novela-da-nove-de-julho-construtora-tem-liminar-para-retomar-obra-em-ribeirao\/","url_meta":{"origin":16657,"position":0},"title":"Novela da Nove de Julho: Construtora tem liminar para retomar obra em Ribeir\u00e3o","author":"noticiasribeiraopreto.com.br","date":"18 de January de 2024","format":false,"excerpt":"A 1\u00aa Vara da Fazenda P\u00fablica de Ribeir\u00e3o Preto concedeu uma liminar, no final de dezembro, para a Construtora Metropolitana que suspende a decis\u00e3o da Prefeitura de Ribeir\u00e3o Preto que rescindiu o contrato das obras de restauro da avenida Nove de Julho. O acordo foi rompido pelo Executivo no in\u00edcio\u2026","rel":"","context":"In &quot;Not\u00edcias de Ribeir\u00e3o Preto-SP e Regi\u00e3o&quot;","block_context":{"text":"Not\u00edcias de Ribeir\u00e3o Preto-SP e Regi\u00e3o","link":"https:\/\/noticiasribeiraopreto.com.br\/index.php\/category\/noticias-de-ribeirao-preto-sp-e-regiao-ismael-colosi\/"},"img":{"alt_text":"","src":"https:\/\/i0.wp.com\/noticiasribeiraopreto.com.br\/wp-content\/uploads\/2024\/01\/WhatsApp-Image-2023-12-20-at-10.47.41.jpeg?fit=1200%2C675&ssl=1&resize=350%2C200","width":350,"height":200,"srcset":"https:\/\/i0.wp.com\/noticiasribeiraopreto.com.br\/wp-content\/uploads\/2024\/01\/WhatsApp-Image-2023-12-20-at-10.47.41.jpeg?fit=1200%2C675&ssl=1&resize=350%2C200 1x, https:\/\/i0.wp.com\/noticiasribeiraopreto.com.br\/wp-content\/uploads\/2024\/01\/WhatsApp-Image-2023-12-20-at-10.47.41.jpeg?fit=1200%2C675&ssl=1&resize=525%2C300 1.5x, https:\/\/i0.wp.com\/noticiasribeiraopreto.com.br\/wp-content\/uploads\/2024\/01\/WhatsApp-Image-2023-12-20-at-10.47.41.jpeg?fit=1200%2C675&ssl=1&resize=700%2C400 2x, https:\/\/i0.wp.com\/noticiasribeiraopreto.com.br\/wp-content\/uploads\/2024\/01\/WhatsApp-Image-2023-12-20-at-10.47.41.jpeg?fit=1200%2C675&ssl=1&resize=1050%2C600 3x"},"classes":[]},{"id":81422,"url":"https:\/\/noticiasribeiraopreto.com.br\/index.php\/2026\/01\/05\/prefeitura-pode-acionar-construtora-por-problemas-na-nove-de-julho\/","url_meta":{"origin":16657,"position":1},"title":"Prefeitura pode acionar construtora por problemas na Nove de Julho","author":"noticiasribeiraopreto.com.br","date":"5 de January de 2026","format":false,"excerpt":"\r \r \r 5 de janeiro de 2026 16:23 \r Compartilhar0 A Prefeitura de Ribeir\u00e3o Preto, por meio da Secretaria Municipal de Obras P\u00fablicas, poder\u00e1 acionar judicialmente a Construtora Era-T\u00e9cnica Engenharia Constru\u00e7\u00f5es e Servi\u00e7os Ltda., que concluiu a reforma e a revitaliza\u00e7\u00e3o da Avenida Nove de Julho. A informa\u00e7\u00e3o foi\u2026","rel":"","context":"In &quot;Not\u00edcias de Ribeir\u00e3o Preto-SP e Regi\u00e3o&quot;","block_context":{"text":"Not\u00edcias de Ribeir\u00e3o Preto-SP e Regi\u00e3o","link":"https:\/\/noticiasribeiraopreto.com.br\/index.php\/category\/noticias-de-ribeirao-preto-sp-e-regiao-ismael-colosi\/"},"img":{"alt_text":"","src":"https:\/\/i0.wp.com\/noticiasribeiraopreto.com.br\/wp-content\/uploads\/2026\/01\/Nove-de-Julho-1.jpg?fit=800%2C500&ssl=1&resize=350%2C200","width":350,"height":200,"srcset":"https:\/\/i0.wp.com\/noticiasribeiraopreto.com.br\/wp-content\/uploads\/2026\/01\/Nove-de-Julho-1.jpg?fit=800%2C500&ssl=1&resize=350%2C200 1x, https:\/\/i0.wp.com\/noticiasribeiraopreto.com.br\/wp-content\/uploads\/2026\/01\/Nove-de-Julho-1.jpg?fit=800%2C500&ssl=1&resize=525%2C300 1.5x, https:\/\/i0.wp.com\/noticiasribeiraopreto.com.br\/wp-content\/uploads\/2026\/01\/Nove-de-Julho-1.jpg?fit=800%2C500&ssl=1&resize=700%2C400 2x"},"classes":[]},{"id":81435,"url":"https:\/\/noticiasribeiraopreto.com.br\/index.php\/2026\/01\/06\/prefeitura-de-ribeirao-preto-notifica-empresa-responsavel-pela-obra-da-nove-de-julho\/","url_meta":{"origin":16657,"position":2},"title":"Prefeitura de Ribeir\u00e3o Preto notifica empresa respons\u00e1vel pela obra da Nove de Julho","author":"noticiasribeiraopreto.com.br","date":"6 de January de 2026","format":false,"excerpt":"A Prefeitura de Ribeir\u00e3o Preto notificou formalmente a empresa respons\u00e1vel pelas obras de revitaliza\u00e7\u00e3o da avenida Nove de Julho ap\u00f3s a identifica\u00e7\u00e3o de falhas no pavimento e problemas de drenagem. A medida ocorre menos de um ano ap\u00f3s a entrega da obra e diante do aumento de reclama\u00e7\u00f5es de motoristas\u2026","rel":"","context":"In &quot;Not\u00edcias de Ribeir\u00e3o Preto-SP e Regi\u00e3o&quot;","block_context":{"text":"Not\u00edcias de Ribeir\u00e3o Preto-SP e Regi\u00e3o","link":"https:\/\/noticiasribeiraopreto.com.br\/index.php\/category\/noticias-de-ribeirao-preto-sp-e-regiao-ismael-colosi\/"},"img":{"alt_text":"","src":"https:\/\/i0.wp.com\/noticiasribeiraopreto.com.br\/wp-content\/uploads\/2026\/01\/image_2026-01-05_20-36-51.webp.webp?fit=984%2C616&ssl=1&resize=350%2C200","width":350,"height":200,"srcset":"https:\/\/i0.wp.com\/noticiasribeiraopreto.com.br\/wp-content\/uploads\/2026\/01\/image_2026-01-05_20-36-51.webp.webp?fit=984%2C616&ssl=1&resize=350%2C200 1x, https:\/\/i0.wp.com\/noticiasribeiraopreto.com.br\/wp-content\/uploads\/2026\/01\/image_2026-01-05_20-36-51.webp.webp?fit=984%2C616&ssl=1&resize=525%2C300 1.5x, https:\/\/i0.wp.com\/noticiasribeiraopreto.com.br\/wp-content\/uploads\/2026\/01\/image_2026-01-05_20-36-51.webp.webp?fit=984%2C616&ssl=1&resize=700%2C400 2x"},"classes":[]},{"id":1701,"url":"https:\/\/noticiasribeiraopreto.com.br\/index.php\/2023\/11\/13\/construtora-quer-mais-tempo-para-concluir-primeiro-trecho-da-obra-da-nove-de-julho\/","url_meta":{"origin":16657,"position":3},"title":"Construtora quer mais tempo para concluir primeiro trecho da obra da Nove de Julho","author":"noticiasribeiraopreto.com.br","date":"13 de November de 2023","format":false,"excerpt":"A Prefeitura de Ribeir\u00e3o Preto informou que a Secretaria de Obras est\u00e1 avaliando a nova programa\u00e7\u00e3o apresentada pela construtora Metropolina, respons\u00e1vel pelo restauro da avenida Nove de Julho, para conclus\u00e3o do trecho entre as ruas Marcondes Salgado e Garibaldi \u2013 o local era para ter sido entregue no dia 22\u2026","rel":"","context":"In &quot;Not\u00edcias de Ribeir\u00e3o Preto-SP e Regi\u00e3o&quot;","block_context":{"text":"Not\u00edcias de Ribeir\u00e3o Preto-SP e Regi\u00e3o","link":"https:\/\/noticiasribeiraopreto.com.br\/index.php\/category\/noticias-de-ribeirao-preto-sp-e-regiao-ismael-colosi\/"},"img":{"alt_text":"","src":"https:\/\/i0.wp.com\/noticiasribeiraopreto.com.br\/wp-content\/uploads\/2023\/11\/avenida-nove-de-julho.jpeg?fit=1200%2C675&ssl=1&resize=350%2C200","width":350,"height":200,"srcset":"https:\/\/i0.wp.com\/noticiasribeiraopreto.com.br\/wp-content\/uploads\/2023\/11\/avenida-nove-de-julho.jpeg?fit=1200%2C675&ssl=1&resize=350%2C200 1x, https:\/\/i0.wp.com\/noticiasribeiraopreto.com.br\/wp-content\/uploads\/2023\/11\/avenida-nove-de-julho.jpeg?fit=1200%2C675&ssl=1&resize=525%2C300 1.5x, https:\/\/i0.wp.com\/noticiasribeiraopreto.com.br\/wp-content\/uploads\/2023\/11\/avenida-nove-de-julho.jpeg?fit=1200%2C675&ssl=1&resize=700%2C400 2x, https:\/\/i0.wp.com\/noticiasribeiraopreto.com.br\/wp-content\/uploads\/2023\/11\/avenida-nove-de-julho.jpeg?fit=1200%2C675&ssl=1&resize=1050%2C600 3x"},"classes":[]},{"id":9054,"url":"https:\/\/noticiasribeiraopreto.com.br\/index.php\/2023\/12\/01\/prefeitura-de-ribeirao-vai-decidir-futuro-da-obra-na-nove-de-julho-semana-que-vem\/","url_meta":{"origin":16657,"position":4},"title":"Prefeitura de Ribeir\u00e3o decide futuro da obra na Nove de Julho semana que vem","author":"noticiasribeiraopreto.com.br","date":"1 de December de 2023","format":false,"excerpt":"A Prefeitura de Ribeir\u00e3o Preto decide na pr\u00f3xima semana o futuro da obra de revitaliza\u00e7\u00e3o da avenida Nove de Julho, alvo de reclama\u00e7\u00f5es de moradores e comerciantes por conta da lentid\u00e3o dos servi\u00e7os. O munic\u00edpio informou que na semana passada notificou a construtora Metropolitana, empresa respons\u00e1vel pelas obras, e cobra\u2026","rel":"","context":"In &quot;Not\u00edcias de Ribeir\u00e3o Preto-SP e Regi\u00e3o&quot;","block_context":{"text":"Not\u00edcias de Ribeir\u00e3o Preto-SP e Regi\u00e3o","link":"https:\/\/noticiasribeiraopreto.com.br\/index.php\/category\/noticias-de-ribeirao-preto-sp-e-regiao-ismael-colosi\/"},"img":{"alt_text":"","src":"https:\/\/i0.wp.com\/noticiasribeiraopreto.com.br\/wp-content\/uploads\/2023\/12\/avenida-nove-de-julho-2.jpeg?fit=1200%2C675&ssl=1&resize=350%2C200","width":350,"height":200,"srcset":"https:\/\/i0.wp.com\/noticiasribeiraopreto.com.br\/wp-content\/uploads\/2023\/12\/avenida-nove-de-julho-2.jpeg?fit=1200%2C675&ssl=1&resize=350%2C200 1x, https:\/\/i0.wp.com\/noticiasribeiraopreto.com.br\/wp-content\/uploads\/2023\/12\/avenida-nove-de-julho-2.jpeg?fit=1200%2C675&ssl=1&resize=525%2C300 1.5x, https:\/\/i0.wp.com\/noticiasribeiraopreto.com.br\/wp-content\/uploads\/2023\/12\/avenida-nove-de-julho-2.jpeg?fit=1200%2C675&ssl=1&resize=700%2C400 2x, https:\/\/i0.wp.com\/noticiasribeiraopreto.com.br\/wp-content\/uploads\/2023\/12\/avenida-nove-de-julho-2.jpeg?fit=1200%2C675&ssl=1&resize=1050%2C600 3x"},"classes":[]},{"id":80889,"url":"https:\/\/noticiasribeiraopreto.com.br\/index.php\/2025\/12\/17\/cratera-surge-na-avenida-nove-de-julho\/","url_meta":{"origin":16657,"position":5},"title":"Cratera surge na \u2028Avenida Nove de Julho","author":"noticiasribeiraopreto.com.br","date":"17 de December de 2025","format":false,"excerpt":"\r \r \r 17 de dezembro de 2025 07:04 \r Compartilhar0 O motorista que passa pelo cruzamento da avenida Nove de Julho com a rua Marechal Deodoro, no Centro de Ribeir\u00e3o Preto, precisa ter paci\u00eancia. Por causa das fortes chuvas, o piso de paralelep\u00edpedo cedeu ao lado de um bueiro,\u2026","rel":"","context":"In &quot;Not\u00edcias de Ribeir\u00e3o Preto-SP e Regi\u00e3o&quot;","block_context":{"text":"Not\u00edcias de Ribeir\u00e3o Preto-SP e Regi\u00e3o","link":"https:\/\/noticiasribeiraopreto.com.br\/index.php\/category\/noticias-de-ribeirao-preto-sp-e-regiao-ismael-colosi\/"},"img":{"alt_text":"","src":"https:\/\/i0.wp.com\/noticiasribeiraopreto.com.br\/wp-content\/uploads\/2025\/12\/NoveRP-Max-Gallao-Mesquita-scaled.jpg?fit=1200%2C675&ssl=1&resize=350%2C200","width":350,"height":200,"srcset":"https:\/\/i0.wp.com\/noticiasribeiraopreto.com.br\/wp-content\/uploads\/2025\/12\/NoveRP-Max-Gallao-Mesquita-scaled.jpg?fit=1200%2C675&ssl=1&resize=350%2C200 1x, https:\/\/i0.wp.com\/noticiasribeiraopreto.com.br\/wp-content\/uploads\/2025\/12\/NoveRP-Max-Gallao-Mesquita-scaled.jpg?fit=1200%2C675&ssl=1&resize=525%2C300 1.5x, https:\/\/i0.wp.com\/noticiasribeiraopreto.com.br\/wp-content\/uploads\/2025\/12\/NoveRP-Max-Gallao-Mesquita-scaled.jpg?fit=1200%2C675&ssl=1&resize=700%2C400 2x, https:\/\/i0.wp.com\/noticiasribeiraopreto.com.br\/wp-content\/uploads\/2025\/12\/NoveRP-Max-Gallao-Mesquita-scaled.jpg?fit=1200%2C675&ssl=1&resize=1050%2C600 3x"},"classes":[]}],"jetpack_sharing_enabled":true,"jetpack_shortlink":"https:\/\/wp.me\/peQAOb-4kF","_links":{"self":[{"href":"https:\/\/noticiasribeiraopreto.com.br\/index.php\/wp-json\/wp\/v2\/posts\/16657","targetHints":{"allow":["GET"]}}],"collection":[{"href":"https:\/\/noticiasribeiraopreto.com.br\/index.php\/wp-json\/wp\/v2\/posts"}],"about":[{"href":"https:\/\/noticiasribeiraopreto.com.br\/index.php\/wp-json\/wp\/v2\/types\/post"}],"author":[{"embeddable":true,"href":"https:\/\/noticiasribeiraopreto.com.br\/index.php\/wp-json\/wp\/v2\/users\/1"}],"replies":[{"embeddable":true,"href":"https:\/\/noticiasribeiraopreto.com.br\/index.php\/wp-json\/wp\/v2\/comments?post=16657"}],"version-history":[{"count":0,"href":"https:\/\/noticiasribeiraopreto.com.br\/index.php\/wp-json\/wp\/v2\/posts\/16657\/revisions"}],"wp:featuredmedia":[{"embeddable":true,"href":"https:\/\/noticiasribeiraopreto.com.br\/index.php\/wp-json\/wp\/v2\/media\/16658"}],"wp:attachment":[{"href":"https:\/\/noticiasribeiraopreto.com.br\/index.php\/wp-json\/wp\/v2\/media?parent=16657"}],"wp:term":[{"taxonomy":"category","embeddable":true,"href":"https:\/\/noticiasribeiraopreto.com.br\/index.php\/wp-json\/wp\/v2\/categories?post=16657"},{"taxonomy":"post_tag","embeddable":true,"href":"https:\/\/noticiasribeiraopreto.com.br\/index.php\/wp-json\/wp\/v2\/tags?post=16657"}],"curies":[{"name":"wp","href":"https:\/\/api.w.org\/{rel}","templated":true}]}}