{"id":16667,"date":"2023-12-16T01:33:13","date_gmt":"2023-12-16T04:33:13","guid":{"rendered":"https:\/\/noticiasribeiraopreto.com.br\/index.php\/2023\/12\/16\/mais-de-5-mil-oportunidades-de-emprego-na-regiao-metropolitana-de-sp-2\/"},"modified":"2023-12-16T01:33:13","modified_gmt":"2023-12-16T04:33:13","slug":"mais-de-5-mil-oportunidades-de-emprego-na-regiao-metropolitana-de-sp-2","status":"publish","type":"post","link":"https:\/\/noticiasribeiraopreto.com.br\/index.php\/2023\/12\/16\/mais-de-5-mil-oportunidades-de-emprego-na-regiao-metropolitana-de-sp-2\/","title":{"rendered":"Mais de 5 mil oportunidades de emprego na Regi\u00e3o Metropolitana de SP"},"content":{"rendered":"<div class='code-block code-block-1' style='margin: 8px 0 8px auto; text-align: right; display: block; clear: both;'>\n<p><a href=\"https:\/\/wa.link\/vpicfd\"><img data-recalc-dims=\"1\" class=\"wp-image-4922\" style=\"aspect-ratio: 2.0253164556962027; width: 561px; height: auto;\" src=\"https:\/\/i0.wp.com\/ismaelcolosi.com.br\/wp-content\/uploads\/2023\/11\/grupo-de-empregos-whatsapp-e-facebook-ismael-colosi-vagas.jpg?ssl=1\" alt=\"\" \/><\/a><\/p>\n<!-- \/wp:image -->\n<\/div>\n<p> <br \/>\n<\/p>\n<div>\n<p><img data-recalc-dims=\"1\" decoding=\"async\" src=\"https:\/\/i0.wp.com\/jcconcursos.uol.com.br\/media\/uploads\/noticia\/sao_paulo_-_jc_concursos.jpg?ssl=1\" class=\"lazy\" loading=\"lazy\"\/><noscript><img data-recalc-dims=\"1\" decoding=\"async\" src=\"https:\/\/i0.wp.com\/jcconcursos.uol.com.br\/media\/uploads\/noticia\/sao_paulo_-_jc_concursos.jpg?ssl=1\"\/><\/noscript><\/p>\n<div>\n<p>Voc\u00ea est\u00e1 procurando uma oportunidade de emprego na <strong>Regi\u00e3o Metropolitana de SP<\/strong>? Ent\u00e3o, fique atento: os Postos de Atendimento ao Trabalhador (PATs), vinculados \u00e0 Secretaria de Desenvolvimento Econ\u00f4mico do Estado de S\u00e3o Paulo, informam que nesta quinta-feira (14) h\u00e1 mais de 5 mil vagas dispon\u00edveis em diversos setores e fun\u00e7\u00f5es.<\/p>\n<p>As vagas s\u00e3o para todos os n\u00edveis de escolaridade e experi\u00eancia, e a descri\u00e7\u00e3o dos cargos e fun\u00e7\u00f5es segue nos anexos.<\/p>\n<h2>Como se candidatar<\/h2>\n<p>Para se candidatar a uma das vagas, \u00e9 necess\u00e1rio levar RG, CPF e Carteira de Trabalho a um dos PATs da sua regi\u00e3o. O atendimento presencial pode ser agendado pelo site <a href=\"http:\/\/pat.agendasp.sp.gov.br\/eagenda.web\/PAT\" rel=\"noopener\" target=\"_blank\">http:\/\/pat.agendasp.sp.gov.br\/eagenda.web\/PAT<\/a>; ou compare\u00e7a ao Posto mais pr\u00f3ximo. \u00c9 importante lembrar que as vagas podem ser preenchidas a qualquer momento e o n\u00famero pode variar ao longo do dia.<\/p>\n<h2>Servi\u00e7os gratuitos dos PATs<\/h2>\n<p>Al\u00e9m das vagas de emprego, os PATs oferecem atendimento e servi\u00e7os gratuitos para trabalhadores, como a habilita\u00e7\u00e3o ao Seguro-Desemprego e emiss\u00e3o da Carteira de Trabalho. Os PATs s\u00e3o uma rede de atendimento do Governo do Estado de S\u00e3o Paulo que concentra servi\u00e7os gratuitos \u00e0 popula\u00e7\u00e3o, sendo centros de refer\u00eancia das pol\u00edticas p\u00fablicas de gera\u00e7\u00e3o de emprego e renda.<\/p>\n<p>Os PATs contam com mais de 230 unidades, presentes em todas as regi\u00f5es do estado, inclusive em unidades do Poupatempo. Em 2022, foram ofertadas mais de 257 mil vagas de empregos nas unidades dos PATs no estado.<\/p>\n<h2>Sobre a Secretaria de Desenvolvimento Econ\u00f4mico<\/h2>\n<p>A Secretaria de Desenvolvimento Econ\u00f4mico (SDE), pasta do Governo do Estado de S\u00e3o Paulo, exerce papel fundamental para a reindustrializa\u00e7\u00e3o e atra\u00e7\u00e3o de investimentos com foco na gera\u00e7\u00e3o de emprego, renda e desenvolvimento regional. Al\u00e9m disso, conta com programas de capacita\u00e7\u00e3o profissional, a\u00e7\u00f5es de fomento ao empreendedorismo, que incluem linhas de microcr\u00e9dito do Banco do Povo. Tem como institui\u00e7\u00f5es vinculadas a InvestSP, a Desenvolve SP e a Junta Comercial do Estado de S\u00e3o Paulo (Jucesp).<\/p>\n<p>+++Acompanhe as principais <a href=\"https:\/\/jcconcursos.com.br\/noticia\/empregos\">vagas de emprego do Brasil no JC Concursos<\/a><\/p>\n<p><a id=\"gnews_btn\" href=\"https:\/\/news.google.com\/publications\/CAAqBwgKMOixlQswuZWrAw\" target=\"_blank\" class=\"border_jc_blue link_hover_bg_jc_blue font_85 d-block d-md-inline-block px-2 py-1 mr-0 mr-md-2 mb-3 w-100 text-center\" rel=\"noopener\"><span class=\"text_jc_blue\">Siga o <strong>JC Concursos no Google News<\/strong><\/span><\/a><a href=\"https:\/\/jcconcursos.com.br\/empregos\/\" class=\"badge badge-light\">empregos<\/a><a href=\"https:\/\/jcconcursos.com.br\/noticia\/empregos\" class=\"badge badge-light\">vagas de emprego<\/a><\/p>\n<\/div>\n<p><a href=\"https:\/\/jcconcursos.com.br\/noticia\/empregos\/mais-de-5-mil-oportunidades-de-emprego-na-regiao-metropolitana-de-sp-120080\">Source link <\/a><\/p>\n<\/p><\/div>\n<p><br \/>\n<br \/><a href=\"https:\/\/ismaelcolosi.com.br\/mais-de-5-mil-oportunidades-de-emprego-na-regiao-metropolitana-de-sp\/\">Source link <\/a><\/p>\n<!-- CONTENT END 1 -->\n","protected":false},"excerpt":{"rendered":"<p>Voc\u00ea est\u00e1 procurando uma oportunidade de emprego na Regi\u00e3o Metropolitana de SP? Ent\u00e3o, fique atento: os Postos de Atendimento ao Trabalhador (PATs), vinculados \u00e0 Secretaria&#8230;<\/p>\n","protected":false},"author":1,"featured_media":16668,"comment_status":"open","ping_status":"open","sticky":false,"template":"","format":"standard","meta":{"advanced_seo_description":"","jetpack_seo_html_title":"","jetpack_seo_noindex":false,"jetpack_post_was_ever_published":false,"_jetpack_newsletter_access":"","_jetpack_dont_email_post_to_subs":false,"_jetpack_newsletter_tier_id":0,"_jetpack_memberships_contains_paywalled_content":false,"_jetpack_memberships_contains_paid_content":false,"footnotes":"","jetpack_publicize_message":"","jetpack_publicize_feature_enabled":true,"jetpack_social_post_already_shared":true,"jetpack_social_options":{"image_generator_settings":{"template":"highway","default_image_id":0,"font":"","enabled":false},"version":2}},"categories":[7],"tags":[],"class_list":["post-16667","post","type-post","status-publish","format-standard","has-post-thumbnail","hentry","category-vagas-de-empregos-em-ribeirao-preto-regiao-brasil"],"jetpack_publicize_connections":[],"jetpack_featured_media_url":"https:\/\/i0.wp.com\/noticiasribeiraopreto.com.br\/wp-content\/uploads\/2023\/12\/1702701198_sao_paulo_-_jc_concursos.jpg?fit=1920%2C1080&ssl=1","jetpack-related-posts":[{"id":23575,"url":"https:\/\/noticiasribeiraopreto.com.br\/index.php\/2024\/01\/02\/oportunidades-de-emprego-na-regiao-metropolitana-de-sp-e-alto-tiete-somam-mais-de-4-mil-vagas-2\/","url_meta":{"origin":16667,"position":0},"title":"Oportunidades de emprego na Regi\u00e3o Metropolitana de SP e Alto Tiet\u00ea somam mais de 4 mil vagas","author":"noticiasribeiraopreto.com.br","date":"2 de January de 2024","format":false,"excerpt":"Voc\u00ea est\u00e1 procurando uma oportunidade de emprego na Regi\u00e3o Metropolitana de SP ou na regi\u00e3o do Alto Tiet\u00ea? Ent\u00e3o, fique atento \u00e0s vagas dispon\u00edveis nos Postos de Atendimento ao Trabalhador (PATs), que s\u00e3o uma rede de atendimento do Governo do Estado de S\u00e3o Paulo que oferece servi\u00e7os gratuitos para os\u2026","rel":"","context":"In &quot;Vagas de Emprego em Ribeir\u00e3o Preto-SP&quot;","block_context":{"text":"Vagas de Emprego em Ribeir\u00e3o Preto-SP","link":"https:\/\/noticiasribeiraopreto.com.br\/index.php\/category\/empregos-classificados-vagas-trabalho\/vagas-de-empregos-em-ribeirao-preto-regiao-brasil\/"},"img":{"alt_text":"","src":"https:\/\/i0.wp.com\/noticiasribeiraopreto.com.br\/wp-content\/uploads\/2024\/01\/ponte_estaiada_-_sao_paulo_-_foto_pixabay.jpg?fit=1200%2C675&ssl=1&resize=350%2C200","width":350,"height":200,"srcset":"https:\/\/i0.wp.com\/noticiasribeiraopreto.com.br\/wp-content\/uploads\/2024\/01\/ponte_estaiada_-_sao_paulo_-_foto_pixabay.jpg?fit=1200%2C675&ssl=1&resize=350%2C200 1x, https:\/\/i0.wp.com\/noticiasribeiraopreto.com.br\/wp-content\/uploads\/2024\/01\/ponte_estaiada_-_sao_paulo_-_foto_pixabay.jpg?fit=1200%2C675&ssl=1&resize=525%2C300 1.5x, https:\/\/i0.wp.com\/noticiasribeiraopreto.com.br\/wp-content\/uploads\/2024\/01\/ponte_estaiada_-_sao_paulo_-_foto_pixabay.jpg?fit=1200%2C675&ssl=1&resize=700%2C400 2x, https:\/\/i0.wp.com\/noticiasribeiraopreto.com.br\/wp-content\/uploads\/2024\/01\/ponte_estaiada_-_sao_paulo_-_foto_pixabay.jpg?fit=1200%2C675&ssl=1&resize=1050%2C600 3x"},"classes":[]},{"id":19513,"url":"https:\/\/noticiasribeiraopreto.com.br\/index.php\/2023\/12\/22\/mais-de-12-mil-oportunidades-de-trabalho-no-estado-de-sp-sao-divulgadas-pelos-pats-2\/","url_meta":{"origin":16667,"position":1},"title":"Mais de 12 mil oportunidades de trabalho no estado de SP s\u00e3o divulgadas pelos PATs","author":"noticiasribeiraopreto.com.br","date":"22 de December de 2023","format":false,"excerpt":"Se voc\u00ea est\u00e1 em busca de uma vaga de emprego no estado de S\u00e3o Paulo, n\u00e3o perca tempo: os Postos de Atendimento ao Trabalhador (PATs) da Secretaria de Desenvolvimento Econ\u00f4mico do Estado de S\u00e3o Paulo t\u00eam mais de 12 mil oportunidades de trabalho dispon\u00edveis nesta sexta-feira (22). As vagas s\u00e3o\u2026","rel":"","context":"In &quot;Vagas de Emprego em Ribeir\u00e3o Preto-SP&quot;","block_context":{"text":"Vagas de Emprego em Ribeir\u00e3o Preto-SP","link":"https:\/\/noticiasribeiraopreto.com.br\/index.php\/category\/empregos-classificados-vagas-trabalho\/vagas-de-empregos-em-ribeirao-preto-regiao-brasil\/"},"img":{"alt_text":"","src":"https:\/\/i0.wp.com\/noticiasribeiraopreto.com.br\/wp-content\/uploads\/2023\/12\/sao_paulo.jpg?fit=1200%2C600&ssl=1&resize=350%2C200","width":350,"height":200,"srcset":"https:\/\/i0.wp.com\/noticiasribeiraopreto.com.br\/wp-content\/uploads\/2023\/12\/sao_paulo.jpg?fit=1200%2C600&ssl=1&resize=350%2C200 1x, https:\/\/i0.wp.com\/noticiasribeiraopreto.com.br\/wp-content\/uploads\/2023\/12\/sao_paulo.jpg?fit=1200%2C600&ssl=1&resize=525%2C300 1.5x, https:\/\/i0.wp.com\/noticiasribeiraopreto.com.br\/wp-content\/uploads\/2023\/12\/sao_paulo.jpg?fit=1200%2C600&ssl=1&resize=700%2C400 2x, https:\/\/i0.wp.com\/noticiasribeiraopreto.com.br\/wp-content\/uploads\/2023\/12\/sao_paulo.jpg?fit=1200%2C600&ssl=1&resize=1050%2C600 3x"},"classes":[]},{"id":23532,"url":"https:\/\/noticiasribeiraopreto.com.br\/index.php\/2024\/01\/02\/pat-de-ribeirao-preto-conta-com-40-vagas-de-emprego-no-inicio-de-2024\/","url_meta":{"origin":16667,"position":2},"title":"PAT de Ribeir\u00e3o Preto conta com 40 vagas de emprego no in\u00edcio de 2024","author":"noticiasribeiraopreto.com.br","date":"2 de January de 2024","format":false,"excerpt":"O PAT (Posto de Atendimento ao Trabalhador) de Ribeir\u00e3o Preto conta com 40 vagas de emprego abertas no in\u00edcio de 2024. As oportunidades s\u00e3o para diversas \u00e1reas, como motorista, padeiro, t\u00e9cnico em seguran\u00e7a do trabalho e auxiliar de escrit\u00f3rio. Para se candidatar, o interessado deve levar RG, CPF, Carteira de\u2026","rel":"","context":"In &quot;Not\u00edcias de Ribeir\u00e3o Preto-SP e Regi\u00e3o&quot;","block_context":{"text":"Not\u00edcias de Ribeir\u00e3o Preto-SP e Regi\u00e3o","link":"https:\/\/noticiasribeiraopreto.com.br\/index.php\/category\/noticias-de-ribeirao-preto-sp-e-regiao-ismael-colosi\/"},"img":{"alt_text":"","src":"https:\/\/i0.wp.com\/noticiasribeiraopreto.com.br\/wp-content\/uploads\/2024\/01\/closeup-de-candidato-a-emprego-dando-seu-curriculo-durante-a-entrevista-de-emprego-no-escritorio-scaled.jpg?fit=1200%2C800&ssl=1&resize=350%2C200","width":350,"height":200,"srcset":"https:\/\/i0.wp.com\/noticiasribeiraopreto.com.br\/wp-content\/uploads\/2024\/01\/closeup-de-candidato-a-emprego-dando-seu-curriculo-durante-a-entrevista-de-emprego-no-escritorio-scaled.jpg?fit=1200%2C800&ssl=1&resize=350%2C200 1x, https:\/\/i0.wp.com\/noticiasribeiraopreto.com.br\/wp-content\/uploads\/2024\/01\/closeup-de-candidato-a-emprego-dando-seu-curriculo-durante-a-entrevista-de-emprego-no-escritorio-scaled.jpg?fit=1200%2C800&ssl=1&resize=525%2C300 1.5x, https:\/\/i0.wp.com\/noticiasribeiraopreto.com.br\/wp-content\/uploads\/2024\/01\/closeup-de-candidato-a-emprego-dando-seu-curriculo-durante-a-entrevista-de-emprego-no-escritorio-scaled.jpg?fit=1200%2C800&ssl=1&resize=700%2C400 2x, https:\/\/i0.wp.com\/noticiasribeiraopreto.com.br\/wp-content\/uploads\/2024\/01\/closeup-de-candidato-a-emprego-dando-seu-curriculo-durante-a-entrevista-de-emprego-no-escritorio-scaled.jpg?fit=1200%2C800&ssl=1&resize=1050%2C600 3x"},"classes":[]},{"id":53844,"url":"https:\/\/noticiasribeiraopreto.com.br\/index.php\/2024\/06\/25\/construtora-abre-vagas-de-emprego-em-ribeirao-preto-veja-como-concorrer\/","url_meta":{"origin":16667,"position":3},"title":"Construtora abre vagas de emprego em Ribeir\u00e3o Preto; Veja como concorrer","author":"noticiasribeiraopreto.com.br","date":"25 de June de 2024","format":false,"excerpt":"A construtora BC2 conta com mais 20 vagas de emprego dispon\u00edveis em Ribeir\u00e3o Preto. As oportunidades s\u00e3o para auxiliar de obras e l\u00edder de grupo. Para concorrer ao cargo de auxiliar de obras, o \u00fanico requisito \u00e9 preciso ter mais de 18 anos. J\u00e1 para o cargo de l\u00edder de\u2026","rel":"","context":"In &quot;Not\u00edcias de Ribeir\u00e3o Preto-SP e Regi\u00e3o&quot;","block_context":{"text":"Not\u00edcias de Ribeir\u00e3o Preto-SP e Regi\u00e3o","link":"https:\/\/noticiasribeiraopreto.com.br\/index.php\/category\/noticias-de-ribeirao-preto-sp-e-regiao-ismael-colosi\/"},"img":{"alt_text":"","src":"https:\/\/i0.wp.com\/noticiasribeiraopreto.com.br\/wp-content\/uploads\/2024\/06\/AnyConv.com__construtora_2024-06-25_14-33-19.webp.webp?fit=1200%2C1200&ssl=1&resize=350%2C200","width":350,"height":200,"srcset":"https:\/\/i0.wp.com\/noticiasribeiraopreto.com.br\/wp-content\/uploads\/2024\/06\/AnyConv.com__construtora_2024-06-25_14-33-19.webp.webp?fit=1200%2C1200&ssl=1&resize=350%2C200 1x, https:\/\/i0.wp.com\/noticiasribeiraopreto.com.br\/wp-content\/uploads\/2024\/06\/AnyConv.com__construtora_2024-06-25_14-33-19.webp.webp?fit=1200%2C1200&ssl=1&resize=525%2C300 1.5x, https:\/\/i0.wp.com\/noticiasribeiraopreto.com.br\/wp-content\/uploads\/2024\/06\/AnyConv.com__construtora_2024-06-25_14-33-19.webp.webp?fit=1200%2C1200&ssl=1&resize=700%2C400 2x, https:\/\/i0.wp.com\/noticiasribeiraopreto.com.br\/wp-content\/uploads\/2024\/06\/AnyConv.com__construtora_2024-06-25_14-33-19.webp.webp?fit=1200%2C1200&ssl=1&resize=1050%2C600 3x"},"classes":[]},{"id":82316,"url":"https:\/\/noticiasribeiraopreto.com.br\/index.php\/2026\/02\/10\/esta-procurando-emprego-em-ribeirao-preto-veja-as-vagas-abertas\/","url_meta":{"origin":16667,"position":4},"title":"Est\u00e1 procurando emprego em Ribeir\u00e3o Preto? Veja as vagas abertas","author":"noticiasribeiraopreto.com.br","date":"10 de February de 2026","format":false,"excerpt":"Quem est\u00e1 procurando trabalho em Ribeir\u00e3o Preto j\u00e1 pode conferir as novas oportunidades de emprego divulgadas pelo PAT\/Sine do munic\u00edpio. A lista atualizada re\u00fane vagas em diferentes setores da economia, contemplando desde fun\u00e7\u00f5es operacionais at\u00e9 cargos t\u00e9cnicos e de atendimento. Confira as vagas de emprego De acordo com o levantamento\u2026","rel":"","context":"In &quot;Not\u00edcias de Ribeir\u00e3o Preto-SP e Regi\u00e3o&quot;","block_context":{"text":"Not\u00edcias de Ribeir\u00e3o Preto-SP e Regi\u00e3o","link":"https:\/\/noticiasribeiraopreto.com.br\/index.php\/category\/noticias-de-ribeirao-preto-sp-e-regiao-ismael-colosi\/"},"img":{"alt_text":"","src":"https:\/\/i0.wp.com\/noticiasribeiraopreto.com.br\/wp-content\/uploads\/2026\/02\/trabalho_mutirao_do_emprego_caterp_pat_pei_-_foto_guilherme_sircili_4-1068x711-1_2026-02-09_18-52-13.webp.webp?fit=1068%2C711&ssl=1&resize=350%2C200","width":350,"height":200,"srcset":"https:\/\/i0.wp.com\/noticiasribeiraopreto.com.br\/wp-content\/uploads\/2026\/02\/trabalho_mutirao_do_emprego_caterp_pat_pei_-_foto_guilherme_sircili_4-1068x711-1_2026-02-09_18-52-13.webp.webp?fit=1068%2C711&ssl=1&resize=350%2C200 1x, https:\/\/i0.wp.com\/noticiasribeiraopreto.com.br\/wp-content\/uploads\/2026\/02\/trabalho_mutirao_do_emprego_caterp_pat_pei_-_foto_guilherme_sircili_4-1068x711-1_2026-02-09_18-52-13.webp.webp?fit=1068%2C711&ssl=1&resize=525%2C300 1.5x, https:\/\/i0.wp.com\/noticiasribeiraopreto.com.br\/wp-content\/uploads\/2026\/02\/trabalho_mutirao_do_emprego_caterp_pat_pei_-_foto_guilherme_sircili_4-1068x711-1_2026-02-09_18-52-13.webp.webp?fit=1068%2C711&ssl=1&resize=700%2C400 2x, https:\/\/i0.wp.com\/noticiasribeiraopreto.com.br\/wp-content\/uploads\/2026\/02\/trabalho_mutirao_do_emprego_caterp_pat_pei_-_foto_guilherme_sircili_4-1068x711-1_2026-02-09_18-52-13.webp.webp?fit=1068%2C711&ssl=1&resize=1050%2C600 3x"},"classes":[]},{"id":29925,"url":"https:\/\/noticiasribeiraopreto.com.br\/index.php\/2024\/01\/19\/plataforma-oferece-cerca-de-390-oportunidades-de-emprego-em-ribeirao-e-regiao-veja-como-se-candidatar\/","url_meta":{"origin":16667,"position":5},"title":"Plataforma oferece cerca de 390 oportunidades de emprego em Ribeir\u00e3o e regi\u00e3o; Veja como se candidatar","author":"noticiasribeiraopreto.com.br","date":"19 de January de 2024","format":false,"excerpt":"O portal de vagas de uma empresa de tecnologia em gest\u00e3o de pessoas para pequenas e m\u00e9dias empresas (PME) est\u00e1 com cerca de 390 oportunidades de trabalho em Ribeir\u00e3o Preto e regi\u00e3o. Entre as vagas dispon\u00edveis est\u00e3o Auxiliar de Atendimento J\u00fanior, Assistente de Marketing, Vendedor, Assistente de Recursos Humanos, Gar\u00e7om,\u2026","rel":"","context":"In &quot;Not\u00edcias de Ribeir\u00e3o Preto-SP e Regi\u00e3o&quot;","block_context":{"text":"Not\u00edcias de Ribeir\u00e3o Preto-SP e Regi\u00e3o","link":"https:\/\/noticiasribeiraopreto.com.br\/index.php\/category\/noticias-de-ribeirao-preto-sp-e-regiao-ismael-colosi\/"},"img":{"alt_text":"","src":"https:\/\/i0.wp.com\/noticiasribeiraopreto.com.br\/wp-content\/uploads\/2024\/01\/emprego_vagas_1200x675_30092021103244.jpg?fit=1200%2C675&ssl=1&resize=350%2C200","width":350,"height":200,"srcset":"https:\/\/i0.wp.com\/noticiasribeiraopreto.com.br\/wp-content\/uploads\/2024\/01\/emprego_vagas_1200x675_30092021103244.jpg?fit=1200%2C675&ssl=1&resize=350%2C200 1x, https:\/\/i0.wp.com\/noticiasribeiraopreto.com.br\/wp-content\/uploads\/2024\/01\/emprego_vagas_1200x675_30092021103244.jpg?fit=1200%2C675&ssl=1&resize=525%2C300 1.5x, https:\/\/i0.wp.com\/noticiasribeiraopreto.com.br\/wp-content\/uploads\/2024\/01\/emprego_vagas_1200x675_30092021103244.jpg?fit=1200%2C675&ssl=1&resize=700%2C400 2x, https:\/\/i0.wp.com\/noticiasribeiraopreto.com.br\/wp-content\/uploads\/2024\/01\/emprego_vagas_1200x675_30092021103244.jpg?fit=1200%2C675&ssl=1&resize=1050%2C600 3x"},"classes":[]}],"jetpack_sharing_enabled":true,"jetpack_shortlink":"https:\/\/wp.me\/peQAOb-4kP","_links":{"self":[{"href":"https:\/\/noticiasribeiraopreto.com.br\/index.php\/wp-json\/wp\/v2\/posts\/16667","targetHints":{"allow":["GET"]}}],"collection":[{"href":"https:\/\/noticiasribeiraopreto.com.br\/index.php\/wp-json\/wp\/v2\/posts"}],"about":[{"href":"https:\/\/noticiasribeiraopreto.com.br\/index.php\/wp-json\/wp\/v2\/types\/post"}],"author":[{"embeddable":true,"href":"https:\/\/noticiasribeiraopreto.com.br\/index.php\/wp-json\/wp\/v2\/users\/1"}],"replies":[{"embeddable":true,"href":"https:\/\/noticiasribeiraopreto.com.br\/index.php\/wp-json\/wp\/v2\/comments?post=16667"}],"version-history":[{"count":0,"href":"https:\/\/noticiasribeiraopreto.com.br\/index.php\/wp-json\/wp\/v2\/posts\/16667\/revisions"}],"wp:featuredmedia":[{"embeddable":true,"href":"https:\/\/noticiasribeiraopreto.com.br\/index.php\/wp-json\/wp\/v2\/media\/16668"}],"wp:attachment":[{"href":"https:\/\/noticiasribeiraopreto.com.br\/index.php\/wp-json\/wp\/v2\/media?parent=16667"}],"wp:term":[{"taxonomy":"category","embeddable":true,"href":"https:\/\/noticiasribeiraopreto.com.br\/index.php\/wp-json\/wp\/v2\/categories?post=16667"},{"taxonomy":"post_tag","embeddable":true,"href":"https:\/\/noticiasribeiraopreto.com.br\/index.php\/wp-json\/wp\/v2\/tags?post=16667"}],"curies":[{"name":"wp","href":"https:\/\/api.w.org\/{rel}","templated":true}]}}